{"id":577,"date":"2021-06-25T10:58:19","date_gmt":"2021-06-25T08:58:19","guid":{"rendered":"https:\/\/www.infos-droitshumains.net\/?p=577"},"modified":"2023-04-06T12:11:45","modified_gmt":"2023-04-06T10:11:45","slug":"rdc-les-debiteurs-du-fpi-cherchent-sans-succes-la-tete-de-patrice-kitebi","status":"publish","type":"post","link":"https:\/\/infos-droitshumains.net\/?p=577","title":{"rendered":"RDC : Les d\u00e9biteurs du FPI cherchent sans succ\u00e8s la t\u00eate de Patrice Kitebi."},"content":{"rendered":"\n<p><\/p>\n\n\n\n<p>En 2016, lors de son av\u00e8nement \u00e0 la t\u00eate du Fond de Promotion de l&rsquo;industrie, personne ne lui avait accord\u00e9 une moindre chance de r\u00e9ussir sa mission, \u00e0 savoir, celle de redresser cet \u00e9tablissement public qui \u00e9tait au bord de la faillite.<\/p>\n\n\n\n<p>Aujourd&rsquo;hui, le FPI est devenu viable et le pr\u00e9curseur de cette viabilit\u00e9 qui n&rsquo;est autre que Patrice Kitebi Kibol Mvul fait l&rsquo;objet d&rsquo;une chasse \u00e0 l&rsquo;homme injustifi\u00e9e.<\/p>\n\n\n\n<p><em><strong>Kitebi victime de son esprit manag\u00e9rial!<\/strong><\/em><\/p>\n\n\n\n<p>\u00c0 l&rsquo;arriv\u00e9e de Patrice Kitebi, le compte d&rsquo;exploitation du Fonds de Promotion de l\u2019industrie \u00e9tait pr\u00eat \u00e0 virer au rouge. Aujourd\u2019hui, gr\u00e2ce aux strat\u00e9gies mises en place par son Directeur G\u00e9n\u00e9ral, le FPI est une entreprise s&rsquo;est redress\u00e9e. Ses comptes ont vir\u00e9 au vert, suscitant ainsi les convoitises de tous ceux qui n&rsquo;avaient jur\u00e9 que par sa d\u00e9liquescence.<\/p>\n\n\n\n<p>Au sein de l\u2019entreprise, tout le personnel applaudit le r\u00e9veil d\u2019un g\u00e9ant dans le travail de la promotion de l\u2019industrie locale. Par contre sur les r\u00e9seaux sociaux et dans certains m\u00e9dias manipul\u00e9s pour le besoin de la cause, il ne se passe jamais un jour sans que le Directeur G\u00e9n\u00e9ral du FPI ne fasse l\u2019objet de diverses affaires mont\u00e9es de toutes pi\u00e8ces.<\/p>\n\n\n\n<p>Ses d\u00e9tracteurs ne tarissent d\u2019imagination ; Ils l&rsquo;accusent injustement de tous les maux ; tant\u00f4t l\u2019octroi jug\u00e9 abusif de certaines subventions, tant\u00f4t le financement injustifi\u00e9 de certains projets, tant\u00f4t encore d\u2019une mauvaise utilisation des Ressources Humaines. Mais en r\u00e9alit\u00e9, Patrice Kitebi est victime de son sens manag\u00e9riale \u00e9lev\u00e9 et de son int\u00e9grit\u00e9 morale, vertu pour lesquelles le chef de l\u2019\u00c9tat est tomb\u00e9 sous les charmes. D&rsquo;o\u00f9 cette confiance ind\u00e9fectible et ind\u00e9niable.<\/p>\n\n\n\n<p><em><strong>Les reformes qui ont afoll\u00e9es les chiffres du FPI.<\/strong><\/em> <\/p>\n\n\n\n<p>Les nombreuses r\u00e9formes initi\u00e9es par le Directeur G\u00e9n\u00e9ral Patrice Kitebi ont donc d\u00e9jou\u00e9 tous les mauvais pronostics. En un temps record, le FPI a align\u00e9 des performances qui confirment sa bonne forme. C\u2019est notamment \u00a0\u00bb <em>l\u2019augmentation sensible et v\u00e9rifiable des ressources<\/em> \u00a0\u00bb les multipliant par quatre par rapport au niveau qu\u2019elles repr\u00e9sentaient \u00e0 l\u2019entr\u00e9e en fonction de l&rsquo;actuel comit\u00e9 dirigeant. Les recettes du FPI vacillaient autour de  3.500.000.000 CDF<\/p>\n\n\n\n<p>\u00ab A ce jour, en pleine pand\u00e9mie de Covid-19 et contre toute attente, les recettes du FPI  atteignent une moyenne mensuelle de  plus de 18 milliards de CDF\u00bb<\/p>\n\n\n\n<p>La croissance spectaculaire de ces recettes est due \u00e0 la r\u00e9duction des fraudes \u00e0 plusieurs niveaux des maillons de la cha\u00eene de collecte de la Taxe de Promotion de l\u2019Industrie (TPI) d\u2019une part, et de l\u2019\u00e9largissement de l\u2019assiette ainsi que par des efforts consentis dans le recouvrement des pr\u00eats et par la prise de conscience d\u2019un grand nombre d\u2019agents qui ont renonc\u00e9 aux pratiques r\u00e9trogrades d\u2019autre part.<\/p>\n\n\n\n<p>Ces antivaleurs \u00e9taient devenues un modus vivendi dans lequel les nostalgiques et les m\u00e9contents veulent ramener la nouvelle Direction G\u00e9n\u00e9rale, des  pratiques ayant longtemps ternies l\u2019image de marque de cet \u00e9tablissement public. <\/p>\n\n\n\n<p>D&rsquo;apr\u00e8s la tribune publi\u00e9 par Val\u00e9ry Bakutweni intitul\u00e9e : \u00a0\u00bb <em>Apr\u00e8s avoir r\u00e9ussi \u00e0 relever le FPI, le DG Patrice Kitebi est la cible des attaques de toute part<\/em> \u00ab\u00a0,  le FPI est victime de \u00a0\u00bb <em>ses propres r\u00e9formes<\/em> \u00a0\u00bb entam\u00e9es depuis 2016 visant \u00a0\u00bb <em>les questions de bonne gouvernance, de mobilisation des ressources, de la politique de financement, du syst\u00e8me d\u2019information, de la ma\u00eetrise des effectifs et de l\u2019\u00e9thique<\/em> \u00ab\u00a0.<\/p>\n\n\n\n<p>Ces r\u00e9formes ont \u00e9t\u00e9 renforc\u00e9es dans le cadre de la lutte contre la corruption pr\u00f4n\u00e9e par le Pr\u00e9sident de la R\u00e9publique, F\u00e9lix Antoine Tshisekedi a conclu l&rsquo;auteur de la tribune.<\/p>\n\n\n\n<p>Les politiques de mobilisation des recettes et de ma\u00eetrise des charges ont permis \u00e0 l\u2019entreprise de restaurer progressivement l\u2019\u00e9quilibre financier par la r\u00e9duction des  ponctions suppl\u00e9mentaires sur la Taxe au-del\u00e0 de la ponction l\u00e9gale de 20 % allou\u00e9e au fonctionnement de l\u2019entreprise. <\/p>\n\n\n\n<p>A ce jour, le FPI joue pleinement son r\u00f4le de bras s\u00e9culier du gouvernement dans la r\u00e9alisation des politiques \u00e9conomiques et sociales du pays. Gr\u00e2ce \u00e0 sa cr\u00e9dibilit\u00e9, cet \u00e9tablissement est aujourd\u2019hui capable d\u2019aller lever des fonds aupr\u00e8s des banques et institutions financi\u00e8res internationales.<\/p>\n\n\n\n<p>Le FPI poss\u00e8de dor\u00e9navant des r\u00e9serves en banque \u00e0 hauteur de 23 millions de dollars sans compter ses comptes en monnaie locale. <\/p>\n\n\n\n<p>Les comptes ont \u00e9t\u00e9 assainis, la confiance a \u00e9t\u00e9 r\u00e9tablie et le personnel, plus que jamais motiv\u00e9.<\/p>\n\n\n\n<p>Plusieurs de ceux qui combattent Patrice Kitebi sont en r\u00e9alit\u00e9 les d\u00e9biteurs du FPI. Nombreux d\u2019entre eux doivent beaucoup d\u2019argent au tr\u00e9sor public. Habitu\u00e9s au d\u00e9tournement de deniers publics, ces d\u00e9biteurs cherchent \u00e9perdument un moyen pour effacer les traces de leurs dettes.<\/p>\n\n\n\n<p>L\u2019objectif de leur combat est d\u2019avoir rapidement \u00e0 la t\u00eate du FPI une marionnette \u00e0 leur solde pour se cacher d\u00e9finitivement, car la nonchalance de Kitebi est un frein \u00e0 leur dessein.<\/p>\n\n\n\n<p>De son c\u00f4t\u00e9, Patrice Kitebi Kibol Mvul n\u2019est pas pr\u00eat \u00e0 l\u00e2cher prise tant qu\u2019il continue de jouir de la confiance des autorit\u00e9s du pays. Cet infatigable manager a promis de maintenir le cap pour faire du FPI un r\u00e9el acteur du d\u00e9veloppement et de l\u2019industrialisation de la RDC.<\/p>\n\n\n\n<p><strong><em>Jo\u00ebl Diawa<\/em><\/strong><\/p>\n","protected":false},"excerpt":{"rendered":"<p>En 2016, lors de son av\u00e8nement \u00e0 la t\u00eate du Fond de Promotion de l&rsquo;industrie,&#8230;<\/p>\n","protected":false},"author":2,"featured_media":0,"comment_status":"open","ping_status":"open","sticky":false,"template":"","format":"standard","meta":{"_jetpack_memberships_contains_paid_content":false,"footnotes":""},"categories":[1],"tags":[],"class_list":["post-577","post","type-post","status-publish","format-standard","hentry","category-non-classe"],"yoast_head":"<!-- This site is optimized with the Yoast SEO plugin v27.5 - https:\/\/yoast.com\/product\/yoast-seo-wordpress\/ -->\n<title>RDC : Les d\u00e9biteurs du FPI cherchent sans succ\u00e8s la t\u00eate de Patrice Kitebi. - Infos Droits Humains<\/title>\n<meta name=\"robots\" content=\"index, follow, max-snippet:-1, max-image-preview:large, max-video-preview:-1\" \/>\n<link rel=\"canonical\" href=\"https:\/\/infos-droitshumains.net\/?p=577\" \/>\n<meta property=\"og:locale\" content=\"fr_FR\" \/>\n<meta property=\"og:type\" content=\"article\" \/>\n<meta property=\"og:title\" content=\"RDC : Les d\u00e9biteurs du FPI cherchent sans succ\u00e8s la t\u00eate de Patrice Kitebi. - Infos Droits Humains\" \/>\n<meta property=\"og:description\" content=\"En 2016, lors de son av\u00e8nement \u00e0 la t\u00eate du Fond de Promotion de l&rsquo;industrie,...\" \/>\n<meta property=\"og:url\" content=\"https:\/\/infos-droitshumains.net\/?p=577\" \/>\n<meta property=\"og:site_name\" content=\"Infos Droits Humains\" \/>\n<meta property=\"article:published_time\" content=\"2021-06-25T08:58:19+00:00\" \/>\n<meta property=\"article:modified_time\" content=\"2023-04-06T10:11:45+00:00\" \/>\n<meta name=\"author\" content=\"Jo\u00ebl Diawa\" \/>\n<meta name=\"twitter:card\" content=\"summary_large_image\" \/>\n<meta name=\"twitter:label1\" content=\"\u00c9crit par\" \/>\n\t<meta name=\"twitter:data1\" content=\"Jo\u00ebl Diawa\" \/>\n\t<meta name=\"twitter:label2\" content=\"Dur\u00e9e de lecture estim\u00e9e\" \/>\n\t<meta name=\"twitter:data2\" content=\"5 minutes\" \/>\n<script type=\"application\/ld+json\" class=\"yoast-schema-graph\">{\"@context\":\"https:\\\/\\\/schema.org\",\"@graph\":[{\"@type\":\"Article\",\"@id\":\"https:\\\/\\\/infos-droitshumains.net\\\/?p=577#article\",\"isPartOf\":{\"@id\":\"https:\\\/\\\/infos-droitshumains.net\\\/?p=577\"},\"author\":{\"name\":\"Jo\u00ebl Diawa\",\"@id\":\"https:\\\/\\\/infos-droitshumains.net\\\/#\\\/schema\\\/person\\\/3dc5e921c3302172e0ed4362f96faab7\"},\"headline\":\"RDC : Les d\u00e9biteurs du FPI cherchent sans succ\u00e8s la t\u00eate de Patrice Kitebi.\",\"datePublished\":\"2021-06-25T08:58:19+00:00\",\"dateModified\":\"2023-04-06T10:11:45+00:00\",\"mainEntityOfPage\":{\"@id\":\"https:\\\/\\\/infos-droitshumains.net\\\/?p=577\"},\"wordCount\":935,\"commentCount\":0,\"publisher\":{\"@id\":\"https:\\\/\\\/infos-droitshumains.net\\\/#organization\"},\"inLanguage\":\"fr-FR\",\"potentialAction\":[{\"@type\":\"CommentAction\",\"name\":\"Comment\",\"target\":[\"https:\\\/\\\/infos-droitshumains.net\\\/?p=577#respond\"]}]},{\"@type\":\"WebPage\",\"@id\":\"https:\\\/\\\/infos-droitshumains.net\\\/?p=577\",\"url\":\"https:\\\/\\\/infos-droitshumains.net\\\/?p=577\",\"name\":\"RDC : Les d\u00e9biteurs du FPI cherchent sans succ\u00e8s la t\u00eate de Patrice Kitebi. - Infos Droits Humains\",\"isPartOf\":{\"@id\":\"https:\\\/\\\/infos-droitshumains.net\\\/#website\"},\"datePublished\":\"2021-06-25T08:58:19+00:00\",\"dateModified\":\"2023-04-06T10:11:45+00:00\",\"breadcrumb\":{\"@id\":\"https:\\\/\\\/infos-droitshumains.net\\\/?p=577#breadcrumb\"},\"inLanguage\":\"fr-FR\",\"potentialAction\":[{\"@type\":\"ReadAction\",\"target\":[\"https:\\\/\\\/infos-droitshumains.net\\\/?p=577\"]}]},{\"@type\":\"BreadcrumbList\",\"@id\":\"https:\\\/\\\/infos-droitshumains.net\\\/?p=577#breadcrumb\",\"itemListElement\":[{\"@type\":\"ListItem\",\"position\":1,\"name\":\"Accueil\",\"item\":\"https:\\\/\\\/infos-droitshumains.net\\\/\"},{\"@type\":\"ListItem\",\"position\":2,\"name\":\"RDC : Les d\u00e9biteurs du FPI cherchent sans succ\u00e8s la t\u00eate de Patrice Kitebi.\"}]},{\"@type\":\"WebSite\",\"@id\":\"https:\\\/\\\/infos-droitshumains.net\\\/#website\",\"url\":\"https:\\\/\\\/infos-droitshumains.net\\\/\",\"name\":\"Infos Droits Humains\",\"description\":\"S&#039;informer est un droit\",\"publisher\":{\"@id\":\"https:\\\/\\\/infos-droitshumains.net\\\/#organization\"},\"potentialAction\":[{\"@type\":\"SearchAction\",\"target\":{\"@type\":\"EntryPoint\",\"urlTemplate\":\"https:\\\/\\\/infos-droitshumains.net\\\/?s={search_term_string}\"},\"query-input\":{\"@type\":\"PropertyValueSpecification\",\"valueRequired\":true,\"valueName\":\"search_term_string\"}}],\"inLanguage\":\"fr-FR\"},{\"@type\":\"Organization\",\"@id\":\"https:\\\/\\\/infos-droitshumains.net\\\/#organization\",\"name\":\"Infos Droits Humains\",\"url\":\"https:\\\/\\\/infos-droitshumains.net\\\/\",\"logo\":{\"@type\":\"ImageObject\",\"inLanguage\":\"fr-FR\",\"@id\":\"https:\\\/\\\/infos-droitshumains.net\\\/#\\\/schema\\\/logo\\\/image\\\/\",\"url\":\"https:\\\/\\\/i0.wp.com\\\/infos-droitshumains.net\\\/wp-content\\\/uploads\\\/2022\\\/05\\\/Logo.png?fit=333%2C129&ssl=1\",\"contentUrl\":\"https:\\\/\\\/i0.wp.com\\\/infos-droitshumains.net\\\/wp-content\\\/uploads\\\/2022\\\/05\\\/Logo.png?fit=333%2C129&ssl=1\",\"width\":333,\"height\":129,\"caption\":\"Infos Droits Humains\"},\"image\":{\"@id\":\"https:\\\/\\\/infos-droitshumains.net\\\/#\\\/schema\\\/logo\\\/image\\\/\"}},{\"@type\":\"Person\",\"@id\":\"https:\\\/\\\/infos-droitshumains.net\\\/#\\\/schema\\\/person\\\/3dc5e921c3302172e0ed4362f96faab7\",\"name\":\"Jo\u00ebl Diawa\",\"image\":{\"@type\":\"ImageObject\",\"inLanguage\":\"fr-FR\",\"@id\":\"https:\\\/\\\/secure.gravatar.com\\\/avatar\\\/729bea6ff4604c624417803c477363be8e3c7186deaa65713313f9b4b820f41c?s=96&d=mm&r=g\",\"url\":\"https:\\\/\\\/secure.gravatar.com\\\/avatar\\\/729bea6ff4604c624417803c477363be8e3c7186deaa65713313f9b4b820f41c?s=96&d=mm&r=g\",\"contentUrl\":\"https:\\\/\\\/secure.gravatar.com\\\/avatar\\\/729bea6ff4604c624417803c477363be8e3c7186deaa65713313f9b4b820f41c?s=96&d=mm&r=g\",\"caption\":\"Jo\u00ebl Diawa\"},\"sameAs\":[\"https:\\\/\\\/www.infos-droitshumains.net\"],\"url\":\"https:\\\/\\\/infos-droitshumains.net\\\/?author=2\"}]}<\/script>\n<!-- \/ Yoast SEO plugin. -->","yoast_head_json":{"title":"RDC : Les d\u00e9biteurs du FPI cherchent sans succ\u00e8s la t\u00eate de Patrice Kitebi. - Infos Droits Humains","robots":{"index":"index","follow":"follow","max-snippet":"max-snippet:-1","max-image-preview":"max-image-preview:large","max-video-preview":"max-video-preview:-1"},"canonical":"https:\/\/infos-droitshumains.net\/?p=577","og_locale":"fr_FR","og_type":"article","og_title":"RDC : Les d\u00e9biteurs du FPI cherchent sans succ\u00e8s la t\u00eate de Patrice Kitebi. - Infos Droits Humains","og_description":"En 2016, lors de son av\u00e8nement \u00e0 la t\u00eate du Fond de Promotion de l&rsquo;industrie,...","og_url":"https:\/\/infos-droitshumains.net\/?p=577","og_site_name":"Infos Droits Humains","article_published_time":"2021-06-25T08:58:19+00:00","article_modified_time":"2023-04-06T10:11:45+00:00","author":"Jo\u00ebl Diawa","twitter_card":"summary_large_image","twitter_misc":{"\u00c9crit par":"Jo\u00ebl Diawa","Dur\u00e9e de lecture estim\u00e9e":"5 minutes"},"schema":{"@context":"https:\/\/schema.org","@graph":[{"@type":"Article","@id":"https:\/\/infos-droitshumains.net\/?p=577#article","isPartOf":{"@id":"https:\/\/infos-droitshumains.net\/?p=577"},"author":{"name":"Jo\u00ebl Diawa","@id":"https:\/\/infos-droitshumains.net\/#\/schema\/person\/3dc5e921c3302172e0ed4362f96faab7"},"headline":"RDC : Les d\u00e9biteurs du FPI cherchent sans succ\u00e8s la t\u00eate de Patrice Kitebi.","datePublished":"2021-06-25T08:58:19+00:00","dateModified":"2023-04-06T10:11:45+00:00","mainEntityOfPage":{"@id":"https:\/\/infos-droitshumains.net\/?p=577"},"wordCount":935,"commentCount":0,"publisher":{"@id":"https:\/\/infos-droitshumains.net\/#organization"},"inLanguage":"fr-FR","potentialAction":[{"@type":"CommentAction","name":"Comment","target":["https:\/\/infos-droitshumains.net\/?p=577#respond"]}]},{"@type":"WebPage","@id":"https:\/\/infos-droitshumains.net\/?p=577","url":"https:\/\/infos-droitshumains.net\/?p=577","name":"RDC : Les d\u00e9biteurs du FPI cherchent sans succ\u00e8s la t\u00eate de Patrice Kitebi. - Infos Droits Humains","isPartOf":{"@id":"https:\/\/infos-droitshumains.net\/#website"},"datePublished":"2021-06-25T08:58:19+00:00","dateModified":"2023-04-06T10:11:45+00:00","breadcrumb":{"@id":"https:\/\/infos-droitshumains.net\/?p=577#breadcrumb"},"inLanguage":"fr-FR","potentialAction":[{"@type":"ReadAction","target":["https:\/\/infos-droitshumains.net\/?p=577"]}]},{"@type":"BreadcrumbList","@id":"https:\/\/infos-droitshumains.net\/?p=577#breadcrumb","itemListElement":[{"@type":"ListItem","position":1,"name":"Accueil","item":"https:\/\/infos-droitshumains.net\/"},{"@type":"ListItem","position":2,"name":"RDC : Les d\u00e9biteurs du FPI cherchent sans succ\u00e8s la t\u00eate de Patrice Kitebi."}]},{"@type":"WebSite","@id":"https:\/\/infos-droitshumains.net\/#website","url":"https:\/\/infos-droitshumains.net\/","name":"Infos Droits Humains","description":"S&#039;informer est un droit","publisher":{"@id":"https:\/\/infos-droitshumains.net\/#organization"},"potentialAction":[{"@type":"SearchAction","target":{"@type":"EntryPoint","urlTemplate":"https:\/\/infos-droitshumains.net\/?s={search_term_string}"},"query-input":{"@type":"PropertyValueSpecification","valueRequired":true,"valueName":"search_term_string"}}],"inLanguage":"fr-FR"},{"@type":"Organization","@id":"https:\/\/infos-droitshumains.net\/#organization","name":"Infos Droits Humains","url":"https:\/\/infos-droitshumains.net\/","logo":{"@type":"ImageObject","inLanguage":"fr-FR","@id":"https:\/\/infos-droitshumains.net\/#\/schema\/logo\/image\/","url":"https:\/\/i0.wp.com\/infos-droitshumains.net\/wp-content\/uploads\/2022\/05\/Logo.png?fit=333%2C129&ssl=1","contentUrl":"https:\/\/i0.wp.com\/infos-droitshumains.net\/wp-content\/uploads\/2022\/05\/Logo.png?fit=333%2C129&ssl=1","width":333,"height":129,"caption":"Infos Droits Humains"},"image":{"@id":"https:\/\/infos-droitshumains.net\/#\/schema\/logo\/image\/"}},{"@type":"Person","@id":"https:\/\/infos-droitshumains.net\/#\/schema\/person\/3dc5e921c3302172e0ed4362f96faab7","name":"Jo\u00ebl Diawa","image":{"@type":"ImageObject","inLanguage":"fr-FR","@id":"https:\/\/secure.gravatar.com\/avatar\/729bea6ff4604c624417803c477363be8e3c7186deaa65713313f9b4b820f41c?s=96&d=mm&r=g","url":"https:\/\/secure.gravatar.com\/avatar\/729bea6ff4604c624417803c477363be8e3c7186deaa65713313f9b4b820f41c?s=96&d=mm&r=g","contentUrl":"https:\/\/secure.gravatar.com\/avatar\/729bea6ff4604c624417803c477363be8e3c7186deaa65713313f9b4b820f41c?s=96&d=mm&r=g","caption":"Jo\u00ebl Diawa"},"sameAs":["https:\/\/www.infos-droitshumains.net"],"url":"https:\/\/infos-droitshumains.net\/?author=2"}]}},"featured_image_urls":{"full":"","thumbnail":"","medium":"","medium_large":"","large":"","1536x1536":"","2048x2048":"","covernews-slider-full":"","covernews-slider-center":"","covernews-featured":"","covernews-medium":"","covernews-medium-square":""},"author_info":{"display_name":"Jo\u00ebl Diawa","author_link":"https:\/\/infos-droitshumains.net\/?author=2"},"category_info":"<a href=\"https:\/\/infos-droitshumains.net\/?cat=1\" rel=\"category\">Non class\u00e9<\/a>","tag_info":"Non class\u00e9","comment_count":"0","jetpack_featured_media_url":"","jetpack-related-posts":[],"jetpack_sharing_enabled":true,"_links":{"self":[{"href":"https:\/\/infos-droitshumains.net\/index.php?rest_route=\/wp\/v2\/posts\/577","targetHints":{"allow":["GET"]}}],"collection":[{"href":"https:\/\/infos-droitshumains.net\/index.php?rest_route=\/wp\/v2\/posts"}],"about":[{"href":"https:\/\/infos-droitshumains.net\/index.php?rest_route=\/wp\/v2\/types\/post"}],"author":[{"embeddable":true,"href":"https:\/\/infos-droitshumains.net\/index.php?rest_route=\/wp\/v2\/users\/2"}],"replies":[{"embeddable":true,"href":"https:\/\/infos-droitshumains.net\/index.php?rest_route=%2Fwp%2Fv2%2Fcomments&post=577"}],"version-history":[{"count":1,"href":"https:\/\/infos-droitshumains.net\/index.php?rest_route=\/wp\/v2\/posts\/577\/revisions"}],"predecessor-version":[{"id":579,"href":"https:\/\/infos-droitshumains.net\/index.php?rest_route=\/wp\/v2\/posts\/577\/revisions\/579"}],"wp:attachment":[{"href":"https:\/\/infos-droitshumains.net\/index.php?rest_route=%2Fwp%2Fv2%2Fmedia&parent=577"}],"wp:term":[{"taxonomy":"category","embeddable":true,"href":"https:\/\/infos-droitshumains.net\/index.php?rest_route=%2Fwp%2Fv2%2Fcategories&post=577"},{"taxonomy":"post_tag","embeddable":true,"href":"https:\/\/infos-droitshumains.net\/index.php?rest_route=%2Fwp%2Fv2%2Ftags&post=577"}],"curies":[{"name":"wp","href":"https:\/\/api.w.org\/{rel}","templated":true}]}}