{"id":5764,"date":"2022-11-25T18:46:11","date_gmt":"2022-11-25T17:46:11","guid":{"rendered":"https:\/\/infos-droitshumains.net\/?p=5764"},"modified":"2022-11-25T18:52:13","modified_gmt":"2022-11-25T17:52:13","slug":"rdc-le-senat-adopte-le-rapport-de-la-commission-paj-dh-concernant-lexamen-du-projet-de-loi-sur-la-traite-des-personnes","status":"publish","type":"post","link":"https:\/\/infos-droitshumains.net\/?p=5764","title":{"rendered":"RDC : Le S\u00e9nat adopte le rapport de la commission PAJ\/DH concernant l\u2019examen du projet de loi sur la traite des personnes"},"content":{"rendered":"\n<p><strong>R\u00e9daction :+243817406088<\/strong><\/p>\n\n\n\n<p>C\u2019est ce vendredi que la commission Politique Administrative, Juridique et Droits de l\u2019Homme du s\u00e9nat a pr\u00e9sent\u00e9 \u00e0 l\u2019Assembl\u00e9e pl\u00e9ni\u00e8re le rapport de ses travaux d\u2019analyse approfondi du projet de loi modifiant et compl\u00e9tant le d\u00e9cret du 30 janvier 1940 portant code p\u00e9nal congolais en mati\u00e8re de la pr\u00e9vention et de la r\u00e9pression et de la traite des personnes.<\/p>\n\n\n\n<p>Apr\u00e8s l\u2019exposer du rapporteur d la commission, l\u2019Assembl\u00e9e pl\u00e9ni\u00e8re a adopt\u00e9 le rapport moyennant quelques recommandations \u00e0 la grande satisfaction de Jean Bakomito, pr\u00e9sident de la commission PAJ\/DH du s\u00e9nat.<\/p>\n\n\n\n<p><em>\u00ab Nous y avons travaill\u00e9 avec l\u2019accompagnement des experts notamment l\u2019OIM, le minist\u00e8re des Droits Humains, l\u2019APLTP. Les conclusions de nos travaux ont \u00e9t\u00e9 pr\u00e9sent\u00e9es \u00e0 la pl\u00e9ni\u00e8re de ce jour, le rapport a \u00e9t\u00e9 adopt\u00e9. L\u2019Assembl\u00e9e pl\u00e9ni\u00e8re a donn\u00e9 \u00e0 la commission 48h pour examiner les amendements des honorables s\u00e9nateurs. Nous nous r\u00e9jouissons du fait que le travail a \u00e9t\u00e9 bien fait, il y a eu moins des pr\u00e9occupations. Nous attendons maintenant les amendements qui peuvent venir des s\u00e9nateurs sur le projet de loi qui leur a \u00e9t\u00e9 distribu\u00e9, et nous allons revenir en d\u00e9but de semaine prochaine pour adopter formellement le texte \u00bb<\/em>, a-t-il dit.<\/p>\n\n\n\n<p>Pour Jean Bakomito, la modification de ce d\u00e9cret de 1940 s\u2019av\u00e8re plus qu\u2019une n\u00e9cessit\u00e9 : <em>\u00ab \u2026 au jour d\u2019aujourd\u2019hui, la traite des personnes constituent sur le plan international, le deuxi\u00e8me crime apr\u00e8s le trafic de drogue. Il est ici question de r\u00e9primer ces faits, r\u00e9prim\u00e9 de mani\u00e8re \u00e0 d\u00e9courager totalement tous ceux qui se livrent \u00e0 cette pratique. Cela est normal dans la mesure o\u00f9 la RDC a adh\u00e9r\u00e9 dans plusieurs conventions internationales qui demandent \u00e0 chaque Etat partis\u2026 d\u2019ins\u00e9rer dans son arsenal juridique national ce dispositif qui r\u00e9prime toute forme de traite des personnes. Cette modification de loi pourra aider \u00e0 prot\u00e9ger des milliers des concitoyens \u00bb,<\/em> a poursuivi le pr\u00e9sident de la commission PAJ\/DH.<\/p>\n\n\n\n<p>Ce projet de loi sera probablement vot\u00e9 en seconde lecture au s\u00e9nat d\u00e8s la semaine prochaine. Dans l\u2019entre temps, l&rsquo;Organisation International pour les Migrations qui appui la RDC afin de r\u00e9primer cette crime se dit tr\u00e8s optimiste quant \u00e0 la suite.<\/p>\n\n\n\n<p><em>\u00ab L\u2019OIM se f\u00e9licite de cette belle avanc\u00e9e. Nous esp\u00e9rons que d\u2019ici l\u2019ann\u00e9e prochaine, on aura une loi. Nous sommes tr\u00e8s optimistes et il y va de l\u2019int\u00e9r\u00eat sup\u00e9rieur de la nation congolaise. Il y va aussi de la protection des victimes. Pour nous \u00e0 l\u2019OIM, nous continuerons \u00e0 appuyer les efforts de la RDC tant au niveau du s\u00e9nat, qu\u2019au niveau de l\u2019APLTP en vue de parvenir \u00e0 cette l\u00e9gif\u00e9ration et de poursuivre les criminels qui commettent la traite des personnes en RDC \u00bb,<\/em> renseigne Fils-Ely ThThelot.<\/p>\n\n\n\n<p>Fort de son optimisme, ce conseiller technique \u00e0 l\u2019OIM se projette d\u00e9j\u00e0 dans l\u2019avenir.<\/p>\n\n\n\n<p><em>\u00ab Nous continuerons \u00e0 travailler avec le minist\u00e8re des Droits Humains et l\u2019APLTP pour qu\u2019on arrive au bout du processus de l\u00e9gif\u00e9ration ; une fois qu\u2019on aura franchi cette \u00e9tape, il conviendra de faire en sorte que les acteurs de premi\u00e8re ligne soient inform\u00e9s de l\u2019existence de la nouvelle loi qui criminalise la traite des personnes. Nous allons principalement cibler les magistrats qui vont devoir faire respecter cette loi. Nous allons aussi cibler la police. Nous allons les former, les sensibiliser sur cette loi, qu\u2019ils en prennent connaissance, qu\u2019ils s\u2019en approprient et qu\u2019ils la mettent en ex\u00e9cution pour premi\u00e8rement, que justice soit faite aux victimes ; deuxi\u00e8mement, que les r\u00e9seaux des trafiquants d\u2019\u00eatres humains soient poursuivies et qu\u2019il ait des condamnations contre les trafiquants d\u2019\u00eatres humains en RDC \u00bb.<\/em><\/p>\n\n\n\n<p>Si le s\u00e9nat adopte cet projet de loi, restera une derni\u00e8re \u00e9tape qui est sa promulgation par le Chef de l\u2019\u00c9tat avant sa mise en application dans des Cours et Tribunaux.<\/p>\n\n\n\n<p>Jo\u00ebl Diawa<\/p>\n","protected":false},"excerpt":{"rendered":"<p>R\u00e9daction :+243817406088 C\u2019est ce vendredi que la commission Politique Administrative, Juridique et Droits de l\u2019Homme&#8230;<\/p>\n","protected":false},"author":2,"featured_media":5769,"comment_status":"open","ping_status":"open","sticky":false,"template":"","format":"standard","meta":{"_jetpack_memberships_contains_paid_content":false,"footnotes":""},"categories":[7],"tags":[],"class_list":["post-5764","post","type-post","status-publish","format-standard","has-post-thumbnail","hentry","category-droits-humains"],"yoast_head":"<!-- This site is optimized with the Yoast SEO plugin v27.5 - https:\/\/yoast.com\/product\/yoast-seo-wordpress\/ -->\n<title>RDC : Le S\u00e9nat adopte le rapport de la commission PAJ\/DH concernant l\u2019examen du projet de loi sur la traite des personnes - Infos Droits Humains<\/title>\n<meta name=\"robots\" content=\"index, follow, max-snippet:-1, max-image-preview:large, max-video-preview:-1\" \/>\n<link rel=\"canonical\" href=\"https:\/\/infos-droitshumains.net\/?p=5764\" \/>\n<meta property=\"og:locale\" content=\"fr_FR\" \/>\n<meta property=\"og:type\" content=\"article\" \/>\n<meta property=\"og:title\" content=\"RDC : Le S\u00e9nat adopte le rapport de la commission PAJ\/DH concernant l\u2019examen du projet de loi sur la traite des personnes - Infos Droits Humains\" \/>\n<meta property=\"og:description\" content=\"R\u00e9daction :+243817406088 C\u2019est ce vendredi que la commission Politique Administrative, Juridique et Droits de l\u2019Homme...\" \/>\n<meta property=\"og:url\" content=\"https:\/\/infos-droitshumains.net\/?p=5764\" \/>\n<meta property=\"og:site_name\" content=\"Infos Droits Humains\" \/>\n<meta property=\"article:published_time\" content=\"2022-11-25T17:46:11+00:00\" \/>\n<meta property=\"article:modified_time\" content=\"2022-11-25T17:52:13+00:00\" \/>\n<meta property=\"og:image\" content=\"https:\/\/i0.wp.com\/infos-droitshumains.net\/wp-content\/uploads\/2022\/11\/IMG-20221125-WA0033_1.jpg?fit=1024%2C768&ssl=1\" \/>\n\t<meta property=\"og:image:width\" content=\"1024\" \/>\n\t<meta property=\"og:image:height\" content=\"768\" \/>\n\t<meta property=\"og:image:type\" content=\"image\/jpeg\" \/>\n<meta name=\"author\" content=\"Jo\u00ebl Diawa\" \/>\n<meta name=\"twitter:card\" content=\"summary_large_image\" \/>\n<meta name=\"twitter:label1\" content=\"\u00c9crit par\" \/>\n\t<meta name=\"twitter:data1\" content=\"Jo\u00ebl Diawa\" \/>\n\t<meta name=\"twitter:label2\" content=\"Dur\u00e9e de lecture estim\u00e9e\" \/>\n\t<meta name=\"twitter:data2\" content=\"4 minutes\" \/>\n<script type=\"application\/ld+json\" class=\"yoast-schema-graph\">{\"@context\":\"https:\\\/\\\/schema.org\",\"@graph\":[{\"@type\":\"Article\",\"@id\":\"https:\\\/\\\/infos-droitshumains.net\\\/?p=5764#article\",\"isPartOf\":{\"@id\":\"https:\\\/\\\/infos-droitshumains.net\\\/?p=5764\"},\"author\":{\"name\":\"Jo\u00ebl Diawa\",\"@id\":\"https:\\\/\\\/infos-droitshumains.net\\\/#\\\/schema\\\/person\\\/3dc5e921c3302172e0ed4362f96faab7\"},\"headline\":\"RDC : Le S\u00e9nat adopte le rapport de la commission PAJ\\\/DH concernant l\u2019examen du projet de loi sur la traite des personnes\",\"datePublished\":\"2022-11-25T17:46:11+00:00\",\"dateModified\":\"2022-11-25T17:52:13+00:00\",\"mainEntityOfPage\":{\"@id\":\"https:\\\/\\\/infos-droitshumains.net\\\/?p=5764\"},\"wordCount\":726,\"commentCount\":0,\"publisher\":{\"@id\":\"https:\\\/\\\/infos-droitshumains.net\\\/#organization\"},\"image\":{\"@id\":\"https:\\\/\\\/infos-droitshumains.net\\\/?p=5764#primaryimage\"},\"thumbnailUrl\":\"https:\\\/\\\/i0.wp.com\\\/infos-droitshumains.net\\\/wp-content\\\/uploads\\\/2022\\\/11\\\/IMG-20221125-WA0033_1.jpg?fit=1024%2C768&ssl=1\",\"articleSection\":[\"Droits Humains\"],\"inLanguage\":\"fr-FR\",\"potentialAction\":[{\"@type\":\"CommentAction\",\"name\":\"Comment\",\"target\":[\"https:\\\/\\\/infos-droitshumains.net\\\/?p=5764#respond\"]}]},{\"@type\":\"WebPage\",\"@id\":\"https:\\\/\\\/infos-droitshumains.net\\\/?p=5764\",\"url\":\"https:\\\/\\\/infos-droitshumains.net\\\/?p=5764\",\"name\":\"RDC : Le S\u00e9nat adopte le rapport de la commission PAJ\\\/DH concernant l\u2019examen du projet de loi sur la traite des personnes - Infos Droits Humains\",\"isPartOf\":{\"@id\":\"https:\\\/\\\/infos-droitshumains.net\\\/#website\"},\"primaryImageOfPage\":{\"@id\":\"https:\\\/\\\/infos-droitshumains.net\\\/?p=5764#primaryimage\"},\"image\":{\"@id\":\"https:\\\/\\\/infos-droitshumains.net\\\/?p=5764#primaryimage\"},\"thumbnailUrl\":\"https:\\\/\\\/i0.wp.com\\\/infos-droitshumains.net\\\/wp-content\\\/uploads\\\/2022\\\/11\\\/IMG-20221125-WA0033_1.jpg?fit=1024%2C768&ssl=1\",\"datePublished\":\"2022-11-25T17:46:11+00:00\",\"dateModified\":\"2022-11-25T17:52:13+00:00\",\"breadcrumb\":{\"@id\":\"https:\\\/\\\/infos-droitshumains.net\\\/?p=5764#breadcrumb\"},\"inLanguage\":\"fr-FR\",\"potentialAction\":[{\"@type\":\"ReadAction\",\"target\":[\"https:\\\/\\\/infos-droitshumains.net\\\/?p=5764\"]}]},{\"@type\":\"ImageObject\",\"inLanguage\":\"fr-FR\",\"@id\":\"https:\\\/\\\/infos-droitshumains.net\\\/?p=5764#primaryimage\",\"url\":\"https:\\\/\\\/i0.wp.com\\\/infos-droitshumains.net\\\/wp-content\\\/uploads\\\/2022\\\/11\\\/IMG-20221125-WA0033_1.jpg?fit=1024%2C768&ssl=1\",\"contentUrl\":\"https:\\\/\\\/i0.wp.com\\\/infos-droitshumains.net\\\/wp-content\\\/uploads\\\/2022\\\/11\\\/IMG-20221125-WA0033_1.jpg?fit=1024%2C768&ssl=1\",\"width\":1024,\"height\":768},{\"@type\":\"BreadcrumbList\",\"@id\":\"https:\\\/\\\/infos-droitshumains.net\\\/?p=5764#breadcrumb\",\"itemListElement\":[{\"@type\":\"ListItem\",\"position\":1,\"name\":\"Accueil\",\"item\":\"https:\\\/\\\/infos-droitshumains.net\\\/\"},{\"@type\":\"ListItem\",\"position\":2,\"name\":\"RDC : Le S\u00e9nat adopte le rapport de la commission PAJ\\\/DH concernant l\u2019examen du projet de loi sur la traite des personnes\"}]},{\"@type\":\"WebSite\",\"@id\":\"https:\\\/\\\/infos-droitshumains.net\\\/#website\",\"url\":\"https:\\\/\\\/infos-droitshumains.net\\\/\",\"name\":\"Infos Droits Humains\",\"description\":\"S&#039;informer est un droit\",\"publisher\":{\"@id\":\"https:\\\/\\\/infos-droitshumains.net\\\/#organization\"},\"potentialAction\":[{\"@type\":\"SearchAction\",\"target\":{\"@type\":\"EntryPoint\",\"urlTemplate\":\"https:\\\/\\\/infos-droitshumains.net\\\/?s={search_term_string}\"},\"query-input\":{\"@type\":\"PropertyValueSpecification\",\"valueRequired\":true,\"valueName\":\"search_term_string\"}}],\"inLanguage\":\"fr-FR\"},{\"@type\":\"Organization\",\"@id\":\"https:\\\/\\\/infos-droitshumains.net\\\/#organization\",\"name\":\"Infos Droits Humains\",\"url\":\"https:\\\/\\\/infos-droitshumains.net\\\/\",\"logo\":{\"@type\":\"ImageObject\",\"inLanguage\":\"fr-FR\",\"@id\":\"https:\\\/\\\/infos-droitshumains.net\\\/#\\\/schema\\\/logo\\\/image\\\/\",\"url\":\"https:\\\/\\\/i0.wp.com\\\/infos-droitshumains.net\\\/wp-content\\\/uploads\\\/2022\\\/05\\\/Logo.png?fit=333%2C129&ssl=1\",\"contentUrl\":\"https:\\\/\\\/i0.wp.com\\\/infos-droitshumains.net\\\/wp-content\\\/uploads\\\/2022\\\/05\\\/Logo.png?fit=333%2C129&ssl=1\",\"width\":333,\"height\":129,\"caption\":\"Infos Droits Humains\"},\"image\":{\"@id\":\"https:\\\/\\\/infos-droitshumains.net\\\/#\\\/schema\\\/logo\\\/image\\\/\"}},{\"@type\":\"Person\",\"@id\":\"https:\\\/\\\/infos-droitshumains.net\\\/#\\\/schema\\\/person\\\/3dc5e921c3302172e0ed4362f96faab7\",\"name\":\"Jo\u00ebl Diawa\",\"image\":{\"@type\":\"ImageObject\",\"inLanguage\":\"fr-FR\",\"@id\":\"https:\\\/\\\/secure.gravatar.com\\\/avatar\\\/729bea6ff4604c624417803c477363be8e3c7186deaa65713313f9b4b820f41c?s=96&d=mm&r=g\",\"url\":\"https:\\\/\\\/secure.gravatar.com\\\/avatar\\\/729bea6ff4604c624417803c477363be8e3c7186deaa65713313f9b4b820f41c?s=96&d=mm&r=g\",\"contentUrl\":\"https:\\\/\\\/secure.gravatar.com\\\/avatar\\\/729bea6ff4604c624417803c477363be8e3c7186deaa65713313f9b4b820f41c?s=96&d=mm&r=g\",\"caption\":\"Jo\u00ebl Diawa\"},\"sameAs\":[\"https:\\\/\\\/www.infos-droitshumains.net\"],\"url\":\"https:\\\/\\\/infos-droitshumains.net\\\/?author=2\"}]}<\/script>\n<!-- \/ Yoast SEO plugin. -->","yoast_head_json":{"title":"RDC : Le S\u00e9nat adopte le rapport de la commission PAJ\/DH concernant l\u2019examen du projet de loi sur la traite des personnes - Infos Droits Humains","robots":{"index":"index","follow":"follow","max-snippet":"max-snippet:-1","max-image-preview":"max-image-preview:large","max-video-preview":"max-video-preview:-1"},"canonical":"https:\/\/infos-droitshumains.net\/?p=5764","og_locale":"fr_FR","og_type":"article","og_title":"RDC : Le S\u00e9nat adopte le rapport de la commission PAJ\/DH concernant l\u2019examen du projet de loi sur la traite des personnes - Infos Droits Humains","og_description":"R\u00e9daction :+243817406088 C\u2019est ce vendredi que la commission Politique Administrative, Juridique et Droits de l\u2019Homme...","og_url":"https:\/\/infos-droitshumains.net\/?p=5764","og_site_name":"Infos Droits Humains","article_published_time":"2022-11-25T17:46:11+00:00","article_modified_time":"2022-11-25T17:52:13+00:00","og_image":[{"width":1024,"height":768,"url":"https:\/\/i0.wp.com\/infos-droitshumains.net\/wp-content\/uploads\/2022\/11\/IMG-20221125-WA0033_1.jpg?fit=1024%2C768&ssl=1","type":"image\/jpeg"}],"author":"Jo\u00ebl Diawa","twitter_card":"summary_large_image","twitter_misc":{"\u00c9crit par":"Jo\u00ebl Diawa","Dur\u00e9e de lecture estim\u00e9e":"4 minutes"},"schema":{"@context":"https:\/\/schema.org","@graph":[{"@type":"Article","@id":"https:\/\/infos-droitshumains.net\/?p=5764#article","isPartOf":{"@id":"https:\/\/infos-droitshumains.net\/?p=5764"},"author":{"name":"Jo\u00ebl Diawa","@id":"https:\/\/infos-droitshumains.net\/#\/schema\/person\/3dc5e921c3302172e0ed4362f96faab7"},"headline":"RDC : Le S\u00e9nat adopte le rapport de la commission PAJ\/DH concernant l\u2019examen du projet de loi sur la traite des personnes","datePublished":"2022-11-25T17:46:11+00:00","dateModified":"2022-11-25T17:52:13+00:00","mainEntityOfPage":{"@id":"https:\/\/infos-droitshumains.net\/?p=5764"},"wordCount":726,"commentCount":0,"publisher":{"@id":"https:\/\/infos-droitshumains.net\/#organization"},"image":{"@id":"https:\/\/infos-droitshumains.net\/?p=5764#primaryimage"},"thumbnailUrl":"https:\/\/i0.wp.com\/infos-droitshumains.net\/wp-content\/uploads\/2022\/11\/IMG-20221125-WA0033_1.jpg?fit=1024%2C768&ssl=1","articleSection":["Droits Humains"],"inLanguage":"fr-FR","potentialAction":[{"@type":"CommentAction","name":"Comment","target":["https:\/\/infos-droitshumains.net\/?p=5764#respond"]}]},{"@type":"WebPage","@id":"https:\/\/infos-droitshumains.net\/?p=5764","url":"https:\/\/infos-droitshumains.net\/?p=5764","name":"RDC : Le S\u00e9nat adopte le rapport de la commission PAJ\/DH concernant l\u2019examen du projet de loi sur la traite des personnes - Infos Droits Humains","isPartOf":{"@id":"https:\/\/infos-droitshumains.net\/#website"},"primaryImageOfPage":{"@id":"https:\/\/infos-droitshumains.net\/?p=5764#primaryimage"},"image":{"@id":"https:\/\/infos-droitshumains.net\/?p=5764#primaryimage"},"thumbnailUrl":"https:\/\/i0.wp.com\/infos-droitshumains.net\/wp-content\/uploads\/2022\/11\/IMG-20221125-WA0033_1.jpg?fit=1024%2C768&ssl=1","datePublished":"2022-11-25T17:46:11+00:00","dateModified":"2022-11-25T17:52:13+00:00","breadcrumb":{"@id":"https:\/\/infos-droitshumains.net\/?p=5764#breadcrumb"},"inLanguage":"fr-FR","potentialAction":[{"@type":"ReadAction","target":["https:\/\/infos-droitshumains.net\/?p=5764"]}]},{"@type":"ImageObject","inLanguage":"fr-FR","@id":"https:\/\/infos-droitshumains.net\/?p=5764#primaryimage","url":"https:\/\/i0.wp.com\/infos-droitshumains.net\/wp-content\/uploads\/2022\/11\/IMG-20221125-WA0033_1.jpg?fit=1024%2C768&ssl=1","contentUrl":"https:\/\/i0.wp.com\/infos-droitshumains.net\/wp-content\/uploads\/2022\/11\/IMG-20221125-WA0033_1.jpg?fit=1024%2C768&ssl=1","width":1024,"height":768},{"@type":"BreadcrumbList","@id":"https:\/\/infos-droitshumains.net\/?p=5764#breadcrumb","itemListElement":[{"@type":"ListItem","position":1,"name":"Accueil","item":"https:\/\/infos-droitshumains.net\/"},{"@type":"ListItem","position":2,"name":"RDC : Le S\u00e9nat adopte le rapport de la commission PAJ\/DH concernant l\u2019examen du projet de loi sur la traite des personnes"}]},{"@type":"WebSite","@id":"https:\/\/infos-droitshumains.net\/#website","url":"https:\/\/infos-droitshumains.net\/","name":"Infos Droits Humains","description":"S&#039;informer est un droit","publisher":{"@id":"https:\/\/infos-droitshumains.net\/#organization"},"potentialAction":[{"@type":"SearchAction","target":{"@type":"EntryPoint","urlTemplate":"https:\/\/infos-droitshumains.net\/?s={search_term_string}"},"query-input":{"@type":"PropertyValueSpecification","valueRequired":true,"valueName":"search_term_string"}}],"inLanguage":"fr-FR"},{"@type":"Organization","@id":"https:\/\/infos-droitshumains.net\/#organization","name":"Infos Droits Humains","url":"https:\/\/infos-droitshumains.net\/","logo":{"@type":"ImageObject","inLanguage":"fr-FR","@id":"https:\/\/infos-droitshumains.net\/#\/schema\/logo\/image\/","url":"https:\/\/i0.wp.com\/infos-droitshumains.net\/wp-content\/uploads\/2022\/05\/Logo.png?fit=333%2C129&ssl=1","contentUrl":"https:\/\/i0.wp.com\/infos-droitshumains.net\/wp-content\/uploads\/2022\/05\/Logo.png?fit=333%2C129&ssl=1","width":333,"height":129,"caption":"Infos Droits Humains"},"image":{"@id":"https:\/\/infos-droitshumains.net\/#\/schema\/logo\/image\/"}},{"@type":"Person","@id":"https:\/\/infos-droitshumains.net\/#\/schema\/person\/3dc5e921c3302172e0ed4362f96faab7","name":"Jo\u00ebl Diawa","image":{"@type":"ImageObject","inLanguage":"fr-FR","@id":"https:\/\/secure.gravatar.com\/avatar\/729bea6ff4604c624417803c477363be8e3c7186deaa65713313f9b4b820f41c?s=96&d=mm&r=g","url":"https:\/\/secure.gravatar.com\/avatar\/729bea6ff4604c624417803c477363be8e3c7186deaa65713313f9b4b820f41c?s=96&d=mm&r=g","contentUrl":"https:\/\/secure.gravatar.com\/avatar\/729bea6ff4604c624417803c477363be8e3c7186deaa65713313f9b4b820f41c?s=96&d=mm&r=g","caption":"Jo\u00ebl Diawa"},"sameAs":["https:\/\/www.infos-droitshumains.net"],"url":"https:\/\/infos-droitshumains.net\/?author=2"}]}},"featured_image_urls":{"full":["https:\/\/i0.wp.com\/infos-droitshumains.net\/wp-content\/uploads\/2022\/11\/IMG-20221125-WA0033_1.jpg?fit=1024%2C768&ssl=1",1024,768,false],"thumbnail":["https:\/\/i0.wp.com\/infos-droitshumains.net\/wp-content\/uploads\/2022\/11\/IMG-20221125-WA0033_1.jpg?resize=150%2C150&ssl=1",150,150,true],"medium":["https:\/\/i0.wp.com\/infos-droitshumains.net\/wp-content\/uploads\/2022\/11\/IMG-20221125-WA0033_1.jpg?fit=300%2C225&ssl=1",300,225,true],"medium_large":["https:\/\/i0.wp.com\/infos-droitshumains.net\/wp-content\/uploads\/2022\/11\/IMG-20221125-WA0033_1.jpg?fit=640%2C480&ssl=1",640,480,true],"large":["https:\/\/i0.wp.com\/infos-droitshumains.net\/wp-content\/uploads\/2022\/11\/IMG-20221125-WA0033_1.jpg?fit=640%2C480&ssl=1",640,480,true],"1536x1536":["https:\/\/i0.wp.com\/infos-droitshumains.net\/wp-content\/uploads\/2022\/11\/IMG-20221125-WA0033_1.jpg?fit=1024%2C768&ssl=1",1024,768,true],"2048x2048":["https:\/\/i0.wp.com\/infos-droitshumains.net\/wp-content\/uploads\/2022\/11\/IMG-20221125-WA0033_1.jpg?fit=1024%2C768&ssl=1",1024,768,true],"covernews-slider-full":["https:\/\/i0.wp.com\/infos-droitshumains.net\/wp-content\/uploads\/2022\/11\/IMG-20221125-WA0033_1.jpg?resize=1024%2C715&ssl=1",1024,715,true],"covernews-slider-center":["https:\/\/i0.wp.com\/infos-droitshumains.net\/wp-content\/uploads\/2022\/11\/IMG-20221125-WA0033_1.jpg?resize=800%2C500&ssl=1",800,500,true],"covernews-featured":["https:\/\/i0.wp.com\/infos-droitshumains.net\/wp-content\/uploads\/2022\/11\/IMG-20221125-WA0033_1.jpg?fit=1024%2C768&ssl=1",1024,768,true],"covernews-medium":["https:\/\/i0.wp.com\/infos-droitshumains.net\/wp-content\/uploads\/2022\/11\/IMG-20221125-WA0033_1.jpg?resize=540%2C340&ssl=1",540,340,true],"covernews-medium-square":["https:\/\/i0.wp.com\/infos-droitshumains.net\/wp-content\/uploads\/2022\/11\/IMG-20221125-WA0033_1.jpg?resize=400%2C250&ssl=1",400,250,true]},"author_info":{"display_name":"Jo\u00ebl Diawa","author_link":"https:\/\/infos-droitshumains.net\/?author=2"},"category_info":"<a href=\"https:\/\/infos-droitshumains.net\/?cat=7\" rel=\"category\">Droits Humains<\/a>","tag_info":"Droits Humains","comment_count":"0","jetpack_featured_media_url":"https:\/\/i0.wp.com\/infos-droitshumains.net\/wp-content\/uploads\/2022\/11\/IMG-20221125-WA0033_1.jpg?fit=1024%2C768&ssl=1","jetpack-related-posts":[],"jetpack_sharing_enabled":true,"_links":{"self":[{"href":"https:\/\/infos-droitshumains.net\/index.php?rest_route=\/wp\/v2\/posts\/5764","targetHints":{"allow":["GET"]}}],"collection":[{"href":"https:\/\/infos-droitshumains.net\/index.php?rest_route=\/wp\/v2\/posts"}],"about":[{"href":"https:\/\/infos-droitshumains.net\/index.php?rest_route=\/wp\/v2\/types\/post"}],"author":[{"embeddable":true,"href":"https:\/\/infos-droitshumains.net\/index.php?rest_route=\/wp\/v2\/users\/2"}],"replies":[{"embeddable":true,"href":"https:\/\/infos-droitshumains.net\/index.php?rest_route=%2Fwp%2Fv2%2Fcomments&post=5764"}],"version-history":[{"count":4,"href":"https:\/\/infos-droitshumains.net\/index.php?rest_route=\/wp\/v2\/posts\/5764\/revisions"}],"predecessor-version":[{"id":5771,"href":"https:\/\/infos-droitshumains.net\/index.php?rest_route=\/wp\/v2\/posts\/5764\/revisions\/5771"}],"wp:featuredmedia":[{"embeddable":true,"href":"https:\/\/infos-droitshumains.net\/index.php?rest_route=\/wp\/v2\/media\/5769"}],"wp:attachment":[{"href":"https:\/\/infos-droitshumains.net\/index.php?rest_route=%2Fwp%2Fv2%2Fmedia&parent=5764"}],"wp:term":[{"taxonomy":"category","embeddable":true,"href":"https:\/\/infos-droitshumains.net\/index.php?rest_route=%2Fwp%2Fv2%2Fcategories&post=5764"},{"taxonomy":"post_tag","embeddable":true,"href":"https:\/\/infos-droitshumains.net\/index.php?rest_route=%2Fwp%2Fv2%2Ftags&post=5764"}],"curies":[{"name":"wp","href":"https:\/\/api.w.org\/{rel}","templated":true}]}}