{"id":5737,"date":"2022-11-24T12:59:32","date_gmt":"2022-11-24T11:59:32","guid":{"rendered":"https:\/\/infos-droitshumains.net\/?p=5737"},"modified":"2024-05-29T17:28:29","modified_gmt":"2024-05-29T15:28:29","slug":"assemblee-nationale-le-ministre-molendo-sakombi-a-presente-lavant-projet-de-la-nouvelle-loi-fonciere","status":"publish","type":"post","link":"https:\/\/infos-droitshumains.net\/?p=5737","title":{"rendered":"Assembl\u00e9e Nationale\u00a0: Le Ministre Molendo Sakombi a pr\u00e9sent\u00e9 l\u2019avant-projet de la nouvelle loi fonci\u00e8re"},"content":{"rendered":"\n<p><strong>R\u00e9daction:+243817406088<\/strong><\/p>\n\n\n\n<p>Le gouvernement de la R\u00e9publique D\u00e9mocratique du Congo reste d\u00e9termin\u00e9 \u00e0 doter le pays d\u2019une nouvelle loi fonci\u00e8re. C\u2019est dans ce cadre que le Ministre des affaires fonci\u00e8res a pr\u00e9sent\u00e9 ce mercredi 23 septembre \u00e0 l\u2019Assembl\u00e9e Nationale, l\u2019\u00e9conomie de l\u2019avant-projet de loi modifiant la loi n\u00b0 73-021 du 20 juillet 1973 portant r\u00e9gime g\u00e9n\u00e9ral des biens, r\u00e9gime foncier et immobilier et r\u00e9gime des s\u00fbret\u00e9s, telle que modifi\u00e9e et compl\u00e9t\u00e9e par la loi n\u00b0 80-008 du 18 juillet 1980.<\/p>\n\n\n\n<p>Dans son expos\u00e9 \u00e0 l\u2019h\u00e9micycle de la chambre basse du parlement, Aim\u00e9 Molendo Sakombi a expliqu\u00e9 la motivation du gouvernement \u00e0 vouloir doter le pays de ce nouveau texte&nbsp;: <em>\u00ab&nbsp;Il appert que, pr\u00e8s de 50 ans apr\u00e8s sa promulgation, cette loi n\u2019a pas totalement atteint les objectifs lui assign\u00e9s par le l\u00e9gislateur, ni satisfait les attentes des pouvoirs publics et des populations congolaises. Le syst\u00e8me foncier instaur\u00e9 par son application a r\u00e9v\u00e9l\u00e9 : &#8211; Des contre-performances, r\u00e9sultat des dysfonctionnements, et son d\u00e9phasage avec l\u2019\u00e9volution induite par le cadre politico-institutionnel port\u00e9 par la Constitution du 18 f\u00e9vrier 2006 et par d\u2019autres textes l\u00e9gislatifs r\u00e9cents ; &nbsp;&#8211; Une tr\u00e8s faible protection des terres occup\u00e9es par les communaut\u00e9s locales et des droits fonciers et immobiliers y relatifs ; favorisant de ce fait l\u2019accaparement ou la th\u00e9saurisation \u00e0 grande \u00e9chelle des terres par une minorit\u00e9, au d\u00e9triment d\u2019une grande partie des membres des communaut\u00e9s locales qui se trouvent ainsi priv\u00e9s d\u2019un espace vital indispensable \u00e0 leur subsistance. &#8211; Des d\u00e9fis chroniques face \u00e0 la croissance galopante de la d\u00e9mographie en RDC, et \u00e0 la pauvret\u00e9 persistante. Alors qu\u2019une grande partie des compatriotes des milieux ruraux vivent de l\u2019agriculture et de l\u2019\u00e9levage, ils sont maintenus dans la mis\u00e8re en d\u00e9pit d\u2019\u00e9normes potentialit\u00e9s fonci\u00e8res dont dispose la R\u00e9publique D\u00e9mocratique du Congo&nbsp;; la pr\u00e9dominance des pratiques et proc\u00e9dures de fait en marge de la loi en ce qui concerne l\u2019attribution et les cessions des droits de jouissance sur le sol ; la recrudescence des troubles entre communaut\u00e9s rurales voisines&nbsp;; une gouvernance fortement centralis\u00e9e, \u00e9loign\u00e9e des r\u00e9alit\u00e9s locales\u00bb.<\/em><\/p>\n\n\n\n<figure class=\"wp-block-image alignfull size-full\"><img data-recalc-dims=\"1\" fetchpriority=\"high\" decoding=\"async\" width=\"640\" height=\"427\" src=\"https:\/\/i0.wp.com\/infos-droitshumains.net\/wp-content\/uploads\/2022\/11\/IMG-20221124-WA0009_1.jpg?resize=640%2C427&#038;ssl=1\" alt=\"\" class=\"wp-image-5743\" srcset=\"https:\/\/i0.wp.com\/infos-droitshumains.net\/wp-content\/uploads\/2022\/11\/IMG-20221124-WA0009_1.jpg?w=1024&amp;ssl=1 1024w, https:\/\/i0.wp.com\/infos-droitshumains.net\/wp-content\/uploads\/2022\/11\/IMG-20221124-WA0009_1.jpg?resize=300%2C200&amp;ssl=1 300w, https:\/\/i0.wp.com\/infos-droitshumains.net\/wp-content\/uploads\/2022\/11\/IMG-20221124-WA0009_1.jpg?resize=768%2C512&amp;ssl=1 768w\" sizes=\"(max-width: 640px) 100vw, 640px\" \/><\/figure>\n\n\n\n<p>Outre ces limites la loi de 1973 accuse aussi&nbsp;: <em>\u00ab&nbsp;Une tr\u00e8s faible utilisation des technologies nouvelles de lev\u00e9e des donn\u00e9es topographiques&nbsp;\u00bb<\/em>, mais aussi <em>\u00ab&nbsp;des vides juridiques engendr\u00e9s par l\u2019inefficience de plusieurs dispositions&nbsp;\u00bb<\/em>. A en croire le ministre, cette situation a install\u00e9 <em>\u00ab&nbsp;un climat d\u2019ins\u00e9curit\u00e9 juridique en mati\u00e8re de transactions fonci\u00e8res et immobili\u00e8res, aussi bien dans les circonscriptions urbaines que dans les zones rurales, qui est \u00e0 la base de l\u2019engorgement des r\u00f4les des Cours et Tribunaux de la R\u00e9publique par des conflits \u00e0 caract\u00e8re foncier et immobilier&nbsp;\u00bb.<\/em><\/p>\n\n\n\n<p>Au total, 30 principales innovations sont introduites dans ce projet de loi. Elles refl\u00e8tent \u00ab&nbsp;la vision, les objectifs et les axes strat\u00e9giques du Document de Politique fonci\u00e8re nationale&nbsp;\u00bb, a rench\u00e9rit  Sakombi Molendo.<\/p>\n\n\n\n<figure class=\"wp-block-image alignfull size-full\"><img data-recalc-dims=\"1\" decoding=\"async\" width=\"640\" height=\"427\" src=\"https:\/\/i0.wp.com\/infos-droitshumains.net\/wp-content\/uploads\/2022\/11\/IMG-20221124-WA0007_1.jpg?resize=640%2C427&#038;ssl=1\" alt=\"\" class=\"wp-image-5745\" srcset=\"https:\/\/i0.wp.com\/infos-droitshumains.net\/wp-content\/uploads\/2022\/11\/IMG-20221124-WA0007_1.jpg?w=920&amp;ssl=1 920w, https:\/\/i0.wp.com\/infos-droitshumains.net\/wp-content\/uploads\/2022\/11\/IMG-20221124-WA0007_1.jpg?resize=300%2C200&amp;ssl=1 300w, https:\/\/i0.wp.com\/infos-droitshumains.net\/wp-content\/uploads\/2022\/11\/IMG-20221124-WA0007_1.jpg?resize=768%2C513&amp;ssl=1 768w\" sizes=\"(max-width: 640px) 100vw, 640px\" \/><\/figure>\n\n\n\n<p>Parmi ces innovations, il y a &nbsp;<em>\u00ab&nbsp;la r\u00e9\u00e9criture de certains articles pour besoin de pr\u00e9cision et de coh\u00e9rence&nbsp;; la fixation de la proc\u00e9dure d\u2019\u00e9laboration et de mise en \u0153uvre de la Politique fonci\u00e8re nationale&nbsp;; du plan foncier national et des strat\u00e9gies fonci\u00e8res provinciales et locales&nbsp;; la garantie de l\u2019acc\u00e8s \u00e9quitable \u00e0 la terre pour tous, en protection des populations vuln\u00e9rables, \u00e0 savoir les femmes, les jeunes, les personnes avec handicap, les populations d\u00e9plac\u00e9es internes&nbsp;; l\u2019instauration d\u2019un dispositif d\u00e9taill\u00e9 des servitudes fonci\u00e8res ; la fixation et\/ou la r\u00e9duction de la limite de la superficie des terres concessibles en concession perp\u00e9tuelle et en concession ordinaire dans l\u2019objectif d\u2019une justice fonci\u00e8re et de la r\u00e9serve des terres pour les g\u00e9n\u00e9rations pr\u00e9sentes et \u00e0 venir&nbsp;; le recours aux nouvelles technologies de l\u2019information et de la communication etc\u2026&nbsp;\u00bb.<\/em><\/p>\n\n\n\n<p>Les options fondamentales de la loi de 1973 qui traduisent l\u2019expression de la souverainet\u00e9 de la RDC dans le contexte politique actuelle sont par contre conserv\u00e9es a dit le ministre <em>\u00ab&nbsp;dans l\u2019int\u00e9r\u00eat des g\u00e9n\u00e9rations pr\u00e9sentes et \u00e0 venir&nbsp;\u00bb<\/em>.<\/p>\n\n\n\n<figure class=\"wp-block-image alignfull size-full\"><img data-recalc-dims=\"1\" decoding=\"async\" width=\"640\" height=\"427\" src=\"https:\/\/i0.wp.com\/infos-droitshumains.net\/wp-content\/uploads\/2022\/11\/IMG-20221124-WA0008_1.jpg?resize=640%2C427&#038;ssl=1\" alt=\"\" class=\"wp-image-5749\" srcset=\"https:\/\/i0.wp.com\/infos-droitshumains.net\/wp-content\/uploads\/2022\/11\/IMG-20221124-WA0008_1.jpg?w=920&amp;ssl=1 920w, https:\/\/i0.wp.com\/infos-droitshumains.net\/wp-content\/uploads\/2022\/11\/IMG-20221124-WA0008_1.jpg?resize=300%2C200&amp;ssl=1 300w, https:\/\/i0.wp.com\/infos-droitshumains.net\/wp-content\/uploads\/2022\/11\/IMG-20221124-WA0008_1.jpg?resize=768%2C513&amp;ssl=1 768w\" sizes=\"(max-width: 640px) 100vw, 640px\" \/><\/figure>\n\n\n\n<p>Dans leurs interventions, les d\u00e9put\u00e9s nationaux&nbsp; ont salu\u00e9 l\u2019initiative du gouvernement \u00e0 doter le pays d\u2019une nouvelle loi fonci\u00e8re. Quelques questions de pr\u00e9cisions ont \u00e9t\u00e9 pos\u00e9es au ministre qui a promis de revenir le vendredi pour r\u00e9pondre aux pr\u00e9occupations des \u00e9lus nationaux.<\/p>\n\n\n\n<p>C\u2019est depuis 2012 que le Gouvernement de la R\u00e9publique D\u00e9mocratique du Congo a amorc\u00e9 le processus de la r\u00e9forme fonci\u00e8re nationale. Il a fallu attendre 10 ans apr\u00e8s pour le voir en passe d\u2019aboutir. Ce processus est rendu possible gr\u00e2ce \u00e0 la ferme volont\u00e9 du Chef de l\u2019Etat mat\u00e9rialis\u00e9e par le gouvernement Sama Lukonde et par le truchement d\u2019Aim\u00e9 Molendo Sakombi, patron des affaires fonci\u00e8res.<\/p>\n\n\n\n<p>Jo\u00ebl Diawa<\/p>\n","protected":false},"excerpt":{"rendered":"<p>R\u00e9daction:+243817406088 Le gouvernement de la R\u00e9publique D\u00e9mocratique du Congo reste d\u00e9termin\u00e9 \u00e0 doter le pays&#8230;<\/p>\n","protected":false},"author":2,"featured_media":5740,"comment_status":"open","ping_status":"open","sticky":false,"template":"","format":"standard","meta":{"_jetpack_memberships_contains_paid_content":false,"footnotes":""},"categories":[3],"tags":[],"class_list":["post-5737","post","type-post","status-publish","format-standard","has-post-thumbnail","hentry","category-politique"],"yoast_head":"<!-- This site is optimized with the Yoast SEO plugin v27.5 - https:\/\/yoast.com\/product\/yoast-seo-wordpress\/ -->\n<title>Assembl\u00e9e Nationale\u00a0: Le Ministre Molendo Sakombi a pr\u00e9sent\u00e9 l\u2019avant-projet de la nouvelle loi fonci\u00e8re - Infos Droits Humains<\/title>\n<meta name=\"robots\" content=\"index, follow, max-snippet:-1, max-image-preview:large, max-video-preview:-1\" \/>\n<link rel=\"canonical\" href=\"https:\/\/infos-droitshumains.net\/?p=5737\" \/>\n<meta property=\"og:locale\" content=\"fr_FR\" \/>\n<meta property=\"og:type\" content=\"article\" \/>\n<meta property=\"og:title\" content=\"Assembl\u00e9e Nationale\u00a0: Le Ministre Molendo Sakombi a pr\u00e9sent\u00e9 l\u2019avant-projet de la nouvelle loi fonci\u00e8re - Infos Droits Humains\" \/>\n<meta property=\"og:description\" content=\"R\u00e9daction:+243817406088 Le gouvernement de la R\u00e9publique D\u00e9mocratique du Congo reste d\u00e9termin\u00e9 \u00e0 doter le pays...\" \/>\n<meta property=\"og:url\" content=\"https:\/\/infos-droitshumains.net\/?p=5737\" \/>\n<meta property=\"og:site_name\" content=\"Infos Droits Humains\" \/>\n<meta property=\"article:published_time\" content=\"2022-11-24T11:59:32+00:00\" \/>\n<meta property=\"article:modified_time\" content=\"2024-05-29T15:28:29+00:00\" \/>\n<meta property=\"og:image\" content=\"https:\/\/infos-droitshumains.net\/wp-content\/uploads\/2022\/11\/IMG-20221124-WA0006_1.jpg\" \/>\n\t<meta property=\"og:image:width\" content=\"883\" \/>\n\t<meta property=\"og:image:height\" content=\"635\" \/>\n\t<meta property=\"og:image:type\" content=\"image\/jpeg\" \/>\n<meta name=\"author\" content=\"Jo\u00ebl Diawa\" \/>\n<meta name=\"twitter:card\" content=\"summary_large_image\" \/>\n<meta name=\"twitter:label1\" content=\"\u00c9crit par\" \/>\n\t<meta name=\"twitter:data1\" content=\"Jo\u00ebl Diawa\" \/>\n\t<meta name=\"twitter:label2\" content=\"Dur\u00e9e de lecture estim\u00e9e\" \/>\n\t<meta name=\"twitter:data2\" content=\"5 minutes\" \/>\n<script type=\"application\/ld+json\" class=\"yoast-schema-graph\">{\"@context\":\"https:\\\/\\\/schema.org\",\"@graph\":[{\"@type\":\"Article\",\"@id\":\"https:\\\/\\\/infos-droitshumains.net\\\/?p=5737#article\",\"isPartOf\":{\"@id\":\"https:\\\/\\\/infos-droitshumains.net\\\/?p=5737\"},\"author\":{\"name\":\"Jo\u00ebl Diawa\",\"@id\":\"https:\\\/\\\/infos-droitshumains.net\\\/#\\\/schema\\\/person\\\/3dc5e921c3302172e0ed4362f96faab7\"},\"headline\":\"Assembl\u00e9e Nationale\u00a0: Le Ministre Molendo Sakombi a pr\u00e9sent\u00e9 l\u2019avant-projet de la nouvelle loi fonci\u00e8re\",\"datePublished\":\"2022-11-24T11:59:32+00:00\",\"dateModified\":\"2024-05-29T15:28:29+00:00\",\"mainEntityOfPage\":{\"@id\":\"https:\\\/\\\/infos-droitshumains.net\\\/?p=5737\"},\"wordCount\":894,\"commentCount\":0,\"publisher\":{\"@id\":\"https:\\\/\\\/infos-droitshumains.net\\\/#organization\"},\"image\":{\"@id\":\"https:\\\/\\\/infos-droitshumains.net\\\/?p=5737#primaryimage\"},\"thumbnailUrl\":\"https:\\\/\\\/i0.wp.com\\\/infos-droitshumains.net\\\/wp-content\\\/uploads\\\/2022\\\/11\\\/IMG-20221124-WA0006_1.jpg?fit=883%2C635&ssl=1\",\"articleSection\":[\"Politique\"],\"inLanguage\":\"fr-FR\",\"potentialAction\":[{\"@type\":\"CommentAction\",\"name\":\"Comment\",\"target\":[\"https:\\\/\\\/infos-droitshumains.net\\\/?p=5737#respond\"]}]},{\"@type\":\"WebPage\",\"@id\":\"https:\\\/\\\/infos-droitshumains.net\\\/?p=5737\",\"url\":\"https:\\\/\\\/infos-droitshumains.net\\\/?p=5737\",\"name\":\"Assembl\u00e9e Nationale\u00a0: Le Ministre Molendo Sakombi a pr\u00e9sent\u00e9 l\u2019avant-projet de la nouvelle loi fonci\u00e8re - Infos Droits Humains\",\"isPartOf\":{\"@id\":\"https:\\\/\\\/infos-droitshumains.net\\\/#website\"},\"primaryImageOfPage\":{\"@id\":\"https:\\\/\\\/infos-droitshumains.net\\\/?p=5737#primaryimage\"},\"image\":{\"@id\":\"https:\\\/\\\/infos-droitshumains.net\\\/?p=5737#primaryimage\"},\"thumbnailUrl\":\"https:\\\/\\\/i0.wp.com\\\/infos-droitshumains.net\\\/wp-content\\\/uploads\\\/2022\\\/11\\\/IMG-20221124-WA0006_1.jpg?fit=883%2C635&ssl=1\",\"datePublished\":\"2022-11-24T11:59:32+00:00\",\"dateModified\":\"2024-05-29T15:28:29+00:00\",\"breadcrumb\":{\"@id\":\"https:\\\/\\\/infos-droitshumains.net\\\/?p=5737#breadcrumb\"},\"inLanguage\":\"fr-FR\",\"potentialAction\":[{\"@type\":\"ReadAction\",\"target\":[\"https:\\\/\\\/infos-droitshumains.net\\\/?p=5737\"]}]},{\"@type\":\"ImageObject\",\"inLanguage\":\"fr-FR\",\"@id\":\"https:\\\/\\\/infos-droitshumains.net\\\/?p=5737#primaryimage\",\"url\":\"https:\\\/\\\/i0.wp.com\\\/infos-droitshumains.net\\\/wp-content\\\/uploads\\\/2022\\\/11\\\/IMG-20221124-WA0006_1.jpg?fit=883%2C635&ssl=1\",\"contentUrl\":\"https:\\\/\\\/i0.wp.com\\\/infos-droitshumains.net\\\/wp-content\\\/uploads\\\/2022\\\/11\\\/IMG-20221124-WA0006_1.jpg?fit=883%2C635&ssl=1\",\"width\":883,\"height\":635},{\"@type\":\"BreadcrumbList\",\"@id\":\"https:\\\/\\\/infos-droitshumains.net\\\/?p=5737#breadcrumb\",\"itemListElement\":[{\"@type\":\"ListItem\",\"position\":1,\"name\":\"Accueil\",\"item\":\"https:\\\/\\\/infos-droitshumains.net\\\/\"},{\"@type\":\"ListItem\",\"position\":2,\"name\":\"Assembl\u00e9e Nationale\u00a0: Le Ministre Molendo Sakombi a pr\u00e9sent\u00e9 l\u2019avant-projet de la nouvelle loi fonci\u00e8re\"}]},{\"@type\":\"WebSite\",\"@id\":\"https:\\\/\\\/infos-droitshumains.net\\\/#website\",\"url\":\"https:\\\/\\\/infos-droitshumains.net\\\/\",\"name\":\"Infos Droits Humains\",\"description\":\"S&#039;informer est un droit\",\"publisher\":{\"@id\":\"https:\\\/\\\/infos-droitshumains.net\\\/#organization\"},\"potentialAction\":[{\"@type\":\"SearchAction\",\"target\":{\"@type\":\"EntryPoint\",\"urlTemplate\":\"https:\\\/\\\/infos-droitshumains.net\\\/?s={search_term_string}\"},\"query-input\":{\"@type\":\"PropertyValueSpecification\",\"valueRequired\":true,\"valueName\":\"search_term_string\"}}],\"inLanguage\":\"fr-FR\"},{\"@type\":\"Organization\",\"@id\":\"https:\\\/\\\/infos-droitshumains.net\\\/#organization\",\"name\":\"Infos Droits Humains\",\"url\":\"https:\\\/\\\/infos-droitshumains.net\\\/\",\"logo\":{\"@type\":\"ImageObject\",\"inLanguage\":\"fr-FR\",\"@id\":\"https:\\\/\\\/infos-droitshumains.net\\\/#\\\/schema\\\/logo\\\/image\\\/\",\"url\":\"https:\\\/\\\/i0.wp.com\\\/infos-droitshumains.net\\\/wp-content\\\/uploads\\\/2022\\\/05\\\/Logo.png?fit=333%2C129&ssl=1\",\"contentUrl\":\"https:\\\/\\\/i0.wp.com\\\/infos-droitshumains.net\\\/wp-content\\\/uploads\\\/2022\\\/05\\\/Logo.png?fit=333%2C129&ssl=1\",\"width\":333,\"height\":129,\"caption\":\"Infos Droits Humains\"},\"image\":{\"@id\":\"https:\\\/\\\/infos-droitshumains.net\\\/#\\\/schema\\\/logo\\\/image\\\/\"}},{\"@type\":\"Person\",\"@id\":\"https:\\\/\\\/infos-droitshumains.net\\\/#\\\/schema\\\/person\\\/3dc5e921c3302172e0ed4362f96faab7\",\"name\":\"Jo\u00ebl Diawa\",\"image\":{\"@type\":\"ImageObject\",\"inLanguage\":\"fr-FR\",\"@id\":\"https:\\\/\\\/secure.gravatar.com\\\/avatar\\\/729bea6ff4604c624417803c477363be8e3c7186deaa65713313f9b4b820f41c?s=96&d=mm&r=g\",\"url\":\"https:\\\/\\\/secure.gravatar.com\\\/avatar\\\/729bea6ff4604c624417803c477363be8e3c7186deaa65713313f9b4b820f41c?s=96&d=mm&r=g\",\"contentUrl\":\"https:\\\/\\\/secure.gravatar.com\\\/avatar\\\/729bea6ff4604c624417803c477363be8e3c7186deaa65713313f9b4b820f41c?s=96&d=mm&r=g\",\"caption\":\"Jo\u00ebl Diawa\"},\"sameAs\":[\"https:\\\/\\\/www.infos-droitshumains.net\"],\"url\":\"https:\\\/\\\/infos-droitshumains.net\\\/?author=2\"}]}<\/script>\n<!-- \/ Yoast SEO plugin. -->","yoast_head_json":{"title":"Assembl\u00e9e Nationale\u00a0: Le Ministre Molendo Sakombi a pr\u00e9sent\u00e9 l\u2019avant-projet de la nouvelle loi fonci\u00e8re - Infos Droits Humains","robots":{"index":"index","follow":"follow","max-snippet":"max-snippet:-1","max-image-preview":"max-image-preview:large","max-video-preview":"max-video-preview:-1"},"canonical":"https:\/\/infos-droitshumains.net\/?p=5737","og_locale":"fr_FR","og_type":"article","og_title":"Assembl\u00e9e Nationale\u00a0: Le Ministre Molendo Sakombi a pr\u00e9sent\u00e9 l\u2019avant-projet de la nouvelle loi fonci\u00e8re - Infos Droits Humains","og_description":"R\u00e9daction:+243817406088 Le gouvernement de la R\u00e9publique D\u00e9mocratique du Congo reste d\u00e9termin\u00e9 \u00e0 doter le pays...","og_url":"https:\/\/infos-droitshumains.net\/?p=5737","og_site_name":"Infos Droits Humains","article_published_time":"2022-11-24T11:59:32+00:00","article_modified_time":"2024-05-29T15:28:29+00:00","og_image":[{"width":883,"height":635,"url":"https:\/\/infos-droitshumains.net\/wp-content\/uploads\/2022\/11\/IMG-20221124-WA0006_1.jpg","type":"image\/jpeg"}],"author":"Jo\u00ebl Diawa","twitter_card":"summary_large_image","twitter_misc":{"\u00c9crit par":"Jo\u00ebl Diawa","Dur\u00e9e de lecture estim\u00e9e":"5 minutes"},"schema":{"@context":"https:\/\/schema.org","@graph":[{"@type":"Article","@id":"https:\/\/infos-droitshumains.net\/?p=5737#article","isPartOf":{"@id":"https:\/\/infos-droitshumains.net\/?p=5737"},"author":{"name":"Jo\u00ebl Diawa","@id":"https:\/\/infos-droitshumains.net\/#\/schema\/person\/3dc5e921c3302172e0ed4362f96faab7"},"headline":"Assembl\u00e9e Nationale\u00a0: Le Ministre Molendo Sakombi a pr\u00e9sent\u00e9 l\u2019avant-projet de la nouvelle loi fonci\u00e8re","datePublished":"2022-11-24T11:59:32+00:00","dateModified":"2024-05-29T15:28:29+00:00","mainEntityOfPage":{"@id":"https:\/\/infos-droitshumains.net\/?p=5737"},"wordCount":894,"commentCount":0,"publisher":{"@id":"https:\/\/infos-droitshumains.net\/#organization"},"image":{"@id":"https:\/\/infos-droitshumains.net\/?p=5737#primaryimage"},"thumbnailUrl":"https:\/\/i0.wp.com\/infos-droitshumains.net\/wp-content\/uploads\/2022\/11\/IMG-20221124-WA0006_1.jpg?fit=883%2C635&ssl=1","articleSection":["Politique"],"inLanguage":"fr-FR","potentialAction":[{"@type":"CommentAction","name":"Comment","target":["https:\/\/infos-droitshumains.net\/?p=5737#respond"]}]},{"@type":"WebPage","@id":"https:\/\/infos-droitshumains.net\/?p=5737","url":"https:\/\/infos-droitshumains.net\/?p=5737","name":"Assembl\u00e9e Nationale\u00a0: Le Ministre Molendo Sakombi a pr\u00e9sent\u00e9 l\u2019avant-projet de la nouvelle loi fonci\u00e8re - Infos Droits Humains","isPartOf":{"@id":"https:\/\/infos-droitshumains.net\/#website"},"primaryImageOfPage":{"@id":"https:\/\/infos-droitshumains.net\/?p=5737#primaryimage"},"image":{"@id":"https:\/\/infos-droitshumains.net\/?p=5737#primaryimage"},"thumbnailUrl":"https:\/\/i0.wp.com\/infos-droitshumains.net\/wp-content\/uploads\/2022\/11\/IMG-20221124-WA0006_1.jpg?fit=883%2C635&ssl=1","datePublished":"2022-11-24T11:59:32+00:00","dateModified":"2024-05-29T15:28:29+00:00","breadcrumb":{"@id":"https:\/\/infos-droitshumains.net\/?p=5737#breadcrumb"},"inLanguage":"fr-FR","potentialAction":[{"@type":"ReadAction","target":["https:\/\/infos-droitshumains.net\/?p=5737"]}]},{"@type":"ImageObject","inLanguage":"fr-FR","@id":"https:\/\/infos-droitshumains.net\/?p=5737#primaryimage","url":"https:\/\/i0.wp.com\/infos-droitshumains.net\/wp-content\/uploads\/2022\/11\/IMG-20221124-WA0006_1.jpg?fit=883%2C635&ssl=1","contentUrl":"https:\/\/i0.wp.com\/infos-droitshumains.net\/wp-content\/uploads\/2022\/11\/IMG-20221124-WA0006_1.jpg?fit=883%2C635&ssl=1","width":883,"height":635},{"@type":"BreadcrumbList","@id":"https:\/\/infos-droitshumains.net\/?p=5737#breadcrumb","itemListElement":[{"@type":"ListItem","position":1,"name":"Accueil","item":"https:\/\/infos-droitshumains.net\/"},{"@type":"ListItem","position":2,"name":"Assembl\u00e9e Nationale\u00a0: Le Ministre Molendo Sakombi a pr\u00e9sent\u00e9 l\u2019avant-projet de la nouvelle loi fonci\u00e8re"}]},{"@type":"WebSite","@id":"https:\/\/infos-droitshumains.net\/#website","url":"https:\/\/infos-droitshumains.net\/","name":"Infos Droits Humains","description":"S&#039;informer est un droit","publisher":{"@id":"https:\/\/infos-droitshumains.net\/#organization"},"potentialAction":[{"@type":"SearchAction","target":{"@type":"EntryPoint","urlTemplate":"https:\/\/infos-droitshumains.net\/?s={search_term_string}"},"query-input":{"@type":"PropertyValueSpecification","valueRequired":true,"valueName":"search_term_string"}}],"inLanguage":"fr-FR"},{"@type":"Organization","@id":"https:\/\/infos-droitshumains.net\/#organization","name":"Infos Droits Humains","url":"https:\/\/infos-droitshumains.net\/","logo":{"@type":"ImageObject","inLanguage":"fr-FR","@id":"https:\/\/infos-droitshumains.net\/#\/schema\/logo\/image\/","url":"https:\/\/i0.wp.com\/infos-droitshumains.net\/wp-content\/uploads\/2022\/05\/Logo.png?fit=333%2C129&ssl=1","contentUrl":"https:\/\/i0.wp.com\/infos-droitshumains.net\/wp-content\/uploads\/2022\/05\/Logo.png?fit=333%2C129&ssl=1","width":333,"height":129,"caption":"Infos Droits Humains"},"image":{"@id":"https:\/\/infos-droitshumains.net\/#\/schema\/logo\/image\/"}},{"@type":"Person","@id":"https:\/\/infos-droitshumains.net\/#\/schema\/person\/3dc5e921c3302172e0ed4362f96faab7","name":"Jo\u00ebl Diawa","image":{"@type":"ImageObject","inLanguage":"fr-FR","@id":"https:\/\/secure.gravatar.com\/avatar\/729bea6ff4604c624417803c477363be8e3c7186deaa65713313f9b4b820f41c?s=96&d=mm&r=g","url":"https:\/\/secure.gravatar.com\/avatar\/729bea6ff4604c624417803c477363be8e3c7186deaa65713313f9b4b820f41c?s=96&d=mm&r=g","contentUrl":"https:\/\/secure.gravatar.com\/avatar\/729bea6ff4604c624417803c477363be8e3c7186deaa65713313f9b4b820f41c?s=96&d=mm&r=g","caption":"Jo\u00ebl Diawa"},"sameAs":["https:\/\/www.infos-droitshumains.net"],"url":"https:\/\/infos-droitshumains.net\/?author=2"}]}},"featured_image_urls":{"full":["https:\/\/i0.wp.com\/infos-droitshumains.net\/wp-content\/uploads\/2022\/11\/IMG-20221124-WA0006_1.jpg?fit=883%2C635&ssl=1",883,635,false],"thumbnail":["https:\/\/i0.wp.com\/infos-droitshumains.net\/wp-content\/uploads\/2022\/11\/IMG-20221124-WA0006_1.jpg?resize=150%2C150&ssl=1",150,150,true],"medium":["https:\/\/i0.wp.com\/infos-droitshumains.net\/wp-content\/uploads\/2022\/11\/IMG-20221124-WA0006_1.jpg?fit=300%2C216&ssl=1",300,216,true],"medium_large":["https:\/\/i0.wp.com\/infos-droitshumains.net\/wp-content\/uploads\/2022\/11\/IMG-20221124-WA0006_1.jpg?fit=640%2C460&ssl=1",640,460,true],"large":["https:\/\/i0.wp.com\/infos-droitshumains.net\/wp-content\/uploads\/2022\/11\/IMG-20221124-WA0006_1.jpg?fit=640%2C460&ssl=1",640,460,true],"1536x1536":["https:\/\/i0.wp.com\/infos-droitshumains.net\/wp-content\/uploads\/2022\/11\/IMG-20221124-WA0006_1.jpg?fit=883%2C635&ssl=1",883,635,true],"2048x2048":["https:\/\/i0.wp.com\/infos-droitshumains.net\/wp-content\/uploads\/2022\/11\/IMG-20221124-WA0006_1.jpg?fit=883%2C635&ssl=1",883,635,true],"covernews-slider-full":["https:\/\/i0.wp.com\/infos-droitshumains.net\/wp-content\/uploads\/2022\/11\/IMG-20221124-WA0006_1.jpg?resize=883%2C635&ssl=1",883,635,true],"covernews-slider-center":["https:\/\/i0.wp.com\/infos-droitshumains.net\/wp-content\/uploads\/2022\/11\/IMG-20221124-WA0006_1.jpg?resize=800%2C500&ssl=1",800,500,true],"covernews-featured":["https:\/\/i0.wp.com\/infos-droitshumains.net\/wp-content\/uploads\/2022\/11\/IMG-20221124-WA0006_1.jpg?fit=883%2C635&ssl=1",883,635,true],"covernews-medium":["https:\/\/i0.wp.com\/infos-droitshumains.net\/wp-content\/uploads\/2022\/11\/IMG-20221124-WA0006_1.jpg?resize=540%2C340&ssl=1",540,340,true],"covernews-medium-square":["https:\/\/i0.wp.com\/infos-droitshumains.net\/wp-content\/uploads\/2022\/11\/IMG-20221124-WA0006_1.jpg?resize=400%2C250&ssl=1",400,250,true]},"author_info":{"display_name":"Jo\u00ebl Diawa","author_link":"https:\/\/infos-droitshumains.net\/?author=2"},"category_info":"<a href=\"https:\/\/infos-droitshumains.net\/?cat=3\" rel=\"category\">Politique<\/a>","tag_info":"Politique","comment_count":"0","jetpack_featured_media_url":"https:\/\/i0.wp.com\/infos-droitshumains.net\/wp-content\/uploads\/2022\/11\/IMG-20221124-WA0006_1.jpg?fit=883%2C635&ssl=1","jetpack-related-posts":[],"jetpack_sharing_enabled":true,"_links":{"self":[{"href":"https:\/\/infos-droitshumains.net\/index.php?rest_route=\/wp\/v2\/posts\/5737","targetHints":{"allow":["GET"]}}],"collection":[{"href":"https:\/\/infos-droitshumains.net\/index.php?rest_route=\/wp\/v2\/posts"}],"about":[{"href":"https:\/\/infos-droitshumains.net\/index.php?rest_route=\/wp\/v2\/types\/post"}],"author":[{"embeddable":true,"href":"https:\/\/infos-droitshumains.net\/index.php?rest_route=\/wp\/v2\/users\/2"}],"replies":[{"embeddable":true,"href":"https:\/\/infos-droitshumains.net\/index.php?rest_route=%2Fwp%2Fv2%2Fcomments&post=5737"}],"version-history":[{"count":15,"href":"https:\/\/infos-droitshumains.net\/index.php?rest_route=\/wp\/v2\/posts\/5737\/revisions"}],"predecessor-version":[{"id":10040,"href":"https:\/\/infos-droitshumains.net\/index.php?rest_route=\/wp\/v2\/posts\/5737\/revisions\/10040"}],"wp:featuredmedia":[{"embeddable":true,"href":"https:\/\/infos-droitshumains.net\/index.php?rest_route=\/wp\/v2\/media\/5740"}],"wp:attachment":[{"href":"https:\/\/infos-droitshumains.net\/index.php?rest_route=%2Fwp%2Fv2%2Fmedia&parent=5737"}],"wp:term":[{"taxonomy":"category","embeddable":true,"href":"https:\/\/infos-droitshumains.net\/index.php?rest_route=%2Fwp%2Fv2%2Fcategories&post=5737"},{"taxonomy":"post_tag","embeddable":true,"href":"https:\/\/infos-droitshumains.net\/index.php?rest_route=%2Fwp%2Fv2%2Ftags&post=5737"}],"curies":[{"name":"wp","href":"https:\/\/api.w.org\/{rel}","templated":true}]}}