{"id":5718,"date":"2022-11-22T15:10:16","date_gmt":"2022-11-22T14:10:16","guid":{"rendered":"https:\/\/infos-droitshumains.net\/?p=5718"},"modified":"2022-11-22T15:25:28","modified_gmt":"2022-11-22T14:25:28","slug":"mise-en-place-de-la-justice-transitionnelle-en-rdc-lequipe-dassistance-technique-en-retraite-de-trois-jours","status":"publish","type":"post","link":"https:\/\/infos-droitshumains.net\/?p=5718","title":{"rendered":"Mise en place de la justice transitionnelle en RDC: l&rsquo;\u00e9quipe d&rsquo;assistance technique en retraite de trois jours"},"content":{"rendered":"\n<p><strong>R\u00e9daction:+243817406088<\/strong><\/p>\n\n\n\n<p>D\u00e9p\u00each\u00e9e par le Haut-Commissariat des Nations Unies aux Droits de l&rsquo;Homme pour appuyer le processus de justice transitionnelle en R\u00e9publique D\u00e9mocratique du Congo, l&rsquo;\u00e9quipe d&rsquo;assistance technique est en retraite \u00e0 Kinshasa du 22 au 24 novembre 2022 sur initiative du Bureau Conjoint des Nations Unies aux Droits de l&rsquo;Homme.<\/p>\n\n\n\n<figure class=\"wp-block-image size-large\"><img data-recalc-dims=\"1\" fetchpriority=\"high\" decoding=\"async\" width=\"640\" height=\"479\" src=\"https:\/\/i0.wp.com\/infos-droitshumains.net\/wp-content\/uploads\/2022\/11\/IMG-20221122-WA0004_1.jpg?resize=640%2C479&#038;ssl=1\" alt=\"\" class=\"wp-image-5722\" srcset=\"https:\/\/i0.wp.com\/infos-droitshumains.net\/wp-content\/uploads\/2022\/11\/IMG-20221122-WA0004_1.jpg?resize=1024%2C767&amp;ssl=1 1024w, https:\/\/i0.wp.com\/infos-droitshumains.net\/wp-content\/uploads\/2022\/11\/IMG-20221122-WA0004_1.jpg?resize=300%2C225&amp;ssl=1 300w, https:\/\/i0.wp.com\/infos-droitshumains.net\/wp-content\/uploads\/2022\/11\/IMG-20221122-WA0004_1.jpg?resize=768%2C575&amp;ssl=1 768w, https:\/\/i0.wp.com\/infos-droitshumains.net\/wp-content\/uploads\/2022\/11\/IMG-20221122-WA0004_1.jpg?w=1080&amp;ssl=1 1080w\" sizes=\"(max-width: 640px) 100vw, 640px\" \/><\/figure>\n\n\n\n<p>Durant trois jours des travaux, les membres de cette nouvelle \u00e9quipe sont en train d\u2019acqu\u00e9rir des notions sur leur mandat et implications en RDC.<\/p>\n\n\n\n<figure class=\"wp-block-image size-large\"><img data-recalc-dims=\"1\" decoding=\"async\" width=\"640\" height=\"479\" src=\"https:\/\/i0.wp.com\/infos-droitshumains.net\/wp-content\/uploads\/2022\/11\/IMG-20221122-WA0005_1.jpg?resize=640%2C479&#038;ssl=1\" alt=\"\" class=\"wp-image-5729\" srcset=\"https:\/\/i0.wp.com\/infos-droitshumains.net\/wp-content\/uploads\/2022\/11\/IMG-20221122-WA0005_1.jpg?resize=1024%2C767&amp;ssl=1 1024w, https:\/\/i0.wp.com\/infos-droitshumains.net\/wp-content\/uploads\/2022\/11\/IMG-20221122-WA0005_1.jpg?resize=300%2C225&amp;ssl=1 300w, https:\/\/i0.wp.com\/infos-droitshumains.net\/wp-content\/uploads\/2022\/11\/IMG-20221122-WA0005_1.jpg?resize=768%2C575&amp;ssl=1 768w, https:\/\/i0.wp.com\/infos-droitshumains.net\/wp-content\/uploads\/2022\/11\/IMG-20221122-WA0005_1.jpg?w=1080&amp;ssl=1 1080w\" sizes=\"(max-width: 640px) 100vw, 640px\" \/><\/figure>\n\n\n\n<p>Le travail de ces experts consiste entre autres \u00e0 la recherche des preuves sur les fosses communes ou autopsies d\u00e9coulant des exactions commises dans le pass\u00e9 sur toute l&rsquo;\u00e9tendue du pays a rappel\u00e9 le directeur du Bureau Conjoint des Nations Unies aux Droits de l&rsquo;Homme et repr\u00e9sentant du haut-commissaire des Nations Unies aux Droits de l&rsquo;Homme en RDC.<\/p>\n\n\n\n<p><em>\u00ab&nbsp;Ces experts sont constitu\u00e9s&nbsp; des m\u00e9decins-l\u00e9gistes qui sont des sp\u00e9cialistes en pathologie, en anthropologie et en arch\u00e9ologie. Leur travail consistera \u00e0 fouiller, ouvrir les fosses communes et analyser leurs contenus<em>\u00bb<\/em>,<\/em> a dit Abdoul Aziz Thioye avant de poursuivre<em> :&nbsp;\u00ab&nbsp;Nous avons \u00e9galement des sp\u00e9cialistes charg\u00e9s de protection des victimes et t\u00e9moins expos\u00e9s \u00e0 ces violences du pass\u00e9&nbsp;\u00bb<\/em>.<\/p>\n\n\n\n<p>A en croire le repr\u00e9sentant du haut-commissaire des Nations Unies aux Droits de l&rsquo;Homme en RDC, la mission de cette \u00e9quipe va se d\u00e9rouler dans le respect des r\u00e8gles en mati\u00e8re de Droits Humains question de permettre le r\u00e9tablissement de la justice sociale, l&rsquo;apaisement et la paix en RDC.<\/p>\n\n\n\n<p><em>\u00ab&nbsp;C&rsquo;est un travail scientifique. C&rsquo;est l&rsquo;assistance technique qui se fera dans le respect des r\u00e8gles de confidentialit\u00e9 et de souverainet\u00e9. Car, le dernier mot revient aux autorit\u00e9s congolaises qui vont recevoir les requ\u00eates et les r\u00e9sultats de recherche de telle sorte que qu&rsquo;elles puissent administrer des sanctions aux auteurs des violences et r\u00e9parer ou compenser les victimes&nbsp;\u00bb.<\/em><\/p>\n\n\n\n<p>Les r\u00e9sultats attendus \u00e0 l&rsquo;issue cette retraite sont notamment une meilleure et commune compr\u00e9hension de son mandat, une s\u00e9rie d\u2019actions futures \u00e0 entreprendre, un syst\u00e8me d\u2019intervention standard coh\u00e9rent et harmonis\u00e9, le d\u00e9veloppement d\u2019une strat\u00e9gie de synergie d\u2019action est et un plan de travail 2022-2023 (red\u00e9finition et validation des priorit\u00e9s, axes d\u2019intervention et strat\u00e9gies).<\/p>\n\n\n\n\n\n<p>Mandat renouvel\u00e9 par le conseil des Droits de l&rsquo;Homme lors de sa 58\u00e8me session tenue le 30 septembre 2022 \u00e0 Gen\u00e8ve, cette \u00e9quipe d\u2019assistance technique int\u00e9gr\u00e9e au sein du BCNUDH est celle qui a men\u00e9 les investigations sur les violences de Kamwena Nsapu au Kasa\u00ef en 2018.Son nouveau mandat couvre cette fois-ci l\u2019ensemble du pays.<\/p>\n\n\n\n<p>AM<\/p>\n","protected":false},"excerpt":{"rendered":"<p>R\u00e9daction:+243817406088 D\u00e9p\u00each\u00e9e par le Haut-Commissariat des Nations Unies aux Droits de l&rsquo;Homme pour appuyer le&#8230;<\/p>\n","protected":false},"author":2,"featured_media":5726,"comment_status":"open","ping_status":"open","sticky":false,"template":"","format":"standard","meta":{"_jetpack_memberships_contains_paid_content":false,"footnotes":""},"categories":[7],"tags":[],"class_list":["post-5718","post","type-post","status-publish","format-standard","has-post-thumbnail","hentry","category-droits-humains"],"yoast_head":"<!-- This site is optimized with the Yoast SEO plugin v27.5 - https:\/\/yoast.com\/product\/yoast-seo-wordpress\/ -->\n<title>Mise en place de la justice transitionnelle en RDC: l&#039;\u00e9quipe d&#039;assistance technique en retraite de trois jours - Infos Droits Humains<\/title>\n<meta name=\"robots\" content=\"index, follow, max-snippet:-1, max-image-preview:large, max-video-preview:-1\" \/>\n<link rel=\"canonical\" href=\"https:\/\/infos-droitshumains.net\/?p=5718\" \/>\n<meta property=\"og:locale\" content=\"fr_FR\" \/>\n<meta property=\"og:type\" content=\"article\" \/>\n<meta property=\"og:title\" content=\"Mise en place de la justice transitionnelle en RDC: l&#039;\u00e9quipe d&#039;assistance technique en retraite de trois jours - Infos Droits Humains\" \/>\n<meta property=\"og:description\" content=\"R\u00e9daction:+243817406088 D\u00e9p\u00each\u00e9e par le Haut-Commissariat des Nations Unies aux Droits de l&rsquo;Homme pour appuyer le...\" \/>\n<meta property=\"og:url\" content=\"https:\/\/infos-droitshumains.net\/?p=5718\" \/>\n<meta property=\"og:site_name\" content=\"Infos Droits Humains\" \/>\n<meta property=\"article:published_time\" content=\"2022-11-22T14:10:16+00:00\" \/>\n<meta property=\"article:modified_time\" content=\"2022-11-22T14:25:28+00:00\" \/>\n<meta property=\"og:image\" content=\"https:\/\/i0.wp.com\/infos-droitshumains.net\/wp-content\/uploads\/2022\/11\/IMG-20221122-WA0003_1.jpg?fit=1080%2C735&ssl=1\" \/>\n\t<meta property=\"og:image:width\" content=\"1080\" \/>\n\t<meta property=\"og:image:height\" content=\"735\" \/>\n\t<meta property=\"og:image:type\" content=\"image\/jpeg\" \/>\n<meta name=\"author\" content=\"Jo\u00ebl Diawa\" \/>\n<meta name=\"twitter:card\" content=\"summary_large_image\" \/>\n<meta name=\"twitter:label1\" content=\"\u00c9crit par\" \/>\n\t<meta name=\"twitter:data1\" content=\"Jo\u00ebl Diawa\" \/>\n\t<meta name=\"twitter:label2\" content=\"Dur\u00e9e de lecture estim\u00e9e\" \/>\n\t<meta name=\"twitter:data2\" content=\"2 minutes\" \/>\n<script type=\"application\/ld+json\" class=\"yoast-schema-graph\">{\"@context\":\"https:\\\/\\\/schema.org\",\"@graph\":[{\"@type\":\"Article\",\"@id\":\"https:\\\/\\\/infos-droitshumains.net\\\/?p=5718#article\",\"isPartOf\":{\"@id\":\"https:\\\/\\\/infos-droitshumains.net\\\/?p=5718\"},\"author\":{\"name\":\"Jo\u00ebl Diawa\",\"@id\":\"https:\\\/\\\/infos-droitshumains.net\\\/#\\\/schema\\\/person\\\/3dc5e921c3302172e0ed4362f96faab7\"},\"headline\":\"Mise en place de la justice transitionnelle en RDC: l&rsquo;\u00e9quipe d&rsquo;assistance technique en retraite de trois jours\",\"datePublished\":\"2022-11-22T14:10:16+00:00\",\"dateModified\":\"2022-11-22T14:25:28+00:00\",\"mainEntityOfPage\":{\"@id\":\"https:\\\/\\\/infos-droitshumains.net\\\/?p=5718\"},\"wordCount\":467,\"commentCount\":0,\"publisher\":{\"@id\":\"https:\\\/\\\/infos-droitshumains.net\\\/#organization\"},\"image\":{\"@id\":\"https:\\\/\\\/infos-droitshumains.net\\\/?p=5718#primaryimage\"},\"thumbnailUrl\":\"https:\\\/\\\/i0.wp.com\\\/infos-droitshumains.net\\\/wp-content\\\/uploads\\\/2022\\\/11\\\/IMG-20221122-WA0003_1.jpg?fit=1080%2C735&ssl=1\",\"articleSection\":[\"Droits Humains\"],\"inLanguage\":\"fr-FR\",\"potentialAction\":[{\"@type\":\"CommentAction\",\"name\":\"Comment\",\"target\":[\"https:\\\/\\\/infos-droitshumains.net\\\/?p=5718#respond\"]}]},{\"@type\":\"WebPage\",\"@id\":\"https:\\\/\\\/infos-droitshumains.net\\\/?p=5718\",\"url\":\"https:\\\/\\\/infos-droitshumains.net\\\/?p=5718\",\"name\":\"Mise en place de la justice transitionnelle en RDC: l'\u00e9quipe d'assistance technique en retraite de trois jours - Infos Droits Humains\",\"isPartOf\":{\"@id\":\"https:\\\/\\\/infos-droitshumains.net\\\/#website\"},\"primaryImageOfPage\":{\"@id\":\"https:\\\/\\\/infos-droitshumains.net\\\/?p=5718#primaryimage\"},\"image\":{\"@id\":\"https:\\\/\\\/infos-droitshumains.net\\\/?p=5718#primaryimage\"},\"thumbnailUrl\":\"https:\\\/\\\/i0.wp.com\\\/infos-droitshumains.net\\\/wp-content\\\/uploads\\\/2022\\\/11\\\/IMG-20221122-WA0003_1.jpg?fit=1080%2C735&ssl=1\",\"datePublished\":\"2022-11-22T14:10:16+00:00\",\"dateModified\":\"2022-11-22T14:25:28+00:00\",\"breadcrumb\":{\"@id\":\"https:\\\/\\\/infos-droitshumains.net\\\/?p=5718#breadcrumb\"},\"inLanguage\":\"fr-FR\",\"potentialAction\":[{\"@type\":\"ReadAction\",\"target\":[\"https:\\\/\\\/infos-droitshumains.net\\\/?p=5718\"]}]},{\"@type\":\"ImageObject\",\"inLanguage\":\"fr-FR\",\"@id\":\"https:\\\/\\\/infos-droitshumains.net\\\/?p=5718#primaryimage\",\"url\":\"https:\\\/\\\/i0.wp.com\\\/infos-droitshumains.net\\\/wp-content\\\/uploads\\\/2022\\\/11\\\/IMG-20221122-WA0003_1.jpg?fit=1080%2C735&ssl=1\",\"contentUrl\":\"https:\\\/\\\/i0.wp.com\\\/infos-droitshumains.net\\\/wp-content\\\/uploads\\\/2022\\\/11\\\/IMG-20221122-WA0003_1.jpg?fit=1080%2C735&ssl=1\",\"width\":1080,\"height\":735},{\"@type\":\"BreadcrumbList\",\"@id\":\"https:\\\/\\\/infos-droitshumains.net\\\/?p=5718#breadcrumb\",\"itemListElement\":[{\"@type\":\"ListItem\",\"position\":1,\"name\":\"Accueil\",\"item\":\"https:\\\/\\\/infos-droitshumains.net\\\/\"},{\"@type\":\"ListItem\",\"position\":2,\"name\":\"Mise en place de la justice transitionnelle en RDC: l&rsquo;\u00e9quipe d&rsquo;assistance technique en retraite de trois jours\"}]},{\"@type\":\"WebSite\",\"@id\":\"https:\\\/\\\/infos-droitshumains.net\\\/#website\",\"url\":\"https:\\\/\\\/infos-droitshumains.net\\\/\",\"name\":\"Infos Droits Humains\",\"description\":\"S&#039;informer est un droit\",\"publisher\":{\"@id\":\"https:\\\/\\\/infos-droitshumains.net\\\/#organization\"},\"potentialAction\":[{\"@type\":\"SearchAction\",\"target\":{\"@type\":\"EntryPoint\",\"urlTemplate\":\"https:\\\/\\\/infos-droitshumains.net\\\/?s={search_term_string}\"},\"query-input\":{\"@type\":\"PropertyValueSpecification\",\"valueRequired\":true,\"valueName\":\"search_term_string\"}}],\"inLanguage\":\"fr-FR\"},{\"@type\":\"Organization\",\"@id\":\"https:\\\/\\\/infos-droitshumains.net\\\/#organization\",\"name\":\"Infos Droits Humains\",\"url\":\"https:\\\/\\\/infos-droitshumains.net\\\/\",\"logo\":{\"@type\":\"ImageObject\",\"inLanguage\":\"fr-FR\",\"@id\":\"https:\\\/\\\/infos-droitshumains.net\\\/#\\\/schema\\\/logo\\\/image\\\/\",\"url\":\"https:\\\/\\\/i0.wp.com\\\/infos-droitshumains.net\\\/wp-content\\\/uploads\\\/2022\\\/05\\\/Logo.png?fit=333%2C129&ssl=1\",\"contentUrl\":\"https:\\\/\\\/i0.wp.com\\\/infos-droitshumains.net\\\/wp-content\\\/uploads\\\/2022\\\/05\\\/Logo.png?fit=333%2C129&ssl=1\",\"width\":333,\"height\":129,\"caption\":\"Infos Droits Humains\"},\"image\":{\"@id\":\"https:\\\/\\\/infos-droitshumains.net\\\/#\\\/schema\\\/logo\\\/image\\\/\"}},{\"@type\":\"Person\",\"@id\":\"https:\\\/\\\/infos-droitshumains.net\\\/#\\\/schema\\\/person\\\/3dc5e921c3302172e0ed4362f96faab7\",\"name\":\"Jo\u00ebl Diawa\",\"image\":{\"@type\":\"ImageObject\",\"inLanguage\":\"fr-FR\",\"@id\":\"https:\\\/\\\/secure.gravatar.com\\\/avatar\\\/729bea6ff4604c624417803c477363be8e3c7186deaa65713313f9b4b820f41c?s=96&d=mm&r=g\",\"url\":\"https:\\\/\\\/secure.gravatar.com\\\/avatar\\\/729bea6ff4604c624417803c477363be8e3c7186deaa65713313f9b4b820f41c?s=96&d=mm&r=g\",\"contentUrl\":\"https:\\\/\\\/secure.gravatar.com\\\/avatar\\\/729bea6ff4604c624417803c477363be8e3c7186deaa65713313f9b4b820f41c?s=96&d=mm&r=g\",\"caption\":\"Jo\u00ebl Diawa\"},\"sameAs\":[\"https:\\\/\\\/www.infos-droitshumains.net\"],\"url\":\"https:\\\/\\\/infos-droitshumains.net\\\/?author=2\"}]}<\/script>\n<!-- \/ Yoast SEO plugin. -->","yoast_head_json":{"title":"Mise en place de la justice transitionnelle en RDC: l'\u00e9quipe d'assistance technique en retraite de trois jours - Infos Droits Humains","robots":{"index":"index","follow":"follow","max-snippet":"max-snippet:-1","max-image-preview":"max-image-preview:large","max-video-preview":"max-video-preview:-1"},"canonical":"https:\/\/infos-droitshumains.net\/?p=5718","og_locale":"fr_FR","og_type":"article","og_title":"Mise en place de la justice transitionnelle en RDC: l'\u00e9quipe d'assistance technique en retraite de trois jours - Infos Droits Humains","og_description":"R\u00e9daction:+243817406088 D\u00e9p\u00each\u00e9e par le Haut-Commissariat des Nations Unies aux Droits de l&rsquo;Homme pour appuyer le...","og_url":"https:\/\/infos-droitshumains.net\/?p=5718","og_site_name":"Infos Droits Humains","article_published_time":"2022-11-22T14:10:16+00:00","article_modified_time":"2022-11-22T14:25:28+00:00","og_image":[{"width":1080,"height":735,"url":"https:\/\/i0.wp.com\/infos-droitshumains.net\/wp-content\/uploads\/2022\/11\/IMG-20221122-WA0003_1.jpg?fit=1080%2C735&ssl=1","type":"image\/jpeg"}],"author":"Jo\u00ebl Diawa","twitter_card":"summary_large_image","twitter_misc":{"\u00c9crit par":"Jo\u00ebl Diawa","Dur\u00e9e de lecture estim\u00e9e":"2 minutes"},"schema":{"@context":"https:\/\/schema.org","@graph":[{"@type":"Article","@id":"https:\/\/infos-droitshumains.net\/?p=5718#article","isPartOf":{"@id":"https:\/\/infos-droitshumains.net\/?p=5718"},"author":{"name":"Jo\u00ebl Diawa","@id":"https:\/\/infos-droitshumains.net\/#\/schema\/person\/3dc5e921c3302172e0ed4362f96faab7"},"headline":"Mise en place de la justice transitionnelle en RDC: l&rsquo;\u00e9quipe d&rsquo;assistance technique en retraite de trois jours","datePublished":"2022-11-22T14:10:16+00:00","dateModified":"2022-11-22T14:25:28+00:00","mainEntityOfPage":{"@id":"https:\/\/infos-droitshumains.net\/?p=5718"},"wordCount":467,"commentCount":0,"publisher":{"@id":"https:\/\/infos-droitshumains.net\/#organization"},"image":{"@id":"https:\/\/infos-droitshumains.net\/?p=5718#primaryimage"},"thumbnailUrl":"https:\/\/i0.wp.com\/infos-droitshumains.net\/wp-content\/uploads\/2022\/11\/IMG-20221122-WA0003_1.jpg?fit=1080%2C735&ssl=1","articleSection":["Droits Humains"],"inLanguage":"fr-FR","potentialAction":[{"@type":"CommentAction","name":"Comment","target":["https:\/\/infos-droitshumains.net\/?p=5718#respond"]}]},{"@type":"WebPage","@id":"https:\/\/infos-droitshumains.net\/?p=5718","url":"https:\/\/infos-droitshumains.net\/?p=5718","name":"Mise en place de la justice transitionnelle en RDC: l'\u00e9quipe d'assistance technique en retraite de trois jours - Infos Droits Humains","isPartOf":{"@id":"https:\/\/infos-droitshumains.net\/#website"},"primaryImageOfPage":{"@id":"https:\/\/infos-droitshumains.net\/?p=5718#primaryimage"},"image":{"@id":"https:\/\/infos-droitshumains.net\/?p=5718#primaryimage"},"thumbnailUrl":"https:\/\/i0.wp.com\/infos-droitshumains.net\/wp-content\/uploads\/2022\/11\/IMG-20221122-WA0003_1.jpg?fit=1080%2C735&ssl=1","datePublished":"2022-11-22T14:10:16+00:00","dateModified":"2022-11-22T14:25:28+00:00","breadcrumb":{"@id":"https:\/\/infos-droitshumains.net\/?p=5718#breadcrumb"},"inLanguage":"fr-FR","potentialAction":[{"@type":"ReadAction","target":["https:\/\/infos-droitshumains.net\/?p=5718"]}]},{"@type":"ImageObject","inLanguage":"fr-FR","@id":"https:\/\/infos-droitshumains.net\/?p=5718#primaryimage","url":"https:\/\/i0.wp.com\/infos-droitshumains.net\/wp-content\/uploads\/2022\/11\/IMG-20221122-WA0003_1.jpg?fit=1080%2C735&ssl=1","contentUrl":"https:\/\/i0.wp.com\/infos-droitshumains.net\/wp-content\/uploads\/2022\/11\/IMG-20221122-WA0003_1.jpg?fit=1080%2C735&ssl=1","width":1080,"height":735},{"@type":"BreadcrumbList","@id":"https:\/\/infos-droitshumains.net\/?p=5718#breadcrumb","itemListElement":[{"@type":"ListItem","position":1,"name":"Accueil","item":"https:\/\/infos-droitshumains.net\/"},{"@type":"ListItem","position":2,"name":"Mise en place de la justice transitionnelle en RDC: l&rsquo;\u00e9quipe d&rsquo;assistance technique en retraite de trois jours"}]},{"@type":"WebSite","@id":"https:\/\/infos-droitshumains.net\/#website","url":"https:\/\/infos-droitshumains.net\/","name":"Infos Droits Humains","description":"S&#039;informer est un droit","publisher":{"@id":"https:\/\/infos-droitshumains.net\/#organization"},"potentialAction":[{"@type":"SearchAction","target":{"@type":"EntryPoint","urlTemplate":"https:\/\/infos-droitshumains.net\/?s={search_term_string}"},"query-input":{"@type":"PropertyValueSpecification","valueRequired":true,"valueName":"search_term_string"}}],"inLanguage":"fr-FR"},{"@type":"Organization","@id":"https:\/\/infos-droitshumains.net\/#organization","name":"Infos Droits Humains","url":"https:\/\/infos-droitshumains.net\/","logo":{"@type":"ImageObject","inLanguage":"fr-FR","@id":"https:\/\/infos-droitshumains.net\/#\/schema\/logo\/image\/","url":"https:\/\/i0.wp.com\/infos-droitshumains.net\/wp-content\/uploads\/2022\/05\/Logo.png?fit=333%2C129&ssl=1","contentUrl":"https:\/\/i0.wp.com\/infos-droitshumains.net\/wp-content\/uploads\/2022\/05\/Logo.png?fit=333%2C129&ssl=1","width":333,"height":129,"caption":"Infos Droits Humains"},"image":{"@id":"https:\/\/infos-droitshumains.net\/#\/schema\/logo\/image\/"}},{"@type":"Person","@id":"https:\/\/infos-droitshumains.net\/#\/schema\/person\/3dc5e921c3302172e0ed4362f96faab7","name":"Jo\u00ebl Diawa","image":{"@type":"ImageObject","inLanguage":"fr-FR","@id":"https:\/\/secure.gravatar.com\/avatar\/729bea6ff4604c624417803c477363be8e3c7186deaa65713313f9b4b820f41c?s=96&d=mm&r=g","url":"https:\/\/secure.gravatar.com\/avatar\/729bea6ff4604c624417803c477363be8e3c7186deaa65713313f9b4b820f41c?s=96&d=mm&r=g","contentUrl":"https:\/\/secure.gravatar.com\/avatar\/729bea6ff4604c624417803c477363be8e3c7186deaa65713313f9b4b820f41c?s=96&d=mm&r=g","caption":"Jo\u00ebl Diawa"},"sameAs":["https:\/\/www.infos-droitshumains.net"],"url":"https:\/\/infos-droitshumains.net\/?author=2"}]}},"featured_image_urls":{"full":["https:\/\/i0.wp.com\/infos-droitshumains.net\/wp-content\/uploads\/2022\/11\/IMG-20221122-WA0003_1.jpg?fit=1080%2C735&ssl=1",1080,735,false],"thumbnail":["https:\/\/i0.wp.com\/infos-droitshumains.net\/wp-content\/uploads\/2022\/11\/IMG-20221122-WA0003_1.jpg?resize=150%2C150&ssl=1",150,150,true],"medium":["https:\/\/i0.wp.com\/infos-droitshumains.net\/wp-content\/uploads\/2022\/11\/IMG-20221122-WA0003_1.jpg?fit=300%2C204&ssl=1",300,204,true],"medium_large":["https:\/\/i0.wp.com\/infos-droitshumains.net\/wp-content\/uploads\/2022\/11\/IMG-20221122-WA0003_1.jpg?fit=640%2C436&ssl=1",640,436,true],"large":["https:\/\/i0.wp.com\/infos-droitshumains.net\/wp-content\/uploads\/2022\/11\/IMG-20221122-WA0003_1.jpg?fit=640%2C436&ssl=1",640,436,true],"1536x1536":["https:\/\/i0.wp.com\/infos-droitshumains.net\/wp-content\/uploads\/2022\/11\/IMG-20221122-WA0003_1.jpg?fit=1080%2C735&ssl=1",1080,735,true],"2048x2048":["https:\/\/i0.wp.com\/infos-droitshumains.net\/wp-content\/uploads\/2022\/11\/IMG-20221122-WA0003_1.jpg?fit=1080%2C735&ssl=1",1080,735,true],"covernews-slider-full":["https:\/\/i0.wp.com\/infos-droitshumains.net\/wp-content\/uploads\/2022\/11\/IMG-20221122-WA0003_1.jpg?resize=1080%2C715&ssl=1",1080,715,true],"covernews-slider-center":["https:\/\/i0.wp.com\/infos-droitshumains.net\/wp-content\/uploads\/2022\/11\/IMG-20221122-WA0003_1.jpg?resize=800%2C500&ssl=1",800,500,true],"covernews-featured":["https:\/\/i0.wp.com\/infos-droitshumains.net\/wp-content\/uploads\/2022\/11\/IMG-20221122-WA0003_1.jpg?fit=1024%2C697&ssl=1",1024,697,true],"covernews-medium":["https:\/\/i0.wp.com\/infos-droitshumains.net\/wp-content\/uploads\/2022\/11\/IMG-20221122-WA0003_1.jpg?resize=540%2C340&ssl=1",540,340,true],"covernews-medium-square":["https:\/\/i0.wp.com\/infos-droitshumains.net\/wp-content\/uploads\/2022\/11\/IMG-20221122-WA0003_1.jpg?resize=400%2C250&ssl=1",400,250,true]},"author_info":{"display_name":"Jo\u00ebl Diawa","author_link":"https:\/\/infos-droitshumains.net\/?author=2"},"category_info":"<a href=\"https:\/\/infos-droitshumains.net\/?cat=7\" rel=\"category\">Droits Humains<\/a>","tag_info":"Droits Humains","comment_count":"0","jetpack_featured_media_url":"https:\/\/i0.wp.com\/infos-droitshumains.net\/wp-content\/uploads\/2022\/11\/IMG-20221122-WA0003_1.jpg?fit=1080%2C735&ssl=1","jetpack-related-posts":[],"jetpack_sharing_enabled":true,"_links":{"self":[{"href":"https:\/\/infos-droitshumains.net\/index.php?rest_route=\/wp\/v2\/posts\/5718","targetHints":{"allow":["GET"]}}],"collection":[{"href":"https:\/\/infos-droitshumains.net\/index.php?rest_route=\/wp\/v2\/posts"}],"about":[{"href":"https:\/\/infos-droitshumains.net\/index.php?rest_route=\/wp\/v2\/types\/post"}],"author":[{"embeddable":true,"href":"https:\/\/infos-droitshumains.net\/index.php?rest_route=\/wp\/v2\/users\/2"}],"replies":[{"embeddable":true,"href":"https:\/\/infos-droitshumains.net\/index.php?rest_route=%2Fwp%2Fv2%2Fcomments&post=5718"}],"version-history":[{"count":10,"href":"https:\/\/infos-droitshumains.net\/index.php?rest_route=\/wp\/v2\/posts\/5718\/revisions"}],"predecessor-version":[{"id":5736,"href":"https:\/\/infos-droitshumains.net\/index.php?rest_route=\/wp\/v2\/posts\/5718\/revisions\/5736"}],"wp:featuredmedia":[{"embeddable":true,"href":"https:\/\/infos-droitshumains.net\/index.php?rest_route=\/wp\/v2\/media\/5726"}],"wp:attachment":[{"href":"https:\/\/infos-droitshumains.net\/index.php?rest_route=%2Fwp%2Fv2%2Fmedia&parent=5718"}],"wp:term":[{"taxonomy":"category","embeddable":true,"href":"https:\/\/infos-droitshumains.net\/index.php?rest_route=%2Fwp%2Fv2%2Fcategories&post=5718"},{"taxonomy":"post_tag","embeddable":true,"href":"https:\/\/infos-droitshumains.net\/index.php?rest_route=%2Fwp%2Fv2%2Ftags&post=5718"}],"curies":[{"name":"wp","href":"https:\/\/api.w.org\/{rel}","templated":true}]}}