{"id":5703,"date":"2022-11-19T16:11:34","date_gmt":"2022-11-19T15:11:34","guid":{"rendered":"https:\/\/infos-droitshumains.net\/?p=5703"},"modified":"2022-11-19T16:19:21","modified_gmt":"2022-11-19T15:19:21","slug":"5703","status":"publish","type":"post","link":"https:\/\/infos-droitshumains.net\/?p=5703","title":{"rendered":"Crise \u00e0 l&rsquo;UDPS : La Dynamique des Tshisekedistes Mod\u00e9r\u00e9s renouvelle son soutien et loyaut\u00e9 \u00e0 Augustin Kabuya"},"content":{"rendered":"\n<p><strong>R\u00e9daction:+243817406088<\/strong><\/p>\n\n\n\n<p>En pleine Crise et divis\u00e9e entre les Pro Wakwenda et les Pro Kabuya, l&rsquo;Union pour la D\u00e9mocratie et le Progr\u00e8s Social traverse une crise qui peut fragiliser le Palais de la Nation.<\/p>\n\n\n\n<p>Dans cette crise, la Dynamique des Tshisekedistes Mod\u00e9r\u00e9s (DTM) dit renouveler son soutien et loyaut\u00e9 au Secr\u00e9taire G\u00e9n\u00e9ral du parti pr\u00e9sidentiel. Cette structure informelle au sein de l&rsquo;UDPS l&rsquo;a annonc\u00e9 ce samedi 19 novembre 2022 lors d&rsquo;une d\u00e9claration lue par son coordonnateur national, Ma\u00eetre Nelson Luhaka.<\/p>\n\n\n\n<p><em>\u00ab Nous renouvelons notre soutien et loyaut\u00e9 \u00e0 Augustin Kabuya, secr\u00e9taire g\u00e9n\u00e9ral du parti. il est le fruit du consensus. mais \u00e9galement et surtout le choix de son excellence le pr\u00e9sident de la R\u00e9publique et autorit\u00e9 de r\u00e9f\u00e9rence du parti \u00bb<\/em>, a-t-il d\u00e9clar\u00e9.<\/p>\n\n\n\n<p>La DTM met en garde les politiciens en mal de positionnement qui cherchent \u00e0 d\u00e9stabiliser l&rsquo;UDPS par voie de destitution de son Secr\u00e9taire G\u00e9n\u00e9ral.<\/p>\n\n\n\n<p><em>\u00ab Nous mettons en garde tous ceux qui jouent \u00e0 la trouble f\u00eate en cherchant \u00e0 d\u00e9stabiliser le parti du feu docteur \u00c9tienne Tshisekedi. nous appelons les combattantes et combattants \u00e0 la vigilance \u00bb<\/em>, a poursuivi le coordonnateur national de la DTM.<\/p>\n\n\n\n<p>Par la m\u00eame occasion, la Dynamique des Tshisekedistes Mod\u00e9r\u00e9s appelle \u00e0 l&rsquo;unit\u00e9 nationale en ce moment o\u00f9 le pays est agress\u00e9 par le Rwanda. elle exhorte en outre les jeunes \u00e0 rejoindre le rang de l&rsquo;arm\u00e9e nationale.<\/p>\n\n\n\n<p><em>\u00ab La DTM invite les jeunes \u00e0 r\u00e9pondre \u00e0 l&rsquo;appel du commandant supr\u00eame en s&rsquo;enr\u00f4lant massivement aux FARDC pour faire face \u00e0 l&rsquo;agression rwandaise \u00e0 travers les terroristes du M23. l&rsquo;heure est grave. Nous devons mettre de c\u00f4t\u00e9 tout ce qui nous divise et prot\u00e9ger notre m\u00e8re patrie qui est la RDC \u00bb.<\/em><\/p>\n\n\n\n<p>La Dynamique des Tshisekedistes Mod\u00e9r\u00e9s promet de s&rsquo;engager dans la mobilisation g\u00e9n\u00e9rale des congolais face \u00e0 l&rsquo;agression rwandaise jusqu&rsquo;\u00e0 obtenir la victoire finale.<\/p>\n\n\n\n<p>AM<\/p>\n","protected":false},"excerpt":{"rendered":"<p>R\u00e9daction:+243817406088 En pleine Crise et divis\u00e9e entre les Pro Wakwenda et les Pro Kabuya, l&rsquo;Union&#8230;<\/p>\n","protected":false},"author":2,"featured_media":5708,"comment_status":"open","ping_status":"open","sticky":false,"template":"","format":"standard","meta":{"_jetpack_memberships_contains_paid_content":false,"footnotes":""},"categories":[3],"tags":[],"class_list":["post-5703","post","type-post","status-publish","format-standard","has-post-thumbnail","hentry","category-politique"],"yoast_head":"<!-- This site is optimized with the Yoast SEO plugin v27.5 - https:\/\/yoast.com\/product\/yoast-seo-wordpress\/ -->\n<title>Crise \u00e0 l&#039;UDPS : La Dynamique des Tshisekedistes Mod\u00e9r\u00e9s renouvelle son soutien et loyaut\u00e9 \u00e0 Augustin Kabuya - Infos Droits Humains<\/title>\n<meta name=\"robots\" content=\"index, follow, max-snippet:-1, max-image-preview:large, max-video-preview:-1\" \/>\n<link rel=\"canonical\" href=\"https:\/\/infos-droitshumains.net\/?p=5703\" \/>\n<meta property=\"og:locale\" content=\"fr_FR\" \/>\n<meta property=\"og:type\" content=\"article\" \/>\n<meta property=\"og:title\" content=\"Crise \u00e0 l&#039;UDPS : La Dynamique des Tshisekedistes Mod\u00e9r\u00e9s renouvelle son soutien et loyaut\u00e9 \u00e0 Augustin Kabuya - Infos Droits Humains\" \/>\n<meta property=\"og:description\" content=\"R\u00e9daction:+243817406088 En pleine Crise et divis\u00e9e entre les Pro Wakwenda et les Pro Kabuya, l&rsquo;Union...\" \/>\n<meta property=\"og:url\" content=\"https:\/\/infos-droitshumains.net\/?p=5703\" \/>\n<meta property=\"og:site_name\" content=\"Infos Droits Humains\" \/>\n<meta property=\"article:published_time\" content=\"2022-11-19T15:11:34+00:00\" \/>\n<meta property=\"article:modified_time\" content=\"2022-11-19T15:19:21+00:00\" \/>\n<meta property=\"og:image\" content=\"https:\/\/i0.wp.com\/infos-droitshumains.net\/wp-content\/uploads\/2022\/11\/IMG-20221119-WA0021_1.jpg?fit=1080%2C809&ssl=1\" \/>\n\t<meta property=\"og:image:width\" content=\"1080\" \/>\n\t<meta property=\"og:image:height\" content=\"809\" \/>\n\t<meta property=\"og:image:type\" content=\"image\/jpeg\" \/>\n<meta name=\"author\" content=\"Jo\u00ebl Diawa\" \/>\n<meta name=\"twitter:card\" content=\"summary_large_image\" \/>\n<meta name=\"twitter:label1\" content=\"\u00c9crit par\" \/>\n\t<meta name=\"twitter:data1\" content=\"Jo\u00ebl Diawa\" \/>\n\t<meta name=\"twitter:label2\" content=\"Dur\u00e9e de lecture estim\u00e9e\" \/>\n\t<meta name=\"twitter:data2\" content=\"2 minutes\" \/>\n<script type=\"application\/ld+json\" class=\"yoast-schema-graph\">{\"@context\":\"https:\\\/\\\/schema.org\",\"@graph\":[{\"@type\":\"Article\",\"@id\":\"https:\\\/\\\/infos-droitshumains.net\\\/?p=5703#article\",\"isPartOf\":{\"@id\":\"https:\\\/\\\/infos-droitshumains.net\\\/?p=5703\"},\"author\":{\"name\":\"Jo\u00ebl Diawa\",\"@id\":\"https:\\\/\\\/infos-droitshumains.net\\\/#\\\/schema\\\/person\\\/3dc5e921c3302172e0ed4362f96faab7\"},\"headline\":\"Crise \u00e0 l&rsquo;UDPS : La Dynamique des Tshisekedistes Mod\u00e9r\u00e9s renouvelle son soutien et loyaut\u00e9 \u00e0 Augustin Kabuya\",\"datePublished\":\"2022-11-19T15:11:34+00:00\",\"dateModified\":\"2022-11-19T15:19:21+00:00\",\"mainEntityOfPage\":{\"@id\":\"https:\\\/\\\/infos-droitshumains.net\\\/?p=5703\"},\"wordCount\":338,\"commentCount\":0,\"publisher\":{\"@id\":\"https:\\\/\\\/infos-droitshumains.net\\\/#organization\"},\"image\":{\"@id\":\"https:\\\/\\\/infos-droitshumains.net\\\/?p=5703#primaryimage\"},\"thumbnailUrl\":\"https:\\\/\\\/i0.wp.com\\\/infos-droitshumains.net\\\/wp-content\\\/uploads\\\/2022\\\/11\\\/IMG-20221119-WA0021_1.jpg?fit=1080%2C809&ssl=1\",\"articleSection\":[\"Politique\"],\"inLanguage\":\"fr-FR\",\"potentialAction\":[{\"@type\":\"CommentAction\",\"name\":\"Comment\",\"target\":[\"https:\\\/\\\/infos-droitshumains.net\\\/?p=5703#respond\"]}]},{\"@type\":\"WebPage\",\"@id\":\"https:\\\/\\\/infos-droitshumains.net\\\/?p=5703\",\"url\":\"https:\\\/\\\/infos-droitshumains.net\\\/?p=5703\",\"name\":\"Crise \u00e0 l'UDPS : La Dynamique des Tshisekedistes Mod\u00e9r\u00e9s renouvelle son soutien et loyaut\u00e9 \u00e0 Augustin Kabuya - Infos Droits Humains\",\"isPartOf\":{\"@id\":\"https:\\\/\\\/infos-droitshumains.net\\\/#website\"},\"primaryImageOfPage\":{\"@id\":\"https:\\\/\\\/infos-droitshumains.net\\\/?p=5703#primaryimage\"},\"image\":{\"@id\":\"https:\\\/\\\/infos-droitshumains.net\\\/?p=5703#primaryimage\"},\"thumbnailUrl\":\"https:\\\/\\\/i0.wp.com\\\/infos-droitshumains.net\\\/wp-content\\\/uploads\\\/2022\\\/11\\\/IMG-20221119-WA0021_1.jpg?fit=1080%2C809&ssl=1\",\"datePublished\":\"2022-11-19T15:11:34+00:00\",\"dateModified\":\"2022-11-19T15:19:21+00:00\",\"breadcrumb\":{\"@id\":\"https:\\\/\\\/infos-droitshumains.net\\\/?p=5703#breadcrumb\"},\"inLanguage\":\"fr-FR\",\"potentialAction\":[{\"@type\":\"ReadAction\",\"target\":[\"https:\\\/\\\/infos-droitshumains.net\\\/?p=5703\"]}]},{\"@type\":\"ImageObject\",\"inLanguage\":\"fr-FR\",\"@id\":\"https:\\\/\\\/infos-droitshumains.net\\\/?p=5703#primaryimage\",\"url\":\"https:\\\/\\\/i0.wp.com\\\/infos-droitshumains.net\\\/wp-content\\\/uploads\\\/2022\\\/11\\\/IMG-20221119-WA0021_1.jpg?fit=1080%2C809&ssl=1\",\"contentUrl\":\"https:\\\/\\\/i0.wp.com\\\/infos-droitshumains.net\\\/wp-content\\\/uploads\\\/2022\\\/11\\\/IMG-20221119-WA0021_1.jpg?fit=1080%2C809&ssl=1\",\"width\":1080,\"height\":809},{\"@type\":\"BreadcrumbList\",\"@id\":\"https:\\\/\\\/infos-droitshumains.net\\\/?p=5703#breadcrumb\",\"itemListElement\":[{\"@type\":\"ListItem\",\"position\":1,\"name\":\"Accueil\",\"item\":\"https:\\\/\\\/infos-droitshumains.net\\\/\"},{\"@type\":\"ListItem\",\"position\":2,\"name\":\"Crise \u00e0 l&rsquo;UDPS : La Dynamique des Tshisekedistes Mod\u00e9r\u00e9s renouvelle son soutien et loyaut\u00e9 \u00e0 Augustin Kabuya\"}]},{\"@type\":\"WebSite\",\"@id\":\"https:\\\/\\\/infos-droitshumains.net\\\/#website\",\"url\":\"https:\\\/\\\/infos-droitshumains.net\\\/\",\"name\":\"Infos Droits Humains\",\"description\":\"S&#039;informer est un droit\",\"publisher\":{\"@id\":\"https:\\\/\\\/infos-droitshumains.net\\\/#organization\"},\"potentialAction\":[{\"@type\":\"SearchAction\",\"target\":{\"@type\":\"EntryPoint\",\"urlTemplate\":\"https:\\\/\\\/infos-droitshumains.net\\\/?s={search_term_string}\"},\"query-input\":{\"@type\":\"PropertyValueSpecification\",\"valueRequired\":true,\"valueName\":\"search_term_string\"}}],\"inLanguage\":\"fr-FR\"},{\"@type\":\"Organization\",\"@id\":\"https:\\\/\\\/infos-droitshumains.net\\\/#organization\",\"name\":\"Infos Droits Humains\",\"url\":\"https:\\\/\\\/infos-droitshumains.net\\\/\",\"logo\":{\"@type\":\"ImageObject\",\"inLanguage\":\"fr-FR\",\"@id\":\"https:\\\/\\\/infos-droitshumains.net\\\/#\\\/schema\\\/logo\\\/image\\\/\",\"url\":\"https:\\\/\\\/i0.wp.com\\\/infos-droitshumains.net\\\/wp-content\\\/uploads\\\/2022\\\/05\\\/Logo.png?fit=333%2C129&ssl=1\",\"contentUrl\":\"https:\\\/\\\/i0.wp.com\\\/infos-droitshumains.net\\\/wp-content\\\/uploads\\\/2022\\\/05\\\/Logo.png?fit=333%2C129&ssl=1\",\"width\":333,\"height\":129,\"caption\":\"Infos Droits Humains\"},\"image\":{\"@id\":\"https:\\\/\\\/infos-droitshumains.net\\\/#\\\/schema\\\/logo\\\/image\\\/\"}},{\"@type\":\"Person\",\"@id\":\"https:\\\/\\\/infos-droitshumains.net\\\/#\\\/schema\\\/person\\\/3dc5e921c3302172e0ed4362f96faab7\",\"name\":\"Jo\u00ebl Diawa\",\"image\":{\"@type\":\"ImageObject\",\"inLanguage\":\"fr-FR\",\"@id\":\"https:\\\/\\\/secure.gravatar.com\\\/avatar\\\/729bea6ff4604c624417803c477363be8e3c7186deaa65713313f9b4b820f41c?s=96&d=mm&r=g\",\"url\":\"https:\\\/\\\/secure.gravatar.com\\\/avatar\\\/729bea6ff4604c624417803c477363be8e3c7186deaa65713313f9b4b820f41c?s=96&d=mm&r=g\",\"contentUrl\":\"https:\\\/\\\/secure.gravatar.com\\\/avatar\\\/729bea6ff4604c624417803c477363be8e3c7186deaa65713313f9b4b820f41c?s=96&d=mm&r=g\",\"caption\":\"Jo\u00ebl Diawa\"},\"sameAs\":[\"https:\\\/\\\/www.infos-droitshumains.net\"],\"url\":\"https:\\\/\\\/infos-droitshumains.net\\\/?author=2\"}]}<\/script>\n<!-- \/ Yoast SEO plugin. -->","yoast_head_json":{"title":"Crise \u00e0 l'UDPS : La Dynamique des Tshisekedistes Mod\u00e9r\u00e9s renouvelle son soutien et loyaut\u00e9 \u00e0 Augustin Kabuya - Infos Droits Humains","robots":{"index":"index","follow":"follow","max-snippet":"max-snippet:-1","max-image-preview":"max-image-preview:large","max-video-preview":"max-video-preview:-1"},"canonical":"https:\/\/infos-droitshumains.net\/?p=5703","og_locale":"fr_FR","og_type":"article","og_title":"Crise \u00e0 l'UDPS : La Dynamique des Tshisekedistes Mod\u00e9r\u00e9s renouvelle son soutien et loyaut\u00e9 \u00e0 Augustin Kabuya - Infos Droits Humains","og_description":"R\u00e9daction:+243817406088 En pleine Crise et divis\u00e9e entre les Pro Wakwenda et les Pro Kabuya, l&rsquo;Union...","og_url":"https:\/\/infos-droitshumains.net\/?p=5703","og_site_name":"Infos Droits Humains","article_published_time":"2022-11-19T15:11:34+00:00","article_modified_time":"2022-11-19T15:19:21+00:00","og_image":[{"width":1080,"height":809,"url":"https:\/\/i0.wp.com\/infos-droitshumains.net\/wp-content\/uploads\/2022\/11\/IMG-20221119-WA0021_1.jpg?fit=1080%2C809&ssl=1","type":"image\/jpeg"}],"author":"Jo\u00ebl Diawa","twitter_card":"summary_large_image","twitter_misc":{"\u00c9crit par":"Jo\u00ebl Diawa","Dur\u00e9e de lecture estim\u00e9e":"2 minutes"},"schema":{"@context":"https:\/\/schema.org","@graph":[{"@type":"Article","@id":"https:\/\/infos-droitshumains.net\/?p=5703#article","isPartOf":{"@id":"https:\/\/infos-droitshumains.net\/?p=5703"},"author":{"name":"Jo\u00ebl Diawa","@id":"https:\/\/infos-droitshumains.net\/#\/schema\/person\/3dc5e921c3302172e0ed4362f96faab7"},"headline":"Crise \u00e0 l&rsquo;UDPS : La Dynamique des Tshisekedistes Mod\u00e9r\u00e9s renouvelle son soutien et loyaut\u00e9 \u00e0 Augustin Kabuya","datePublished":"2022-11-19T15:11:34+00:00","dateModified":"2022-11-19T15:19:21+00:00","mainEntityOfPage":{"@id":"https:\/\/infos-droitshumains.net\/?p=5703"},"wordCount":338,"commentCount":0,"publisher":{"@id":"https:\/\/infos-droitshumains.net\/#organization"},"image":{"@id":"https:\/\/infos-droitshumains.net\/?p=5703#primaryimage"},"thumbnailUrl":"https:\/\/i0.wp.com\/infos-droitshumains.net\/wp-content\/uploads\/2022\/11\/IMG-20221119-WA0021_1.jpg?fit=1080%2C809&ssl=1","articleSection":["Politique"],"inLanguage":"fr-FR","potentialAction":[{"@type":"CommentAction","name":"Comment","target":["https:\/\/infos-droitshumains.net\/?p=5703#respond"]}]},{"@type":"WebPage","@id":"https:\/\/infos-droitshumains.net\/?p=5703","url":"https:\/\/infos-droitshumains.net\/?p=5703","name":"Crise \u00e0 l'UDPS : La Dynamique des Tshisekedistes Mod\u00e9r\u00e9s renouvelle son soutien et loyaut\u00e9 \u00e0 Augustin Kabuya - Infos Droits Humains","isPartOf":{"@id":"https:\/\/infos-droitshumains.net\/#website"},"primaryImageOfPage":{"@id":"https:\/\/infos-droitshumains.net\/?p=5703#primaryimage"},"image":{"@id":"https:\/\/infos-droitshumains.net\/?p=5703#primaryimage"},"thumbnailUrl":"https:\/\/i0.wp.com\/infos-droitshumains.net\/wp-content\/uploads\/2022\/11\/IMG-20221119-WA0021_1.jpg?fit=1080%2C809&ssl=1","datePublished":"2022-11-19T15:11:34+00:00","dateModified":"2022-11-19T15:19:21+00:00","breadcrumb":{"@id":"https:\/\/infos-droitshumains.net\/?p=5703#breadcrumb"},"inLanguage":"fr-FR","potentialAction":[{"@type":"ReadAction","target":["https:\/\/infos-droitshumains.net\/?p=5703"]}]},{"@type":"ImageObject","inLanguage":"fr-FR","@id":"https:\/\/infos-droitshumains.net\/?p=5703#primaryimage","url":"https:\/\/i0.wp.com\/infos-droitshumains.net\/wp-content\/uploads\/2022\/11\/IMG-20221119-WA0021_1.jpg?fit=1080%2C809&ssl=1","contentUrl":"https:\/\/i0.wp.com\/infos-droitshumains.net\/wp-content\/uploads\/2022\/11\/IMG-20221119-WA0021_1.jpg?fit=1080%2C809&ssl=1","width":1080,"height":809},{"@type":"BreadcrumbList","@id":"https:\/\/infos-droitshumains.net\/?p=5703#breadcrumb","itemListElement":[{"@type":"ListItem","position":1,"name":"Accueil","item":"https:\/\/infos-droitshumains.net\/"},{"@type":"ListItem","position":2,"name":"Crise \u00e0 l&rsquo;UDPS : La Dynamique des Tshisekedistes Mod\u00e9r\u00e9s renouvelle son soutien et loyaut\u00e9 \u00e0 Augustin Kabuya"}]},{"@type":"WebSite","@id":"https:\/\/infos-droitshumains.net\/#website","url":"https:\/\/infos-droitshumains.net\/","name":"Infos Droits Humains","description":"S&#039;informer est un droit","publisher":{"@id":"https:\/\/infos-droitshumains.net\/#organization"},"potentialAction":[{"@type":"SearchAction","target":{"@type":"EntryPoint","urlTemplate":"https:\/\/infos-droitshumains.net\/?s={search_term_string}"},"query-input":{"@type":"PropertyValueSpecification","valueRequired":true,"valueName":"search_term_string"}}],"inLanguage":"fr-FR"},{"@type":"Organization","@id":"https:\/\/infos-droitshumains.net\/#organization","name":"Infos Droits Humains","url":"https:\/\/infos-droitshumains.net\/","logo":{"@type":"ImageObject","inLanguage":"fr-FR","@id":"https:\/\/infos-droitshumains.net\/#\/schema\/logo\/image\/","url":"https:\/\/i0.wp.com\/infos-droitshumains.net\/wp-content\/uploads\/2022\/05\/Logo.png?fit=333%2C129&ssl=1","contentUrl":"https:\/\/i0.wp.com\/infos-droitshumains.net\/wp-content\/uploads\/2022\/05\/Logo.png?fit=333%2C129&ssl=1","width":333,"height":129,"caption":"Infos Droits Humains"},"image":{"@id":"https:\/\/infos-droitshumains.net\/#\/schema\/logo\/image\/"}},{"@type":"Person","@id":"https:\/\/infos-droitshumains.net\/#\/schema\/person\/3dc5e921c3302172e0ed4362f96faab7","name":"Jo\u00ebl Diawa","image":{"@type":"ImageObject","inLanguage":"fr-FR","@id":"https:\/\/secure.gravatar.com\/avatar\/729bea6ff4604c624417803c477363be8e3c7186deaa65713313f9b4b820f41c?s=96&d=mm&r=g","url":"https:\/\/secure.gravatar.com\/avatar\/729bea6ff4604c624417803c477363be8e3c7186deaa65713313f9b4b820f41c?s=96&d=mm&r=g","contentUrl":"https:\/\/secure.gravatar.com\/avatar\/729bea6ff4604c624417803c477363be8e3c7186deaa65713313f9b4b820f41c?s=96&d=mm&r=g","caption":"Jo\u00ebl Diawa"},"sameAs":["https:\/\/www.infos-droitshumains.net"],"url":"https:\/\/infos-droitshumains.net\/?author=2"}]}},"featured_image_urls":{"full":["https:\/\/i0.wp.com\/infos-droitshumains.net\/wp-content\/uploads\/2022\/11\/IMG-20221119-WA0021_1.jpg?fit=1080%2C809&ssl=1",1080,809,false],"thumbnail":["https:\/\/i0.wp.com\/infos-droitshumains.net\/wp-content\/uploads\/2022\/11\/IMG-20221119-WA0021_1.jpg?resize=150%2C150&ssl=1",150,150,true],"medium":["https:\/\/i0.wp.com\/infos-droitshumains.net\/wp-content\/uploads\/2022\/11\/IMG-20221119-WA0021_1.jpg?fit=300%2C225&ssl=1",300,225,true],"medium_large":["https:\/\/i0.wp.com\/infos-droitshumains.net\/wp-content\/uploads\/2022\/11\/IMG-20221119-WA0021_1.jpg?fit=640%2C479&ssl=1",640,479,true],"large":["https:\/\/i0.wp.com\/infos-droitshumains.net\/wp-content\/uploads\/2022\/11\/IMG-20221119-WA0021_1.jpg?fit=640%2C479&ssl=1",640,479,true],"1536x1536":["https:\/\/i0.wp.com\/infos-droitshumains.net\/wp-content\/uploads\/2022\/11\/IMG-20221119-WA0021_1.jpg?fit=1080%2C809&ssl=1",1080,809,true],"2048x2048":["https:\/\/i0.wp.com\/infos-droitshumains.net\/wp-content\/uploads\/2022\/11\/IMG-20221119-WA0021_1.jpg?fit=1080%2C809&ssl=1",1080,809,true],"covernews-slider-full":["https:\/\/i0.wp.com\/infos-droitshumains.net\/wp-content\/uploads\/2022\/11\/IMG-20221119-WA0021_1.jpg?resize=1080%2C715&ssl=1",1080,715,true],"covernews-slider-center":["https:\/\/i0.wp.com\/infos-droitshumains.net\/wp-content\/uploads\/2022\/11\/IMG-20221119-WA0021_1.jpg?resize=800%2C500&ssl=1",800,500,true],"covernews-featured":["https:\/\/i0.wp.com\/infos-droitshumains.net\/wp-content\/uploads\/2022\/11\/IMG-20221119-WA0021_1.jpg?fit=1024%2C767&ssl=1",1024,767,true],"covernews-medium":["https:\/\/i0.wp.com\/infos-droitshumains.net\/wp-content\/uploads\/2022\/11\/IMG-20221119-WA0021_1.jpg?resize=540%2C340&ssl=1",540,340,true],"covernews-medium-square":["https:\/\/i0.wp.com\/infos-droitshumains.net\/wp-content\/uploads\/2022\/11\/IMG-20221119-WA0021_1.jpg?resize=400%2C250&ssl=1",400,250,true]},"author_info":{"display_name":"Jo\u00ebl Diawa","author_link":"https:\/\/infos-droitshumains.net\/?author=2"},"category_info":"<a href=\"https:\/\/infos-droitshumains.net\/?cat=3\" rel=\"category\">Politique<\/a>","tag_info":"Politique","comment_count":"0","jetpack_featured_media_url":"https:\/\/i0.wp.com\/infos-droitshumains.net\/wp-content\/uploads\/2022\/11\/IMG-20221119-WA0021_1.jpg?fit=1080%2C809&ssl=1","jetpack-related-posts":[],"jetpack_sharing_enabled":true,"_links":{"self":[{"href":"https:\/\/infos-droitshumains.net\/index.php?rest_route=\/wp\/v2\/posts\/5703","targetHints":{"allow":["GET"]}}],"collection":[{"href":"https:\/\/infos-droitshumains.net\/index.php?rest_route=\/wp\/v2\/posts"}],"about":[{"href":"https:\/\/infos-droitshumains.net\/index.php?rest_route=\/wp\/v2\/types\/post"}],"author":[{"embeddable":true,"href":"https:\/\/infos-droitshumains.net\/index.php?rest_route=\/wp\/v2\/users\/2"}],"replies":[{"embeddable":true,"href":"https:\/\/infos-droitshumains.net\/index.php?rest_route=%2Fwp%2Fv2%2Fcomments&post=5703"}],"version-history":[{"count":5,"href":"https:\/\/infos-droitshumains.net\/index.php?rest_route=\/wp\/v2\/posts\/5703\/revisions"}],"predecessor-version":[{"id":5709,"href":"https:\/\/infos-droitshumains.net\/index.php?rest_route=\/wp\/v2\/posts\/5703\/revisions\/5709"}],"wp:featuredmedia":[{"embeddable":true,"href":"https:\/\/infos-droitshumains.net\/index.php?rest_route=\/wp\/v2\/media\/5708"}],"wp:attachment":[{"href":"https:\/\/infos-droitshumains.net\/index.php?rest_route=%2Fwp%2Fv2%2Fmedia&parent=5703"}],"wp:term":[{"taxonomy":"category","embeddable":true,"href":"https:\/\/infos-droitshumains.net\/index.php?rest_route=%2Fwp%2Fv2%2Fcategories&post=5703"},{"taxonomy":"post_tag","embeddable":true,"href":"https:\/\/infos-droitshumains.net\/index.php?rest_route=%2Fwp%2Fv2%2Ftags&post=5703"}],"curies":[{"name":"wp","href":"https:\/\/api.w.org\/{rel}","templated":true}]}}