{"id":568,"date":"2021-06-24T19:29:21","date_gmt":"2021-06-24T17:29:21","guid":{"rendered":"https:\/\/www.infos-droitshumains.net\/?p=568"},"modified":"2023-04-06T12:11:45","modified_gmt":"2023-04-06T10:11:45","slug":"urgent-la-societe-de-telecommunication-orange-rdc-sa-en-voie-de-liquidation","status":"publish","type":"post","link":"https:\/\/infos-droitshumains.net\/?p=568","title":{"rendered":"Urgent : La soci\u00e9t\u00e9 de t\u00e9l\u00e9communication Orange RDC SA en voie de liquidation"},"content":{"rendered":"\n<p><\/p>\n\n\n\n<p>C&rsquo;est gr\u00e2ce au jugement rendu sous RPI 043\/2019 par le tribunal de commerce de Kinshasa\/Gombe en date du 10 f\u00e9vrier 2021 que s&rsquo;est r\u00e9v\u00e9l\u00e9 la faillite de la soci\u00e9t\u00e9 Orange RDC SA.<\/p>\n\n\n\n<p>En effet, ce jugement sur lequel infos-droitshumains.net \u00e0 su mettre la main contrain Orange RDC de payer \u00e0 la soci\u00e9t\u00e9 Afro-Arabian au Congo SARL, SAFARCO, la somme de 49.400 $ \u00e0 titre de cr\u00e9ances principles pour les arri\u00e9r\u00e9s de loyer impay\u00e9s dans la p\u00e9riode qui s&rsquo;\u00e9tend du 14 out 2004 \u00e0 mars 2013 pour le site DCMP SAFRCO o\u00f9 Orange RDC louait afin d&rsquo;installer ses pyl\u00f4nes, \u00e9metteurs et autres \u00e9quipements techniques.<\/p>\n\n\n\n<p>Au lieu de s&rsquo;ex\u00e9cuter volontairement, Orange RDC s&rsquo;est plut\u00f4t \u00e9vertu\u00e9 \u00e0 initier des proc\u00e9dures tendant \u00e0 bloquer la proc\u00e9dure d&rsquo;ex\u00e9cution, malheureusement, sans succ\u00e8s.<\/p>\n\n\n\n<p>Au terme de plusieurs saisies-attributions lanc\u00e9es sollicit\u00e9es par la demanderesse (SAFARCO SARL), le comptes de la defenderesse (Orange RDC SA) dans la plus part des banques ont renseign\u00e9s des soldes n\u00e9gatifs, voir m\u00eame des cr\u00e9ances.<\/p>\n\n\n\n<p>A EQUITY BCDC SA, la cr\u00e9ance d&rsquo;Orange s&rsquo;\u00e9l\u00e8ve \u00e0 1.423.759,44 $.<\/p>\n\n\n\n<figure class=\"wp-block-image alignfull size-large\"><img data-recalc-dims=\"1\" decoding=\"async\" src=\"https:\/\/i0.wp.com\/www.infos-droitshumains.net\/wp-content\/uploads\/2021\/06\/IMG_20210624_183759.jpg?w=640&#038;ssl=1\" alt=\"\" class=\"wp-image-573\" \/><\/figure>\n\n\n\n<p>Alors que chez Ecobank, la cr\u00e9ance s&rsquo;\u00e9l\u00e8ve \u00e0 la hauteur de 4.469.202.83$ sans compter celles de la RawBank et les autres.<\/p>\n\n\n\n<figure class=\"wp-block-image size-large\"><img data-recalc-dims=\"1\" decoding=\"async\" src=\"https:\/\/i0.wp.com\/www.infos-droitshumains.net\/wp-content\/uploads\/2021\/06\/IMG_20210624_184140.jpg?w=640&#038;ssl=1\" alt=\"\" class=\"wp-image-574\" \/><\/figure>\n\n\n\n<p>Vu que toutes les saisies op\u00e9r\u00e9es aupr\u00e8s des banques ainsi que d&rsquo;autres partenaires de la firme fran\u00e7aise durant cette longue p\u00e9riode ont abouti \u00e0 la majeure partie des cas d&rsquo;absence des avoirs, la soci\u00e9t\u00e9 Afro-Arabia au Congo opte pour un redressement judiciaire de Orange RDC.<\/p>\n\n\n\n<p>Cette situation illustre parfaitement l&rsquo;\u00e9tat de cessation de paiement dans lequel se trouve Orange RDC, elle est en outre pr\u00e9judiciable \u00e0 l&rsquo;\u00c9tat en raison des difficult\u00e9s pour lui de percevoir les imp\u00f4ts et taxes.<\/p>\n\n\n\n<p>Au regard de tous les faits susevoqu\u00e9s, SARARCO a saisi le tribunal de commerce de Kinshasa\/Gombe pour assigner en demande d&rsquo;ouverture d&rsquo;une proc\u00e9dure de redressement judicaire la soci\u00e9t\u00e9 Orange RDC SA.<\/p>\n\n\n\n<p>Pour ce proc\u00e8s qui s&rsquo;ouvre le vendredi 25 juin, la soci\u00e9t\u00e9 SAFARCO SARL qui est demanderesse dans cette affaire, solicite du Tribunal de Paix de Kinshasa\/Gombe : <\/p>\n\n\n\n<p>. De constater l&rsquo;absence des capacit\u00e9s financi\u00e8res et d\u00e9ficits \u00e9conomiques d&rsquo;Orange ;<\/p>\n\n\n\n<p>. Constater l&rsquo;\u00e9tat de faillite d\u00e9guis\u00e9e ou de cessation de paiement dans lequel se trouve Orange ;<\/p>\n\n\n\n<p>. Ordonner son redressent judicaire ;<\/p>\n\n\n\n<p>. Constater la cr\u00e9ance lui due en vertu du titre ex\u00e9cutoire du 10\/02\/2021 et ordonner son paiement.<\/p>\n\n\n\n<p>Selon les sources contact\u00e9es par notre r\u00e9daction, Orange RDC SA qu&rsquo;a fait coop\u00e9rer les banques partenaires dans l&rsquo;objectif de maquiller ses comptes pour ne mas payer ses cr\u00e9ances.<\/p>\n\n\n\n<p>Si ces maquillages des chiffres s&rsquo;av\u00e8rent vrais, la demanderesse sollicite du Tribunal de condamner Orange RDC SA \u00e0 lui payer la somme de 20.000 $  \u00e0 titre des dommages-int\u00e9r\u00eat.<\/p>\n\n\n\n<p>Il est ahurissant de constater que la soci\u00e9t\u00e9 Orange RDC SA croule sous le poid d&rsquo;\u00e9normes cr\u00e9ances et qu&rsquo;elle s&#8217;emploie \u00e0 masquer cela par un semblant d&rsquo;aisance financi\u00e8re qu&rsquo;elle est loin d&rsquo;avoir. Nous esp\u00e9rons que ces cr\u00e9ances ont remplies les conditions de liquidit\u00e9 et d&rsquo;\u00e9ligibilit\u00e9 pr\u00e9vu par l&rsquo;article 1 de l&rsquo;acte uniforme du 10 avril 1998 portant organisation des proc\u00e9dures simplifi\u00e9es de Recouvrement des voies d&rsquo;ex\u00e9cution.<\/p>\n\n\n\n<p>Au cas o\u00f9 la cause arrivait \u00e0 \u00eatre renvoy\u00e9e pour mise en \u00e9tat, SAFARCO SARL sollicite des mesures provisoires tendant \u00e0 la d\u00e9signation d&rsquo;un administrateur provisoire aux fin de conserver ou de laisser les choses \u00e0 l&rsquo;\u00e9tat, de mani\u00e8re \u00e0 ne pas compromettre la solution finale au fond du droit.<\/p>\n\n\n\n<p>Merlin Kamalandua<\/p>\n","protected":false},"excerpt":{"rendered":"<p>C&rsquo;est gr\u00e2ce au jugement rendu sous RPI 043\/2019 par le tribunal de commerce de Kinshasa\/Gombe&#8230;<\/p>\n","protected":false},"author":2,"featured_media":0,"comment_status":"open","ping_status":"open","sticky":false,"template":"","format":"standard","meta":{"_jetpack_memberships_contains_paid_content":false,"footnotes":""},"categories":[1],"tags":[],"class_list":["post-568","post","type-post","status-publish","format-standard","hentry","category-non-classe"],"yoast_head":"<!-- This site is optimized with the Yoast SEO plugin v27.5 - https:\/\/yoast.com\/product\/yoast-seo-wordpress\/ -->\n<title>Urgent : La soci\u00e9t\u00e9 de t\u00e9l\u00e9communication Orange RDC SA en voie de liquidation - Infos Droits Humains<\/title>\n<meta name=\"robots\" content=\"index, follow, max-snippet:-1, max-image-preview:large, max-video-preview:-1\" \/>\n<link rel=\"canonical\" href=\"https:\/\/infos-droitshumains.net\/?p=568\" \/>\n<meta property=\"og:locale\" content=\"fr_FR\" \/>\n<meta property=\"og:type\" content=\"article\" \/>\n<meta property=\"og:title\" content=\"Urgent : La soci\u00e9t\u00e9 de t\u00e9l\u00e9communication Orange RDC SA en voie de liquidation - Infos Droits Humains\" \/>\n<meta property=\"og:description\" content=\"C&rsquo;est gr\u00e2ce au jugement rendu sous RPI 043\/2019 par le tribunal de commerce de Kinshasa\/Gombe...\" \/>\n<meta property=\"og:url\" content=\"https:\/\/infos-droitshumains.net\/?p=568\" \/>\n<meta property=\"og:site_name\" content=\"Infos Droits Humains\" \/>\n<meta property=\"article:published_time\" content=\"2021-06-24T17:29:21+00:00\" \/>\n<meta property=\"article:modified_time\" content=\"2023-04-06T10:11:45+00:00\" \/>\n<meta property=\"og:image\" content=\"https:\/\/www.infos-droitshumains.net\/wp-content\/uploads\/2021\/06\/IMG_20210624_183759.jpg\" \/>\n<meta name=\"author\" content=\"Jo\u00ebl Diawa\" \/>\n<meta name=\"twitter:card\" content=\"summary_large_image\" \/>\n<meta name=\"twitter:label1\" content=\"\u00c9crit par\" \/>\n\t<meta name=\"twitter:data1\" content=\"Jo\u00ebl Diawa\" \/>\n\t<meta name=\"twitter:label2\" content=\"Dur\u00e9e de lecture estim\u00e9e\" \/>\n\t<meta name=\"twitter:data2\" content=\"3 minutes\" \/>\n<script type=\"application\/ld+json\" class=\"yoast-schema-graph\">{\"@context\":\"https:\\\/\\\/schema.org\",\"@graph\":[{\"@type\":\"Article\",\"@id\":\"https:\\\/\\\/infos-droitshumains.net\\\/?p=568#article\",\"isPartOf\":{\"@id\":\"https:\\\/\\\/infos-droitshumains.net\\\/?p=568\"},\"author\":{\"name\":\"Jo\u00ebl Diawa\",\"@id\":\"https:\\\/\\\/infos-droitshumains.net\\\/#\\\/schema\\\/person\\\/3dc5e921c3302172e0ed4362f96faab7\"},\"headline\":\"Urgent : La soci\u00e9t\u00e9 de t\u00e9l\u00e9communication Orange RDC SA en voie de liquidation\",\"datePublished\":\"2021-06-24T17:29:21+00:00\",\"dateModified\":\"2023-04-06T10:11:45+00:00\",\"mainEntityOfPage\":{\"@id\":\"https:\\\/\\\/infos-droitshumains.net\\\/?p=568\"},\"wordCount\":610,\"commentCount\":0,\"publisher\":{\"@id\":\"https:\\\/\\\/infos-droitshumains.net\\\/#organization\"},\"image\":{\"@id\":\"https:\\\/\\\/infos-droitshumains.net\\\/?p=568#primaryimage\"},\"thumbnailUrl\":\"https:\\\/\\\/www.infos-droitshumains.net\\\/wp-content\\\/uploads\\\/2021\\\/06\\\/IMG_20210624_183759.jpg\",\"inLanguage\":\"fr-FR\",\"potentialAction\":[{\"@type\":\"CommentAction\",\"name\":\"Comment\",\"target\":[\"https:\\\/\\\/infos-droitshumains.net\\\/?p=568#respond\"]}]},{\"@type\":\"WebPage\",\"@id\":\"https:\\\/\\\/infos-droitshumains.net\\\/?p=568\",\"url\":\"https:\\\/\\\/infos-droitshumains.net\\\/?p=568\",\"name\":\"Urgent : La soci\u00e9t\u00e9 de t\u00e9l\u00e9communication Orange RDC SA en voie de liquidation - Infos Droits Humains\",\"isPartOf\":{\"@id\":\"https:\\\/\\\/infos-droitshumains.net\\\/#website\"},\"primaryImageOfPage\":{\"@id\":\"https:\\\/\\\/infos-droitshumains.net\\\/?p=568#primaryimage\"},\"image\":{\"@id\":\"https:\\\/\\\/infos-droitshumains.net\\\/?p=568#primaryimage\"},\"thumbnailUrl\":\"https:\\\/\\\/www.infos-droitshumains.net\\\/wp-content\\\/uploads\\\/2021\\\/06\\\/IMG_20210624_183759.jpg\",\"datePublished\":\"2021-06-24T17:29:21+00:00\",\"dateModified\":\"2023-04-06T10:11:45+00:00\",\"breadcrumb\":{\"@id\":\"https:\\\/\\\/infos-droitshumains.net\\\/?p=568#breadcrumb\"},\"inLanguage\":\"fr-FR\",\"potentialAction\":[{\"@type\":\"ReadAction\",\"target\":[\"https:\\\/\\\/infos-droitshumains.net\\\/?p=568\"]}]},{\"@type\":\"ImageObject\",\"inLanguage\":\"fr-FR\",\"@id\":\"https:\\\/\\\/infos-droitshumains.net\\\/?p=568#primaryimage\",\"url\":\"https:\\\/\\\/www.infos-droitshumains.net\\\/wp-content\\\/uploads\\\/2021\\\/06\\\/IMG_20210624_183759.jpg\",\"contentUrl\":\"https:\\\/\\\/www.infos-droitshumains.net\\\/wp-content\\\/uploads\\\/2021\\\/06\\\/IMG_20210624_183759.jpg\"},{\"@type\":\"BreadcrumbList\",\"@id\":\"https:\\\/\\\/infos-droitshumains.net\\\/?p=568#breadcrumb\",\"itemListElement\":[{\"@type\":\"ListItem\",\"position\":1,\"name\":\"Accueil\",\"item\":\"https:\\\/\\\/infos-droitshumains.net\\\/\"},{\"@type\":\"ListItem\",\"position\":2,\"name\":\"Urgent : La soci\u00e9t\u00e9 de t\u00e9l\u00e9communication Orange RDC SA en voie de liquidation\"}]},{\"@type\":\"WebSite\",\"@id\":\"https:\\\/\\\/infos-droitshumains.net\\\/#website\",\"url\":\"https:\\\/\\\/infos-droitshumains.net\\\/\",\"name\":\"Infos Droits Humains\",\"description\":\"S&#039;informer est un droit\",\"publisher\":{\"@id\":\"https:\\\/\\\/infos-droitshumains.net\\\/#organization\"},\"potentialAction\":[{\"@type\":\"SearchAction\",\"target\":{\"@type\":\"EntryPoint\",\"urlTemplate\":\"https:\\\/\\\/infos-droitshumains.net\\\/?s={search_term_string}\"},\"query-input\":{\"@type\":\"PropertyValueSpecification\",\"valueRequired\":true,\"valueName\":\"search_term_string\"}}],\"inLanguage\":\"fr-FR\"},{\"@type\":\"Organization\",\"@id\":\"https:\\\/\\\/infos-droitshumains.net\\\/#organization\",\"name\":\"Infos Droits Humains\",\"url\":\"https:\\\/\\\/infos-droitshumains.net\\\/\",\"logo\":{\"@type\":\"ImageObject\",\"inLanguage\":\"fr-FR\",\"@id\":\"https:\\\/\\\/infos-droitshumains.net\\\/#\\\/schema\\\/logo\\\/image\\\/\",\"url\":\"https:\\\/\\\/i0.wp.com\\\/infos-droitshumains.net\\\/wp-content\\\/uploads\\\/2022\\\/05\\\/Logo.png?fit=333%2C129&ssl=1\",\"contentUrl\":\"https:\\\/\\\/i0.wp.com\\\/infos-droitshumains.net\\\/wp-content\\\/uploads\\\/2022\\\/05\\\/Logo.png?fit=333%2C129&ssl=1\",\"width\":333,\"height\":129,\"caption\":\"Infos Droits Humains\"},\"image\":{\"@id\":\"https:\\\/\\\/infos-droitshumains.net\\\/#\\\/schema\\\/logo\\\/image\\\/\"}},{\"@type\":\"Person\",\"@id\":\"https:\\\/\\\/infos-droitshumains.net\\\/#\\\/schema\\\/person\\\/3dc5e921c3302172e0ed4362f96faab7\",\"name\":\"Jo\u00ebl Diawa\",\"image\":{\"@type\":\"ImageObject\",\"inLanguage\":\"fr-FR\",\"@id\":\"https:\\\/\\\/secure.gravatar.com\\\/avatar\\\/729bea6ff4604c624417803c477363be8e3c7186deaa65713313f9b4b820f41c?s=96&d=mm&r=g\",\"url\":\"https:\\\/\\\/secure.gravatar.com\\\/avatar\\\/729bea6ff4604c624417803c477363be8e3c7186deaa65713313f9b4b820f41c?s=96&d=mm&r=g\",\"contentUrl\":\"https:\\\/\\\/secure.gravatar.com\\\/avatar\\\/729bea6ff4604c624417803c477363be8e3c7186deaa65713313f9b4b820f41c?s=96&d=mm&r=g\",\"caption\":\"Jo\u00ebl Diawa\"},\"sameAs\":[\"https:\\\/\\\/www.infos-droitshumains.net\"],\"url\":\"https:\\\/\\\/infos-droitshumains.net\\\/?author=2\"}]}<\/script>\n<!-- \/ Yoast SEO plugin. -->","yoast_head_json":{"title":"Urgent : La soci\u00e9t\u00e9 de t\u00e9l\u00e9communication Orange RDC SA en voie de liquidation - Infos Droits Humains","robots":{"index":"index","follow":"follow","max-snippet":"max-snippet:-1","max-image-preview":"max-image-preview:large","max-video-preview":"max-video-preview:-1"},"canonical":"https:\/\/infos-droitshumains.net\/?p=568","og_locale":"fr_FR","og_type":"article","og_title":"Urgent : La soci\u00e9t\u00e9 de t\u00e9l\u00e9communication Orange RDC SA en voie de liquidation - Infos Droits Humains","og_description":"C&rsquo;est gr\u00e2ce au jugement rendu sous RPI 043\/2019 par le tribunal de commerce de Kinshasa\/Gombe...","og_url":"https:\/\/infos-droitshumains.net\/?p=568","og_site_name":"Infos Droits Humains","article_published_time":"2021-06-24T17:29:21+00:00","article_modified_time":"2023-04-06T10:11:45+00:00","og_image":[{"url":"https:\/\/www.infos-droitshumains.net\/wp-content\/uploads\/2021\/06\/IMG_20210624_183759.jpg","type":"","width":"","height":""}],"author":"Jo\u00ebl Diawa","twitter_card":"summary_large_image","twitter_misc":{"\u00c9crit par":"Jo\u00ebl Diawa","Dur\u00e9e de lecture estim\u00e9e":"3 minutes"},"schema":{"@context":"https:\/\/schema.org","@graph":[{"@type":"Article","@id":"https:\/\/infos-droitshumains.net\/?p=568#article","isPartOf":{"@id":"https:\/\/infos-droitshumains.net\/?p=568"},"author":{"name":"Jo\u00ebl Diawa","@id":"https:\/\/infos-droitshumains.net\/#\/schema\/person\/3dc5e921c3302172e0ed4362f96faab7"},"headline":"Urgent : La soci\u00e9t\u00e9 de t\u00e9l\u00e9communication Orange RDC SA en voie de liquidation","datePublished":"2021-06-24T17:29:21+00:00","dateModified":"2023-04-06T10:11:45+00:00","mainEntityOfPage":{"@id":"https:\/\/infos-droitshumains.net\/?p=568"},"wordCount":610,"commentCount":0,"publisher":{"@id":"https:\/\/infos-droitshumains.net\/#organization"},"image":{"@id":"https:\/\/infos-droitshumains.net\/?p=568#primaryimage"},"thumbnailUrl":"https:\/\/www.infos-droitshumains.net\/wp-content\/uploads\/2021\/06\/IMG_20210624_183759.jpg","inLanguage":"fr-FR","potentialAction":[{"@type":"CommentAction","name":"Comment","target":["https:\/\/infos-droitshumains.net\/?p=568#respond"]}]},{"@type":"WebPage","@id":"https:\/\/infos-droitshumains.net\/?p=568","url":"https:\/\/infos-droitshumains.net\/?p=568","name":"Urgent : La soci\u00e9t\u00e9 de t\u00e9l\u00e9communication Orange RDC SA en voie de liquidation - Infos Droits Humains","isPartOf":{"@id":"https:\/\/infos-droitshumains.net\/#website"},"primaryImageOfPage":{"@id":"https:\/\/infos-droitshumains.net\/?p=568#primaryimage"},"image":{"@id":"https:\/\/infos-droitshumains.net\/?p=568#primaryimage"},"thumbnailUrl":"https:\/\/www.infos-droitshumains.net\/wp-content\/uploads\/2021\/06\/IMG_20210624_183759.jpg","datePublished":"2021-06-24T17:29:21+00:00","dateModified":"2023-04-06T10:11:45+00:00","breadcrumb":{"@id":"https:\/\/infos-droitshumains.net\/?p=568#breadcrumb"},"inLanguage":"fr-FR","potentialAction":[{"@type":"ReadAction","target":["https:\/\/infos-droitshumains.net\/?p=568"]}]},{"@type":"ImageObject","inLanguage":"fr-FR","@id":"https:\/\/infos-droitshumains.net\/?p=568#primaryimage","url":"https:\/\/www.infos-droitshumains.net\/wp-content\/uploads\/2021\/06\/IMG_20210624_183759.jpg","contentUrl":"https:\/\/www.infos-droitshumains.net\/wp-content\/uploads\/2021\/06\/IMG_20210624_183759.jpg"},{"@type":"BreadcrumbList","@id":"https:\/\/infos-droitshumains.net\/?p=568#breadcrumb","itemListElement":[{"@type":"ListItem","position":1,"name":"Accueil","item":"https:\/\/infos-droitshumains.net\/"},{"@type":"ListItem","position":2,"name":"Urgent : La soci\u00e9t\u00e9 de t\u00e9l\u00e9communication Orange RDC SA en voie de liquidation"}]},{"@type":"WebSite","@id":"https:\/\/infos-droitshumains.net\/#website","url":"https:\/\/infos-droitshumains.net\/","name":"Infos Droits Humains","description":"S&#039;informer est un droit","publisher":{"@id":"https:\/\/infos-droitshumains.net\/#organization"},"potentialAction":[{"@type":"SearchAction","target":{"@type":"EntryPoint","urlTemplate":"https:\/\/infos-droitshumains.net\/?s={search_term_string}"},"query-input":{"@type":"PropertyValueSpecification","valueRequired":true,"valueName":"search_term_string"}}],"inLanguage":"fr-FR"},{"@type":"Organization","@id":"https:\/\/infos-droitshumains.net\/#organization","name":"Infos Droits Humains","url":"https:\/\/infos-droitshumains.net\/","logo":{"@type":"ImageObject","inLanguage":"fr-FR","@id":"https:\/\/infos-droitshumains.net\/#\/schema\/logo\/image\/","url":"https:\/\/i0.wp.com\/infos-droitshumains.net\/wp-content\/uploads\/2022\/05\/Logo.png?fit=333%2C129&ssl=1","contentUrl":"https:\/\/i0.wp.com\/infos-droitshumains.net\/wp-content\/uploads\/2022\/05\/Logo.png?fit=333%2C129&ssl=1","width":333,"height":129,"caption":"Infos Droits Humains"},"image":{"@id":"https:\/\/infos-droitshumains.net\/#\/schema\/logo\/image\/"}},{"@type":"Person","@id":"https:\/\/infos-droitshumains.net\/#\/schema\/person\/3dc5e921c3302172e0ed4362f96faab7","name":"Jo\u00ebl Diawa","image":{"@type":"ImageObject","inLanguage":"fr-FR","@id":"https:\/\/secure.gravatar.com\/avatar\/729bea6ff4604c624417803c477363be8e3c7186deaa65713313f9b4b820f41c?s=96&d=mm&r=g","url":"https:\/\/secure.gravatar.com\/avatar\/729bea6ff4604c624417803c477363be8e3c7186deaa65713313f9b4b820f41c?s=96&d=mm&r=g","contentUrl":"https:\/\/secure.gravatar.com\/avatar\/729bea6ff4604c624417803c477363be8e3c7186deaa65713313f9b4b820f41c?s=96&d=mm&r=g","caption":"Jo\u00ebl Diawa"},"sameAs":["https:\/\/www.infos-droitshumains.net"],"url":"https:\/\/infos-droitshumains.net\/?author=2"}]}},"featured_image_urls":{"full":"","thumbnail":"","medium":"","medium_large":"","large":"","1536x1536":"","2048x2048":"","covernews-slider-full":"","covernews-slider-center":"","covernews-featured":"","covernews-medium":"","covernews-medium-square":""},"author_info":{"display_name":"Jo\u00ebl Diawa","author_link":"https:\/\/infos-droitshumains.net\/?author=2"},"category_info":"<a href=\"https:\/\/infos-droitshumains.net\/?cat=1\" rel=\"category\">Non class\u00e9<\/a>","tag_info":"Non class\u00e9","comment_count":"0","jetpack_featured_media_url":"","jetpack-related-posts":[],"jetpack_sharing_enabled":true,"_links":{"self":[{"href":"https:\/\/infos-droitshumains.net\/index.php?rest_route=\/wp\/v2\/posts\/568","targetHints":{"allow":["GET"]}}],"collection":[{"href":"https:\/\/infos-droitshumains.net\/index.php?rest_route=\/wp\/v2\/posts"}],"about":[{"href":"https:\/\/infos-droitshumains.net\/index.php?rest_route=\/wp\/v2\/types\/post"}],"author":[{"embeddable":true,"href":"https:\/\/infos-droitshumains.net\/index.php?rest_route=\/wp\/v2\/users\/2"}],"replies":[{"embeddable":true,"href":"https:\/\/infos-droitshumains.net\/index.php?rest_route=%2Fwp%2Fv2%2Fcomments&post=568"}],"version-history":[{"count":2,"href":"https:\/\/infos-droitshumains.net\/index.php?rest_route=\/wp\/v2\/posts\/568\/revisions"}],"predecessor-version":[{"id":576,"href":"https:\/\/infos-droitshumains.net\/index.php?rest_route=\/wp\/v2\/posts\/568\/revisions\/576"}],"wp:attachment":[{"href":"https:\/\/infos-droitshumains.net\/index.php?rest_route=%2Fwp%2Fv2%2Fmedia&parent=568"}],"wp:term":[{"taxonomy":"category","embeddable":true,"href":"https:\/\/infos-droitshumains.net\/index.php?rest_route=%2Fwp%2Fv2%2Fcategories&post=568"},{"taxonomy":"post_tag","embeddable":true,"href":"https:\/\/infos-droitshumains.net\/index.php?rest_route=%2Fwp%2Fv2%2Ftags&post=568"}],"curies":[{"name":"wp","href":"https:\/\/api.w.org\/{rel}","templated":true}]}}