{"id":5660,"date":"2022-11-17T13:40:33","date_gmt":"2022-11-17T12:40:33","guid":{"rendered":"https:\/\/infos-droitshumains.net\/?p=5660"},"modified":"2022-11-17T13:44:23","modified_gmt":"2022-11-17T12:44:23","slug":"droits-de-lhomme-en-rdc-le-rapport-a-mi-parcours-de-mise-en-oeuvre-des-recommandations-du-3eme-cycle-de-lepu-de-2019-valide","status":"publish","type":"post","link":"https:\/\/infos-droitshumains.net\/?p=5660","title":{"rendered":"Droits de l&rsquo;Homme en RDC : Le rapport \u00e0 mi-parcours de mise en \u0153uvre des recommandations du 3<sup>\u00e8me<\/sup> cycle de l&rsquo;EPU de 2019 valid\u00e9"},"content":{"rendered":"\n<p><strong>R\u00e9daction: +243817406088<\/strong><\/p>\n\n\n\n<p>Le rapport \u00e0 mi-parcours de mise en \u0153uvre des recommandations du troisi\u00e8me cycle de l&rsquo;Examen P\u00e9riodique Universel (EPU) de 2019 en R\u00e9publique D\u00e9mocratique du Congo a \u00e9t\u00e9 examin\u00e9 et valid\u00e9 ce mercredi 16 novembre 2022 \u00e0 Kinshasa au cours d&rsquo;un atelier organis\u00e9 par le Bureau Conjoint des Nations Unies aux Droits de l&rsquo;Homme en collaboration avec le comit\u00e9 interminist\u00e9riel des Droits Humains.<\/p>\n\n\n\n<p>Ce rapport contient 267 recommandations dont 239 accept\u00e9es et 28 not\u00e9es formul\u00e9es \u00e0 la RDC sur la situation des droits de l&rsquo;homme par le conseil des droits de l&rsquo;homme \u00e0 Gen\u00e8ve en 2019 lors de sa 42<sup>\u00e8me<\/sup> session de l&rsquo;EPU a rappel\u00e9 Abdoul Aziz Thioye, le directeur du BCNUDH et repr\u00e9sentant du haut-commissaire des Nations Unies aux Droits de l&rsquo;Homme en RDC.<\/p>\n\n\n\n<p><em>\u00ab&nbsp;Ces recommandations portent sur divers sujets touchant \u00e0 toutes les cat\u00e9gories de Droits de l&rsquo;Homme et \u00e0 tous les secteurs de la vie nationale notamment, la ratification d&rsquo;instruments juridiques internationaux et r\u00e9gionaux, l&rsquo;\u00e9limination des violences sexuelles, l&rsquo;autonomisation de la femme et sa participation \u00e0 la vie publique, la mise en \u0153uvre de la loi portant criminalisation de la torture et la protection des peuples et groupes vuln\u00e9rables&nbsp;\u00bb<\/em>, a-t-il fait savoir.<\/p>\n\n\n\n<p>Le repr\u00e9sentant du haut-commissaire des Nations Unies aux Droits de l&rsquo;Homme en RDC a, par la m\u00eame occasion, appel\u00e9 les participants \u00e0 cet atelier \u00e0 examiner sans complaisance ce rapport \u00e0 travers des \u00e9changes francs et constructifs pour une meilleure mise en \u0153uvre des recommandations de l&rsquo;EPU par la RDC&nbsp;:<em> \u00ab&nbsp;C&rsquo;est pourquoi, leur mise en \u0153uvre ainsi que leur suivi constituent une \u00e9tape primordiale qui permettra \u00e0 la R\u00e9publique D\u00e9mocratique du Congo d&rsquo;avancer consid\u00e9rablement dans l&rsquo;atteinte des objectifs pour le d\u00e9veloppement durable&nbsp;\u00bb.<\/em><\/p>\n\n\n\n<p>Abdoul Aziz Thioye a par ailleurs promis le soutien financier et technique du BCNUDH pour l&rsquo;am\u00e9lioration de la situation de Droits de l&rsquo;Homme en RDC&nbsp;: <em>\u00ab&nbsp;En vous souhaitant de fructueux travaux, je r\u00e9it\u00e8re l&rsquo;enti\u00e8re disponibilit\u00e9 de mon bureau \u00e0 accompagner toutes les parties prenantes nationales dans leurs initiatives visant \u00e0 am\u00e9liorer la situation de Droits de l&rsquo;Homme en R\u00e9publique D\u00e9mocratique du Congo&nbsp;\u00bb<\/em>.<\/p>\n\n\n\n<p>Enthousiasm\u00e9 par le soutien du BCNUDH, le directeur de cabinet et repr\u00e9sentant du ministre de Droits Humains s\u2019est montr\u00e9 tr\u00e8s reconnaissant vis-\u00e0-vis de cet organisme onusien.<\/p>\n\n\n\n<p><em>\u00ab&nbsp;Nous tenons \u00e0 remercier le bureau conjoint qui ne cesse de nous accompagner dans toutes les activit\u00e9s entrant dans les missions d\u00e9volues au minist\u00e8re de Droits Humains&nbsp;\u00bb<\/em>, a dit Tony Ntambu Ndambi.<\/p>\n\n\n\n<p>L&rsquo;\u00e9laboration et la soumission du rapport \u00e0 mi-parcours de mise en \u0153uvre des recommandations de l&rsquo;EPU est un exercice volontaire auquel la RDC s&rsquo;est engag\u00e9e \u00e0 se plier en vue de partager ses exp\u00e9riences, les bonnes pratiques, les d\u00e9fis \u00e0 relever et de recueillir les observations et d&rsquo;obtenir l&rsquo;appui technique et financier de ses partenaires pour une mise en \u0153uvre optimale des recommandations accept\u00e9es.<\/p>\n\n\n\n<p>L&rsquo;Examen P\u00e9riodique Universel (EPU) est un m\u00e9canisme du conseil de Droits de l&rsquo;Homme \u00e9tabli par la r\u00e9solution 60\/251 de l&rsquo;Assembl\u00e9e G\u00e9n\u00e9rale des Nations Unies du 15 mars 2006 qui rappelle aux Etats leurs obligations de respecter pleinement et de mettre en \u0153uvre tous les droits de l&rsquo;homme et libert\u00e9s fondamentales. Son objectif est d&rsquo;am\u00e9liorer la situation de Droits de l&rsquo;Homme dans tous les pays et de r\u00e9pondre \u00e0 ses violations o\u00f9 qu&rsquo;elles se produisent.<\/p>\n\n\n\n<p>AM<\/p>\n","protected":false},"excerpt":{"rendered":"<p>R\u00e9daction: +243817406088 Le rapport \u00e0 mi-parcours de mise en \u0153uvre des recommandations du troisi\u00e8me cycle&#8230;<\/p>\n","protected":false},"author":2,"featured_media":5662,"comment_status":"open","ping_status":"open","sticky":false,"template":"","format":"standard","meta":{"_jetpack_memberships_contains_paid_content":false,"footnotes":""},"categories":[7],"tags":[],"class_list":["post-5660","post","type-post","status-publish","format-standard","has-post-thumbnail","hentry","category-droits-humains"],"yoast_head":"<!-- This site is optimized with the Yoast SEO plugin v27.5 - https:\/\/yoast.com\/product\/yoast-seo-wordpress\/ -->\n<title>Droits de l&#039;Homme en RDC : Le rapport \u00e0 mi-parcours de mise en \u0153uvre des recommandations du 3\u00e8me cycle de l&#039;EPU de 2019 valid\u00e9 - Infos Droits Humains<\/title>\n<meta name=\"robots\" content=\"index, follow, max-snippet:-1, max-image-preview:large, max-video-preview:-1\" \/>\n<link rel=\"canonical\" href=\"https:\/\/infos-droitshumains.net\/?p=5660\" \/>\n<meta property=\"og:locale\" content=\"fr_FR\" \/>\n<meta property=\"og:type\" content=\"article\" \/>\n<meta property=\"og:title\" content=\"Droits de l&#039;Homme en RDC : Le rapport \u00e0 mi-parcours de mise en \u0153uvre des recommandations du 3\u00e8me cycle de l&#039;EPU de 2019 valid\u00e9 - Infos Droits Humains\" \/>\n<meta property=\"og:description\" content=\"R\u00e9daction: +243817406088 Le rapport \u00e0 mi-parcours de mise en \u0153uvre des recommandations du troisi\u00e8me cycle...\" \/>\n<meta property=\"og:url\" content=\"https:\/\/infos-droitshumains.net\/?p=5660\" \/>\n<meta property=\"og:site_name\" content=\"Infos Droits Humains\" \/>\n<meta property=\"article:published_time\" content=\"2022-11-17T12:40:33+00:00\" \/>\n<meta property=\"article:modified_time\" content=\"2022-11-17T12:44:23+00:00\" \/>\n<meta property=\"og:image\" content=\"https:\/\/i0.wp.com\/infos-droitshumains.net\/wp-content\/uploads\/2022\/11\/IMG-20221117-WA0017_1.jpg?fit=1080%2C809&ssl=1\" \/>\n\t<meta property=\"og:image:width\" content=\"1080\" \/>\n\t<meta property=\"og:image:height\" content=\"809\" \/>\n\t<meta property=\"og:image:type\" content=\"image\/jpeg\" \/>\n<meta name=\"author\" content=\"Jo\u00ebl Diawa\" \/>\n<meta name=\"twitter:card\" content=\"summary_large_image\" \/>\n<meta name=\"twitter:label1\" content=\"\u00c9crit par\" \/>\n\t<meta name=\"twitter:data1\" content=\"Jo\u00ebl Diawa\" \/>\n\t<meta name=\"twitter:label2\" content=\"Dur\u00e9e de lecture estim\u00e9e\" \/>\n\t<meta name=\"twitter:data2\" content=\"3 minutes\" \/>\n<script type=\"application\/ld+json\" class=\"yoast-schema-graph\">{\"@context\":\"https:\\\/\\\/schema.org\",\"@graph\":[{\"@type\":\"Article\",\"@id\":\"https:\\\/\\\/infos-droitshumains.net\\\/?p=5660#article\",\"isPartOf\":{\"@id\":\"https:\\\/\\\/infos-droitshumains.net\\\/?p=5660\"},\"author\":{\"name\":\"Jo\u00ebl Diawa\",\"@id\":\"https:\\\/\\\/infos-droitshumains.net\\\/#\\\/schema\\\/person\\\/3dc5e921c3302172e0ed4362f96faab7\"},\"headline\":\"Droits de l&rsquo;Homme en RDC : Le rapport \u00e0 mi-parcours de mise en \u0153uvre des recommandations du 3\u00e8me cycle de l&rsquo;EPU de 2019 valid\u00e9\",\"datePublished\":\"2022-11-17T12:40:33+00:00\",\"dateModified\":\"2022-11-17T12:44:23+00:00\",\"mainEntityOfPage\":{\"@id\":\"https:\\\/\\\/infos-droitshumains.net\\\/?p=5660\"},\"wordCount\":588,\"commentCount\":0,\"publisher\":{\"@id\":\"https:\\\/\\\/infos-droitshumains.net\\\/#organization\"},\"image\":{\"@id\":\"https:\\\/\\\/infos-droitshumains.net\\\/?p=5660#primaryimage\"},\"thumbnailUrl\":\"https:\\\/\\\/i0.wp.com\\\/infos-droitshumains.net\\\/wp-content\\\/uploads\\\/2022\\\/11\\\/IMG-20221117-WA0017_1.jpg?fit=1080%2C809&ssl=1\",\"articleSection\":[\"Droits Humains\"],\"inLanguage\":\"fr-FR\",\"potentialAction\":[{\"@type\":\"CommentAction\",\"name\":\"Comment\",\"target\":[\"https:\\\/\\\/infos-droitshumains.net\\\/?p=5660#respond\"]}]},{\"@type\":\"WebPage\",\"@id\":\"https:\\\/\\\/infos-droitshumains.net\\\/?p=5660\",\"url\":\"https:\\\/\\\/infos-droitshumains.net\\\/?p=5660\",\"name\":\"Droits de l'Homme en RDC : Le rapport \u00e0 mi-parcours de mise en \u0153uvre des recommandations du 3\u00e8me cycle de l'EPU de 2019 valid\u00e9 - Infos Droits Humains\",\"isPartOf\":{\"@id\":\"https:\\\/\\\/infos-droitshumains.net\\\/#website\"},\"primaryImageOfPage\":{\"@id\":\"https:\\\/\\\/infos-droitshumains.net\\\/?p=5660#primaryimage\"},\"image\":{\"@id\":\"https:\\\/\\\/infos-droitshumains.net\\\/?p=5660#primaryimage\"},\"thumbnailUrl\":\"https:\\\/\\\/i0.wp.com\\\/infos-droitshumains.net\\\/wp-content\\\/uploads\\\/2022\\\/11\\\/IMG-20221117-WA0017_1.jpg?fit=1080%2C809&ssl=1\",\"datePublished\":\"2022-11-17T12:40:33+00:00\",\"dateModified\":\"2022-11-17T12:44:23+00:00\",\"breadcrumb\":{\"@id\":\"https:\\\/\\\/infos-droitshumains.net\\\/?p=5660#breadcrumb\"},\"inLanguage\":\"fr-FR\",\"potentialAction\":[{\"@type\":\"ReadAction\",\"target\":[\"https:\\\/\\\/infos-droitshumains.net\\\/?p=5660\"]}]},{\"@type\":\"ImageObject\",\"inLanguage\":\"fr-FR\",\"@id\":\"https:\\\/\\\/infos-droitshumains.net\\\/?p=5660#primaryimage\",\"url\":\"https:\\\/\\\/i0.wp.com\\\/infos-droitshumains.net\\\/wp-content\\\/uploads\\\/2022\\\/11\\\/IMG-20221117-WA0017_1.jpg?fit=1080%2C809&ssl=1\",\"contentUrl\":\"https:\\\/\\\/i0.wp.com\\\/infos-droitshumains.net\\\/wp-content\\\/uploads\\\/2022\\\/11\\\/IMG-20221117-WA0017_1.jpg?fit=1080%2C809&ssl=1\",\"width\":1080,\"height\":809},{\"@type\":\"BreadcrumbList\",\"@id\":\"https:\\\/\\\/infos-droitshumains.net\\\/?p=5660#breadcrumb\",\"itemListElement\":[{\"@type\":\"ListItem\",\"position\":1,\"name\":\"Accueil\",\"item\":\"https:\\\/\\\/infos-droitshumains.net\\\/\"},{\"@type\":\"ListItem\",\"position\":2,\"name\":\"Droits de l&rsquo;Homme en RDC : Le rapport \u00e0 mi-parcours de mise en \u0153uvre des recommandations du 3\u00e8me cycle de l&rsquo;EPU de 2019 valid\u00e9\"}]},{\"@type\":\"WebSite\",\"@id\":\"https:\\\/\\\/infos-droitshumains.net\\\/#website\",\"url\":\"https:\\\/\\\/infos-droitshumains.net\\\/\",\"name\":\"Infos Droits Humains\",\"description\":\"S&#039;informer est un droit\",\"publisher\":{\"@id\":\"https:\\\/\\\/infos-droitshumains.net\\\/#organization\"},\"potentialAction\":[{\"@type\":\"SearchAction\",\"target\":{\"@type\":\"EntryPoint\",\"urlTemplate\":\"https:\\\/\\\/infos-droitshumains.net\\\/?s={search_term_string}\"},\"query-input\":{\"@type\":\"PropertyValueSpecification\",\"valueRequired\":true,\"valueName\":\"search_term_string\"}}],\"inLanguage\":\"fr-FR\"},{\"@type\":\"Organization\",\"@id\":\"https:\\\/\\\/infos-droitshumains.net\\\/#organization\",\"name\":\"Infos Droits Humains\",\"url\":\"https:\\\/\\\/infos-droitshumains.net\\\/\",\"logo\":{\"@type\":\"ImageObject\",\"inLanguage\":\"fr-FR\",\"@id\":\"https:\\\/\\\/infos-droitshumains.net\\\/#\\\/schema\\\/logo\\\/image\\\/\",\"url\":\"https:\\\/\\\/i0.wp.com\\\/infos-droitshumains.net\\\/wp-content\\\/uploads\\\/2022\\\/05\\\/Logo.png?fit=333%2C129&ssl=1\",\"contentUrl\":\"https:\\\/\\\/i0.wp.com\\\/infos-droitshumains.net\\\/wp-content\\\/uploads\\\/2022\\\/05\\\/Logo.png?fit=333%2C129&ssl=1\",\"width\":333,\"height\":129,\"caption\":\"Infos Droits Humains\"},\"image\":{\"@id\":\"https:\\\/\\\/infos-droitshumains.net\\\/#\\\/schema\\\/logo\\\/image\\\/\"}},{\"@type\":\"Person\",\"@id\":\"https:\\\/\\\/infos-droitshumains.net\\\/#\\\/schema\\\/person\\\/3dc5e921c3302172e0ed4362f96faab7\",\"name\":\"Jo\u00ebl Diawa\",\"image\":{\"@type\":\"ImageObject\",\"inLanguage\":\"fr-FR\",\"@id\":\"https:\\\/\\\/secure.gravatar.com\\\/avatar\\\/729bea6ff4604c624417803c477363be8e3c7186deaa65713313f9b4b820f41c?s=96&d=mm&r=g\",\"url\":\"https:\\\/\\\/secure.gravatar.com\\\/avatar\\\/729bea6ff4604c624417803c477363be8e3c7186deaa65713313f9b4b820f41c?s=96&d=mm&r=g\",\"contentUrl\":\"https:\\\/\\\/secure.gravatar.com\\\/avatar\\\/729bea6ff4604c624417803c477363be8e3c7186deaa65713313f9b4b820f41c?s=96&d=mm&r=g\",\"caption\":\"Jo\u00ebl Diawa\"},\"sameAs\":[\"https:\\\/\\\/www.infos-droitshumains.net\"],\"url\":\"https:\\\/\\\/infos-droitshumains.net\\\/?author=2\"}]}<\/script>\n<!-- \/ Yoast SEO plugin. -->","yoast_head_json":{"title":"Droits de l'Homme en RDC : Le rapport \u00e0 mi-parcours de mise en \u0153uvre des recommandations du 3\u00e8me cycle de l'EPU de 2019 valid\u00e9 - Infos Droits Humains","robots":{"index":"index","follow":"follow","max-snippet":"max-snippet:-1","max-image-preview":"max-image-preview:large","max-video-preview":"max-video-preview:-1"},"canonical":"https:\/\/infos-droitshumains.net\/?p=5660","og_locale":"fr_FR","og_type":"article","og_title":"Droits de l'Homme en RDC : Le rapport \u00e0 mi-parcours de mise en \u0153uvre des recommandations du 3\u00e8me cycle de l'EPU de 2019 valid\u00e9 - Infos Droits Humains","og_description":"R\u00e9daction: +243817406088 Le rapport \u00e0 mi-parcours de mise en \u0153uvre des recommandations du troisi\u00e8me cycle...","og_url":"https:\/\/infos-droitshumains.net\/?p=5660","og_site_name":"Infos Droits Humains","article_published_time":"2022-11-17T12:40:33+00:00","article_modified_time":"2022-11-17T12:44:23+00:00","og_image":[{"width":1080,"height":809,"url":"https:\/\/i0.wp.com\/infos-droitshumains.net\/wp-content\/uploads\/2022\/11\/IMG-20221117-WA0017_1.jpg?fit=1080%2C809&ssl=1","type":"image\/jpeg"}],"author":"Jo\u00ebl Diawa","twitter_card":"summary_large_image","twitter_misc":{"\u00c9crit par":"Jo\u00ebl Diawa","Dur\u00e9e de lecture estim\u00e9e":"3 minutes"},"schema":{"@context":"https:\/\/schema.org","@graph":[{"@type":"Article","@id":"https:\/\/infos-droitshumains.net\/?p=5660#article","isPartOf":{"@id":"https:\/\/infos-droitshumains.net\/?p=5660"},"author":{"name":"Jo\u00ebl Diawa","@id":"https:\/\/infos-droitshumains.net\/#\/schema\/person\/3dc5e921c3302172e0ed4362f96faab7"},"headline":"Droits de l&rsquo;Homme en RDC : Le rapport \u00e0 mi-parcours de mise en \u0153uvre des recommandations du 3\u00e8me cycle de l&rsquo;EPU de 2019 valid\u00e9","datePublished":"2022-11-17T12:40:33+00:00","dateModified":"2022-11-17T12:44:23+00:00","mainEntityOfPage":{"@id":"https:\/\/infos-droitshumains.net\/?p=5660"},"wordCount":588,"commentCount":0,"publisher":{"@id":"https:\/\/infos-droitshumains.net\/#organization"},"image":{"@id":"https:\/\/infos-droitshumains.net\/?p=5660#primaryimage"},"thumbnailUrl":"https:\/\/i0.wp.com\/infos-droitshumains.net\/wp-content\/uploads\/2022\/11\/IMG-20221117-WA0017_1.jpg?fit=1080%2C809&ssl=1","articleSection":["Droits Humains"],"inLanguage":"fr-FR","potentialAction":[{"@type":"CommentAction","name":"Comment","target":["https:\/\/infos-droitshumains.net\/?p=5660#respond"]}]},{"@type":"WebPage","@id":"https:\/\/infos-droitshumains.net\/?p=5660","url":"https:\/\/infos-droitshumains.net\/?p=5660","name":"Droits de l'Homme en RDC : Le rapport \u00e0 mi-parcours de mise en \u0153uvre des recommandations du 3\u00e8me cycle de l'EPU de 2019 valid\u00e9 - Infos Droits Humains","isPartOf":{"@id":"https:\/\/infos-droitshumains.net\/#website"},"primaryImageOfPage":{"@id":"https:\/\/infos-droitshumains.net\/?p=5660#primaryimage"},"image":{"@id":"https:\/\/infos-droitshumains.net\/?p=5660#primaryimage"},"thumbnailUrl":"https:\/\/i0.wp.com\/infos-droitshumains.net\/wp-content\/uploads\/2022\/11\/IMG-20221117-WA0017_1.jpg?fit=1080%2C809&ssl=1","datePublished":"2022-11-17T12:40:33+00:00","dateModified":"2022-11-17T12:44:23+00:00","breadcrumb":{"@id":"https:\/\/infos-droitshumains.net\/?p=5660#breadcrumb"},"inLanguage":"fr-FR","potentialAction":[{"@type":"ReadAction","target":["https:\/\/infos-droitshumains.net\/?p=5660"]}]},{"@type":"ImageObject","inLanguage":"fr-FR","@id":"https:\/\/infos-droitshumains.net\/?p=5660#primaryimage","url":"https:\/\/i0.wp.com\/infos-droitshumains.net\/wp-content\/uploads\/2022\/11\/IMG-20221117-WA0017_1.jpg?fit=1080%2C809&ssl=1","contentUrl":"https:\/\/i0.wp.com\/infos-droitshumains.net\/wp-content\/uploads\/2022\/11\/IMG-20221117-WA0017_1.jpg?fit=1080%2C809&ssl=1","width":1080,"height":809},{"@type":"BreadcrumbList","@id":"https:\/\/infos-droitshumains.net\/?p=5660#breadcrumb","itemListElement":[{"@type":"ListItem","position":1,"name":"Accueil","item":"https:\/\/infos-droitshumains.net\/"},{"@type":"ListItem","position":2,"name":"Droits de l&rsquo;Homme en RDC : Le rapport \u00e0 mi-parcours de mise en \u0153uvre des recommandations du 3\u00e8me cycle de l&rsquo;EPU de 2019 valid\u00e9"}]},{"@type":"WebSite","@id":"https:\/\/infos-droitshumains.net\/#website","url":"https:\/\/infos-droitshumains.net\/","name":"Infos Droits Humains","description":"S&#039;informer est un droit","publisher":{"@id":"https:\/\/infos-droitshumains.net\/#organization"},"potentialAction":[{"@type":"SearchAction","target":{"@type":"EntryPoint","urlTemplate":"https:\/\/infos-droitshumains.net\/?s={search_term_string}"},"query-input":{"@type":"PropertyValueSpecification","valueRequired":true,"valueName":"search_term_string"}}],"inLanguage":"fr-FR"},{"@type":"Organization","@id":"https:\/\/infos-droitshumains.net\/#organization","name":"Infos Droits Humains","url":"https:\/\/infos-droitshumains.net\/","logo":{"@type":"ImageObject","inLanguage":"fr-FR","@id":"https:\/\/infos-droitshumains.net\/#\/schema\/logo\/image\/","url":"https:\/\/i0.wp.com\/infos-droitshumains.net\/wp-content\/uploads\/2022\/05\/Logo.png?fit=333%2C129&ssl=1","contentUrl":"https:\/\/i0.wp.com\/infos-droitshumains.net\/wp-content\/uploads\/2022\/05\/Logo.png?fit=333%2C129&ssl=1","width":333,"height":129,"caption":"Infos Droits Humains"},"image":{"@id":"https:\/\/infos-droitshumains.net\/#\/schema\/logo\/image\/"}},{"@type":"Person","@id":"https:\/\/infos-droitshumains.net\/#\/schema\/person\/3dc5e921c3302172e0ed4362f96faab7","name":"Jo\u00ebl Diawa","image":{"@type":"ImageObject","inLanguage":"fr-FR","@id":"https:\/\/secure.gravatar.com\/avatar\/729bea6ff4604c624417803c477363be8e3c7186deaa65713313f9b4b820f41c?s=96&d=mm&r=g","url":"https:\/\/secure.gravatar.com\/avatar\/729bea6ff4604c624417803c477363be8e3c7186deaa65713313f9b4b820f41c?s=96&d=mm&r=g","contentUrl":"https:\/\/secure.gravatar.com\/avatar\/729bea6ff4604c624417803c477363be8e3c7186deaa65713313f9b4b820f41c?s=96&d=mm&r=g","caption":"Jo\u00ebl Diawa"},"sameAs":["https:\/\/www.infos-droitshumains.net"],"url":"https:\/\/infos-droitshumains.net\/?author=2"}]}},"featured_image_urls":{"full":["https:\/\/i0.wp.com\/infos-droitshumains.net\/wp-content\/uploads\/2022\/11\/IMG-20221117-WA0017_1.jpg?fit=1080%2C809&ssl=1",1080,809,false],"thumbnail":["https:\/\/i0.wp.com\/infos-droitshumains.net\/wp-content\/uploads\/2022\/11\/IMG-20221117-WA0017_1.jpg?resize=150%2C150&ssl=1",150,150,true],"medium":["https:\/\/i0.wp.com\/infos-droitshumains.net\/wp-content\/uploads\/2022\/11\/IMG-20221117-WA0017_1.jpg?fit=300%2C225&ssl=1",300,225,true],"medium_large":["https:\/\/i0.wp.com\/infos-droitshumains.net\/wp-content\/uploads\/2022\/11\/IMG-20221117-WA0017_1.jpg?fit=640%2C479&ssl=1",640,479,true],"large":["https:\/\/i0.wp.com\/infos-droitshumains.net\/wp-content\/uploads\/2022\/11\/IMG-20221117-WA0017_1.jpg?fit=640%2C479&ssl=1",640,479,true],"1536x1536":["https:\/\/i0.wp.com\/infos-droitshumains.net\/wp-content\/uploads\/2022\/11\/IMG-20221117-WA0017_1.jpg?fit=1080%2C809&ssl=1",1080,809,true],"2048x2048":["https:\/\/i0.wp.com\/infos-droitshumains.net\/wp-content\/uploads\/2022\/11\/IMG-20221117-WA0017_1.jpg?fit=1080%2C809&ssl=1",1080,809,true],"covernews-slider-full":["https:\/\/i0.wp.com\/infos-droitshumains.net\/wp-content\/uploads\/2022\/11\/IMG-20221117-WA0017_1.jpg?resize=1080%2C715&ssl=1",1080,715,true],"covernews-slider-center":["https:\/\/i0.wp.com\/infos-droitshumains.net\/wp-content\/uploads\/2022\/11\/IMG-20221117-WA0017_1.jpg?resize=800%2C500&ssl=1",800,500,true],"covernews-featured":["https:\/\/i0.wp.com\/infos-droitshumains.net\/wp-content\/uploads\/2022\/11\/IMG-20221117-WA0017_1.jpg?fit=1024%2C767&ssl=1",1024,767,true],"covernews-medium":["https:\/\/i0.wp.com\/infos-droitshumains.net\/wp-content\/uploads\/2022\/11\/IMG-20221117-WA0017_1.jpg?resize=540%2C340&ssl=1",540,340,true],"covernews-medium-square":["https:\/\/i0.wp.com\/infos-droitshumains.net\/wp-content\/uploads\/2022\/11\/IMG-20221117-WA0017_1.jpg?resize=400%2C250&ssl=1",400,250,true]},"author_info":{"display_name":"Jo\u00ebl Diawa","author_link":"https:\/\/infos-droitshumains.net\/?author=2"},"category_info":"<a href=\"https:\/\/infos-droitshumains.net\/?cat=7\" rel=\"category\">Droits Humains<\/a>","tag_info":"Droits Humains","comment_count":"0","jetpack_featured_media_url":"https:\/\/i0.wp.com\/infos-droitshumains.net\/wp-content\/uploads\/2022\/11\/IMG-20221117-WA0017_1.jpg?fit=1080%2C809&ssl=1","jetpack-related-posts":[],"jetpack_sharing_enabled":true,"_links":{"self":[{"href":"https:\/\/infos-droitshumains.net\/index.php?rest_route=\/wp\/v2\/posts\/5660","targetHints":{"allow":["GET"]}}],"collection":[{"href":"https:\/\/infos-droitshumains.net\/index.php?rest_route=\/wp\/v2\/posts"}],"about":[{"href":"https:\/\/infos-droitshumains.net\/index.php?rest_route=\/wp\/v2\/types\/post"}],"author":[{"embeddable":true,"href":"https:\/\/infos-droitshumains.net\/index.php?rest_route=\/wp\/v2\/users\/2"}],"replies":[{"embeddable":true,"href":"https:\/\/infos-droitshumains.net\/index.php?rest_route=%2Fwp%2Fv2%2Fcomments&post=5660"}],"version-history":[{"count":2,"href":"https:\/\/infos-droitshumains.net\/index.php?rest_route=\/wp\/v2\/posts\/5660\/revisions"}],"predecessor-version":[{"id":5663,"href":"https:\/\/infos-droitshumains.net\/index.php?rest_route=\/wp\/v2\/posts\/5660\/revisions\/5663"}],"wp:featuredmedia":[{"embeddable":true,"href":"https:\/\/infos-droitshumains.net\/index.php?rest_route=\/wp\/v2\/media\/5662"}],"wp:attachment":[{"href":"https:\/\/infos-droitshumains.net\/index.php?rest_route=%2Fwp%2Fv2%2Fmedia&parent=5660"}],"wp:term":[{"taxonomy":"category","embeddable":true,"href":"https:\/\/infos-droitshumains.net\/index.php?rest_route=%2Fwp%2Fv2%2Fcategories&post=5660"},{"taxonomy":"post_tag","embeddable":true,"href":"https:\/\/infos-droitshumains.net\/index.php?rest_route=%2Fwp%2Fv2%2Ftags&post=5660"}],"curies":[{"name":"wp","href":"https:\/\/api.w.org\/{rel}","templated":true}]}}