{"id":5638,"date":"2022-11-16T13:58:12","date_gmt":"2022-11-16T12:58:12","guid":{"rendered":"https:\/\/infos-droitshumains.net\/?p=5638"},"modified":"2022-11-16T13:59:30","modified_gmt":"2022-11-16T12:59:30","slug":"comment-prevenir-proteger-et-accompagner-les-victimes-de-la-traite-des-personnes-les-acteurs-de-premiere-ligne-soumis-a-un-atelier-de-formation-sur-la-gestion-des-cas","status":"publish","type":"post","link":"https:\/\/infos-droitshumains.net\/?p=5638","title":{"rendered":"Comment pr\u00e9venir, prot\u00e9ger et accompagner les victimes de la traite des personnes ? Les acteurs de premi\u00e8re ligne soumis \u00e0 un atelier de formation sur la gestion des cas"},"content":{"rendered":"\n<p><strong>R\u00e9daction: +243817406088<\/strong><\/p>\n\n\n\n<p>C\u2019est ce mercredi 16 novembre que s\u2019est ouvert \u00e0 Kinshasa, un atelier de formation des acteurs de premi\u00e8re ligne en gestion des cas de traite des personnes en RDC. Cette session de trois jours organis\u00e9e par l\u2019Agence pour la Pr\u00e9vention et le Lutte contre la Traite des Personnes en collaboration avec l\u2019Organisation Internationale pour les Migrations avec le financement du gouvernement am\u00e9ricain \u00e0-travers l\u2019USAID &nbsp;vise \u00e0 former en gestion des cas, les assistants sociaux impliqu\u00e9s dans la prise en charge des victimes de la traite des personnes \u00e0-travers les diff\u00e9rentes provinces de la R\u00e9publique D\u00e9mocratique du Congo.<\/p>\n\n\n\n<p>La gestion des cas des victimes de la traite des personnes, une t\u00e2che tr\u00e8s lourde, c\u2019est alors que la coordonnatrice de l\u2019APLTP a rappel\u00e9 aux acteurs sociaux les responsabilit\u00e9s qui sont les leurs dans la lutte contre la traite des personnes.<\/p>\n\n\n\n<p><em>\u00ab\u00a0Aujourd\u2019hui l\u2019Agence pour la Pr\u00e9vention et la Lutte contre la Traite des Personnes, ce service du cabinet du Chef\u00a0 de l\u2019Etat est arriv\u00e9 \u00e0 un niveau o\u00f9 nous pouvons compter sur les acteurs de premi\u00e8re ligne. En 2019 quand l\u2019agence a \u00e9t\u00e9 cr\u00e9\u00e9e, on avait pas un partenaire fiable, on ne pouvait pas compter sur un acteur de premi\u00e8re ligne. Mais au bout de trois ans, l\u2019agence peut compter sur vous. Surtout vous, les assistants sociaux. Vous avez une lourde tache en ce qui concerne l\u2019assistance et l\u2019accompagnement des victimes de\u00a0 la traite des personnes. Ces personnes vuln\u00e9rables ont besoin d\u2019un accompagnement psychologique, ont besoin d\u2019une assistance juridique, on besoin d\u2019une assistance m\u00e9dicale, ont besoin d\u2019une assistance sociale. Beaucoup de ses responsabilit\u00e9s sont sur vos t\u00eates. Vous avez une lourde responsabilit\u00e9 non seulement d\u2019accompagner, mais commencer d\u2019abord par identifier ces victimes. Apr\u00e8s les avoir identifi\u00e9, vous pensez \u00e0 leur s\u00e9curit\u00e9 et vous pensez \u00e0 leur accompagner pour obtenir des soins, justice, une r\u00e9sidence ou une r\u00e9unification\u00a0\u00bb<\/em>, a dit C\u00e9cile Meta Kasanda pour qui, cet atelier est <em>\u00ab\u00a0l\u2019aboutissement du processus\u00a0\u00bb de la lutte contre la traite des personnes dans sa face du \u00ab\u00a0m\u00e9canisme de r\u00e9f\u00e9rencement\u00a0\u00bb<\/em>.<\/p>\n\n\n\n<p>Des r\u00e9ponses sociales efficaces sont importantes de la lutte contre la traite des personnes. Pour Lyly Bakambi, cheffe de division urbaine des affaires sociales, cette formation permettra aux&nbsp; acteurs sociaux d\u2019ex\u00e9cuter convenablement leurs t\u00e2ches.<\/p>\n\n\n\n<p><em>\u00ab\u00a0La traite a \u00e9galement lieu \u00e0 l\u2019int\u00e9rieur de la RDC o\u00f9 les hommes, les femmes et les enfants sont sujets des travaux forc\u00e9s, des travaux d\u2019exploitation \u00e9conomique\u00a0 et sexuels. Il est donc imp\u00e9rieux que le secteur de premi\u00e8re ligne de la gestion des cas de traite des personnes en RDC\u00a0 ait des connaissances et des comp\u00e9tences n\u00e9cessaires pour la planification, la mise en \u0153uvre et le suivi pour les r\u00e9ponses sociales. Apr\u00e8s la formation, ils seront capables de pr\u00e9venir, de prot\u00e9ger et accompagner les victimes\u00a0 de la traite des personnes\u00a0\u00bb<\/em>, a-t-elle soulign\u00e9e. A l\u2019en croire, cette formation t\u00e9moigne de <em>\u00ab\u00a0l\u2019engagement\u00a0\u00bb<\/em> des autorit\u00e9s des affaires sociales\u00a0\u00e0 prendre les mesures pour <em>\u00absensibiliser\u00bb<\/em> la population de la ville-province de Kinshasa <em>\u00ab\u00a0aux dangers de la traite et du trafic illicite des personnes\u00a0\u00bb<\/em> et d\u2019\u00e9tablir rapidement le comit\u00e9 provincial pour <em>\u00ab\u00a0lutter contre la traite et le trafic illicite\u00a0\u00bb<\/em>.<\/p>\n\n\n\n<p>Partenaire de la RDC dans la lutte contre la traite des personnes, l\u2019OIM se sent tr\u00e8s fi\u00e8re d\u2019apporter sa pierre \u00e0 l\u2019\u00e9difice \u00e0 fin le lutter d\u00e9finitivement contre cette criminalit\u00e9 en RDC.<\/p>\n\n\n\n<p><em>\u00ab\u00a0Il s\u2019agit de former les assistants et assistantes sociaux dans la gestion des cas de traite des personnes. L\u2019OIM est vraiment honor\u00e9 de pouvoir \u00eatre partenaire de l\u2019activit\u00e9 organis\u00e9e avec l\u2019agence (APLTP) et la Direction Urbaine des Affaires Sociales en vue de renforcer les capacit\u00e9s des acteurs sociaux qui sont en premi\u00e8re ligne de l\u2019identification des victimes, dans la prise en charge de ces derniers pour leur r\u00e9insertion sociale. Il faut que ces acteurs de premi\u00e8re ligne sachent comment faire le travail avec la qualit\u00e9 que cela n\u00e9cessite afin que les victimes ne se sentent pas laiss\u00e9s dans leurs droits et qu\u2019elles ne se sentent pas victimes lors de la prise ne\u00a0 charge\u00a0\u00bb<\/em>, exhorte Fils-Lien Ely Thelot, conseiller technique \u00e0 l\u2019OIM et repr\u00e9sentant du chef de mission dans cet atelier.<\/p>\n\n\n\n<p>A l\u2019issue de cette formation, ces assistants sociaux la lourde responsabilit\u00e9 &nbsp;d\u2019organiser &nbsp;\u00e0 leur tour, des formations pour d\u2019autres acteurs de la ville de Kinshasa.<\/p>\n\n\n\n<p>Jo\u00ebl Diawa<\/p>\n","protected":false},"excerpt":{"rendered":"<p>R\u00e9daction: +243817406088 C\u2019est ce mercredi 16 novembre que s\u2019est ouvert \u00e0 Kinshasa, un atelier de&#8230;<\/p>\n","protected":false},"author":2,"featured_media":5640,"comment_status":"open","ping_status":"open","sticky":false,"template":"","format":"standard","meta":{"_jetpack_memberships_contains_paid_content":false,"footnotes":""},"categories":[7],"tags":[],"class_list":["post-5638","post","type-post","status-publish","format-standard","has-post-thumbnail","hentry","category-droits-humains"],"yoast_head":"<!-- This site is optimized with the Yoast SEO plugin v27.5 - https:\/\/yoast.com\/product\/yoast-seo-wordpress\/ -->\n<title>Comment pr\u00e9venir, prot\u00e9ger et accompagner les victimes de la traite des personnes ? Les acteurs de premi\u00e8re ligne soumis \u00e0 un atelier de formation sur la gestion des cas - Infos Droits Humains<\/title>\n<meta name=\"robots\" content=\"index, follow, max-snippet:-1, max-image-preview:large, max-video-preview:-1\" \/>\n<link rel=\"canonical\" href=\"https:\/\/infos-droitshumains.net\/?p=5638\" \/>\n<meta property=\"og:locale\" content=\"fr_FR\" \/>\n<meta property=\"og:type\" content=\"article\" \/>\n<meta property=\"og:title\" content=\"Comment pr\u00e9venir, prot\u00e9ger et accompagner les victimes de la traite des personnes ? Les acteurs de premi\u00e8re ligne soumis \u00e0 un atelier de formation sur la gestion des cas - Infos Droits Humains\" \/>\n<meta property=\"og:description\" content=\"R\u00e9daction: +243817406088 C\u2019est ce mercredi 16 novembre que s\u2019est ouvert \u00e0 Kinshasa, un atelier de...\" \/>\n<meta property=\"og:url\" content=\"https:\/\/infos-droitshumains.net\/?p=5638\" \/>\n<meta property=\"og:site_name\" content=\"Infos Droits Humains\" \/>\n<meta property=\"article:published_time\" content=\"2022-11-16T12:58:12+00:00\" \/>\n<meta property=\"article:modified_time\" content=\"2022-11-16T12:59:30+00:00\" \/>\n<meta property=\"og:image\" content=\"https:\/\/i0.wp.com\/infos-droitshumains.net\/wp-content\/uploads\/2022\/11\/APLTP_11.jpg?fit=1080%2C578&ssl=1\" \/>\n\t<meta property=\"og:image:width\" content=\"1080\" \/>\n\t<meta property=\"og:image:height\" content=\"578\" \/>\n\t<meta property=\"og:image:type\" content=\"image\/jpeg\" \/>\n<meta name=\"author\" content=\"Jo\u00ebl Diawa\" \/>\n<meta name=\"twitter:card\" content=\"summary_large_image\" \/>\n<meta name=\"twitter:label1\" content=\"\u00c9crit par\" \/>\n\t<meta name=\"twitter:data1\" content=\"Jo\u00ebl Diawa\" \/>\n\t<meta name=\"twitter:label2\" content=\"Dur\u00e9e de lecture estim\u00e9e\" \/>\n\t<meta name=\"twitter:data2\" content=\"4 minutes\" \/>\n<script type=\"application\/ld+json\" class=\"yoast-schema-graph\">{\"@context\":\"https:\\\/\\\/schema.org\",\"@graph\":[{\"@type\":\"Article\",\"@id\":\"https:\\\/\\\/infos-droitshumains.net\\\/?p=5638#article\",\"isPartOf\":{\"@id\":\"https:\\\/\\\/infos-droitshumains.net\\\/?p=5638\"},\"author\":{\"name\":\"Jo\u00ebl Diawa\",\"@id\":\"https:\\\/\\\/infos-droitshumains.net\\\/#\\\/schema\\\/person\\\/3dc5e921c3302172e0ed4362f96faab7\"},\"headline\":\"Comment pr\u00e9venir, prot\u00e9ger et accompagner les victimes de la traite des personnes ? Les acteurs de premi\u00e8re ligne soumis \u00e0 un atelier de formation sur la gestion des cas\",\"datePublished\":\"2022-11-16T12:58:12+00:00\",\"dateModified\":\"2022-11-16T12:59:30+00:00\",\"mainEntityOfPage\":{\"@id\":\"https:\\\/\\\/infos-droitshumains.net\\\/?p=5638\"},\"wordCount\":817,\"commentCount\":0,\"publisher\":{\"@id\":\"https:\\\/\\\/infos-droitshumains.net\\\/#organization\"},\"image\":{\"@id\":\"https:\\\/\\\/infos-droitshumains.net\\\/?p=5638#primaryimage\"},\"thumbnailUrl\":\"https:\\\/\\\/i0.wp.com\\\/infos-droitshumains.net\\\/wp-content\\\/uploads\\\/2022\\\/11\\\/APLTP_11.jpg?fit=1080%2C578&ssl=1\",\"articleSection\":[\"Droits Humains\"],\"inLanguage\":\"fr-FR\",\"potentialAction\":[{\"@type\":\"CommentAction\",\"name\":\"Comment\",\"target\":[\"https:\\\/\\\/infos-droitshumains.net\\\/?p=5638#respond\"]}]},{\"@type\":\"WebPage\",\"@id\":\"https:\\\/\\\/infos-droitshumains.net\\\/?p=5638\",\"url\":\"https:\\\/\\\/infos-droitshumains.net\\\/?p=5638\",\"name\":\"Comment pr\u00e9venir, prot\u00e9ger et accompagner les victimes de la traite des personnes ? Les acteurs de premi\u00e8re ligne soumis \u00e0 un atelier de formation sur la gestion des cas - Infos Droits Humains\",\"isPartOf\":{\"@id\":\"https:\\\/\\\/infos-droitshumains.net\\\/#website\"},\"primaryImageOfPage\":{\"@id\":\"https:\\\/\\\/infos-droitshumains.net\\\/?p=5638#primaryimage\"},\"image\":{\"@id\":\"https:\\\/\\\/infos-droitshumains.net\\\/?p=5638#primaryimage\"},\"thumbnailUrl\":\"https:\\\/\\\/i0.wp.com\\\/infos-droitshumains.net\\\/wp-content\\\/uploads\\\/2022\\\/11\\\/APLTP_11.jpg?fit=1080%2C578&ssl=1\",\"datePublished\":\"2022-11-16T12:58:12+00:00\",\"dateModified\":\"2022-11-16T12:59:30+00:00\",\"breadcrumb\":{\"@id\":\"https:\\\/\\\/infos-droitshumains.net\\\/?p=5638#breadcrumb\"},\"inLanguage\":\"fr-FR\",\"potentialAction\":[{\"@type\":\"ReadAction\",\"target\":[\"https:\\\/\\\/infos-droitshumains.net\\\/?p=5638\"]}]},{\"@type\":\"ImageObject\",\"inLanguage\":\"fr-FR\",\"@id\":\"https:\\\/\\\/infos-droitshumains.net\\\/?p=5638#primaryimage\",\"url\":\"https:\\\/\\\/i0.wp.com\\\/infos-droitshumains.net\\\/wp-content\\\/uploads\\\/2022\\\/11\\\/APLTP_11.jpg?fit=1080%2C578&ssl=1\",\"contentUrl\":\"https:\\\/\\\/i0.wp.com\\\/infos-droitshumains.net\\\/wp-content\\\/uploads\\\/2022\\\/11\\\/APLTP_11.jpg?fit=1080%2C578&ssl=1\",\"width\":1080,\"height\":578},{\"@type\":\"BreadcrumbList\",\"@id\":\"https:\\\/\\\/infos-droitshumains.net\\\/?p=5638#breadcrumb\",\"itemListElement\":[{\"@type\":\"ListItem\",\"position\":1,\"name\":\"Accueil\",\"item\":\"https:\\\/\\\/infos-droitshumains.net\\\/\"},{\"@type\":\"ListItem\",\"position\":2,\"name\":\"Comment pr\u00e9venir, prot\u00e9ger et accompagner les victimes de la traite des personnes ? Les acteurs de premi\u00e8re ligne soumis \u00e0 un atelier de formation sur la gestion des cas\"}]},{\"@type\":\"WebSite\",\"@id\":\"https:\\\/\\\/infos-droitshumains.net\\\/#website\",\"url\":\"https:\\\/\\\/infos-droitshumains.net\\\/\",\"name\":\"Infos Droits Humains\",\"description\":\"S&#039;informer est un droit\",\"publisher\":{\"@id\":\"https:\\\/\\\/infos-droitshumains.net\\\/#organization\"},\"potentialAction\":[{\"@type\":\"SearchAction\",\"target\":{\"@type\":\"EntryPoint\",\"urlTemplate\":\"https:\\\/\\\/infos-droitshumains.net\\\/?s={search_term_string}\"},\"query-input\":{\"@type\":\"PropertyValueSpecification\",\"valueRequired\":true,\"valueName\":\"search_term_string\"}}],\"inLanguage\":\"fr-FR\"},{\"@type\":\"Organization\",\"@id\":\"https:\\\/\\\/infos-droitshumains.net\\\/#organization\",\"name\":\"Infos Droits Humains\",\"url\":\"https:\\\/\\\/infos-droitshumains.net\\\/\",\"logo\":{\"@type\":\"ImageObject\",\"inLanguage\":\"fr-FR\",\"@id\":\"https:\\\/\\\/infos-droitshumains.net\\\/#\\\/schema\\\/logo\\\/image\\\/\",\"url\":\"https:\\\/\\\/i0.wp.com\\\/infos-droitshumains.net\\\/wp-content\\\/uploads\\\/2022\\\/05\\\/Logo.png?fit=333%2C129&ssl=1\",\"contentUrl\":\"https:\\\/\\\/i0.wp.com\\\/infos-droitshumains.net\\\/wp-content\\\/uploads\\\/2022\\\/05\\\/Logo.png?fit=333%2C129&ssl=1\",\"width\":333,\"height\":129,\"caption\":\"Infos Droits Humains\"},\"image\":{\"@id\":\"https:\\\/\\\/infos-droitshumains.net\\\/#\\\/schema\\\/logo\\\/image\\\/\"}},{\"@type\":\"Person\",\"@id\":\"https:\\\/\\\/infos-droitshumains.net\\\/#\\\/schema\\\/person\\\/3dc5e921c3302172e0ed4362f96faab7\",\"name\":\"Jo\u00ebl Diawa\",\"image\":{\"@type\":\"ImageObject\",\"inLanguage\":\"fr-FR\",\"@id\":\"https:\\\/\\\/secure.gravatar.com\\\/avatar\\\/729bea6ff4604c624417803c477363be8e3c7186deaa65713313f9b4b820f41c?s=96&d=mm&r=g\",\"url\":\"https:\\\/\\\/secure.gravatar.com\\\/avatar\\\/729bea6ff4604c624417803c477363be8e3c7186deaa65713313f9b4b820f41c?s=96&d=mm&r=g\",\"contentUrl\":\"https:\\\/\\\/secure.gravatar.com\\\/avatar\\\/729bea6ff4604c624417803c477363be8e3c7186deaa65713313f9b4b820f41c?s=96&d=mm&r=g\",\"caption\":\"Jo\u00ebl Diawa\"},\"sameAs\":[\"https:\\\/\\\/www.infos-droitshumains.net\"],\"url\":\"https:\\\/\\\/infos-droitshumains.net\\\/?author=2\"}]}<\/script>\n<!-- \/ Yoast SEO plugin. -->","yoast_head_json":{"title":"Comment pr\u00e9venir, prot\u00e9ger et accompagner les victimes de la traite des personnes ? Les acteurs de premi\u00e8re ligne soumis \u00e0 un atelier de formation sur la gestion des cas - Infos Droits Humains","robots":{"index":"index","follow":"follow","max-snippet":"max-snippet:-1","max-image-preview":"max-image-preview:large","max-video-preview":"max-video-preview:-1"},"canonical":"https:\/\/infos-droitshumains.net\/?p=5638","og_locale":"fr_FR","og_type":"article","og_title":"Comment pr\u00e9venir, prot\u00e9ger et accompagner les victimes de la traite des personnes ? Les acteurs de premi\u00e8re ligne soumis \u00e0 un atelier de formation sur la gestion des cas - Infos Droits Humains","og_description":"R\u00e9daction: +243817406088 C\u2019est ce mercredi 16 novembre que s\u2019est ouvert \u00e0 Kinshasa, un atelier de...","og_url":"https:\/\/infos-droitshumains.net\/?p=5638","og_site_name":"Infos Droits Humains","article_published_time":"2022-11-16T12:58:12+00:00","article_modified_time":"2022-11-16T12:59:30+00:00","og_image":[{"width":1080,"height":578,"url":"https:\/\/i0.wp.com\/infos-droitshumains.net\/wp-content\/uploads\/2022\/11\/APLTP_11.jpg?fit=1080%2C578&ssl=1","type":"image\/jpeg"}],"author":"Jo\u00ebl Diawa","twitter_card":"summary_large_image","twitter_misc":{"\u00c9crit par":"Jo\u00ebl Diawa","Dur\u00e9e de lecture estim\u00e9e":"4 minutes"},"schema":{"@context":"https:\/\/schema.org","@graph":[{"@type":"Article","@id":"https:\/\/infos-droitshumains.net\/?p=5638#article","isPartOf":{"@id":"https:\/\/infos-droitshumains.net\/?p=5638"},"author":{"name":"Jo\u00ebl Diawa","@id":"https:\/\/infos-droitshumains.net\/#\/schema\/person\/3dc5e921c3302172e0ed4362f96faab7"},"headline":"Comment pr\u00e9venir, prot\u00e9ger et accompagner les victimes de la traite des personnes ? Les acteurs de premi\u00e8re ligne soumis \u00e0 un atelier de formation sur la gestion des cas","datePublished":"2022-11-16T12:58:12+00:00","dateModified":"2022-11-16T12:59:30+00:00","mainEntityOfPage":{"@id":"https:\/\/infos-droitshumains.net\/?p=5638"},"wordCount":817,"commentCount":0,"publisher":{"@id":"https:\/\/infos-droitshumains.net\/#organization"},"image":{"@id":"https:\/\/infos-droitshumains.net\/?p=5638#primaryimage"},"thumbnailUrl":"https:\/\/i0.wp.com\/infos-droitshumains.net\/wp-content\/uploads\/2022\/11\/APLTP_11.jpg?fit=1080%2C578&ssl=1","articleSection":["Droits Humains"],"inLanguage":"fr-FR","potentialAction":[{"@type":"CommentAction","name":"Comment","target":["https:\/\/infos-droitshumains.net\/?p=5638#respond"]}]},{"@type":"WebPage","@id":"https:\/\/infos-droitshumains.net\/?p=5638","url":"https:\/\/infos-droitshumains.net\/?p=5638","name":"Comment pr\u00e9venir, prot\u00e9ger et accompagner les victimes de la traite des personnes ? Les acteurs de premi\u00e8re ligne soumis \u00e0 un atelier de formation sur la gestion des cas - Infos Droits Humains","isPartOf":{"@id":"https:\/\/infos-droitshumains.net\/#website"},"primaryImageOfPage":{"@id":"https:\/\/infos-droitshumains.net\/?p=5638#primaryimage"},"image":{"@id":"https:\/\/infos-droitshumains.net\/?p=5638#primaryimage"},"thumbnailUrl":"https:\/\/i0.wp.com\/infos-droitshumains.net\/wp-content\/uploads\/2022\/11\/APLTP_11.jpg?fit=1080%2C578&ssl=1","datePublished":"2022-11-16T12:58:12+00:00","dateModified":"2022-11-16T12:59:30+00:00","breadcrumb":{"@id":"https:\/\/infos-droitshumains.net\/?p=5638#breadcrumb"},"inLanguage":"fr-FR","potentialAction":[{"@type":"ReadAction","target":["https:\/\/infos-droitshumains.net\/?p=5638"]}]},{"@type":"ImageObject","inLanguage":"fr-FR","@id":"https:\/\/infos-droitshumains.net\/?p=5638#primaryimage","url":"https:\/\/i0.wp.com\/infos-droitshumains.net\/wp-content\/uploads\/2022\/11\/APLTP_11.jpg?fit=1080%2C578&ssl=1","contentUrl":"https:\/\/i0.wp.com\/infos-droitshumains.net\/wp-content\/uploads\/2022\/11\/APLTP_11.jpg?fit=1080%2C578&ssl=1","width":1080,"height":578},{"@type":"BreadcrumbList","@id":"https:\/\/infos-droitshumains.net\/?p=5638#breadcrumb","itemListElement":[{"@type":"ListItem","position":1,"name":"Accueil","item":"https:\/\/infos-droitshumains.net\/"},{"@type":"ListItem","position":2,"name":"Comment pr\u00e9venir, prot\u00e9ger et accompagner les victimes de la traite des personnes ? Les acteurs de premi\u00e8re ligne soumis \u00e0 un atelier de formation sur la gestion des cas"}]},{"@type":"WebSite","@id":"https:\/\/infos-droitshumains.net\/#website","url":"https:\/\/infos-droitshumains.net\/","name":"Infos Droits Humains","description":"S&#039;informer est un droit","publisher":{"@id":"https:\/\/infos-droitshumains.net\/#organization"},"potentialAction":[{"@type":"SearchAction","target":{"@type":"EntryPoint","urlTemplate":"https:\/\/infos-droitshumains.net\/?s={search_term_string}"},"query-input":{"@type":"PropertyValueSpecification","valueRequired":true,"valueName":"search_term_string"}}],"inLanguage":"fr-FR"},{"@type":"Organization","@id":"https:\/\/infos-droitshumains.net\/#organization","name":"Infos Droits Humains","url":"https:\/\/infos-droitshumains.net\/","logo":{"@type":"ImageObject","inLanguage":"fr-FR","@id":"https:\/\/infos-droitshumains.net\/#\/schema\/logo\/image\/","url":"https:\/\/i0.wp.com\/infos-droitshumains.net\/wp-content\/uploads\/2022\/05\/Logo.png?fit=333%2C129&ssl=1","contentUrl":"https:\/\/i0.wp.com\/infos-droitshumains.net\/wp-content\/uploads\/2022\/05\/Logo.png?fit=333%2C129&ssl=1","width":333,"height":129,"caption":"Infos Droits Humains"},"image":{"@id":"https:\/\/infos-droitshumains.net\/#\/schema\/logo\/image\/"}},{"@type":"Person","@id":"https:\/\/infos-droitshumains.net\/#\/schema\/person\/3dc5e921c3302172e0ed4362f96faab7","name":"Jo\u00ebl Diawa","image":{"@type":"ImageObject","inLanguage":"fr-FR","@id":"https:\/\/secure.gravatar.com\/avatar\/729bea6ff4604c624417803c477363be8e3c7186deaa65713313f9b4b820f41c?s=96&d=mm&r=g","url":"https:\/\/secure.gravatar.com\/avatar\/729bea6ff4604c624417803c477363be8e3c7186deaa65713313f9b4b820f41c?s=96&d=mm&r=g","contentUrl":"https:\/\/secure.gravatar.com\/avatar\/729bea6ff4604c624417803c477363be8e3c7186deaa65713313f9b4b820f41c?s=96&d=mm&r=g","caption":"Jo\u00ebl Diawa"},"sameAs":["https:\/\/www.infos-droitshumains.net"],"url":"https:\/\/infos-droitshumains.net\/?author=2"}]}},"featured_image_urls":{"full":["https:\/\/i0.wp.com\/infos-droitshumains.net\/wp-content\/uploads\/2022\/11\/APLTP_11.jpg?fit=1080%2C578&ssl=1",1080,578,false],"thumbnail":["https:\/\/i0.wp.com\/infos-droitshumains.net\/wp-content\/uploads\/2022\/11\/APLTP_11.jpg?resize=150%2C150&ssl=1",150,150,true],"medium":["https:\/\/i0.wp.com\/infos-droitshumains.net\/wp-content\/uploads\/2022\/11\/APLTP_11.jpg?fit=300%2C161&ssl=1",300,161,true],"medium_large":["https:\/\/i0.wp.com\/infos-droitshumains.net\/wp-content\/uploads\/2022\/11\/APLTP_11.jpg?fit=640%2C343&ssl=1",640,343,true],"large":["https:\/\/i0.wp.com\/infos-droitshumains.net\/wp-content\/uploads\/2022\/11\/APLTP_11.jpg?fit=640%2C343&ssl=1",640,343,true],"1536x1536":["https:\/\/i0.wp.com\/infos-droitshumains.net\/wp-content\/uploads\/2022\/11\/APLTP_11.jpg?fit=1080%2C578&ssl=1",1080,578,true],"2048x2048":["https:\/\/i0.wp.com\/infos-droitshumains.net\/wp-content\/uploads\/2022\/11\/APLTP_11.jpg?fit=1080%2C578&ssl=1",1080,578,true],"covernews-slider-full":["https:\/\/i0.wp.com\/infos-droitshumains.net\/wp-content\/uploads\/2022\/11\/APLTP_11.jpg?resize=1080%2C578&ssl=1",1080,578,true],"covernews-slider-center":["https:\/\/i0.wp.com\/infos-droitshumains.net\/wp-content\/uploads\/2022\/11\/APLTP_11.jpg?resize=800%2C500&ssl=1",800,500,true],"covernews-featured":["https:\/\/i0.wp.com\/infos-droitshumains.net\/wp-content\/uploads\/2022\/11\/APLTP_11.jpg?fit=1024%2C548&ssl=1",1024,548,true],"covernews-medium":["https:\/\/i0.wp.com\/infos-droitshumains.net\/wp-content\/uploads\/2022\/11\/APLTP_11.jpg?resize=540%2C340&ssl=1",540,340,true],"covernews-medium-square":["https:\/\/i0.wp.com\/infos-droitshumains.net\/wp-content\/uploads\/2022\/11\/APLTP_11.jpg?resize=400%2C250&ssl=1",400,250,true]},"author_info":{"display_name":"Jo\u00ebl Diawa","author_link":"https:\/\/infos-droitshumains.net\/?author=2"},"category_info":"<a href=\"https:\/\/infos-droitshumains.net\/?cat=7\" rel=\"category\">Droits Humains<\/a>","tag_info":"Droits Humains","comment_count":"0","jetpack_featured_media_url":"https:\/\/i0.wp.com\/infos-droitshumains.net\/wp-content\/uploads\/2022\/11\/APLTP_11.jpg?fit=1080%2C578&ssl=1","jetpack-related-posts":[],"jetpack_sharing_enabled":true,"_links":{"self":[{"href":"https:\/\/infos-droitshumains.net\/index.php?rest_route=\/wp\/v2\/posts\/5638","targetHints":{"allow":["GET"]}}],"collection":[{"href":"https:\/\/infos-droitshumains.net\/index.php?rest_route=\/wp\/v2\/posts"}],"about":[{"href":"https:\/\/infos-droitshumains.net\/index.php?rest_route=\/wp\/v2\/types\/post"}],"author":[{"embeddable":true,"href":"https:\/\/infos-droitshumains.net\/index.php?rest_route=\/wp\/v2\/users\/2"}],"replies":[{"embeddable":true,"href":"https:\/\/infos-droitshumains.net\/index.php?rest_route=%2Fwp%2Fv2%2Fcomments&post=5638"}],"version-history":[{"count":1,"href":"https:\/\/infos-droitshumains.net\/index.php?rest_route=\/wp\/v2\/posts\/5638\/revisions"}],"predecessor-version":[{"id":5639,"href":"https:\/\/infos-droitshumains.net\/index.php?rest_route=\/wp\/v2\/posts\/5638\/revisions\/5639"}],"wp:featuredmedia":[{"embeddable":true,"href":"https:\/\/infos-droitshumains.net\/index.php?rest_route=\/wp\/v2\/media\/5640"}],"wp:attachment":[{"href":"https:\/\/infos-droitshumains.net\/index.php?rest_route=%2Fwp%2Fv2%2Fmedia&parent=5638"}],"wp:term":[{"taxonomy":"category","embeddable":true,"href":"https:\/\/infos-droitshumains.net\/index.php?rest_route=%2Fwp%2Fv2%2Fcategories&post=5638"},{"taxonomy":"post_tag","embeddable":true,"href":"https:\/\/infos-droitshumains.net\/index.php?rest_route=%2Fwp%2Fv2%2Ftags&post=5638"}],"curies":[{"name":"wp","href":"https:\/\/api.w.org\/{rel}","templated":true}]}}