{"id":5621,"date":"2022-11-15T16:36:25","date_gmt":"2022-11-15T15:36:25","guid":{"rendered":"https:\/\/infos-droitshumains.net\/?p=5621"},"modified":"2022-11-15T16:47:05","modified_gmt":"2022-11-15T15:47:05","slug":"droits-de-lhomme-en-rdc-la-proposition-de-loi-sur-labolition-de-la-peine-de-mort-au-coeur-dune-conference-debat-organisee-par-le-bcnudh","status":"publish","type":"post","link":"https:\/\/infos-droitshumains.net\/?p=5621","title":{"rendered":"Droits de l&rsquo;Homme en RDC: La proposition de loi sur l&rsquo;abolition de la peine de mort au c\u0153ur d&rsquo;une conf\u00e9rence-d\u00e9bat organis\u00e9e par le BCNUDH"},"content":{"rendered":"\n<p><strong>R\u00e9daction: +243817406088<\/strong><\/p>\n\n\n\n<p>La proposition de loi sur l&rsquo;abolition de la peine de mort en RDC a fait l&rsquo;objet d&rsquo;une conf\u00e9rence-d\u00e9bat organis\u00e9e ce mardi 15 novembre \u00e0 Kinshasa par le Bureau Conjoint des Nations Unies aux Droits de l&rsquo;Homme(BCNUDH).<\/p>\n\n\n\n<p>Auteur de cette proposition de loi, le d\u00e9put\u00e9 national et Premier Vice-Pr\u00e9sident de l&rsquo;Assembl\u00e9e Nationale, Andr\u00e9 Mbata Betukumesu a, de mani\u00e8re succincte, pr\u00e9sent\u00e9 cette l\u2019\u00e9conomie de cette ouvre l\u00e9gislative inspir\u00e9e sur les articles 16 et 61 de la constitution du 18 f\u00e9vrier 2006.<\/p>\n\n\n\n<p><em>\u00ab&nbsp;Notre pays est r\u00e9solument engag\u00e9 pour le respect des Droits de L&rsquo;homme. La peine de mort est une violation flagrante du droit \u00e0 la vie, premier droits de l&rsquo;homme. Cette proposition est la r\u00e9ponse au besoin de notre peuple qui a sacralis\u00e9 la vie humaine en adoptant la constitution de 2006. En aucun cas, nous devons d\u00e9roger \u00e0 ce droit&nbsp;\u00bb<\/em>, a dit le professeur Andr\u00e9 Mbata Betukumesu.<\/p>\n\n\n\n<p>A en croire le pr\u00e9sident de la commission permanente Droits de l&rsquo;Nomme de l&rsquo;Assembl\u00e9e Nationale, cette proposition de loi entre dans le cadre du plan d&rsquo;action 2022 de sa commission qui compte plusieurs autres initiatives l\u00e9gislatives pour assurer le respect des droits humains en RDC.<\/p>\n\n\n\n<p><em>\u00ab&nbsp;L&rsquo;activit\u00e9 de ce jour entre dans le cadre du d\u00e9ploiement de ce plan d&rsquo;action si ambitieux qui montre tant au niveau national qu&rsquo;international la d\u00e9termination de notre chambre de la repr\u00e9sentation nationale \u00e0 faire de la question des Droits de l&rsquo;Homme une priorit\u00e9&nbsp;\u00bb<\/em>, a indiqu\u00e9 le d\u00e9put\u00e9 national Simon-Pierre Iyananio.<\/p>\n\n\n\n<p>La directrice adjointe du BCNUDH et repr\u00e9sentante du haut commissaire des Nations Unies aux Droits de l&rsquo;Homme en RDC a quant \u00e0 elle, lou\u00e9 l&rsquo;initiative du professeur Andr\u00e9 Mbata qui promouvoit la dignit\u00e9 humaine et la r\u00e9alisation progressive des droits de l&rsquo;homme en RDC.<\/p>\n\n\n\n<p><em>\u00ab&nbsp;Je f\u00e9licite le bureau de l&rsquo;Assembl\u00e9e Nationale ici repr\u00e9sent\u00e9 par l&rsquo;honorable Mbata pour l&rsquo;inscription au calendrier parlementaire actuel de la proposition de loi qui fait l&rsquo;objet des r\u00e9flexions de ce jour. Vous pouvez compter sur le soutien du BCNUDH pour accompagner dans l&rsquo;examen, l&rsquo;adoption et la mise en \u0153uvre de cette future loi&nbsp;\u00bb<\/em>, s\u2019est r\u00e9joui Erica Bussey qui a de surcroit demand\u00e9 aux d\u00e9put\u00e9s et s\u00e9nateurs de se pencher \u00e9galement sur le deuxi\u00e8me protocole facultatif du pacte relatif aux droits civils et politiques qui vise l&rsquo;abolition de la peine de mort. <em>\u00abJe vous invite honorables d\u00e9put\u00e9s et s\u00e9nateurs d&rsquo;aller plus loin en usant de votre leadership pour vous assurer de l&rsquo;adh\u00e9sion et de la ratification par la RDC du deuxi\u00e8me protocole facultatif se rapportant au pacte relatif aux droits civils et politiques visant \u00e0 abolir la peine de mort&nbsp;\u00bb.<\/em><\/p>\n\n\n\n<p>Cette proposition de loi sur l&rsquo;abolition de la peine de mort en RDC comprend quatre articles et l&rsquo;expos\u00e9 de motif qui \u00e9voque les diff\u00e9rents instruments juridiques internationaux que nationaux qui interdisent la peine de mort.<\/p>\n\n\n\n<p>AM<\/p>\n","protected":false},"excerpt":{"rendered":"<p>R\u00e9daction: +243817406088 La proposition de loi sur l&rsquo;abolition de la peine de mort en RDC&#8230;<\/p>\n","protected":false},"author":2,"featured_media":5624,"comment_status":"open","ping_status":"open","sticky":false,"template":"","format":"standard","meta":{"_jetpack_memberships_contains_paid_content":false,"footnotes":""},"categories":[7],"tags":[],"class_list":["post-5621","post","type-post","status-publish","format-standard","has-post-thumbnail","hentry","category-droits-humains"],"yoast_head":"<!-- This site is optimized with the Yoast SEO plugin v27.5 - https:\/\/yoast.com\/product\/yoast-seo-wordpress\/ -->\n<title>Droits de l&#039;Homme en RDC: La proposition de loi sur l&#039;abolition de la peine de mort au c\u0153ur d&#039;une conf\u00e9rence-d\u00e9bat organis\u00e9e par le BCNUDH - Infos Droits Humains<\/title>\n<meta name=\"robots\" content=\"index, follow, max-snippet:-1, max-image-preview:large, max-video-preview:-1\" \/>\n<link rel=\"canonical\" href=\"https:\/\/infos-droitshumains.net\/?p=5621\" \/>\n<meta property=\"og:locale\" content=\"fr_FR\" \/>\n<meta property=\"og:type\" content=\"article\" \/>\n<meta property=\"og:title\" content=\"Droits de l&#039;Homme en RDC: La proposition de loi sur l&#039;abolition de la peine de mort au c\u0153ur d&#039;une conf\u00e9rence-d\u00e9bat organis\u00e9e par le BCNUDH - Infos Droits Humains\" \/>\n<meta property=\"og:description\" content=\"R\u00e9daction: +243817406088 La proposition de loi sur l&rsquo;abolition de la peine de mort en RDC...\" \/>\n<meta property=\"og:url\" content=\"https:\/\/infos-droitshumains.net\/?p=5621\" \/>\n<meta property=\"og:site_name\" content=\"Infos Droits Humains\" \/>\n<meta property=\"article:published_time\" content=\"2022-11-15T15:36:25+00:00\" \/>\n<meta property=\"article:modified_time\" content=\"2022-11-15T15:47:05+00:00\" \/>\n<meta property=\"og:image\" content=\"https:\/\/i0.wp.com\/infos-droitshumains.net\/wp-content\/uploads\/2022\/11\/IMG-20221115-WA0038_1.jpg?fit=1080%2C530&ssl=1\" \/>\n\t<meta property=\"og:image:width\" content=\"1080\" \/>\n\t<meta property=\"og:image:height\" content=\"530\" \/>\n\t<meta property=\"og:image:type\" content=\"image\/jpeg\" \/>\n<meta name=\"author\" content=\"Jo\u00ebl Diawa\" \/>\n<meta name=\"twitter:card\" content=\"summary_large_image\" \/>\n<meta name=\"twitter:label1\" content=\"\u00c9crit par\" \/>\n\t<meta name=\"twitter:data1\" content=\"Jo\u00ebl Diawa\" \/>\n\t<meta name=\"twitter:label2\" content=\"Dur\u00e9e de lecture estim\u00e9e\" \/>\n\t<meta name=\"twitter:data2\" content=\"2 minutes\" \/>\n<script type=\"application\/ld+json\" class=\"yoast-schema-graph\">{\"@context\":\"https:\\\/\\\/schema.org\",\"@graph\":[{\"@type\":\"Article\",\"@id\":\"https:\\\/\\\/infos-droitshumains.net\\\/?p=5621#article\",\"isPartOf\":{\"@id\":\"https:\\\/\\\/infos-droitshumains.net\\\/?p=5621\"},\"author\":{\"name\":\"Jo\u00ebl Diawa\",\"@id\":\"https:\\\/\\\/infos-droitshumains.net\\\/#\\\/schema\\\/person\\\/3dc5e921c3302172e0ed4362f96faab7\"},\"headline\":\"Droits de l&rsquo;Homme en RDC: La proposition de loi sur l&rsquo;abolition de la peine de mort au c\u0153ur d&rsquo;une conf\u00e9rence-d\u00e9bat organis\u00e9e par le BCNUDH\",\"datePublished\":\"2022-11-15T15:36:25+00:00\",\"dateModified\":\"2022-11-15T15:47:05+00:00\",\"mainEntityOfPage\":{\"@id\":\"https:\\\/\\\/infos-droitshumains.net\\\/?p=5621\"},\"wordCount\":525,\"commentCount\":0,\"publisher\":{\"@id\":\"https:\\\/\\\/infos-droitshumains.net\\\/#organization\"},\"image\":{\"@id\":\"https:\\\/\\\/infos-droitshumains.net\\\/?p=5621#primaryimage\"},\"thumbnailUrl\":\"https:\\\/\\\/i0.wp.com\\\/infos-droitshumains.net\\\/wp-content\\\/uploads\\\/2022\\\/11\\\/IMG-20221115-WA0038_1.jpg?fit=1080%2C530&ssl=1\",\"articleSection\":[\"Droits Humains\"],\"inLanguage\":\"fr-FR\",\"potentialAction\":[{\"@type\":\"CommentAction\",\"name\":\"Comment\",\"target\":[\"https:\\\/\\\/infos-droitshumains.net\\\/?p=5621#respond\"]}]},{\"@type\":\"WebPage\",\"@id\":\"https:\\\/\\\/infos-droitshumains.net\\\/?p=5621\",\"url\":\"https:\\\/\\\/infos-droitshumains.net\\\/?p=5621\",\"name\":\"Droits de l'Homme en RDC: La proposition de loi sur l'abolition de la peine de mort au c\u0153ur d'une conf\u00e9rence-d\u00e9bat organis\u00e9e par le BCNUDH - Infos Droits Humains\",\"isPartOf\":{\"@id\":\"https:\\\/\\\/infos-droitshumains.net\\\/#website\"},\"primaryImageOfPage\":{\"@id\":\"https:\\\/\\\/infos-droitshumains.net\\\/?p=5621#primaryimage\"},\"image\":{\"@id\":\"https:\\\/\\\/infos-droitshumains.net\\\/?p=5621#primaryimage\"},\"thumbnailUrl\":\"https:\\\/\\\/i0.wp.com\\\/infos-droitshumains.net\\\/wp-content\\\/uploads\\\/2022\\\/11\\\/IMG-20221115-WA0038_1.jpg?fit=1080%2C530&ssl=1\",\"datePublished\":\"2022-11-15T15:36:25+00:00\",\"dateModified\":\"2022-11-15T15:47:05+00:00\",\"breadcrumb\":{\"@id\":\"https:\\\/\\\/infos-droitshumains.net\\\/?p=5621#breadcrumb\"},\"inLanguage\":\"fr-FR\",\"potentialAction\":[{\"@type\":\"ReadAction\",\"target\":[\"https:\\\/\\\/infos-droitshumains.net\\\/?p=5621\"]}]},{\"@type\":\"ImageObject\",\"inLanguage\":\"fr-FR\",\"@id\":\"https:\\\/\\\/infos-droitshumains.net\\\/?p=5621#primaryimage\",\"url\":\"https:\\\/\\\/i0.wp.com\\\/infos-droitshumains.net\\\/wp-content\\\/uploads\\\/2022\\\/11\\\/IMG-20221115-WA0038_1.jpg?fit=1080%2C530&ssl=1\",\"contentUrl\":\"https:\\\/\\\/i0.wp.com\\\/infos-droitshumains.net\\\/wp-content\\\/uploads\\\/2022\\\/11\\\/IMG-20221115-WA0038_1.jpg?fit=1080%2C530&ssl=1\",\"width\":1080,\"height\":530},{\"@type\":\"BreadcrumbList\",\"@id\":\"https:\\\/\\\/infos-droitshumains.net\\\/?p=5621#breadcrumb\",\"itemListElement\":[{\"@type\":\"ListItem\",\"position\":1,\"name\":\"Accueil\",\"item\":\"https:\\\/\\\/infos-droitshumains.net\\\/\"},{\"@type\":\"ListItem\",\"position\":2,\"name\":\"Droits de l&rsquo;Homme en RDC: La proposition de loi sur l&rsquo;abolition de la peine de mort au c\u0153ur d&rsquo;une conf\u00e9rence-d\u00e9bat organis\u00e9e par le BCNUDH\"}]},{\"@type\":\"WebSite\",\"@id\":\"https:\\\/\\\/infos-droitshumains.net\\\/#website\",\"url\":\"https:\\\/\\\/infos-droitshumains.net\\\/\",\"name\":\"Infos Droits Humains\",\"description\":\"S&#039;informer est un droit\",\"publisher\":{\"@id\":\"https:\\\/\\\/infos-droitshumains.net\\\/#organization\"},\"potentialAction\":[{\"@type\":\"SearchAction\",\"target\":{\"@type\":\"EntryPoint\",\"urlTemplate\":\"https:\\\/\\\/infos-droitshumains.net\\\/?s={search_term_string}\"},\"query-input\":{\"@type\":\"PropertyValueSpecification\",\"valueRequired\":true,\"valueName\":\"search_term_string\"}}],\"inLanguage\":\"fr-FR\"},{\"@type\":\"Organization\",\"@id\":\"https:\\\/\\\/infos-droitshumains.net\\\/#organization\",\"name\":\"Infos Droits Humains\",\"url\":\"https:\\\/\\\/infos-droitshumains.net\\\/\",\"logo\":{\"@type\":\"ImageObject\",\"inLanguage\":\"fr-FR\",\"@id\":\"https:\\\/\\\/infos-droitshumains.net\\\/#\\\/schema\\\/logo\\\/image\\\/\",\"url\":\"https:\\\/\\\/i0.wp.com\\\/infos-droitshumains.net\\\/wp-content\\\/uploads\\\/2022\\\/05\\\/Logo.png?fit=333%2C129&ssl=1\",\"contentUrl\":\"https:\\\/\\\/i0.wp.com\\\/infos-droitshumains.net\\\/wp-content\\\/uploads\\\/2022\\\/05\\\/Logo.png?fit=333%2C129&ssl=1\",\"width\":333,\"height\":129,\"caption\":\"Infos Droits Humains\"},\"image\":{\"@id\":\"https:\\\/\\\/infos-droitshumains.net\\\/#\\\/schema\\\/logo\\\/image\\\/\"}},{\"@type\":\"Person\",\"@id\":\"https:\\\/\\\/infos-droitshumains.net\\\/#\\\/schema\\\/person\\\/3dc5e921c3302172e0ed4362f96faab7\",\"name\":\"Jo\u00ebl Diawa\",\"image\":{\"@type\":\"ImageObject\",\"inLanguage\":\"fr-FR\",\"@id\":\"https:\\\/\\\/secure.gravatar.com\\\/avatar\\\/729bea6ff4604c624417803c477363be8e3c7186deaa65713313f9b4b820f41c?s=96&d=mm&r=g\",\"url\":\"https:\\\/\\\/secure.gravatar.com\\\/avatar\\\/729bea6ff4604c624417803c477363be8e3c7186deaa65713313f9b4b820f41c?s=96&d=mm&r=g\",\"contentUrl\":\"https:\\\/\\\/secure.gravatar.com\\\/avatar\\\/729bea6ff4604c624417803c477363be8e3c7186deaa65713313f9b4b820f41c?s=96&d=mm&r=g\",\"caption\":\"Jo\u00ebl Diawa\"},\"sameAs\":[\"https:\\\/\\\/www.infos-droitshumains.net\"],\"url\":\"https:\\\/\\\/infos-droitshumains.net\\\/?author=2\"}]}<\/script>\n<!-- \/ Yoast SEO plugin. -->","yoast_head_json":{"title":"Droits de l'Homme en RDC: La proposition de loi sur l'abolition de la peine de mort au c\u0153ur d'une conf\u00e9rence-d\u00e9bat organis\u00e9e par le BCNUDH - Infos Droits Humains","robots":{"index":"index","follow":"follow","max-snippet":"max-snippet:-1","max-image-preview":"max-image-preview:large","max-video-preview":"max-video-preview:-1"},"canonical":"https:\/\/infos-droitshumains.net\/?p=5621","og_locale":"fr_FR","og_type":"article","og_title":"Droits de l'Homme en RDC: La proposition de loi sur l'abolition de la peine de mort au c\u0153ur d'une conf\u00e9rence-d\u00e9bat organis\u00e9e par le BCNUDH - Infos Droits Humains","og_description":"R\u00e9daction: +243817406088 La proposition de loi sur l&rsquo;abolition de la peine de mort en RDC...","og_url":"https:\/\/infos-droitshumains.net\/?p=5621","og_site_name":"Infos Droits Humains","article_published_time":"2022-11-15T15:36:25+00:00","article_modified_time":"2022-11-15T15:47:05+00:00","og_image":[{"width":1080,"height":530,"url":"https:\/\/i0.wp.com\/infos-droitshumains.net\/wp-content\/uploads\/2022\/11\/IMG-20221115-WA0038_1.jpg?fit=1080%2C530&ssl=1","type":"image\/jpeg"}],"author":"Jo\u00ebl Diawa","twitter_card":"summary_large_image","twitter_misc":{"\u00c9crit par":"Jo\u00ebl Diawa","Dur\u00e9e de lecture estim\u00e9e":"2 minutes"},"schema":{"@context":"https:\/\/schema.org","@graph":[{"@type":"Article","@id":"https:\/\/infos-droitshumains.net\/?p=5621#article","isPartOf":{"@id":"https:\/\/infos-droitshumains.net\/?p=5621"},"author":{"name":"Jo\u00ebl Diawa","@id":"https:\/\/infos-droitshumains.net\/#\/schema\/person\/3dc5e921c3302172e0ed4362f96faab7"},"headline":"Droits de l&rsquo;Homme en RDC: La proposition de loi sur l&rsquo;abolition de la peine de mort au c\u0153ur d&rsquo;une conf\u00e9rence-d\u00e9bat organis\u00e9e par le BCNUDH","datePublished":"2022-11-15T15:36:25+00:00","dateModified":"2022-11-15T15:47:05+00:00","mainEntityOfPage":{"@id":"https:\/\/infos-droitshumains.net\/?p=5621"},"wordCount":525,"commentCount":0,"publisher":{"@id":"https:\/\/infos-droitshumains.net\/#organization"},"image":{"@id":"https:\/\/infos-droitshumains.net\/?p=5621#primaryimage"},"thumbnailUrl":"https:\/\/i0.wp.com\/infos-droitshumains.net\/wp-content\/uploads\/2022\/11\/IMG-20221115-WA0038_1.jpg?fit=1080%2C530&ssl=1","articleSection":["Droits Humains"],"inLanguage":"fr-FR","potentialAction":[{"@type":"CommentAction","name":"Comment","target":["https:\/\/infos-droitshumains.net\/?p=5621#respond"]}]},{"@type":"WebPage","@id":"https:\/\/infos-droitshumains.net\/?p=5621","url":"https:\/\/infos-droitshumains.net\/?p=5621","name":"Droits de l'Homme en RDC: La proposition de loi sur l'abolition de la peine de mort au c\u0153ur d'une conf\u00e9rence-d\u00e9bat organis\u00e9e par le BCNUDH - Infos Droits Humains","isPartOf":{"@id":"https:\/\/infos-droitshumains.net\/#website"},"primaryImageOfPage":{"@id":"https:\/\/infos-droitshumains.net\/?p=5621#primaryimage"},"image":{"@id":"https:\/\/infos-droitshumains.net\/?p=5621#primaryimage"},"thumbnailUrl":"https:\/\/i0.wp.com\/infos-droitshumains.net\/wp-content\/uploads\/2022\/11\/IMG-20221115-WA0038_1.jpg?fit=1080%2C530&ssl=1","datePublished":"2022-11-15T15:36:25+00:00","dateModified":"2022-11-15T15:47:05+00:00","breadcrumb":{"@id":"https:\/\/infos-droitshumains.net\/?p=5621#breadcrumb"},"inLanguage":"fr-FR","potentialAction":[{"@type":"ReadAction","target":["https:\/\/infos-droitshumains.net\/?p=5621"]}]},{"@type":"ImageObject","inLanguage":"fr-FR","@id":"https:\/\/infos-droitshumains.net\/?p=5621#primaryimage","url":"https:\/\/i0.wp.com\/infos-droitshumains.net\/wp-content\/uploads\/2022\/11\/IMG-20221115-WA0038_1.jpg?fit=1080%2C530&ssl=1","contentUrl":"https:\/\/i0.wp.com\/infos-droitshumains.net\/wp-content\/uploads\/2022\/11\/IMG-20221115-WA0038_1.jpg?fit=1080%2C530&ssl=1","width":1080,"height":530},{"@type":"BreadcrumbList","@id":"https:\/\/infos-droitshumains.net\/?p=5621#breadcrumb","itemListElement":[{"@type":"ListItem","position":1,"name":"Accueil","item":"https:\/\/infos-droitshumains.net\/"},{"@type":"ListItem","position":2,"name":"Droits de l&rsquo;Homme en RDC: La proposition de loi sur l&rsquo;abolition de la peine de mort au c\u0153ur d&rsquo;une conf\u00e9rence-d\u00e9bat organis\u00e9e par le BCNUDH"}]},{"@type":"WebSite","@id":"https:\/\/infos-droitshumains.net\/#website","url":"https:\/\/infos-droitshumains.net\/","name":"Infos Droits Humains","description":"S&#039;informer est un droit","publisher":{"@id":"https:\/\/infos-droitshumains.net\/#organization"},"potentialAction":[{"@type":"SearchAction","target":{"@type":"EntryPoint","urlTemplate":"https:\/\/infos-droitshumains.net\/?s={search_term_string}"},"query-input":{"@type":"PropertyValueSpecification","valueRequired":true,"valueName":"search_term_string"}}],"inLanguage":"fr-FR"},{"@type":"Organization","@id":"https:\/\/infos-droitshumains.net\/#organization","name":"Infos Droits Humains","url":"https:\/\/infos-droitshumains.net\/","logo":{"@type":"ImageObject","inLanguage":"fr-FR","@id":"https:\/\/infos-droitshumains.net\/#\/schema\/logo\/image\/","url":"https:\/\/i0.wp.com\/infos-droitshumains.net\/wp-content\/uploads\/2022\/05\/Logo.png?fit=333%2C129&ssl=1","contentUrl":"https:\/\/i0.wp.com\/infos-droitshumains.net\/wp-content\/uploads\/2022\/05\/Logo.png?fit=333%2C129&ssl=1","width":333,"height":129,"caption":"Infos Droits Humains"},"image":{"@id":"https:\/\/infos-droitshumains.net\/#\/schema\/logo\/image\/"}},{"@type":"Person","@id":"https:\/\/infos-droitshumains.net\/#\/schema\/person\/3dc5e921c3302172e0ed4362f96faab7","name":"Jo\u00ebl Diawa","image":{"@type":"ImageObject","inLanguage":"fr-FR","@id":"https:\/\/secure.gravatar.com\/avatar\/729bea6ff4604c624417803c477363be8e3c7186deaa65713313f9b4b820f41c?s=96&d=mm&r=g","url":"https:\/\/secure.gravatar.com\/avatar\/729bea6ff4604c624417803c477363be8e3c7186deaa65713313f9b4b820f41c?s=96&d=mm&r=g","contentUrl":"https:\/\/secure.gravatar.com\/avatar\/729bea6ff4604c624417803c477363be8e3c7186deaa65713313f9b4b820f41c?s=96&d=mm&r=g","caption":"Jo\u00ebl Diawa"},"sameAs":["https:\/\/www.infos-droitshumains.net"],"url":"https:\/\/infos-droitshumains.net\/?author=2"}]}},"featured_image_urls":{"full":["https:\/\/i0.wp.com\/infos-droitshumains.net\/wp-content\/uploads\/2022\/11\/IMG-20221115-WA0038_1.jpg?fit=1080%2C530&ssl=1",1080,530,false],"thumbnail":["https:\/\/i0.wp.com\/infos-droitshumains.net\/wp-content\/uploads\/2022\/11\/IMG-20221115-WA0038_1.jpg?resize=150%2C150&ssl=1",150,150,true],"medium":["https:\/\/i0.wp.com\/infos-droitshumains.net\/wp-content\/uploads\/2022\/11\/IMG-20221115-WA0038_1.jpg?fit=300%2C147&ssl=1",300,147,true],"medium_large":["https:\/\/i0.wp.com\/infos-droitshumains.net\/wp-content\/uploads\/2022\/11\/IMG-20221115-WA0038_1.jpg?fit=640%2C314&ssl=1",640,314,true],"large":["https:\/\/i0.wp.com\/infos-droitshumains.net\/wp-content\/uploads\/2022\/11\/IMG-20221115-WA0038_1.jpg?fit=640%2C314&ssl=1",640,314,true],"1536x1536":["https:\/\/i0.wp.com\/infos-droitshumains.net\/wp-content\/uploads\/2022\/11\/IMG-20221115-WA0038_1.jpg?fit=1080%2C530&ssl=1",1080,530,true],"2048x2048":["https:\/\/i0.wp.com\/infos-droitshumains.net\/wp-content\/uploads\/2022\/11\/IMG-20221115-WA0038_1.jpg?fit=1080%2C530&ssl=1",1080,530,true],"covernews-slider-full":["https:\/\/i0.wp.com\/infos-droitshumains.net\/wp-content\/uploads\/2022\/11\/IMG-20221115-WA0038_1.jpg?resize=1080%2C530&ssl=1",1080,530,true],"covernews-slider-center":["https:\/\/i0.wp.com\/infos-droitshumains.net\/wp-content\/uploads\/2022\/11\/IMG-20221115-WA0038_1.jpg?resize=800%2C500&ssl=1",800,500,true],"covernews-featured":["https:\/\/i0.wp.com\/infos-droitshumains.net\/wp-content\/uploads\/2022\/11\/IMG-20221115-WA0038_1.jpg?fit=1024%2C503&ssl=1",1024,503,true],"covernews-medium":["https:\/\/i0.wp.com\/infos-droitshumains.net\/wp-content\/uploads\/2022\/11\/IMG-20221115-WA0038_1.jpg?resize=540%2C340&ssl=1",540,340,true],"covernews-medium-square":["https:\/\/i0.wp.com\/infos-droitshumains.net\/wp-content\/uploads\/2022\/11\/IMG-20221115-WA0038_1.jpg?resize=400%2C250&ssl=1",400,250,true]},"author_info":{"display_name":"Jo\u00ebl Diawa","author_link":"https:\/\/infos-droitshumains.net\/?author=2"},"category_info":"<a href=\"https:\/\/infos-droitshumains.net\/?cat=7\" rel=\"category\">Droits Humains<\/a>","tag_info":"Droits Humains","comment_count":"0","jetpack_featured_media_url":"https:\/\/i0.wp.com\/infos-droitshumains.net\/wp-content\/uploads\/2022\/11\/IMG-20221115-WA0038_1.jpg?fit=1080%2C530&ssl=1","jetpack-related-posts":[],"jetpack_sharing_enabled":true,"_links":{"self":[{"href":"https:\/\/infos-droitshumains.net\/index.php?rest_route=\/wp\/v2\/posts\/5621","targetHints":{"allow":["GET"]}}],"collection":[{"href":"https:\/\/infos-droitshumains.net\/index.php?rest_route=\/wp\/v2\/posts"}],"about":[{"href":"https:\/\/infos-droitshumains.net\/index.php?rest_route=\/wp\/v2\/types\/post"}],"author":[{"embeddable":true,"href":"https:\/\/infos-droitshumains.net\/index.php?rest_route=\/wp\/v2\/users\/2"}],"replies":[{"embeddable":true,"href":"https:\/\/infos-droitshumains.net\/index.php?rest_route=%2Fwp%2Fv2%2Fcomments&post=5621"}],"version-history":[{"count":4,"href":"https:\/\/infos-droitshumains.net\/index.php?rest_route=\/wp\/v2\/posts\/5621\/revisions"}],"predecessor-version":[{"id":5627,"href":"https:\/\/infos-droitshumains.net\/index.php?rest_route=\/wp\/v2\/posts\/5621\/revisions\/5627"}],"wp:featuredmedia":[{"embeddable":true,"href":"https:\/\/infos-droitshumains.net\/index.php?rest_route=\/wp\/v2\/media\/5624"}],"wp:attachment":[{"href":"https:\/\/infos-droitshumains.net\/index.php?rest_route=%2Fwp%2Fv2%2Fmedia&parent=5621"}],"wp:term":[{"taxonomy":"category","embeddable":true,"href":"https:\/\/infos-droitshumains.net\/index.php?rest_route=%2Fwp%2Fv2%2Fcategories&post=5621"},{"taxonomy":"post_tag","embeddable":true,"href":"https:\/\/infos-droitshumains.net\/index.php?rest_route=%2Fwp%2Fv2%2Ftags&post=5621"}],"curies":[{"name":"wp","href":"https:\/\/api.w.org\/{rel}","templated":true}]}}