{"id":559,"date":"2021-06-24T15:11:19","date_gmt":"2021-06-24T13:11:19","guid":{"rendered":"https:\/\/www.infos-droitshumains.net\/?p=559"},"modified":"2023-04-06T12:11:45","modified_gmt":"2023-04-06T10:11:45","slug":"ministere-de-transport-voies-de-communication-et-desenclavement-cherubin-okende-sactive-pour-le-desenclavement-de-certains-coins-du-pays","status":"publish","type":"post","link":"https:\/\/infos-droitshumains.net\/?p=559","title":{"rendered":"Minist\u00e8re de transport, voies de communication et d\u00e9senclavement : Ch\u00e9rubin Okende s&rsquo;active pour le d\u00e9senclavement de certains coins du pays."},"content":{"rendered":"\n<p><\/p>\n\n\n\n<p>La probl\u00e9matique du d\u00e9senclavement de la province du Sankuru  \u00e9tait au menu des \u00e9changes ce mercredi 23 juin 2021 entre  le Ministre des transports, voies de communication et d\u00e9senclavement et le s\u00e9nateur L\u00e9onard She Okitundu, \u00e9lu de la dite province.<\/p>\n\n\n\n<p>Ch\u00e9rubin Okende et son invit\u00e9 se sont convenus sur le fait que le d\u00e9senclavement de cette province est vital pour l&rsquo;ensemble du pays au regard de la sa position g\u00e9ographique: <\/p>\n\n\n\n<p>\u00a0\u00bb <em>Le Sankuru est au coeur de la R\u00e9publique, mais c&rsquo;est une province qui a \u00e9t\u00e9 longtemps oubli\u00e9e. La question de son d\u00e9senclavement est consid\u00e9r\u00e9e comme vitale, c&rsquo;est pour \u00e7a que je voulais discuter avec le ministre em qui \u00e9tait proactif. Lusambo est presque le seul chef lieu du pays qui n&rsquo;a pas un a\u00e9roport qui puisse accueillir des gros porteurs. Je voulais voir avec le ministre, pour que dans son programme d&rsquo;action il mette la construction d&rsquo;un bon a\u00e9roport pour la province de Sankuru \u00e0 Lusambo comme \u00e9tant l&rsquo;une de ses actions prioritaires. En m\u00eame temps, il y a l&rsquo;a\u00e9roport de Lodja et de Tshumbe qui ont \u00e9t\u00e9 pris en consid\u00e9ration par le premier ministre et le chef de l&rsquo;\u00c9tat. Je voulais rendre attentif le ministre, pour qu&rsquo;il ne perde pas de vue<\/em> \u00a0\u00bb a d\u00e9clar\u00e9 le s\u00e9nateur She Okitundu au sortir de son t\u00eate-\u00e0-t\u00eate avec le ministre Okende.<\/p>\n\n\n\n<figure class=\"wp-block-image alignfull size-large\"><img data-recalc-dims=\"1\" decoding=\"async\" src=\"https:\/\/i0.wp.com\/www.infos-droitshumains.net\/wp-content\/uploads\/2021\/06\/IMG-20210624-WA0029.jpg?w=640&#038;ssl=1\" alt=\"\" class=\"wp-image-560\" \/><\/figure>\n\n\n\n<p>Les deux ressortissants du Sankuru sont all\u00e9 au-del\u00e0 de leur province, Leonard She Okitundu a aussi rappel\u00e9 \u00e0 Ch\u00e9rubin Okende la n\u00e9cessit\u00e9 de d\u00e9senclaver l&rsquo;ensemble de la R\u00e9publique D\u00e9mocratique du Congo qui passe par la construction des ouvrages de franchissement : <\/p>\n\n\n\n<p>\u00a0\u00bb <em>La province du Sankuru \u00e9tant au coeur de la R\u00e9publique, je pense que si on la d\u00e9senclave, on desenclave aussi la r\u00e9publique. Il y a une route nationale qui part de Kinshasa \u00e0 Kikwit, Tshikapa, Kananga, Benadibele, Lodja, Lomela, Opala, Ikela avant d&rsquo;arriver \u00e0 Kisangani. Si cette route est refaite, il n&rsquo;y a pas meilleur moyen de r\u00e9unifier la r\u00e9publique. Ce qui nous pose probl\u00e8me, ce sont des ouvrages de franchissement. Si on arrive \u00e0 construire les ouvrages de franchissement, in\u00e9vitablement, le pays est d\u00e9senclav\u00e9. Ce sont des observations que je voulais faire au ministre<\/em> \u00ab\u00a0.<\/p>\n\n\n\n<figure class=\"wp-block-image alignfull size-large\"><img data-recalc-dims=\"1\" decoding=\"async\" src=\"https:\/\/i0.wp.com\/www.infos-droitshumains.net\/wp-content\/uploads\/2021\/06\/IMG-20210624-WA0026.jpg?w=640&#038;ssl=1\" alt=\"\" class=\"wp-image-561\" \/><\/figure>\n\n\n\n<p>Mercredi 23 juin, \u00e9tait une journ\u00e9e marathon pour le patron des transports voies de communication et d\u00e9senclavement qui a \u00e9galement conf\u00e9r\u00e9 avec le responsable du projet Eau de l&rsquo;agence de d\u00e9veloppement belge. Ce dernier est venu solliciter l&rsquo;appui du ministre pour d\u00e9bloquer une situation en faveur de la province du Maniema : <\/p>\n\n\n\n<p>\u00a0\u00bb <em>Nous sommes pass\u00e9 pour solliciter l&rsquo;intervention du ministre en ce qui concerne le d\u00e9blocage des wagons qui doivent amener du mat\u00e9riel de Kalemie \u00e0 Kindu dans le cadre du projet d&rsquo;approvisionnement en eau potable pour la population du Maniema. Le ministre nous a promis son appui et il a directement contact\u00e9 les int\u00e9ress\u00e9s<\/em> \u00a0\u00bb \u00e0 fait savoir Antoine Mesu, chef de projet du programme eau de l&rsquo;agence de d\u00e9veloppement Belge ex CTB.<\/p>\n\n\n\n<figure class=\"wp-block-image alignfull size-large\"><img data-recalc-dims=\"1\" decoding=\"async\" src=\"https:\/\/i0.wp.com\/www.infos-droitshumains.net\/wp-content\/uploads\/2021\/06\/IMG-20210624-WA0030.jpg?w=640&#038;ssl=1\" alt=\"\" class=\"wp-image-562\" \/><\/figure>\n\n\n\n<p>Le ministre Ch\u00e9rubin Okende a \u00e0 travers ces audiences, d\u00e9montr\u00e9 son pragmatisme dans la recherche des solutions de d\u00e9senclavement de certains coins de la R\u00e9publique D\u00e9mocratique du Congo.<\/p>\n\n\n\n<p>Merlin Kamalandua<\/p>\n","protected":false},"excerpt":{"rendered":"<p>La probl\u00e9matique du d\u00e9senclavement de la province du Sankuru \u00e9tait au menu des \u00e9changes ce&#8230;<\/p>\n","protected":false},"author":2,"featured_media":0,"comment_status":"open","ping_status":"open","sticky":false,"template":"","format":"standard","meta":{"_jetpack_memberships_contains_paid_content":false,"footnotes":""},"categories":[1],"tags":[],"class_list":["post-559","post","type-post","status-publish","format-standard","hentry","category-non-classe"],"yoast_head":"<!-- This site is optimized with the Yoast SEO plugin v27.5 - https:\/\/yoast.com\/product\/yoast-seo-wordpress\/ -->\n<title>Minist\u00e8re de transport, voies de communication et d\u00e9senclavement : Ch\u00e9rubin Okende s&#039;active pour le d\u00e9senclavement de certains coins du pays. - Infos Droits Humains<\/title>\n<meta name=\"robots\" content=\"index, follow, max-snippet:-1, max-image-preview:large, max-video-preview:-1\" \/>\n<link rel=\"canonical\" href=\"https:\/\/infos-droitshumains.net\/?p=559\" \/>\n<meta property=\"og:locale\" content=\"fr_FR\" \/>\n<meta property=\"og:type\" content=\"article\" \/>\n<meta property=\"og:title\" content=\"Minist\u00e8re de transport, voies de communication et d\u00e9senclavement : Ch\u00e9rubin Okende s&#039;active pour le d\u00e9senclavement de certains coins du pays. - Infos Droits Humains\" \/>\n<meta property=\"og:description\" content=\"La probl\u00e9matique du d\u00e9senclavement de la province du Sankuru \u00e9tait au menu des \u00e9changes ce...\" \/>\n<meta property=\"og:url\" content=\"https:\/\/infos-droitshumains.net\/?p=559\" \/>\n<meta property=\"og:site_name\" content=\"Infos Droits Humains\" \/>\n<meta property=\"article:published_time\" content=\"2021-06-24T13:11:19+00:00\" \/>\n<meta property=\"article:modified_time\" content=\"2023-04-06T10:11:45+00:00\" \/>\n<meta property=\"og:image\" content=\"https:\/\/www.infos-droitshumains.net\/wp-content\/uploads\/2021\/06\/IMG-20210624-WA0029.jpg\" \/>\n<meta name=\"author\" content=\"Jo\u00ebl Diawa\" \/>\n<meta name=\"twitter:card\" content=\"summary_large_image\" \/>\n<meta name=\"twitter:label1\" content=\"\u00c9crit par\" \/>\n\t<meta name=\"twitter:data1\" content=\"Jo\u00ebl Diawa\" \/>\n\t<meta name=\"twitter:label2\" content=\"Dur\u00e9e de lecture estim\u00e9e\" \/>\n\t<meta name=\"twitter:data2\" content=\"3 minutes\" \/>\n<script type=\"application\/ld+json\" class=\"yoast-schema-graph\">{\"@context\":\"https:\\\/\\\/schema.org\",\"@graph\":[{\"@type\":\"Article\",\"@id\":\"https:\\\/\\\/infos-droitshumains.net\\\/?p=559#article\",\"isPartOf\":{\"@id\":\"https:\\\/\\\/infos-droitshumains.net\\\/?p=559\"},\"author\":{\"name\":\"Jo\u00ebl Diawa\",\"@id\":\"https:\\\/\\\/infos-droitshumains.net\\\/#\\\/schema\\\/person\\\/3dc5e921c3302172e0ed4362f96faab7\"},\"headline\":\"Minist\u00e8re de transport, voies de communication et d\u00e9senclavement : Ch\u00e9rubin Okende s&rsquo;active pour le d\u00e9senclavement de certains coins du pays.\",\"datePublished\":\"2021-06-24T13:11:19+00:00\",\"dateModified\":\"2023-04-06T10:11:45+00:00\",\"mainEntityOfPage\":{\"@id\":\"https:\\\/\\\/infos-droitshumains.net\\\/?p=559\"},\"wordCount\":569,\"commentCount\":0,\"publisher\":{\"@id\":\"https:\\\/\\\/infos-droitshumains.net\\\/#organization\"},\"image\":{\"@id\":\"https:\\\/\\\/infos-droitshumains.net\\\/?p=559#primaryimage\"},\"thumbnailUrl\":\"https:\\\/\\\/www.infos-droitshumains.net\\\/wp-content\\\/uploads\\\/2021\\\/06\\\/IMG-20210624-WA0029.jpg\",\"inLanguage\":\"fr-FR\",\"potentialAction\":[{\"@type\":\"CommentAction\",\"name\":\"Comment\",\"target\":[\"https:\\\/\\\/infos-droitshumains.net\\\/?p=559#respond\"]}]},{\"@type\":\"WebPage\",\"@id\":\"https:\\\/\\\/infos-droitshumains.net\\\/?p=559\",\"url\":\"https:\\\/\\\/infos-droitshumains.net\\\/?p=559\",\"name\":\"Minist\u00e8re de transport, voies de communication et d\u00e9senclavement : Ch\u00e9rubin Okende s'active pour le d\u00e9senclavement de certains coins du pays. - Infos Droits Humains\",\"isPartOf\":{\"@id\":\"https:\\\/\\\/infos-droitshumains.net\\\/#website\"},\"primaryImageOfPage\":{\"@id\":\"https:\\\/\\\/infos-droitshumains.net\\\/?p=559#primaryimage\"},\"image\":{\"@id\":\"https:\\\/\\\/infos-droitshumains.net\\\/?p=559#primaryimage\"},\"thumbnailUrl\":\"https:\\\/\\\/www.infos-droitshumains.net\\\/wp-content\\\/uploads\\\/2021\\\/06\\\/IMG-20210624-WA0029.jpg\",\"datePublished\":\"2021-06-24T13:11:19+00:00\",\"dateModified\":\"2023-04-06T10:11:45+00:00\",\"breadcrumb\":{\"@id\":\"https:\\\/\\\/infos-droitshumains.net\\\/?p=559#breadcrumb\"},\"inLanguage\":\"fr-FR\",\"potentialAction\":[{\"@type\":\"ReadAction\",\"target\":[\"https:\\\/\\\/infos-droitshumains.net\\\/?p=559\"]}]},{\"@type\":\"ImageObject\",\"inLanguage\":\"fr-FR\",\"@id\":\"https:\\\/\\\/infos-droitshumains.net\\\/?p=559#primaryimage\",\"url\":\"https:\\\/\\\/www.infos-droitshumains.net\\\/wp-content\\\/uploads\\\/2021\\\/06\\\/IMG-20210624-WA0029.jpg\",\"contentUrl\":\"https:\\\/\\\/www.infos-droitshumains.net\\\/wp-content\\\/uploads\\\/2021\\\/06\\\/IMG-20210624-WA0029.jpg\"},{\"@type\":\"BreadcrumbList\",\"@id\":\"https:\\\/\\\/infos-droitshumains.net\\\/?p=559#breadcrumb\",\"itemListElement\":[{\"@type\":\"ListItem\",\"position\":1,\"name\":\"Accueil\",\"item\":\"https:\\\/\\\/infos-droitshumains.net\\\/\"},{\"@type\":\"ListItem\",\"position\":2,\"name\":\"Minist\u00e8re de transport, voies de communication et d\u00e9senclavement : Ch\u00e9rubin Okende s&rsquo;active pour le d\u00e9senclavement de certains coins du pays.\"}]},{\"@type\":\"WebSite\",\"@id\":\"https:\\\/\\\/infos-droitshumains.net\\\/#website\",\"url\":\"https:\\\/\\\/infos-droitshumains.net\\\/\",\"name\":\"Infos Droits Humains\",\"description\":\"S&#039;informer est un droit\",\"publisher\":{\"@id\":\"https:\\\/\\\/infos-droitshumains.net\\\/#organization\"},\"potentialAction\":[{\"@type\":\"SearchAction\",\"target\":{\"@type\":\"EntryPoint\",\"urlTemplate\":\"https:\\\/\\\/infos-droitshumains.net\\\/?s={search_term_string}\"},\"query-input\":{\"@type\":\"PropertyValueSpecification\",\"valueRequired\":true,\"valueName\":\"search_term_string\"}}],\"inLanguage\":\"fr-FR\"},{\"@type\":\"Organization\",\"@id\":\"https:\\\/\\\/infos-droitshumains.net\\\/#organization\",\"name\":\"Infos Droits Humains\",\"url\":\"https:\\\/\\\/infos-droitshumains.net\\\/\",\"logo\":{\"@type\":\"ImageObject\",\"inLanguage\":\"fr-FR\",\"@id\":\"https:\\\/\\\/infos-droitshumains.net\\\/#\\\/schema\\\/logo\\\/image\\\/\",\"url\":\"https:\\\/\\\/i0.wp.com\\\/infos-droitshumains.net\\\/wp-content\\\/uploads\\\/2022\\\/05\\\/Logo.png?fit=333%2C129&ssl=1\",\"contentUrl\":\"https:\\\/\\\/i0.wp.com\\\/infos-droitshumains.net\\\/wp-content\\\/uploads\\\/2022\\\/05\\\/Logo.png?fit=333%2C129&ssl=1\",\"width\":333,\"height\":129,\"caption\":\"Infos Droits Humains\"},\"image\":{\"@id\":\"https:\\\/\\\/infos-droitshumains.net\\\/#\\\/schema\\\/logo\\\/image\\\/\"}},{\"@type\":\"Person\",\"@id\":\"https:\\\/\\\/infos-droitshumains.net\\\/#\\\/schema\\\/person\\\/3dc5e921c3302172e0ed4362f96faab7\",\"name\":\"Jo\u00ebl Diawa\",\"image\":{\"@type\":\"ImageObject\",\"inLanguage\":\"fr-FR\",\"@id\":\"https:\\\/\\\/secure.gravatar.com\\\/avatar\\\/729bea6ff4604c624417803c477363be8e3c7186deaa65713313f9b4b820f41c?s=96&d=mm&r=g\",\"url\":\"https:\\\/\\\/secure.gravatar.com\\\/avatar\\\/729bea6ff4604c624417803c477363be8e3c7186deaa65713313f9b4b820f41c?s=96&d=mm&r=g\",\"contentUrl\":\"https:\\\/\\\/secure.gravatar.com\\\/avatar\\\/729bea6ff4604c624417803c477363be8e3c7186deaa65713313f9b4b820f41c?s=96&d=mm&r=g\",\"caption\":\"Jo\u00ebl Diawa\"},\"sameAs\":[\"https:\\\/\\\/www.infos-droitshumains.net\"],\"url\":\"https:\\\/\\\/infos-droitshumains.net\\\/?author=2\"}]}<\/script>\n<!-- \/ Yoast SEO plugin. -->","yoast_head_json":{"title":"Minist\u00e8re de transport, voies de communication et d\u00e9senclavement : Ch\u00e9rubin Okende s'active pour le d\u00e9senclavement de certains coins du pays. - Infos Droits Humains","robots":{"index":"index","follow":"follow","max-snippet":"max-snippet:-1","max-image-preview":"max-image-preview:large","max-video-preview":"max-video-preview:-1"},"canonical":"https:\/\/infos-droitshumains.net\/?p=559","og_locale":"fr_FR","og_type":"article","og_title":"Minist\u00e8re de transport, voies de communication et d\u00e9senclavement : Ch\u00e9rubin Okende s'active pour le d\u00e9senclavement de certains coins du pays. - Infos Droits Humains","og_description":"La probl\u00e9matique du d\u00e9senclavement de la province du Sankuru \u00e9tait au menu des \u00e9changes ce...","og_url":"https:\/\/infos-droitshumains.net\/?p=559","og_site_name":"Infos Droits Humains","article_published_time":"2021-06-24T13:11:19+00:00","article_modified_time":"2023-04-06T10:11:45+00:00","og_image":[{"url":"https:\/\/www.infos-droitshumains.net\/wp-content\/uploads\/2021\/06\/IMG-20210624-WA0029.jpg","type":"","width":"","height":""}],"author":"Jo\u00ebl Diawa","twitter_card":"summary_large_image","twitter_misc":{"\u00c9crit par":"Jo\u00ebl Diawa","Dur\u00e9e de lecture estim\u00e9e":"3 minutes"},"schema":{"@context":"https:\/\/schema.org","@graph":[{"@type":"Article","@id":"https:\/\/infos-droitshumains.net\/?p=559#article","isPartOf":{"@id":"https:\/\/infos-droitshumains.net\/?p=559"},"author":{"name":"Jo\u00ebl Diawa","@id":"https:\/\/infos-droitshumains.net\/#\/schema\/person\/3dc5e921c3302172e0ed4362f96faab7"},"headline":"Minist\u00e8re de transport, voies de communication et d\u00e9senclavement : Ch\u00e9rubin Okende s&rsquo;active pour le d\u00e9senclavement de certains coins du pays.","datePublished":"2021-06-24T13:11:19+00:00","dateModified":"2023-04-06T10:11:45+00:00","mainEntityOfPage":{"@id":"https:\/\/infos-droitshumains.net\/?p=559"},"wordCount":569,"commentCount":0,"publisher":{"@id":"https:\/\/infos-droitshumains.net\/#organization"},"image":{"@id":"https:\/\/infos-droitshumains.net\/?p=559#primaryimage"},"thumbnailUrl":"https:\/\/www.infos-droitshumains.net\/wp-content\/uploads\/2021\/06\/IMG-20210624-WA0029.jpg","inLanguage":"fr-FR","potentialAction":[{"@type":"CommentAction","name":"Comment","target":["https:\/\/infos-droitshumains.net\/?p=559#respond"]}]},{"@type":"WebPage","@id":"https:\/\/infos-droitshumains.net\/?p=559","url":"https:\/\/infos-droitshumains.net\/?p=559","name":"Minist\u00e8re de transport, voies de communication et d\u00e9senclavement : Ch\u00e9rubin Okende s'active pour le d\u00e9senclavement de certains coins du pays. - Infos Droits Humains","isPartOf":{"@id":"https:\/\/infos-droitshumains.net\/#website"},"primaryImageOfPage":{"@id":"https:\/\/infos-droitshumains.net\/?p=559#primaryimage"},"image":{"@id":"https:\/\/infos-droitshumains.net\/?p=559#primaryimage"},"thumbnailUrl":"https:\/\/www.infos-droitshumains.net\/wp-content\/uploads\/2021\/06\/IMG-20210624-WA0029.jpg","datePublished":"2021-06-24T13:11:19+00:00","dateModified":"2023-04-06T10:11:45+00:00","breadcrumb":{"@id":"https:\/\/infos-droitshumains.net\/?p=559#breadcrumb"},"inLanguage":"fr-FR","potentialAction":[{"@type":"ReadAction","target":["https:\/\/infos-droitshumains.net\/?p=559"]}]},{"@type":"ImageObject","inLanguage":"fr-FR","@id":"https:\/\/infos-droitshumains.net\/?p=559#primaryimage","url":"https:\/\/www.infos-droitshumains.net\/wp-content\/uploads\/2021\/06\/IMG-20210624-WA0029.jpg","contentUrl":"https:\/\/www.infos-droitshumains.net\/wp-content\/uploads\/2021\/06\/IMG-20210624-WA0029.jpg"},{"@type":"BreadcrumbList","@id":"https:\/\/infos-droitshumains.net\/?p=559#breadcrumb","itemListElement":[{"@type":"ListItem","position":1,"name":"Accueil","item":"https:\/\/infos-droitshumains.net\/"},{"@type":"ListItem","position":2,"name":"Minist\u00e8re de transport, voies de communication et d\u00e9senclavement : Ch\u00e9rubin Okende s&rsquo;active pour le d\u00e9senclavement de certains coins du pays."}]},{"@type":"WebSite","@id":"https:\/\/infos-droitshumains.net\/#website","url":"https:\/\/infos-droitshumains.net\/","name":"Infos Droits Humains","description":"S&#039;informer est un droit","publisher":{"@id":"https:\/\/infos-droitshumains.net\/#organization"},"potentialAction":[{"@type":"SearchAction","target":{"@type":"EntryPoint","urlTemplate":"https:\/\/infos-droitshumains.net\/?s={search_term_string}"},"query-input":{"@type":"PropertyValueSpecification","valueRequired":true,"valueName":"search_term_string"}}],"inLanguage":"fr-FR"},{"@type":"Organization","@id":"https:\/\/infos-droitshumains.net\/#organization","name":"Infos Droits Humains","url":"https:\/\/infos-droitshumains.net\/","logo":{"@type":"ImageObject","inLanguage":"fr-FR","@id":"https:\/\/infos-droitshumains.net\/#\/schema\/logo\/image\/","url":"https:\/\/i0.wp.com\/infos-droitshumains.net\/wp-content\/uploads\/2022\/05\/Logo.png?fit=333%2C129&ssl=1","contentUrl":"https:\/\/i0.wp.com\/infos-droitshumains.net\/wp-content\/uploads\/2022\/05\/Logo.png?fit=333%2C129&ssl=1","width":333,"height":129,"caption":"Infos Droits Humains"},"image":{"@id":"https:\/\/infos-droitshumains.net\/#\/schema\/logo\/image\/"}},{"@type":"Person","@id":"https:\/\/infos-droitshumains.net\/#\/schema\/person\/3dc5e921c3302172e0ed4362f96faab7","name":"Jo\u00ebl Diawa","image":{"@type":"ImageObject","inLanguage":"fr-FR","@id":"https:\/\/secure.gravatar.com\/avatar\/729bea6ff4604c624417803c477363be8e3c7186deaa65713313f9b4b820f41c?s=96&d=mm&r=g","url":"https:\/\/secure.gravatar.com\/avatar\/729bea6ff4604c624417803c477363be8e3c7186deaa65713313f9b4b820f41c?s=96&d=mm&r=g","contentUrl":"https:\/\/secure.gravatar.com\/avatar\/729bea6ff4604c624417803c477363be8e3c7186deaa65713313f9b4b820f41c?s=96&d=mm&r=g","caption":"Jo\u00ebl Diawa"},"sameAs":["https:\/\/www.infos-droitshumains.net"],"url":"https:\/\/infos-droitshumains.net\/?author=2"}]}},"featured_image_urls":{"full":"","thumbnail":"","medium":"","medium_large":"","large":"","1536x1536":"","2048x2048":"","covernews-slider-full":"","covernews-slider-center":"","covernews-featured":"","covernews-medium":"","covernews-medium-square":""},"author_info":{"display_name":"Jo\u00ebl Diawa","author_link":"https:\/\/infos-droitshumains.net\/?author=2"},"category_info":"<a href=\"https:\/\/infos-droitshumains.net\/?cat=1\" rel=\"category\">Non class\u00e9<\/a>","tag_info":"Non class\u00e9","comment_count":"0","jetpack_featured_media_url":"","jetpack-related-posts":[],"jetpack_sharing_enabled":true,"_links":{"self":[{"href":"https:\/\/infos-droitshumains.net\/index.php?rest_route=\/wp\/v2\/posts\/559","targetHints":{"allow":["GET"]}}],"collection":[{"href":"https:\/\/infos-droitshumains.net\/index.php?rest_route=\/wp\/v2\/posts"}],"about":[{"href":"https:\/\/infos-droitshumains.net\/index.php?rest_route=\/wp\/v2\/types\/post"}],"author":[{"embeddable":true,"href":"https:\/\/infos-droitshumains.net\/index.php?rest_route=\/wp\/v2\/users\/2"}],"replies":[{"embeddable":true,"href":"https:\/\/infos-droitshumains.net\/index.php?rest_route=%2Fwp%2Fv2%2Fcomments&post=559"}],"version-history":[{"count":3,"href":"https:\/\/infos-droitshumains.net\/index.php?rest_route=\/wp\/v2\/posts\/559\/revisions"}],"predecessor-version":[{"id":567,"href":"https:\/\/infos-droitshumains.net\/index.php?rest_route=\/wp\/v2\/posts\/559\/revisions\/567"}],"wp:attachment":[{"href":"https:\/\/infos-droitshumains.net\/index.php?rest_route=%2Fwp%2Fv2%2Fmedia&parent=559"}],"wp:term":[{"taxonomy":"category","embeddable":true,"href":"https:\/\/infos-droitshumains.net\/index.php?rest_route=%2Fwp%2Fv2%2Fcategories&post=559"},{"taxonomy":"post_tag","embeddable":true,"href":"https:\/\/infos-droitshumains.net\/index.php?rest_route=%2Fwp%2Fv2%2Ftags&post=559"}],"curies":[{"name":"wp","href":"https:\/\/api.w.org\/{rel}","templated":true}]}}