{"id":5568,"date":"2022-11-09T20:10:04","date_gmt":"2022-11-09T19:10:04","guid":{"rendered":"https:\/\/infos-droitshumains.net\/?p=5568"},"modified":"2022-11-10T10:24:41","modified_gmt":"2022-11-10T09:24:41","slug":"mise-en-ouvre-de-la-justice-transitionnelle-en-rdc-le-bcnudh-et-la-belgique-reiterent-leur-appui-technique-et-financier","status":"publish","type":"post","link":"https:\/\/infos-droitshumains.net\/?p=5568","title":{"rendered":"Mise en \u0153uvre de la justice transitionnelle en RDC : le BCNUDH et la Belgique r\u00e9it\u00e8rent leur appui technique et financier"},"content":{"rendered":"\n<p><strong>R\u00e9daction:+243817406088<\/strong><\/p>\n\n\n\n<p>Le Bureau Conjoint des Nations Unies aux Droits de l\u2019Homme et le Royaume de la Belgique restent d\u00e9termin\u00e9s \u00e0 accompagner la R\u00e9publique D\u00e9mocratique du Congo dans la mise en \u0153uvre de la justice transitionnelle.<\/p>\n\n\n\n<p>Cette confirmation a \u00e9t\u00e9 faite le mardi 8 novembre 2022 au cours de la deuxi\u00e8me r\u00e9union du Comit\u00e9 de pilotage pour le suivi de la mise en \u0153uvre du projet d\u2019appui aux activit\u00e9s du Bureau Conjoint des Nations Unies aux Droits de l&rsquo;Homme(BCNUDH) en mati\u00e8re de justice transitionnelle, de lutte contre l\u2019impunit\u00e9 et de protection en RDC, r\u00e9union tenue \u00e0 l\u2019ambassade de la Belgique \u00e0 Kinshasa.<\/p>\n\n\n\n<p>cette rencontre qui s\u2019est essentiellement articul\u00e9e sur l&rsquo;\u00e9valuation du processus de la mise en place de la justice transitionnelle en RDC a permis aux diff\u00e9rentes parties prenantes de faire <em>\u00abl\u2019\u00e9tat des lieux des r\u00e9alisations majeures obtenues jusqu\u2019\u00e0 ce jour \u00bb<\/em>, a fait savoir Erica Bussey, Directrice adjointe du BCNUDH et Repr\u00e9sentante du Haut-Commissaire des Nations Unies aux Droits de l\u2019Homme en RDC.<\/p>\n\n\n\n<p>Ce projet financ\u00e9 \u00e0 la hauteur de 1.5 millions d&rsquo;euros par la Belgique a permis \u00e0 la RDC de d\u00e9velopper une politique coh\u00e9rente et holistique de justice transitionnelle, rel\u00e8ve l&rsquo;ambassade du royaume de Belgique dans un communiqu\u00e9 datant du 8 novembre.<\/p>\n\n\n\n<p><em>\u00ab \u00c0 cet \u00e9gard, il a \u00e9t\u00e9 not\u00e9 que le projet a permis de soutenir l\u2019organisation de consultations nationales sur la Justice transitionnelle dans 6 provinces du pays, conduisant au recueil des perspectives de 15718 personnes sur leurs attentes en mati\u00e8re de droits \u00e0 la v\u00e9rit\u00e9, \u00e0 la justice, aux r\u00e9parations et aux garanties de non-r\u00e9p\u00e9tition, afin de trouver les options idoines pour mettre fin au cycle de violence dans le pays \u00bb,<\/em> lit-on dans ce communiqu\u00e9.<\/p>\n\n\n\n<p>Dans certaines de leurs r\u00e9solutions, le Conseil de S\u00e9curit\u00e9 des Nations Unies et celui des Droits de l&rsquo;Homme se f\u00e9licitent des avanc\u00e9es enregistr\u00e9es \u00e0-travers ce projet, a dit la directrice adjointe du BCNUDH.<\/p>\n\n\n\n<p><em>\u00ab le Conseil de S\u00e9curit\u00e9 des Nations dans sa R\u00e9solution 2612 et le Conseil des droits de l\u2019Homme dans sa R\u00e9solution 51\/36 du 7 octobre 2022 ont unanimement reconnu et salu\u00e9 les avanc\u00e9es positives r\u00e9cemment enregistr\u00e9es dans la mise en \u0153uvre du processus de justice transitionnelle en RDC \u00bb.<\/em><\/p>\n\n\n\n<p>Erica Bussey a par ailleurs promis le soutien du BCNUDH jusqu&rsquo;\u00e0 l&rsquo;effectivit\u00e9 de la justice transitionnelle en RDC.<\/p>\n\n\n\n<p><em>\u00ab Je r\u00e9it\u00e8re la disponibilit\u00e9 du Haut-Commissariat des Nations Unies aux droits de l\u2019Homme conform\u00e9ment \u00e0 la demande du Conseil des droits de l\u2019homme, \u00e0 mettre \u00e0 la disposition du Gouvernement davantage d\u2019experts en justice transitionnelle dont la mission sera d\u2019apporter une assistance technique aux initiatives de justice transitionnelle, y compris \u00e0 la r\u00e9daction strat\u00e9gique et \u00e0 l\u2019adoption d\u2019outils m\u00e9thodologiques n\u00e9cessaires au fonctionnement du fonds de r\u00e9paration, de la Commission provinciale V\u00e9rit\u00e9, Justice et R\u00e9conciliation du Kasa\u00ef Central et des futurs autres m\u00e9canismes provinciaux de recherche de la v\u00e9rit\u00e9, au lancement des futures consultations nationales, et en soutien aux poursuites judiciaires suivant les normes et standards internationaux \u00bb.<\/em><\/p>\n\n\n\n<p>Les consultations qui se d\u00e9rouleront dans les 19 autres provinces restantes du pays permettront ainsi d\u2019informer le travail du Comit\u00e9 scientifique nouvellement \u00e9tabli sous le leadership du Minist\u00e8re des Droits Humains qui sera charg\u00e9 de l\u2019\u00e9laboration du projet de strat\u00e9gie nationale de justice transitionnelle en RDC.<\/p>\n\n\n\n<p>Cette deuxi\u00e8me r\u00e9union du comit\u00e9 de pilotage pour le suivi de la mise en \u0153uvre du projet d\u2019appui aux activit\u00e9s du BCNUDH en mati\u00e8re de justice transitionnelle, de lutte contre l\u2019impunit\u00e9 et de protection en RDC a notamment connu la participation de la Directrice de Cabinet adjointe du Pr\u00e9sident de la R\u00e9publique en charge des questions politiques, juridiques et diplomatiques, du ministre des Droits Humains et du vice-ministre de la Justice.<\/p>\n\n\n\n<p>AM<\/p>\n","protected":false},"excerpt":{"rendered":"<p>R\u00e9daction:+243817406088 Le Bureau Conjoint des Nations Unies aux Droits de l\u2019Homme et le Royaume de&#8230;<\/p>\n","protected":false},"author":2,"featured_media":5571,"comment_status":"open","ping_status":"open","sticky":false,"template":"","format":"standard","meta":{"_jetpack_memberships_contains_paid_content":false,"footnotes":""},"categories":[7],"tags":[],"class_list":["post-5568","post","type-post","status-publish","format-standard","has-post-thumbnail","hentry","category-droits-humains"],"yoast_head":"<!-- This site is optimized with the Yoast SEO plugin v27.5 - https:\/\/yoast.com\/product\/yoast-seo-wordpress\/ -->\n<title>Mise en \u0153uvre de la justice transitionnelle en RDC : le BCNUDH et la Belgique r\u00e9it\u00e8rent leur appui technique et financier - Infos Droits Humains<\/title>\n<meta name=\"robots\" content=\"index, follow, max-snippet:-1, max-image-preview:large, max-video-preview:-1\" \/>\n<link rel=\"canonical\" href=\"https:\/\/infos-droitshumains.net\/?p=5568\" \/>\n<meta property=\"og:locale\" content=\"fr_FR\" \/>\n<meta property=\"og:type\" content=\"article\" \/>\n<meta property=\"og:title\" content=\"Mise en \u0153uvre de la justice transitionnelle en RDC : le BCNUDH et la Belgique r\u00e9it\u00e8rent leur appui technique et financier - Infos Droits Humains\" \/>\n<meta property=\"og:description\" content=\"R\u00e9daction:+243817406088 Le Bureau Conjoint des Nations Unies aux Droits de l\u2019Homme et le Royaume de...\" \/>\n<meta property=\"og:url\" content=\"https:\/\/infos-droitshumains.net\/?p=5568\" \/>\n<meta property=\"og:site_name\" content=\"Infos Droits Humains\" \/>\n<meta property=\"article:published_time\" content=\"2022-11-09T19:10:04+00:00\" \/>\n<meta property=\"article:modified_time\" content=\"2022-11-10T09:24:41+00:00\" \/>\n<meta property=\"og:image\" content=\"https:\/\/i0.wp.com\/infos-droitshumains.net\/wp-content\/uploads\/2022\/11\/IMG-20221109-WA0070_1.jpg?fit=1024%2C768&ssl=1\" \/>\n\t<meta property=\"og:image:width\" content=\"1024\" \/>\n\t<meta property=\"og:image:height\" content=\"768\" \/>\n\t<meta property=\"og:image:type\" content=\"image\/jpeg\" \/>\n<meta name=\"author\" content=\"Jo\u00ebl Diawa\" \/>\n<meta name=\"twitter:card\" content=\"summary_large_image\" \/>\n<meta name=\"twitter:label1\" content=\"\u00c9crit par\" \/>\n\t<meta name=\"twitter:data1\" content=\"Jo\u00ebl Diawa\" \/>\n\t<meta name=\"twitter:label2\" content=\"Dur\u00e9e de lecture estim\u00e9e\" \/>\n\t<meta name=\"twitter:data2\" content=\"3 minutes\" \/>\n<script type=\"application\/ld+json\" class=\"yoast-schema-graph\">{\"@context\":\"https:\\\/\\\/schema.org\",\"@graph\":[{\"@type\":\"Article\",\"@id\":\"https:\\\/\\\/infos-droitshumains.net\\\/?p=5568#article\",\"isPartOf\":{\"@id\":\"https:\\\/\\\/infos-droitshumains.net\\\/?p=5568\"},\"author\":{\"name\":\"Jo\u00ebl Diawa\",\"@id\":\"https:\\\/\\\/infos-droitshumains.net\\\/#\\\/schema\\\/person\\\/3dc5e921c3302172e0ed4362f96faab7\"},\"headline\":\"Mise en \u0153uvre de la justice transitionnelle en RDC : le BCNUDH et la Belgique r\u00e9it\u00e8rent leur appui technique et financier\",\"datePublished\":\"2022-11-09T19:10:04+00:00\",\"dateModified\":\"2022-11-10T09:24:41+00:00\",\"mainEntityOfPage\":{\"@id\":\"https:\\\/\\\/infos-droitshumains.net\\\/?p=5568\"},\"wordCount\":673,\"commentCount\":0,\"publisher\":{\"@id\":\"https:\\\/\\\/infos-droitshumains.net\\\/#organization\"},\"image\":{\"@id\":\"https:\\\/\\\/infos-droitshumains.net\\\/?p=5568#primaryimage\"},\"thumbnailUrl\":\"https:\\\/\\\/i0.wp.com\\\/infos-droitshumains.net\\\/wp-content\\\/uploads\\\/2022\\\/11\\\/IMG-20221109-WA0070_1.jpg?fit=1024%2C768&ssl=1\",\"articleSection\":[\"Droits Humains\"],\"inLanguage\":\"fr-FR\",\"potentialAction\":[{\"@type\":\"CommentAction\",\"name\":\"Comment\",\"target\":[\"https:\\\/\\\/infos-droitshumains.net\\\/?p=5568#respond\"]}]},{\"@type\":\"WebPage\",\"@id\":\"https:\\\/\\\/infos-droitshumains.net\\\/?p=5568\",\"url\":\"https:\\\/\\\/infos-droitshumains.net\\\/?p=5568\",\"name\":\"Mise en \u0153uvre de la justice transitionnelle en RDC : le BCNUDH et la Belgique r\u00e9it\u00e8rent leur appui technique et financier - Infos Droits Humains\",\"isPartOf\":{\"@id\":\"https:\\\/\\\/infos-droitshumains.net\\\/#website\"},\"primaryImageOfPage\":{\"@id\":\"https:\\\/\\\/infos-droitshumains.net\\\/?p=5568#primaryimage\"},\"image\":{\"@id\":\"https:\\\/\\\/infos-droitshumains.net\\\/?p=5568#primaryimage\"},\"thumbnailUrl\":\"https:\\\/\\\/i0.wp.com\\\/infos-droitshumains.net\\\/wp-content\\\/uploads\\\/2022\\\/11\\\/IMG-20221109-WA0070_1.jpg?fit=1024%2C768&ssl=1\",\"datePublished\":\"2022-11-09T19:10:04+00:00\",\"dateModified\":\"2022-11-10T09:24:41+00:00\",\"breadcrumb\":{\"@id\":\"https:\\\/\\\/infos-droitshumains.net\\\/?p=5568#breadcrumb\"},\"inLanguage\":\"fr-FR\",\"potentialAction\":[{\"@type\":\"ReadAction\",\"target\":[\"https:\\\/\\\/infos-droitshumains.net\\\/?p=5568\"]}]},{\"@type\":\"ImageObject\",\"inLanguage\":\"fr-FR\",\"@id\":\"https:\\\/\\\/infos-droitshumains.net\\\/?p=5568#primaryimage\",\"url\":\"https:\\\/\\\/i0.wp.com\\\/infos-droitshumains.net\\\/wp-content\\\/uploads\\\/2022\\\/11\\\/IMG-20221109-WA0070_1.jpg?fit=1024%2C768&ssl=1\",\"contentUrl\":\"https:\\\/\\\/i0.wp.com\\\/infos-droitshumains.net\\\/wp-content\\\/uploads\\\/2022\\\/11\\\/IMG-20221109-WA0070_1.jpg?fit=1024%2C768&ssl=1\",\"width\":1024,\"height\":768},{\"@type\":\"BreadcrumbList\",\"@id\":\"https:\\\/\\\/infos-droitshumains.net\\\/?p=5568#breadcrumb\",\"itemListElement\":[{\"@type\":\"ListItem\",\"position\":1,\"name\":\"Accueil\",\"item\":\"https:\\\/\\\/infos-droitshumains.net\\\/\"},{\"@type\":\"ListItem\",\"position\":2,\"name\":\"Mise en \u0153uvre de la justice transitionnelle en RDC : le BCNUDH et la Belgique r\u00e9it\u00e8rent leur appui technique et financier\"}]},{\"@type\":\"WebSite\",\"@id\":\"https:\\\/\\\/infos-droitshumains.net\\\/#website\",\"url\":\"https:\\\/\\\/infos-droitshumains.net\\\/\",\"name\":\"Infos Droits Humains\",\"description\":\"S&#039;informer est un droit\",\"publisher\":{\"@id\":\"https:\\\/\\\/infos-droitshumains.net\\\/#organization\"},\"potentialAction\":[{\"@type\":\"SearchAction\",\"target\":{\"@type\":\"EntryPoint\",\"urlTemplate\":\"https:\\\/\\\/infos-droitshumains.net\\\/?s={search_term_string}\"},\"query-input\":{\"@type\":\"PropertyValueSpecification\",\"valueRequired\":true,\"valueName\":\"search_term_string\"}}],\"inLanguage\":\"fr-FR\"},{\"@type\":\"Organization\",\"@id\":\"https:\\\/\\\/infos-droitshumains.net\\\/#organization\",\"name\":\"Infos Droits Humains\",\"url\":\"https:\\\/\\\/infos-droitshumains.net\\\/\",\"logo\":{\"@type\":\"ImageObject\",\"inLanguage\":\"fr-FR\",\"@id\":\"https:\\\/\\\/infos-droitshumains.net\\\/#\\\/schema\\\/logo\\\/image\\\/\",\"url\":\"https:\\\/\\\/i0.wp.com\\\/infos-droitshumains.net\\\/wp-content\\\/uploads\\\/2022\\\/05\\\/Logo.png?fit=333%2C129&ssl=1\",\"contentUrl\":\"https:\\\/\\\/i0.wp.com\\\/infos-droitshumains.net\\\/wp-content\\\/uploads\\\/2022\\\/05\\\/Logo.png?fit=333%2C129&ssl=1\",\"width\":333,\"height\":129,\"caption\":\"Infos Droits Humains\"},\"image\":{\"@id\":\"https:\\\/\\\/infos-droitshumains.net\\\/#\\\/schema\\\/logo\\\/image\\\/\"}},{\"@type\":\"Person\",\"@id\":\"https:\\\/\\\/infos-droitshumains.net\\\/#\\\/schema\\\/person\\\/3dc5e921c3302172e0ed4362f96faab7\",\"name\":\"Jo\u00ebl Diawa\",\"image\":{\"@type\":\"ImageObject\",\"inLanguage\":\"fr-FR\",\"@id\":\"https:\\\/\\\/secure.gravatar.com\\\/avatar\\\/729bea6ff4604c624417803c477363be8e3c7186deaa65713313f9b4b820f41c?s=96&d=mm&r=g\",\"url\":\"https:\\\/\\\/secure.gravatar.com\\\/avatar\\\/729bea6ff4604c624417803c477363be8e3c7186deaa65713313f9b4b820f41c?s=96&d=mm&r=g\",\"contentUrl\":\"https:\\\/\\\/secure.gravatar.com\\\/avatar\\\/729bea6ff4604c624417803c477363be8e3c7186deaa65713313f9b4b820f41c?s=96&d=mm&r=g\",\"caption\":\"Jo\u00ebl Diawa\"},\"sameAs\":[\"https:\\\/\\\/www.infos-droitshumains.net\"],\"url\":\"https:\\\/\\\/infos-droitshumains.net\\\/?author=2\"}]}<\/script>\n<!-- \/ Yoast SEO plugin. -->","yoast_head_json":{"title":"Mise en \u0153uvre de la justice transitionnelle en RDC : le BCNUDH et la Belgique r\u00e9it\u00e8rent leur appui technique et financier - Infos Droits Humains","robots":{"index":"index","follow":"follow","max-snippet":"max-snippet:-1","max-image-preview":"max-image-preview:large","max-video-preview":"max-video-preview:-1"},"canonical":"https:\/\/infos-droitshumains.net\/?p=5568","og_locale":"fr_FR","og_type":"article","og_title":"Mise en \u0153uvre de la justice transitionnelle en RDC : le BCNUDH et la Belgique r\u00e9it\u00e8rent leur appui technique et financier - Infos Droits Humains","og_description":"R\u00e9daction:+243817406088 Le Bureau Conjoint des Nations Unies aux Droits de l\u2019Homme et le Royaume de...","og_url":"https:\/\/infos-droitshumains.net\/?p=5568","og_site_name":"Infos Droits Humains","article_published_time":"2022-11-09T19:10:04+00:00","article_modified_time":"2022-11-10T09:24:41+00:00","og_image":[{"width":1024,"height":768,"url":"https:\/\/i0.wp.com\/infos-droitshumains.net\/wp-content\/uploads\/2022\/11\/IMG-20221109-WA0070_1.jpg?fit=1024%2C768&ssl=1","type":"image\/jpeg"}],"author":"Jo\u00ebl Diawa","twitter_card":"summary_large_image","twitter_misc":{"\u00c9crit par":"Jo\u00ebl Diawa","Dur\u00e9e de lecture estim\u00e9e":"3 minutes"},"schema":{"@context":"https:\/\/schema.org","@graph":[{"@type":"Article","@id":"https:\/\/infos-droitshumains.net\/?p=5568#article","isPartOf":{"@id":"https:\/\/infos-droitshumains.net\/?p=5568"},"author":{"name":"Jo\u00ebl Diawa","@id":"https:\/\/infos-droitshumains.net\/#\/schema\/person\/3dc5e921c3302172e0ed4362f96faab7"},"headline":"Mise en \u0153uvre de la justice transitionnelle en RDC : le BCNUDH et la Belgique r\u00e9it\u00e8rent leur appui technique et financier","datePublished":"2022-11-09T19:10:04+00:00","dateModified":"2022-11-10T09:24:41+00:00","mainEntityOfPage":{"@id":"https:\/\/infos-droitshumains.net\/?p=5568"},"wordCount":673,"commentCount":0,"publisher":{"@id":"https:\/\/infos-droitshumains.net\/#organization"},"image":{"@id":"https:\/\/infos-droitshumains.net\/?p=5568#primaryimage"},"thumbnailUrl":"https:\/\/i0.wp.com\/infos-droitshumains.net\/wp-content\/uploads\/2022\/11\/IMG-20221109-WA0070_1.jpg?fit=1024%2C768&ssl=1","articleSection":["Droits Humains"],"inLanguage":"fr-FR","potentialAction":[{"@type":"CommentAction","name":"Comment","target":["https:\/\/infos-droitshumains.net\/?p=5568#respond"]}]},{"@type":"WebPage","@id":"https:\/\/infos-droitshumains.net\/?p=5568","url":"https:\/\/infos-droitshumains.net\/?p=5568","name":"Mise en \u0153uvre de la justice transitionnelle en RDC : le BCNUDH et la Belgique r\u00e9it\u00e8rent leur appui technique et financier - Infos Droits Humains","isPartOf":{"@id":"https:\/\/infos-droitshumains.net\/#website"},"primaryImageOfPage":{"@id":"https:\/\/infos-droitshumains.net\/?p=5568#primaryimage"},"image":{"@id":"https:\/\/infos-droitshumains.net\/?p=5568#primaryimage"},"thumbnailUrl":"https:\/\/i0.wp.com\/infos-droitshumains.net\/wp-content\/uploads\/2022\/11\/IMG-20221109-WA0070_1.jpg?fit=1024%2C768&ssl=1","datePublished":"2022-11-09T19:10:04+00:00","dateModified":"2022-11-10T09:24:41+00:00","breadcrumb":{"@id":"https:\/\/infos-droitshumains.net\/?p=5568#breadcrumb"},"inLanguage":"fr-FR","potentialAction":[{"@type":"ReadAction","target":["https:\/\/infos-droitshumains.net\/?p=5568"]}]},{"@type":"ImageObject","inLanguage":"fr-FR","@id":"https:\/\/infos-droitshumains.net\/?p=5568#primaryimage","url":"https:\/\/i0.wp.com\/infos-droitshumains.net\/wp-content\/uploads\/2022\/11\/IMG-20221109-WA0070_1.jpg?fit=1024%2C768&ssl=1","contentUrl":"https:\/\/i0.wp.com\/infos-droitshumains.net\/wp-content\/uploads\/2022\/11\/IMG-20221109-WA0070_1.jpg?fit=1024%2C768&ssl=1","width":1024,"height":768},{"@type":"BreadcrumbList","@id":"https:\/\/infos-droitshumains.net\/?p=5568#breadcrumb","itemListElement":[{"@type":"ListItem","position":1,"name":"Accueil","item":"https:\/\/infos-droitshumains.net\/"},{"@type":"ListItem","position":2,"name":"Mise en \u0153uvre de la justice transitionnelle en RDC : le BCNUDH et la Belgique r\u00e9it\u00e8rent leur appui technique et financier"}]},{"@type":"WebSite","@id":"https:\/\/infos-droitshumains.net\/#website","url":"https:\/\/infos-droitshumains.net\/","name":"Infos Droits Humains","description":"S&#039;informer est un droit","publisher":{"@id":"https:\/\/infos-droitshumains.net\/#organization"},"potentialAction":[{"@type":"SearchAction","target":{"@type":"EntryPoint","urlTemplate":"https:\/\/infos-droitshumains.net\/?s={search_term_string}"},"query-input":{"@type":"PropertyValueSpecification","valueRequired":true,"valueName":"search_term_string"}}],"inLanguage":"fr-FR"},{"@type":"Organization","@id":"https:\/\/infos-droitshumains.net\/#organization","name":"Infos Droits Humains","url":"https:\/\/infos-droitshumains.net\/","logo":{"@type":"ImageObject","inLanguage":"fr-FR","@id":"https:\/\/infos-droitshumains.net\/#\/schema\/logo\/image\/","url":"https:\/\/i0.wp.com\/infos-droitshumains.net\/wp-content\/uploads\/2022\/05\/Logo.png?fit=333%2C129&ssl=1","contentUrl":"https:\/\/i0.wp.com\/infos-droitshumains.net\/wp-content\/uploads\/2022\/05\/Logo.png?fit=333%2C129&ssl=1","width":333,"height":129,"caption":"Infos Droits Humains"},"image":{"@id":"https:\/\/infos-droitshumains.net\/#\/schema\/logo\/image\/"}},{"@type":"Person","@id":"https:\/\/infos-droitshumains.net\/#\/schema\/person\/3dc5e921c3302172e0ed4362f96faab7","name":"Jo\u00ebl Diawa","image":{"@type":"ImageObject","inLanguage":"fr-FR","@id":"https:\/\/secure.gravatar.com\/avatar\/729bea6ff4604c624417803c477363be8e3c7186deaa65713313f9b4b820f41c?s=96&d=mm&r=g","url":"https:\/\/secure.gravatar.com\/avatar\/729bea6ff4604c624417803c477363be8e3c7186deaa65713313f9b4b820f41c?s=96&d=mm&r=g","contentUrl":"https:\/\/secure.gravatar.com\/avatar\/729bea6ff4604c624417803c477363be8e3c7186deaa65713313f9b4b820f41c?s=96&d=mm&r=g","caption":"Jo\u00ebl Diawa"},"sameAs":["https:\/\/www.infos-droitshumains.net"],"url":"https:\/\/infos-droitshumains.net\/?author=2"}]}},"featured_image_urls":{"full":["https:\/\/i0.wp.com\/infos-droitshumains.net\/wp-content\/uploads\/2022\/11\/IMG-20221109-WA0070_1.jpg?fit=1024%2C768&ssl=1",1024,768,false],"thumbnail":["https:\/\/i0.wp.com\/infos-droitshumains.net\/wp-content\/uploads\/2022\/11\/IMG-20221109-WA0070_1.jpg?resize=150%2C150&ssl=1",150,150,true],"medium":["https:\/\/i0.wp.com\/infos-droitshumains.net\/wp-content\/uploads\/2022\/11\/IMG-20221109-WA0070_1.jpg?fit=300%2C225&ssl=1",300,225,true],"medium_large":["https:\/\/i0.wp.com\/infos-droitshumains.net\/wp-content\/uploads\/2022\/11\/IMG-20221109-WA0070_1.jpg?fit=640%2C480&ssl=1",640,480,true],"large":["https:\/\/i0.wp.com\/infos-droitshumains.net\/wp-content\/uploads\/2022\/11\/IMG-20221109-WA0070_1.jpg?fit=640%2C480&ssl=1",640,480,true],"1536x1536":["https:\/\/i0.wp.com\/infos-droitshumains.net\/wp-content\/uploads\/2022\/11\/IMG-20221109-WA0070_1.jpg?fit=1024%2C768&ssl=1",1024,768,true],"2048x2048":["https:\/\/i0.wp.com\/infos-droitshumains.net\/wp-content\/uploads\/2022\/11\/IMG-20221109-WA0070_1.jpg?fit=1024%2C768&ssl=1",1024,768,true],"covernews-slider-full":["https:\/\/i0.wp.com\/infos-droitshumains.net\/wp-content\/uploads\/2022\/11\/IMG-20221109-WA0070_1.jpg?resize=1024%2C715&ssl=1",1024,715,true],"covernews-slider-center":["https:\/\/i0.wp.com\/infos-droitshumains.net\/wp-content\/uploads\/2022\/11\/IMG-20221109-WA0070_1.jpg?resize=800%2C500&ssl=1",800,500,true],"covernews-featured":["https:\/\/i0.wp.com\/infos-droitshumains.net\/wp-content\/uploads\/2022\/11\/IMG-20221109-WA0070_1.jpg?fit=1024%2C768&ssl=1",1024,768,true],"covernews-medium":["https:\/\/i0.wp.com\/infos-droitshumains.net\/wp-content\/uploads\/2022\/11\/IMG-20221109-WA0070_1.jpg?resize=540%2C340&ssl=1",540,340,true],"covernews-medium-square":["https:\/\/i0.wp.com\/infos-droitshumains.net\/wp-content\/uploads\/2022\/11\/IMG-20221109-WA0070_1.jpg?resize=400%2C250&ssl=1",400,250,true]},"author_info":{"display_name":"Jo\u00ebl Diawa","author_link":"https:\/\/infos-droitshumains.net\/?author=2"},"category_info":"<a href=\"https:\/\/infos-droitshumains.net\/?cat=7\" rel=\"category\">Droits Humains<\/a>","tag_info":"Droits Humains","comment_count":"0","jetpack_featured_media_url":"https:\/\/i0.wp.com\/infos-droitshumains.net\/wp-content\/uploads\/2022\/11\/IMG-20221109-WA0070_1.jpg?fit=1024%2C768&ssl=1","jetpack-related-posts":[],"jetpack_sharing_enabled":true,"_links":{"self":[{"href":"https:\/\/infos-droitshumains.net\/index.php?rest_route=\/wp\/v2\/posts\/5568","targetHints":{"allow":["GET"]}}],"collection":[{"href":"https:\/\/infos-droitshumains.net\/index.php?rest_route=\/wp\/v2\/posts"}],"about":[{"href":"https:\/\/infos-droitshumains.net\/index.php?rest_route=\/wp\/v2\/types\/post"}],"author":[{"embeddable":true,"href":"https:\/\/infos-droitshumains.net\/index.php?rest_route=\/wp\/v2\/users\/2"}],"replies":[{"embeddable":true,"href":"https:\/\/infos-droitshumains.net\/index.php?rest_route=%2Fwp%2Fv2%2Fcomments&post=5568"}],"version-history":[{"count":7,"href":"https:\/\/infos-droitshumains.net\/index.php?rest_route=\/wp\/v2\/posts\/5568\/revisions"}],"predecessor-version":[{"id":5576,"href":"https:\/\/infos-droitshumains.net\/index.php?rest_route=\/wp\/v2\/posts\/5568\/revisions\/5576"}],"wp:featuredmedia":[{"embeddable":true,"href":"https:\/\/infos-droitshumains.net\/index.php?rest_route=\/wp\/v2\/media\/5571"}],"wp:attachment":[{"href":"https:\/\/infos-droitshumains.net\/index.php?rest_route=%2Fwp%2Fv2%2Fmedia&parent=5568"}],"wp:term":[{"taxonomy":"category","embeddable":true,"href":"https:\/\/infos-droitshumains.net\/index.php?rest_route=%2Fwp%2Fv2%2Fcategories&post=5568"},{"taxonomy":"post_tag","embeddable":true,"href":"https:\/\/infos-droitshumains.net\/index.php?rest_route=%2Fwp%2Fv2%2Ftags&post=5568"}],"curies":[{"name":"wp","href":"https:\/\/api.w.org\/{rel}","templated":true}]}}