{"id":5530,"date":"2022-11-03T14:02:59","date_gmt":"2022-11-03T13:02:59","guid":{"rendered":"https:\/\/infos-droitshumains.net\/?p=5530"},"modified":"2022-11-03T15:06:59","modified_gmt":"2022-11-03T14:06:59","slug":"agression-rwandaise-a-lest-de-la-rdc-maitre-emmanuel-kananga-salue-la-determination-des-fardc-a-defendre-lintegrite-territoriale","status":"publish","type":"post","link":"https:\/\/infos-droitshumains.net\/?p=5530","title":{"rendered":"Agression rwandaise \u00e0 l\u2019Est de la RDC: Maitre Emmanuel Kananga salue la d\u00e9termination des FARDC \u00e0 d\u00e9fendre l&rsquo;int\u00e9grit\u00e9 territoriale"},"content":{"rendered":"\n<p><strong>R\u00e9daction: +243817406088<\/strong><\/p>\n\n\n\n<p>Aucun congolais, patriote de surcro\u00eet, ne reste indiff\u00e9rent face \u00e0 l&rsquo;agression de l&rsquo;Est de la RDC par les rebelles du M23 soutenus par le Rwanda. Le pr\u00e9sident de l&rsquo;Union pour la D\u00e9fense et&nbsp; l&rsquo;Assistance au Peuple (UDAP), ma\u00eetre Emmanuel Kananga Kalala salue la d\u00e9termination des Forces Arm\u00e9es de la R\u00e9publique D\u00e9mocratique du Congo \u00e0 d\u00e9fendre le territoire congolais.<\/p>\n\n\n\n<p><em>\u00ab&nbsp;Cette fois-ci, l&rsquo;arm\u00e9e est d\u00e9termin\u00e9e et nous sommes d\u00e9termin\u00e9s pour d\u00e9fendre l&rsquo;int\u00e9grit\u00e9 territoriale malgr\u00e9 les menaces nous inflig\u00e9es par certains pays voisins. L&rsquo;arm\u00e9e s&rsquo;organise avec les derni\u00e8res nominations faites par le Pr\u00e9sident de la R\u00e9publique et cela fait peur aux ennemis&nbsp;\u00bb<\/em> note ma\u00eetre Emmanuel Kananga Kalala.<\/p>\n\n\n\n<p>S&rsquo;agissant de l&rsquo;expulsion de l&rsquo;ambassadeur rwandais sur le sol de la RDC, le num\u00e9ro un de l&rsquo;UDAP parle d&rsquo;une d\u00e9cision opportune et valable.<\/p>\n\n\n\n<p><em>\u00ab&nbsp;Il faut agir au moment opportun. C&rsquo;est ce qui est fait. Sinon, on allait dire que le pr\u00e9sident a rompu les relations diplomatiques avec le Rwanda sans motif valable. Maintenant, nous avons un motif valable sur lequel nous pouvons nous d\u00e9fendre&nbsp;\u00bb<\/em>, a-t-il poursuivi.<\/p>\n\n\n\n<p>Par ailleurs, le pr\u00e9sident de l&rsquo;UDAP invite tout congolais d&rsquo;\u00eatre derri\u00e8re le chef de l&rsquo;\u00c9tat et les FARDC pour la lib\u00e9ration de certains coins de l&rsquo;Est du pays occup\u00e9s actuellement par les rebelles.<\/p>\n\n\n\n<p><em>\u00ab&nbsp;Je dis \u00e0 tout congolais de soutenir le chef de l&rsquo;\u00c9tat et l&rsquo;arm\u00e9e. Notre pays, la RDC sera lib\u00e9r\u00e9e&nbsp;\u00bb.<\/em><\/p>\n\n\n\n<p>Il sied de rappeler que les combats continuent aux fronts entre les FARDC et les rebelles du M23 soutenus par le Rwanda. L\u2019arm\u00e9e congolaise tente de repousser les groupes n\u00e9gatifs qui ont assi\u00e9g\u00e9 certains territoires du pays.<\/p>\n\n\n\n<p>AM<\/p>\n","protected":false},"excerpt":{"rendered":"<p>R\u00e9daction: +243817406088 Aucun congolais, patriote de surcro\u00eet, ne reste indiff\u00e9rent face \u00e0 l&rsquo;agression de l&rsquo;Est&#8230;<\/p>\n","protected":false},"author":2,"featured_media":5536,"comment_status":"open","ping_status":"open","sticky":false,"template":"","format":"standard","meta":{"_jetpack_memberships_contains_paid_content":false,"footnotes":""},"categories":[3],"tags":[],"class_list":["post-5530","post","type-post","status-publish","format-standard","has-post-thumbnail","hentry","category-politique"],"yoast_head":"<!-- This site is optimized with the Yoast SEO plugin v27.5 - https:\/\/yoast.com\/product\/yoast-seo-wordpress\/ -->\n<title>Agression rwandaise \u00e0 l\u2019Est de la RDC: Maitre Emmanuel Kananga salue la d\u00e9termination des FARDC \u00e0 d\u00e9fendre l&#039;int\u00e9grit\u00e9 territoriale - Infos Droits Humains<\/title>\n<meta name=\"robots\" content=\"index, follow, max-snippet:-1, max-image-preview:large, max-video-preview:-1\" \/>\n<link rel=\"canonical\" href=\"https:\/\/infos-droitshumains.net\/?p=5530\" \/>\n<meta property=\"og:locale\" content=\"fr_FR\" \/>\n<meta property=\"og:type\" content=\"article\" \/>\n<meta property=\"og:title\" content=\"Agression rwandaise \u00e0 l\u2019Est de la RDC: Maitre Emmanuel Kananga salue la d\u00e9termination des FARDC \u00e0 d\u00e9fendre l&#039;int\u00e9grit\u00e9 territoriale - Infos Droits Humains\" \/>\n<meta property=\"og:description\" content=\"R\u00e9daction: +243817406088 Aucun congolais, patriote de surcro\u00eet, ne reste indiff\u00e9rent face \u00e0 l&rsquo;agression de l&rsquo;Est...\" \/>\n<meta property=\"og:url\" content=\"https:\/\/infos-droitshumains.net\/?p=5530\" \/>\n<meta property=\"og:site_name\" content=\"Infos Droits Humains\" \/>\n<meta property=\"article:published_time\" content=\"2022-11-03T13:02:59+00:00\" \/>\n<meta property=\"article:modified_time\" content=\"2022-11-03T14:06:59+00:00\" \/>\n<meta property=\"og:image\" content=\"https:\/\/i0.wp.com\/infos-droitshumains.net\/wp-content\/uploads\/2022\/11\/IMG-20221103-WA0033_2.jpg?fit=606%2C645&ssl=1\" \/>\n\t<meta property=\"og:image:width\" content=\"606\" \/>\n\t<meta property=\"og:image:height\" content=\"645\" \/>\n\t<meta property=\"og:image:type\" content=\"image\/jpeg\" \/>\n<meta name=\"author\" content=\"Jo\u00ebl Diawa\" \/>\n<meta name=\"twitter:card\" content=\"summary_large_image\" \/>\n<meta name=\"twitter:label1\" content=\"\u00c9crit par\" \/>\n\t<meta name=\"twitter:data1\" content=\"Jo\u00ebl Diawa\" \/>\n\t<meta name=\"twitter:label2\" content=\"Dur\u00e9e de lecture estim\u00e9e\" \/>\n\t<meta name=\"twitter:data2\" content=\"2 minutes\" \/>\n<script type=\"application\/ld+json\" class=\"yoast-schema-graph\">{\"@context\":\"https:\\\/\\\/schema.org\",\"@graph\":[{\"@type\":\"Article\",\"@id\":\"https:\\\/\\\/infos-droitshumains.net\\\/?p=5530#article\",\"isPartOf\":{\"@id\":\"https:\\\/\\\/infos-droitshumains.net\\\/?p=5530\"},\"author\":{\"name\":\"Jo\u00ebl Diawa\",\"@id\":\"https:\\\/\\\/infos-droitshumains.net\\\/#\\\/schema\\\/person\\\/3dc5e921c3302172e0ed4362f96faab7\"},\"headline\":\"Agression rwandaise \u00e0 l\u2019Est de la RDC: Maitre Emmanuel Kananga salue la d\u00e9termination des FARDC \u00e0 d\u00e9fendre l&rsquo;int\u00e9grit\u00e9 territoriale\",\"datePublished\":\"2022-11-03T13:02:59+00:00\",\"dateModified\":\"2022-11-03T14:06:59+00:00\",\"mainEntityOfPage\":{\"@id\":\"https:\\\/\\\/infos-droitshumains.net\\\/?p=5530\"},\"wordCount\":328,\"commentCount\":0,\"publisher\":{\"@id\":\"https:\\\/\\\/infos-droitshumains.net\\\/#organization\"},\"image\":{\"@id\":\"https:\\\/\\\/infos-droitshumains.net\\\/?p=5530#primaryimage\"},\"thumbnailUrl\":\"https:\\\/\\\/i0.wp.com\\\/infos-droitshumains.net\\\/wp-content\\\/uploads\\\/2022\\\/11\\\/IMG-20221103-WA0033_2.jpg?fit=606%2C645&ssl=1\",\"articleSection\":[\"Politique\"],\"inLanguage\":\"fr-FR\",\"potentialAction\":[{\"@type\":\"CommentAction\",\"name\":\"Comment\",\"target\":[\"https:\\\/\\\/infos-droitshumains.net\\\/?p=5530#respond\"]}]},{\"@type\":\"WebPage\",\"@id\":\"https:\\\/\\\/infos-droitshumains.net\\\/?p=5530\",\"url\":\"https:\\\/\\\/infos-droitshumains.net\\\/?p=5530\",\"name\":\"Agression rwandaise \u00e0 l\u2019Est de la RDC: Maitre Emmanuel Kananga salue la d\u00e9termination des FARDC \u00e0 d\u00e9fendre l'int\u00e9grit\u00e9 territoriale - Infos Droits Humains\",\"isPartOf\":{\"@id\":\"https:\\\/\\\/infos-droitshumains.net\\\/#website\"},\"primaryImageOfPage\":{\"@id\":\"https:\\\/\\\/infos-droitshumains.net\\\/?p=5530#primaryimage\"},\"image\":{\"@id\":\"https:\\\/\\\/infos-droitshumains.net\\\/?p=5530#primaryimage\"},\"thumbnailUrl\":\"https:\\\/\\\/i0.wp.com\\\/infos-droitshumains.net\\\/wp-content\\\/uploads\\\/2022\\\/11\\\/IMG-20221103-WA0033_2.jpg?fit=606%2C645&ssl=1\",\"datePublished\":\"2022-11-03T13:02:59+00:00\",\"dateModified\":\"2022-11-03T14:06:59+00:00\",\"breadcrumb\":{\"@id\":\"https:\\\/\\\/infos-droitshumains.net\\\/?p=5530#breadcrumb\"},\"inLanguage\":\"fr-FR\",\"potentialAction\":[{\"@type\":\"ReadAction\",\"target\":[\"https:\\\/\\\/infos-droitshumains.net\\\/?p=5530\"]}]},{\"@type\":\"ImageObject\",\"inLanguage\":\"fr-FR\",\"@id\":\"https:\\\/\\\/infos-droitshumains.net\\\/?p=5530#primaryimage\",\"url\":\"https:\\\/\\\/i0.wp.com\\\/infos-droitshumains.net\\\/wp-content\\\/uploads\\\/2022\\\/11\\\/IMG-20221103-WA0033_2.jpg?fit=606%2C645&ssl=1\",\"contentUrl\":\"https:\\\/\\\/i0.wp.com\\\/infos-droitshumains.net\\\/wp-content\\\/uploads\\\/2022\\\/11\\\/IMG-20221103-WA0033_2.jpg?fit=606%2C645&ssl=1\",\"width\":606,\"height\":645},{\"@type\":\"BreadcrumbList\",\"@id\":\"https:\\\/\\\/infos-droitshumains.net\\\/?p=5530#breadcrumb\",\"itemListElement\":[{\"@type\":\"ListItem\",\"position\":1,\"name\":\"Accueil\",\"item\":\"https:\\\/\\\/infos-droitshumains.net\\\/\"},{\"@type\":\"ListItem\",\"position\":2,\"name\":\"Agression rwandaise \u00e0 l\u2019Est de la RDC: Maitre Emmanuel Kananga salue la d\u00e9termination des FARDC \u00e0 d\u00e9fendre l&rsquo;int\u00e9grit\u00e9 territoriale\"}]},{\"@type\":\"WebSite\",\"@id\":\"https:\\\/\\\/infos-droitshumains.net\\\/#website\",\"url\":\"https:\\\/\\\/infos-droitshumains.net\\\/\",\"name\":\"Infos Droits Humains\",\"description\":\"S&#039;informer est un droit\",\"publisher\":{\"@id\":\"https:\\\/\\\/infos-droitshumains.net\\\/#organization\"},\"potentialAction\":[{\"@type\":\"SearchAction\",\"target\":{\"@type\":\"EntryPoint\",\"urlTemplate\":\"https:\\\/\\\/infos-droitshumains.net\\\/?s={search_term_string}\"},\"query-input\":{\"@type\":\"PropertyValueSpecification\",\"valueRequired\":true,\"valueName\":\"search_term_string\"}}],\"inLanguage\":\"fr-FR\"},{\"@type\":\"Organization\",\"@id\":\"https:\\\/\\\/infos-droitshumains.net\\\/#organization\",\"name\":\"Infos Droits Humains\",\"url\":\"https:\\\/\\\/infos-droitshumains.net\\\/\",\"logo\":{\"@type\":\"ImageObject\",\"inLanguage\":\"fr-FR\",\"@id\":\"https:\\\/\\\/infos-droitshumains.net\\\/#\\\/schema\\\/logo\\\/image\\\/\",\"url\":\"https:\\\/\\\/i0.wp.com\\\/infos-droitshumains.net\\\/wp-content\\\/uploads\\\/2022\\\/05\\\/Logo.png?fit=333%2C129&ssl=1\",\"contentUrl\":\"https:\\\/\\\/i0.wp.com\\\/infos-droitshumains.net\\\/wp-content\\\/uploads\\\/2022\\\/05\\\/Logo.png?fit=333%2C129&ssl=1\",\"width\":333,\"height\":129,\"caption\":\"Infos Droits Humains\"},\"image\":{\"@id\":\"https:\\\/\\\/infos-droitshumains.net\\\/#\\\/schema\\\/logo\\\/image\\\/\"}},{\"@type\":\"Person\",\"@id\":\"https:\\\/\\\/infos-droitshumains.net\\\/#\\\/schema\\\/person\\\/3dc5e921c3302172e0ed4362f96faab7\",\"name\":\"Jo\u00ebl Diawa\",\"image\":{\"@type\":\"ImageObject\",\"inLanguage\":\"fr-FR\",\"@id\":\"https:\\\/\\\/secure.gravatar.com\\\/avatar\\\/729bea6ff4604c624417803c477363be8e3c7186deaa65713313f9b4b820f41c?s=96&d=mm&r=g\",\"url\":\"https:\\\/\\\/secure.gravatar.com\\\/avatar\\\/729bea6ff4604c624417803c477363be8e3c7186deaa65713313f9b4b820f41c?s=96&d=mm&r=g\",\"contentUrl\":\"https:\\\/\\\/secure.gravatar.com\\\/avatar\\\/729bea6ff4604c624417803c477363be8e3c7186deaa65713313f9b4b820f41c?s=96&d=mm&r=g\",\"caption\":\"Jo\u00ebl Diawa\"},\"sameAs\":[\"https:\\\/\\\/www.infos-droitshumains.net\"],\"url\":\"https:\\\/\\\/infos-droitshumains.net\\\/?author=2\"}]}<\/script>\n<!-- \/ Yoast SEO plugin. -->","yoast_head_json":{"title":"Agression rwandaise \u00e0 l\u2019Est de la RDC: Maitre Emmanuel Kananga salue la d\u00e9termination des FARDC \u00e0 d\u00e9fendre l'int\u00e9grit\u00e9 territoriale - Infos Droits Humains","robots":{"index":"index","follow":"follow","max-snippet":"max-snippet:-1","max-image-preview":"max-image-preview:large","max-video-preview":"max-video-preview:-1"},"canonical":"https:\/\/infos-droitshumains.net\/?p=5530","og_locale":"fr_FR","og_type":"article","og_title":"Agression rwandaise \u00e0 l\u2019Est de la RDC: Maitre Emmanuel Kananga salue la d\u00e9termination des FARDC \u00e0 d\u00e9fendre l'int\u00e9grit\u00e9 territoriale - Infos Droits Humains","og_description":"R\u00e9daction: +243817406088 Aucun congolais, patriote de surcro\u00eet, ne reste indiff\u00e9rent face \u00e0 l&rsquo;agression de l&rsquo;Est...","og_url":"https:\/\/infos-droitshumains.net\/?p=5530","og_site_name":"Infos Droits Humains","article_published_time":"2022-11-03T13:02:59+00:00","article_modified_time":"2022-11-03T14:06:59+00:00","og_image":[{"width":606,"height":645,"url":"https:\/\/i0.wp.com\/infos-droitshumains.net\/wp-content\/uploads\/2022\/11\/IMG-20221103-WA0033_2.jpg?fit=606%2C645&ssl=1","type":"image\/jpeg"}],"author":"Jo\u00ebl Diawa","twitter_card":"summary_large_image","twitter_misc":{"\u00c9crit par":"Jo\u00ebl Diawa","Dur\u00e9e de lecture estim\u00e9e":"2 minutes"},"schema":{"@context":"https:\/\/schema.org","@graph":[{"@type":"Article","@id":"https:\/\/infos-droitshumains.net\/?p=5530#article","isPartOf":{"@id":"https:\/\/infos-droitshumains.net\/?p=5530"},"author":{"name":"Jo\u00ebl Diawa","@id":"https:\/\/infos-droitshumains.net\/#\/schema\/person\/3dc5e921c3302172e0ed4362f96faab7"},"headline":"Agression rwandaise \u00e0 l\u2019Est de la RDC: Maitre Emmanuel Kananga salue la d\u00e9termination des FARDC \u00e0 d\u00e9fendre l&rsquo;int\u00e9grit\u00e9 territoriale","datePublished":"2022-11-03T13:02:59+00:00","dateModified":"2022-11-03T14:06:59+00:00","mainEntityOfPage":{"@id":"https:\/\/infos-droitshumains.net\/?p=5530"},"wordCount":328,"commentCount":0,"publisher":{"@id":"https:\/\/infos-droitshumains.net\/#organization"},"image":{"@id":"https:\/\/infos-droitshumains.net\/?p=5530#primaryimage"},"thumbnailUrl":"https:\/\/i0.wp.com\/infos-droitshumains.net\/wp-content\/uploads\/2022\/11\/IMG-20221103-WA0033_2.jpg?fit=606%2C645&ssl=1","articleSection":["Politique"],"inLanguage":"fr-FR","potentialAction":[{"@type":"CommentAction","name":"Comment","target":["https:\/\/infos-droitshumains.net\/?p=5530#respond"]}]},{"@type":"WebPage","@id":"https:\/\/infos-droitshumains.net\/?p=5530","url":"https:\/\/infos-droitshumains.net\/?p=5530","name":"Agression rwandaise \u00e0 l\u2019Est de la RDC: Maitre Emmanuel Kananga salue la d\u00e9termination des FARDC \u00e0 d\u00e9fendre l'int\u00e9grit\u00e9 territoriale - Infos Droits Humains","isPartOf":{"@id":"https:\/\/infos-droitshumains.net\/#website"},"primaryImageOfPage":{"@id":"https:\/\/infos-droitshumains.net\/?p=5530#primaryimage"},"image":{"@id":"https:\/\/infos-droitshumains.net\/?p=5530#primaryimage"},"thumbnailUrl":"https:\/\/i0.wp.com\/infos-droitshumains.net\/wp-content\/uploads\/2022\/11\/IMG-20221103-WA0033_2.jpg?fit=606%2C645&ssl=1","datePublished":"2022-11-03T13:02:59+00:00","dateModified":"2022-11-03T14:06:59+00:00","breadcrumb":{"@id":"https:\/\/infos-droitshumains.net\/?p=5530#breadcrumb"},"inLanguage":"fr-FR","potentialAction":[{"@type":"ReadAction","target":["https:\/\/infos-droitshumains.net\/?p=5530"]}]},{"@type":"ImageObject","inLanguage":"fr-FR","@id":"https:\/\/infos-droitshumains.net\/?p=5530#primaryimage","url":"https:\/\/i0.wp.com\/infos-droitshumains.net\/wp-content\/uploads\/2022\/11\/IMG-20221103-WA0033_2.jpg?fit=606%2C645&ssl=1","contentUrl":"https:\/\/i0.wp.com\/infos-droitshumains.net\/wp-content\/uploads\/2022\/11\/IMG-20221103-WA0033_2.jpg?fit=606%2C645&ssl=1","width":606,"height":645},{"@type":"BreadcrumbList","@id":"https:\/\/infos-droitshumains.net\/?p=5530#breadcrumb","itemListElement":[{"@type":"ListItem","position":1,"name":"Accueil","item":"https:\/\/infos-droitshumains.net\/"},{"@type":"ListItem","position":2,"name":"Agression rwandaise \u00e0 l\u2019Est de la RDC: Maitre Emmanuel Kananga salue la d\u00e9termination des FARDC \u00e0 d\u00e9fendre l&rsquo;int\u00e9grit\u00e9 territoriale"}]},{"@type":"WebSite","@id":"https:\/\/infos-droitshumains.net\/#website","url":"https:\/\/infos-droitshumains.net\/","name":"Infos Droits Humains","description":"S&#039;informer est un droit","publisher":{"@id":"https:\/\/infos-droitshumains.net\/#organization"},"potentialAction":[{"@type":"SearchAction","target":{"@type":"EntryPoint","urlTemplate":"https:\/\/infos-droitshumains.net\/?s={search_term_string}"},"query-input":{"@type":"PropertyValueSpecification","valueRequired":true,"valueName":"search_term_string"}}],"inLanguage":"fr-FR"},{"@type":"Organization","@id":"https:\/\/infos-droitshumains.net\/#organization","name":"Infos Droits Humains","url":"https:\/\/infos-droitshumains.net\/","logo":{"@type":"ImageObject","inLanguage":"fr-FR","@id":"https:\/\/infos-droitshumains.net\/#\/schema\/logo\/image\/","url":"https:\/\/i0.wp.com\/infos-droitshumains.net\/wp-content\/uploads\/2022\/05\/Logo.png?fit=333%2C129&ssl=1","contentUrl":"https:\/\/i0.wp.com\/infos-droitshumains.net\/wp-content\/uploads\/2022\/05\/Logo.png?fit=333%2C129&ssl=1","width":333,"height":129,"caption":"Infos Droits Humains"},"image":{"@id":"https:\/\/infos-droitshumains.net\/#\/schema\/logo\/image\/"}},{"@type":"Person","@id":"https:\/\/infos-droitshumains.net\/#\/schema\/person\/3dc5e921c3302172e0ed4362f96faab7","name":"Jo\u00ebl Diawa","image":{"@type":"ImageObject","inLanguage":"fr-FR","@id":"https:\/\/secure.gravatar.com\/avatar\/729bea6ff4604c624417803c477363be8e3c7186deaa65713313f9b4b820f41c?s=96&d=mm&r=g","url":"https:\/\/secure.gravatar.com\/avatar\/729bea6ff4604c624417803c477363be8e3c7186deaa65713313f9b4b820f41c?s=96&d=mm&r=g","contentUrl":"https:\/\/secure.gravatar.com\/avatar\/729bea6ff4604c624417803c477363be8e3c7186deaa65713313f9b4b820f41c?s=96&d=mm&r=g","caption":"Jo\u00ebl Diawa"},"sameAs":["https:\/\/www.infos-droitshumains.net"],"url":"https:\/\/infos-droitshumains.net\/?author=2"}]}},"featured_image_urls":{"full":["https:\/\/i0.wp.com\/infos-droitshumains.net\/wp-content\/uploads\/2022\/11\/IMG-20221103-WA0033_2.jpg?fit=606%2C645&ssl=1",606,645,false],"thumbnail":["https:\/\/i0.wp.com\/infos-droitshumains.net\/wp-content\/uploads\/2022\/11\/IMG-20221103-WA0033_2.jpg?resize=150%2C150&ssl=1",150,150,true],"medium":["https:\/\/i0.wp.com\/infos-droitshumains.net\/wp-content\/uploads\/2022\/11\/IMG-20221103-WA0033_2.jpg?fit=282%2C300&ssl=1",282,300,true],"medium_large":["https:\/\/i0.wp.com\/infos-droitshumains.net\/wp-content\/uploads\/2022\/11\/IMG-20221103-WA0033_2.jpg?fit=606%2C645&ssl=1",606,645,true],"large":["https:\/\/i0.wp.com\/infos-droitshumains.net\/wp-content\/uploads\/2022\/11\/IMG-20221103-WA0033_2.jpg?fit=606%2C645&ssl=1",606,645,true],"1536x1536":["https:\/\/i0.wp.com\/infos-droitshumains.net\/wp-content\/uploads\/2022\/11\/IMG-20221103-WA0033_2.jpg?fit=606%2C645&ssl=1",606,645,true],"2048x2048":["https:\/\/i0.wp.com\/infos-droitshumains.net\/wp-content\/uploads\/2022\/11\/IMG-20221103-WA0033_2.jpg?fit=606%2C645&ssl=1",606,645,true],"covernews-slider-full":["https:\/\/i0.wp.com\/infos-droitshumains.net\/wp-content\/uploads\/2022\/11\/IMG-20221103-WA0033_2.jpg?resize=606%2C645&ssl=1",606,645,true],"covernews-slider-center":["https:\/\/i0.wp.com\/infos-droitshumains.net\/wp-content\/uploads\/2022\/11\/IMG-20221103-WA0033_2.jpg?resize=606%2C500&ssl=1",606,500,true],"covernews-featured":["https:\/\/i0.wp.com\/infos-droitshumains.net\/wp-content\/uploads\/2022\/11\/IMG-20221103-WA0033_2.jpg?fit=606%2C645&ssl=1",606,645,true],"covernews-medium":["https:\/\/i0.wp.com\/infos-droitshumains.net\/wp-content\/uploads\/2022\/11\/IMG-20221103-WA0033_2.jpg?resize=540%2C340&ssl=1",540,340,true],"covernews-medium-square":["https:\/\/i0.wp.com\/infos-droitshumains.net\/wp-content\/uploads\/2022\/11\/IMG-20221103-WA0033_2.jpg?resize=400%2C250&ssl=1",400,250,true]},"author_info":{"display_name":"Jo\u00ebl Diawa","author_link":"https:\/\/infos-droitshumains.net\/?author=2"},"category_info":"<a href=\"https:\/\/infos-droitshumains.net\/?cat=3\" rel=\"category\">Politique<\/a>","tag_info":"Politique","comment_count":"0","jetpack_featured_media_url":"https:\/\/i0.wp.com\/infos-droitshumains.net\/wp-content\/uploads\/2022\/11\/IMG-20221103-WA0033_2.jpg?fit=606%2C645&ssl=1","jetpack-related-posts":[],"jetpack_sharing_enabled":true,"_links":{"self":[{"href":"https:\/\/infos-droitshumains.net\/index.php?rest_route=\/wp\/v2\/posts\/5530","targetHints":{"allow":["GET"]}}],"collection":[{"href":"https:\/\/infos-droitshumains.net\/index.php?rest_route=\/wp\/v2\/posts"}],"about":[{"href":"https:\/\/infos-droitshumains.net\/index.php?rest_route=\/wp\/v2\/types\/post"}],"author":[{"embeddable":true,"href":"https:\/\/infos-droitshumains.net\/index.php?rest_route=\/wp\/v2\/users\/2"}],"replies":[{"embeddable":true,"href":"https:\/\/infos-droitshumains.net\/index.php?rest_route=%2Fwp%2Fv2%2Fcomments&post=5530"}],"version-history":[{"count":6,"href":"https:\/\/infos-droitshumains.net\/index.php?rest_route=\/wp\/v2\/posts\/5530\/revisions"}],"predecessor-version":[{"id":5541,"href":"https:\/\/infos-droitshumains.net\/index.php?rest_route=\/wp\/v2\/posts\/5530\/revisions\/5541"}],"wp:featuredmedia":[{"embeddable":true,"href":"https:\/\/infos-droitshumains.net\/index.php?rest_route=\/wp\/v2\/media\/5536"}],"wp:attachment":[{"href":"https:\/\/infos-droitshumains.net\/index.php?rest_route=%2Fwp%2Fv2%2Fmedia&parent=5530"}],"wp:term":[{"taxonomy":"category","embeddable":true,"href":"https:\/\/infos-droitshumains.net\/index.php?rest_route=%2Fwp%2Fv2%2Fcategories&post=5530"},{"taxonomy":"post_tag","embeddable":true,"href":"https:\/\/infos-droitshumains.net\/index.php?rest_route=%2Fwp%2Fv2%2Ftags&post=5530"}],"curies":[{"name":"wp","href":"https:\/\/api.w.org\/{rel}","templated":true}]}}