{"id":5525,"date":"2022-11-02T15:38:41","date_gmt":"2022-11-02T14:38:41","guid":{"rendered":"https:\/\/infos-droitshumains.net\/?p=5525"},"modified":"2022-11-02T15:42:34","modified_gmt":"2022-11-02T14:42:34","slug":"mai-ndombe-lassemblee-provinciale-investit-le-gouvernement-bola-apres-vote-a-la-majorite-absolue-de-son-programme","status":"publish","type":"post","link":"https:\/\/infos-droitshumains.net\/?p=5525","title":{"rendered":"Ma\u00ef-Ndombe : L&rsquo;Assembl\u00e9e Provinciale investit le gouvernement Bola apr\u00e8s vote \u00e0 la majorit\u00e9 absolue de son programme"},"content":{"rendered":"\n<p><strong>R\u00e9daction: +243817406088<\/strong><\/p>\n\n\n\n<p>La nouvelle \u00e9quipe de l\u2019ex\u00e9cutif provincial du Ma\u00ef-Ndombe a \u00e9t\u00e9 investie&nbsp; le mardi 1 novembre 2022. Cette investiture est intervenue apr\u00e8s l\u2019approbation par l\u2019assembl\u00e9e provinciale du&nbsp; programme gouvernemental pr\u00e9sent\u00e9 par la gouverneure Rita Bola.<\/p>\n\n\n\n<p>Au total, 19 d\u00e9put\u00e9s provinciaux sur 21 pr\u00e9sents dans la salle de pl\u00e9ni\u00e8re qui composent cet organe d\u00e9lib\u00e9rant, ont vot\u00e9 pour le programme gouvernemental.<\/p>\n\n\n\n<p>Lors de la pr\u00e9sentation de cette vision gouvernementale devant les \u00e9lus provinciaux,&nbsp; la gouverneure a indiqu\u00e9 que l\u2019agriculture est la priorit\u00e9 de l\u2019action de son ex\u00e9cutif du fait que sa province est \u00e0 vocation agricole. Elle a promis de lancer dans le prochain jour une campagne d\u00e9nomm\u00e9e&nbsp;: <em>\u00ab&nbsp;pas une parcelle sans champ&nbsp;\u00bb.<\/em><\/p>\n\n\n\n<p><em>\u00ab&nbsp;Le but primordial, c\u2019est celui d\u2019aider notre province \u00e0 lutter contre l\u2019ins\u00e9curit\u00e9 alimentaire&nbsp;\u00bb<\/em>, a-t-elle indiqu\u00e9.<\/p>\n\n\n\n<p>Par la m\u00eame occasion, Rita Bola s\u2019est engag\u00e9e \u00e0 veiller au gr\u00e9 pour la r\u00e9alisation int\u00e9grale du programme de 145 territoires dans sa province car, \u00e7a vise comme son programme, le d\u00e9veloppement au niveau de la base.<\/p>\n\n\n\n<p>L\u2019ambitieux programme de la gouverneure Rita Bola Dula s\u2019articule autour de dix axes prioritaire qui sont&nbsp;: <em>\u00ab&nbsp;la consolidation de la paix et s\u00e9curit\u00e9, l\u2019autonomisation de la femme, l\u2019\u00e9ducation, le d\u00e9veloppement durable, l\u2019\u00e9conomie circulaire, les infrastructures, le transport fluvial et lacustre, l\u2019eau et l\u2019\u00e9nergie, la sant\u00e9 et la bonne gouvernance&nbsp;\u00bb.<\/em><\/p>\n\n\n\n<p>AM<\/p>\n","protected":false},"excerpt":{"rendered":"<p>R\u00e9daction: +243817406088 La nouvelle \u00e9quipe de l\u2019ex\u00e9cutif provincial du Ma\u00ef-Ndombe a \u00e9t\u00e9 investie&nbsp; le mardi&#8230;<\/p>\n","protected":false},"author":2,"featured_media":5527,"comment_status":"open","ping_status":"open","sticky":false,"template":"","format":"standard","meta":{"_jetpack_memberships_contains_paid_content":false,"footnotes":""},"categories":[3],"tags":[],"class_list":["post-5525","post","type-post","status-publish","format-standard","has-post-thumbnail","hentry","category-politique"],"yoast_head":"<!-- This site is optimized with the Yoast SEO plugin v27.5 - https:\/\/yoast.com\/product\/yoast-seo-wordpress\/ -->\n<title>Ma\u00ef-Ndombe : L&#039;Assembl\u00e9e Provinciale investit le gouvernement Bola apr\u00e8s vote \u00e0 la majorit\u00e9 absolue de son programme - Infos Droits Humains<\/title>\n<meta name=\"robots\" content=\"index, follow, max-snippet:-1, max-image-preview:large, max-video-preview:-1\" \/>\n<link rel=\"canonical\" href=\"https:\/\/infos-droitshumains.net\/?p=5525\" \/>\n<meta property=\"og:locale\" content=\"fr_FR\" \/>\n<meta property=\"og:type\" content=\"article\" \/>\n<meta property=\"og:title\" content=\"Ma\u00ef-Ndombe : L&#039;Assembl\u00e9e Provinciale investit le gouvernement Bola apr\u00e8s vote \u00e0 la majorit\u00e9 absolue de son programme - Infos Droits Humains\" \/>\n<meta property=\"og:description\" content=\"R\u00e9daction: +243817406088 La nouvelle \u00e9quipe de l\u2019ex\u00e9cutif provincial du Ma\u00ef-Ndombe a \u00e9t\u00e9 investie&nbsp; le mardi...\" \/>\n<meta property=\"og:url\" content=\"https:\/\/infos-droitshumains.net\/?p=5525\" \/>\n<meta property=\"og:site_name\" content=\"Infos Droits Humains\" \/>\n<meta property=\"article:published_time\" content=\"2022-11-02T14:38:41+00:00\" \/>\n<meta property=\"article:modified_time\" content=\"2022-11-02T14:42:34+00:00\" \/>\n<meta property=\"og:image\" content=\"https:\/\/i0.wp.com\/infos-droitshumains.net\/wp-content\/uploads\/2022\/11\/IMG-20221102-WA0011_1.jpg?fit=1080%2C654&ssl=1\" \/>\n\t<meta property=\"og:image:width\" content=\"1080\" \/>\n\t<meta property=\"og:image:height\" content=\"654\" \/>\n\t<meta property=\"og:image:type\" content=\"image\/jpeg\" \/>\n<meta name=\"author\" content=\"Jo\u00ebl Diawa\" \/>\n<meta name=\"twitter:card\" content=\"summary_large_image\" \/>\n<meta name=\"twitter:label1\" content=\"\u00c9crit par\" \/>\n\t<meta name=\"twitter:data1\" content=\"Jo\u00ebl Diawa\" \/>\n\t<meta name=\"twitter:label2\" content=\"Dur\u00e9e de lecture estim\u00e9e\" \/>\n\t<meta name=\"twitter:data2\" content=\"1 minute\" \/>\n<script type=\"application\/ld+json\" class=\"yoast-schema-graph\">{\"@context\":\"https:\\\/\\\/schema.org\",\"@graph\":[{\"@type\":\"Article\",\"@id\":\"https:\\\/\\\/infos-droitshumains.net\\\/?p=5525#article\",\"isPartOf\":{\"@id\":\"https:\\\/\\\/infos-droitshumains.net\\\/?p=5525\"},\"author\":{\"name\":\"Jo\u00ebl Diawa\",\"@id\":\"https:\\\/\\\/infos-droitshumains.net\\\/#\\\/schema\\\/person\\\/3dc5e921c3302172e0ed4362f96faab7\"},\"headline\":\"Ma\u00ef-Ndombe : L&rsquo;Assembl\u00e9e Provinciale investit le gouvernement Bola apr\u00e8s vote \u00e0 la majorit\u00e9 absolue de son programme\",\"datePublished\":\"2022-11-02T14:38:41+00:00\",\"dateModified\":\"2022-11-02T14:42:34+00:00\",\"mainEntityOfPage\":{\"@id\":\"https:\\\/\\\/infos-droitshumains.net\\\/?p=5525\"},\"wordCount\":275,\"commentCount\":0,\"publisher\":{\"@id\":\"https:\\\/\\\/infos-droitshumains.net\\\/#organization\"},\"image\":{\"@id\":\"https:\\\/\\\/infos-droitshumains.net\\\/?p=5525#primaryimage\"},\"thumbnailUrl\":\"https:\\\/\\\/i0.wp.com\\\/infos-droitshumains.net\\\/wp-content\\\/uploads\\\/2022\\\/11\\\/IMG-20221102-WA0011_1.jpg?fit=1080%2C654&ssl=1\",\"articleSection\":[\"Politique\"],\"inLanguage\":\"fr-FR\",\"potentialAction\":[{\"@type\":\"CommentAction\",\"name\":\"Comment\",\"target\":[\"https:\\\/\\\/infos-droitshumains.net\\\/?p=5525#respond\"]}]},{\"@type\":\"WebPage\",\"@id\":\"https:\\\/\\\/infos-droitshumains.net\\\/?p=5525\",\"url\":\"https:\\\/\\\/infos-droitshumains.net\\\/?p=5525\",\"name\":\"Ma\u00ef-Ndombe : L'Assembl\u00e9e Provinciale investit le gouvernement Bola apr\u00e8s vote \u00e0 la majorit\u00e9 absolue de son programme - Infos Droits Humains\",\"isPartOf\":{\"@id\":\"https:\\\/\\\/infos-droitshumains.net\\\/#website\"},\"primaryImageOfPage\":{\"@id\":\"https:\\\/\\\/infos-droitshumains.net\\\/?p=5525#primaryimage\"},\"image\":{\"@id\":\"https:\\\/\\\/infos-droitshumains.net\\\/?p=5525#primaryimage\"},\"thumbnailUrl\":\"https:\\\/\\\/i0.wp.com\\\/infos-droitshumains.net\\\/wp-content\\\/uploads\\\/2022\\\/11\\\/IMG-20221102-WA0011_1.jpg?fit=1080%2C654&ssl=1\",\"datePublished\":\"2022-11-02T14:38:41+00:00\",\"dateModified\":\"2022-11-02T14:42:34+00:00\",\"breadcrumb\":{\"@id\":\"https:\\\/\\\/infos-droitshumains.net\\\/?p=5525#breadcrumb\"},\"inLanguage\":\"fr-FR\",\"potentialAction\":[{\"@type\":\"ReadAction\",\"target\":[\"https:\\\/\\\/infos-droitshumains.net\\\/?p=5525\"]}]},{\"@type\":\"ImageObject\",\"inLanguage\":\"fr-FR\",\"@id\":\"https:\\\/\\\/infos-droitshumains.net\\\/?p=5525#primaryimage\",\"url\":\"https:\\\/\\\/i0.wp.com\\\/infos-droitshumains.net\\\/wp-content\\\/uploads\\\/2022\\\/11\\\/IMG-20221102-WA0011_1.jpg?fit=1080%2C654&ssl=1\",\"contentUrl\":\"https:\\\/\\\/i0.wp.com\\\/infos-droitshumains.net\\\/wp-content\\\/uploads\\\/2022\\\/11\\\/IMG-20221102-WA0011_1.jpg?fit=1080%2C654&ssl=1\",\"width\":1080,\"height\":654},{\"@type\":\"BreadcrumbList\",\"@id\":\"https:\\\/\\\/infos-droitshumains.net\\\/?p=5525#breadcrumb\",\"itemListElement\":[{\"@type\":\"ListItem\",\"position\":1,\"name\":\"Accueil\",\"item\":\"https:\\\/\\\/infos-droitshumains.net\\\/\"},{\"@type\":\"ListItem\",\"position\":2,\"name\":\"Ma\u00ef-Ndombe : L&rsquo;Assembl\u00e9e Provinciale investit le gouvernement Bola apr\u00e8s vote \u00e0 la majorit\u00e9 absolue de son programme\"}]},{\"@type\":\"WebSite\",\"@id\":\"https:\\\/\\\/infos-droitshumains.net\\\/#website\",\"url\":\"https:\\\/\\\/infos-droitshumains.net\\\/\",\"name\":\"Infos Droits Humains\",\"description\":\"S&#039;informer est un droit\",\"publisher\":{\"@id\":\"https:\\\/\\\/infos-droitshumains.net\\\/#organization\"},\"potentialAction\":[{\"@type\":\"SearchAction\",\"target\":{\"@type\":\"EntryPoint\",\"urlTemplate\":\"https:\\\/\\\/infos-droitshumains.net\\\/?s={search_term_string}\"},\"query-input\":{\"@type\":\"PropertyValueSpecification\",\"valueRequired\":true,\"valueName\":\"search_term_string\"}}],\"inLanguage\":\"fr-FR\"},{\"@type\":\"Organization\",\"@id\":\"https:\\\/\\\/infos-droitshumains.net\\\/#organization\",\"name\":\"Infos Droits Humains\",\"url\":\"https:\\\/\\\/infos-droitshumains.net\\\/\",\"logo\":{\"@type\":\"ImageObject\",\"inLanguage\":\"fr-FR\",\"@id\":\"https:\\\/\\\/infos-droitshumains.net\\\/#\\\/schema\\\/logo\\\/image\\\/\",\"url\":\"https:\\\/\\\/i0.wp.com\\\/infos-droitshumains.net\\\/wp-content\\\/uploads\\\/2022\\\/05\\\/Logo.png?fit=333%2C129&ssl=1\",\"contentUrl\":\"https:\\\/\\\/i0.wp.com\\\/infos-droitshumains.net\\\/wp-content\\\/uploads\\\/2022\\\/05\\\/Logo.png?fit=333%2C129&ssl=1\",\"width\":333,\"height\":129,\"caption\":\"Infos Droits Humains\"},\"image\":{\"@id\":\"https:\\\/\\\/infos-droitshumains.net\\\/#\\\/schema\\\/logo\\\/image\\\/\"}},{\"@type\":\"Person\",\"@id\":\"https:\\\/\\\/infos-droitshumains.net\\\/#\\\/schema\\\/person\\\/3dc5e921c3302172e0ed4362f96faab7\",\"name\":\"Jo\u00ebl Diawa\",\"image\":{\"@type\":\"ImageObject\",\"inLanguage\":\"fr-FR\",\"@id\":\"https:\\\/\\\/secure.gravatar.com\\\/avatar\\\/729bea6ff4604c624417803c477363be8e3c7186deaa65713313f9b4b820f41c?s=96&d=mm&r=g\",\"url\":\"https:\\\/\\\/secure.gravatar.com\\\/avatar\\\/729bea6ff4604c624417803c477363be8e3c7186deaa65713313f9b4b820f41c?s=96&d=mm&r=g\",\"contentUrl\":\"https:\\\/\\\/secure.gravatar.com\\\/avatar\\\/729bea6ff4604c624417803c477363be8e3c7186deaa65713313f9b4b820f41c?s=96&d=mm&r=g\",\"caption\":\"Jo\u00ebl Diawa\"},\"sameAs\":[\"https:\\\/\\\/www.infos-droitshumains.net\"],\"url\":\"https:\\\/\\\/infos-droitshumains.net\\\/?author=2\"}]}<\/script>\n<!-- \/ Yoast SEO plugin. -->","yoast_head_json":{"title":"Ma\u00ef-Ndombe : L'Assembl\u00e9e Provinciale investit le gouvernement Bola apr\u00e8s vote \u00e0 la majorit\u00e9 absolue de son programme - Infos Droits Humains","robots":{"index":"index","follow":"follow","max-snippet":"max-snippet:-1","max-image-preview":"max-image-preview:large","max-video-preview":"max-video-preview:-1"},"canonical":"https:\/\/infos-droitshumains.net\/?p=5525","og_locale":"fr_FR","og_type":"article","og_title":"Ma\u00ef-Ndombe : L'Assembl\u00e9e Provinciale investit le gouvernement Bola apr\u00e8s vote \u00e0 la majorit\u00e9 absolue de son programme - Infos Droits Humains","og_description":"R\u00e9daction: +243817406088 La nouvelle \u00e9quipe de l\u2019ex\u00e9cutif provincial du Ma\u00ef-Ndombe a \u00e9t\u00e9 investie&nbsp; le mardi...","og_url":"https:\/\/infos-droitshumains.net\/?p=5525","og_site_name":"Infos Droits Humains","article_published_time":"2022-11-02T14:38:41+00:00","article_modified_time":"2022-11-02T14:42:34+00:00","og_image":[{"width":1080,"height":654,"url":"https:\/\/i0.wp.com\/infos-droitshumains.net\/wp-content\/uploads\/2022\/11\/IMG-20221102-WA0011_1.jpg?fit=1080%2C654&ssl=1","type":"image\/jpeg"}],"author":"Jo\u00ebl Diawa","twitter_card":"summary_large_image","twitter_misc":{"\u00c9crit par":"Jo\u00ebl Diawa","Dur\u00e9e de lecture estim\u00e9e":"1 minute"},"schema":{"@context":"https:\/\/schema.org","@graph":[{"@type":"Article","@id":"https:\/\/infos-droitshumains.net\/?p=5525#article","isPartOf":{"@id":"https:\/\/infos-droitshumains.net\/?p=5525"},"author":{"name":"Jo\u00ebl Diawa","@id":"https:\/\/infos-droitshumains.net\/#\/schema\/person\/3dc5e921c3302172e0ed4362f96faab7"},"headline":"Ma\u00ef-Ndombe : L&rsquo;Assembl\u00e9e Provinciale investit le gouvernement Bola apr\u00e8s vote \u00e0 la majorit\u00e9 absolue de son programme","datePublished":"2022-11-02T14:38:41+00:00","dateModified":"2022-11-02T14:42:34+00:00","mainEntityOfPage":{"@id":"https:\/\/infos-droitshumains.net\/?p=5525"},"wordCount":275,"commentCount":0,"publisher":{"@id":"https:\/\/infos-droitshumains.net\/#organization"},"image":{"@id":"https:\/\/infos-droitshumains.net\/?p=5525#primaryimage"},"thumbnailUrl":"https:\/\/i0.wp.com\/infos-droitshumains.net\/wp-content\/uploads\/2022\/11\/IMG-20221102-WA0011_1.jpg?fit=1080%2C654&ssl=1","articleSection":["Politique"],"inLanguage":"fr-FR","potentialAction":[{"@type":"CommentAction","name":"Comment","target":["https:\/\/infos-droitshumains.net\/?p=5525#respond"]}]},{"@type":"WebPage","@id":"https:\/\/infos-droitshumains.net\/?p=5525","url":"https:\/\/infos-droitshumains.net\/?p=5525","name":"Ma\u00ef-Ndombe : L'Assembl\u00e9e Provinciale investit le gouvernement Bola apr\u00e8s vote \u00e0 la majorit\u00e9 absolue de son programme - Infos Droits Humains","isPartOf":{"@id":"https:\/\/infos-droitshumains.net\/#website"},"primaryImageOfPage":{"@id":"https:\/\/infos-droitshumains.net\/?p=5525#primaryimage"},"image":{"@id":"https:\/\/infos-droitshumains.net\/?p=5525#primaryimage"},"thumbnailUrl":"https:\/\/i0.wp.com\/infos-droitshumains.net\/wp-content\/uploads\/2022\/11\/IMG-20221102-WA0011_1.jpg?fit=1080%2C654&ssl=1","datePublished":"2022-11-02T14:38:41+00:00","dateModified":"2022-11-02T14:42:34+00:00","breadcrumb":{"@id":"https:\/\/infos-droitshumains.net\/?p=5525#breadcrumb"},"inLanguage":"fr-FR","potentialAction":[{"@type":"ReadAction","target":["https:\/\/infos-droitshumains.net\/?p=5525"]}]},{"@type":"ImageObject","inLanguage":"fr-FR","@id":"https:\/\/infos-droitshumains.net\/?p=5525#primaryimage","url":"https:\/\/i0.wp.com\/infos-droitshumains.net\/wp-content\/uploads\/2022\/11\/IMG-20221102-WA0011_1.jpg?fit=1080%2C654&ssl=1","contentUrl":"https:\/\/i0.wp.com\/infos-droitshumains.net\/wp-content\/uploads\/2022\/11\/IMG-20221102-WA0011_1.jpg?fit=1080%2C654&ssl=1","width":1080,"height":654},{"@type":"BreadcrumbList","@id":"https:\/\/infos-droitshumains.net\/?p=5525#breadcrumb","itemListElement":[{"@type":"ListItem","position":1,"name":"Accueil","item":"https:\/\/infos-droitshumains.net\/"},{"@type":"ListItem","position":2,"name":"Ma\u00ef-Ndombe : L&rsquo;Assembl\u00e9e Provinciale investit le gouvernement Bola apr\u00e8s vote \u00e0 la majorit\u00e9 absolue de son programme"}]},{"@type":"WebSite","@id":"https:\/\/infos-droitshumains.net\/#website","url":"https:\/\/infos-droitshumains.net\/","name":"Infos Droits Humains","description":"S&#039;informer est un droit","publisher":{"@id":"https:\/\/infos-droitshumains.net\/#organization"},"potentialAction":[{"@type":"SearchAction","target":{"@type":"EntryPoint","urlTemplate":"https:\/\/infos-droitshumains.net\/?s={search_term_string}"},"query-input":{"@type":"PropertyValueSpecification","valueRequired":true,"valueName":"search_term_string"}}],"inLanguage":"fr-FR"},{"@type":"Organization","@id":"https:\/\/infos-droitshumains.net\/#organization","name":"Infos Droits Humains","url":"https:\/\/infos-droitshumains.net\/","logo":{"@type":"ImageObject","inLanguage":"fr-FR","@id":"https:\/\/infos-droitshumains.net\/#\/schema\/logo\/image\/","url":"https:\/\/i0.wp.com\/infos-droitshumains.net\/wp-content\/uploads\/2022\/05\/Logo.png?fit=333%2C129&ssl=1","contentUrl":"https:\/\/i0.wp.com\/infos-droitshumains.net\/wp-content\/uploads\/2022\/05\/Logo.png?fit=333%2C129&ssl=1","width":333,"height":129,"caption":"Infos Droits Humains"},"image":{"@id":"https:\/\/infos-droitshumains.net\/#\/schema\/logo\/image\/"}},{"@type":"Person","@id":"https:\/\/infos-droitshumains.net\/#\/schema\/person\/3dc5e921c3302172e0ed4362f96faab7","name":"Jo\u00ebl Diawa","image":{"@type":"ImageObject","inLanguage":"fr-FR","@id":"https:\/\/secure.gravatar.com\/avatar\/729bea6ff4604c624417803c477363be8e3c7186deaa65713313f9b4b820f41c?s=96&d=mm&r=g","url":"https:\/\/secure.gravatar.com\/avatar\/729bea6ff4604c624417803c477363be8e3c7186deaa65713313f9b4b820f41c?s=96&d=mm&r=g","contentUrl":"https:\/\/secure.gravatar.com\/avatar\/729bea6ff4604c624417803c477363be8e3c7186deaa65713313f9b4b820f41c?s=96&d=mm&r=g","caption":"Jo\u00ebl Diawa"},"sameAs":["https:\/\/www.infos-droitshumains.net"],"url":"https:\/\/infos-droitshumains.net\/?author=2"}]}},"featured_image_urls":{"full":["https:\/\/i0.wp.com\/infos-droitshumains.net\/wp-content\/uploads\/2022\/11\/IMG-20221102-WA0011_1.jpg?fit=1080%2C654&ssl=1",1080,654,false],"thumbnail":["https:\/\/i0.wp.com\/infos-droitshumains.net\/wp-content\/uploads\/2022\/11\/IMG-20221102-WA0011_1.jpg?resize=150%2C150&ssl=1",150,150,true],"medium":["https:\/\/i0.wp.com\/infos-droitshumains.net\/wp-content\/uploads\/2022\/11\/IMG-20221102-WA0011_1.jpg?fit=300%2C182&ssl=1",300,182,true],"medium_large":["https:\/\/i0.wp.com\/infos-droitshumains.net\/wp-content\/uploads\/2022\/11\/IMG-20221102-WA0011_1.jpg?fit=640%2C388&ssl=1",640,388,true],"large":["https:\/\/i0.wp.com\/infos-droitshumains.net\/wp-content\/uploads\/2022\/11\/IMG-20221102-WA0011_1.jpg?fit=640%2C388&ssl=1",640,388,true],"1536x1536":["https:\/\/i0.wp.com\/infos-droitshumains.net\/wp-content\/uploads\/2022\/11\/IMG-20221102-WA0011_1.jpg?fit=1080%2C654&ssl=1",1080,654,true],"2048x2048":["https:\/\/i0.wp.com\/infos-droitshumains.net\/wp-content\/uploads\/2022\/11\/IMG-20221102-WA0011_1.jpg?fit=1080%2C654&ssl=1",1080,654,true],"covernews-slider-full":["https:\/\/i0.wp.com\/infos-droitshumains.net\/wp-content\/uploads\/2022\/11\/IMG-20221102-WA0011_1.jpg?resize=1080%2C654&ssl=1",1080,654,true],"covernews-slider-center":["https:\/\/i0.wp.com\/infos-droitshumains.net\/wp-content\/uploads\/2022\/11\/IMG-20221102-WA0011_1.jpg?resize=800%2C500&ssl=1",800,500,true],"covernews-featured":["https:\/\/i0.wp.com\/infos-droitshumains.net\/wp-content\/uploads\/2022\/11\/IMG-20221102-WA0011_1.jpg?fit=1024%2C620&ssl=1",1024,620,true],"covernews-medium":["https:\/\/i0.wp.com\/infos-droitshumains.net\/wp-content\/uploads\/2022\/11\/IMG-20221102-WA0011_1.jpg?resize=540%2C340&ssl=1",540,340,true],"covernews-medium-square":["https:\/\/i0.wp.com\/infos-droitshumains.net\/wp-content\/uploads\/2022\/11\/IMG-20221102-WA0011_1.jpg?resize=400%2C250&ssl=1",400,250,true]},"author_info":{"display_name":"Jo\u00ebl Diawa","author_link":"https:\/\/infos-droitshumains.net\/?author=2"},"category_info":"<a href=\"https:\/\/infos-droitshumains.net\/?cat=3\" rel=\"category\">Politique<\/a>","tag_info":"Politique","comment_count":"0","jetpack_featured_media_url":"https:\/\/i0.wp.com\/infos-droitshumains.net\/wp-content\/uploads\/2022\/11\/IMG-20221102-WA0011_1.jpg?fit=1080%2C654&ssl=1","jetpack-related-posts":[],"jetpack_sharing_enabled":true,"_links":{"self":[{"href":"https:\/\/infos-droitshumains.net\/index.php?rest_route=\/wp\/v2\/posts\/5525","targetHints":{"allow":["GET"]}}],"collection":[{"href":"https:\/\/infos-droitshumains.net\/index.php?rest_route=\/wp\/v2\/posts"}],"about":[{"href":"https:\/\/infos-droitshumains.net\/index.php?rest_route=\/wp\/v2\/types\/post"}],"author":[{"embeddable":true,"href":"https:\/\/infos-droitshumains.net\/index.php?rest_route=\/wp\/v2\/users\/2"}],"replies":[{"embeddable":true,"href":"https:\/\/infos-droitshumains.net\/index.php?rest_route=%2Fwp%2Fv2%2Fcomments&post=5525"}],"version-history":[{"count":2,"href":"https:\/\/infos-droitshumains.net\/index.php?rest_route=\/wp\/v2\/posts\/5525\/revisions"}],"predecessor-version":[{"id":5529,"href":"https:\/\/infos-droitshumains.net\/index.php?rest_route=\/wp\/v2\/posts\/5525\/revisions\/5529"}],"wp:featuredmedia":[{"embeddable":true,"href":"https:\/\/infos-droitshumains.net\/index.php?rest_route=\/wp\/v2\/media\/5527"}],"wp:attachment":[{"href":"https:\/\/infos-droitshumains.net\/index.php?rest_route=%2Fwp%2Fv2%2Fmedia&parent=5525"}],"wp:term":[{"taxonomy":"category","embeddable":true,"href":"https:\/\/infos-droitshumains.net\/index.php?rest_route=%2Fwp%2Fv2%2Fcategories&post=5525"},{"taxonomy":"post_tag","embeddable":true,"href":"https:\/\/infos-droitshumains.net\/index.php?rest_route=%2Fwp%2Fv2%2Ftags&post=5525"}],"curies":[{"name":"wp","href":"https:\/\/api.w.org\/{rel}","templated":true}]}}