{"id":5518,"date":"2022-11-02T14:18:20","date_gmt":"2022-11-02T13:18:20","guid":{"rendered":"https:\/\/infos-droitshumains.net\/?p=5518"},"modified":"2022-11-02T14:39:27","modified_gmt":"2022-11-02T13:39:27","slug":"investigations-et-poursuites-des-auteurs-de-la-traite-des-personnes-en-rdc-les-magistrats-et-opj-soumis-a-un-atelier-de-formation","status":"publish","type":"post","link":"https:\/\/infos-droitshumains.net\/?p=5518","title":{"rendered":"Investigations et poursuites des auteurs de la traite des personnes en RDC : les Magistrats et OPJ soumis \u00e0 un atelier de formation"},"content":{"rendered":"\n<p><strong>R\u00e9daction: +243817406088<\/strong><\/p>\n\n\n\n<p>L\u2019Agence pour la Pr\u00e9vention et la Lutte contre la Traite des Personnes en collaboration avec l\u2019Organisation Internationale pour les Migrations organisent du 02 au 05 novembre \u00e0 Kinshasa, un atelier de formation sur les investigations et les poursuites des auteurs de la traite des personnes.<\/p>\n\n\n\n<p><\/p>\n\n\n\n<p>Cet atelier est organis\u00e9 \u00e0 l\u2019intention des formateurs principalement les magistrats et les Office des Police Judiciaire venus des provinces voisines de Kinshasa.<\/p>\n\n\n\n<p><em>\u00ab&nbsp;La formation des enqu\u00eateurs en les techniques et strat\u00e9gies d\u2019investigation et des poursuites des auteurs d\u2019actes de traite des personnes demeure primordiale pour s\u00e9curiser les victimes, d\u00e9masquer les trafiquants et complices, et enfin d\u00e9manteler les r\u00e9seaux criminels&nbsp;\u00bb<\/em>, a rappel\u00e9 la Coordonnatrice de l\u2019APLTP aux participants. Pour C\u00e9cile Meta Kasanda, le choix de Kinshasa \u00e0 accueillir cette activit\u00e9 r\u00e9pond \u00e0 certaines r\u00e9alit\u00e9s&nbsp;:<\/p>\n\n\n\n<p><em>\u00ab&nbsp;Cette ville est le point de d\u00e9part, de transit et\/ou de destination des victimes de la traite des personnes. C\u2019est le grand centre de n\u00e9goce des passeurs des migrants et des trafiquants des personnes. Plusieurs corridors de trafic des migrants et de passage des potentielles victimes de traite y trouve le point de d\u00e9part&nbsp;\u00bb.<\/em><\/p>\n\n\n\n<p><\/p>\n\n\n\n<p>Par ailleurs C\u00e9cile Meta Kasanda a mis les participants \u00e0 cette formation en garde contre la dangerosit\u00e9 des trafiquants afin de prendre toutes les pr\u00e9cautions au cours de l\u2019exercice de leur travail.<\/p>\n\n\n\n<p><em>\u00ab&nbsp;Ils manipulent beaucoup d\u2019argent et sont pr\u00eats \u00e0 \u00e9liminer tout celui qui va \u00e0 l\u2019encontre de leurs int\u00e9r\u00eats, ils agissent comme les mafiosi italiens qui ont tu\u00e9 le juge anti mafia \u00e0 Palerme\u2026&nbsp;\u00bb.<\/em><\/p>\n\n\n\n<p>Pour cette premi\u00e8re s\u00e9ance, les participants ont \u00e9t\u00e9 outill\u00e9s sur les \u00e9l\u00e9ments \u00e0 prendre en consid\u00e9ration pour obtenir une condamnation dans les affaires de traite des personnes.<\/p>\n\n\n\n<p>Notons que cette formation organis\u00e9e par l\u2019Agence pour la Pr\u00e9vention et la Lutte contre la Traite des Personnes et l\u2019Organisation Internationale pour les Migrations, avec l\u2019appui financier et technique du gouvernement am\u00e9ricain a-travers l\u2019USAID tombe \u00e0 point nomm\u00e9 dans la mesure o\u00f9, la loi sur la traite des personnes avait \u00e9t\u00e9 r\u00e9cemment vot\u00e9e par l\u2019Assembl\u00e9e National et, elle attend son examen en seconde lecture au S\u00e9nat avant sa promulgation par le Chef de l\u2019\u00c9tat.<\/p>\n\n\n\n<p>Jo\u00ebl Diawa<\/p>\n","protected":false},"excerpt":{"rendered":"<p>R\u00e9daction: +243817406088 L\u2019Agence pour la Pr\u00e9vention et la Lutte contre la Traite des Personnes en&#8230;<\/p>\n","protected":false},"author":2,"featured_media":5520,"comment_status":"open","ping_status":"open","sticky":false,"template":"","format":"standard","meta":{"_jetpack_memberships_contains_paid_content":false,"footnotes":""},"categories":[7],"tags":[],"class_list":["post-5518","post","type-post","status-publish","format-standard","has-post-thumbnail","hentry","category-droits-humains"],"yoast_head":"<!-- This site is optimized with the Yoast SEO plugin v27.5 - https:\/\/yoast.com\/product\/yoast-seo-wordpress\/ -->\n<title>Investigations et poursuites des auteurs de la traite des personnes en RDC : les Magistrats et OPJ soumis \u00e0 un atelier de formation - Infos Droits Humains<\/title>\n<meta name=\"robots\" content=\"index, follow, max-snippet:-1, max-image-preview:large, max-video-preview:-1\" \/>\n<link rel=\"canonical\" href=\"https:\/\/infos-droitshumains.net\/?p=5518\" \/>\n<meta property=\"og:locale\" content=\"fr_FR\" \/>\n<meta property=\"og:type\" content=\"article\" \/>\n<meta property=\"og:title\" content=\"Investigations et poursuites des auteurs de la traite des personnes en RDC : les Magistrats et OPJ soumis \u00e0 un atelier de formation - Infos Droits Humains\" \/>\n<meta property=\"og:description\" content=\"R\u00e9daction: +243817406088 L\u2019Agence pour la Pr\u00e9vention et la Lutte contre la Traite des Personnes en...\" \/>\n<meta property=\"og:url\" content=\"https:\/\/infos-droitshumains.net\/?p=5518\" \/>\n<meta property=\"og:site_name\" content=\"Infos Droits Humains\" \/>\n<meta property=\"article:published_time\" content=\"2022-11-02T13:18:20+00:00\" \/>\n<meta property=\"article:modified_time\" content=\"2022-11-02T13:39:27+00:00\" \/>\n<meta property=\"og:image\" content=\"https:\/\/i0.wp.com\/infos-droitshumains.net\/wp-content\/uploads\/2022\/11\/IMG-20221102-WA0003_1.jpg?fit=1023%2C645&ssl=1\" \/>\n\t<meta property=\"og:image:width\" content=\"1023\" \/>\n\t<meta property=\"og:image:height\" content=\"645\" \/>\n\t<meta property=\"og:image:type\" content=\"image\/jpeg\" \/>\n<meta name=\"author\" content=\"Jo\u00ebl Diawa\" \/>\n<meta name=\"twitter:card\" content=\"summary_large_image\" \/>\n<meta name=\"twitter:label1\" content=\"\u00c9crit par\" \/>\n\t<meta name=\"twitter:data1\" content=\"Jo\u00ebl Diawa\" \/>\n\t<meta name=\"twitter:label2\" content=\"Dur\u00e9e de lecture estim\u00e9e\" \/>\n\t<meta name=\"twitter:data2\" content=\"2 minutes\" \/>\n<script type=\"application\/ld+json\" class=\"yoast-schema-graph\">{\"@context\":\"https:\\\/\\\/schema.org\",\"@graph\":[{\"@type\":\"Article\",\"@id\":\"https:\\\/\\\/infos-droitshumains.net\\\/?p=5518#article\",\"isPartOf\":{\"@id\":\"https:\\\/\\\/infos-droitshumains.net\\\/?p=5518\"},\"author\":{\"name\":\"Jo\u00ebl Diawa\",\"@id\":\"https:\\\/\\\/infos-droitshumains.net\\\/#\\\/schema\\\/person\\\/3dc5e921c3302172e0ed4362f96faab7\"},\"headline\":\"Investigations et poursuites des auteurs de la traite des personnes en RDC : les Magistrats et OPJ soumis \u00e0 un atelier de formation\",\"datePublished\":\"2022-11-02T13:18:20+00:00\",\"dateModified\":\"2022-11-02T13:39:27+00:00\",\"mainEntityOfPage\":{\"@id\":\"https:\\\/\\\/infos-droitshumains.net\\\/?p=5518\"},\"wordCount\":418,\"commentCount\":0,\"publisher\":{\"@id\":\"https:\\\/\\\/infos-droitshumains.net\\\/#organization\"},\"image\":{\"@id\":\"https:\\\/\\\/infos-droitshumains.net\\\/?p=5518#primaryimage\"},\"thumbnailUrl\":\"https:\\\/\\\/i0.wp.com\\\/infos-droitshumains.net\\\/wp-content\\\/uploads\\\/2022\\\/11\\\/IMG-20221102-WA0003_1.jpg?fit=1023%2C645&ssl=1\",\"articleSection\":[\"Droits Humains\"],\"inLanguage\":\"fr-FR\",\"potentialAction\":[{\"@type\":\"CommentAction\",\"name\":\"Comment\",\"target\":[\"https:\\\/\\\/infos-droitshumains.net\\\/?p=5518#respond\"]}]},{\"@type\":\"WebPage\",\"@id\":\"https:\\\/\\\/infos-droitshumains.net\\\/?p=5518\",\"url\":\"https:\\\/\\\/infos-droitshumains.net\\\/?p=5518\",\"name\":\"Investigations et poursuites des auteurs de la traite des personnes en RDC : les Magistrats et OPJ soumis \u00e0 un atelier de formation - Infos Droits Humains\",\"isPartOf\":{\"@id\":\"https:\\\/\\\/infos-droitshumains.net\\\/#website\"},\"primaryImageOfPage\":{\"@id\":\"https:\\\/\\\/infos-droitshumains.net\\\/?p=5518#primaryimage\"},\"image\":{\"@id\":\"https:\\\/\\\/infos-droitshumains.net\\\/?p=5518#primaryimage\"},\"thumbnailUrl\":\"https:\\\/\\\/i0.wp.com\\\/infos-droitshumains.net\\\/wp-content\\\/uploads\\\/2022\\\/11\\\/IMG-20221102-WA0003_1.jpg?fit=1023%2C645&ssl=1\",\"datePublished\":\"2022-11-02T13:18:20+00:00\",\"dateModified\":\"2022-11-02T13:39:27+00:00\",\"breadcrumb\":{\"@id\":\"https:\\\/\\\/infos-droitshumains.net\\\/?p=5518#breadcrumb\"},\"inLanguage\":\"fr-FR\",\"potentialAction\":[{\"@type\":\"ReadAction\",\"target\":[\"https:\\\/\\\/infos-droitshumains.net\\\/?p=5518\"]}]},{\"@type\":\"ImageObject\",\"inLanguage\":\"fr-FR\",\"@id\":\"https:\\\/\\\/infos-droitshumains.net\\\/?p=5518#primaryimage\",\"url\":\"https:\\\/\\\/i0.wp.com\\\/infos-droitshumains.net\\\/wp-content\\\/uploads\\\/2022\\\/11\\\/IMG-20221102-WA0003_1.jpg?fit=1023%2C645&ssl=1\",\"contentUrl\":\"https:\\\/\\\/i0.wp.com\\\/infos-droitshumains.net\\\/wp-content\\\/uploads\\\/2022\\\/11\\\/IMG-20221102-WA0003_1.jpg?fit=1023%2C645&ssl=1\",\"width\":1023,\"height\":645},{\"@type\":\"BreadcrumbList\",\"@id\":\"https:\\\/\\\/infos-droitshumains.net\\\/?p=5518#breadcrumb\",\"itemListElement\":[{\"@type\":\"ListItem\",\"position\":1,\"name\":\"Accueil\",\"item\":\"https:\\\/\\\/infos-droitshumains.net\\\/\"},{\"@type\":\"ListItem\",\"position\":2,\"name\":\"Investigations et poursuites des auteurs de la traite des personnes en RDC : les Magistrats et OPJ soumis \u00e0 un atelier de formation\"}]},{\"@type\":\"WebSite\",\"@id\":\"https:\\\/\\\/infos-droitshumains.net\\\/#website\",\"url\":\"https:\\\/\\\/infos-droitshumains.net\\\/\",\"name\":\"Infos Droits Humains\",\"description\":\"S&#039;informer est un droit\",\"publisher\":{\"@id\":\"https:\\\/\\\/infos-droitshumains.net\\\/#organization\"},\"potentialAction\":[{\"@type\":\"SearchAction\",\"target\":{\"@type\":\"EntryPoint\",\"urlTemplate\":\"https:\\\/\\\/infos-droitshumains.net\\\/?s={search_term_string}\"},\"query-input\":{\"@type\":\"PropertyValueSpecification\",\"valueRequired\":true,\"valueName\":\"search_term_string\"}}],\"inLanguage\":\"fr-FR\"},{\"@type\":\"Organization\",\"@id\":\"https:\\\/\\\/infos-droitshumains.net\\\/#organization\",\"name\":\"Infos Droits Humains\",\"url\":\"https:\\\/\\\/infos-droitshumains.net\\\/\",\"logo\":{\"@type\":\"ImageObject\",\"inLanguage\":\"fr-FR\",\"@id\":\"https:\\\/\\\/infos-droitshumains.net\\\/#\\\/schema\\\/logo\\\/image\\\/\",\"url\":\"https:\\\/\\\/i0.wp.com\\\/infos-droitshumains.net\\\/wp-content\\\/uploads\\\/2022\\\/05\\\/Logo.png?fit=333%2C129&ssl=1\",\"contentUrl\":\"https:\\\/\\\/i0.wp.com\\\/infos-droitshumains.net\\\/wp-content\\\/uploads\\\/2022\\\/05\\\/Logo.png?fit=333%2C129&ssl=1\",\"width\":333,\"height\":129,\"caption\":\"Infos Droits Humains\"},\"image\":{\"@id\":\"https:\\\/\\\/infos-droitshumains.net\\\/#\\\/schema\\\/logo\\\/image\\\/\"}},{\"@type\":\"Person\",\"@id\":\"https:\\\/\\\/infos-droitshumains.net\\\/#\\\/schema\\\/person\\\/3dc5e921c3302172e0ed4362f96faab7\",\"name\":\"Jo\u00ebl Diawa\",\"image\":{\"@type\":\"ImageObject\",\"inLanguage\":\"fr-FR\",\"@id\":\"https:\\\/\\\/secure.gravatar.com\\\/avatar\\\/729bea6ff4604c624417803c477363be8e3c7186deaa65713313f9b4b820f41c?s=96&d=mm&r=g\",\"url\":\"https:\\\/\\\/secure.gravatar.com\\\/avatar\\\/729bea6ff4604c624417803c477363be8e3c7186deaa65713313f9b4b820f41c?s=96&d=mm&r=g\",\"contentUrl\":\"https:\\\/\\\/secure.gravatar.com\\\/avatar\\\/729bea6ff4604c624417803c477363be8e3c7186deaa65713313f9b4b820f41c?s=96&d=mm&r=g\",\"caption\":\"Jo\u00ebl Diawa\"},\"sameAs\":[\"https:\\\/\\\/www.infos-droitshumains.net\"],\"url\":\"https:\\\/\\\/infos-droitshumains.net\\\/?author=2\"}]}<\/script>\n<!-- \/ Yoast SEO plugin. -->","yoast_head_json":{"title":"Investigations et poursuites des auteurs de la traite des personnes en RDC : les Magistrats et OPJ soumis \u00e0 un atelier de formation - Infos Droits Humains","robots":{"index":"index","follow":"follow","max-snippet":"max-snippet:-1","max-image-preview":"max-image-preview:large","max-video-preview":"max-video-preview:-1"},"canonical":"https:\/\/infos-droitshumains.net\/?p=5518","og_locale":"fr_FR","og_type":"article","og_title":"Investigations et poursuites des auteurs de la traite des personnes en RDC : les Magistrats et OPJ soumis \u00e0 un atelier de formation - Infos Droits Humains","og_description":"R\u00e9daction: +243817406088 L\u2019Agence pour la Pr\u00e9vention et la Lutte contre la Traite des Personnes en...","og_url":"https:\/\/infos-droitshumains.net\/?p=5518","og_site_name":"Infos Droits Humains","article_published_time":"2022-11-02T13:18:20+00:00","article_modified_time":"2022-11-02T13:39:27+00:00","og_image":[{"width":1023,"height":645,"url":"https:\/\/i0.wp.com\/infos-droitshumains.net\/wp-content\/uploads\/2022\/11\/IMG-20221102-WA0003_1.jpg?fit=1023%2C645&ssl=1","type":"image\/jpeg"}],"author":"Jo\u00ebl Diawa","twitter_card":"summary_large_image","twitter_misc":{"\u00c9crit par":"Jo\u00ebl Diawa","Dur\u00e9e de lecture estim\u00e9e":"2 minutes"},"schema":{"@context":"https:\/\/schema.org","@graph":[{"@type":"Article","@id":"https:\/\/infos-droitshumains.net\/?p=5518#article","isPartOf":{"@id":"https:\/\/infos-droitshumains.net\/?p=5518"},"author":{"name":"Jo\u00ebl Diawa","@id":"https:\/\/infos-droitshumains.net\/#\/schema\/person\/3dc5e921c3302172e0ed4362f96faab7"},"headline":"Investigations et poursuites des auteurs de la traite des personnes en RDC : les Magistrats et OPJ soumis \u00e0 un atelier de formation","datePublished":"2022-11-02T13:18:20+00:00","dateModified":"2022-11-02T13:39:27+00:00","mainEntityOfPage":{"@id":"https:\/\/infos-droitshumains.net\/?p=5518"},"wordCount":418,"commentCount":0,"publisher":{"@id":"https:\/\/infos-droitshumains.net\/#organization"},"image":{"@id":"https:\/\/infos-droitshumains.net\/?p=5518#primaryimage"},"thumbnailUrl":"https:\/\/i0.wp.com\/infos-droitshumains.net\/wp-content\/uploads\/2022\/11\/IMG-20221102-WA0003_1.jpg?fit=1023%2C645&ssl=1","articleSection":["Droits Humains"],"inLanguage":"fr-FR","potentialAction":[{"@type":"CommentAction","name":"Comment","target":["https:\/\/infos-droitshumains.net\/?p=5518#respond"]}]},{"@type":"WebPage","@id":"https:\/\/infos-droitshumains.net\/?p=5518","url":"https:\/\/infos-droitshumains.net\/?p=5518","name":"Investigations et poursuites des auteurs de la traite des personnes en RDC : les Magistrats et OPJ soumis \u00e0 un atelier de formation - Infos Droits Humains","isPartOf":{"@id":"https:\/\/infos-droitshumains.net\/#website"},"primaryImageOfPage":{"@id":"https:\/\/infos-droitshumains.net\/?p=5518#primaryimage"},"image":{"@id":"https:\/\/infos-droitshumains.net\/?p=5518#primaryimage"},"thumbnailUrl":"https:\/\/i0.wp.com\/infos-droitshumains.net\/wp-content\/uploads\/2022\/11\/IMG-20221102-WA0003_1.jpg?fit=1023%2C645&ssl=1","datePublished":"2022-11-02T13:18:20+00:00","dateModified":"2022-11-02T13:39:27+00:00","breadcrumb":{"@id":"https:\/\/infos-droitshumains.net\/?p=5518#breadcrumb"},"inLanguage":"fr-FR","potentialAction":[{"@type":"ReadAction","target":["https:\/\/infos-droitshumains.net\/?p=5518"]}]},{"@type":"ImageObject","inLanguage":"fr-FR","@id":"https:\/\/infos-droitshumains.net\/?p=5518#primaryimage","url":"https:\/\/i0.wp.com\/infos-droitshumains.net\/wp-content\/uploads\/2022\/11\/IMG-20221102-WA0003_1.jpg?fit=1023%2C645&ssl=1","contentUrl":"https:\/\/i0.wp.com\/infos-droitshumains.net\/wp-content\/uploads\/2022\/11\/IMG-20221102-WA0003_1.jpg?fit=1023%2C645&ssl=1","width":1023,"height":645},{"@type":"BreadcrumbList","@id":"https:\/\/infos-droitshumains.net\/?p=5518#breadcrumb","itemListElement":[{"@type":"ListItem","position":1,"name":"Accueil","item":"https:\/\/infos-droitshumains.net\/"},{"@type":"ListItem","position":2,"name":"Investigations et poursuites des auteurs de la traite des personnes en RDC : les Magistrats et OPJ soumis \u00e0 un atelier de formation"}]},{"@type":"WebSite","@id":"https:\/\/infos-droitshumains.net\/#website","url":"https:\/\/infos-droitshumains.net\/","name":"Infos Droits Humains","description":"S&#039;informer est un droit","publisher":{"@id":"https:\/\/infos-droitshumains.net\/#organization"},"potentialAction":[{"@type":"SearchAction","target":{"@type":"EntryPoint","urlTemplate":"https:\/\/infos-droitshumains.net\/?s={search_term_string}"},"query-input":{"@type":"PropertyValueSpecification","valueRequired":true,"valueName":"search_term_string"}}],"inLanguage":"fr-FR"},{"@type":"Organization","@id":"https:\/\/infos-droitshumains.net\/#organization","name":"Infos Droits Humains","url":"https:\/\/infos-droitshumains.net\/","logo":{"@type":"ImageObject","inLanguage":"fr-FR","@id":"https:\/\/infos-droitshumains.net\/#\/schema\/logo\/image\/","url":"https:\/\/i0.wp.com\/infos-droitshumains.net\/wp-content\/uploads\/2022\/05\/Logo.png?fit=333%2C129&ssl=1","contentUrl":"https:\/\/i0.wp.com\/infos-droitshumains.net\/wp-content\/uploads\/2022\/05\/Logo.png?fit=333%2C129&ssl=1","width":333,"height":129,"caption":"Infos Droits Humains"},"image":{"@id":"https:\/\/infos-droitshumains.net\/#\/schema\/logo\/image\/"}},{"@type":"Person","@id":"https:\/\/infos-droitshumains.net\/#\/schema\/person\/3dc5e921c3302172e0ed4362f96faab7","name":"Jo\u00ebl Diawa","image":{"@type":"ImageObject","inLanguage":"fr-FR","@id":"https:\/\/secure.gravatar.com\/avatar\/729bea6ff4604c624417803c477363be8e3c7186deaa65713313f9b4b820f41c?s=96&d=mm&r=g","url":"https:\/\/secure.gravatar.com\/avatar\/729bea6ff4604c624417803c477363be8e3c7186deaa65713313f9b4b820f41c?s=96&d=mm&r=g","contentUrl":"https:\/\/secure.gravatar.com\/avatar\/729bea6ff4604c624417803c477363be8e3c7186deaa65713313f9b4b820f41c?s=96&d=mm&r=g","caption":"Jo\u00ebl Diawa"},"sameAs":["https:\/\/www.infos-droitshumains.net"],"url":"https:\/\/infos-droitshumains.net\/?author=2"}]}},"featured_image_urls":{"full":["https:\/\/i0.wp.com\/infos-droitshumains.net\/wp-content\/uploads\/2022\/11\/IMG-20221102-WA0003_1.jpg?fit=1023%2C645&ssl=1",1023,645,false],"thumbnail":["https:\/\/i0.wp.com\/infos-droitshumains.net\/wp-content\/uploads\/2022\/11\/IMG-20221102-WA0003_1.jpg?resize=150%2C150&ssl=1",150,150,true],"medium":["https:\/\/i0.wp.com\/infos-droitshumains.net\/wp-content\/uploads\/2022\/11\/IMG-20221102-WA0003_1.jpg?fit=300%2C189&ssl=1",300,189,true],"medium_large":["https:\/\/i0.wp.com\/infos-droitshumains.net\/wp-content\/uploads\/2022\/11\/IMG-20221102-WA0003_1.jpg?fit=640%2C403&ssl=1",640,403,true],"large":["https:\/\/i0.wp.com\/infos-droitshumains.net\/wp-content\/uploads\/2022\/11\/IMG-20221102-WA0003_1.jpg?fit=640%2C404&ssl=1",640,404,true],"1536x1536":["https:\/\/i0.wp.com\/infos-droitshumains.net\/wp-content\/uploads\/2022\/11\/IMG-20221102-WA0003_1.jpg?fit=1023%2C645&ssl=1",1023,645,true],"2048x2048":["https:\/\/i0.wp.com\/infos-droitshumains.net\/wp-content\/uploads\/2022\/11\/IMG-20221102-WA0003_1.jpg?fit=1023%2C645&ssl=1",1023,645,true],"covernews-slider-full":["https:\/\/i0.wp.com\/infos-droitshumains.net\/wp-content\/uploads\/2022\/11\/IMG-20221102-WA0003_1.jpg?resize=1023%2C645&ssl=1",1023,645,true],"covernews-slider-center":["https:\/\/i0.wp.com\/infos-droitshumains.net\/wp-content\/uploads\/2022\/11\/IMG-20221102-WA0003_1.jpg?resize=800%2C500&ssl=1",800,500,true],"covernews-featured":["https:\/\/i0.wp.com\/infos-droitshumains.net\/wp-content\/uploads\/2022\/11\/IMG-20221102-WA0003_1.jpg?fit=1023%2C645&ssl=1",1023,645,true],"covernews-medium":["https:\/\/i0.wp.com\/infos-droitshumains.net\/wp-content\/uploads\/2022\/11\/IMG-20221102-WA0003_1.jpg?resize=540%2C340&ssl=1",540,340,true],"covernews-medium-square":["https:\/\/i0.wp.com\/infos-droitshumains.net\/wp-content\/uploads\/2022\/11\/IMG-20221102-WA0003_1.jpg?resize=400%2C250&ssl=1",400,250,true]},"author_info":{"display_name":"Jo\u00ebl Diawa","author_link":"https:\/\/infos-droitshumains.net\/?author=2"},"category_info":"<a href=\"https:\/\/infos-droitshumains.net\/?cat=7\" rel=\"category\">Droits Humains<\/a>","tag_info":"Droits Humains","comment_count":"0","jetpack_featured_media_url":"https:\/\/i0.wp.com\/infos-droitshumains.net\/wp-content\/uploads\/2022\/11\/IMG-20221102-WA0003_1.jpg?fit=1023%2C645&ssl=1","jetpack-related-posts":[],"jetpack_sharing_enabled":true,"_links":{"self":[{"href":"https:\/\/infos-droitshumains.net\/index.php?rest_route=\/wp\/v2\/posts\/5518","targetHints":{"allow":["GET"]}}],"collection":[{"href":"https:\/\/infos-droitshumains.net\/index.php?rest_route=\/wp\/v2\/posts"}],"about":[{"href":"https:\/\/infos-droitshumains.net\/index.php?rest_route=\/wp\/v2\/types\/post"}],"author":[{"embeddable":true,"href":"https:\/\/infos-droitshumains.net\/index.php?rest_route=\/wp\/v2\/users\/2"}],"replies":[{"embeddable":true,"href":"https:\/\/infos-droitshumains.net\/index.php?rest_route=%2Fwp%2Fv2%2Fcomments&post=5518"}],"version-history":[{"count":4,"href":"https:\/\/infos-droitshumains.net\/index.php?rest_route=\/wp\/v2\/posts\/5518\/revisions"}],"predecessor-version":[{"id":5524,"href":"https:\/\/infos-droitshumains.net\/index.php?rest_route=\/wp\/v2\/posts\/5518\/revisions\/5524"}],"wp:featuredmedia":[{"embeddable":true,"href":"https:\/\/infos-droitshumains.net\/index.php?rest_route=\/wp\/v2\/media\/5520"}],"wp:attachment":[{"href":"https:\/\/infos-droitshumains.net\/index.php?rest_route=%2Fwp%2Fv2%2Fmedia&parent=5518"}],"wp:term":[{"taxonomy":"category","embeddable":true,"href":"https:\/\/infos-droitshumains.net\/index.php?rest_route=%2Fwp%2Fv2%2Fcategories&post=5518"},{"taxonomy":"post_tag","embeddable":true,"href":"https:\/\/infos-droitshumains.net\/index.php?rest_route=%2Fwp%2Fv2%2Ftags&post=5518"}],"curies":[{"name":"wp","href":"https:\/\/api.w.org\/{rel}","templated":true}]}}