{"id":5442,"date":"2022-10-28T00:12:40","date_gmt":"2022-10-27T22:12:40","guid":{"rendered":"https:\/\/infos-droitshumains.net\/?p=5442"},"modified":"2022-10-28T00:18:52","modified_gmt":"2022-10-27T22:18:52","slug":"rdc-martin-fayulu-a-un-plan-pour-la-tenue-des-elections-apres-2023-en-cas-de-glissement","status":"publish","type":"post","link":"https:\/\/infos-droitshumains.net\/?p=5442","title":{"rendered":"RDC: Martin Fayulu a un plan pour la tenue des \u00e9lections apr\u00e8s 2023 en cas de glissement"},"content":{"rendered":"\n<p><strong>R\u00e9daction :+243817406088<\/strong><\/p>\n\n\n\n<p>Le compte est d\u00e9sormais \u00e0 rebours pour l\u2019organisation de l\u2019\u00e9lection pr\u00e9sidentielle en R\u00e9publique D\u00e9mocratique du Congo. Plus qu\u2019une ann\u00e9e et deux mois nous s\u00e9parent de la date constitutionnelle pour la tenue de ce scrutin, soit, au plus tard le 31 d\u00e9cembre 2023. De l\u2019 avis des experts, il sera quasi impossible d\u2019avoir des \u00e9lections libres, transparentes et impartiales dans ce d\u00e9lai au regard de plusieurs contraintes, dont celles financi\u00e8res et s\u00e9curitaire.<\/p>\n\n\n\n<p>Il se pourra que ces \u00e9lections soient d\u00e9cal\u00e9es d\u2019une ann\u00e9e, soit en 2024. Une option qui devra \u00eatre en d\u00e9faveur du Pr\u00e9sident F\u00e9lix Tshisekedi qui avait promis d\u2019organiser les \u00e9lections dans le d\u00e9lai constitutionnelle. Cette derni\u00e8re option ne peut \u00eatre acceptable qu\u2019\u00e0 deux conditions selon Martin Fayulu qui s&rsquo;est confi\u00e9 aux journalistes rfi et France 24.<\/p>\n\n\n\n<p>Primo, que l\u2019actuel pr\u00e9sident F\u00e9lix Tshisekedi quitte le pouvoir dans les d\u00e9lais constitutionnels, c\u2019est-\u00e0-dire au plus tard le 23 janvier 2024. Secundo, que le pr\u00e9sident de transition organise les \u00e9lections pr\u00e9sidentielles et l\u00e9gislatives dans un d\u00e9lai maximum de quatre mois.<\/p>\n\n\n\n<p><em>\u00ab Tshisekedi a pr\u00eat\u00e9 serment le 24 janvier 2019. Cela veut dire que le 23 janvier 2024, il doit partir\u2026 Maintenant si les experts nous disent un mois, deux mois, trois mois comme le pr\u00e9voit la loi en cas d\u2019emp\u00eachement pr\u00e9sidentiel, mais pas au-del\u00e0 de quatre mois, nous pouvons retarder les \u00e9lections pendant ce d\u00e9lai pr\u00e9vu dans la constitution\u2026 Le Pr\u00e9sident du S\u00e9nat aura trois mois pour organiser les \u00e9lections ; s\u2019il n\u2019y arrive pas, on lui donne encore un mois suppl\u00e9mentaire\u00bb<\/em>, a-t-il dit.<\/p>\n\n\n\n<p>Pour le pr\u00e9sident de l\u2019ECID\u00e9, les prochaines \u00e9lections seront transparentes \u00e0 condition que toutes les parties prenantes se mettent autour d\u2019une table pour <em>\u00ab revoir la loi \u00e9lectorale et r\u00e9examiner la composition de la CENI et de la Cour constitutionnelle \u00bb.<\/em><\/p>\n\n\n\n<p><em>\u00ab Nous n\u2019avons pas envoyez nos repr\u00e9sentants \u00e0 la CENI parce que nous ne nous sommes pas convenus sur les r\u00e8gles du jeu ; nous ne nous sommes pas convenus sur la loi portant organisation et fonctionnement de la CENI, donc nous ne pouvions pas nos \u00e9l\u00e9ments. C\u2019est pour cela nous disons que toutes les parties prenantes se voient. L\u2019Union Sacr\u00e9e, le FCC, Lamuka et la soci\u00e9t\u00e9 civile. Ces quatre-l\u00e0 doivent se voir pour recomposer la CENI, revoir quelques articles de la loi \u00e9lectorale, fixer le calendrier, parler de la s\u00e9curisation des \u00e9lections et voir comment recomposer la Cour Constitutionnelle\u00bb.<\/em><\/p>\n\n\n\n<p>Le budget pour la tenue des \u00e9lections est estim\u00e9 \u00e0 623 millions USD. A en croire le ministre des finances, environs 400 millions seraient d\u00e9j\u00e0 vers\u00e9s \u00e0 la Commission \u00c9lectoral Nationale Ind\u00e9pendante par le gouvernement.<\/p>\n\n\n\n<p>Jo\u00ebl Diawa<\/p>\n\n\n\n<p><blockquote class=\"twitter-tweet\" data-width=\"550\" data-dnt=\"true\"><p lang=\"fr\" dir=\"ltr\">Comment jugez-vous le plan du pr\u00e9sident de l&#39;ECID\u00e9?<br><br>RDC: Martin Fayulu a un plan pour la tenue des \u00e9lections apr\u00e8s 2023 en cas de glissement <a href=\"https:\/\/t.co\/XPeQbH36wX\">https:\/\/t.co\/XPeQbH36wX<\/a><\/p>&mdash; Jo\u00ebl Diawa (@joeldiawa) <a href=\"https:\/\/twitter.com\/joeldiawa\/status\/1585757288371204096?ref_src=twsrc%5Etfw\">October 27, 2022<\/a><\/blockquote><script async src=\"https:\/\/platform.twitter.com\/widgets.js\" charset=\"utf-8\"><\/script><\/p>\n","protected":false},"excerpt":{"rendered":"<p>R\u00e9daction :+243817406088 Le compte est d\u00e9sormais \u00e0 rebours pour l\u2019organisation de l\u2019\u00e9lection pr\u00e9sidentielle en R\u00e9publique&#8230;<\/p>\n","protected":false},"author":2,"featured_media":5445,"comment_status":"open","ping_status":"open","sticky":false,"template":"","format":"standard","meta":{"_jetpack_memberships_contains_paid_content":false,"footnotes":""},"categories":[3],"tags":[],"class_list":["post-5442","post","type-post","status-publish","format-standard","has-post-thumbnail","hentry","category-politique"],"yoast_head":"<!-- This site is optimized with the Yoast SEO plugin v27.5 - https:\/\/yoast.com\/product\/yoast-seo-wordpress\/ -->\n<title>RDC: Martin Fayulu a un plan pour la tenue des \u00e9lections apr\u00e8s 2023 en cas de glissement - Infos Droits Humains<\/title>\n<meta name=\"robots\" content=\"index, follow, max-snippet:-1, max-image-preview:large, max-video-preview:-1\" \/>\n<link rel=\"canonical\" href=\"https:\/\/infos-droitshumains.net\/?p=5442\" \/>\n<meta property=\"og:locale\" content=\"fr_FR\" \/>\n<meta property=\"og:type\" content=\"article\" \/>\n<meta property=\"og:title\" content=\"RDC: Martin Fayulu a un plan pour la tenue des \u00e9lections apr\u00e8s 2023 en cas de glissement - Infos Droits Humains\" \/>\n<meta property=\"og:description\" content=\"R\u00e9daction :+243817406088 Le compte est d\u00e9sormais \u00e0 rebours pour l\u2019organisation de l\u2019\u00e9lection pr\u00e9sidentielle en R\u00e9publique...\" \/>\n<meta property=\"og:url\" content=\"https:\/\/infos-droitshumains.net\/?p=5442\" \/>\n<meta property=\"og:site_name\" content=\"Infos Droits Humains\" \/>\n<meta property=\"article:published_time\" content=\"2022-10-27T22:12:40+00:00\" \/>\n<meta property=\"article:modified_time\" content=\"2022-10-27T22:18:52+00:00\" \/>\n<meta property=\"og:image\" content=\"https:\/\/i0.wp.com\/infos-droitshumains.net\/wp-content\/uploads\/2022\/10\/fayulu_22_021451111_jpg_711_473_2.jpeg?fit=711%2C473&ssl=1\" \/>\n\t<meta property=\"og:image:width\" content=\"711\" \/>\n\t<meta property=\"og:image:height\" content=\"473\" \/>\n\t<meta property=\"og:image:type\" content=\"image\/jpeg\" \/>\n<meta name=\"author\" content=\"Jo\u00ebl Diawa\" \/>\n<meta name=\"twitter:card\" content=\"summary_large_image\" \/>\n<meta name=\"twitter:label1\" content=\"\u00c9crit par\" \/>\n\t<meta name=\"twitter:data1\" content=\"Jo\u00ebl Diawa\" \/>\n\t<meta name=\"twitter:label2\" content=\"Dur\u00e9e de lecture estim\u00e9e\" \/>\n\t<meta name=\"twitter:data2\" content=\"2 minutes\" \/>\n<script type=\"application\/ld+json\" class=\"yoast-schema-graph\">{\"@context\":\"https:\\\/\\\/schema.org\",\"@graph\":[{\"@type\":\"Article\",\"@id\":\"https:\\\/\\\/infos-droitshumains.net\\\/?p=5442#article\",\"isPartOf\":{\"@id\":\"https:\\\/\\\/infos-droitshumains.net\\\/?p=5442\"},\"author\":{\"name\":\"Jo\u00ebl Diawa\",\"@id\":\"https:\\\/\\\/infos-droitshumains.net\\\/#\\\/schema\\\/person\\\/3dc5e921c3302172e0ed4362f96faab7\"},\"headline\":\"RDC: Martin Fayulu a un plan pour la tenue des \u00e9lections apr\u00e8s 2023 en cas de glissement\",\"datePublished\":\"2022-10-27T22:12:40+00:00\",\"dateModified\":\"2022-10-27T22:18:52+00:00\",\"mainEntityOfPage\":{\"@id\":\"https:\\\/\\\/infos-droitshumains.net\\\/?p=5442\"},\"wordCount\":497,\"commentCount\":0,\"publisher\":{\"@id\":\"https:\\\/\\\/infos-droitshumains.net\\\/#organization\"},\"image\":{\"@id\":\"https:\\\/\\\/infos-droitshumains.net\\\/?p=5442#primaryimage\"},\"thumbnailUrl\":\"https:\\\/\\\/i0.wp.com\\\/infos-droitshumains.net\\\/wp-content\\\/uploads\\\/2022\\\/10\\\/fayulu_22_021451111_jpg_711_473_2.jpeg?fit=711%2C473&ssl=1\",\"articleSection\":[\"Politique\"],\"inLanguage\":\"fr-FR\",\"potentialAction\":[{\"@type\":\"CommentAction\",\"name\":\"Comment\",\"target\":[\"https:\\\/\\\/infos-droitshumains.net\\\/?p=5442#respond\"]}]},{\"@type\":\"WebPage\",\"@id\":\"https:\\\/\\\/infos-droitshumains.net\\\/?p=5442\",\"url\":\"https:\\\/\\\/infos-droitshumains.net\\\/?p=5442\",\"name\":\"RDC: Martin Fayulu a un plan pour la tenue des \u00e9lections apr\u00e8s 2023 en cas de glissement - Infos Droits Humains\",\"isPartOf\":{\"@id\":\"https:\\\/\\\/infos-droitshumains.net\\\/#website\"},\"primaryImageOfPage\":{\"@id\":\"https:\\\/\\\/infos-droitshumains.net\\\/?p=5442#primaryimage\"},\"image\":{\"@id\":\"https:\\\/\\\/infos-droitshumains.net\\\/?p=5442#primaryimage\"},\"thumbnailUrl\":\"https:\\\/\\\/i0.wp.com\\\/infos-droitshumains.net\\\/wp-content\\\/uploads\\\/2022\\\/10\\\/fayulu_22_021451111_jpg_711_473_2.jpeg?fit=711%2C473&ssl=1\",\"datePublished\":\"2022-10-27T22:12:40+00:00\",\"dateModified\":\"2022-10-27T22:18:52+00:00\",\"breadcrumb\":{\"@id\":\"https:\\\/\\\/infos-droitshumains.net\\\/?p=5442#breadcrumb\"},\"inLanguage\":\"fr-FR\",\"potentialAction\":[{\"@type\":\"ReadAction\",\"target\":[\"https:\\\/\\\/infos-droitshumains.net\\\/?p=5442\"]}]},{\"@type\":\"ImageObject\",\"inLanguage\":\"fr-FR\",\"@id\":\"https:\\\/\\\/infos-droitshumains.net\\\/?p=5442#primaryimage\",\"url\":\"https:\\\/\\\/i0.wp.com\\\/infos-droitshumains.net\\\/wp-content\\\/uploads\\\/2022\\\/10\\\/fayulu_22_021451111_jpg_711_473_2.jpeg?fit=711%2C473&ssl=1\",\"contentUrl\":\"https:\\\/\\\/i0.wp.com\\\/infos-droitshumains.net\\\/wp-content\\\/uploads\\\/2022\\\/10\\\/fayulu_22_021451111_jpg_711_473_2.jpeg?fit=711%2C473&ssl=1\",\"width\":711,\"height\":473},{\"@type\":\"BreadcrumbList\",\"@id\":\"https:\\\/\\\/infos-droitshumains.net\\\/?p=5442#breadcrumb\",\"itemListElement\":[{\"@type\":\"ListItem\",\"position\":1,\"name\":\"Accueil\",\"item\":\"https:\\\/\\\/infos-droitshumains.net\\\/\"},{\"@type\":\"ListItem\",\"position\":2,\"name\":\"RDC: Martin Fayulu a un plan pour la tenue des \u00e9lections apr\u00e8s 2023 en cas de glissement\"}]},{\"@type\":\"WebSite\",\"@id\":\"https:\\\/\\\/infos-droitshumains.net\\\/#website\",\"url\":\"https:\\\/\\\/infos-droitshumains.net\\\/\",\"name\":\"Infos Droits Humains\",\"description\":\"S&#039;informer est un droit\",\"publisher\":{\"@id\":\"https:\\\/\\\/infos-droitshumains.net\\\/#organization\"},\"potentialAction\":[{\"@type\":\"SearchAction\",\"target\":{\"@type\":\"EntryPoint\",\"urlTemplate\":\"https:\\\/\\\/infos-droitshumains.net\\\/?s={search_term_string}\"},\"query-input\":{\"@type\":\"PropertyValueSpecification\",\"valueRequired\":true,\"valueName\":\"search_term_string\"}}],\"inLanguage\":\"fr-FR\"},{\"@type\":\"Organization\",\"@id\":\"https:\\\/\\\/infos-droitshumains.net\\\/#organization\",\"name\":\"Infos Droits Humains\",\"url\":\"https:\\\/\\\/infos-droitshumains.net\\\/\",\"logo\":{\"@type\":\"ImageObject\",\"inLanguage\":\"fr-FR\",\"@id\":\"https:\\\/\\\/infos-droitshumains.net\\\/#\\\/schema\\\/logo\\\/image\\\/\",\"url\":\"https:\\\/\\\/i0.wp.com\\\/infos-droitshumains.net\\\/wp-content\\\/uploads\\\/2022\\\/05\\\/Logo.png?fit=333%2C129&ssl=1\",\"contentUrl\":\"https:\\\/\\\/i0.wp.com\\\/infos-droitshumains.net\\\/wp-content\\\/uploads\\\/2022\\\/05\\\/Logo.png?fit=333%2C129&ssl=1\",\"width\":333,\"height\":129,\"caption\":\"Infos Droits Humains\"},\"image\":{\"@id\":\"https:\\\/\\\/infos-droitshumains.net\\\/#\\\/schema\\\/logo\\\/image\\\/\"}},{\"@type\":\"Person\",\"@id\":\"https:\\\/\\\/infos-droitshumains.net\\\/#\\\/schema\\\/person\\\/3dc5e921c3302172e0ed4362f96faab7\",\"name\":\"Jo\u00ebl Diawa\",\"image\":{\"@type\":\"ImageObject\",\"inLanguage\":\"fr-FR\",\"@id\":\"https:\\\/\\\/secure.gravatar.com\\\/avatar\\\/729bea6ff4604c624417803c477363be8e3c7186deaa65713313f9b4b820f41c?s=96&d=mm&r=g\",\"url\":\"https:\\\/\\\/secure.gravatar.com\\\/avatar\\\/729bea6ff4604c624417803c477363be8e3c7186deaa65713313f9b4b820f41c?s=96&d=mm&r=g\",\"contentUrl\":\"https:\\\/\\\/secure.gravatar.com\\\/avatar\\\/729bea6ff4604c624417803c477363be8e3c7186deaa65713313f9b4b820f41c?s=96&d=mm&r=g\",\"caption\":\"Jo\u00ebl Diawa\"},\"sameAs\":[\"https:\\\/\\\/www.infos-droitshumains.net\"],\"url\":\"https:\\\/\\\/infos-droitshumains.net\\\/?author=2\"}]}<\/script>\n<!-- \/ Yoast SEO plugin. -->","yoast_head_json":{"title":"RDC: Martin Fayulu a un plan pour la tenue des \u00e9lections apr\u00e8s 2023 en cas de glissement - Infos Droits Humains","robots":{"index":"index","follow":"follow","max-snippet":"max-snippet:-1","max-image-preview":"max-image-preview:large","max-video-preview":"max-video-preview:-1"},"canonical":"https:\/\/infos-droitshumains.net\/?p=5442","og_locale":"fr_FR","og_type":"article","og_title":"RDC: Martin Fayulu a un plan pour la tenue des \u00e9lections apr\u00e8s 2023 en cas de glissement - Infos Droits Humains","og_description":"R\u00e9daction :+243817406088 Le compte est d\u00e9sormais \u00e0 rebours pour l\u2019organisation de l\u2019\u00e9lection pr\u00e9sidentielle en R\u00e9publique...","og_url":"https:\/\/infos-droitshumains.net\/?p=5442","og_site_name":"Infos Droits Humains","article_published_time":"2022-10-27T22:12:40+00:00","article_modified_time":"2022-10-27T22:18:52+00:00","og_image":[{"width":711,"height":473,"url":"https:\/\/i0.wp.com\/infos-droitshumains.net\/wp-content\/uploads\/2022\/10\/fayulu_22_021451111_jpg_711_473_2.jpeg?fit=711%2C473&ssl=1","type":"image\/jpeg"}],"author":"Jo\u00ebl Diawa","twitter_card":"summary_large_image","twitter_misc":{"\u00c9crit par":"Jo\u00ebl Diawa","Dur\u00e9e de lecture estim\u00e9e":"2 minutes"},"schema":{"@context":"https:\/\/schema.org","@graph":[{"@type":"Article","@id":"https:\/\/infos-droitshumains.net\/?p=5442#article","isPartOf":{"@id":"https:\/\/infos-droitshumains.net\/?p=5442"},"author":{"name":"Jo\u00ebl Diawa","@id":"https:\/\/infos-droitshumains.net\/#\/schema\/person\/3dc5e921c3302172e0ed4362f96faab7"},"headline":"RDC: Martin Fayulu a un plan pour la tenue des \u00e9lections apr\u00e8s 2023 en cas de glissement","datePublished":"2022-10-27T22:12:40+00:00","dateModified":"2022-10-27T22:18:52+00:00","mainEntityOfPage":{"@id":"https:\/\/infos-droitshumains.net\/?p=5442"},"wordCount":497,"commentCount":0,"publisher":{"@id":"https:\/\/infos-droitshumains.net\/#organization"},"image":{"@id":"https:\/\/infos-droitshumains.net\/?p=5442#primaryimage"},"thumbnailUrl":"https:\/\/i0.wp.com\/infos-droitshumains.net\/wp-content\/uploads\/2022\/10\/fayulu_22_021451111_jpg_711_473_2.jpeg?fit=711%2C473&ssl=1","articleSection":["Politique"],"inLanguage":"fr-FR","potentialAction":[{"@type":"CommentAction","name":"Comment","target":["https:\/\/infos-droitshumains.net\/?p=5442#respond"]}]},{"@type":"WebPage","@id":"https:\/\/infos-droitshumains.net\/?p=5442","url":"https:\/\/infos-droitshumains.net\/?p=5442","name":"RDC: Martin Fayulu a un plan pour la tenue des \u00e9lections apr\u00e8s 2023 en cas de glissement - Infos Droits Humains","isPartOf":{"@id":"https:\/\/infos-droitshumains.net\/#website"},"primaryImageOfPage":{"@id":"https:\/\/infos-droitshumains.net\/?p=5442#primaryimage"},"image":{"@id":"https:\/\/infos-droitshumains.net\/?p=5442#primaryimage"},"thumbnailUrl":"https:\/\/i0.wp.com\/infos-droitshumains.net\/wp-content\/uploads\/2022\/10\/fayulu_22_021451111_jpg_711_473_2.jpeg?fit=711%2C473&ssl=1","datePublished":"2022-10-27T22:12:40+00:00","dateModified":"2022-10-27T22:18:52+00:00","breadcrumb":{"@id":"https:\/\/infos-droitshumains.net\/?p=5442#breadcrumb"},"inLanguage":"fr-FR","potentialAction":[{"@type":"ReadAction","target":["https:\/\/infos-droitshumains.net\/?p=5442"]}]},{"@type":"ImageObject","inLanguage":"fr-FR","@id":"https:\/\/infos-droitshumains.net\/?p=5442#primaryimage","url":"https:\/\/i0.wp.com\/infos-droitshumains.net\/wp-content\/uploads\/2022\/10\/fayulu_22_021451111_jpg_711_473_2.jpeg?fit=711%2C473&ssl=1","contentUrl":"https:\/\/i0.wp.com\/infos-droitshumains.net\/wp-content\/uploads\/2022\/10\/fayulu_22_021451111_jpg_711_473_2.jpeg?fit=711%2C473&ssl=1","width":711,"height":473},{"@type":"BreadcrumbList","@id":"https:\/\/infos-droitshumains.net\/?p=5442#breadcrumb","itemListElement":[{"@type":"ListItem","position":1,"name":"Accueil","item":"https:\/\/infos-droitshumains.net\/"},{"@type":"ListItem","position":2,"name":"RDC: Martin Fayulu a un plan pour la tenue des \u00e9lections apr\u00e8s 2023 en cas de glissement"}]},{"@type":"WebSite","@id":"https:\/\/infos-droitshumains.net\/#website","url":"https:\/\/infos-droitshumains.net\/","name":"Infos Droits Humains","description":"S&#039;informer est un droit","publisher":{"@id":"https:\/\/infos-droitshumains.net\/#organization"},"potentialAction":[{"@type":"SearchAction","target":{"@type":"EntryPoint","urlTemplate":"https:\/\/infos-droitshumains.net\/?s={search_term_string}"},"query-input":{"@type":"PropertyValueSpecification","valueRequired":true,"valueName":"search_term_string"}}],"inLanguage":"fr-FR"},{"@type":"Organization","@id":"https:\/\/infos-droitshumains.net\/#organization","name":"Infos Droits Humains","url":"https:\/\/infos-droitshumains.net\/","logo":{"@type":"ImageObject","inLanguage":"fr-FR","@id":"https:\/\/infos-droitshumains.net\/#\/schema\/logo\/image\/","url":"https:\/\/i0.wp.com\/infos-droitshumains.net\/wp-content\/uploads\/2022\/05\/Logo.png?fit=333%2C129&ssl=1","contentUrl":"https:\/\/i0.wp.com\/infos-droitshumains.net\/wp-content\/uploads\/2022\/05\/Logo.png?fit=333%2C129&ssl=1","width":333,"height":129,"caption":"Infos Droits Humains"},"image":{"@id":"https:\/\/infos-droitshumains.net\/#\/schema\/logo\/image\/"}},{"@type":"Person","@id":"https:\/\/infos-droitshumains.net\/#\/schema\/person\/3dc5e921c3302172e0ed4362f96faab7","name":"Jo\u00ebl Diawa","image":{"@type":"ImageObject","inLanguage":"fr-FR","@id":"https:\/\/secure.gravatar.com\/avatar\/729bea6ff4604c624417803c477363be8e3c7186deaa65713313f9b4b820f41c?s=96&d=mm&r=g","url":"https:\/\/secure.gravatar.com\/avatar\/729bea6ff4604c624417803c477363be8e3c7186deaa65713313f9b4b820f41c?s=96&d=mm&r=g","contentUrl":"https:\/\/secure.gravatar.com\/avatar\/729bea6ff4604c624417803c477363be8e3c7186deaa65713313f9b4b820f41c?s=96&d=mm&r=g","caption":"Jo\u00ebl Diawa"},"sameAs":["https:\/\/www.infos-droitshumains.net"],"url":"https:\/\/infos-droitshumains.net\/?author=2"}]}},"featured_image_urls":{"full":["https:\/\/i0.wp.com\/infos-droitshumains.net\/wp-content\/uploads\/2022\/10\/fayulu_22_021451111_jpg_711_473_2.jpeg?fit=711%2C473&ssl=1",711,473,false],"thumbnail":["https:\/\/i0.wp.com\/infos-droitshumains.net\/wp-content\/uploads\/2022\/10\/fayulu_22_021451111_jpg_711_473_2.jpeg?resize=150%2C150&ssl=1",150,150,true],"medium":["https:\/\/i0.wp.com\/infos-droitshumains.net\/wp-content\/uploads\/2022\/10\/fayulu_22_021451111_jpg_711_473_2.jpeg?fit=300%2C200&ssl=1",300,200,true],"medium_large":["https:\/\/i0.wp.com\/infos-droitshumains.net\/wp-content\/uploads\/2022\/10\/fayulu_22_021451111_jpg_711_473_2.jpeg?fit=640%2C426&ssl=1",640,426,true],"large":["https:\/\/i0.wp.com\/infos-droitshumains.net\/wp-content\/uploads\/2022\/10\/fayulu_22_021451111_jpg_711_473_2.jpeg?fit=640%2C426&ssl=1",640,426,true],"1536x1536":["https:\/\/i0.wp.com\/infos-droitshumains.net\/wp-content\/uploads\/2022\/10\/fayulu_22_021451111_jpg_711_473_2.jpeg?fit=711%2C473&ssl=1",711,473,true],"2048x2048":["https:\/\/i0.wp.com\/infos-droitshumains.net\/wp-content\/uploads\/2022\/10\/fayulu_22_021451111_jpg_711_473_2.jpeg?fit=711%2C473&ssl=1",711,473,true],"covernews-slider-full":["https:\/\/i0.wp.com\/infos-droitshumains.net\/wp-content\/uploads\/2022\/10\/fayulu_22_021451111_jpg_711_473_2.jpeg?resize=711%2C473&ssl=1",711,473,true],"covernews-slider-center":["https:\/\/i0.wp.com\/infos-droitshumains.net\/wp-content\/uploads\/2022\/10\/fayulu_22_021451111_jpg_711_473_2.jpeg?resize=711%2C473&ssl=1",711,473,true],"covernews-featured":["https:\/\/i0.wp.com\/infos-droitshumains.net\/wp-content\/uploads\/2022\/10\/fayulu_22_021451111_jpg_711_473_2.jpeg?fit=711%2C473&ssl=1",711,473,true],"covernews-medium":["https:\/\/i0.wp.com\/infos-droitshumains.net\/wp-content\/uploads\/2022\/10\/fayulu_22_021451111_jpg_711_473_2.jpeg?resize=540%2C340&ssl=1",540,340,true],"covernews-medium-square":["https:\/\/i0.wp.com\/infos-droitshumains.net\/wp-content\/uploads\/2022\/10\/fayulu_22_021451111_jpg_711_473_2.jpeg?resize=400%2C250&ssl=1",400,250,true]},"author_info":{"display_name":"Jo\u00ebl Diawa","author_link":"https:\/\/infos-droitshumains.net\/?author=2"},"category_info":"<a href=\"https:\/\/infos-droitshumains.net\/?cat=3\" rel=\"category\">Politique<\/a>","tag_info":"Politique","comment_count":"0","jetpack_featured_media_url":"https:\/\/i0.wp.com\/infos-droitshumains.net\/wp-content\/uploads\/2022\/10\/fayulu_22_021451111_jpg_711_473_2.jpeg?fit=711%2C473&ssl=1","jetpack-related-posts":[],"jetpack_sharing_enabled":true,"_links":{"self":[{"href":"https:\/\/infos-droitshumains.net\/index.php?rest_route=\/wp\/v2\/posts\/5442","targetHints":{"allow":["GET"]}}],"collection":[{"href":"https:\/\/infos-droitshumains.net\/index.php?rest_route=\/wp\/v2\/posts"}],"about":[{"href":"https:\/\/infos-droitshumains.net\/index.php?rest_route=\/wp\/v2\/types\/post"}],"author":[{"embeddable":true,"href":"https:\/\/infos-droitshumains.net\/index.php?rest_route=\/wp\/v2\/users\/2"}],"replies":[{"embeddable":true,"href":"https:\/\/infos-droitshumains.net\/index.php?rest_route=%2Fwp%2Fv2%2Fcomments&post=5442"}],"version-history":[{"count":4,"href":"https:\/\/infos-droitshumains.net\/index.php?rest_route=\/wp\/v2\/posts\/5442\/revisions"}],"predecessor-version":[{"id":5447,"href":"https:\/\/infos-droitshumains.net\/index.php?rest_route=\/wp\/v2\/posts\/5442\/revisions\/5447"}],"wp:featuredmedia":[{"embeddable":true,"href":"https:\/\/infos-droitshumains.net\/index.php?rest_route=\/wp\/v2\/media\/5445"}],"wp:attachment":[{"href":"https:\/\/infos-droitshumains.net\/index.php?rest_route=%2Fwp%2Fv2%2Fmedia&parent=5442"}],"wp:term":[{"taxonomy":"category","embeddable":true,"href":"https:\/\/infos-droitshumains.net\/index.php?rest_route=%2Fwp%2Fv2%2Fcategories&post=5442"},{"taxonomy":"post_tag","embeddable":true,"href":"https:\/\/infos-droitshumains.net\/index.php?rest_route=%2Fwp%2Fv2%2Ftags&post=5442"}],"curies":[{"name":"wp","href":"https:\/\/api.w.org\/{rel}","templated":true}]}}