{"id":544,"date":"2021-06-23T18:46:54","date_gmt":"2021-06-23T16:46:54","guid":{"rendered":"https:\/\/www.infos-droitshumains.net\/?p=544"},"modified":"2023-04-06T12:11:45","modified_gmt":"2023-04-06T10:11:45","slug":"rdc-jeepgate-une-verite-qui-rend-coupable-les-institutions-de-la-republique","status":"publish","type":"post","link":"https:\/\/infos-droitshumains.net\/?p=544","title":{"rendered":"RDC-Jeepgate : Une v\u00e9rit\u00e9 qui rend coupable les institutions de la r\u00e9publique."},"content":{"rendered":"\n<p>Depuis un certain temps, l&rsquo;affaire de 500 jeeps suscite un toll\u00e9 au sein de l&rsquo;opinion publique en R\u00e9publique D\u00e9mocratique du Congo. Au regard de la dimension qu&rsquo;a pris cette affaire, la r\u00e9daction de infos-droitshumains.net a consult\u00e9 plusieurs documents pour faire de la lumi\u00e8re afin de dissiper certaines zones d&rsquo;ombres.<\/p>\n\n\n\n<p><strong><em>Un don du pr\u00e9sident de la r\u00e9publique ?<\/em> <\/strong><\/p>\n\n\n\n<p>D&rsquo;apr\u00e8s plusieurs sources, ces jeeps seraient un don du pr\u00e9sident de la r\u00e9publique dans le but de r\u00e9compenser les d\u00e9put\u00e9s de l&rsquo;Union Sacr\u00e9e de la Nation qui, en d\u00e9cembre dernier, ont permis de renverser le bureau Mabunda \u00e0 l&rsquo;Assembl\u00e9e Nationale afin de mat\u00e9rialiser sa vision<\/p>\n\n\n\n<p>Une th\u00e8se confirm\u00e9e par Christophe Mboso Nkodia Mpwanga. Dans un document sonore secret qui a fuit\u00e9 sur les r\u00e9seaux sociaux, le pr\u00e9sident de l&rsquo;Assembl\u00e9e Nationale annon\u00e7ait aux d\u00e9put\u00e9s que les jeeps \u00e9taient bel et bien un don du chef de l&rsquo;\u00c9tat : <\/p>\n\n\n\n<p>\u00a0\u00bb <em>Les jeeps sont d\u00e9j\u00e0 l\u00e0; 250. L&rsquo;honorable questeur adjoint va partir avec trois d\u00e9put\u00e9s, qui vont se rendre \u00e0 Boma, pour signer le document, acheminer les jeeps \u00e0 Matadi puis \u00e0 Kinshasa\u2026 Dans cette d\u00e9l\u00e9gation, nous associons les coll\u00e8gues de l&rsquo;opposition, pour qu&rsquo;ils mesurent la grandeur d&rsquo;\u00e2me du pr\u00e9sident Tshisekedi<\/em> \u00a0\u00bb peut-on \u00e9couter sur cet audio de Mboso lors de cet \u00e9change avec ses coll\u00e8gues d\u00e9put\u00e9s qui poursuit que \u00a0\u00bb <em>le 12 juillet, les 250 autres jeeps seront l\u00e0. Fin juillet, les jeeps seront reparties aux 500 d\u00e9put\u00e9s.<\/em> \u00ab\u00a0<\/p>\n\n\n\n<p>Au lieu de n&rsquo;\u00eatre attribu\u00e9 qu&rsquo;aux d\u00e9put\u00e9s ayant mat\u00e9rialis\u00e9s la vison de l&rsquo;Union Sacr\u00e9e, elles seront distribu\u00e9es \u00e0 tous les 500 d\u00e9put\u00e9s. Et Mboso confirme que c&rsquo;est un don du pr\u00e9sident F\u00e9lix Tshisekedi : <\/p>\n\n\n\n<p>\u00a0\u00bb <em>On va donner \u00e0 tout le monde, le pr\u00e9sident de la r\u00e9publique a d\u00e9cid\u00e9 qu&rsquo;on donne \u00e0 tous les 500 d\u00e9put\u00e9s. C&rsquo;est gr\u00e2ce \u00e0 vous qui avez mis en ex\u00e9cution l&rsquo;appel du chef de l&rsquo;\u00c9tat. C&rsquo;est gr\u00e2ce \u00e0 \u00e7a que tous les 500 d\u00e9put\u00e9s vont b\u00e9n\u00e9ficier des jeeps. Si on \u00e9tait discriminatoire, ces jeeps n&rsquo;allaient \u00eatre donn\u00e9 qu&rsquo;\u00e0 ceux qui ont combattu le bon combat. Mais par patriotisme, le chef de l&rsquo;\u00c9tat donne \u00e0 tous les d\u00e9put\u00e9s<\/em> \u00ab\u00a0.<\/p>\n\n\n\n<div class=\"wp-block-file\"><a href=\"https:\/\/www.infos-droitshumains.net\/wp-content\/uploads\/2021\/06\/VID-20210621-WA0045.mp4\">D\u00e9claration de Mboso aux d\u00e9put\u00e9s<\/a><a href=\"https:\/\/www.infos-droitshumains.net\/wp-content\/uploads\/2021\/06\/VID-20210621-WA0045.mp4\" class=\"wp-block-file__button\" download>T\u00e9l\u00e9charger<\/a><\/div>\n\n\n\n<p><strong><em>Un d\u00e9menti du bureau qui frise la culpabilit\u00e9.<\/em> <\/strong><\/p>\n\n\n\n<p>Aussit\u00f4t la conversation entre Christophe Mboso et ses coll\u00e8gues fuit\u00e9, le bureau de l&rsquo;Assembl\u00e9e Nationale a apport\u00e9 une mise au point: <\/p>\n\n\n\n<p>\u00a0\u00bb <em>Le bureau de l&rsquo;Assembl\u00e9e national confirme avoir pass\u00e9 la commende de ces 500 jeeps au pr\u00e8s d&rsquo;une firme dans le respect des normes. La commende est pay\u00e9e par une banque priv\u00e9e sur base d&rsquo;un accord entre celle-ci et l&rsquo;Assembl\u00e9e Nationale. Les jeeps command\u00e9es par le bureau comme \u00e0 chaque l\u00e9gislature  seront accord\u00e9es \u00e0 cr\u00e9dit \u00e0 chaque d\u00e9put\u00e9<\/em> \u00a0\u00bb \u00e0 dit Joseph Lembi, rapporteur de la chambre basse du parlement.<\/p>\n\n\n\n<div class=\"wp-block-file\"><a href=\"https:\/\/www.infos-droitshumains.net\/wp-content\/uploads\/2021\/06\/VID-20210623-WA0022.mp4\">Mise au point du rapporteur de l&rsquo;AN<\/a><a href=\"https:\/\/www.infos-droitshumains.net\/wp-content\/uploads\/2021\/06\/VID-20210623-WA0022.mp4\" class=\"wp-block-file__button\" download>T\u00e9l\u00e9charger<\/a><\/div>\n\n\n\n<p>Par ailleurs, Jean-Jacques Mamba, \u00e9lu de la Lukunga sur la liste MLC estime que ce sont \u00a0\u00bb <em>des v\u00e9hicules de fonction qui devront \u00eatre restitu\u00e9s \u00e0 la fin du mandat ou rachet\u00e9s par ceux qui le souhaitent \u00e0 leurs valeurs r\u00e9siduelles<\/em> \u00ab\u00a0.<\/p>\n\n\n\n<figure class=\"wp-block-image alignfull size-large\"><img data-recalc-dims=\"1\" decoding=\"async\" src=\"https:\/\/i0.wp.com\/www.infos-droitshumains.net\/wp-content\/uploads\/2021\/06\/IMG_20210623_164515-1.jpg?w=640&#038;ssl=1\" alt=\"\" class=\"wp-image-551\" \/><\/figure>\n\n\n\n<p>Cette imbroglio dans la communication d\u00e9montre qu&rsquo;il y a anguille sous roche et pousse les observateurs \u00e0 un certain scepticisme quant \u00e0 la piste du cr\u00e9dit.<\/p>\n\n\n\n<p>\u00a0\u00bb <em>On a promis, on va donner des jeeps aux d\u00e9put\u00e9s. Il y aura des jeeps<\/em> \u00a0\u00bb r\u00e9pondait le 10 d\u00e9cembre dernier le d\u00e9put\u00e9 national Daniel Safu \u00e0 un journaliste qui lui posait la question sur la motivation de voter la p\u00e9tition contre le bureau Mabunda.<\/p>\n\n\n\n<div class=\"wp-block-file\"><a href=\"https:\/\/www.infos-droitshumains.net\/wp-content\/uploads\/2021\/06\/VID-20210621-WA0043-1.mp4\">D\u00e9claration de Safu du 10 d\u00e9cembre<\/a><a href=\"https:\/\/www.infos-droitshumains.net\/wp-content\/uploads\/2021\/06\/VID-20210621-WA0043-1.mp4\" class=\"wp-block-file__button\" download>T\u00e9l\u00e9charger<\/a><\/div>\n\n\n\n<p><em><strong>La r\u00e9traction des d\u00e9put\u00e9s qui d\u00e9masque tout<\/strong><\/em> <\/p>\n\n\n\n<p>Apr\u00e8s ce toll\u00e9, plusieurs d\u00e9put\u00e9s de l&rsquo;ECID\u00e9 de Martin Fayulu et FCC de Joseph Kabila ont d\u00e9clin\u00e9 l&rsquo;offre ;  parmi lesquels, Ados Ndombasi, Jean-Baptiste Muhindo Kasekwa et N\u00e9h\u00e9mie Mwilanya.<\/p>\n\n\n\n<p>\u00a0\u00bb <em>Comme Daniel \u00e0 Babylone, j&rsquo;ai r\u00e9solu de ne pas me souiller en prenant des cadeaux de corruption. J&rsquo;ai promis \u00e0 Dieu que je garderai l&rsquo;int\u00e9grit\u00e9 de ma foi en Christ tout au long de l&rsquo;exercice de mon mandat de d\u00e9put\u00e9 national<\/em> \u00a0\u00bb a l\u00e2ch\u00e9 Jean-Baptiste Muhindo sur son compte tweeter.<\/p>\n\n\n\n<figure class=\"wp-block-image size-large\"><img data-recalc-dims=\"1\" decoding=\"async\" src=\"https:\/\/i0.wp.com\/www.infos-droitshumains.net\/wp-content\/uploads\/2021\/06\/IMG_20210623_164906.jpg?w=640&#038;ssl=1\" alt=\"\" class=\"wp-image-554\" \/><\/figure>\n\n\n\n<p>\u00a0\u00bb <em>Apr\u00e8s l&rsquo;honorable Ados Ndombasi, secr\u00e9taire ex\u00e9cutif provincial et \u00e9lu d\u00e9put\u00e9 ECID\u00e9 FUNA, le d\u00e9put\u00e9 Jean-Baptiste Kasekwa, secr\u00e9taire ex\u00e9cutif provincial, ECID\u00e9 Nord Kivu, \u00e9lu de Goma, vient de renoncer publiquement \u00e0 la jeep de corruption honteuse, symbole d&rsquo;un \u00c9tat en faillite<\/em> \u00a0\u00bb s&rsquo;est r\u00e9jouie Devos Kitoko Mulenda, secr\u00e9taire g\u00e9n\u00e9ral du parti de Martin Fayulu.<\/p>\n\n\n\n<figure class=\"wp-block-image alignfull size-large\"><img data-recalc-dims=\"1\" decoding=\"async\" src=\"https:\/\/i0.wp.com\/www.infos-droitshumains.net\/wp-content\/uploads\/2021\/06\/IMG-20210623-WA0025-1.jpg?w=640&#038;ssl=1\" alt=\"\" class=\"wp-image-549\" \/><\/figure>\n\n\n\n<p>Si r\u00e9ellement ces v\u00e9hicules sont command\u00e9s \u00e0 cr\u00e9dit, on estime que tous les d\u00e9put\u00e9s auraient d\u00fb souscrire pr\u00e9alablement et personne n&rsquo;auraient renoncer comme l&rsquo;ont fait certains d&rsquo;entre eux qui rejettent la th\u00e8se d&rsquo;une souscription.<\/p>\n\n\n\n<p><strong><em>Un investissement d&rsquo;environ 20.000.000  $.<\/em> <\/strong><\/p>\n\n\n\n<p>Le v\u00e9hicule command\u00e9 par le bureau de l&rsquo;Assembl\u00e9e Nationale est une jeep de marque Hyundai Smart Sense MC, Palisade 2021.<\/p>\n\n\n\n<p>D&rsquo;apr\u00e8s certaines sources, elle couterait 55.000.000  $ la pi\u00e8ce, d&rsquo;autres parlent de 57.000.000 $  et d&rsquo;autres encore 39.199.000  $ quelque soit le prix, le cout total est estim\u00e9 entre 20 et 28.000.000 $.<\/p>\n\n\n\n<p>Avec environs 30 mois de l\u00e9gislature qui restent aux d\u00e9put\u00e9s qui touchent 4500 $  d&rsquo;\u00e9molulent mensuel, c&rsquo;est quasi impossible d&rsquo;\u00e9ponger un cr\u00e9dit de 57.000.000  $  sachant qu&rsquo;au cours d&rsquo;un moi, on ne peut pas retrancher 50 % des \u00e9moluments d&rsquo;un d\u00e9put\u00e9.<\/p>\n\n\n\n<p>Cr\u00e9dit ou don du chef de l&rsquo;\u00c9tat, la justice devra se pencher sur la question afin d&rsquo;\u00e9tablir les responsabilit\u00e9s. En cas d&rsquo;un don, l&rsquo;opinion devra savoir la source de provenance des fonds qui ont achet\u00e9 ces v\u00e9hicules, en cas de cr\u00e9dit, savoir si la loi sur la passation des march\u00e9s publics avait \u00e9t\u00e9 respect\u00e9.<\/p>\n\n\n\n<p><strong>Jo\u00ebl Diawa<\/strong><\/p>\n","protected":false},"excerpt":{"rendered":"<p>Depuis un certain temps, l&rsquo;affaire de 500 jeeps suscite un toll\u00e9 au sein de l&rsquo;opinion&#8230;<\/p>\n","protected":false},"author":2,"featured_media":0,"comment_status":"open","ping_status":"open","sticky":false,"template":"","format":"standard","meta":{"_jetpack_memberships_contains_paid_content":false,"footnotes":""},"categories":[1],"tags":[],"class_list":["post-544","post","type-post","status-publish","format-standard","hentry","category-non-classe"],"yoast_head":"<!-- This site is optimized with the Yoast SEO plugin v27.5 - https:\/\/yoast.com\/product\/yoast-seo-wordpress\/ -->\n<title>RDC-Jeepgate : Une v\u00e9rit\u00e9 qui rend coupable les institutions de la r\u00e9publique. - Infos Droits Humains<\/title>\n<meta name=\"robots\" content=\"index, follow, max-snippet:-1, max-image-preview:large, max-video-preview:-1\" \/>\n<link rel=\"canonical\" href=\"https:\/\/infos-droitshumains.net\/?p=544\" \/>\n<meta property=\"og:locale\" content=\"fr_FR\" \/>\n<meta property=\"og:type\" content=\"article\" \/>\n<meta property=\"og:title\" content=\"RDC-Jeepgate : Une v\u00e9rit\u00e9 qui rend coupable les institutions de la r\u00e9publique. - Infos Droits Humains\" \/>\n<meta property=\"og:description\" content=\"Depuis un certain temps, l&rsquo;affaire de 500 jeeps suscite un toll\u00e9 au sein de l&rsquo;opinion...\" \/>\n<meta property=\"og:url\" content=\"https:\/\/infos-droitshumains.net\/?p=544\" \/>\n<meta property=\"og:site_name\" content=\"Infos Droits Humains\" \/>\n<meta property=\"article:published_time\" content=\"2021-06-23T16:46:54+00:00\" \/>\n<meta property=\"article:modified_time\" content=\"2023-04-06T10:11:45+00:00\" \/>\n<meta property=\"og:image\" content=\"https:\/\/www.infos-droitshumains.net\/wp-content\/uploads\/2021\/06\/IMG_20210623_164515-1.jpg\" \/>\n<meta name=\"author\" content=\"Jo\u00ebl Diawa\" \/>\n<meta name=\"twitter:card\" content=\"summary_large_image\" \/>\n<meta name=\"twitter:label1\" content=\"\u00c9crit par\" \/>\n\t<meta name=\"twitter:data1\" content=\"Jo\u00ebl Diawa\" \/>\n\t<meta name=\"twitter:label2\" content=\"Dur\u00e9e de lecture estim\u00e9e\" \/>\n\t<meta name=\"twitter:data2\" content=\"5 minutes\" \/>\n<script type=\"application\/ld+json\" class=\"yoast-schema-graph\">{\"@context\":\"https:\\\/\\\/schema.org\",\"@graph\":[{\"@type\":\"Article\",\"@id\":\"https:\\\/\\\/infos-droitshumains.net\\\/?p=544#article\",\"isPartOf\":{\"@id\":\"https:\\\/\\\/infos-droitshumains.net\\\/?p=544\"},\"author\":{\"name\":\"Jo\u00ebl Diawa\",\"@id\":\"https:\\\/\\\/infos-droitshumains.net\\\/#\\\/schema\\\/person\\\/3dc5e921c3302172e0ed4362f96faab7\"},\"headline\":\"RDC-Jeepgate : Une v\u00e9rit\u00e9 qui rend coupable les institutions de la r\u00e9publique.\",\"datePublished\":\"2021-06-23T16:46:54+00:00\",\"dateModified\":\"2023-04-06T10:11:45+00:00\",\"mainEntityOfPage\":{\"@id\":\"https:\\\/\\\/infos-droitshumains.net\\\/?p=544\"},\"wordCount\":1006,\"commentCount\":0,\"publisher\":{\"@id\":\"https:\\\/\\\/infos-droitshumains.net\\\/#organization\"},\"image\":{\"@id\":\"https:\\\/\\\/infos-droitshumains.net\\\/?p=544#primaryimage\"},\"thumbnailUrl\":\"https:\\\/\\\/www.infos-droitshumains.net\\\/wp-content\\\/uploads\\\/2021\\\/06\\\/IMG_20210623_164515-1.jpg\",\"inLanguage\":\"fr-FR\",\"potentialAction\":[{\"@type\":\"CommentAction\",\"name\":\"Comment\",\"target\":[\"https:\\\/\\\/infos-droitshumains.net\\\/?p=544#respond\"]}]},{\"@type\":\"WebPage\",\"@id\":\"https:\\\/\\\/infos-droitshumains.net\\\/?p=544\",\"url\":\"https:\\\/\\\/infos-droitshumains.net\\\/?p=544\",\"name\":\"RDC-Jeepgate : Une v\u00e9rit\u00e9 qui rend coupable les institutions de la r\u00e9publique. - Infos Droits Humains\",\"isPartOf\":{\"@id\":\"https:\\\/\\\/infos-droitshumains.net\\\/#website\"},\"primaryImageOfPage\":{\"@id\":\"https:\\\/\\\/infos-droitshumains.net\\\/?p=544#primaryimage\"},\"image\":{\"@id\":\"https:\\\/\\\/infos-droitshumains.net\\\/?p=544#primaryimage\"},\"thumbnailUrl\":\"https:\\\/\\\/www.infos-droitshumains.net\\\/wp-content\\\/uploads\\\/2021\\\/06\\\/IMG_20210623_164515-1.jpg\",\"datePublished\":\"2021-06-23T16:46:54+00:00\",\"dateModified\":\"2023-04-06T10:11:45+00:00\",\"breadcrumb\":{\"@id\":\"https:\\\/\\\/infos-droitshumains.net\\\/?p=544#breadcrumb\"},\"inLanguage\":\"fr-FR\",\"potentialAction\":[{\"@type\":\"ReadAction\",\"target\":[\"https:\\\/\\\/infos-droitshumains.net\\\/?p=544\"]}]},{\"@type\":\"ImageObject\",\"inLanguage\":\"fr-FR\",\"@id\":\"https:\\\/\\\/infos-droitshumains.net\\\/?p=544#primaryimage\",\"url\":\"https:\\\/\\\/www.infos-droitshumains.net\\\/wp-content\\\/uploads\\\/2021\\\/06\\\/IMG_20210623_164515-1.jpg\",\"contentUrl\":\"https:\\\/\\\/www.infos-droitshumains.net\\\/wp-content\\\/uploads\\\/2021\\\/06\\\/IMG_20210623_164515-1.jpg\"},{\"@type\":\"BreadcrumbList\",\"@id\":\"https:\\\/\\\/infos-droitshumains.net\\\/?p=544#breadcrumb\",\"itemListElement\":[{\"@type\":\"ListItem\",\"position\":1,\"name\":\"Accueil\",\"item\":\"https:\\\/\\\/infos-droitshumains.net\\\/\"},{\"@type\":\"ListItem\",\"position\":2,\"name\":\"RDC-Jeepgate : Une v\u00e9rit\u00e9 qui rend coupable les institutions de la r\u00e9publique.\"}]},{\"@type\":\"WebSite\",\"@id\":\"https:\\\/\\\/infos-droitshumains.net\\\/#website\",\"url\":\"https:\\\/\\\/infos-droitshumains.net\\\/\",\"name\":\"Infos Droits Humains\",\"description\":\"S&#039;informer est un droit\",\"publisher\":{\"@id\":\"https:\\\/\\\/infos-droitshumains.net\\\/#organization\"},\"potentialAction\":[{\"@type\":\"SearchAction\",\"target\":{\"@type\":\"EntryPoint\",\"urlTemplate\":\"https:\\\/\\\/infos-droitshumains.net\\\/?s={search_term_string}\"},\"query-input\":{\"@type\":\"PropertyValueSpecification\",\"valueRequired\":true,\"valueName\":\"search_term_string\"}}],\"inLanguage\":\"fr-FR\"},{\"@type\":\"Organization\",\"@id\":\"https:\\\/\\\/infos-droitshumains.net\\\/#organization\",\"name\":\"Infos Droits Humains\",\"url\":\"https:\\\/\\\/infos-droitshumains.net\\\/\",\"logo\":{\"@type\":\"ImageObject\",\"inLanguage\":\"fr-FR\",\"@id\":\"https:\\\/\\\/infos-droitshumains.net\\\/#\\\/schema\\\/logo\\\/image\\\/\",\"url\":\"https:\\\/\\\/i0.wp.com\\\/infos-droitshumains.net\\\/wp-content\\\/uploads\\\/2022\\\/05\\\/Logo.png?fit=333%2C129&ssl=1\",\"contentUrl\":\"https:\\\/\\\/i0.wp.com\\\/infos-droitshumains.net\\\/wp-content\\\/uploads\\\/2022\\\/05\\\/Logo.png?fit=333%2C129&ssl=1\",\"width\":333,\"height\":129,\"caption\":\"Infos Droits Humains\"},\"image\":{\"@id\":\"https:\\\/\\\/infos-droitshumains.net\\\/#\\\/schema\\\/logo\\\/image\\\/\"}},{\"@type\":\"Person\",\"@id\":\"https:\\\/\\\/infos-droitshumains.net\\\/#\\\/schema\\\/person\\\/3dc5e921c3302172e0ed4362f96faab7\",\"name\":\"Jo\u00ebl Diawa\",\"image\":{\"@type\":\"ImageObject\",\"inLanguage\":\"fr-FR\",\"@id\":\"https:\\\/\\\/secure.gravatar.com\\\/avatar\\\/729bea6ff4604c624417803c477363be8e3c7186deaa65713313f9b4b820f41c?s=96&d=mm&r=g\",\"url\":\"https:\\\/\\\/secure.gravatar.com\\\/avatar\\\/729bea6ff4604c624417803c477363be8e3c7186deaa65713313f9b4b820f41c?s=96&d=mm&r=g\",\"contentUrl\":\"https:\\\/\\\/secure.gravatar.com\\\/avatar\\\/729bea6ff4604c624417803c477363be8e3c7186deaa65713313f9b4b820f41c?s=96&d=mm&r=g\",\"caption\":\"Jo\u00ebl Diawa\"},\"sameAs\":[\"https:\\\/\\\/www.infos-droitshumains.net\"],\"url\":\"https:\\\/\\\/infos-droitshumains.net\\\/?author=2\"}]}<\/script>\n<!-- \/ Yoast SEO plugin. -->","yoast_head_json":{"title":"RDC-Jeepgate : Une v\u00e9rit\u00e9 qui rend coupable les institutions de la r\u00e9publique. - Infos Droits Humains","robots":{"index":"index","follow":"follow","max-snippet":"max-snippet:-1","max-image-preview":"max-image-preview:large","max-video-preview":"max-video-preview:-1"},"canonical":"https:\/\/infos-droitshumains.net\/?p=544","og_locale":"fr_FR","og_type":"article","og_title":"RDC-Jeepgate : Une v\u00e9rit\u00e9 qui rend coupable les institutions de la r\u00e9publique. - Infos Droits Humains","og_description":"Depuis un certain temps, l&rsquo;affaire de 500 jeeps suscite un toll\u00e9 au sein de l&rsquo;opinion...","og_url":"https:\/\/infos-droitshumains.net\/?p=544","og_site_name":"Infos Droits Humains","article_published_time":"2021-06-23T16:46:54+00:00","article_modified_time":"2023-04-06T10:11:45+00:00","og_image":[{"url":"https:\/\/www.infos-droitshumains.net\/wp-content\/uploads\/2021\/06\/IMG_20210623_164515-1.jpg","type":"","width":"","height":""}],"author":"Jo\u00ebl Diawa","twitter_card":"summary_large_image","twitter_misc":{"\u00c9crit par":"Jo\u00ebl Diawa","Dur\u00e9e de lecture estim\u00e9e":"5 minutes"},"schema":{"@context":"https:\/\/schema.org","@graph":[{"@type":"Article","@id":"https:\/\/infos-droitshumains.net\/?p=544#article","isPartOf":{"@id":"https:\/\/infos-droitshumains.net\/?p=544"},"author":{"name":"Jo\u00ebl Diawa","@id":"https:\/\/infos-droitshumains.net\/#\/schema\/person\/3dc5e921c3302172e0ed4362f96faab7"},"headline":"RDC-Jeepgate : Une v\u00e9rit\u00e9 qui rend coupable les institutions de la r\u00e9publique.","datePublished":"2021-06-23T16:46:54+00:00","dateModified":"2023-04-06T10:11:45+00:00","mainEntityOfPage":{"@id":"https:\/\/infos-droitshumains.net\/?p=544"},"wordCount":1006,"commentCount":0,"publisher":{"@id":"https:\/\/infos-droitshumains.net\/#organization"},"image":{"@id":"https:\/\/infos-droitshumains.net\/?p=544#primaryimage"},"thumbnailUrl":"https:\/\/www.infos-droitshumains.net\/wp-content\/uploads\/2021\/06\/IMG_20210623_164515-1.jpg","inLanguage":"fr-FR","potentialAction":[{"@type":"CommentAction","name":"Comment","target":["https:\/\/infos-droitshumains.net\/?p=544#respond"]}]},{"@type":"WebPage","@id":"https:\/\/infos-droitshumains.net\/?p=544","url":"https:\/\/infos-droitshumains.net\/?p=544","name":"RDC-Jeepgate : Une v\u00e9rit\u00e9 qui rend coupable les institutions de la r\u00e9publique. - Infos Droits Humains","isPartOf":{"@id":"https:\/\/infos-droitshumains.net\/#website"},"primaryImageOfPage":{"@id":"https:\/\/infos-droitshumains.net\/?p=544#primaryimage"},"image":{"@id":"https:\/\/infos-droitshumains.net\/?p=544#primaryimage"},"thumbnailUrl":"https:\/\/www.infos-droitshumains.net\/wp-content\/uploads\/2021\/06\/IMG_20210623_164515-1.jpg","datePublished":"2021-06-23T16:46:54+00:00","dateModified":"2023-04-06T10:11:45+00:00","breadcrumb":{"@id":"https:\/\/infos-droitshumains.net\/?p=544#breadcrumb"},"inLanguage":"fr-FR","potentialAction":[{"@type":"ReadAction","target":["https:\/\/infos-droitshumains.net\/?p=544"]}]},{"@type":"ImageObject","inLanguage":"fr-FR","@id":"https:\/\/infos-droitshumains.net\/?p=544#primaryimage","url":"https:\/\/www.infos-droitshumains.net\/wp-content\/uploads\/2021\/06\/IMG_20210623_164515-1.jpg","contentUrl":"https:\/\/www.infos-droitshumains.net\/wp-content\/uploads\/2021\/06\/IMG_20210623_164515-1.jpg"},{"@type":"BreadcrumbList","@id":"https:\/\/infos-droitshumains.net\/?p=544#breadcrumb","itemListElement":[{"@type":"ListItem","position":1,"name":"Accueil","item":"https:\/\/infos-droitshumains.net\/"},{"@type":"ListItem","position":2,"name":"RDC-Jeepgate : Une v\u00e9rit\u00e9 qui rend coupable les institutions de la r\u00e9publique."}]},{"@type":"WebSite","@id":"https:\/\/infos-droitshumains.net\/#website","url":"https:\/\/infos-droitshumains.net\/","name":"Infos Droits Humains","description":"S&#039;informer est un droit","publisher":{"@id":"https:\/\/infos-droitshumains.net\/#organization"},"potentialAction":[{"@type":"SearchAction","target":{"@type":"EntryPoint","urlTemplate":"https:\/\/infos-droitshumains.net\/?s={search_term_string}"},"query-input":{"@type":"PropertyValueSpecification","valueRequired":true,"valueName":"search_term_string"}}],"inLanguage":"fr-FR"},{"@type":"Organization","@id":"https:\/\/infos-droitshumains.net\/#organization","name":"Infos Droits Humains","url":"https:\/\/infos-droitshumains.net\/","logo":{"@type":"ImageObject","inLanguage":"fr-FR","@id":"https:\/\/infos-droitshumains.net\/#\/schema\/logo\/image\/","url":"https:\/\/i0.wp.com\/infos-droitshumains.net\/wp-content\/uploads\/2022\/05\/Logo.png?fit=333%2C129&ssl=1","contentUrl":"https:\/\/i0.wp.com\/infos-droitshumains.net\/wp-content\/uploads\/2022\/05\/Logo.png?fit=333%2C129&ssl=1","width":333,"height":129,"caption":"Infos Droits Humains"},"image":{"@id":"https:\/\/infos-droitshumains.net\/#\/schema\/logo\/image\/"}},{"@type":"Person","@id":"https:\/\/infos-droitshumains.net\/#\/schema\/person\/3dc5e921c3302172e0ed4362f96faab7","name":"Jo\u00ebl Diawa","image":{"@type":"ImageObject","inLanguage":"fr-FR","@id":"https:\/\/secure.gravatar.com\/avatar\/729bea6ff4604c624417803c477363be8e3c7186deaa65713313f9b4b820f41c?s=96&d=mm&r=g","url":"https:\/\/secure.gravatar.com\/avatar\/729bea6ff4604c624417803c477363be8e3c7186deaa65713313f9b4b820f41c?s=96&d=mm&r=g","contentUrl":"https:\/\/secure.gravatar.com\/avatar\/729bea6ff4604c624417803c477363be8e3c7186deaa65713313f9b4b820f41c?s=96&d=mm&r=g","caption":"Jo\u00ebl Diawa"},"sameAs":["https:\/\/www.infos-droitshumains.net"],"url":"https:\/\/infos-droitshumains.net\/?author=2"}]}},"featured_image_urls":{"full":"","thumbnail":"","medium":"","medium_large":"","large":"","1536x1536":"","2048x2048":"","covernews-slider-full":"","covernews-slider-center":"","covernews-featured":"","covernews-medium":"","covernews-medium-square":""},"author_info":{"display_name":"Jo\u00ebl Diawa","author_link":"https:\/\/infos-droitshumains.net\/?author=2"},"category_info":"<a href=\"https:\/\/infos-droitshumains.net\/?cat=1\" rel=\"category\">Non class\u00e9<\/a>","tag_info":"Non class\u00e9","comment_count":"0","jetpack_featured_media_url":"","jetpack-related-posts":[],"jetpack_sharing_enabled":true,"_links":{"self":[{"href":"https:\/\/infos-droitshumains.net\/index.php?rest_route=\/wp\/v2\/posts\/544","targetHints":{"allow":["GET"]}}],"collection":[{"href":"https:\/\/infos-droitshumains.net\/index.php?rest_route=\/wp\/v2\/posts"}],"about":[{"href":"https:\/\/infos-droitshumains.net\/index.php?rest_route=\/wp\/v2\/types\/post"}],"author":[{"embeddable":true,"href":"https:\/\/infos-droitshumains.net\/index.php?rest_route=\/wp\/v2\/users\/2"}],"replies":[{"embeddable":true,"href":"https:\/\/infos-droitshumains.net\/index.php?rest_route=%2Fwp%2Fv2%2Fcomments&post=544"}],"version-history":[{"count":3,"href":"https:\/\/infos-droitshumains.net\/index.php?rest_route=\/wp\/v2\/posts\/544\/revisions"}],"predecessor-version":[{"id":558,"href":"https:\/\/infos-droitshumains.net\/index.php?rest_route=\/wp\/v2\/posts\/544\/revisions\/558"}],"wp:attachment":[{"href":"https:\/\/infos-droitshumains.net\/index.php?rest_route=%2Fwp%2Fv2%2Fmedia&parent=544"}],"wp:term":[{"taxonomy":"category","embeddable":true,"href":"https:\/\/infos-droitshumains.net\/index.php?rest_route=%2Fwp%2Fv2%2Fcategories&post=544"},{"taxonomy":"post_tag","embeddable":true,"href":"https:\/\/infos-droitshumains.net\/index.php?rest_route=%2Fwp%2Fv2%2Ftags&post=544"}],"curies":[{"name":"wp","href":"https:\/\/api.w.org\/{rel}","templated":true}]}}