{"id":5427,"date":"2022-10-27T20:11:38","date_gmt":"2022-10-27T18:11:38","guid":{"rendered":"https:\/\/infos-droitshumains.net\/?p=5427"},"modified":"2022-10-27T20:25:50","modified_gmt":"2022-10-27T18:25:50","slug":"exercice-budgetaire-2023dieudonne-kamuleta-a-lassemblee-nationale-pour-solliciter-un-meilleur-traitement-des-magistrats","status":"publish","type":"post","link":"https:\/\/infos-droitshumains.net\/?p=5427","title":{"rendered":"Exercice budg\u00e9taire 2023: Dieudonn\u00e9 Kamuleta \u00e0 l&rsquo;Assembl\u00e9e Nationale pour solliciter un  meilleur traitement des magistrats"},"content":{"rendered":"\n<p><strong>R\u00e9daction:+243817406088<\/strong><\/p>\n\n\n\n<p>Soucieux d\u2019am\u00e9liorer les conditions des vies des magistrats, le Pr\u00e9sident de la Cour Constitutionnelle et Pr\u00e9sident du Conseil Sup\u00e9rieur de la Magistrature se bat bec et ongles pour que sa voix soit entendue.<\/p>\n\n\n\n<p>Ce vouloir de Dieudonn\u00e9 Kamuleta ne peut se r\u00e9aliser que si cela passe par l\u2019autorit\u00e9 budg\u00e9taire. C\u2019est dans ce cadre qu\u2019il est all\u00e9 mener un plaidoyer aupr\u00e8s du Pr\u00e9sident de l\u2019Assembl\u00e9e Nationale.<\/p>\n\n\n\n<p>Un t\u00eate-\u00e0-t\u00eate a eu lieu ce jeudi 27 septembre entre les deux personnalit\u00e9s. Une rencontre qui tombe \u00e0 point nomm\u00e9 car, la veille de la pr\u00e9sentation de la loi des finances pour l\u2019exercice 2023.<\/p>\n\n\n\n<figure class=\"wp-block-image alignfull size-large\"><img data-recalc-dims=\"1\" fetchpriority=\"high\" decoding=\"async\" width=\"640\" height=\"427\" src=\"https:\/\/i0.wp.com\/infos-droitshumains.net\/wp-content\/uploads\/2022\/10\/IMG-20221027-WA0066.jpg?resize=640%2C427&#038;ssl=1\" alt=\"\" class=\"wp-image-5432\" srcset=\"https:\/\/i0.wp.com\/infos-droitshumains.net\/wp-content\/uploads\/2022\/10\/IMG-20221027-WA0066.jpg?resize=1024%2C683&amp;ssl=1 1024w, https:\/\/i0.wp.com\/infos-droitshumains.net\/wp-content\/uploads\/2022\/10\/IMG-20221027-WA0066.jpg?resize=300%2C200&amp;ssl=1 300w, https:\/\/i0.wp.com\/infos-droitshumains.net\/wp-content\/uploads\/2022\/10\/IMG-20221027-WA0066.jpg?resize=768%2C512&amp;ssl=1 768w, https:\/\/i0.wp.com\/infos-droitshumains.net\/wp-content\/uploads\/2022\/10\/IMG-20221027-WA0066.jpg?w=1280&amp;ssl=1 1280w\" sizes=\"(max-width: 640px) 100vw, 640px\" \/><\/figure>\n\n\n\n<p>Bien que cela soit une rencontre inscrite dans le cadre des \u00e9changes normaux entre les institutions de la R\u00e9publique, le num\u00e9ro du pouvoir judiciaire congolais a profit\u00e9 de l\u2019occasion pour rappeler au pr\u00e9sident de la chambre basse du parlement l\u2019attention qui doit \u00eatre accord\u00e9e \u00e0 la justice pendant l\u2019examen de ce projet de loi.<\/p>\n\n\n\n<p><em>\u00ab Apr\u00e8s la rencontre avec le Pr\u00e9sident du S\u00e9nat, aujourd\u2019hui je suis venu voir le pr\u00e9sident de l\u2019Assembl\u00e9e Nationale dans le cadre normal du fonctionnement des institutions. Vous savez bien que l\u2019Assembl\u00e9e est l\u2019autorit\u00e9 budg\u00e9taire qui va bient\u00f4t recevoir le premier ministre pour pr\u00e9senter et d\u00e9fendre le projet du budget de l\u2019exercice 2023. Quoi de plus normal que le Pr\u00e9sident du Conseil Sup\u00e9rieur de la magistrature puisse passer pour rappeler l\u2019attention particuli\u00e8re qui doit \u00eatre accord\u00e9e au secteur de la justice\u00bb<\/em>, a laiss\u00e9 entendre Dieudonn\u00e9 Kamuleta au sortir de l\u2019audience.<\/p>\n\n\n\n<figure class=\"wp-block-image alignfull size-large\"><img data-recalc-dims=\"1\" decoding=\"async\" width=\"640\" height=\"428\" src=\"https:\/\/i0.wp.com\/infos-droitshumains.net\/wp-content\/uploads\/2022\/10\/IMG-20221027-WA0070_1.jpg?resize=640%2C428&#038;ssl=1\" alt=\"\" class=\"wp-image-5437\" srcset=\"https:\/\/i0.wp.com\/infos-droitshumains.net\/wp-content\/uploads\/2022\/10\/IMG-20221027-WA0070_1.jpg?resize=1024%2C684&amp;ssl=1 1024w, https:\/\/i0.wp.com\/infos-droitshumains.net\/wp-content\/uploads\/2022\/10\/IMG-20221027-WA0070_1.jpg?resize=300%2C200&amp;ssl=1 300w, https:\/\/i0.wp.com\/infos-droitshumains.net\/wp-content\/uploads\/2022\/10\/IMG-20221027-WA0070_1.jpg?resize=768%2C513&amp;ssl=1 768w, https:\/\/i0.wp.com\/infos-droitshumains.net\/wp-content\/uploads\/2022\/10\/IMG-20221027-WA0070_1.jpg?w=1080&amp;ssl=1 1080w\" sizes=\"(max-width: 640px) 100vw, 640px\" \/><\/figure>\n\n\n\n<p>D\u00e9cri\u00e9 par l\u2019opinion au regard des \u00e9garements de certains magistrats, l\u2019appareil judiciaire \u00e9prouve d\u2019\u00e9normes difficult\u00e9s dont celle li\u00e9e aux moyens financiers et mat\u00e9riel. Les magistrats mal pay\u00e9s, les juridictions d\u00e9pourvues des moyens de fonctionnement et de la logistique ; mais il y a encore de quoi esp\u00e9rer. Selon Dieudonn\u00e9 Kamuleta, <em>\u00ab la prise en compte des conditions sociales des magistrats est le seul moyen d\u2019avoir une meilleure justice dans notre soci\u00e9t\u00e9 \u00bb<\/em>.<\/p>\n\n\n\n<figure class=\"wp-block-image size-large\"><img data-recalc-dims=\"1\" decoding=\"async\" width=\"640\" height=\"960\" src=\"https:\/\/i0.wp.com\/infos-droitshumains.net\/wp-content\/uploads\/2022\/10\/IMG-20221027-WA0068_1.jpg?resize=640%2C960&#038;ssl=1\" alt=\"\" class=\"wp-image-5439\" srcset=\"https:\/\/i0.wp.com\/infos-droitshumains.net\/wp-content\/uploads\/2022\/10\/IMG-20221027-WA0068_1.jpg?resize=683%2C1024&amp;ssl=1 683w, https:\/\/i0.wp.com\/infos-droitshumains.net\/wp-content\/uploads\/2022\/10\/IMG-20221027-WA0068_1.jpg?resize=200%2C300&amp;ssl=1 200w, https:\/\/i0.wp.com\/infos-droitshumains.net\/wp-content\/uploads\/2022\/10\/IMG-20221027-WA0068_1.jpg?resize=768%2C1151&amp;ssl=1 768w, https:\/\/i0.wp.com\/infos-droitshumains.net\/wp-content\/uploads\/2022\/10\/IMG-20221027-WA0068_1.jpg?w=854&amp;ssl=1 854w\" sizes=\"(max-width: 640px) 100vw, 640px\" \/><\/figure>\n\n\n\n<p>La justice \u00e9tant le levier du du pays et d\u2019un v\u00e9ritable \u00c9tat de droit, ce plaidoyer de Dieudonn\u00e9 Kamuleta doit imp\u00e9rieusement trouver un \u00e9cho favorable afin que le magistrat congolais soit v\u00e9ritablement ind\u00e9pendant.<\/p>\n\n\n\n<p>Jo\u00ebl Diawa<\/p>\n\n\n\n<p><blockquote class=\"twitter-tweet\" data-width=\"550\" data-dnt=\"true\"><p lang=\"fr\" dir=\"ltr\">Exercice budg\u00e9taire 2023: Dieudonn\u00e9 Kamuleta \u00e0 l\u2019Assembl\u00e9e Nationale pour solliciter un  meilleur traitement des magistrats <a href=\"https:\/\/t.co\/60PhEOhCv6\">https:\/\/t.co\/60PhEOhCv6<\/a><\/p>&mdash; Jo\u00ebl Diawa (@joeldiawa) <a href=\"https:\/\/twitter.com\/joeldiawa\/status\/1585698494140289024?ref_src=twsrc%5Etfw\">October 27, 2022<\/a><\/blockquote><script async src=\"https:\/\/platform.twitter.com\/widgets.js\" charset=\"utf-8\"><\/script><\/p>\n","protected":false},"excerpt":{"rendered":"<p>R\u00e9daction:+243817406088 Soucieux d\u2019am\u00e9liorer les conditions des vies des magistrats, le Pr\u00e9sident de la Cour Constitutionnelle&#8230;<\/p>\n","protected":false},"author":2,"featured_media":5431,"comment_status":"open","ping_status":"open","sticky":false,"template":"","format":"standard","meta":{"_jetpack_memberships_contains_paid_content":false,"footnotes":""},"categories":[6],"tags":[],"class_list":["post-5427","post","type-post","status-publish","format-standard","has-post-thumbnail","hentry","category-justice"],"yoast_head":"<!-- This site is optimized with the Yoast SEO plugin v27.5 - https:\/\/yoast.com\/product\/yoast-seo-wordpress\/ -->\n<title>Exercice budg\u00e9taire 2023: Dieudonn\u00e9 Kamuleta \u00e0 l&#039;Assembl\u00e9e Nationale pour solliciter un meilleur traitement des magistrats - Infos Droits Humains<\/title>\n<meta name=\"robots\" content=\"index, follow, max-snippet:-1, max-image-preview:large, max-video-preview:-1\" \/>\n<link rel=\"canonical\" href=\"https:\/\/infos-droitshumains.net\/?p=5427\" \/>\n<meta property=\"og:locale\" content=\"fr_FR\" \/>\n<meta property=\"og:type\" content=\"article\" \/>\n<meta property=\"og:title\" content=\"Exercice budg\u00e9taire 2023: Dieudonn\u00e9 Kamuleta \u00e0 l&#039;Assembl\u00e9e Nationale pour solliciter un meilleur traitement des magistrats - Infos Droits Humains\" \/>\n<meta property=\"og:description\" content=\"R\u00e9daction:+243817406088 Soucieux d\u2019am\u00e9liorer les conditions des vies des magistrats, le Pr\u00e9sident de la Cour Constitutionnelle...\" \/>\n<meta property=\"og:url\" content=\"https:\/\/infos-droitshumains.net\/?p=5427\" \/>\n<meta property=\"og:site_name\" content=\"Infos Droits Humains\" \/>\n<meta property=\"article:published_time\" content=\"2022-10-27T18:11:38+00:00\" \/>\n<meta property=\"article:modified_time\" content=\"2022-10-27T18:25:50+00:00\" \/>\n<meta property=\"og:image\" content=\"https:\/\/i0.wp.com\/infos-droitshumains.net\/wp-content\/uploads\/2022\/10\/IMG-20221027-WA0069_1.jpg?fit=1080%2C721&ssl=1\" \/>\n\t<meta property=\"og:image:width\" content=\"1080\" \/>\n\t<meta property=\"og:image:height\" content=\"721\" \/>\n\t<meta property=\"og:image:type\" content=\"image\/jpeg\" \/>\n<meta name=\"author\" content=\"Jo\u00ebl Diawa\" \/>\n<meta name=\"twitter:card\" content=\"summary_large_image\" \/>\n<meta name=\"twitter:label1\" content=\"\u00c9crit par\" \/>\n\t<meta name=\"twitter:data1\" content=\"Jo\u00ebl Diawa\" \/>\n\t<meta name=\"twitter:label2\" content=\"Dur\u00e9e de lecture estim\u00e9e\" \/>\n\t<meta name=\"twitter:data2\" content=\"2 minutes\" \/>\n<script type=\"application\/ld+json\" class=\"yoast-schema-graph\">{\"@context\":\"https:\\\/\\\/schema.org\",\"@graph\":[{\"@type\":\"Article\",\"@id\":\"https:\\\/\\\/infos-droitshumains.net\\\/?p=5427#article\",\"isPartOf\":{\"@id\":\"https:\\\/\\\/infos-droitshumains.net\\\/?p=5427\"},\"author\":{\"name\":\"Jo\u00ebl Diawa\",\"@id\":\"https:\\\/\\\/infos-droitshumains.net\\\/#\\\/schema\\\/person\\\/3dc5e921c3302172e0ed4362f96faab7\"},\"headline\":\"Exercice budg\u00e9taire 2023: Dieudonn\u00e9 Kamuleta \u00e0 l&rsquo;Assembl\u00e9e Nationale pour solliciter un meilleur traitement des magistrats\",\"datePublished\":\"2022-10-27T18:11:38+00:00\",\"dateModified\":\"2022-10-27T18:25:50+00:00\",\"mainEntityOfPage\":{\"@id\":\"https:\\\/\\\/infos-droitshumains.net\\\/?p=5427\"},\"wordCount\":436,\"commentCount\":0,\"publisher\":{\"@id\":\"https:\\\/\\\/infos-droitshumains.net\\\/#organization\"},\"image\":{\"@id\":\"https:\\\/\\\/infos-droitshumains.net\\\/?p=5427#primaryimage\"},\"thumbnailUrl\":\"https:\\\/\\\/i0.wp.com\\\/infos-droitshumains.net\\\/wp-content\\\/uploads\\\/2022\\\/10\\\/IMG-20221027-WA0069_1.jpg?fit=1080%2C721&ssl=1\",\"articleSection\":[\"Justice\"],\"inLanguage\":\"fr-FR\",\"potentialAction\":[{\"@type\":\"CommentAction\",\"name\":\"Comment\",\"target\":[\"https:\\\/\\\/infos-droitshumains.net\\\/?p=5427#respond\"]}]},{\"@type\":\"WebPage\",\"@id\":\"https:\\\/\\\/infos-droitshumains.net\\\/?p=5427\",\"url\":\"https:\\\/\\\/infos-droitshumains.net\\\/?p=5427\",\"name\":\"Exercice budg\u00e9taire 2023: Dieudonn\u00e9 Kamuleta \u00e0 l'Assembl\u00e9e Nationale pour solliciter un meilleur traitement des magistrats - Infos Droits Humains\",\"isPartOf\":{\"@id\":\"https:\\\/\\\/infos-droitshumains.net\\\/#website\"},\"primaryImageOfPage\":{\"@id\":\"https:\\\/\\\/infos-droitshumains.net\\\/?p=5427#primaryimage\"},\"image\":{\"@id\":\"https:\\\/\\\/infos-droitshumains.net\\\/?p=5427#primaryimage\"},\"thumbnailUrl\":\"https:\\\/\\\/i0.wp.com\\\/infos-droitshumains.net\\\/wp-content\\\/uploads\\\/2022\\\/10\\\/IMG-20221027-WA0069_1.jpg?fit=1080%2C721&ssl=1\",\"datePublished\":\"2022-10-27T18:11:38+00:00\",\"dateModified\":\"2022-10-27T18:25:50+00:00\",\"breadcrumb\":{\"@id\":\"https:\\\/\\\/infos-droitshumains.net\\\/?p=5427#breadcrumb\"},\"inLanguage\":\"fr-FR\",\"potentialAction\":[{\"@type\":\"ReadAction\",\"target\":[\"https:\\\/\\\/infos-droitshumains.net\\\/?p=5427\"]}]},{\"@type\":\"ImageObject\",\"inLanguage\":\"fr-FR\",\"@id\":\"https:\\\/\\\/infos-droitshumains.net\\\/?p=5427#primaryimage\",\"url\":\"https:\\\/\\\/i0.wp.com\\\/infos-droitshumains.net\\\/wp-content\\\/uploads\\\/2022\\\/10\\\/IMG-20221027-WA0069_1.jpg?fit=1080%2C721&ssl=1\",\"contentUrl\":\"https:\\\/\\\/i0.wp.com\\\/infos-droitshumains.net\\\/wp-content\\\/uploads\\\/2022\\\/10\\\/IMG-20221027-WA0069_1.jpg?fit=1080%2C721&ssl=1\",\"width\":1080,\"height\":721},{\"@type\":\"BreadcrumbList\",\"@id\":\"https:\\\/\\\/infos-droitshumains.net\\\/?p=5427#breadcrumb\",\"itemListElement\":[{\"@type\":\"ListItem\",\"position\":1,\"name\":\"Accueil\",\"item\":\"https:\\\/\\\/infos-droitshumains.net\\\/\"},{\"@type\":\"ListItem\",\"position\":2,\"name\":\"Exercice budg\u00e9taire 2023: Dieudonn\u00e9 Kamuleta \u00e0 l&rsquo;Assembl\u00e9e Nationale pour solliciter un meilleur traitement des magistrats\"}]},{\"@type\":\"WebSite\",\"@id\":\"https:\\\/\\\/infos-droitshumains.net\\\/#website\",\"url\":\"https:\\\/\\\/infos-droitshumains.net\\\/\",\"name\":\"Infos Droits Humains\",\"description\":\"S&#039;informer est un droit\",\"publisher\":{\"@id\":\"https:\\\/\\\/infos-droitshumains.net\\\/#organization\"},\"potentialAction\":[{\"@type\":\"SearchAction\",\"target\":{\"@type\":\"EntryPoint\",\"urlTemplate\":\"https:\\\/\\\/infos-droitshumains.net\\\/?s={search_term_string}\"},\"query-input\":{\"@type\":\"PropertyValueSpecification\",\"valueRequired\":true,\"valueName\":\"search_term_string\"}}],\"inLanguage\":\"fr-FR\"},{\"@type\":\"Organization\",\"@id\":\"https:\\\/\\\/infos-droitshumains.net\\\/#organization\",\"name\":\"Infos Droits Humains\",\"url\":\"https:\\\/\\\/infos-droitshumains.net\\\/\",\"logo\":{\"@type\":\"ImageObject\",\"inLanguage\":\"fr-FR\",\"@id\":\"https:\\\/\\\/infos-droitshumains.net\\\/#\\\/schema\\\/logo\\\/image\\\/\",\"url\":\"https:\\\/\\\/i0.wp.com\\\/infos-droitshumains.net\\\/wp-content\\\/uploads\\\/2022\\\/05\\\/Logo.png?fit=333%2C129&ssl=1\",\"contentUrl\":\"https:\\\/\\\/i0.wp.com\\\/infos-droitshumains.net\\\/wp-content\\\/uploads\\\/2022\\\/05\\\/Logo.png?fit=333%2C129&ssl=1\",\"width\":333,\"height\":129,\"caption\":\"Infos Droits Humains\"},\"image\":{\"@id\":\"https:\\\/\\\/infos-droitshumains.net\\\/#\\\/schema\\\/logo\\\/image\\\/\"}},{\"@type\":\"Person\",\"@id\":\"https:\\\/\\\/infos-droitshumains.net\\\/#\\\/schema\\\/person\\\/3dc5e921c3302172e0ed4362f96faab7\",\"name\":\"Jo\u00ebl Diawa\",\"image\":{\"@type\":\"ImageObject\",\"inLanguage\":\"fr-FR\",\"@id\":\"https:\\\/\\\/secure.gravatar.com\\\/avatar\\\/729bea6ff4604c624417803c477363be8e3c7186deaa65713313f9b4b820f41c?s=96&d=mm&r=g\",\"url\":\"https:\\\/\\\/secure.gravatar.com\\\/avatar\\\/729bea6ff4604c624417803c477363be8e3c7186deaa65713313f9b4b820f41c?s=96&d=mm&r=g\",\"contentUrl\":\"https:\\\/\\\/secure.gravatar.com\\\/avatar\\\/729bea6ff4604c624417803c477363be8e3c7186deaa65713313f9b4b820f41c?s=96&d=mm&r=g\",\"caption\":\"Jo\u00ebl Diawa\"},\"sameAs\":[\"https:\\\/\\\/www.infos-droitshumains.net\"],\"url\":\"https:\\\/\\\/infos-droitshumains.net\\\/?author=2\"}]}<\/script>\n<!-- \/ Yoast SEO plugin. -->","yoast_head_json":{"title":"Exercice budg\u00e9taire 2023: Dieudonn\u00e9 Kamuleta \u00e0 l'Assembl\u00e9e Nationale pour solliciter un meilleur traitement des magistrats - Infos Droits Humains","robots":{"index":"index","follow":"follow","max-snippet":"max-snippet:-1","max-image-preview":"max-image-preview:large","max-video-preview":"max-video-preview:-1"},"canonical":"https:\/\/infos-droitshumains.net\/?p=5427","og_locale":"fr_FR","og_type":"article","og_title":"Exercice budg\u00e9taire 2023: Dieudonn\u00e9 Kamuleta \u00e0 l'Assembl\u00e9e Nationale pour solliciter un meilleur traitement des magistrats - Infos Droits Humains","og_description":"R\u00e9daction:+243817406088 Soucieux d\u2019am\u00e9liorer les conditions des vies des magistrats, le Pr\u00e9sident de la Cour Constitutionnelle...","og_url":"https:\/\/infos-droitshumains.net\/?p=5427","og_site_name":"Infos Droits Humains","article_published_time":"2022-10-27T18:11:38+00:00","article_modified_time":"2022-10-27T18:25:50+00:00","og_image":[{"width":1080,"height":721,"url":"https:\/\/i0.wp.com\/infos-droitshumains.net\/wp-content\/uploads\/2022\/10\/IMG-20221027-WA0069_1.jpg?fit=1080%2C721&ssl=1","type":"image\/jpeg"}],"author":"Jo\u00ebl Diawa","twitter_card":"summary_large_image","twitter_misc":{"\u00c9crit par":"Jo\u00ebl Diawa","Dur\u00e9e de lecture estim\u00e9e":"2 minutes"},"schema":{"@context":"https:\/\/schema.org","@graph":[{"@type":"Article","@id":"https:\/\/infos-droitshumains.net\/?p=5427#article","isPartOf":{"@id":"https:\/\/infos-droitshumains.net\/?p=5427"},"author":{"name":"Jo\u00ebl Diawa","@id":"https:\/\/infos-droitshumains.net\/#\/schema\/person\/3dc5e921c3302172e0ed4362f96faab7"},"headline":"Exercice budg\u00e9taire 2023: Dieudonn\u00e9 Kamuleta \u00e0 l&rsquo;Assembl\u00e9e Nationale pour solliciter un meilleur traitement des magistrats","datePublished":"2022-10-27T18:11:38+00:00","dateModified":"2022-10-27T18:25:50+00:00","mainEntityOfPage":{"@id":"https:\/\/infos-droitshumains.net\/?p=5427"},"wordCount":436,"commentCount":0,"publisher":{"@id":"https:\/\/infos-droitshumains.net\/#organization"},"image":{"@id":"https:\/\/infos-droitshumains.net\/?p=5427#primaryimage"},"thumbnailUrl":"https:\/\/i0.wp.com\/infos-droitshumains.net\/wp-content\/uploads\/2022\/10\/IMG-20221027-WA0069_1.jpg?fit=1080%2C721&ssl=1","articleSection":["Justice"],"inLanguage":"fr-FR","potentialAction":[{"@type":"CommentAction","name":"Comment","target":["https:\/\/infos-droitshumains.net\/?p=5427#respond"]}]},{"@type":"WebPage","@id":"https:\/\/infos-droitshumains.net\/?p=5427","url":"https:\/\/infos-droitshumains.net\/?p=5427","name":"Exercice budg\u00e9taire 2023: Dieudonn\u00e9 Kamuleta \u00e0 l'Assembl\u00e9e Nationale pour solliciter un meilleur traitement des magistrats - Infos Droits Humains","isPartOf":{"@id":"https:\/\/infos-droitshumains.net\/#website"},"primaryImageOfPage":{"@id":"https:\/\/infos-droitshumains.net\/?p=5427#primaryimage"},"image":{"@id":"https:\/\/infos-droitshumains.net\/?p=5427#primaryimage"},"thumbnailUrl":"https:\/\/i0.wp.com\/infos-droitshumains.net\/wp-content\/uploads\/2022\/10\/IMG-20221027-WA0069_1.jpg?fit=1080%2C721&ssl=1","datePublished":"2022-10-27T18:11:38+00:00","dateModified":"2022-10-27T18:25:50+00:00","breadcrumb":{"@id":"https:\/\/infos-droitshumains.net\/?p=5427#breadcrumb"},"inLanguage":"fr-FR","potentialAction":[{"@type":"ReadAction","target":["https:\/\/infos-droitshumains.net\/?p=5427"]}]},{"@type":"ImageObject","inLanguage":"fr-FR","@id":"https:\/\/infos-droitshumains.net\/?p=5427#primaryimage","url":"https:\/\/i0.wp.com\/infos-droitshumains.net\/wp-content\/uploads\/2022\/10\/IMG-20221027-WA0069_1.jpg?fit=1080%2C721&ssl=1","contentUrl":"https:\/\/i0.wp.com\/infos-droitshumains.net\/wp-content\/uploads\/2022\/10\/IMG-20221027-WA0069_1.jpg?fit=1080%2C721&ssl=1","width":1080,"height":721},{"@type":"BreadcrumbList","@id":"https:\/\/infos-droitshumains.net\/?p=5427#breadcrumb","itemListElement":[{"@type":"ListItem","position":1,"name":"Accueil","item":"https:\/\/infos-droitshumains.net\/"},{"@type":"ListItem","position":2,"name":"Exercice budg\u00e9taire 2023: Dieudonn\u00e9 Kamuleta \u00e0 l&rsquo;Assembl\u00e9e Nationale pour solliciter un meilleur traitement des magistrats"}]},{"@type":"WebSite","@id":"https:\/\/infos-droitshumains.net\/#website","url":"https:\/\/infos-droitshumains.net\/","name":"Infos Droits Humains","description":"S&#039;informer est un droit","publisher":{"@id":"https:\/\/infos-droitshumains.net\/#organization"},"potentialAction":[{"@type":"SearchAction","target":{"@type":"EntryPoint","urlTemplate":"https:\/\/infos-droitshumains.net\/?s={search_term_string}"},"query-input":{"@type":"PropertyValueSpecification","valueRequired":true,"valueName":"search_term_string"}}],"inLanguage":"fr-FR"},{"@type":"Organization","@id":"https:\/\/infos-droitshumains.net\/#organization","name":"Infos Droits Humains","url":"https:\/\/infos-droitshumains.net\/","logo":{"@type":"ImageObject","inLanguage":"fr-FR","@id":"https:\/\/infos-droitshumains.net\/#\/schema\/logo\/image\/","url":"https:\/\/i0.wp.com\/infos-droitshumains.net\/wp-content\/uploads\/2022\/05\/Logo.png?fit=333%2C129&ssl=1","contentUrl":"https:\/\/i0.wp.com\/infos-droitshumains.net\/wp-content\/uploads\/2022\/05\/Logo.png?fit=333%2C129&ssl=1","width":333,"height":129,"caption":"Infos Droits Humains"},"image":{"@id":"https:\/\/infos-droitshumains.net\/#\/schema\/logo\/image\/"}},{"@type":"Person","@id":"https:\/\/infos-droitshumains.net\/#\/schema\/person\/3dc5e921c3302172e0ed4362f96faab7","name":"Jo\u00ebl Diawa","image":{"@type":"ImageObject","inLanguage":"fr-FR","@id":"https:\/\/secure.gravatar.com\/avatar\/729bea6ff4604c624417803c477363be8e3c7186deaa65713313f9b4b820f41c?s=96&d=mm&r=g","url":"https:\/\/secure.gravatar.com\/avatar\/729bea6ff4604c624417803c477363be8e3c7186deaa65713313f9b4b820f41c?s=96&d=mm&r=g","contentUrl":"https:\/\/secure.gravatar.com\/avatar\/729bea6ff4604c624417803c477363be8e3c7186deaa65713313f9b4b820f41c?s=96&d=mm&r=g","caption":"Jo\u00ebl Diawa"},"sameAs":["https:\/\/www.infos-droitshumains.net"],"url":"https:\/\/infos-droitshumains.net\/?author=2"}]}},"featured_image_urls":{"full":["https:\/\/i0.wp.com\/infos-droitshumains.net\/wp-content\/uploads\/2022\/10\/IMG-20221027-WA0069_1.jpg?fit=1080%2C721&ssl=1",1080,721,false],"thumbnail":["https:\/\/i0.wp.com\/infos-droitshumains.net\/wp-content\/uploads\/2022\/10\/IMG-20221027-WA0069_1.jpg?resize=150%2C150&ssl=1",150,150,true],"medium":["https:\/\/i0.wp.com\/infos-droitshumains.net\/wp-content\/uploads\/2022\/10\/IMG-20221027-WA0069_1.jpg?fit=300%2C200&ssl=1",300,200,true],"medium_large":["https:\/\/i0.wp.com\/infos-droitshumains.net\/wp-content\/uploads\/2022\/10\/IMG-20221027-WA0069_1.jpg?fit=640%2C428&ssl=1",640,428,true],"large":["https:\/\/i0.wp.com\/infos-droitshumains.net\/wp-content\/uploads\/2022\/10\/IMG-20221027-WA0069_1.jpg?fit=640%2C428&ssl=1",640,428,true],"1536x1536":["https:\/\/i0.wp.com\/infos-droitshumains.net\/wp-content\/uploads\/2022\/10\/IMG-20221027-WA0069_1.jpg?fit=1080%2C721&ssl=1",1080,721,true],"2048x2048":["https:\/\/i0.wp.com\/infos-droitshumains.net\/wp-content\/uploads\/2022\/10\/IMG-20221027-WA0069_1.jpg?fit=1080%2C721&ssl=1",1080,721,true],"covernews-slider-full":["https:\/\/i0.wp.com\/infos-droitshumains.net\/wp-content\/uploads\/2022\/10\/IMG-20221027-WA0069_1.jpg?resize=1080%2C715&ssl=1",1080,715,true],"covernews-slider-center":["https:\/\/i0.wp.com\/infos-droitshumains.net\/wp-content\/uploads\/2022\/10\/IMG-20221027-WA0069_1.jpg?resize=800%2C500&ssl=1",800,500,true],"covernews-featured":["https:\/\/i0.wp.com\/infos-droitshumains.net\/wp-content\/uploads\/2022\/10\/IMG-20221027-WA0069_1.jpg?fit=1024%2C684&ssl=1",1024,684,true],"covernews-medium":["https:\/\/i0.wp.com\/infos-droitshumains.net\/wp-content\/uploads\/2022\/10\/IMG-20221027-WA0069_1.jpg?resize=540%2C340&ssl=1",540,340,true],"covernews-medium-square":["https:\/\/i0.wp.com\/infos-droitshumains.net\/wp-content\/uploads\/2022\/10\/IMG-20221027-WA0069_1.jpg?resize=400%2C250&ssl=1",400,250,true]},"author_info":{"display_name":"Jo\u00ebl Diawa","author_link":"https:\/\/infos-droitshumains.net\/?author=2"},"category_info":"<a href=\"https:\/\/infos-droitshumains.net\/?cat=6\" rel=\"category\">Justice<\/a>","tag_info":"Justice","comment_count":"0","jetpack_featured_media_url":"https:\/\/i0.wp.com\/infos-droitshumains.net\/wp-content\/uploads\/2022\/10\/IMG-20221027-WA0069_1.jpg?fit=1080%2C721&ssl=1","jetpack-related-posts":[],"jetpack_sharing_enabled":true,"_links":{"self":[{"href":"https:\/\/infos-droitshumains.net\/index.php?rest_route=\/wp\/v2\/posts\/5427","targetHints":{"allow":["GET"]}}],"collection":[{"href":"https:\/\/infos-droitshumains.net\/index.php?rest_route=\/wp\/v2\/posts"}],"about":[{"href":"https:\/\/infos-droitshumains.net\/index.php?rest_route=\/wp\/v2\/types\/post"}],"author":[{"embeddable":true,"href":"https:\/\/infos-droitshumains.net\/index.php?rest_route=\/wp\/v2\/users\/2"}],"replies":[{"embeddable":true,"href":"https:\/\/infos-droitshumains.net\/index.php?rest_route=%2Fwp%2Fv2%2Fcomments&post=5427"}],"version-history":[{"count":8,"href":"https:\/\/infos-droitshumains.net\/index.php?rest_route=\/wp\/v2\/posts\/5427\/revisions"}],"predecessor-version":[{"id":5441,"href":"https:\/\/infos-droitshumains.net\/index.php?rest_route=\/wp\/v2\/posts\/5427\/revisions\/5441"}],"wp:featuredmedia":[{"embeddable":true,"href":"https:\/\/infos-droitshumains.net\/index.php?rest_route=\/wp\/v2\/media\/5431"}],"wp:attachment":[{"href":"https:\/\/infos-droitshumains.net\/index.php?rest_route=%2Fwp%2Fv2%2Fmedia&parent=5427"}],"wp:term":[{"taxonomy":"category","embeddable":true,"href":"https:\/\/infos-droitshumains.net\/index.php?rest_route=%2Fwp%2Fv2%2Fcategories&post=5427"},{"taxonomy":"post_tag","embeddable":true,"href":"https:\/\/infos-droitshumains.net\/index.php?rest_route=%2Fwp%2Fv2%2Ftags&post=5427"}],"curies":[{"name":"wp","href":"https:\/\/api.w.org\/{rel}","templated":true}]}}