{"id":5249,"date":"2022-10-14T14:44:53","date_gmt":"2022-10-14T12:44:53","guid":{"rendered":"https:\/\/infos-droitshumains.net\/?p=5249"},"modified":"2022-10-14T14:52:55","modified_gmt":"2022-10-14T12:52:55","slug":"gestion-de-la-cnssjean-simon-mfuti-victime-de-la-gueguerre-unc-afdc-a","status":"publish","type":"post","link":"https:\/\/infos-droitshumains.net\/?p=5249","title":{"rendered":"Gestion de la CNSS:Jean-Simon Mfuti victime de la bataille UNC-AFDC-A ?"},"content":{"rendered":"\n<p><strong>R\u00e9daction :+243817406088<\/strong><\/p>\n\n\n\n<p>Contrairement \u00e0 ce qui a \u00e9t\u00e9 publi\u00e9 par certains m\u00e9dias en ligne, le Directeur G\u00e9n\u00e9ral a.i de la Caisse Nationale de S\u00e9curit\u00e9 Sociale n&rsquo;a jamais \u00e9t\u00e9 suspendu de ses fonctions. Cette mise au point est du secr\u00e9tariat du directeur g\u00e9n\u00e9ral de la CNSS dans son communiqu\u00e9 datant du 12 octobre 2022.<\/p>\n\n\n\n<p><em>\u00abLe secr\u00e9tariat du directeur g\u00e9n\u00e9ral de la Caisse Nationale de S\u00e9curit\u00e9 Sociale informe les cadres et agents de la CNSS, les assur\u00e9s sociaux ainsi que l&rsquo;opinion publique que monsieur Jean-Simon Mfuti Kiaku, directeur g\u00e9n\u00e9ral a.i, n&rsquo;a jamais fait l&rsquo;objet d&rsquo;une quelconque mesure de suspension de ses fonctions tel que relay\u00e9 par une certaine presse en ligne malveillante \u00bb<\/em>, peut-on lire dans le communiqu\u00e9, lit-on dans ce communiqu\u00e9.<\/p>\n\n\n\n<p>Cette information de suspension dont le secr\u00e9tariat du Directeur G\u00e9n\u00e9ral de la CNSS qualifie de<em> \u00abruse \u00bb <\/em>pour dit-il <em>\u00ab salir la r\u00e9putation de son chef \u00bb,<\/em> a \u00e9t\u00e9 publi\u00e9 par des m\u00e9dias suppos\u00e9s \u00eatre proche de l&rsquo;Union pour la Nation Congolaise, UNC.<\/p>\n\n\n\n<p>D\u2019apr\u00e8s les proches de Jean-Simon Mfuti, un groupe des journalistes assimil\u00e9 aux communicateurs de l\u2019UNC auraient organis\u00e9 une messe noire dans un espace \u00e0 Kinshasa avec au centre des \u00e9changes, la CNSS et son Directeur G\u00e9n\u00e9ral ai. Et apr\u00e8s leur rencontre, ils auraient fabriqu\u00e9 un communiqu\u00e9 qu\u2019ils ont fait publier dans un m\u00e9dia dont le responsable serait en conflit avec la CNSS, lequel communiqu\u00e9 faisait mention d&rsquo;une quelconque suspension de docteur Jean-Simon Mfuti Kiaku.<\/p>\n\n\n\n<p>Selon certaines sources qui se sont confi\u00e9es \u00e0 notre r\u00e9daction, il s&rsquo;observerait ce dernier temps un conflit entre l&rsquo;AFDC-A de Modeste Bahati Lukwebo et l&rsquo;UNC de Vital Kamerhe. Les deux partis politiques membres de l\u2019Union Sacr\u00e9e se disputerait la gestion de cette soci\u00e9t\u00e9 \u00e9tatique. Jean-Simon Mfuti reconnu comme membre du parti de Modeste Bahati se voit donc \u00eatre victime de cette bataille fratricide.<\/p>\n\n\n\n<p>Les adeptes de l&rsquo;ancien directeur de cabinet du chef de l&rsquo;\u00c9tat convoiteraient ce poste et tiendraient \u00e0 ce que \u00e7a revienne \u00e0 leur parti lors de la prochaine nomination des mandataires publics. voil\u00e0 toute la raison de cet acharnement accru dont Jean-Simon Mfuti Kiaku serait victime.<\/p>\n\n\n\n<p>AM<\/p>\n","protected":false},"excerpt":{"rendered":"<p>R\u00e9daction :+243817406088 Contrairement \u00e0 ce qui a \u00e9t\u00e9 publi\u00e9 par certains m\u00e9dias en ligne, le&#8230;<\/p>\n","protected":false},"author":2,"featured_media":5252,"comment_status":"open","ping_status":"open","sticky":false,"template":"","format":"standard","meta":{"_jetpack_memberships_contains_paid_content":false,"footnotes":""},"categories":[3],"tags":[],"class_list":["post-5249","post","type-post","status-publish","format-standard","has-post-thumbnail","hentry","category-politique"],"yoast_head":"<!-- This site is optimized with the Yoast SEO plugin v27.5 - https:\/\/yoast.com\/product\/yoast-seo-wordpress\/ -->\n<title>Gestion de la CNSS:Jean-Simon Mfuti victime de la bataille UNC-AFDC-A ? - Infos Droits Humains<\/title>\n<meta name=\"robots\" content=\"index, follow, max-snippet:-1, max-image-preview:large, max-video-preview:-1\" \/>\n<link rel=\"canonical\" href=\"https:\/\/infos-droitshumains.net\/?p=5249\" \/>\n<meta property=\"og:locale\" content=\"fr_FR\" \/>\n<meta property=\"og:type\" content=\"article\" \/>\n<meta property=\"og:title\" content=\"Gestion de la CNSS:Jean-Simon Mfuti victime de la bataille UNC-AFDC-A ? - Infos Droits Humains\" \/>\n<meta property=\"og:description\" content=\"R\u00e9daction :+243817406088 Contrairement \u00e0 ce qui a \u00e9t\u00e9 publi\u00e9 par certains m\u00e9dias en ligne, le...\" \/>\n<meta property=\"og:url\" content=\"https:\/\/infos-droitshumains.net\/?p=5249\" \/>\n<meta property=\"og:site_name\" content=\"Infos Droits Humains\" \/>\n<meta property=\"article:published_time\" content=\"2022-10-14T12:44:53+00:00\" \/>\n<meta property=\"article:modified_time\" content=\"2022-10-14T12:52:55+00:00\" \/>\n<meta property=\"og:image\" content=\"https:\/\/i0.wp.com\/infos-droitshumains.net\/wp-content\/uploads\/2022\/10\/images-13_1.jpeg?fit=678%2C452&ssl=1\" \/>\n\t<meta property=\"og:image:width\" content=\"678\" \/>\n\t<meta property=\"og:image:height\" content=\"452\" \/>\n\t<meta property=\"og:image:type\" content=\"image\/jpeg\" \/>\n<meta name=\"author\" content=\"Jo\u00ebl Diawa\" \/>\n<meta name=\"twitter:card\" content=\"summary_large_image\" \/>\n<meta name=\"twitter:label1\" content=\"\u00c9crit par\" \/>\n\t<meta name=\"twitter:data1\" content=\"Jo\u00ebl Diawa\" \/>\n\t<meta name=\"twitter:label2\" content=\"Dur\u00e9e de lecture estim\u00e9e\" \/>\n\t<meta name=\"twitter:data2\" content=\"2 minutes\" \/>\n<script type=\"application\/ld+json\" class=\"yoast-schema-graph\">{\"@context\":\"https:\\\/\\\/schema.org\",\"@graph\":[{\"@type\":\"Article\",\"@id\":\"https:\\\/\\\/infos-droitshumains.net\\\/?p=5249#article\",\"isPartOf\":{\"@id\":\"https:\\\/\\\/infos-droitshumains.net\\\/?p=5249\"},\"author\":{\"name\":\"Jo\u00ebl Diawa\",\"@id\":\"https:\\\/\\\/infos-droitshumains.net\\\/#\\\/schema\\\/person\\\/3dc5e921c3302172e0ed4362f96faab7\"},\"headline\":\"Gestion de la CNSS:Jean-Simon Mfuti victime de la bataille UNC-AFDC-A ?\",\"datePublished\":\"2022-10-14T12:44:53+00:00\",\"dateModified\":\"2022-10-14T12:52:55+00:00\",\"mainEntityOfPage\":{\"@id\":\"https:\\\/\\\/infos-droitshumains.net\\\/?p=5249\"},\"wordCount\":383,\"commentCount\":0,\"publisher\":{\"@id\":\"https:\\\/\\\/infos-droitshumains.net\\\/#organization\"},\"image\":{\"@id\":\"https:\\\/\\\/infos-droitshumains.net\\\/?p=5249#primaryimage\"},\"thumbnailUrl\":\"https:\\\/\\\/i0.wp.com\\\/infos-droitshumains.net\\\/wp-content\\\/uploads\\\/2022\\\/10\\\/images-13_1.jpeg?fit=678%2C452&ssl=1\",\"articleSection\":[\"Politique\"],\"inLanguage\":\"fr-FR\",\"potentialAction\":[{\"@type\":\"CommentAction\",\"name\":\"Comment\",\"target\":[\"https:\\\/\\\/infos-droitshumains.net\\\/?p=5249#respond\"]}]},{\"@type\":\"WebPage\",\"@id\":\"https:\\\/\\\/infos-droitshumains.net\\\/?p=5249\",\"url\":\"https:\\\/\\\/infos-droitshumains.net\\\/?p=5249\",\"name\":\"Gestion de la CNSS:Jean-Simon Mfuti victime de la bataille UNC-AFDC-A ? - Infos Droits Humains\",\"isPartOf\":{\"@id\":\"https:\\\/\\\/infos-droitshumains.net\\\/#website\"},\"primaryImageOfPage\":{\"@id\":\"https:\\\/\\\/infos-droitshumains.net\\\/?p=5249#primaryimage\"},\"image\":{\"@id\":\"https:\\\/\\\/infos-droitshumains.net\\\/?p=5249#primaryimage\"},\"thumbnailUrl\":\"https:\\\/\\\/i0.wp.com\\\/infos-droitshumains.net\\\/wp-content\\\/uploads\\\/2022\\\/10\\\/images-13_1.jpeg?fit=678%2C452&ssl=1\",\"datePublished\":\"2022-10-14T12:44:53+00:00\",\"dateModified\":\"2022-10-14T12:52:55+00:00\",\"breadcrumb\":{\"@id\":\"https:\\\/\\\/infos-droitshumains.net\\\/?p=5249#breadcrumb\"},\"inLanguage\":\"fr-FR\",\"potentialAction\":[{\"@type\":\"ReadAction\",\"target\":[\"https:\\\/\\\/infos-droitshumains.net\\\/?p=5249\"]}]},{\"@type\":\"ImageObject\",\"inLanguage\":\"fr-FR\",\"@id\":\"https:\\\/\\\/infos-droitshumains.net\\\/?p=5249#primaryimage\",\"url\":\"https:\\\/\\\/i0.wp.com\\\/infos-droitshumains.net\\\/wp-content\\\/uploads\\\/2022\\\/10\\\/images-13_1.jpeg?fit=678%2C452&ssl=1\",\"contentUrl\":\"https:\\\/\\\/i0.wp.com\\\/infos-droitshumains.net\\\/wp-content\\\/uploads\\\/2022\\\/10\\\/images-13_1.jpeg?fit=678%2C452&ssl=1\",\"width\":678,\"height\":452},{\"@type\":\"BreadcrumbList\",\"@id\":\"https:\\\/\\\/infos-droitshumains.net\\\/?p=5249#breadcrumb\",\"itemListElement\":[{\"@type\":\"ListItem\",\"position\":1,\"name\":\"Accueil\",\"item\":\"https:\\\/\\\/infos-droitshumains.net\\\/\"},{\"@type\":\"ListItem\",\"position\":2,\"name\":\"Gestion de la CNSS:Jean-Simon Mfuti victime de la bataille UNC-AFDC-A ?\"}]},{\"@type\":\"WebSite\",\"@id\":\"https:\\\/\\\/infos-droitshumains.net\\\/#website\",\"url\":\"https:\\\/\\\/infos-droitshumains.net\\\/\",\"name\":\"Infos Droits Humains\",\"description\":\"S&#039;informer est un droit\",\"publisher\":{\"@id\":\"https:\\\/\\\/infos-droitshumains.net\\\/#organization\"},\"potentialAction\":[{\"@type\":\"SearchAction\",\"target\":{\"@type\":\"EntryPoint\",\"urlTemplate\":\"https:\\\/\\\/infos-droitshumains.net\\\/?s={search_term_string}\"},\"query-input\":{\"@type\":\"PropertyValueSpecification\",\"valueRequired\":true,\"valueName\":\"search_term_string\"}}],\"inLanguage\":\"fr-FR\"},{\"@type\":\"Organization\",\"@id\":\"https:\\\/\\\/infos-droitshumains.net\\\/#organization\",\"name\":\"Infos Droits Humains\",\"url\":\"https:\\\/\\\/infos-droitshumains.net\\\/\",\"logo\":{\"@type\":\"ImageObject\",\"inLanguage\":\"fr-FR\",\"@id\":\"https:\\\/\\\/infos-droitshumains.net\\\/#\\\/schema\\\/logo\\\/image\\\/\",\"url\":\"https:\\\/\\\/i0.wp.com\\\/infos-droitshumains.net\\\/wp-content\\\/uploads\\\/2022\\\/05\\\/Logo.png?fit=333%2C129&ssl=1\",\"contentUrl\":\"https:\\\/\\\/i0.wp.com\\\/infos-droitshumains.net\\\/wp-content\\\/uploads\\\/2022\\\/05\\\/Logo.png?fit=333%2C129&ssl=1\",\"width\":333,\"height\":129,\"caption\":\"Infos Droits Humains\"},\"image\":{\"@id\":\"https:\\\/\\\/infos-droitshumains.net\\\/#\\\/schema\\\/logo\\\/image\\\/\"}},{\"@type\":\"Person\",\"@id\":\"https:\\\/\\\/infos-droitshumains.net\\\/#\\\/schema\\\/person\\\/3dc5e921c3302172e0ed4362f96faab7\",\"name\":\"Jo\u00ebl Diawa\",\"image\":{\"@type\":\"ImageObject\",\"inLanguage\":\"fr-FR\",\"@id\":\"https:\\\/\\\/secure.gravatar.com\\\/avatar\\\/729bea6ff4604c624417803c477363be8e3c7186deaa65713313f9b4b820f41c?s=96&d=mm&r=g\",\"url\":\"https:\\\/\\\/secure.gravatar.com\\\/avatar\\\/729bea6ff4604c624417803c477363be8e3c7186deaa65713313f9b4b820f41c?s=96&d=mm&r=g\",\"contentUrl\":\"https:\\\/\\\/secure.gravatar.com\\\/avatar\\\/729bea6ff4604c624417803c477363be8e3c7186deaa65713313f9b4b820f41c?s=96&d=mm&r=g\",\"caption\":\"Jo\u00ebl Diawa\"},\"sameAs\":[\"https:\\\/\\\/www.infos-droitshumains.net\"],\"url\":\"https:\\\/\\\/infos-droitshumains.net\\\/?author=2\"}]}<\/script>\n<!-- \/ Yoast SEO plugin. -->","yoast_head_json":{"title":"Gestion de la CNSS:Jean-Simon Mfuti victime de la bataille UNC-AFDC-A ? - Infos Droits Humains","robots":{"index":"index","follow":"follow","max-snippet":"max-snippet:-1","max-image-preview":"max-image-preview:large","max-video-preview":"max-video-preview:-1"},"canonical":"https:\/\/infos-droitshumains.net\/?p=5249","og_locale":"fr_FR","og_type":"article","og_title":"Gestion de la CNSS:Jean-Simon Mfuti victime de la bataille UNC-AFDC-A ? - Infos Droits Humains","og_description":"R\u00e9daction :+243817406088 Contrairement \u00e0 ce qui a \u00e9t\u00e9 publi\u00e9 par certains m\u00e9dias en ligne, le...","og_url":"https:\/\/infos-droitshumains.net\/?p=5249","og_site_name":"Infos Droits Humains","article_published_time":"2022-10-14T12:44:53+00:00","article_modified_time":"2022-10-14T12:52:55+00:00","og_image":[{"width":678,"height":452,"url":"https:\/\/i0.wp.com\/infos-droitshumains.net\/wp-content\/uploads\/2022\/10\/images-13_1.jpeg?fit=678%2C452&ssl=1","type":"image\/jpeg"}],"author":"Jo\u00ebl Diawa","twitter_card":"summary_large_image","twitter_misc":{"\u00c9crit par":"Jo\u00ebl Diawa","Dur\u00e9e de lecture estim\u00e9e":"2 minutes"},"schema":{"@context":"https:\/\/schema.org","@graph":[{"@type":"Article","@id":"https:\/\/infos-droitshumains.net\/?p=5249#article","isPartOf":{"@id":"https:\/\/infos-droitshumains.net\/?p=5249"},"author":{"name":"Jo\u00ebl Diawa","@id":"https:\/\/infos-droitshumains.net\/#\/schema\/person\/3dc5e921c3302172e0ed4362f96faab7"},"headline":"Gestion de la CNSS:Jean-Simon Mfuti victime de la bataille UNC-AFDC-A ?","datePublished":"2022-10-14T12:44:53+00:00","dateModified":"2022-10-14T12:52:55+00:00","mainEntityOfPage":{"@id":"https:\/\/infos-droitshumains.net\/?p=5249"},"wordCount":383,"commentCount":0,"publisher":{"@id":"https:\/\/infos-droitshumains.net\/#organization"},"image":{"@id":"https:\/\/infos-droitshumains.net\/?p=5249#primaryimage"},"thumbnailUrl":"https:\/\/i0.wp.com\/infos-droitshumains.net\/wp-content\/uploads\/2022\/10\/images-13_1.jpeg?fit=678%2C452&ssl=1","articleSection":["Politique"],"inLanguage":"fr-FR","potentialAction":[{"@type":"CommentAction","name":"Comment","target":["https:\/\/infos-droitshumains.net\/?p=5249#respond"]}]},{"@type":"WebPage","@id":"https:\/\/infos-droitshumains.net\/?p=5249","url":"https:\/\/infos-droitshumains.net\/?p=5249","name":"Gestion de la CNSS:Jean-Simon Mfuti victime de la bataille UNC-AFDC-A ? - Infos Droits Humains","isPartOf":{"@id":"https:\/\/infos-droitshumains.net\/#website"},"primaryImageOfPage":{"@id":"https:\/\/infos-droitshumains.net\/?p=5249#primaryimage"},"image":{"@id":"https:\/\/infos-droitshumains.net\/?p=5249#primaryimage"},"thumbnailUrl":"https:\/\/i0.wp.com\/infos-droitshumains.net\/wp-content\/uploads\/2022\/10\/images-13_1.jpeg?fit=678%2C452&ssl=1","datePublished":"2022-10-14T12:44:53+00:00","dateModified":"2022-10-14T12:52:55+00:00","breadcrumb":{"@id":"https:\/\/infos-droitshumains.net\/?p=5249#breadcrumb"},"inLanguage":"fr-FR","potentialAction":[{"@type":"ReadAction","target":["https:\/\/infos-droitshumains.net\/?p=5249"]}]},{"@type":"ImageObject","inLanguage":"fr-FR","@id":"https:\/\/infos-droitshumains.net\/?p=5249#primaryimage","url":"https:\/\/i0.wp.com\/infos-droitshumains.net\/wp-content\/uploads\/2022\/10\/images-13_1.jpeg?fit=678%2C452&ssl=1","contentUrl":"https:\/\/i0.wp.com\/infos-droitshumains.net\/wp-content\/uploads\/2022\/10\/images-13_1.jpeg?fit=678%2C452&ssl=1","width":678,"height":452},{"@type":"BreadcrumbList","@id":"https:\/\/infos-droitshumains.net\/?p=5249#breadcrumb","itemListElement":[{"@type":"ListItem","position":1,"name":"Accueil","item":"https:\/\/infos-droitshumains.net\/"},{"@type":"ListItem","position":2,"name":"Gestion de la CNSS:Jean-Simon Mfuti victime de la bataille UNC-AFDC-A ?"}]},{"@type":"WebSite","@id":"https:\/\/infos-droitshumains.net\/#website","url":"https:\/\/infos-droitshumains.net\/","name":"Infos Droits Humains","description":"S&#039;informer est un droit","publisher":{"@id":"https:\/\/infos-droitshumains.net\/#organization"},"potentialAction":[{"@type":"SearchAction","target":{"@type":"EntryPoint","urlTemplate":"https:\/\/infos-droitshumains.net\/?s={search_term_string}"},"query-input":{"@type":"PropertyValueSpecification","valueRequired":true,"valueName":"search_term_string"}}],"inLanguage":"fr-FR"},{"@type":"Organization","@id":"https:\/\/infos-droitshumains.net\/#organization","name":"Infos Droits Humains","url":"https:\/\/infos-droitshumains.net\/","logo":{"@type":"ImageObject","inLanguage":"fr-FR","@id":"https:\/\/infos-droitshumains.net\/#\/schema\/logo\/image\/","url":"https:\/\/i0.wp.com\/infos-droitshumains.net\/wp-content\/uploads\/2022\/05\/Logo.png?fit=333%2C129&ssl=1","contentUrl":"https:\/\/i0.wp.com\/infos-droitshumains.net\/wp-content\/uploads\/2022\/05\/Logo.png?fit=333%2C129&ssl=1","width":333,"height":129,"caption":"Infos Droits Humains"},"image":{"@id":"https:\/\/infos-droitshumains.net\/#\/schema\/logo\/image\/"}},{"@type":"Person","@id":"https:\/\/infos-droitshumains.net\/#\/schema\/person\/3dc5e921c3302172e0ed4362f96faab7","name":"Jo\u00ebl Diawa","image":{"@type":"ImageObject","inLanguage":"fr-FR","@id":"https:\/\/secure.gravatar.com\/avatar\/729bea6ff4604c624417803c477363be8e3c7186deaa65713313f9b4b820f41c?s=96&d=mm&r=g","url":"https:\/\/secure.gravatar.com\/avatar\/729bea6ff4604c624417803c477363be8e3c7186deaa65713313f9b4b820f41c?s=96&d=mm&r=g","contentUrl":"https:\/\/secure.gravatar.com\/avatar\/729bea6ff4604c624417803c477363be8e3c7186deaa65713313f9b4b820f41c?s=96&d=mm&r=g","caption":"Jo\u00ebl Diawa"},"sameAs":["https:\/\/www.infos-droitshumains.net"],"url":"https:\/\/infos-droitshumains.net\/?author=2"}]}},"featured_image_urls":{"full":["https:\/\/i0.wp.com\/infos-droitshumains.net\/wp-content\/uploads\/2022\/10\/images-13_1.jpeg?fit=678%2C452&ssl=1",678,452,false],"thumbnail":["https:\/\/i0.wp.com\/infos-droitshumains.net\/wp-content\/uploads\/2022\/10\/images-13_1.jpeg?resize=150%2C150&ssl=1",150,150,true],"medium":["https:\/\/i0.wp.com\/infos-droitshumains.net\/wp-content\/uploads\/2022\/10\/images-13_1.jpeg?fit=300%2C200&ssl=1",300,200,true],"medium_large":["https:\/\/i0.wp.com\/infos-droitshumains.net\/wp-content\/uploads\/2022\/10\/images-13_1.jpeg?fit=640%2C427&ssl=1",640,427,true],"large":["https:\/\/i0.wp.com\/infos-droitshumains.net\/wp-content\/uploads\/2022\/10\/images-13_1.jpeg?fit=640%2C427&ssl=1",640,427,true],"1536x1536":["https:\/\/i0.wp.com\/infos-droitshumains.net\/wp-content\/uploads\/2022\/10\/images-13_1.jpeg?fit=678%2C452&ssl=1",678,452,true],"2048x2048":["https:\/\/i0.wp.com\/infos-droitshumains.net\/wp-content\/uploads\/2022\/10\/images-13_1.jpeg?fit=678%2C452&ssl=1",678,452,true],"covernews-slider-full":["https:\/\/i0.wp.com\/infos-droitshumains.net\/wp-content\/uploads\/2022\/10\/images-13_1.jpeg?resize=678%2C452&ssl=1",678,452,true],"covernews-slider-center":["https:\/\/i0.wp.com\/infos-droitshumains.net\/wp-content\/uploads\/2022\/10\/images-13_1.jpeg?resize=678%2C452&ssl=1",678,452,true],"covernews-featured":["https:\/\/i0.wp.com\/infos-droitshumains.net\/wp-content\/uploads\/2022\/10\/images-13_1.jpeg?fit=678%2C452&ssl=1",678,452,true],"covernews-medium":["https:\/\/i0.wp.com\/infos-droitshumains.net\/wp-content\/uploads\/2022\/10\/images-13_1.jpeg?resize=540%2C340&ssl=1",540,340,true],"covernews-medium-square":["https:\/\/i0.wp.com\/infos-droitshumains.net\/wp-content\/uploads\/2022\/10\/images-13_1.jpeg?resize=400%2C250&ssl=1",400,250,true]},"author_info":{"display_name":"Jo\u00ebl Diawa","author_link":"https:\/\/infos-droitshumains.net\/?author=2"},"category_info":"<a href=\"https:\/\/infos-droitshumains.net\/?cat=3\" rel=\"category\">Politique<\/a>","tag_info":"Politique","comment_count":"0","jetpack_featured_media_url":"https:\/\/i0.wp.com\/infos-droitshumains.net\/wp-content\/uploads\/2022\/10\/images-13_1.jpeg?fit=678%2C452&ssl=1","jetpack-related-posts":[],"jetpack_sharing_enabled":true,"_links":{"self":[{"href":"https:\/\/infos-droitshumains.net\/index.php?rest_route=\/wp\/v2\/posts\/5249","targetHints":{"allow":["GET"]}}],"collection":[{"href":"https:\/\/infos-droitshumains.net\/index.php?rest_route=\/wp\/v2\/posts"}],"about":[{"href":"https:\/\/infos-droitshumains.net\/index.php?rest_route=\/wp\/v2\/types\/post"}],"author":[{"embeddable":true,"href":"https:\/\/infos-droitshumains.net\/index.php?rest_route=\/wp\/v2\/users\/2"}],"replies":[{"embeddable":true,"href":"https:\/\/infos-droitshumains.net\/index.php?rest_route=%2Fwp%2Fv2%2Fcomments&post=5249"}],"version-history":[{"count":3,"href":"https:\/\/infos-droitshumains.net\/index.php?rest_route=\/wp\/v2\/posts\/5249\/revisions"}],"predecessor-version":[{"id":5253,"href":"https:\/\/infos-droitshumains.net\/index.php?rest_route=\/wp\/v2\/posts\/5249\/revisions\/5253"}],"wp:featuredmedia":[{"embeddable":true,"href":"https:\/\/infos-droitshumains.net\/index.php?rest_route=\/wp\/v2\/media\/5252"}],"wp:attachment":[{"href":"https:\/\/infos-droitshumains.net\/index.php?rest_route=%2Fwp%2Fv2%2Fmedia&parent=5249"}],"wp:term":[{"taxonomy":"category","embeddable":true,"href":"https:\/\/infos-droitshumains.net\/index.php?rest_route=%2Fwp%2Fv2%2Fcategories&post=5249"},{"taxonomy":"post_tag","embeddable":true,"href":"https:\/\/infos-droitshumains.net\/index.php?rest_route=%2Fwp%2Fv2%2Ftags&post=5249"}],"curies":[{"name":"wp","href":"https:\/\/api.w.org\/{rel}","templated":true}]}}