{"id":5243,"date":"2022-10-13T12:01:26","date_gmt":"2022-10-13T10:01:26","guid":{"rendered":"https:\/\/infos-droitshumains.net\/?p=5243"},"modified":"2022-10-13T12:27:47","modified_gmt":"2022-10-13T10:27:47","slug":"rdca-cause-de-sa-loyaute-et-sa-fidelite-envers-moise-katumbi-le-ministre-cherubin-okende-risque-detre-destitue","status":"publish","type":"post","link":"https:\/\/infos-droitshumains.net\/?p=5243","title":{"rendered":"RDC:A cause de sa loyaut\u00e9 et sa fid\u00e9lit\u00e9 envers Mo\u00efse Katumbi, le ministre Ch\u00e9rubin Okende risque d\u2019\u00eatre destitu\u00e9."},"content":{"rendered":"\n<p><strong>R\u00e9daction :+243817406088<\/strong><\/p>\n\n\n\n<p>Les jours passent, la situation au sein de l\u2019Union Sacr\u00e9e va de mal en pire. Une grosse fissure est en train de se dessiner entre d\u2019un c\u00f4t\u00e9, les pros Katumbi et de l\u2019autre, les pros Tshisekedi.<\/p>\n\n\n\n<p>Une dichotomie voir un d\u00e9samour n\u00e9 depuis Gen\u00e8ve, mais exhum\u00e9 depuis que le pr\u00e9sident de Ensemble pour la R\u00e9publique a d\u00e9cid\u00e9 de se porter candidat pour la pr\u00e9sidentielle de 2023, alors que l\u2019Union Sacr\u00e9e a fait de F\u00e9lix Tshisekedi son candidat naturel. Depuis, la guerre des tranch\u00e9es a \u00e9t\u00e9 d\u00e9clench\u00e9e.<\/p>\n\n\n\n<p>Challenger redoutable pour 2023, l\u2019Union Sacr\u00e9e veut utiliser le d\u00e9bauchage comme arme dissuasive contre Katumbi. Au sein de l\u2019Assembl\u00e9e Nationale, l\u2019on parle d\u2019une soixantaine des d\u00e9put\u00e9s qui auraient tourn\u00e9 le dos \u00e0 Katumbi pour faire all\u00e9geance \u00e0 F\u00e9lix Tshisekedi. Du c\u00f4t\u00e9 gouvernement, Mohindo Nzangi, ministre de l\u2019enseignement sup\u00e9rieur, consid\u00e9r\u00e9 comme l\u2019un des fid\u00e8les de l\u2019ancien gouverneur du Katanga s\u2019est, depuis quelques temps, \u00e9loign\u00e9 du chairman pour cr\u00e9er son propre parti politique. D\u2019autres ministres du gouvernement Sama Lukonde comme Christophe Lutundula des affaires fonci\u00e8res ou encore Christian Mwando du plan ont jusque-l\u00e0 des positions tr\u00e8s ambigu\u00ebs.<\/p>\n\n\n\n<p>Mais ce sont plut\u00f4t ceux qui ont jur\u00e9 fid\u00e9lit\u00e9 et loyaut\u00e9 \u00e0 Mo\u00efse Katumbi qui risquent d\u2019\u00eatre \u00e9ject\u00e9s. Ch\u00e9rubin Okende en est un exemple typique. Le ministre des transports voies de communication et d\u00e9senclavement est vis\u00e9 depuis ce mercredi 12 octobre par une motion de d\u00e9fiance \u00e0 l\u2019Assembl\u00e9e Nationale.<\/p>\n\n\n\n<p>Le d\u00e9put\u00e9 Anicet Babanga, auteur de cette motion motive sa d\u00e9cision par <em><strong>\u00abl\u2019incomp\u00e9tence, l\u2019amateurisme, le manque de vision et l\u2019intrusion dans la gestion des entreprises sous sa tutelle \u00bb<\/strong><\/em> qui caract\u00e9riserait Ch\u00e9rubin Okende.<\/p>\n\n\n\n<p><em>\u00ab L\u2019Union Sacr\u00e9e sur les traces du FCC de Kabila en mati\u00e8re de pression et de d\u00e9bauchage. Ch\u00e9rubin Okende a pay\u00e9 le frais de sa loyaut\u00e9 envers son parti politique et son leader Katumbi \u00bb,<\/em> a laiss\u00e9 entendre un proche du ministre vis\u00e9.<\/p>\n\n\n\n<p><em>\u00ab La motion est orchestr\u00e9e par ceux qui veulent que nous puissions quitter Katumbi \u00bb<\/em>, a poursuivi la m\u00eame source.<\/p>\n\n\n\n<p>Ch\u00e9rubin Okende va-t-il trahir Mo\u00efse Katumbi pour garder son fauteuil au sein du gouvernement des Warriors ? Rien ne semble \u00e9vident jusque l\u00e0. Mais en attendant que l\u2019Assembl\u00e9e Nationale ne traite cette question, Ch\u00e9rubin Okende reste serein et visiblement in\u00e9branlable. Mais une chose est vraie, les jours avenirs seront tr\u00e8s agit\u00e9s. Affaire \u00e0 suivre\u2026<\/p>\n\n\n\n<p>Jo\u00ebl Diawa<\/p>\n","protected":false},"excerpt":{"rendered":"<p>R\u00e9daction :+243817406088 Les jours passent, la situation au sein de l\u2019Union Sacr\u00e9e va de mal&#8230;<\/p>\n","protected":false},"author":2,"featured_media":5247,"comment_status":"open","ping_status":"open","sticky":false,"template":"","format":"standard","meta":{"_jetpack_memberships_contains_paid_content":false,"footnotes":""},"categories":[3],"tags":[],"class_list":["post-5243","post","type-post","status-publish","format-standard","has-post-thumbnail","hentry","category-politique"],"yoast_head":"<!-- This site is optimized with the Yoast SEO plugin v27.5 - https:\/\/yoast.com\/product\/yoast-seo-wordpress\/ -->\n<title>RDC:A cause de sa loyaut\u00e9 et sa fid\u00e9lit\u00e9 envers Mo\u00efse Katumbi, le ministre Ch\u00e9rubin Okende risque d\u2019\u00eatre destitu\u00e9. - Infos Droits Humains<\/title>\n<meta name=\"robots\" content=\"index, follow, max-snippet:-1, max-image-preview:large, max-video-preview:-1\" \/>\n<link rel=\"canonical\" href=\"https:\/\/infos-droitshumains.net\/?p=5243\" \/>\n<meta property=\"og:locale\" content=\"fr_FR\" \/>\n<meta property=\"og:type\" content=\"article\" \/>\n<meta property=\"og:title\" content=\"RDC:A cause de sa loyaut\u00e9 et sa fid\u00e9lit\u00e9 envers Mo\u00efse Katumbi, le ministre Ch\u00e9rubin Okende risque d\u2019\u00eatre destitu\u00e9. - Infos Droits Humains\" \/>\n<meta property=\"og:description\" content=\"R\u00e9daction :+243817406088 Les jours passent, la situation au sein de l\u2019Union Sacr\u00e9e va de mal...\" \/>\n<meta property=\"og:url\" content=\"https:\/\/infos-droitshumains.net\/?p=5243\" \/>\n<meta property=\"og:site_name\" content=\"Infos Droits Humains\" \/>\n<meta property=\"article:published_time\" content=\"2022-10-13T10:01:26+00:00\" \/>\n<meta property=\"article:modified_time\" content=\"2022-10-13T10:27:47+00:00\" \/>\n<meta property=\"og:image\" content=\"https:\/\/i0.wp.com\/infos-droitshumains.net\/wp-content\/uploads\/2022\/10\/1665655906870_1.jpg?fit=720%2C432&ssl=1\" \/>\n\t<meta property=\"og:image:width\" content=\"720\" \/>\n\t<meta property=\"og:image:height\" content=\"432\" \/>\n\t<meta property=\"og:image:type\" content=\"image\/jpeg\" \/>\n<meta name=\"author\" content=\"Jo\u00ebl Diawa\" \/>\n<meta name=\"twitter:card\" content=\"summary_large_image\" \/>\n<meta name=\"twitter:label1\" content=\"\u00c9crit par\" \/>\n\t<meta name=\"twitter:data1\" content=\"Jo\u00ebl Diawa\" \/>\n\t<meta name=\"twitter:label2\" content=\"Dur\u00e9e de lecture estim\u00e9e\" \/>\n\t<meta name=\"twitter:data2\" content=\"2 minutes\" \/>\n<script type=\"application\/ld+json\" class=\"yoast-schema-graph\">{\"@context\":\"https:\\\/\\\/schema.org\",\"@graph\":[{\"@type\":\"Article\",\"@id\":\"https:\\\/\\\/infos-droitshumains.net\\\/?p=5243#article\",\"isPartOf\":{\"@id\":\"https:\\\/\\\/infos-droitshumains.net\\\/?p=5243\"},\"author\":{\"name\":\"Jo\u00ebl Diawa\",\"@id\":\"https:\\\/\\\/infos-droitshumains.net\\\/#\\\/schema\\\/person\\\/3dc5e921c3302172e0ed4362f96faab7\"},\"headline\":\"RDC:A cause de sa loyaut\u00e9 et sa fid\u00e9lit\u00e9 envers Mo\u00efse Katumbi, le ministre Ch\u00e9rubin Okende risque d\u2019\u00eatre destitu\u00e9.\",\"datePublished\":\"2022-10-13T10:01:26+00:00\",\"dateModified\":\"2022-10-13T10:27:47+00:00\",\"mainEntityOfPage\":{\"@id\":\"https:\\\/\\\/infos-droitshumains.net\\\/?p=5243\"},\"wordCount\":468,\"commentCount\":0,\"publisher\":{\"@id\":\"https:\\\/\\\/infos-droitshumains.net\\\/#organization\"},\"image\":{\"@id\":\"https:\\\/\\\/infos-droitshumains.net\\\/?p=5243#primaryimage\"},\"thumbnailUrl\":\"https:\\\/\\\/i0.wp.com\\\/infos-droitshumains.net\\\/wp-content\\\/uploads\\\/2022\\\/10\\\/1665655906870_1.jpg?fit=720%2C432&ssl=1\",\"articleSection\":[\"Politique\"],\"inLanguage\":\"fr-FR\",\"potentialAction\":[{\"@type\":\"CommentAction\",\"name\":\"Comment\",\"target\":[\"https:\\\/\\\/infos-droitshumains.net\\\/?p=5243#respond\"]}]},{\"@type\":\"WebPage\",\"@id\":\"https:\\\/\\\/infos-droitshumains.net\\\/?p=5243\",\"url\":\"https:\\\/\\\/infos-droitshumains.net\\\/?p=5243\",\"name\":\"RDC:A cause de sa loyaut\u00e9 et sa fid\u00e9lit\u00e9 envers Mo\u00efse Katumbi, le ministre Ch\u00e9rubin Okende risque d\u2019\u00eatre destitu\u00e9. - Infos Droits Humains\",\"isPartOf\":{\"@id\":\"https:\\\/\\\/infos-droitshumains.net\\\/#website\"},\"primaryImageOfPage\":{\"@id\":\"https:\\\/\\\/infos-droitshumains.net\\\/?p=5243#primaryimage\"},\"image\":{\"@id\":\"https:\\\/\\\/infos-droitshumains.net\\\/?p=5243#primaryimage\"},\"thumbnailUrl\":\"https:\\\/\\\/i0.wp.com\\\/infos-droitshumains.net\\\/wp-content\\\/uploads\\\/2022\\\/10\\\/1665655906870_1.jpg?fit=720%2C432&ssl=1\",\"datePublished\":\"2022-10-13T10:01:26+00:00\",\"dateModified\":\"2022-10-13T10:27:47+00:00\",\"breadcrumb\":{\"@id\":\"https:\\\/\\\/infos-droitshumains.net\\\/?p=5243#breadcrumb\"},\"inLanguage\":\"fr-FR\",\"potentialAction\":[{\"@type\":\"ReadAction\",\"target\":[\"https:\\\/\\\/infos-droitshumains.net\\\/?p=5243\"]}]},{\"@type\":\"ImageObject\",\"inLanguage\":\"fr-FR\",\"@id\":\"https:\\\/\\\/infos-droitshumains.net\\\/?p=5243#primaryimage\",\"url\":\"https:\\\/\\\/i0.wp.com\\\/infos-droitshumains.net\\\/wp-content\\\/uploads\\\/2022\\\/10\\\/1665655906870_1.jpg?fit=720%2C432&ssl=1\",\"contentUrl\":\"https:\\\/\\\/i0.wp.com\\\/infos-droitshumains.net\\\/wp-content\\\/uploads\\\/2022\\\/10\\\/1665655906870_1.jpg?fit=720%2C432&ssl=1\",\"width\":720,\"height\":432},{\"@type\":\"BreadcrumbList\",\"@id\":\"https:\\\/\\\/infos-droitshumains.net\\\/?p=5243#breadcrumb\",\"itemListElement\":[{\"@type\":\"ListItem\",\"position\":1,\"name\":\"Accueil\",\"item\":\"https:\\\/\\\/infos-droitshumains.net\\\/\"},{\"@type\":\"ListItem\",\"position\":2,\"name\":\"RDC:A cause de sa loyaut\u00e9 et sa fid\u00e9lit\u00e9 envers Mo\u00efse Katumbi, le ministre Ch\u00e9rubin Okende risque d\u2019\u00eatre destitu\u00e9.\"}]},{\"@type\":\"WebSite\",\"@id\":\"https:\\\/\\\/infos-droitshumains.net\\\/#website\",\"url\":\"https:\\\/\\\/infos-droitshumains.net\\\/\",\"name\":\"Infos Droits Humains\",\"description\":\"S&#039;informer est un droit\",\"publisher\":{\"@id\":\"https:\\\/\\\/infos-droitshumains.net\\\/#organization\"},\"potentialAction\":[{\"@type\":\"SearchAction\",\"target\":{\"@type\":\"EntryPoint\",\"urlTemplate\":\"https:\\\/\\\/infos-droitshumains.net\\\/?s={search_term_string}\"},\"query-input\":{\"@type\":\"PropertyValueSpecification\",\"valueRequired\":true,\"valueName\":\"search_term_string\"}}],\"inLanguage\":\"fr-FR\"},{\"@type\":\"Organization\",\"@id\":\"https:\\\/\\\/infos-droitshumains.net\\\/#organization\",\"name\":\"Infos Droits Humains\",\"url\":\"https:\\\/\\\/infos-droitshumains.net\\\/\",\"logo\":{\"@type\":\"ImageObject\",\"inLanguage\":\"fr-FR\",\"@id\":\"https:\\\/\\\/infos-droitshumains.net\\\/#\\\/schema\\\/logo\\\/image\\\/\",\"url\":\"https:\\\/\\\/i0.wp.com\\\/infos-droitshumains.net\\\/wp-content\\\/uploads\\\/2022\\\/05\\\/Logo.png?fit=333%2C129&ssl=1\",\"contentUrl\":\"https:\\\/\\\/i0.wp.com\\\/infos-droitshumains.net\\\/wp-content\\\/uploads\\\/2022\\\/05\\\/Logo.png?fit=333%2C129&ssl=1\",\"width\":333,\"height\":129,\"caption\":\"Infos Droits Humains\"},\"image\":{\"@id\":\"https:\\\/\\\/infos-droitshumains.net\\\/#\\\/schema\\\/logo\\\/image\\\/\"}},{\"@type\":\"Person\",\"@id\":\"https:\\\/\\\/infos-droitshumains.net\\\/#\\\/schema\\\/person\\\/3dc5e921c3302172e0ed4362f96faab7\",\"name\":\"Jo\u00ebl Diawa\",\"image\":{\"@type\":\"ImageObject\",\"inLanguage\":\"fr-FR\",\"@id\":\"https:\\\/\\\/secure.gravatar.com\\\/avatar\\\/729bea6ff4604c624417803c477363be8e3c7186deaa65713313f9b4b820f41c?s=96&d=mm&r=g\",\"url\":\"https:\\\/\\\/secure.gravatar.com\\\/avatar\\\/729bea6ff4604c624417803c477363be8e3c7186deaa65713313f9b4b820f41c?s=96&d=mm&r=g\",\"contentUrl\":\"https:\\\/\\\/secure.gravatar.com\\\/avatar\\\/729bea6ff4604c624417803c477363be8e3c7186deaa65713313f9b4b820f41c?s=96&d=mm&r=g\",\"caption\":\"Jo\u00ebl Diawa\"},\"sameAs\":[\"https:\\\/\\\/www.infos-droitshumains.net\"],\"url\":\"https:\\\/\\\/infos-droitshumains.net\\\/?author=2\"}]}<\/script>\n<!-- \/ Yoast SEO plugin. -->","yoast_head_json":{"title":"RDC:A cause de sa loyaut\u00e9 et sa fid\u00e9lit\u00e9 envers Mo\u00efse Katumbi, le ministre Ch\u00e9rubin Okende risque d\u2019\u00eatre destitu\u00e9. - Infos Droits Humains","robots":{"index":"index","follow":"follow","max-snippet":"max-snippet:-1","max-image-preview":"max-image-preview:large","max-video-preview":"max-video-preview:-1"},"canonical":"https:\/\/infos-droitshumains.net\/?p=5243","og_locale":"fr_FR","og_type":"article","og_title":"RDC:A cause de sa loyaut\u00e9 et sa fid\u00e9lit\u00e9 envers Mo\u00efse Katumbi, le ministre Ch\u00e9rubin Okende risque d\u2019\u00eatre destitu\u00e9. - Infos Droits Humains","og_description":"R\u00e9daction :+243817406088 Les jours passent, la situation au sein de l\u2019Union Sacr\u00e9e va de mal...","og_url":"https:\/\/infos-droitshumains.net\/?p=5243","og_site_name":"Infos Droits Humains","article_published_time":"2022-10-13T10:01:26+00:00","article_modified_time":"2022-10-13T10:27:47+00:00","og_image":[{"width":720,"height":432,"url":"https:\/\/i0.wp.com\/infos-droitshumains.net\/wp-content\/uploads\/2022\/10\/1665655906870_1.jpg?fit=720%2C432&ssl=1","type":"image\/jpeg"}],"author":"Jo\u00ebl Diawa","twitter_card":"summary_large_image","twitter_misc":{"\u00c9crit par":"Jo\u00ebl Diawa","Dur\u00e9e de lecture estim\u00e9e":"2 minutes"},"schema":{"@context":"https:\/\/schema.org","@graph":[{"@type":"Article","@id":"https:\/\/infos-droitshumains.net\/?p=5243#article","isPartOf":{"@id":"https:\/\/infos-droitshumains.net\/?p=5243"},"author":{"name":"Jo\u00ebl Diawa","@id":"https:\/\/infos-droitshumains.net\/#\/schema\/person\/3dc5e921c3302172e0ed4362f96faab7"},"headline":"RDC:A cause de sa loyaut\u00e9 et sa fid\u00e9lit\u00e9 envers Mo\u00efse Katumbi, le ministre Ch\u00e9rubin Okende risque d\u2019\u00eatre destitu\u00e9.","datePublished":"2022-10-13T10:01:26+00:00","dateModified":"2022-10-13T10:27:47+00:00","mainEntityOfPage":{"@id":"https:\/\/infos-droitshumains.net\/?p=5243"},"wordCount":468,"commentCount":0,"publisher":{"@id":"https:\/\/infos-droitshumains.net\/#organization"},"image":{"@id":"https:\/\/infos-droitshumains.net\/?p=5243#primaryimage"},"thumbnailUrl":"https:\/\/i0.wp.com\/infos-droitshumains.net\/wp-content\/uploads\/2022\/10\/1665655906870_1.jpg?fit=720%2C432&ssl=1","articleSection":["Politique"],"inLanguage":"fr-FR","potentialAction":[{"@type":"CommentAction","name":"Comment","target":["https:\/\/infos-droitshumains.net\/?p=5243#respond"]}]},{"@type":"WebPage","@id":"https:\/\/infos-droitshumains.net\/?p=5243","url":"https:\/\/infos-droitshumains.net\/?p=5243","name":"RDC:A cause de sa loyaut\u00e9 et sa fid\u00e9lit\u00e9 envers Mo\u00efse Katumbi, le ministre Ch\u00e9rubin Okende risque d\u2019\u00eatre destitu\u00e9. - Infos Droits Humains","isPartOf":{"@id":"https:\/\/infos-droitshumains.net\/#website"},"primaryImageOfPage":{"@id":"https:\/\/infos-droitshumains.net\/?p=5243#primaryimage"},"image":{"@id":"https:\/\/infos-droitshumains.net\/?p=5243#primaryimage"},"thumbnailUrl":"https:\/\/i0.wp.com\/infos-droitshumains.net\/wp-content\/uploads\/2022\/10\/1665655906870_1.jpg?fit=720%2C432&ssl=1","datePublished":"2022-10-13T10:01:26+00:00","dateModified":"2022-10-13T10:27:47+00:00","breadcrumb":{"@id":"https:\/\/infos-droitshumains.net\/?p=5243#breadcrumb"},"inLanguage":"fr-FR","potentialAction":[{"@type":"ReadAction","target":["https:\/\/infos-droitshumains.net\/?p=5243"]}]},{"@type":"ImageObject","inLanguage":"fr-FR","@id":"https:\/\/infos-droitshumains.net\/?p=5243#primaryimage","url":"https:\/\/i0.wp.com\/infos-droitshumains.net\/wp-content\/uploads\/2022\/10\/1665655906870_1.jpg?fit=720%2C432&ssl=1","contentUrl":"https:\/\/i0.wp.com\/infos-droitshumains.net\/wp-content\/uploads\/2022\/10\/1665655906870_1.jpg?fit=720%2C432&ssl=1","width":720,"height":432},{"@type":"BreadcrumbList","@id":"https:\/\/infos-droitshumains.net\/?p=5243#breadcrumb","itemListElement":[{"@type":"ListItem","position":1,"name":"Accueil","item":"https:\/\/infos-droitshumains.net\/"},{"@type":"ListItem","position":2,"name":"RDC:A cause de sa loyaut\u00e9 et sa fid\u00e9lit\u00e9 envers Mo\u00efse Katumbi, le ministre Ch\u00e9rubin Okende risque d\u2019\u00eatre destitu\u00e9."}]},{"@type":"WebSite","@id":"https:\/\/infos-droitshumains.net\/#website","url":"https:\/\/infos-droitshumains.net\/","name":"Infos Droits Humains","description":"S&#039;informer est un droit","publisher":{"@id":"https:\/\/infos-droitshumains.net\/#organization"},"potentialAction":[{"@type":"SearchAction","target":{"@type":"EntryPoint","urlTemplate":"https:\/\/infos-droitshumains.net\/?s={search_term_string}"},"query-input":{"@type":"PropertyValueSpecification","valueRequired":true,"valueName":"search_term_string"}}],"inLanguage":"fr-FR"},{"@type":"Organization","@id":"https:\/\/infos-droitshumains.net\/#organization","name":"Infos Droits Humains","url":"https:\/\/infos-droitshumains.net\/","logo":{"@type":"ImageObject","inLanguage":"fr-FR","@id":"https:\/\/infos-droitshumains.net\/#\/schema\/logo\/image\/","url":"https:\/\/i0.wp.com\/infos-droitshumains.net\/wp-content\/uploads\/2022\/05\/Logo.png?fit=333%2C129&ssl=1","contentUrl":"https:\/\/i0.wp.com\/infos-droitshumains.net\/wp-content\/uploads\/2022\/05\/Logo.png?fit=333%2C129&ssl=1","width":333,"height":129,"caption":"Infos Droits Humains"},"image":{"@id":"https:\/\/infos-droitshumains.net\/#\/schema\/logo\/image\/"}},{"@type":"Person","@id":"https:\/\/infos-droitshumains.net\/#\/schema\/person\/3dc5e921c3302172e0ed4362f96faab7","name":"Jo\u00ebl Diawa","image":{"@type":"ImageObject","inLanguage":"fr-FR","@id":"https:\/\/secure.gravatar.com\/avatar\/729bea6ff4604c624417803c477363be8e3c7186deaa65713313f9b4b820f41c?s=96&d=mm&r=g","url":"https:\/\/secure.gravatar.com\/avatar\/729bea6ff4604c624417803c477363be8e3c7186deaa65713313f9b4b820f41c?s=96&d=mm&r=g","contentUrl":"https:\/\/secure.gravatar.com\/avatar\/729bea6ff4604c624417803c477363be8e3c7186deaa65713313f9b4b820f41c?s=96&d=mm&r=g","caption":"Jo\u00ebl Diawa"},"sameAs":["https:\/\/www.infos-droitshumains.net"],"url":"https:\/\/infos-droitshumains.net\/?author=2"}]}},"featured_image_urls":{"full":["https:\/\/i0.wp.com\/infos-droitshumains.net\/wp-content\/uploads\/2022\/10\/1665655906870_1.jpg?fit=720%2C432&ssl=1",720,432,false],"thumbnail":["https:\/\/i0.wp.com\/infos-droitshumains.net\/wp-content\/uploads\/2022\/10\/1665655906870_1.jpg?resize=150%2C150&ssl=1",150,150,true],"medium":["https:\/\/i0.wp.com\/infos-droitshumains.net\/wp-content\/uploads\/2022\/10\/1665655906870_1.jpg?fit=300%2C180&ssl=1",300,180,true],"medium_large":["https:\/\/i0.wp.com\/infos-droitshumains.net\/wp-content\/uploads\/2022\/10\/1665655906870_1.jpg?fit=640%2C384&ssl=1",640,384,true],"large":["https:\/\/i0.wp.com\/infos-droitshumains.net\/wp-content\/uploads\/2022\/10\/1665655906870_1.jpg?fit=640%2C384&ssl=1",640,384,true],"1536x1536":["https:\/\/i0.wp.com\/infos-droitshumains.net\/wp-content\/uploads\/2022\/10\/1665655906870_1.jpg?fit=720%2C432&ssl=1",720,432,true],"2048x2048":["https:\/\/i0.wp.com\/infos-droitshumains.net\/wp-content\/uploads\/2022\/10\/1665655906870_1.jpg?fit=720%2C432&ssl=1",720,432,true],"covernews-slider-full":["https:\/\/i0.wp.com\/infos-droitshumains.net\/wp-content\/uploads\/2022\/10\/1665655906870_1.jpg?resize=720%2C432&ssl=1",720,432,true],"covernews-slider-center":["https:\/\/i0.wp.com\/infos-droitshumains.net\/wp-content\/uploads\/2022\/10\/1665655906870_1.jpg?resize=720%2C432&ssl=1",720,432,true],"covernews-featured":["https:\/\/i0.wp.com\/infos-droitshumains.net\/wp-content\/uploads\/2022\/10\/1665655906870_1.jpg?fit=720%2C432&ssl=1",720,432,true],"covernews-medium":["https:\/\/i0.wp.com\/infos-droitshumains.net\/wp-content\/uploads\/2022\/10\/1665655906870_1.jpg?resize=540%2C340&ssl=1",540,340,true],"covernews-medium-square":["https:\/\/i0.wp.com\/infos-droitshumains.net\/wp-content\/uploads\/2022\/10\/1665655906870_1.jpg?resize=400%2C250&ssl=1",400,250,true]},"author_info":{"display_name":"Jo\u00ebl Diawa","author_link":"https:\/\/infos-droitshumains.net\/?author=2"},"category_info":"<a href=\"https:\/\/infos-droitshumains.net\/?cat=3\" rel=\"category\">Politique<\/a>","tag_info":"Politique","comment_count":"0","jetpack_featured_media_url":"https:\/\/i0.wp.com\/infos-droitshumains.net\/wp-content\/uploads\/2022\/10\/1665655906870_1.jpg?fit=720%2C432&ssl=1","jetpack-related-posts":[],"jetpack_sharing_enabled":true,"_links":{"self":[{"href":"https:\/\/infos-droitshumains.net\/index.php?rest_route=\/wp\/v2\/posts\/5243","targetHints":{"allow":["GET"]}}],"collection":[{"href":"https:\/\/infos-droitshumains.net\/index.php?rest_route=\/wp\/v2\/posts"}],"about":[{"href":"https:\/\/infos-droitshumains.net\/index.php?rest_route=\/wp\/v2\/types\/post"}],"author":[{"embeddable":true,"href":"https:\/\/infos-droitshumains.net\/index.php?rest_route=\/wp\/v2\/users\/2"}],"replies":[{"embeddable":true,"href":"https:\/\/infos-droitshumains.net\/index.php?rest_route=%2Fwp%2Fv2%2Fcomments&post=5243"}],"version-history":[{"count":3,"href":"https:\/\/infos-droitshumains.net\/index.php?rest_route=\/wp\/v2\/posts\/5243\/revisions"}],"predecessor-version":[{"id":5248,"href":"https:\/\/infos-droitshumains.net\/index.php?rest_route=\/wp\/v2\/posts\/5243\/revisions\/5248"}],"wp:featuredmedia":[{"embeddable":true,"href":"https:\/\/infos-droitshumains.net\/index.php?rest_route=\/wp\/v2\/media\/5247"}],"wp:attachment":[{"href":"https:\/\/infos-droitshumains.net\/index.php?rest_route=%2Fwp%2Fv2%2Fmedia&parent=5243"}],"wp:term":[{"taxonomy":"category","embeddable":true,"href":"https:\/\/infos-droitshumains.net\/index.php?rest_route=%2Fwp%2Fv2%2Fcategories&post=5243"},{"taxonomy":"post_tag","embeddable":true,"href":"https:\/\/infos-droitshumains.net\/index.php?rest_route=%2Fwp%2Fv2%2Ftags&post=5243"}],"curies":[{"name":"wp","href":"https:\/\/api.w.org\/{rel}","templated":true}]}}