{"id":5239,"date":"2022-10-13T11:25:52","date_gmt":"2022-10-13T09:25:52","guid":{"rendered":"https:\/\/infos-droitshumains.net\/?p=5239"},"modified":"2022-10-13T11:27:37","modified_gmt":"2022-10-13T09:27:37","slug":"lualabadieudonne-kamuleta-place-les-magistrats-devant-leurs-responsabilites","status":"publish","type":"post","link":"https:\/\/infos-droitshumains.net\/?p=5239","title":{"rendered":"Lualaba:Dieudonn\u00e9 Kamuleta place les magistrats devant leurs responsabilit\u00e9s."},"content":{"rendered":"\n<p><strong>R\u00e9daction:+243817406088<\/strong><\/p>\n\n\n\n<p>Apr\u00e8s avoir lanc\u00e9 le concours de recrutement des magistrats le 09 octobre dernier \u00e0 Lubumbashi, le pr\u00e9sident de la Cour Constitutionnelle a mis le cap vers la province de Lualaba. Objectif, se rendre compte du fonctionnement de l\u2019appareil judiciaire dans ce coin pays. Dieudonn\u00e9 Kamuleta est arriv\u00e9 ce mardi 11 octobre \u00e0 Kolwezi, chef-lieu de province.<\/p>\n\n\n\n<p>C\u2019est ce mercredi qu\u2019une importante rencontre a \u00e9t\u00e9 organis\u00e9e dans la grande salle d\u2019audience du Tribunal de Grande Instance de Kolwezi. Dieudonn\u00e9 Kamuleta a r\u00e9uni autour de lui, tous les magistrats du ressort de Lualaba.<\/p>\n\n\n\n<p>Tr\u00e8s p\u00e9dagogique et m\u00e9thodique, Dieudonn\u00e9 Kamuleta a dans son allocution, interpell\u00e9 ceux qui sont appel\u00e9s \u00e0 dire le droit face aux pratiques d\u00e9cri\u00e9es par la population.<\/p>\n\n\n\n<p><em>\u00ab Ce n\u2019est pas un secret, m\u00eame derni\u00e8rement le chef de l\u2019Etat est revenu encore l\u00e0-dessus. Cela ne veut pas dire qu\u2019il rejette la magistrature, par contre, il veut que cette derni\u00e8re soit \u00e0 la dimension des attentes de toutes les institutions du pays. Nous sommes la seule institution qui peut faire en sorte que la grande vision du Chef de l\u2019Etat puisse avoir de la lumi\u00e8re. Il n\u2019y a pas Etat de droit si la justice n\u2019est pas au point ; et il ne peut pas y avoir de justice sans magistrat. C\u2019est pourquoi je reviens pour insister sur ce que tous, nous reconnaissons \u00bb.<\/em><\/p>\n\n\n\n<p>Dieudonn\u00e9 Kamuleta a par ailleurs invit\u00e9 tous les magistrats \u00e0 dire <em>\u00ab Dire le droit et rien que le droit \u00bb.<\/em><\/p>\n\n\n\n<p><em>\u00ab Le magistrat a une \u00e9thique, a une d\u00e9ontologie. Si un magistrat se comporte comme le commun des mortels, c\u2019est un assassin. Le magistrat c\u2019est la cr\u00e8me de la soci\u00e9t\u00e9. Il a cette vocation-l\u00e0 de servir la nation. Le magistrat est serviteur de Dieu parce qu\u2019il appartient \u00e0 la cat\u00e9gorie d\u2019hommes qui ont le privil\u00e8ge d\u2019exercer un des attributs du divin cr\u00e9ateur, la justice \u00bb<\/em>.<\/p>\n\n\n\n<p>Engag\u00e9 r\u00e9solument \u00e0 transformer positivement le pouvoir judiciaire en RDC, le Pr\u00e9sident de la Cour constitutionnelle et Pr\u00e9sident du Conseil Sup\u00e9rieur de la Magistrature a par la m\u00eame occasion, promis de se rendre dans d\u2019autres ressorts du pays, question de s\u2019y rendre compte du fonctionnement de la justice.<\/p>\n\n\n\n<p>Merlin Kamalandua<\/p>\n","protected":false},"excerpt":{"rendered":"<p>R\u00e9daction:+243817406088 Apr\u00e8s avoir lanc\u00e9 le concours de recrutement des magistrats le 09 octobre dernier \u00e0&#8230;<\/p>\n","protected":false},"author":2,"featured_media":5241,"comment_status":"open","ping_status":"open","sticky":false,"template":"","format":"standard","meta":{"_jetpack_memberships_contains_paid_content":false,"footnotes":""},"categories":[6],"tags":[],"class_list":["post-5239","post","type-post","status-publish","format-standard","has-post-thumbnail","hentry","category-justice"],"yoast_head":"<!-- This site is optimized with the Yoast SEO plugin v27.5 - https:\/\/yoast.com\/product\/yoast-seo-wordpress\/ -->\n<title>Lualaba:Dieudonn\u00e9 Kamuleta place les magistrats devant leurs responsabilit\u00e9s. - Infos Droits Humains<\/title>\n<meta name=\"robots\" content=\"index, follow, max-snippet:-1, max-image-preview:large, max-video-preview:-1\" \/>\n<link rel=\"canonical\" href=\"https:\/\/infos-droitshumains.net\/?p=5239\" \/>\n<meta property=\"og:locale\" content=\"fr_FR\" \/>\n<meta property=\"og:type\" content=\"article\" \/>\n<meta property=\"og:title\" content=\"Lualaba:Dieudonn\u00e9 Kamuleta place les magistrats devant leurs responsabilit\u00e9s. - Infos Droits Humains\" \/>\n<meta property=\"og:description\" content=\"R\u00e9daction:+243817406088 Apr\u00e8s avoir lanc\u00e9 le concours de recrutement des magistrats le 09 octobre dernier \u00e0...\" \/>\n<meta property=\"og:url\" content=\"https:\/\/infos-droitshumains.net\/?p=5239\" \/>\n<meta property=\"og:site_name\" content=\"Infos Droits Humains\" \/>\n<meta property=\"article:published_time\" content=\"2022-10-13T09:25:52+00:00\" \/>\n<meta property=\"article:modified_time\" content=\"2022-10-13T09:27:37+00:00\" \/>\n<meta property=\"og:image\" content=\"https:\/\/i0.wp.com\/infos-droitshumains.net\/wp-content\/uploads\/2022\/10\/Screenshot_20221013-102030_1.jpg?fit=720%2C379&ssl=1\" \/>\n\t<meta property=\"og:image:width\" content=\"720\" \/>\n\t<meta property=\"og:image:height\" content=\"379\" \/>\n\t<meta property=\"og:image:type\" content=\"image\/jpeg\" \/>\n<meta name=\"author\" content=\"Jo\u00ebl Diawa\" \/>\n<meta name=\"twitter:card\" content=\"summary_large_image\" \/>\n<meta name=\"twitter:label1\" content=\"\u00c9crit par\" \/>\n\t<meta name=\"twitter:data1\" content=\"Jo\u00ebl Diawa\" \/>\n\t<meta name=\"twitter:label2\" content=\"Dur\u00e9e de lecture estim\u00e9e\" \/>\n\t<meta name=\"twitter:data2\" content=\"2 minutes\" \/>\n<script type=\"application\/ld+json\" class=\"yoast-schema-graph\">{\"@context\":\"https:\\\/\\\/schema.org\",\"@graph\":[{\"@type\":\"Article\",\"@id\":\"https:\\\/\\\/infos-droitshumains.net\\\/?p=5239#article\",\"isPartOf\":{\"@id\":\"https:\\\/\\\/infos-droitshumains.net\\\/?p=5239\"},\"author\":{\"name\":\"Jo\u00ebl Diawa\",\"@id\":\"https:\\\/\\\/infos-droitshumains.net\\\/#\\\/schema\\\/person\\\/3dc5e921c3302172e0ed4362f96faab7\"},\"headline\":\"Lualaba:Dieudonn\u00e9 Kamuleta place les magistrats devant leurs responsabilit\u00e9s.\",\"datePublished\":\"2022-10-13T09:25:52+00:00\",\"dateModified\":\"2022-10-13T09:27:37+00:00\",\"mainEntityOfPage\":{\"@id\":\"https:\\\/\\\/infos-droitshumains.net\\\/?p=5239\"},\"wordCount\":399,\"commentCount\":0,\"publisher\":{\"@id\":\"https:\\\/\\\/infos-droitshumains.net\\\/#organization\"},\"image\":{\"@id\":\"https:\\\/\\\/infos-droitshumains.net\\\/?p=5239#primaryimage\"},\"thumbnailUrl\":\"https:\\\/\\\/i0.wp.com\\\/infos-droitshumains.net\\\/wp-content\\\/uploads\\\/2022\\\/10\\\/Screenshot_20221013-102030_1.jpg?fit=720%2C379&ssl=1\",\"articleSection\":[\"Justice\"],\"inLanguage\":\"fr-FR\",\"potentialAction\":[{\"@type\":\"CommentAction\",\"name\":\"Comment\",\"target\":[\"https:\\\/\\\/infos-droitshumains.net\\\/?p=5239#respond\"]}]},{\"@type\":\"WebPage\",\"@id\":\"https:\\\/\\\/infos-droitshumains.net\\\/?p=5239\",\"url\":\"https:\\\/\\\/infos-droitshumains.net\\\/?p=5239\",\"name\":\"Lualaba:Dieudonn\u00e9 Kamuleta place les magistrats devant leurs responsabilit\u00e9s. - Infos Droits Humains\",\"isPartOf\":{\"@id\":\"https:\\\/\\\/infos-droitshumains.net\\\/#website\"},\"primaryImageOfPage\":{\"@id\":\"https:\\\/\\\/infos-droitshumains.net\\\/?p=5239#primaryimage\"},\"image\":{\"@id\":\"https:\\\/\\\/infos-droitshumains.net\\\/?p=5239#primaryimage\"},\"thumbnailUrl\":\"https:\\\/\\\/i0.wp.com\\\/infos-droitshumains.net\\\/wp-content\\\/uploads\\\/2022\\\/10\\\/Screenshot_20221013-102030_1.jpg?fit=720%2C379&ssl=1\",\"datePublished\":\"2022-10-13T09:25:52+00:00\",\"dateModified\":\"2022-10-13T09:27:37+00:00\",\"breadcrumb\":{\"@id\":\"https:\\\/\\\/infos-droitshumains.net\\\/?p=5239#breadcrumb\"},\"inLanguage\":\"fr-FR\",\"potentialAction\":[{\"@type\":\"ReadAction\",\"target\":[\"https:\\\/\\\/infos-droitshumains.net\\\/?p=5239\"]}]},{\"@type\":\"ImageObject\",\"inLanguage\":\"fr-FR\",\"@id\":\"https:\\\/\\\/infos-droitshumains.net\\\/?p=5239#primaryimage\",\"url\":\"https:\\\/\\\/i0.wp.com\\\/infos-droitshumains.net\\\/wp-content\\\/uploads\\\/2022\\\/10\\\/Screenshot_20221013-102030_1.jpg?fit=720%2C379&ssl=1\",\"contentUrl\":\"https:\\\/\\\/i0.wp.com\\\/infos-droitshumains.net\\\/wp-content\\\/uploads\\\/2022\\\/10\\\/Screenshot_20221013-102030_1.jpg?fit=720%2C379&ssl=1\",\"width\":720,\"height\":379},{\"@type\":\"BreadcrumbList\",\"@id\":\"https:\\\/\\\/infos-droitshumains.net\\\/?p=5239#breadcrumb\",\"itemListElement\":[{\"@type\":\"ListItem\",\"position\":1,\"name\":\"Accueil\",\"item\":\"https:\\\/\\\/infos-droitshumains.net\\\/\"},{\"@type\":\"ListItem\",\"position\":2,\"name\":\"Lualaba:Dieudonn\u00e9 Kamuleta place les magistrats devant leurs responsabilit\u00e9s.\"}]},{\"@type\":\"WebSite\",\"@id\":\"https:\\\/\\\/infos-droitshumains.net\\\/#website\",\"url\":\"https:\\\/\\\/infos-droitshumains.net\\\/\",\"name\":\"Infos Droits Humains\",\"description\":\"S&#039;informer est un droit\",\"publisher\":{\"@id\":\"https:\\\/\\\/infos-droitshumains.net\\\/#organization\"},\"potentialAction\":[{\"@type\":\"SearchAction\",\"target\":{\"@type\":\"EntryPoint\",\"urlTemplate\":\"https:\\\/\\\/infos-droitshumains.net\\\/?s={search_term_string}\"},\"query-input\":{\"@type\":\"PropertyValueSpecification\",\"valueRequired\":true,\"valueName\":\"search_term_string\"}}],\"inLanguage\":\"fr-FR\"},{\"@type\":\"Organization\",\"@id\":\"https:\\\/\\\/infos-droitshumains.net\\\/#organization\",\"name\":\"Infos Droits Humains\",\"url\":\"https:\\\/\\\/infos-droitshumains.net\\\/\",\"logo\":{\"@type\":\"ImageObject\",\"inLanguage\":\"fr-FR\",\"@id\":\"https:\\\/\\\/infos-droitshumains.net\\\/#\\\/schema\\\/logo\\\/image\\\/\",\"url\":\"https:\\\/\\\/i0.wp.com\\\/infos-droitshumains.net\\\/wp-content\\\/uploads\\\/2022\\\/05\\\/Logo.png?fit=333%2C129&ssl=1\",\"contentUrl\":\"https:\\\/\\\/i0.wp.com\\\/infos-droitshumains.net\\\/wp-content\\\/uploads\\\/2022\\\/05\\\/Logo.png?fit=333%2C129&ssl=1\",\"width\":333,\"height\":129,\"caption\":\"Infos Droits Humains\"},\"image\":{\"@id\":\"https:\\\/\\\/infos-droitshumains.net\\\/#\\\/schema\\\/logo\\\/image\\\/\"}},{\"@type\":\"Person\",\"@id\":\"https:\\\/\\\/infos-droitshumains.net\\\/#\\\/schema\\\/person\\\/3dc5e921c3302172e0ed4362f96faab7\",\"name\":\"Jo\u00ebl Diawa\",\"image\":{\"@type\":\"ImageObject\",\"inLanguage\":\"fr-FR\",\"@id\":\"https:\\\/\\\/secure.gravatar.com\\\/avatar\\\/729bea6ff4604c624417803c477363be8e3c7186deaa65713313f9b4b820f41c?s=96&d=mm&r=g\",\"url\":\"https:\\\/\\\/secure.gravatar.com\\\/avatar\\\/729bea6ff4604c624417803c477363be8e3c7186deaa65713313f9b4b820f41c?s=96&d=mm&r=g\",\"contentUrl\":\"https:\\\/\\\/secure.gravatar.com\\\/avatar\\\/729bea6ff4604c624417803c477363be8e3c7186deaa65713313f9b4b820f41c?s=96&d=mm&r=g\",\"caption\":\"Jo\u00ebl Diawa\"},\"sameAs\":[\"https:\\\/\\\/www.infos-droitshumains.net\"],\"url\":\"https:\\\/\\\/infos-droitshumains.net\\\/?author=2\"}]}<\/script>\n<!-- \/ Yoast SEO plugin. -->","yoast_head_json":{"title":"Lualaba:Dieudonn\u00e9 Kamuleta place les magistrats devant leurs responsabilit\u00e9s. - Infos Droits Humains","robots":{"index":"index","follow":"follow","max-snippet":"max-snippet:-1","max-image-preview":"max-image-preview:large","max-video-preview":"max-video-preview:-1"},"canonical":"https:\/\/infos-droitshumains.net\/?p=5239","og_locale":"fr_FR","og_type":"article","og_title":"Lualaba:Dieudonn\u00e9 Kamuleta place les magistrats devant leurs responsabilit\u00e9s. - Infos Droits Humains","og_description":"R\u00e9daction:+243817406088 Apr\u00e8s avoir lanc\u00e9 le concours de recrutement des magistrats le 09 octobre dernier \u00e0...","og_url":"https:\/\/infos-droitshumains.net\/?p=5239","og_site_name":"Infos Droits Humains","article_published_time":"2022-10-13T09:25:52+00:00","article_modified_time":"2022-10-13T09:27:37+00:00","og_image":[{"width":720,"height":379,"url":"https:\/\/i0.wp.com\/infos-droitshumains.net\/wp-content\/uploads\/2022\/10\/Screenshot_20221013-102030_1.jpg?fit=720%2C379&ssl=1","type":"image\/jpeg"}],"author":"Jo\u00ebl Diawa","twitter_card":"summary_large_image","twitter_misc":{"\u00c9crit par":"Jo\u00ebl Diawa","Dur\u00e9e de lecture estim\u00e9e":"2 minutes"},"schema":{"@context":"https:\/\/schema.org","@graph":[{"@type":"Article","@id":"https:\/\/infos-droitshumains.net\/?p=5239#article","isPartOf":{"@id":"https:\/\/infos-droitshumains.net\/?p=5239"},"author":{"name":"Jo\u00ebl Diawa","@id":"https:\/\/infos-droitshumains.net\/#\/schema\/person\/3dc5e921c3302172e0ed4362f96faab7"},"headline":"Lualaba:Dieudonn\u00e9 Kamuleta place les magistrats devant leurs responsabilit\u00e9s.","datePublished":"2022-10-13T09:25:52+00:00","dateModified":"2022-10-13T09:27:37+00:00","mainEntityOfPage":{"@id":"https:\/\/infos-droitshumains.net\/?p=5239"},"wordCount":399,"commentCount":0,"publisher":{"@id":"https:\/\/infos-droitshumains.net\/#organization"},"image":{"@id":"https:\/\/infos-droitshumains.net\/?p=5239#primaryimage"},"thumbnailUrl":"https:\/\/i0.wp.com\/infos-droitshumains.net\/wp-content\/uploads\/2022\/10\/Screenshot_20221013-102030_1.jpg?fit=720%2C379&ssl=1","articleSection":["Justice"],"inLanguage":"fr-FR","potentialAction":[{"@type":"CommentAction","name":"Comment","target":["https:\/\/infos-droitshumains.net\/?p=5239#respond"]}]},{"@type":"WebPage","@id":"https:\/\/infos-droitshumains.net\/?p=5239","url":"https:\/\/infos-droitshumains.net\/?p=5239","name":"Lualaba:Dieudonn\u00e9 Kamuleta place les magistrats devant leurs responsabilit\u00e9s. - Infos Droits Humains","isPartOf":{"@id":"https:\/\/infos-droitshumains.net\/#website"},"primaryImageOfPage":{"@id":"https:\/\/infos-droitshumains.net\/?p=5239#primaryimage"},"image":{"@id":"https:\/\/infos-droitshumains.net\/?p=5239#primaryimage"},"thumbnailUrl":"https:\/\/i0.wp.com\/infos-droitshumains.net\/wp-content\/uploads\/2022\/10\/Screenshot_20221013-102030_1.jpg?fit=720%2C379&ssl=1","datePublished":"2022-10-13T09:25:52+00:00","dateModified":"2022-10-13T09:27:37+00:00","breadcrumb":{"@id":"https:\/\/infos-droitshumains.net\/?p=5239#breadcrumb"},"inLanguage":"fr-FR","potentialAction":[{"@type":"ReadAction","target":["https:\/\/infos-droitshumains.net\/?p=5239"]}]},{"@type":"ImageObject","inLanguage":"fr-FR","@id":"https:\/\/infos-droitshumains.net\/?p=5239#primaryimage","url":"https:\/\/i0.wp.com\/infos-droitshumains.net\/wp-content\/uploads\/2022\/10\/Screenshot_20221013-102030_1.jpg?fit=720%2C379&ssl=1","contentUrl":"https:\/\/i0.wp.com\/infos-droitshumains.net\/wp-content\/uploads\/2022\/10\/Screenshot_20221013-102030_1.jpg?fit=720%2C379&ssl=1","width":720,"height":379},{"@type":"BreadcrumbList","@id":"https:\/\/infos-droitshumains.net\/?p=5239#breadcrumb","itemListElement":[{"@type":"ListItem","position":1,"name":"Accueil","item":"https:\/\/infos-droitshumains.net\/"},{"@type":"ListItem","position":2,"name":"Lualaba:Dieudonn\u00e9 Kamuleta place les magistrats devant leurs responsabilit\u00e9s."}]},{"@type":"WebSite","@id":"https:\/\/infos-droitshumains.net\/#website","url":"https:\/\/infos-droitshumains.net\/","name":"Infos Droits Humains","description":"S&#039;informer est un droit","publisher":{"@id":"https:\/\/infos-droitshumains.net\/#organization"},"potentialAction":[{"@type":"SearchAction","target":{"@type":"EntryPoint","urlTemplate":"https:\/\/infos-droitshumains.net\/?s={search_term_string}"},"query-input":{"@type":"PropertyValueSpecification","valueRequired":true,"valueName":"search_term_string"}}],"inLanguage":"fr-FR"},{"@type":"Organization","@id":"https:\/\/infos-droitshumains.net\/#organization","name":"Infos Droits Humains","url":"https:\/\/infos-droitshumains.net\/","logo":{"@type":"ImageObject","inLanguage":"fr-FR","@id":"https:\/\/infos-droitshumains.net\/#\/schema\/logo\/image\/","url":"https:\/\/i0.wp.com\/infos-droitshumains.net\/wp-content\/uploads\/2022\/05\/Logo.png?fit=333%2C129&ssl=1","contentUrl":"https:\/\/i0.wp.com\/infos-droitshumains.net\/wp-content\/uploads\/2022\/05\/Logo.png?fit=333%2C129&ssl=1","width":333,"height":129,"caption":"Infos Droits Humains"},"image":{"@id":"https:\/\/infos-droitshumains.net\/#\/schema\/logo\/image\/"}},{"@type":"Person","@id":"https:\/\/infos-droitshumains.net\/#\/schema\/person\/3dc5e921c3302172e0ed4362f96faab7","name":"Jo\u00ebl Diawa","image":{"@type":"ImageObject","inLanguage":"fr-FR","@id":"https:\/\/secure.gravatar.com\/avatar\/729bea6ff4604c624417803c477363be8e3c7186deaa65713313f9b4b820f41c?s=96&d=mm&r=g","url":"https:\/\/secure.gravatar.com\/avatar\/729bea6ff4604c624417803c477363be8e3c7186deaa65713313f9b4b820f41c?s=96&d=mm&r=g","contentUrl":"https:\/\/secure.gravatar.com\/avatar\/729bea6ff4604c624417803c477363be8e3c7186deaa65713313f9b4b820f41c?s=96&d=mm&r=g","caption":"Jo\u00ebl Diawa"},"sameAs":["https:\/\/www.infos-droitshumains.net"],"url":"https:\/\/infos-droitshumains.net\/?author=2"}]}},"featured_image_urls":{"full":["https:\/\/i0.wp.com\/infos-droitshumains.net\/wp-content\/uploads\/2022\/10\/Screenshot_20221013-102030_1.jpg?fit=720%2C379&ssl=1",720,379,false],"thumbnail":["https:\/\/i0.wp.com\/infos-droitshumains.net\/wp-content\/uploads\/2022\/10\/Screenshot_20221013-102030_1.jpg?resize=150%2C150&ssl=1",150,150,true],"medium":["https:\/\/i0.wp.com\/infos-droitshumains.net\/wp-content\/uploads\/2022\/10\/Screenshot_20221013-102030_1.jpg?fit=300%2C158&ssl=1",300,158,true],"medium_large":["https:\/\/i0.wp.com\/infos-droitshumains.net\/wp-content\/uploads\/2022\/10\/Screenshot_20221013-102030_1.jpg?fit=640%2C337&ssl=1",640,337,true],"large":["https:\/\/i0.wp.com\/infos-droitshumains.net\/wp-content\/uploads\/2022\/10\/Screenshot_20221013-102030_1.jpg?fit=640%2C337&ssl=1",640,337,true],"1536x1536":["https:\/\/i0.wp.com\/infos-droitshumains.net\/wp-content\/uploads\/2022\/10\/Screenshot_20221013-102030_1.jpg?fit=720%2C379&ssl=1",720,379,true],"2048x2048":["https:\/\/i0.wp.com\/infos-droitshumains.net\/wp-content\/uploads\/2022\/10\/Screenshot_20221013-102030_1.jpg?fit=720%2C379&ssl=1",720,379,true],"covernews-slider-full":["https:\/\/i0.wp.com\/infos-droitshumains.net\/wp-content\/uploads\/2022\/10\/Screenshot_20221013-102030_1.jpg?resize=720%2C379&ssl=1",720,379,true],"covernews-slider-center":["https:\/\/i0.wp.com\/infos-droitshumains.net\/wp-content\/uploads\/2022\/10\/Screenshot_20221013-102030_1.jpg?resize=720%2C379&ssl=1",720,379,true],"covernews-featured":["https:\/\/i0.wp.com\/infos-droitshumains.net\/wp-content\/uploads\/2022\/10\/Screenshot_20221013-102030_1.jpg?fit=720%2C379&ssl=1",720,379,true],"covernews-medium":["https:\/\/i0.wp.com\/infos-droitshumains.net\/wp-content\/uploads\/2022\/10\/Screenshot_20221013-102030_1.jpg?resize=540%2C340&ssl=1",540,340,true],"covernews-medium-square":["https:\/\/i0.wp.com\/infos-droitshumains.net\/wp-content\/uploads\/2022\/10\/Screenshot_20221013-102030_1.jpg?resize=400%2C250&ssl=1",400,250,true]},"author_info":{"display_name":"Jo\u00ebl Diawa","author_link":"https:\/\/infos-droitshumains.net\/?author=2"},"category_info":"<a href=\"https:\/\/infos-droitshumains.net\/?cat=6\" rel=\"category\">Justice<\/a>","tag_info":"Justice","comment_count":"0","jetpack_featured_media_url":"https:\/\/i0.wp.com\/infos-droitshumains.net\/wp-content\/uploads\/2022\/10\/Screenshot_20221013-102030_1.jpg?fit=720%2C379&ssl=1","jetpack-related-posts":[],"jetpack_sharing_enabled":true,"_links":{"self":[{"href":"https:\/\/infos-droitshumains.net\/index.php?rest_route=\/wp\/v2\/posts\/5239","targetHints":{"allow":["GET"]}}],"collection":[{"href":"https:\/\/infos-droitshumains.net\/index.php?rest_route=\/wp\/v2\/posts"}],"about":[{"href":"https:\/\/infos-droitshumains.net\/index.php?rest_route=\/wp\/v2\/types\/post"}],"author":[{"embeddable":true,"href":"https:\/\/infos-droitshumains.net\/index.php?rest_route=\/wp\/v2\/users\/2"}],"replies":[{"embeddable":true,"href":"https:\/\/infos-droitshumains.net\/index.php?rest_route=%2Fwp%2Fv2%2Fcomments&post=5239"}],"version-history":[{"count":2,"href":"https:\/\/infos-droitshumains.net\/index.php?rest_route=\/wp\/v2\/posts\/5239\/revisions"}],"predecessor-version":[{"id":5242,"href":"https:\/\/infos-droitshumains.net\/index.php?rest_route=\/wp\/v2\/posts\/5239\/revisions\/5242"}],"wp:featuredmedia":[{"embeddable":true,"href":"https:\/\/infos-droitshumains.net\/index.php?rest_route=\/wp\/v2\/media\/5241"}],"wp:attachment":[{"href":"https:\/\/infos-droitshumains.net\/index.php?rest_route=%2Fwp%2Fv2%2Fmedia&parent=5239"}],"wp:term":[{"taxonomy":"category","embeddable":true,"href":"https:\/\/infos-droitshumains.net\/index.php?rest_route=%2Fwp%2Fv2%2Fcategories&post=5239"},{"taxonomy":"post_tag","embeddable":true,"href":"https:\/\/infos-droitshumains.net\/index.php?rest_route=%2Fwp%2Fv2%2Ftags&post=5239"}],"curies":[{"name":"wp","href":"https:\/\/api.w.org\/{rel}","templated":true}]}}