{"id":5213,"date":"2022-10-12T14:46:16","date_gmt":"2022-10-12T12:46:16","guid":{"rendered":"https:\/\/infos-droitshumains.net\/?p=5213"},"modified":"2022-10-12T15:10:38","modified_gmt":"2022-10-12T13:10:38","slug":"tgi-gombeun-pretre-poursuivi-pour-faux-en-ecriture-et-usage-de-faux","status":"publish","type":"post","link":"https:\/\/infos-droitshumains.net\/?p=5213","title":{"rendered":"TGI-Gombe:Un pr\u00eatre risque la prison pour faux en \u00e9criture et usage de faux"},"content":{"rendered":"\n<p><strong>R\u00e9daction:+243817406088<\/strong><\/p>\n\n\n\n<p>L\u2019affaire est instruite au Tribunal de Grande Instance de Kinshasa-Gombe suite \u00e0 la requ\u00eate d\u2019Ignace Mahonda Ndomingendi au nom de la succession Mangonda contre le R\u00e9v\u00e9rend P\u00e8re Charles-Alain Pululu Zi-Ngungu.<\/p>\n\n\n\n<p>L\u2019histoire remonte de l\u2019ann\u00e9e 2000 o\u00f9 le feu Mangonda Ndomingendi, p\u00e8re d\u2019 Ignace Mahonda Ndomingendi (actuel le liquidateur de la succession) avait c\u00e9d\u00e9 par acte de donation notari\u00e9 du 7 avril 2000 une partie de sa concession soit 4 hectares \u00e0 l\u2019ASBL religieuse Saint Vincent de Paul au travers du feu r\u00e9v\u00e9rend P\u00e8re Pierre Levesque, alors repr\u00e9sentant l\u00e9gal de cette association.<\/p>\n\n\n\n<p>Par ce fait, la parcelle situ\u00e9e au num\u00e9ro 15 de l\u2019avenue Mambulu, quartier Mitendi dans la commune de Mont-Ngafula, sera morcel\u00e9e en deux sous num\u00e9ro 31397 pour l\u2019ASBL et sous num\u00e9ro 31396 pour le feu Mangonda Ndomingendi, c\u00e9r\u00e9monie au cours de laquelle le cit\u00e9 Pululu Zi-Ngungu Charles-Alain en a assist\u00e9 et en reconna\u00eet la r\u00e9partition.<\/p>\n\n\n\n<p>Depuis la mort de r\u00e9v\u00e9rend P\u00e8re Pierre Levesque, L\u2019ASBL religieuse Saint Vincent de Paul n\u2019a gard\u00e9 que les constructions de feu Mangonda et ses plantations. <em>\u00ab Mais, les parcelles seraient vendues par le pr\u00e9venu Pululu Zi-Ngungu Charles-Alain qui se r\u00e9clamerait actuel repr\u00e9sentant l\u00e9gal de L\u2019ASBL religieuse Saint Vincent de Paul et depuis 2019 \u00bb<\/em> affirment les avocats du citant Ignace Mahonda Ndomingendi. <em>\u00abIl s\u00e8merait des troubles de jouissance contre la famille Mangonda Ndomingendi\u00bb<\/em>, ont-ils ajout\u00e9.<\/p>\n\n\n\n<p>Dans sa d\u00e9marche dont le requ\u00e9rant qualifie de <em>\u00ab la ruse et mauvaise foi \u00bb<\/em>, le pr\u00e9venu aurait initi\u00e9 plusieurs actions en revendiquant la parcelle sous num\u00e9ro 31397 du plan cadastral de Mont-Ngafula, traduisant plusieurs occupants de la parcelle Mangonda en justice et faisant recours<em> \u00ab abusif \u00bb<\/em> aux policiers de l\u2019\u00e9tat-major de l\u2019unit\u00e9 de protection des institutions et des hautes personnalit\u00e9s pour soi-disant assurer la garde et la protection des occupants et de leurs biens dans la concession en vue de conqu\u00e9rir l\u2019autre partie de la concession. Acte qualifi\u00e9 d\u2019infraction d\u2019incitation \u00e0 commettre des actes contraires \u00e0 leurs lois.<\/p>\n\n\n\n<p>Il a par la suite introduit une action au Tribunal de Grande Instance de Kinshasa-Gombe sous RC 122 873 , Il y aurait m\u00eame fait des fausses d\u00e9clarations en se pr\u00e9sentant comme repr\u00e9sentant l\u00e9gal de l\u2019ASBL et il aurait m\u00eame pr\u00e9sent\u00e9 un acte de vente notari\u00e9 du 7 avril 2000 sign\u00e9 entre feu p\u00e8re r\u00e9v\u00e9rend L\u00e9vesque et le feu Mangonda Ndomingendi afin d\u2019obtenir un jugement par d\u00e9faut avec la clause ex\u00e9cutoire, alors qu\u2019en r\u00e9alit\u00e9, il n\u2019y avait pas de vente, mais il s\u2019agissait plut\u00f4t d\u2019une donation.<\/p>\n\n\n\n<p>Charles-Alain Pululu Zi-Ngungu aurait m\u00eame <em>\u00ab introduit, par fraude manifeste, une action au TGI-GOMBE pour revendiquer cette fois la totalit\u00e9 de la parcelle \u00e9clat\u00e9e jusqu\u2019\u00e0 obtenir un jugement par d\u00e9faut avec clause ex\u00e9cutoire ordonnant le d\u00e9guerpissement de tous les occupants y compris la famille Mangonda Ndomingendi et le chef coutumier Guy Kinzonzi commis \u00e0 la gestion de la concession apr\u00e8s la mort du propri\u00e9taire \u00bb,<\/em> lit-on dans la citation directe du 03 septembre 2022.<\/p>\n\n\n\n<p>\u00c0 l\u2019audience de ce 10 octobre 2022 consacr\u00e9e \u00e0 l\u2019instruction au TGI-Gombe, la partie citante qui ne reconnait R\u00e9v\u00e9rend P\u00e8re Charles-Alain Pululu Zi-Ngungu la fonction dont il pr\u00e9tend occuper au sein de l\u2019ASBL, sollicite du tribunal la preuve de l\u2019acte nommant le cit\u00e9 comme repr\u00e9sentant l\u00e9gal car estime-t-elle, <em>\u00ab ce dernier n\u2019a pas qualit\u00e9 d\u2019engager cette ASBL \u00bb.<\/em><\/p>\n\n\n\n<p>La citante dit se fonder sur l\u2019article 7 du statut de l\u2019ASBL religieuse Saint Vincent de Paul qui stipule que <em>\u00ab la coordination de la structure est assur\u00e9e par trois administrateurs nomm\u00e9s par les membres effectifs et non d\u00e9sign\u00e9s \u00bb <\/em>comme affirmait le cit\u00e9 \u00e0 l\u2019audience pr\u00e9c\u00e9dente, confondant ainsi la congr\u00e9gation dans laquelle il appartient et l\u2019ASBL.<\/p>\n\n\n\n<p>De son c\u00f4t\u00e9, le cit\u00e9 r\u00e9torque a brandi l\u2019acte de nomination sign\u00e9 par le Pape depuis Rome, en Italie. Lequel document qui l\u2019institue comme sup\u00e9rieur de la congr\u00e9gation, de surcroit, repr\u00e9sentant de l\u2019ASBL religieuse Saint Vincent de Paul.<\/p>\n\n\n\n<p>La partie citante entend donc obtenir du Tribunal la condamnation du P\u00e8re Charles-Alain Pululu Zi-Ngungu pour faux en \u00e9criture et usage de faux, incitation \u00e0 commettre des actes contraires aux devoirs ou \u00e0 la discipline des militaires et d\u00e9nonciation calomnieuse.<\/p>\n\n\n\n<p>Apr\u00e8s une \u00e9puisante instruction, le Tribunal a renvoy\u00e9 l\u2019affaire \u00e0 deux semaines, soit le 27 octobre prochain pour la poursuite de l\u2019instruction avec comme d\u00e9marche, la descente dans la parcelle querell\u00e9e.<\/p>\n\n\n\n<p>AM<\/p>\n","protected":false},"excerpt":{"rendered":"<p>R\u00e9daction:+243817406088 L\u2019affaire est instruite au Tribunal de Grande Instance de Kinshasa-Gombe suite \u00e0 la requ\u00eate&#8230;<\/p>\n","protected":false},"author":2,"featured_media":5216,"comment_status":"open","ping_status":"open","sticky":false,"template":"","format":"standard","meta":{"_jetpack_memberships_contains_paid_content":false,"footnotes":""},"categories":[6],"tags":[],"class_list":["post-5213","post","type-post","status-publish","format-standard","has-post-thumbnail","hentry","category-justice"],"yoast_head":"<!-- This site is optimized with the Yoast SEO plugin v27.5 - https:\/\/yoast.com\/product\/yoast-seo-wordpress\/ -->\n<title>TGI-Gombe:Un pr\u00eatre risque la prison pour faux en \u00e9criture et usage de faux - Infos Droits Humains<\/title>\n<meta name=\"robots\" content=\"index, follow, max-snippet:-1, max-image-preview:large, max-video-preview:-1\" \/>\n<link rel=\"canonical\" href=\"https:\/\/infos-droitshumains.net\/?p=5213\" \/>\n<meta property=\"og:locale\" content=\"fr_FR\" \/>\n<meta property=\"og:type\" content=\"article\" \/>\n<meta property=\"og:title\" content=\"TGI-Gombe:Un pr\u00eatre risque la prison pour faux en \u00e9criture et usage de faux - Infos Droits Humains\" \/>\n<meta property=\"og:description\" content=\"R\u00e9daction:+243817406088 L\u2019affaire est instruite au Tribunal de Grande Instance de Kinshasa-Gombe suite \u00e0 la requ\u00eate...\" \/>\n<meta property=\"og:url\" content=\"https:\/\/infos-droitshumains.net\/?p=5213\" \/>\n<meta property=\"og:site_name\" content=\"Infos Droits Humains\" \/>\n<meta property=\"article:published_time\" content=\"2022-10-12T12:46:16+00:00\" \/>\n<meta property=\"article:modified_time\" content=\"2022-10-12T13:10:38+00:00\" \/>\n<meta property=\"og:image\" content=\"https:\/\/i0.wp.com\/infos-droitshumains.net\/wp-content\/uploads\/2022\/10\/IMG-20221012-WA0054_1.jpg?fit=1080%2C622&ssl=1\" \/>\n\t<meta property=\"og:image:width\" content=\"1080\" \/>\n\t<meta property=\"og:image:height\" content=\"622\" \/>\n\t<meta property=\"og:image:type\" content=\"image\/jpeg\" \/>\n<meta name=\"author\" content=\"Jo\u00ebl Diawa\" \/>\n<meta name=\"twitter:card\" content=\"summary_large_image\" \/>\n<meta name=\"twitter:label1\" content=\"\u00c9crit par\" \/>\n\t<meta name=\"twitter:data1\" content=\"Jo\u00ebl Diawa\" \/>\n\t<meta name=\"twitter:label2\" content=\"Dur\u00e9e de lecture estim\u00e9e\" \/>\n\t<meta name=\"twitter:data2\" content=\"4 minutes\" \/>\n<script type=\"application\/ld+json\" class=\"yoast-schema-graph\">{\"@context\":\"https:\\\/\\\/schema.org\",\"@graph\":[{\"@type\":\"Article\",\"@id\":\"https:\\\/\\\/infos-droitshumains.net\\\/?p=5213#article\",\"isPartOf\":{\"@id\":\"https:\\\/\\\/infos-droitshumains.net\\\/?p=5213\"},\"author\":{\"name\":\"Jo\u00ebl Diawa\",\"@id\":\"https:\\\/\\\/infos-droitshumains.net\\\/#\\\/schema\\\/person\\\/3dc5e921c3302172e0ed4362f96faab7\"},\"headline\":\"TGI-Gombe:Un pr\u00eatre risque la prison pour faux en \u00e9criture et usage de faux\",\"datePublished\":\"2022-10-12T12:46:16+00:00\",\"dateModified\":\"2022-10-12T13:10:38+00:00\",\"mainEntityOfPage\":{\"@id\":\"https:\\\/\\\/infos-droitshumains.net\\\/?p=5213\"},\"wordCount\":797,\"commentCount\":0,\"publisher\":{\"@id\":\"https:\\\/\\\/infos-droitshumains.net\\\/#organization\"},\"image\":{\"@id\":\"https:\\\/\\\/infos-droitshumains.net\\\/?p=5213#primaryimage\"},\"thumbnailUrl\":\"https:\\\/\\\/i0.wp.com\\\/infos-droitshumains.net\\\/wp-content\\\/uploads\\\/2022\\\/10\\\/IMG-20221012-WA0054_1.jpg?fit=1080%2C622&ssl=1\",\"articleSection\":[\"Justice\"],\"inLanguage\":\"fr-FR\",\"potentialAction\":[{\"@type\":\"CommentAction\",\"name\":\"Comment\",\"target\":[\"https:\\\/\\\/infos-droitshumains.net\\\/?p=5213#respond\"]}]},{\"@type\":\"WebPage\",\"@id\":\"https:\\\/\\\/infos-droitshumains.net\\\/?p=5213\",\"url\":\"https:\\\/\\\/infos-droitshumains.net\\\/?p=5213\",\"name\":\"TGI-Gombe:Un pr\u00eatre risque la prison pour faux en \u00e9criture et usage de faux - Infos Droits Humains\",\"isPartOf\":{\"@id\":\"https:\\\/\\\/infos-droitshumains.net\\\/#website\"},\"primaryImageOfPage\":{\"@id\":\"https:\\\/\\\/infos-droitshumains.net\\\/?p=5213#primaryimage\"},\"image\":{\"@id\":\"https:\\\/\\\/infos-droitshumains.net\\\/?p=5213#primaryimage\"},\"thumbnailUrl\":\"https:\\\/\\\/i0.wp.com\\\/infos-droitshumains.net\\\/wp-content\\\/uploads\\\/2022\\\/10\\\/IMG-20221012-WA0054_1.jpg?fit=1080%2C622&ssl=1\",\"datePublished\":\"2022-10-12T12:46:16+00:00\",\"dateModified\":\"2022-10-12T13:10:38+00:00\",\"breadcrumb\":{\"@id\":\"https:\\\/\\\/infos-droitshumains.net\\\/?p=5213#breadcrumb\"},\"inLanguage\":\"fr-FR\",\"potentialAction\":[{\"@type\":\"ReadAction\",\"target\":[\"https:\\\/\\\/infos-droitshumains.net\\\/?p=5213\"]}]},{\"@type\":\"ImageObject\",\"inLanguage\":\"fr-FR\",\"@id\":\"https:\\\/\\\/infos-droitshumains.net\\\/?p=5213#primaryimage\",\"url\":\"https:\\\/\\\/i0.wp.com\\\/infos-droitshumains.net\\\/wp-content\\\/uploads\\\/2022\\\/10\\\/IMG-20221012-WA0054_1.jpg?fit=1080%2C622&ssl=1\",\"contentUrl\":\"https:\\\/\\\/i0.wp.com\\\/infos-droitshumains.net\\\/wp-content\\\/uploads\\\/2022\\\/10\\\/IMG-20221012-WA0054_1.jpg?fit=1080%2C622&ssl=1\",\"width\":1080,\"height\":622},{\"@type\":\"BreadcrumbList\",\"@id\":\"https:\\\/\\\/infos-droitshumains.net\\\/?p=5213#breadcrumb\",\"itemListElement\":[{\"@type\":\"ListItem\",\"position\":1,\"name\":\"Accueil\",\"item\":\"https:\\\/\\\/infos-droitshumains.net\\\/\"},{\"@type\":\"ListItem\",\"position\":2,\"name\":\"TGI-Gombe:Un pr\u00eatre risque la prison pour faux en \u00e9criture et usage de faux\"}]},{\"@type\":\"WebSite\",\"@id\":\"https:\\\/\\\/infos-droitshumains.net\\\/#website\",\"url\":\"https:\\\/\\\/infos-droitshumains.net\\\/\",\"name\":\"Infos Droits Humains\",\"description\":\"S&#039;informer est un droit\",\"publisher\":{\"@id\":\"https:\\\/\\\/infos-droitshumains.net\\\/#organization\"},\"potentialAction\":[{\"@type\":\"SearchAction\",\"target\":{\"@type\":\"EntryPoint\",\"urlTemplate\":\"https:\\\/\\\/infos-droitshumains.net\\\/?s={search_term_string}\"},\"query-input\":{\"@type\":\"PropertyValueSpecification\",\"valueRequired\":true,\"valueName\":\"search_term_string\"}}],\"inLanguage\":\"fr-FR\"},{\"@type\":\"Organization\",\"@id\":\"https:\\\/\\\/infos-droitshumains.net\\\/#organization\",\"name\":\"Infos Droits Humains\",\"url\":\"https:\\\/\\\/infos-droitshumains.net\\\/\",\"logo\":{\"@type\":\"ImageObject\",\"inLanguage\":\"fr-FR\",\"@id\":\"https:\\\/\\\/infos-droitshumains.net\\\/#\\\/schema\\\/logo\\\/image\\\/\",\"url\":\"https:\\\/\\\/i0.wp.com\\\/infos-droitshumains.net\\\/wp-content\\\/uploads\\\/2022\\\/05\\\/Logo.png?fit=333%2C129&ssl=1\",\"contentUrl\":\"https:\\\/\\\/i0.wp.com\\\/infos-droitshumains.net\\\/wp-content\\\/uploads\\\/2022\\\/05\\\/Logo.png?fit=333%2C129&ssl=1\",\"width\":333,\"height\":129,\"caption\":\"Infos Droits Humains\"},\"image\":{\"@id\":\"https:\\\/\\\/infos-droitshumains.net\\\/#\\\/schema\\\/logo\\\/image\\\/\"}},{\"@type\":\"Person\",\"@id\":\"https:\\\/\\\/infos-droitshumains.net\\\/#\\\/schema\\\/person\\\/3dc5e921c3302172e0ed4362f96faab7\",\"name\":\"Jo\u00ebl Diawa\",\"image\":{\"@type\":\"ImageObject\",\"inLanguage\":\"fr-FR\",\"@id\":\"https:\\\/\\\/secure.gravatar.com\\\/avatar\\\/729bea6ff4604c624417803c477363be8e3c7186deaa65713313f9b4b820f41c?s=96&d=mm&r=g\",\"url\":\"https:\\\/\\\/secure.gravatar.com\\\/avatar\\\/729bea6ff4604c624417803c477363be8e3c7186deaa65713313f9b4b820f41c?s=96&d=mm&r=g\",\"contentUrl\":\"https:\\\/\\\/secure.gravatar.com\\\/avatar\\\/729bea6ff4604c624417803c477363be8e3c7186deaa65713313f9b4b820f41c?s=96&d=mm&r=g\",\"caption\":\"Jo\u00ebl Diawa\"},\"sameAs\":[\"https:\\\/\\\/www.infos-droitshumains.net\"],\"url\":\"https:\\\/\\\/infos-droitshumains.net\\\/?author=2\"}]}<\/script>\n<!-- \/ Yoast SEO plugin. -->","yoast_head_json":{"title":"TGI-Gombe:Un pr\u00eatre risque la prison pour faux en \u00e9criture et usage de faux - Infos Droits Humains","robots":{"index":"index","follow":"follow","max-snippet":"max-snippet:-1","max-image-preview":"max-image-preview:large","max-video-preview":"max-video-preview:-1"},"canonical":"https:\/\/infos-droitshumains.net\/?p=5213","og_locale":"fr_FR","og_type":"article","og_title":"TGI-Gombe:Un pr\u00eatre risque la prison pour faux en \u00e9criture et usage de faux - Infos Droits Humains","og_description":"R\u00e9daction:+243817406088 L\u2019affaire est instruite au Tribunal de Grande Instance de Kinshasa-Gombe suite \u00e0 la requ\u00eate...","og_url":"https:\/\/infos-droitshumains.net\/?p=5213","og_site_name":"Infos Droits Humains","article_published_time":"2022-10-12T12:46:16+00:00","article_modified_time":"2022-10-12T13:10:38+00:00","og_image":[{"width":1080,"height":622,"url":"https:\/\/i0.wp.com\/infos-droitshumains.net\/wp-content\/uploads\/2022\/10\/IMG-20221012-WA0054_1.jpg?fit=1080%2C622&ssl=1","type":"image\/jpeg"}],"author":"Jo\u00ebl Diawa","twitter_card":"summary_large_image","twitter_misc":{"\u00c9crit par":"Jo\u00ebl Diawa","Dur\u00e9e de lecture estim\u00e9e":"4 minutes"},"schema":{"@context":"https:\/\/schema.org","@graph":[{"@type":"Article","@id":"https:\/\/infos-droitshumains.net\/?p=5213#article","isPartOf":{"@id":"https:\/\/infos-droitshumains.net\/?p=5213"},"author":{"name":"Jo\u00ebl Diawa","@id":"https:\/\/infos-droitshumains.net\/#\/schema\/person\/3dc5e921c3302172e0ed4362f96faab7"},"headline":"TGI-Gombe:Un pr\u00eatre risque la prison pour faux en \u00e9criture et usage de faux","datePublished":"2022-10-12T12:46:16+00:00","dateModified":"2022-10-12T13:10:38+00:00","mainEntityOfPage":{"@id":"https:\/\/infos-droitshumains.net\/?p=5213"},"wordCount":797,"commentCount":0,"publisher":{"@id":"https:\/\/infos-droitshumains.net\/#organization"},"image":{"@id":"https:\/\/infos-droitshumains.net\/?p=5213#primaryimage"},"thumbnailUrl":"https:\/\/i0.wp.com\/infos-droitshumains.net\/wp-content\/uploads\/2022\/10\/IMG-20221012-WA0054_1.jpg?fit=1080%2C622&ssl=1","articleSection":["Justice"],"inLanguage":"fr-FR","potentialAction":[{"@type":"CommentAction","name":"Comment","target":["https:\/\/infos-droitshumains.net\/?p=5213#respond"]}]},{"@type":"WebPage","@id":"https:\/\/infos-droitshumains.net\/?p=5213","url":"https:\/\/infos-droitshumains.net\/?p=5213","name":"TGI-Gombe:Un pr\u00eatre risque la prison pour faux en \u00e9criture et usage de faux - Infos Droits Humains","isPartOf":{"@id":"https:\/\/infos-droitshumains.net\/#website"},"primaryImageOfPage":{"@id":"https:\/\/infos-droitshumains.net\/?p=5213#primaryimage"},"image":{"@id":"https:\/\/infos-droitshumains.net\/?p=5213#primaryimage"},"thumbnailUrl":"https:\/\/i0.wp.com\/infos-droitshumains.net\/wp-content\/uploads\/2022\/10\/IMG-20221012-WA0054_1.jpg?fit=1080%2C622&ssl=1","datePublished":"2022-10-12T12:46:16+00:00","dateModified":"2022-10-12T13:10:38+00:00","breadcrumb":{"@id":"https:\/\/infos-droitshumains.net\/?p=5213#breadcrumb"},"inLanguage":"fr-FR","potentialAction":[{"@type":"ReadAction","target":["https:\/\/infos-droitshumains.net\/?p=5213"]}]},{"@type":"ImageObject","inLanguage":"fr-FR","@id":"https:\/\/infos-droitshumains.net\/?p=5213#primaryimage","url":"https:\/\/i0.wp.com\/infos-droitshumains.net\/wp-content\/uploads\/2022\/10\/IMG-20221012-WA0054_1.jpg?fit=1080%2C622&ssl=1","contentUrl":"https:\/\/i0.wp.com\/infos-droitshumains.net\/wp-content\/uploads\/2022\/10\/IMG-20221012-WA0054_1.jpg?fit=1080%2C622&ssl=1","width":1080,"height":622},{"@type":"BreadcrumbList","@id":"https:\/\/infos-droitshumains.net\/?p=5213#breadcrumb","itemListElement":[{"@type":"ListItem","position":1,"name":"Accueil","item":"https:\/\/infos-droitshumains.net\/"},{"@type":"ListItem","position":2,"name":"TGI-Gombe:Un pr\u00eatre risque la prison pour faux en \u00e9criture et usage de faux"}]},{"@type":"WebSite","@id":"https:\/\/infos-droitshumains.net\/#website","url":"https:\/\/infos-droitshumains.net\/","name":"Infos Droits Humains","description":"S&#039;informer est un droit","publisher":{"@id":"https:\/\/infos-droitshumains.net\/#organization"},"potentialAction":[{"@type":"SearchAction","target":{"@type":"EntryPoint","urlTemplate":"https:\/\/infos-droitshumains.net\/?s={search_term_string}"},"query-input":{"@type":"PropertyValueSpecification","valueRequired":true,"valueName":"search_term_string"}}],"inLanguage":"fr-FR"},{"@type":"Organization","@id":"https:\/\/infos-droitshumains.net\/#organization","name":"Infos Droits Humains","url":"https:\/\/infos-droitshumains.net\/","logo":{"@type":"ImageObject","inLanguage":"fr-FR","@id":"https:\/\/infos-droitshumains.net\/#\/schema\/logo\/image\/","url":"https:\/\/i0.wp.com\/infos-droitshumains.net\/wp-content\/uploads\/2022\/05\/Logo.png?fit=333%2C129&ssl=1","contentUrl":"https:\/\/i0.wp.com\/infos-droitshumains.net\/wp-content\/uploads\/2022\/05\/Logo.png?fit=333%2C129&ssl=1","width":333,"height":129,"caption":"Infos Droits Humains"},"image":{"@id":"https:\/\/infos-droitshumains.net\/#\/schema\/logo\/image\/"}},{"@type":"Person","@id":"https:\/\/infos-droitshumains.net\/#\/schema\/person\/3dc5e921c3302172e0ed4362f96faab7","name":"Jo\u00ebl Diawa","image":{"@type":"ImageObject","inLanguage":"fr-FR","@id":"https:\/\/secure.gravatar.com\/avatar\/729bea6ff4604c624417803c477363be8e3c7186deaa65713313f9b4b820f41c?s=96&d=mm&r=g","url":"https:\/\/secure.gravatar.com\/avatar\/729bea6ff4604c624417803c477363be8e3c7186deaa65713313f9b4b820f41c?s=96&d=mm&r=g","contentUrl":"https:\/\/secure.gravatar.com\/avatar\/729bea6ff4604c624417803c477363be8e3c7186deaa65713313f9b4b820f41c?s=96&d=mm&r=g","caption":"Jo\u00ebl Diawa"},"sameAs":["https:\/\/www.infos-droitshumains.net"],"url":"https:\/\/infos-droitshumains.net\/?author=2"}]}},"featured_image_urls":{"full":["https:\/\/i0.wp.com\/infos-droitshumains.net\/wp-content\/uploads\/2022\/10\/IMG-20221012-WA0054_1.jpg?fit=1080%2C622&ssl=1",1080,622,false],"thumbnail":["https:\/\/i0.wp.com\/infos-droitshumains.net\/wp-content\/uploads\/2022\/10\/IMG-20221012-WA0054_1.jpg?resize=150%2C150&ssl=1",150,150,true],"medium":["https:\/\/i0.wp.com\/infos-droitshumains.net\/wp-content\/uploads\/2022\/10\/IMG-20221012-WA0054_1.jpg?fit=300%2C173&ssl=1",300,173,true],"medium_large":["https:\/\/i0.wp.com\/infos-droitshumains.net\/wp-content\/uploads\/2022\/10\/IMG-20221012-WA0054_1.jpg?fit=640%2C368&ssl=1",640,368,true],"large":["https:\/\/i0.wp.com\/infos-droitshumains.net\/wp-content\/uploads\/2022\/10\/IMG-20221012-WA0054_1.jpg?fit=640%2C369&ssl=1",640,369,true],"1536x1536":["https:\/\/i0.wp.com\/infos-droitshumains.net\/wp-content\/uploads\/2022\/10\/IMG-20221012-WA0054_1.jpg?fit=1080%2C622&ssl=1",1080,622,true],"2048x2048":["https:\/\/i0.wp.com\/infos-droitshumains.net\/wp-content\/uploads\/2022\/10\/IMG-20221012-WA0054_1.jpg?fit=1080%2C622&ssl=1",1080,622,true],"covernews-slider-full":["https:\/\/i0.wp.com\/infos-droitshumains.net\/wp-content\/uploads\/2022\/10\/IMG-20221012-WA0054_1.jpg?resize=1080%2C622&ssl=1",1080,622,true],"covernews-slider-center":["https:\/\/i0.wp.com\/infos-droitshumains.net\/wp-content\/uploads\/2022\/10\/IMG-20221012-WA0054_1.jpg?resize=800%2C500&ssl=1",800,500,true],"covernews-featured":["https:\/\/i0.wp.com\/infos-droitshumains.net\/wp-content\/uploads\/2022\/10\/IMG-20221012-WA0054_1.jpg?fit=1024%2C590&ssl=1",1024,590,true],"covernews-medium":["https:\/\/i0.wp.com\/infos-droitshumains.net\/wp-content\/uploads\/2022\/10\/IMG-20221012-WA0054_1.jpg?resize=540%2C340&ssl=1",540,340,true],"covernews-medium-square":["https:\/\/i0.wp.com\/infos-droitshumains.net\/wp-content\/uploads\/2022\/10\/IMG-20221012-WA0054_1.jpg?resize=400%2C250&ssl=1",400,250,true]},"author_info":{"display_name":"Jo\u00ebl Diawa","author_link":"https:\/\/infos-droitshumains.net\/?author=2"},"category_info":"<a href=\"https:\/\/infos-droitshumains.net\/?cat=6\" rel=\"category\">Justice<\/a>","tag_info":"Justice","comment_count":"0","jetpack_featured_media_url":"https:\/\/i0.wp.com\/infos-droitshumains.net\/wp-content\/uploads\/2022\/10\/IMG-20221012-WA0054_1.jpg?fit=1080%2C622&ssl=1","jetpack-related-posts":[],"jetpack_sharing_enabled":true,"_links":{"self":[{"href":"https:\/\/infos-droitshumains.net\/index.php?rest_route=\/wp\/v2\/posts\/5213","targetHints":{"allow":["GET"]}}],"collection":[{"href":"https:\/\/infos-droitshumains.net\/index.php?rest_route=\/wp\/v2\/posts"}],"about":[{"href":"https:\/\/infos-droitshumains.net\/index.php?rest_route=\/wp\/v2\/types\/post"}],"author":[{"embeddable":true,"href":"https:\/\/infos-droitshumains.net\/index.php?rest_route=\/wp\/v2\/users\/2"}],"replies":[{"embeddable":true,"href":"https:\/\/infos-droitshumains.net\/index.php?rest_route=%2Fwp%2Fv2%2Fcomments&post=5213"}],"version-history":[{"count":6,"href":"https:\/\/infos-droitshumains.net\/index.php?rest_route=\/wp\/v2\/posts\/5213\/revisions"}],"predecessor-version":[{"id":5220,"href":"https:\/\/infos-droitshumains.net\/index.php?rest_route=\/wp\/v2\/posts\/5213\/revisions\/5220"}],"wp:featuredmedia":[{"embeddable":true,"href":"https:\/\/infos-droitshumains.net\/index.php?rest_route=\/wp\/v2\/media\/5216"}],"wp:attachment":[{"href":"https:\/\/infos-droitshumains.net\/index.php?rest_route=%2Fwp%2Fv2%2Fmedia&parent=5213"}],"wp:term":[{"taxonomy":"category","embeddable":true,"href":"https:\/\/infos-droitshumains.net\/index.php?rest_route=%2Fwp%2Fv2%2Fcategories&post=5213"},{"taxonomy":"post_tag","embeddable":true,"href":"https:\/\/infos-droitshumains.net\/index.php?rest_route=%2Fwp%2Fv2%2Ftags&post=5213"}],"curies":[{"name":"wp","href":"https:\/\/api.w.org\/{rel}","templated":true}]}}