{"id":5208,"date":"2022-10-12T14:25:02","date_gmt":"2022-10-12T12:25:02","guid":{"rendered":"https:\/\/infos-droitshumains.net\/?p=5208"},"modified":"2022-10-12T16:54:09","modified_gmt":"2022-10-12T14:54:09","slug":"barreau-de-kinshasa-gombe-me-jean-claude-mbaki-reelu-a-la-majorite-absolue","status":"publish","type":"post","link":"https:\/\/infos-droitshumains.net\/?p=5208","title":{"rendered":"Barreau de Kinshasa-Gombe:Me. Jean-Claude Mbaki r\u00e9\u00e9lu \u00e0 la majorit\u00e9 absolue"},"content":{"rendered":"\n<p><strong>R\u00e9daction :+243817406088<\/strong><\/p>\n\n\n\n<p>C\u2019est ce mardi 11 octobre que s\u2019est tenue l\u2019Assembl\u00e9e G\u00e9n\u00e9rale Elective au barreau pr\u00e8s la Cour d\u2019Appel de Kinshasa-Gombe. Il \u00e9tait question d\u2019\u00e9lire le nouveau b\u00e2tonnier pour succ\u00e9der \u00e0 Jean-Claude Mbaki \u00e9lu depuis 2020.<\/p>\n\n\n\n<p>Ouverte le mardi 11 octobre dans les apr\u00e8s-midi, cette Assembl\u00e9e G\u00e9n\u00e9rale s\u2019est cl\u00f4tur\u00e9e \u00e0 6heure du mercredi 12 octobre quand les derniers r\u00e9sultats ont \u00e9t\u00e9 publi\u00e9s.<\/p>\n\n\n\n<p>Favori pour briguer un second mandat, le b\u00e2tonnier sortant Jean-Claude Mbaki a confirm\u00e9 les sondages \u00e0 l\u2019emportant avec une majorit\u00e9 absolue, soit 736 voix contre 469 pour son challenger maitre Andr\u00e9 Kibambe Kikangala sur 1220 \u00e9lecteurs.<\/p>\n\n\n\n<p>En toute sportivit\u00e9, l&rsquo;\u00e9lu a avant tout, rendu un vibrant hommage \u00e0 son challenger au cours de sa premi\u00e8re prise de parole. Pour lui, sa victoire l&rsquo;est autant pour le barreau.<\/p>\n\n\n\n<p><em>\u00ab Je voulais aussi d\u2019une mani\u00e8re particuli\u00e8re remercier mon tr\u00e8s cher confr\u00e8re Andr\u00e9 qui a fait le premier pas pour venir me saluer. Et je lui dis tout simplement que personne n\u2019a perdu, c\u2019est le barreau qui a gagn\u00e9 \u00bb<\/em>, a-t-il dit.<\/p>\n\n\n\n<p>Jean-Claude Mbaki Siluzaku va donc rempiler pour trois ans afin dit-il, <em>\u00abparachever\u00bb<\/em> l\u2019\u0153uvre qu\u2019il avait commenc\u00e9. Il d\u00e9die cette victoire \u00e0 tous les avocats de son barreau.<\/p>\n\n\n\n<p><em>\u00ab Je n\u2019ai pas vraiment battu campagne comme je  l\u2019avais fait en 2013, en 2016 et en 2020. Je voulais m\u2019assurer si les avocats du barreau de Kinshasa-Gombe respectent la tradition. On donne toujours un deuxi\u00e8me mandat au b\u00e2tonnier.  Je voudrai remercier tous les avocats du barreau de Kinshasa-Gombe pour avoir donn\u00e9 suite \u00e0 ma requ\u00eate ou je vous ai demand\u00e9 de me restituer le pouvoir pour parachever et vous l\u2019avait fait. De tout c\u0153ur, grand merci \u00bb<\/em>.<\/p>\n\n\n\n<p>Le b\u00e2tonnier Mbaki a en fin rappel\u00e9 \u00e0 ses confr\u00e8res du barreau de Kinshasa\/Gombe leurs devoirs vis-\u00e0-vis du barreau.<\/p>\n\n\n\n<p><em>\u00abSi vous \u00e9tiez reconnaissant \u00e0 mon \u00e9gard, \u00e0 moins de trois ans, pendant la Covid, ce que j\u2019ai fait, c\u2019est une mani\u00e8re de me dire merci et me dire que vous avez reconnu les sacrifices que nous avons tous consenti. Je ne peux que vous demander d\u2019avantage d\u2019aider le barreau et d\u2019\u00eatre tous derri\u00e8re le b\u00e2tonnier\u00bb,<\/em> a conclu Jean-Claude Mbaki.<\/p>\n\n\n\n<p>Notez que cette Assembl\u00e9e va se poursuivre le 22 octobre prochain, cette fois-l\u00e0, pour \u00e9lire les membres du conseil de l\u2019ordre.<\/p>\n\n\n\n<p>Merlin Kamalandua<\/p>\n","protected":false},"excerpt":{"rendered":"<p>R\u00e9daction :+243817406088 C\u2019est ce mardi 11 octobre que s\u2019est tenue l\u2019Assembl\u00e9e G\u00e9n\u00e9rale Elective au barreau&#8230;<\/p>\n","protected":false},"author":2,"featured_media":5211,"comment_status":"open","ping_status":"open","sticky":false,"template":"","format":"standard","meta":{"_jetpack_memberships_contains_paid_content":false,"footnotes":""},"categories":[6],"tags":[],"class_list":["post-5208","post","type-post","status-publish","format-standard","has-post-thumbnail","hentry","category-justice"],"yoast_head":"<!-- This site is optimized with the Yoast SEO plugin v27.5 - https:\/\/yoast.com\/product\/yoast-seo-wordpress\/ -->\n<title>Barreau de Kinshasa-Gombe:Me. Jean-Claude Mbaki r\u00e9\u00e9lu \u00e0 la majorit\u00e9 absolue - Infos Droits Humains<\/title>\n<meta name=\"robots\" content=\"index, follow, max-snippet:-1, max-image-preview:large, max-video-preview:-1\" \/>\n<link rel=\"canonical\" href=\"https:\/\/infos-droitshumains.net\/?p=5208\" \/>\n<meta property=\"og:locale\" content=\"fr_FR\" \/>\n<meta property=\"og:type\" content=\"article\" \/>\n<meta property=\"og:title\" content=\"Barreau de Kinshasa-Gombe:Me. Jean-Claude Mbaki r\u00e9\u00e9lu \u00e0 la majorit\u00e9 absolue - Infos Droits Humains\" \/>\n<meta property=\"og:description\" content=\"R\u00e9daction :+243817406088 C\u2019est ce mardi 11 octobre que s\u2019est tenue l\u2019Assembl\u00e9e G\u00e9n\u00e9rale Elective au barreau...\" \/>\n<meta property=\"og:url\" content=\"https:\/\/infos-droitshumains.net\/?p=5208\" \/>\n<meta property=\"og:site_name\" content=\"Infos Droits Humains\" \/>\n<meta property=\"article:published_time\" content=\"2022-10-12T12:25:02+00:00\" \/>\n<meta property=\"article:modified_time\" content=\"2022-10-12T14:54:09+00:00\" \/>\n<meta property=\"og:image\" content=\"https:\/\/i0.wp.com\/infos-droitshumains.net\/wp-content\/uploads\/2022\/10\/243811916419_status_6074369d20bc40ff9e06c5e908eaaa1d_2.jpg?fit=698%2C678&ssl=1\" \/>\n\t<meta property=\"og:image:width\" content=\"698\" \/>\n\t<meta property=\"og:image:height\" content=\"678\" \/>\n\t<meta property=\"og:image:type\" content=\"image\/jpeg\" \/>\n<meta name=\"author\" content=\"Jo\u00ebl Diawa\" \/>\n<meta name=\"twitter:card\" content=\"summary_large_image\" \/>\n<meta name=\"twitter:label1\" content=\"\u00c9crit par\" \/>\n\t<meta name=\"twitter:data1\" content=\"Jo\u00ebl Diawa\" \/>\n\t<meta name=\"twitter:label2\" content=\"Dur\u00e9e de lecture estim\u00e9e\" \/>\n\t<meta name=\"twitter:data2\" content=\"2 minutes\" \/>\n<script type=\"application\/ld+json\" class=\"yoast-schema-graph\">{\"@context\":\"https:\\\/\\\/schema.org\",\"@graph\":[{\"@type\":\"Article\",\"@id\":\"https:\\\/\\\/infos-droitshumains.net\\\/?p=5208#article\",\"isPartOf\":{\"@id\":\"https:\\\/\\\/infos-droitshumains.net\\\/?p=5208\"},\"author\":{\"name\":\"Jo\u00ebl Diawa\",\"@id\":\"https:\\\/\\\/infos-droitshumains.net\\\/#\\\/schema\\\/person\\\/3dc5e921c3302172e0ed4362f96faab7\"},\"headline\":\"Barreau de Kinshasa-Gombe:Me. Jean-Claude Mbaki r\u00e9\u00e9lu \u00e0 la majorit\u00e9 absolue\",\"datePublished\":\"2022-10-12T12:25:02+00:00\",\"dateModified\":\"2022-10-12T14:54:09+00:00\",\"mainEntityOfPage\":{\"@id\":\"https:\\\/\\\/infos-droitshumains.net\\\/?p=5208\"},\"wordCount\":421,\"commentCount\":0,\"publisher\":{\"@id\":\"https:\\\/\\\/infos-droitshumains.net\\\/#organization\"},\"image\":{\"@id\":\"https:\\\/\\\/infos-droitshumains.net\\\/?p=5208#primaryimage\"},\"thumbnailUrl\":\"https:\\\/\\\/i0.wp.com\\\/infos-droitshumains.net\\\/wp-content\\\/uploads\\\/2022\\\/10\\\/243811916419_status_6074369d20bc40ff9e06c5e908eaaa1d_2.jpg?fit=698%2C678&ssl=1\",\"articleSection\":[\"Justice\"],\"inLanguage\":\"fr-FR\",\"potentialAction\":[{\"@type\":\"CommentAction\",\"name\":\"Comment\",\"target\":[\"https:\\\/\\\/infos-droitshumains.net\\\/?p=5208#respond\"]}]},{\"@type\":\"WebPage\",\"@id\":\"https:\\\/\\\/infos-droitshumains.net\\\/?p=5208\",\"url\":\"https:\\\/\\\/infos-droitshumains.net\\\/?p=5208\",\"name\":\"Barreau de Kinshasa-Gombe:Me. Jean-Claude Mbaki r\u00e9\u00e9lu \u00e0 la majorit\u00e9 absolue - Infos Droits Humains\",\"isPartOf\":{\"@id\":\"https:\\\/\\\/infos-droitshumains.net\\\/#website\"},\"primaryImageOfPage\":{\"@id\":\"https:\\\/\\\/infos-droitshumains.net\\\/?p=5208#primaryimage\"},\"image\":{\"@id\":\"https:\\\/\\\/infos-droitshumains.net\\\/?p=5208#primaryimage\"},\"thumbnailUrl\":\"https:\\\/\\\/i0.wp.com\\\/infos-droitshumains.net\\\/wp-content\\\/uploads\\\/2022\\\/10\\\/243811916419_status_6074369d20bc40ff9e06c5e908eaaa1d_2.jpg?fit=698%2C678&ssl=1\",\"datePublished\":\"2022-10-12T12:25:02+00:00\",\"dateModified\":\"2022-10-12T14:54:09+00:00\",\"breadcrumb\":{\"@id\":\"https:\\\/\\\/infos-droitshumains.net\\\/?p=5208#breadcrumb\"},\"inLanguage\":\"fr-FR\",\"potentialAction\":[{\"@type\":\"ReadAction\",\"target\":[\"https:\\\/\\\/infos-droitshumains.net\\\/?p=5208\"]}]},{\"@type\":\"ImageObject\",\"inLanguage\":\"fr-FR\",\"@id\":\"https:\\\/\\\/infos-droitshumains.net\\\/?p=5208#primaryimage\",\"url\":\"https:\\\/\\\/i0.wp.com\\\/infos-droitshumains.net\\\/wp-content\\\/uploads\\\/2022\\\/10\\\/243811916419_status_6074369d20bc40ff9e06c5e908eaaa1d_2.jpg?fit=698%2C678&ssl=1\",\"contentUrl\":\"https:\\\/\\\/i0.wp.com\\\/infos-droitshumains.net\\\/wp-content\\\/uploads\\\/2022\\\/10\\\/243811916419_status_6074369d20bc40ff9e06c5e908eaaa1d_2.jpg?fit=698%2C678&ssl=1\",\"width\":698,\"height\":678},{\"@type\":\"BreadcrumbList\",\"@id\":\"https:\\\/\\\/infos-droitshumains.net\\\/?p=5208#breadcrumb\",\"itemListElement\":[{\"@type\":\"ListItem\",\"position\":1,\"name\":\"Accueil\",\"item\":\"https:\\\/\\\/infos-droitshumains.net\\\/\"},{\"@type\":\"ListItem\",\"position\":2,\"name\":\"Barreau de Kinshasa-Gombe:Me. Jean-Claude Mbaki r\u00e9\u00e9lu \u00e0 la majorit\u00e9 absolue\"}]},{\"@type\":\"WebSite\",\"@id\":\"https:\\\/\\\/infos-droitshumains.net\\\/#website\",\"url\":\"https:\\\/\\\/infos-droitshumains.net\\\/\",\"name\":\"Infos Droits Humains\",\"description\":\"S&#039;informer est un droit\",\"publisher\":{\"@id\":\"https:\\\/\\\/infos-droitshumains.net\\\/#organization\"},\"potentialAction\":[{\"@type\":\"SearchAction\",\"target\":{\"@type\":\"EntryPoint\",\"urlTemplate\":\"https:\\\/\\\/infos-droitshumains.net\\\/?s={search_term_string}\"},\"query-input\":{\"@type\":\"PropertyValueSpecification\",\"valueRequired\":true,\"valueName\":\"search_term_string\"}}],\"inLanguage\":\"fr-FR\"},{\"@type\":\"Organization\",\"@id\":\"https:\\\/\\\/infos-droitshumains.net\\\/#organization\",\"name\":\"Infos Droits Humains\",\"url\":\"https:\\\/\\\/infos-droitshumains.net\\\/\",\"logo\":{\"@type\":\"ImageObject\",\"inLanguage\":\"fr-FR\",\"@id\":\"https:\\\/\\\/infos-droitshumains.net\\\/#\\\/schema\\\/logo\\\/image\\\/\",\"url\":\"https:\\\/\\\/i0.wp.com\\\/infos-droitshumains.net\\\/wp-content\\\/uploads\\\/2022\\\/05\\\/Logo.png?fit=333%2C129&ssl=1\",\"contentUrl\":\"https:\\\/\\\/i0.wp.com\\\/infos-droitshumains.net\\\/wp-content\\\/uploads\\\/2022\\\/05\\\/Logo.png?fit=333%2C129&ssl=1\",\"width\":333,\"height\":129,\"caption\":\"Infos Droits Humains\"},\"image\":{\"@id\":\"https:\\\/\\\/infos-droitshumains.net\\\/#\\\/schema\\\/logo\\\/image\\\/\"}},{\"@type\":\"Person\",\"@id\":\"https:\\\/\\\/infos-droitshumains.net\\\/#\\\/schema\\\/person\\\/3dc5e921c3302172e0ed4362f96faab7\",\"name\":\"Jo\u00ebl Diawa\",\"image\":{\"@type\":\"ImageObject\",\"inLanguage\":\"fr-FR\",\"@id\":\"https:\\\/\\\/secure.gravatar.com\\\/avatar\\\/729bea6ff4604c624417803c477363be8e3c7186deaa65713313f9b4b820f41c?s=96&d=mm&r=g\",\"url\":\"https:\\\/\\\/secure.gravatar.com\\\/avatar\\\/729bea6ff4604c624417803c477363be8e3c7186deaa65713313f9b4b820f41c?s=96&d=mm&r=g\",\"contentUrl\":\"https:\\\/\\\/secure.gravatar.com\\\/avatar\\\/729bea6ff4604c624417803c477363be8e3c7186deaa65713313f9b4b820f41c?s=96&d=mm&r=g\",\"caption\":\"Jo\u00ebl Diawa\"},\"sameAs\":[\"https:\\\/\\\/www.infos-droitshumains.net\"],\"url\":\"https:\\\/\\\/infos-droitshumains.net\\\/?author=2\"}]}<\/script>\n<!-- \/ Yoast SEO plugin. -->","yoast_head_json":{"title":"Barreau de Kinshasa-Gombe:Me. Jean-Claude Mbaki r\u00e9\u00e9lu \u00e0 la majorit\u00e9 absolue - Infos Droits Humains","robots":{"index":"index","follow":"follow","max-snippet":"max-snippet:-1","max-image-preview":"max-image-preview:large","max-video-preview":"max-video-preview:-1"},"canonical":"https:\/\/infos-droitshumains.net\/?p=5208","og_locale":"fr_FR","og_type":"article","og_title":"Barreau de Kinshasa-Gombe:Me. Jean-Claude Mbaki r\u00e9\u00e9lu \u00e0 la majorit\u00e9 absolue - Infos Droits Humains","og_description":"R\u00e9daction :+243817406088 C\u2019est ce mardi 11 octobre que s\u2019est tenue l\u2019Assembl\u00e9e G\u00e9n\u00e9rale Elective au barreau...","og_url":"https:\/\/infos-droitshumains.net\/?p=5208","og_site_name":"Infos Droits Humains","article_published_time":"2022-10-12T12:25:02+00:00","article_modified_time":"2022-10-12T14:54:09+00:00","og_image":[{"width":698,"height":678,"url":"https:\/\/i0.wp.com\/infos-droitshumains.net\/wp-content\/uploads\/2022\/10\/243811916419_status_6074369d20bc40ff9e06c5e908eaaa1d_2.jpg?fit=698%2C678&ssl=1","type":"image\/jpeg"}],"author":"Jo\u00ebl Diawa","twitter_card":"summary_large_image","twitter_misc":{"\u00c9crit par":"Jo\u00ebl Diawa","Dur\u00e9e de lecture estim\u00e9e":"2 minutes"},"schema":{"@context":"https:\/\/schema.org","@graph":[{"@type":"Article","@id":"https:\/\/infos-droitshumains.net\/?p=5208#article","isPartOf":{"@id":"https:\/\/infos-droitshumains.net\/?p=5208"},"author":{"name":"Jo\u00ebl Diawa","@id":"https:\/\/infos-droitshumains.net\/#\/schema\/person\/3dc5e921c3302172e0ed4362f96faab7"},"headline":"Barreau de Kinshasa-Gombe:Me. Jean-Claude Mbaki r\u00e9\u00e9lu \u00e0 la majorit\u00e9 absolue","datePublished":"2022-10-12T12:25:02+00:00","dateModified":"2022-10-12T14:54:09+00:00","mainEntityOfPage":{"@id":"https:\/\/infos-droitshumains.net\/?p=5208"},"wordCount":421,"commentCount":0,"publisher":{"@id":"https:\/\/infos-droitshumains.net\/#organization"},"image":{"@id":"https:\/\/infos-droitshumains.net\/?p=5208#primaryimage"},"thumbnailUrl":"https:\/\/i0.wp.com\/infos-droitshumains.net\/wp-content\/uploads\/2022\/10\/243811916419_status_6074369d20bc40ff9e06c5e908eaaa1d_2.jpg?fit=698%2C678&ssl=1","articleSection":["Justice"],"inLanguage":"fr-FR","potentialAction":[{"@type":"CommentAction","name":"Comment","target":["https:\/\/infos-droitshumains.net\/?p=5208#respond"]}]},{"@type":"WebPage","@id":"https:\/\/infos-droitshumains.net\/?p=5208","url":"https:\/\/infos-droitshumains.net\/?p=5208","name":"Barreau de Kinshasa-Gombe:Me. Jean-Claude Mbaki r\u00e9\u00e9lu \u00e0 la majorit\u00e9 absolue - Infos Droits Humains","isPartOf":{"@id":"https:\/\/infos-droitshumains.net\/#website"},"primaryImageOfPage":{"@id":"https:\/\/infos-droitshumains.net\/?p=5208#primaryimage"},"image":{"@id":"https:\/\/infos-droitshumains.net\/?p=5208#primaryimage"},"thumbnailUrl":"https:\/\/i0.wp.com\/infos-droitshumains.net\/wp-content\/uploads\/2022\/10\/243811916419_status_6074369d20bc40ff9e06c5e908eaaa1d_2.jpg?fit=698%2C678&ssl=1","datePublished":"2022-10-12T12:25:02+00:00","dateModified":"2022-10-12T14:54:09+00:00","breadcrumb":{"@id":"https:\/\/infos-droitshumains.net\/?p=5208#breadcrumb"},"inLanguage":"fr-FR","potentialAction":[{"@type":"ReadAction","target":["https:\/\/infos-droitshumains.net\/?p=5208"]}]},{"@type":"ImageObject","inLanguage":"fr-FR","@id":"https:\/\/infos-droitshumains.net\/?p=5208#primaryimage","url":"https:\/\/i0.wp.com\/infos-droitshumains.net\/wp-content\/uploads\/2022\/10\/243811916419_status_6074369d20bc40ff9e06c5e908eaaa1d_2.jpg?fit=698%2C678&ssl=1","contentUrl":"https:\/\/i0.wp.com\/infos-droitshumains.net\/wp-content\/uploads\/2022\/10\/243811916419_status_6074369d20bc40ff9e06c5e908eaaa1d_2.jpg?fit=698%2C678&ssl=1","width":698,"height":678},{"@type":"BreadcrumbList","@id":"https:\/\/infos-droitshumains.net\/?p=5208#breadcrumb","itemListElement":[{"@type":"ListItem","position":1,"name":"Accueil","item":"https:\/\/infos-droitshumains.net\/"},{"@type":"ListItem","position":2,"name":"Barreau de Kinshasa-Gombe:Me. Jean-Claude Mbaki r\u00e9\u00e9lu \u00e0 la majorit\u00e9 absolue"}]},{"@type":"WebSite","@id":"https:\/\/infos-droitshumains.net\/#website","url":"https:\/\/infos-droitshumains.net\/","name":"Infos Droits Humains","description":"S&#039;informer est un droit","publisher":{"@id":"https:\/\/infos-droitshumains.net\/#organization"},"potentialAction":[{"@type":"SearchAction","target":{"@type":"EntryPoint","urlTemplate":"https:\/\/infos-droitshumains.net\/?s={search_term_string}"},"query-input":{"@type":"PropertyValueSpecification","valueRequired":true,"valueName":"search_term_string"}}],"inLanguage":"fr-FR"},{"@type":"Organization","@id":"https:\/\/infos-droitshumains.net\/#organization","name":"Infos Droits Humains","url":"https:\/\/infos-droitshumains.net\/","logo":{"@type":"ImageObject","inLanguage":"fr-FR","@id":"https:\/\/infos-droitshumains.net\/#\/schema\/logo\/image\/","url":"https:\/\/i0.wp.com\/infos-droitshumains.net\/wp-content\/uploads\/2022\/05\/Logo.png?fit=333%2C129&ssl=1","contentUrl":"https:\/\/i0.wp.com\/infos-droitshumains.net\/wp-content\/uploads\/2022\/05\/Logo.png?fit=333%2C129&ssl=1","width":333,"height":129,"caption":"Infos Droits Humains"},"image":{"@id":"https:\/\/infos-droitshumains.net\/#\/schema\/logo\/image\/"}},{"@type":"Person","@id":"https:\/\/infos-droitshumains.net\/#\/schema\/person\/3dc5e921c3302172e0ed4362f96faab7","name":"Jo\u00ebl Diawa","image":{"@type":"ImageObject","inLanguage":"fr-FR","@id":"https:\/\/secure.gravatar.com\/avatar\/729bea6ff4604c624417803c477363be8e3c7186deaa65713313f9b4b820f41c?s=96&d=mm&r=g","url":"https:\/\/secure.gravatar.com\/avatar\/729bea6ff4604c624417803c477363be8e3c7186deaa65713313f9b4b820f41c?s=96&d=mm&r=g","contentUrl":"https:\/\/secure.gravatar.com\/avatar\/729bea6ff4604c624417803c477363be8e3c7186deaa65713313f9b4b820f41c?s=96&d=mm&r=g","caption":"Jo\u00ebl Diawa"},"sameAs":["https:\/\/www.infos-droitshumains.net"],"url":"https:\/\/infos-droitshumains.net\/?author=2"}]}},"featured_image_urls":{"full":["https:\/\/i0.wp.com\/infos-droitshumains.net\/wp-content\/uploads\/2022\/10\/243811916419_status_6074369d20bc40ff9e06c5e908eaaa1d_2.jpg?fit=698%2C678&ssl=1",698,678,false],"thumbnail":["https:\/\/i0.wp.com\/infos-droitshumains.net\/wp-content\/uploads\/2022\/10\/243811916419_status_6074369d20bc40ff9e06c5e908eaaa1d_2.jpg?resize=150%2C150&ssl=1",150,150,true],"medium":["https:\/\/i0.wp.com\/infos-droitshumains.net\/wp-content\/uploads\/2022\/10\/243811916419_status_6074369d20bc40ff9e06c5e908eaaa1d_2.jpg?fit=300%2C291&ssl=1",300,291,true],"medium_large":["https:\/\/i0.wp.com\/infos-droitshumains.net\/wp-content\/uploads\/2022\/10\/243811916419_status_6074369d20bc40ff9e06c5e908eaaa1d_2.jpg?fit=640%2C622&ssl=1",640,622,true],"large":["https:\/\/i0.wp.com\/infos-droitshumains.net\/wp-content\/uploads\/2022\/10\/243811916419_status_6074369d20bc40ff9e06c5e908eaaa1d_2.jpg?fit=640%2C622&ssl=1",640,622,true],"1536x1536":["https:\/\/i0.wp.com\/infos-droitshumains.net\/wp-content\/uploads\/2022\/10\/243811916419_status_6074369d20bc40ff9e06c5e908eaaa1d_2.jpg?fit=698%2C678&ssl=1",698,678,true],"2048x2048":["https:\/\/i0.wp.com\/infos-droitshumains.net\/wp-content\/uploads\/2022\/10\/243811916419_status_6074369d20bc40ff9e06c5e908eaaa1d_2.jpg?fit=698%2C678&ssl=1",698,678,true],"covernews-slider-full":["https:\/\/i0.wp.com\/infos-droitshumains.net\/wp-content\/uploads\/2022\/10\/243811916419_status_6074369d20bc40ff9e06c5e908eaaa1d_2.jpg?resize=698%2C678&ssl=1",698,678,true],"covernews-slider-center":["https:\/\/i0.wp.com\/infos-droitshumains.net\/wp-content\/uploads\/2022\/10\/243811916419_status_6074369d20bc40ff9e06c5e908eaaa1d_2.jpg?resize=698%2C500&ssl=1",698,500,true],"covernews-featured":["https:\/\/i0.wp.com\/infos-droitshumains.net\/wp-content\/uploads\/2022\/10\/243811916419_status_6074369d20bc40ff9e06c5e908eaaa1d_2.jpg?fit=698%2C678&ssl=1",698,678,true],"covernews-medium":["https:\/\/i0.wp.com\/infos-droitshumains.net\/wp-content\/uploads\/2022\/10\/243811916419_status_6074369d20bc40ff9e06c5e908eaaa1d_2.jpg?resize=540%2C340&ssl=1",540,340,true],"covernews-medium-square":["https:\/\/i0.wp.com\/infos-droitshumains.net\/wp-content\/uploads\/2022\/10\/243811916419_status_6074369d20bc40ff9e06c5e908eaaa1d_2.jpg?resize=400%2C250&ssl=1",400,250,true]},"author_info":{"display_name":"Jo\u00ebl Diawa","author_link":"https:\/\/infos-droitshumains.net\/?author=2"},"category_info":"<a href=\"https:\/\/infos-droitshumains.net\/?cat=6\" rel=\"category\">Justice<\/a>","tag_info":"Justice","comment_count":"0","jetpack_featured_media_url":"https:\/\/i0.wp.com\/infos-droitshumains.net\/wp-content\/uploads\/2022\/10\/243811916419_status_6074369d20bc40ff9e06c5e908eaaa1d_2.jpg?fit=698%2C678&ssl=1","jetpack-related-posts":[],"jetpack_sharing_enabled":true,"_links":{"self":[{"href":"https:\/\/infos-droitshumains.net\/index.php?rest_route=\/wp\/v2\/posts\/5208","targetHints":{"allow":["GET"]}}],"collection":[{"href":"https:\/\/infos-droitshumains.net\/index.php?rest_route=\/wp\/v2\/posts"}],"about":[{"href":"https:\/\/infos-droitshumains.net\/index.php?rest_route=\/wp\/v2\/types\/post"}],"author":[{"embeddable":true,"href":"https:\/\/infos-droitshumains.net\/index.php?rest_route=\/wp\/v2\/users\/2"}],"replies":[{"embeddable":true,"href":"https:\/\/infos-droitshumains.net\/index.php?rest_route=%2Fwp%2Fv2%2Fcomments&post=5208"}],"version-history":[{"count":12,"href":"https:\/\/infos-droitshumains.net\/index.php?rest_route=\/wp\/v2\/posts\/5208\/revisions"}],"predecessor-version":[{"id":5238,"href":"https:\/\/infos-droitshumains.net\/index.php?rest_route=\/wp\/v2\/posts\/5208\/revisions\/5238"}],"wp:featuredmedia":[{"embeddable":true,"href":"https:\/\/infos-droitshumains.net\/index.php?rest_route=\/wp\/v2\/media\/5211"}],"wp:attachment":[{"href":"https:\/\/infos-droitshumains.net\/index.php?rest_route=%2Fwp%2Fv2%2Fmedia&parent=5208"}],"wp:term":[{"taxonomy":"category","embeddable":true,"href":"https:\/\/infos-droitshumains.net\/index.php?rest_route=%2Fwp%2Fv2%2Fcategories&post=5208"},{"taxonomy":"post_tag","embeddable":true,"href":"https:\/\/infos-droitshumains.net\/index.php?rest_route=%2Fwp%2Fv2%2Ftags&post=5208"}],"curies":[{"name":"wp","href":"https:\/\/api.w.org\/{rel}","templated":true}]}}