{"id":5204,"date":"2022-10-10T13:19:23","date_gmt":"2022-10-10T11:19:23","guid":{"rendered":"https:\/\/infos-droitshumains.net\/?p=5204"},"modified":"2022-10-10T13:23:53","modified_gmt":"2022-10-10T11:23:53","slug":"concours-de-recrutement-des-nouveaux-magistratsle-president-de-la-cour-constitutionnelle-appelle-les-candidats-a-un-sens-eleve-du-devoir","status":"publish","type":"post","link":"https:\/\/infos-droitshumains.net\/?p=5204","title":{"rendered":"Concours de recrutement des nouveaux magistrats:Le Pr\u00e9sident de la Cour Constitutionnelle appelle les candidats \u00e0 un sens \u00e9lev\u00e9 du devoir"},"content":{"rendered":"\n<p><strong>R\u00e9daction :+243817406088<\/strong><\/p>\n\n\n\n<p>C\u2019est ce dimanche 09 octobre que le Pr\u00e9sident de la Cour Constitutionnelle a lanc\u00e9 le concours de recrutement des magistrats depuis la ville de Lubumbashi, Chef-lieu de la province du Haut-Katanga. Accompagn\u00e9 du vice-gouverneur du Haut Katanga et le Maire de Lubumbashi, Dieudonn\u00e9 Kamuleta est arriv\u00e9 au complexe scolaire Imara \u00e0 9heure locale ou il a eu une s\u00e9ance de briefing avec les candidats bien avant le d\u00e9but des hostilit\u00e9s.<\/p>\n\n\n\n<p>Dieudonn\u00e9 Kamuleta a avant tout annonc\u00e9 qu\u2019\u00e0 l&rsquo;issue de ce concours quatre milles candidats seront recrut\u00e9s au lieu de trois milles comme initialement pr\u00e9vu. <em>\u00ab Cette r\u00e9vision a \u00e9t\u00e9 d\u00e9cid\u00e9e par le Chef de l&rsquo;\u00c9tat lui-m\u00eame \u00bb<\/em> lorsqu&rsquo;il a re\u00e7u vendredi dernier le Pr\u00e9sident de la Cour Constitutionnelle qui est aussi Pr\u00e9sident du Conseil Sup\u00e9rieur de la Magistrature, a-t-il renseign\u00e9. Une d\u00e9cision vivement salu\u00e9e par les candidats pr\u00e9sents \u00e0 la c\u00e9r\u00e9monie.<\/p>\n\n\n\n<p>Conscient des mots qui rongent l\u2019appareil judiciaire congolais, le Pr\u00e9sident Kamuleta reste tout de m\u00eame persuad\u00e9 que cette nouvelle vague apportera du sang nouveau.<\/p>\n\n\n\n<p><em>\u00ab Le recrutement qui vient d\u2019\u00eatre fait pr\u00e9sente un grand int\u00e9r\u00eat pour la nation et pour le Conseil Sup\u00e9rieur de la Magistrature. L\u2019effectif des magistrats n\u2019est pas suffisant, et la population n\u2019est pas satisfaite de sa justice. Le compte rendu du Conseil des Ministre de ce vendredi a stigmatis\u00e9 le fait que le Chef de l\u2019Etat, Magistrat Supr\u00eame a encore tir\u00e9 l\u2019attention et du gouvernement et du Conseil Sup\u00e9rieur de la Magistrature sur le fait qu\u2019il y avait encore des choses d\u00e9plorables dans notre justice. C\u2019est cela qui nous motive encore d\u2019avantage pour faire en sorte que cette masse salvatrice qui arrive, ce sang nouveau qui sera inject\u00e9 dans le corps judiciaire puisse \u00eatre un sang de qualit\u00e9 pour amener la bonne sant\u00e9 au lieu d\u2019aggravera encore la sant\u00e9 et nuire \u00e0 l\u2019\u00e9quilibre d\u00e9j\u00e0 pr\u00e9caire \u00bb.<\/em><\/p>\n\n\n\n<p>Il a par ailleurs rappel\u00e9 \u00e0 ces candidats, l\u2019immense responsabilit\u00e9 qui les attend. <em>\u00abLe Magistrat ne s&rsquo;engage pas juste pour qu&rsquo;on le voit ; Il doit avoir un sens \u00e9lev\u00e9 du devoir \u00bb<\/em>, a dit en substance le num\u00e9ro du pouvoir judiciaire Congolais.<\/p>\n\n\n\n<p>Parmi au moins 18992 candidats enregistr\u00e9s, il y a ceux qui prendront la rel\u00e8ve de ce corps noble sur lequel repose la d\u00e9mocratie et l\u2019Etat de droit.<\/p>\n\n\n\n<p>Merlin Kamalandua<\/p>\n","protected":false},"excerpt":{"rendered":"<p>R\u00e9daction :+243817406088 C\u2019est ce dimanche 09 octobre que le Pr\u00e9sident de la Cour Constitutionnelle a&#8230;<\/p>\n","protected":false},"author":2,"featured_media":5207,"comment_status":"open","ping_status":"open","sticky":false,"template":"","format":"standard","meta":{"_jetpack_memberships_contains_paid_content":false,"footnotes":""},"categories":[6],"tags":[],"class_list":["post-5204","post","type-post","status-publish","format-standard","has-post-thumbnail","hentry","category-justice"],"yoast_head":"<!-- This site is optimized with the Yoast SEO plugin v27.5 - https:\/\/yoast.com\/product\/yoast-seo-wordpress\/ -->\n<title>Concours de recrutement des nouveaux magistrats:Le Pr\u00e9sident de la Cour Constitutionnelle appelle les candidats \u00e0 un sens \u00e9lev\u00e9 du devoir - Infos Droits Humains<\/title>\n<meta name=\"robots\" content=\"index, follow, max-snippet:-1, max-image-preview:large, max-video-preview:-1\" \/>\n<link rel=\"canonical\" href=\"https:\/\/infos-droitshumains.net\/?p=5204\" \/>\n<meta property=\"og:locale\" content=\"fr_FR\" \/>\n<meta property=\"og:type\" content=\"article\" \/>\n<meta property=\"og:title\" content=\"Concours de recrutement des nouveaux magistrats:Le Pr\u00e9sident de la Cour Constitutionnelle appelle les candidats \u00e0 un sens \u00e9lev\u00e9 du devoir - Infos Droits Humains\" \/>\n<meta property=\"og:description\" content=\"R\u00e9daction :+243817406088 C\u2019est ce dimanche 09 octobre que le Pr\u00e9sident de la Cour Constitutionnelle a...\" \/>\n<meta property=\"og:url\" content=\"https:\/\/infos-droitshumains.net\/?p=5204\" \/>\n<meta property=\"og:site_name\" content=\"Infos Droits Humains\" \/>\n<meta property=\"article:published_time\" content=\"2022-10-10T11:19:23+00:00\" \/>\n<meta property=\"article:modified_time\" content=\"2022-10-10T11:23:53+00:00\" \/>\n<meta property=\"og:image\" content=\"https:\/\/i0.wp.com\/infos-droitshumains.net\/wp-content\/uploads\/2022\/10\/IMG-20221009-WA0021_1.jpg?fit=1080%2C628&ssl=1\" \/>\n\t<meta property=\"og:image:width\" content=\"1080\" \/>\n\t<meta property=\"og:image:height\" content=\"628\" \/>\n\t<meta property=\"og:image:type\" content=\"image\/jpeg\" \/>\n<meta name=\"author\" content=\"Jo\u00ebl Diawa\" \/>\n<meta name=\"twitter:card\" content=\"summary_large_image\" \/>\n<meta name=\"twitter:label1\" content=\"\u00c9crit par\" \/>\n\t<meta name=\"twitter:data1\" content=\"Jo\u00ebl Diawa\" \/>\n\t<meta name=\"twitter:label2\" content=\"Dur\u00e9e de lecture estim\u00e9e\" \/>\n\t<meta name=\"twitter:data2\" content=\"2 minutes\" \/>\n<script type=\"application\/ld+json\" class=\"yoast-schema-graph\">{\"@context\":\"https:\\\/\\\/schema.org\",\"@graph\":[{\"@type\":\"Article\",\"@id\":\"https:\\\/\\\/infos-droitshumains.net\\\/?p=5204#article\",\"isPartOf\":{\"@id\":\"https:\\\/\\\/infos-droitshumains.net\\\/?p=5204\"},\"author\":{\"name\":\"Jo\u00ebl Diawa\",\"@id\":\"https:\\\/\\\/infos-droitshumains.net\\\/#\\\/schema\\\/person\\\/3dc5e921c3302172e0ed4362f96faab7\"},\"headline\":\"Concours de recrutement des nouveaux magistrats:Le Pr\u00e9sident de la Cour Constitutionnelle appelle les candidats \u00e0 un sens \u00e9lev\u00e9 du devoir\",\"datePublished\":\"2022-10-10T11:19:23+00:00\",\"dateModified\":\"2022-10-10T11:23:53+00:00\",\"mainEntityOfPage\":{\"@id\":\"https:\\\/\\\/infos-droitshumains.net\\\/?p=5204\"},\"wordCount\":434,\"commentCount\":0,\"publisher\":{\"@id\":\"https:\\\/\\\/infos-droitshumains.net\\\/#organization\"},\"image\":{\"@id\":\"https:\\\/\\\/infos-droitshumains.net\\\/?p=5204#primaryimage\"},\"thumbnailUrl\":\"https:\\\/\\\/i0.wp.com\\\/infos-droitshumains.net\\\/wp-content\\\/uploads\\\/2022\\\/10\\\/IMG-20221009-WA0021_1.jpg?fit=1080%2C628&ssl=1\",\"articleSection\":[\"Justice\"],\"inLanguage\":\"fr-FR\",\"potentialAction\":[{\"@type\":\"CommentAction\",\"name\":\"Comment\",\"target\":[\"https:\\\/\\\/infos-droitshumains.net\\\/?p=5204#respond\"]}]},{\"@type\":\"WebPage\",\"@id\":\"https:\\\/\\\/infos-droitshumains.net\\\/?p=5204\",\"url\":\"https:\\\/\\\/infos-droitshumains.net\\\/?p=5204\",\"name\":\"Concours de recrutement des nouveaux magistrats:Le Pr\u00e9sident de la Cour Constitutionnelle appelle les candidats \u00e0 un sens \u00e9lev\u00e9 du devoir - Infos Droits Humains\",\"isPartOf\":{\"@id\":\"https:\\\/\\\/infos-droitshumains.net\\\/#website\"},\"primaryImageOfPage\":{\"@id\":\"https:\\\/\\\/infos-droitshumains.net\\\/?p=5204#primaryimage\"},\"image\":{\"@id\":\"https:\\\/\\\/infos-droitshumains.net\\\/?p=5204#primaryimage\"},\"thumbnailUrl\":\"https:\\\/\\\/i0.wp.com\\\/infos-droitshumains.net\\\/wp-content\\\/uploads\\\/2022\\\/10\\\/IMG-20221009-WA0021_1.jpg?fit=1080%2C628&ssl=1\",\"datePublished\":\"2022-10-10T11:19:23+00:00\",\"dateModified\":\"2022-10-10T11:23:53+00:00\",\"breadcrumb\":{\"@id\":\"https:\\\/\\\/infos-droitshumains.net\\\/?p=5204#breadcrumb\"},\"inLanguage\":\"fr-FR\",\"potentialAction\":[{\"@type\":\"ReadAction\",\"target\":[\"https:\\\/\\\/infos-droitshumains.net\\\/?p=5204\"]}]},{\"@type\":\"ImageObject\",\"inLanguage\":\"fr-FR\",\"@id\":\"https:\\\/\\\/infos-droitshumains.net\\\/?p=5204#primaryimage\",\"url\":\"https:\\\/\\\/i0.wp.com\\\/infos-droitshumains.net\\\/wp-content\\\/uploads\\\/2022\\\/10\\\/IMG-20221009-WA0021_1.jpg?fit=1080%2C628&ssl=1\",\"contentUrl\":\"https:\\\/\\\/i0.wp.com\\\/infos-droitshumains.net\\\/wp-content\\\/uploads\\\/2022\\\/10\\\/IMG-20221009-WA0021_1.jpg?fit=1080%2C628&ssl=1\",\"width\":1080,\"height\":628},{\"@type\":\"BreadcrumbList\",\"@id\":\"https:\\\/\\\/infos-droitshumains.net\\\/?p=5204#breadcrumb\",\"itemListElement\":[{\"@type\":\"ListItem\",\"position\":1,\"name\":\"Accueil\",\"item\":\"https:\\\/\\\/infos-droitshumains.net\\\/\"},{\"@type\":\"ListItem\",\"position\":2,\"name\":\"Concours de recrutement des nouveaux magistrats:Le Pr\u00e9sident de la Cour Constitutionnelle appelle les candidats \u00e0 un sens \u00e9lev\u00e9 du devoir\"}]},{\"@type\":\"WebSite\",\"@id\":\"https:\\\/\\\/infos-droitshumains.net\\\/#website\",\"url\":\"https:\\\/\\\/infos-droitshumains.net\\\/\",\"name\":\"Infos Droits Humains\",\"description\":\"S&#039;informer est un droit\",\"publisher\":{\"@id\":\"https:\\\/\\\/infos-droitshumains.net\\\/#organization\"},\"potentialAction\":[{\"@type\":\"SearchAction\",\"target\":{\"@type\":\"EntryPoint\",\"urlTemplate\":\"https:\\\/\\\/infos-droitshumains.net\\\/?s={search_term_string}\"},\"query-input\":{\"@type\":\"PropertyValueSpecification\",\"valueRequired\":true,\"valueName\":\"search_term_string\"}}],\"inLanguage\":\"fr-FR\"},{\"@type\":\"Organization\",\"@id\":\"https:\\\/\\\/infos-droitshumains.net\\\/#organization\",\"name\":\"Infos Droits Humains\",\"url\":\"https:\\\/\\\/infos-droitshumains.net\\\/\",\"logo\":{\"@type\":\"ImageObject\",\"inLanguage\":\"fr-FR\",\"@id\":\"https:\\\/\\\/infos-droitshumains.net\\\/#\\\/schema\\\/logo\\\/image\\\/\",\"url\":\"https:\\\/\\\/i0.wp.com\\\/infos-droitshumains.net\\\/wp-content\\\/uploads\\\/2022\\\/05\\\/Logo.png?fit=333%2C129&ssl=1\",\"contentUrl\":\"https:\\\/\\\/i0.wp.com\\\/infos-droitshumains.net\\\/wp-content\\\/uploads\\\/2022\\\/05\\\/Logo.png?fit=333%2C129&ssl=1\",\"width\":333,\"height\":129,\"caption\":\"Infos Droits Humains\"},\"image\":{\"@id\":\"https:\\\/\\\/infos-droitshumains.net\\\/#\\\/schema\\\/logo\\\/image\\\/\"}},{\"@type\":\"Person\",\"@id\":\"https:\\\/\\\/infos-droitshumains.net\\\/#\\\/schema\\\/person\\\/3dc5e921c3302172e0ed4362f96faab7\",\"name\":\"Jo\u00ebl Diawa\",\"image\":{\"@type\":\"ImageObject\",\"inLanguage\":\"fr-FR\",\"@id\":\"https:\\\/\\\/secure.gravatar.com\\\/avatar\\\/729bea6ff4604c624417803c477363be8e3c7186deaa65713313f9b4b820f41c?s=96&d=mm&r=g\",\"url\":\"https:\\\/\\\/secure.gravatar.com\\\/avatar\\\/729bea6ff4604c624417803c477363be8e3c7186deaa65713313f9b4b820f41c?s=96&d=mm&r=g\",\"contentUrl\":\"https:\\\/\\\/secure.gravatar.com\\\/avatar\\\/729bea6ff4604c624417803c477363be8e3c7186deaa65713313f9b4b820f41c?s=96&d=mm&r=g\",\"caption\":\"Jo\u00ebl Diawa\"},\"sameAs\":[\"https:\\\/\\\/www.infos-droitshumains.net\"],\"url\":\"https:\\\/\\\/infos-droitshumains.net\\\/?author=2\"}]}<\/script>\n<!-- \/ Yoast SEO plugin. -->","yoast_head_json":{"title":"Concours de recrutement des nouveaux magistrats:Le Pr\u00e9sident de la Cour Constitutionnelle appelle les candidats \u00e0 un sens \u00e9lev\u00e9 du devoir - Infos Droits Humains","robots":{"index":"index","follow":"follow","max-snippet":"max-snippet:-1","max-image-preview":"max-image-preview:large","max-video-preview":"max-video-preview:-1"},"canonical":"https:\/\/infos-droitshumains.net\/?p=5204","og_locale":"fr_FR","og_type":"article","og_title":"Concours de recrutement des nouveaux magistrats:Le Pr\u00e9sident de la Cour Constitutionnelle appelle les candidats \u00e0 un sens \u00e9lev\u00e9 du devoir - Infos Droits Humains","og_description":"R\u00e9daction :+243817406088 C\u2019est ce dimanche 09 octobre que le Pr\u00e9sident de la Cour Constitutionnelle a...","og_url":"https:\/\/infos-droitshumains.net\/?p=5204","og_site_name":"Infos Droits Humains","article_published_time":"2022-10-10T11:19:23+00:00","article_modified_time":"2022-10-10T11:23:53+00:00","og_image":[{"width":1080,"height":628,"url":"https:\/\/i0.wp.com\/infos-droitshumains.net\/wp-content\/uploads\/2022\/10\/IMG-20221009-WA0021_1.jpg?fit=1080%2C628&ssl=1","type":"image\/jpeg"}],"author":"Jo\u00ebl Diawa","twitter_card":"summary_large_image","twitter_misc":{"\u00c9crit par":"Jo\u00ebl Diawa","Dur\u00e9e de lecture estim\u00e9e":"2 minutes"},"schema":{"@context":"https:\/\/schema.org","@graph":[{"@type":"Article","@id":"https:\/\/infos-droitshumains.net\/?p=5204#article","isPartOf":{"@id":"https:\/\/infos-droitshumains.net\/?p=5204"},"author":{"name":"Jo\u00ebl Diawa","@id":"https:\/\/infos-droitshumains.net\/#\/schema\/person\/3dc5e921c3302172e0ed4362f96faab7"},"headline":"Concours de recrutement des nouveaux magistrats:Le Pr\u00e9sident de la Cour Constitutionnelle appelle les candidats \u00e0 un sens \u00e9lev\u00e9 du devoir","datePublished":"2022-10-10T11:19:23+00:00","dateModified":"2022-10-10T11:23:53+00:00","mainEntityOfPage":{"@id":"https:\/\/infos-droitshumains.net\/?p=5204"},"wordCount":434,"commentCount":0,"publisher":{"@id":"https:\/\/infos-droitshumains.net\/#organization"},"image":{"@id":"https:\/\/infos-droitshumains.net\/?p=5204#primaryimage"},"thumbnailUrl":"https:\/\/i0.wp.com\/infos-droitshumains.net\/wp-content\/uploads\/2022\/10\/IMG-20221009-WA0021_1.jpg?fit=1080%2C628&ssl=1","articleSection":["Justice"],"inLanguage":"fr-FR","potentialAction":[{"@type":"CommentAction","name":"Comment","target":["https:\/\/infos-droitshumains.net\/?p=5204#respond"]}]},{"@type":"WebPage","@id":"https:\/\/infos-droitshumains.net\/?p=5204","url":"https:\/\/infos-droitshumains.net\/?p=5204","name":"Concours de recrutement des nouveaux magistrats:Le Pr\u00e9sident de la Cour Constitutionnelle appelle les candidats \u00e0 un sens \u00e9lev\u00e9 du devoir - Infos Droits Humains","isPartOf":{"@id":"https:\/\/infos-droitshumains.net\/#website"},"primaryImageOfPage":{"@id":"https:\/\/infos-droitshumains.net\/?p=5204#primaryimage"},"image":{"@id":"https:\/\/infos-droitshumains.net\/?p=5204#primaryimage"},"thumbnailUrl":"https:\/\/i0.wp.com\/infos-droitshumains.net\/wp-content\/uploads\/2022\/10\/IMG-20221009-WA0021_1.jpg?fit=1080%2C628&ssl=1","datePublished":"2022-10-10T11:19:23+00:00","dateModified":"2022-10-10T11:23:53+00:00","breadcrumb":{"@id":"https:\/\/infos-droitshumains.net\/?p=5204#breadcrumb"},"inLanguage":"fr-FR","potentialAction":[{"@type":"ReadAction","target":["https:\/\/infos-droitshumains.net\/?p=5204"]}]},{"@type":"ImageObject","inLanguage":"fr-FR","@id":"https:\/\/infos-droitshumains.net\/?p=5204#primaryimage","url":"https:\/\/i0.wp.com\/infos-droitshumains.net\/wp-content\/uploads\/2022\/10\/IMG-20221009-WA0021_1.jpg?fit=1080%2C628&ssl=1","contentUrl":"https:\/\/i0.wp.com\/infos-droitshumains.net\/wp-content\/uploads\/2022\/10\/IMG-20221009-WA0021_1.jpg?fit=1080%2C628&ssl=1","width":1080,"height":628},{"@type":"BreadcrumbList","@id":"https:\/\/infos-droitshumains.net\/?p=5204#breadcrumb","itemListElement":[{"@type":"ListItem","position":1,"name":"Accueil","item":"https:\/\/infos-droitshumains.net\/"},{"@type":"ListItem","position":2,"name":"Concours de recrutement des nouveaux magistrats:Le Pr\u00e9sident de la Cour Constitutionnelle appelle les candidats \u00e0 un sens \u00e9lev\u00e9 du devoir"}]},{"@type":"WebSite","@id":"https:\/\/infos-droitshumains.net\/#website","url":"https:\/\/infos-droitshumains.net\/","name":"Infos Droits Humains","description":"S&#039;informer est un droit","publisher":{"@id":"https:\/\/infos-droitshumains.net\/#organization"},"potentialAction":[{"@type":"SearchAction","target":{"@type":"EntryPoint","urlTemplate":"https:\/\/infos-droitshumains.net\/?s={search_term_string}"},"query-input":{"@type":"PropertyValueSpecification","valueRequired":true,"valueName":"search_term_string"}}],"inLanguage":"fr-FR"},{"@type":"Organization","@id":"https:\/\/infos-droitshumains.net\/#organization","name":"Infos Droits Humains","url":"https:\/\/infos-droitshumains.net\/","logo":{"@type":"ImageObject","inLanguage":"fr-FR","@id":"https:\/\/infos-droitshumains.net\/#\/schema\/logo\/image\/","url":"https:\/\/i0.wp.com\/infos-droitshumains.net\/wp-content\/uploads\/2022\/05\/Logo.png?fit=333%2C129&ssl=1","contentUrl":"https:\/\/i0.wp.com\/infos-droitshumains.net\/wp-content\/uploads\/2022\/05\/Logo.png?fit=333%2C129&ssl=1","width":333,"height":129,"caption":"Infos Droits Humains"},"image":{"@id":"https:\/\/infos-droitshumains.net\/#\/schema\/logo\/image\/"}},{"@type":"Person","@id":"https:\/\/infos-droitshumains.net\/#\/schema\/person\/3dc5e921c3302172e0ed4362f96faab7","name":"Jo\u00ebl Diawa","image":{"@type":"ImageObject","inLanguage":"fr-FR","@id":"https:\/\/secure.gravatar.com\/avatar\/729bea6ff4604c624417803c477363be8e3c7186deaa65713313f9b4b820f41c?s=96&d=mm&r=g","url":"https:\/\/secure.gravatar.com\/avatar\/729bea6ff4604c624417803c477363be8e3c7186deaa65713313f9b4b820f41c?s=96&d=mm&r=g","contentUrl":"https:\/\/secure.gravatar.com\/avatar\/729bea6ff4604c624417803c477363be8e3c7186deaa65713313f9b4b820f41c?s=96&d=mm&r=g","caption":"Jo\u00ebl Diawa"},"sameAs":["https:\/\/www.infos-droitshumains.net"],"url":"https:\/\/infos-droitshumains.net\/?author=2"}]}},"featured_image_urls":{"full":["https:\/\/i0.wp.com\/infos-droitshumains.net\/wp-content\/uploads\/2022\/10\/IMG-20221009-WA0021_1.jpg?fit=1080%2C628&ssl=1",1080,628,false],"thumbnail":["https:\/\/i0.wp.com\/infos-droitshumains.net\/wp-content\/uploads\/2022\/10\/IMG-20221009-WA0021_1.jpg?resize=150%2C150&ssl=1",150,150,true],"medium":["https:\/\/i0.wp.com\/infos-droitshumains.net\/wp-content\/uploads\/2022\/10\/IMG-20221009-WA0021_1.jpg?fit=300%2C174&ssl=1",300,174,true],"medium_large":["https:\/\/i0.wp.com\/infos-droitshumains.net\/wp-content\/uploads\/2022\/10\/IMG-20221009-WA0021_1.jpg?fit=640%2C373&ssl=1",640,373,true],"large":["https:\/\/i0.wp.com\/infos-droitshumains.net\/wp-content\/uploads\/2022\/10\/IMG-20221009-WA0021_1.jpg?fit=640%2C372&ssl=1",640,372,true],"1536x1536":["https:\/\/i0.wp.com\/infos-droitshumains.net\/wp-content\/uploads\/2022\/10\/IMG-20221009-WA0021_1.jpg?fit=1080%2C628&ssl=1",1080,628,true],"2048x2048":["https:\/\/i0.wp.com\/infos-droitshumains.net\/wp-content\/uploads\/2022\/10\/IMG-20221009-WA0021_1.jpg?fit=1080%2C628&ssl=1",1080,628,true],"covernews-slider-full":["https:\/\/i0.wp.com\/infos-droitshumains.net\/wp-content\/uploads\/2022\/10\/IMG-20221009-WA0021_1.jpg?resize=1080%2C628&ssl=1",1080,628,true],"covernews-slider-center":["https:\/\/i0.wp.com\/infos-droitshumains.net\/wp-content\/uploads\/2022\/10\/IMG-20221009-WA0021_1.jpg?resize=800%2C500&ssl=1",800,500,true],"covernews-featured":["https:\/\/i0.wp.com\/infos-droitshumains.net\/wp-content\/uploads\/2022\/10\/IMG-20221009-WA0021_1.jpg?fit=1024%2C595&ssl=1",1024,595,true],"covernews-medium":["https:\/\/i0.wp.com\/infos-droitshumains.net\/wp-content\/uploads\/2022\/10\/IMG-20221009-WA0021_1.jpg?resize=540%2C340&ssl=1",540,340,true],"covernews-medium-square":["https:\/\/i0.wp.com\/infos-droitshumains.net\/wp-content\/uploads\/2022\/10\/IMG-20221009-WA0021_1.jpg?resize=400%2C250&ssl=1",400,250,true]},"author_info":{"display_name":"Jo\u00ebl Diawa","author_link":"https:\/\/infos-droitshumains.net\/?author=2"},"category_info":"<a href=\"https:\/\/infos-droitshumains.net\/?cat=6\" rel=\"category\">Justice<\/a>","tag_info":"Justice","comment_count":"0","jetpack_featured_media_url":"https:\/\/i0.wp.com\/infos-droitshumains.net\/wp-content\/uploads\/2022\/10\/IMG-20221009-WA0021_1.jpg?fit=1080%2C628&ssl=1","jetpack-related-posts":[],"jetpack_sharing_enabled":true,"_links":{"self":[{"href":"https:\/\/infos-droitshumains.net\/index.php?rest_route=\/wp\/v2\/posts\/5204","targetHints":{"allow":["GET"]}}],"collection":[{"href":"https:\/\/infos-droitshumains.net\/index.php?rest_route=\/wp\/v2\/posts"}],"about":[{"href":"https:\/\/infos-droitshumains.net\/index.php?rest_route=\/wp\/v2\/types\/post"}],"author":[{"embeddable":true,"href":"https:\/\/infos-droitshumains.net\/index.php?rest_route=\/wp\/v2\/users\/2"}],"replies":[{"embeddable":true,"href":"https:\/\/infos-droitshumains.net\/index.php?rest_route=%2Fwp%2Fv2%2Fcomments&post=5204"}],"version-history":[{"count":2,"href":"https:\/\/infos-droitshumains.net\/index.php?rest_route=\/wp\/v2\/posts\/5204\/revisions"}],"predecessor-version":[{"id":5206,"href":"https:\/\/infos-droitshumains.net\/index.php?rest_route=\/wp\/v2\/posts\/5204\/revisions\/5206"}],"wp:featuredmedia":[{"embeddable":true,"href":"https:\/\/infos-droitshumains.net\/index.php?rest_route=\/wp\/v2\/media\/5207"}],"wp:attachment":[{"href":"https:\/\/infos-droitshumains.net\/index.php?rest_route=%2Fwp%2Fv2%2Fmedia&parent=5204"}],"wp:term":[{"taxonomy":"category","embeddable":true,"href":"https:\/\/infos-droitshumains.net\/index.php?rest_route=%2Fwp%2Fv2%2Fcategories&post=5204"},{"taxonomy":"post_tag","embeddable":true,"href":"https:\/\/infos-droitshumains.net\/index.php?rest_route=%2Fwp%2Fv2%2Ftags&post=5204"}],"curies":[{"name":"wp","href":"https:\/\/api.w.org\/{rel}","templated":true}]}}