{"id":5160,"date":"2022-10-07T11:27:16","date_gmt":"2022-10-07T09:27:16","guid":{"rendered":"https:\/\/infos-droitshumains.net\/?p=5160"},"modified":"2022-10-07T11:37:22","modified_gmt":"2022-10-07T09:37:22","slug":"affaires-fonciereslatelier-sur-les-etats-generaux-de-la-numerisation-annonce","status":"publish","type":"post","link":"https:\/\/infos-droitshumains.net\/?p=5160","title":{"rendered":"Affaires fonci\u00e8res:Le ministre Molendo Sakombi annonce l&rsquo;atelier sur les \u00e9tats g\u00e9n\u00e9raux de la num\u00e9risation"},"content":{"rendered":"\n<p><strong>R\u00e9daction :+243817406088<\/strong><\/p>\n\n\n\n<p>La modernisation et la num\u00e9ration dans la gestion des affaires fonci\u00e8res sera bient\u00f4t une r\u00e9alit\u00e9 en RDC. \u00c7a sera la cons\u00e9quence d\u2019un atelier sur les \u00e9tats g\u00e9n\u00e9raux de la num\u00e9rotation qui devra se tenir dans les tous prochains jours.<\/p>\n\n\n\n<p>L\u2019option a \u00e9t\u00e9 lev\u00e9e ce jeudi 6 octobre au cours d\u2019une r\u00e9union strat\u00e9gique t\u00e9nue autour du ministre des affaires fonci\u00e8res Molendo Sakombi. R\u00e9union \u00e0 laquelle ont pris part les ministres provinciaux des affaires fonci\u00e8res et quelques experts du domaine. L\u2019objectif \u00e9tait d\u2019harmoniser les vues sur l\u2019organisation de cette activit\u00e9 de grande envergure.<\/p>\n\n\n\n<figure class=\"wp-block-image alignfull size-large\"><img data-recalc-dims=\"1\" fetchpriority=\"high\" decoding=\"async\" width=\"640\" height=\"424\" src=\"https:\/\/i0.wp.com\/infos-droitshumains.net\/wp-content\/uploads\/2022\/10\/IMG-20221007-WA0007_1.jpg?resize=640%2C424&#038;ssl=1\" alt=\"\" class=\"wp-image-5165\" srcset=\"https:\/\/i0.wp.com\/infos-droitshumains.net\/wp-content\/uploads\/2022\/10\/IMG-20221007-WA0007_1.jpg?resize=1024%2C678&amp;ssl=1 1024w, https:\/\/i0.wp.com\/infos-droitshumains.net\/wp-content\/uploads\/2022\/10\/IMG-20221007-WA0007_1.jpg?resize=300%2C199&amp;ssl=1 300w, https:\/\/i0.wp.com\/infos-droitshumains.net\/wp-content\/uploads\/2022\/10\/IMG-20221007-WA0007_1.jpg?resize=768%2C508&amp;ssl=1 768w, https:\/\/i0.wp.com\/infos-droitshumains.net\/wp-content\/uploads\/2022\/10\/IMG-20221007-WA0007_1.jpg?w=1080&amp;ssl=1 1080w\" sizes=\"(max-width: 640px) 100vw, 640px\" \/><\/figure>\n\n\n\n<p><em>\u00ab Nous sommes venus rencontrer le ministre parce qu\u2019il y a l\u2019atelier sur les \u00e9tats g\u00e9n\u00e9raux des affaires fonci\u00e8res qui a \u00e9t\u00e9 programm\u00e9. Aujourd\u2019hui, nous nous sommes vus pour que nous nous fixions sur les objectifs que nous devons nous approprier de cet atelier, mais aussi pr\u00e9parer tous les documents qui vont \u00eatre trait\u00e9s durant cet atelier \u00bb<\/em>, a affirm\u00e9 un ministre provincial des affaires fonci\u00e8res.<\/p>\n\n\n\n<p><strong><em>Etapes de la num\u00e9risation des affaires fonci\u00e8res<\/em><\/strong>.<\/p>\n\n\n\n<p>Ce processus va s&rsquo;\u00e9tendre sur plusieurs \u00e9tapes dont la premi\u00e8re et la plus grande consistera \u00e0 faire la num\u00e9risation de la cartographie cadastrale sur l&rsquo;ensemble du territoire national. Viendra en suite, la num\u00e9risation des archives existantes. Il s&rsquo;agit l\u00e0, des titres existants et d\u00e9j\u00e0 enregistr\u00e9s aupr\u00e8s des administrations des affaires fonci\u00e8res dans des circonscriptions.<\/p>\n\n\n\n<p>Sur base de la cartographie qui sera faite, une d\u00e9marche sera men\u00e9e quartier par quartier pour pouvoir reposer les bases des bornes avec une d\u00e9cision centim\u00e9trique.<\/p>\n\n\n\n<p>Les mesures de s\u00e9curit\u00e9 informatique sont \u00e9galement envisag\u00e9es pour pouvoir garantir la fiabilit\u00e9 du processus de gestion des dossiers cadastraux et lutter contre toute possibilit\u00e9 de falsification.<\/p>\n\n\n\n<figure class=\"wp-block-image alignfull size-large\"><img data-recalc-dims=\"1\" decoding=\"async\" width=\"640\" height=\"424\" src=\"https:\/\/i0.wp.com\/infos-droitshumains.net\/wp-content\/uploads\/2022\/10\/IMG-20221007-WA0000_1.jpg?resize=640%2C424&#038;ssl=1\" alt=\"\" class=\"wp-image-5169\" srcset=\"https:\/\/i0.wp.com\/infos-droitshumains.net\/wp-content\/uploads\/2022\/10\/IMG-20221007-WA0000_1.jpg?resize=1024%2C678&amp;ssl=1 1024w, https:\/\/i0.wp.com\/infos-droitshumains.net\/wp-content\/uploads\/2022\/10\/IMG-20221007-WA0000_1.jpg?resize=300%2C199&amp;ssl=1 300w, https:\/\/i0.wp.com\/infos-droitshumains.net\/wp-content\/uploads\/2022\/10\/IMG-20221007-WA0000_1.jpg?resize=768%2C508&amp;ssl=1 768w, https:\/\/i0.wp.com\/infos-droitshumains.net\/wp-content\/uploads\/2022\/10\/IMG-20221007-WA0000_1.jpg?w=1080&amp;ssl=1 1080w\" sizes=\"(max-width: 640px) 100vw, 640px\" \/><\/figure>\n\n\n\n<p>\u00ab<em>Une application par t\u00e9l\u00e9phone sera \u00e9galement mise en place, en vue de facilit\u00e9 le processus \u00bb<\/em>, a expliqu\u00e9 le conseiller du ministre Molendo Sakombi en charge de la num\u00e9risation.<\/p>\n\n\n\n<p>Le projet de la num\u00e9rotation des titres fonciers est un projet important dans la mesure o\u00f9 aujourd\u2019hui, le secteur des affaires fonci\u00e8res a beaucoup de conflits. Ce projet va donc permettre de r\u00e9duire consid\u00e9rablement les conflits fonciers, mais aussi maximiser les recettes de l\u2019\u00c9tat.<\/p>\n\n\n\n<p>Il faut noter que la premi\u00e8re phase sera lanc\u00e9e avant la fin de cette ann\u00e9e \u00e0 la circonscription fonci\u00e8re de la Gombe. Les premiers titres certifi\u00e9s et garantis y seront d\u00e9livr\u00e9s. Ensuite viendra une zone pilote \u00e9largie qui comprendra cinq circonscriptions de Kinshasa ainsi que six circonscriptions des autres provinces.<\/p>\n\n\n\n<p>Jo\u00ebl Diawa<\/p>\n","protected":false},"excerpt":{"rendered":"<p>R\u00e9daction :+243817406088 La modernisation et la num\u00e9ration dans la gestion des affaires fonci\u00e8res sera bient\u00f4t&#8230;<\/p>\n","protected":false},"author":2,"featured_media":5167,"comment_status":"open","ping_status":"open","sticky":false,"template":"","format":"standard","meta":{"_jetpack_memberships_contains_paid_content":false,"footnotes":""},"categories":[3],"tags":[],"class_list":["post-5160","post","type-post","status-publish","format-standard","has-post-thumbnail","hentry","category-politique"],"yoast_head":"<!-- This site is optimized with the Yoast SEO plugin v27.5 - https:\/\/yoast.com\/product\/yoast-seo-wordpress\/ -->\n<title>Affaires fonci\u00e8res:Le ministre Molendo Sakombi annonce l&#039;atelier sur les \u00e9tats g\u00e9n\u00e9raux de la num\u00e9risation - Infos Droits Humains<\/title>\n<meta name=\"robots\" content=\"index, follow, max-snippet:-1, max-image-preview:large, max-video-preview:-1\" \/>\n<link rel=\"canonical\" href=\"https:\/\/infos-droitshumains.net\/?p=5160\" \/>\n<meta property=\"og:locale\" content=\"fr_FR\" \/>\n<meta property=\"og:type\" content=\"article\" \/>\n<meta property=\"og:title\" content=\"Affaires fonci\u00e8res:Le ministre Molendo Sakombi annonce l&#039;atelier sur les \u00e9tats g\u00e9n\u00e9raux de la num\u00e9risation - Infos Droits Humains\" \/>\n<meta property=\"og:description\" content=\"R\u00e9daction :+243817406088 La modernisation et la num\u00e9ration dans la gestion des affaires fonci\u00e8res sera bient\u00f4t...\" \/>\n<meta property=\"og:url\" content=\"https:\/\/infos-droitshumains.net\/?p=5160\" \/>\n<meta property=\"og:site_name\" content=\"Infos Droits Humains\" \/>\n<meta property=\"article:published_time\" content=\"2022-10-07T09:27:16+00:00\" \/>\n<meta property=\"article:modified_time\" content=\"2022-10-07T09:37:22+00:00\" \/>\n<meta property=\"og:image\" content=\"https:\/\/i0.wp.com\/infos-droitshumains.net\/wp-content\/uploads\/2022\/10\/IMG-20221007-WA0001_1.jpg?fit=1080%2C715&ssl=1\" \/>\n\t<meta property=\"og:image:width\" content=\"1080\" \/>\n\t<meta property=\"og:image:height\" content=\"715\" \/>\n\t<meta property=\"og:image:type\" content=\"image\/jpeg\" \/>\n<meta name=\"author\" content=\"Jo\u00ebl Diawa\" \/>\n<meta name=\"twitter:card\" content=\"summary_large_image\" \/>\n<meta name=\"twitter:label1\" content=\"\u00c9crit par\" \/>\n\t<meta name=\"twitter:data1\" content=\"Jo\u00ebl Diawa\" \/>\n\t<meta name=\"twitter:label2\" content=\"Dur\u00e9e de lecture estim\u00e9e\" \/>\n\t<meta name=\"twitter:data2\" content=\"2 minutes\" \/>\n<script type=\"application\/ld+json\" class=\"yoast-schema-graph\">{\"@context\":\"https:\\\/\\\/schema.org\",\"@graph\":[{\"@type\":\"Article\",\"@id\":\"https:\\\/\\\/infos-droitshumains.net\\\/?p=5160#article\",\"isPartOf\":{\"@id\":\"https:\\\/\\\/infos-droitshumains.net\\\/?p=5160\"},\"author\":{\"name\":\"Jo\u00ebl Diawa\",\"@id\":\"https:\\\/\\\/infos-droitshumains.net\\\/#\\\/schema\\\/person\\\/3dc5e921c3302172e0ed4362f96faab7\"},\"headline\":\"Affaires fonci\u00e8res:Le ministre Molendo Sakombi annonce l&rsquo;atelier sur les \u00e9tats g\u00e9n\u00e9raux de la num\u00e9risation\",\"datePublished\":\"2022-10-07T09:27:16+00:00\",\"dateModified\":\"2022-10-07T09:37:22+00:00\",\"mainEntityOfPage\":{\"@id\":\"https:\\\/\\\/infos-droitshumains.net\\\/?p=5160\"},\"wordCount\":473,\"commentCount\":0,\"publisher\":{\"@id\":\"https:\\\/\\\/infos-droitshumains.net\\\/#organization\"},\"image\":{\"@id\":\"https:\\\/\\\/infos-droitshumains.net\\\/?p=5160#primaryimage\"},\"thumbnailUrl\":\"https:\\\/\\\/i0.wp.com\\\/infos-droitshumains.net\\\/wp-content\\\/uploads\\\/2022\\\/10\\\/IMG-20221007-WA0001_1.jpg?fit=1080%2C715&ssl=1\",\"articleSection\":[\"Politique\"],\"inLanguage\":\"fr-FR\",\"potentialAction\":[{\"@type\":\"CommentAction\",\"name\":\"Comment\",\"target\":[\"https:\\\/\\\/infos-droitshumains.net\\\/?p=5160#respond\"]}]},{\"@type\":\"WebPage\",\"@id\":\"https:\\\/\\\/infos-droitshumains.net\\\/?p=5160\",\"url\":\"https:\\\/\\\/infos-droitshumains.net\\\/?p=5160\",\"name\":\"Affaires fonci\u00e8res:Le ministre Molendo Sakombi annonce l'atelier sur les \u00e9tats g\u00e9n\u00e9raux de la num\u00e9risation - Infos Droits Humains\",\"isPartOf\":{\"@id\":\"https:\\\/\\\/infos-droitshumains.net\\\/#website\"},\"primaryImageOfPage\":{\"@id\":\"https:\\\/\\\/infos-droitshumains.net\\\/?p=5160#primaryimage\"},\"image\":{\"@id\":\"https:\\\/\\\/infos-droitshumains.net\\\/?p=5160#primaryimage\"},\"thumbnailUrl\":\"https:\\\/\\\/i0.wp.com\\\/infos-droitshumains.net\\\/wp-content\\\/uploads\\\/2022\\\/10\\\/IMG-20221007-WA0001_1.jpg?fit=1080%2C715&ssl=1\",\"datePublished\":\"2022-10-07T09:27:16+00:00\",\"dateModified\":\"2022-10-07T09:37:22+00:00\",\"breadcrumb\":{\"@id\":\"https:\\\/\\\/infos-droitshumains.net\\\/?p=5160#breadcrumb\"},\"inLanguage\":\"fr-FR\",\"potentialAction\":[{\"@type\":\"ReadAction\",\"target\":[\"https:\\\/\\\/infos-droitshumains.net\\\/?p=5160\"]}]},{\"@type\":\"ImageObject\",\"inLanguage\":\"fr-FR\",\"@id\":\"https:\\\/\\\/infos-droitshumains.net\\\/?p=5160#primaryimage\",\"url\":\"https:\\\/\\\/i0.wp.com\\\/infos-droitshumains.net\\\/wp-content\\\/uploads\\\/2022\\\/10\\\/IMG-20221007-WA0001_1.jpg?fit=1080%2C715&ssl=1\",\"contentUrl\":\"https:\\\/\\\/i0.wp.com\\\/infos-droitshumains.net\\\/wp-content\\\/uploads\\\/2022\\\/10\\\/IMG-20221007-WA0001_1.jpg?fit=1080%2C715&ssl=1\",\"width\":1080,\"height\":715},{\"@type\":\"BreadcrumbList\",\"@id\":\"https:\\\/\\\/infos-droitshumains.net\\\/?p=5160#breadcrumb\",\"itemListElement\":[{\"@type\":\"ListItem\",\"position\":1,\"name\":\"Accueil\",\"item\":\"https:\\\/\\\/infos-droitshumains.net\\\/\"},{\"@type\":\"ListItem\",\"position\":2,\"name\":\"Affaires fonci\u00e8res:Le ministre Molendo Sakombi annonce l&rsquo;atelier sur les \u00e9tats g\u00e9n\u00e9raux de la num\u00e9risation\"}]},{\"@type\":\"WebSite\",\"@id\":\"https:\\\/\\\/infos-droitshumains.net\\\/#website\",\"url\":\"https:\\\/\\\/infos-droitshumains.net\\\/\",\"name\":\"Infos Droits Humains\",\"description\":\"S&#039;informer est un droit\",\"publisher\":{\"@id\":\"https:\\\/\\\/infos-droitshumains.net\\\/#organization\"},\"potentialAction\":[{\"@type\":\"SearchAction\",\"target\":{\"@type\":\"EntryPoint\",\"urlTemplate\":\"https:\\\/\\\/infos-droitshumains.net\\\/?s={search_term_string}\"},\"query-input\":{\"@type\":\"PropertyValueSpecification\",\"valueRequired\":true,\"valueName\":\"search_term_string\"}}],\"inLanguage\":\"fr-FR\"},{\"@type\":\"Organization\",\"@id\":\"https:\\\/\\\/infos-droitshumains.net\\\/#organization\",\"name\":\"Infos Droits Humains\",\"url\":\"https:\\\/\\\/infos-droitshumains.net\\\/\",\"logo\":{\"@type\":\"ImageObject\",\"inLanguage\":\"fr-FR\",\"@id\":\"https:\\\/\\\/infos-droitshumains.net\\\/#\\\/schema\\\/logo\\\/image\\\/\",\"url\":\"https:\\\/\\\/i0.wp.com\\\/infos-droitshumains.net\\\/wp-content\\\/uploads\\\/2022\\\/05\\\/Logo.png?fit=333%2C129&ssl=1\",\"contentUrl\":\"https:\\\/\\\/i0.wp.com\\\/infos-droitshumains.net\\\/wp-content\\\/uploads\\\/2022\\\/05\\\/Logo.png?fit=333%2C129&ssl=1\",\"width\":333,\"height\":129,\"caption\":\"Infos Droits Humains\"},\"image\":{\"@id\":\"https:\\\/\\\/infos-droitshumains.net\\\/#\\\/schema\\\/logo\\\/image\\\/\"}},{\"@type\":\"Person\",\"@id\":\"https:\\\/\\\/infos-droitshumains.net\\\/#\\\/schema\\\/person\\\/3dc5e921c3302172e0ed4362f96faab7\",\"name\":\"Jo\u00ebl Diawa\",\"image\":{\"@type\":\"ImageObject\",\"inLanguage\":\"fr-FR\",\"@id\":\"https:\\\/\\\/secure.gravatar.com\\\/avatar\\\/729bea6ff4604c624417803c477363be8e3c7186deaa65713313f9b4b820f41c?s=96&d=mm&r=g\",\"url\":\"https:\\\/\\\/secure.gravatar.com\\\/avatar\\\/729bea6ff4604c624417803c477363be8e3c7186deaa65713313f9b4b820f41c?s=96&d=mm&r=g\",\"contentUrl\":\"https:\\\/\\\/secure.gravatar.com\\\/avatar\\\/729bea6ff4604c624417803c477363be8e3c7186deaa65713313f9b4b820f41c?s=96&d=mm&r=g\",\"caption\":\"Jo\u00ebl Diawa\"},\"sameAs\":[\"https:\\\/\\\/www.infos-droitshumains.net\"],\"url\":\"https:\\\/\\\/infos-droitshumains.net\\\/?author=2\"}]}<\/script>\n<!-- \/ Yoast SEO plugin. -->","yoast_head_json":{"title":"Affaires fonci\u00e8res:Le ministre Molendo Sakombi annonce l'atelier sur les \u00e9tats g\u00e9n\u00e9raux de la num\u00e9risation - Infos Droits Humains","robots":{"index":"index","follow":"follow","max-snippet":"max-snippet:-1","max-image-preview":"max-image-preview:large","max-video-preview":"max-video-preview:-1"},"canonical":"https:\/\/infos-droitshumains.net\/?p=5160","og_locale":"fr_FR","og_type":"article","og_title":"Affaires fonci\u00e8res:Le ministre Molendo Sakombi annonce l'atelier sur les \u00e9tats g\u00e9n\u00e9raux de la num\u00e9risation - Infos Droits Humains","og_description":"R\u00e9daction :+243817406088 La modernisation et la num\u00e9ration dans la gestion des affaires fonci\u00e8res sera bient\u00f4t...","og_url":"https:\/\/infos-droitshumains.net\/?p=5160","og_site_name":"Infos Droits Humains","article_published_time":"2022-10-07T09:27:16+00:00","article_modified_time":"2022-10-07T09:37:22+00:00","og_image":[{"width":1080,"height":715,"url":"https:\/\/i0.wp.com\/infos-droitshumains.net\/wp-content\/uploads\/2022\/10\/IMG-20221007-WA0001_1.jpg?fit=1080%2C715&ssl=1","type":"image\/jpeg"}],"author":"Jo\u00ebl Diawa","twitter_card":"summary_large_image","twitter_misc":{"\u00c9crit par":"Jo\u00ebl Diawa","Dur\u00e9e de lecture estim\u00e9e":"2 minutes"},"schema":{"@context":"https:\/\/schema.org","@graph":[{"@type":"Article","@id":"https:\/\/infos-droitshumains.net\/?p=5160#article","isPartOf":{"@id":"https:\/\/infos-droitshumains.net\/?p=5160"},"author":{"name":"Jo\u00ebl Diawa","@id":"https:\/\/infos-droitshumains.net\/#\/schema\/person\/3dc5e921c3302172e0ed4362f96faab7"},"headline":"Affaires fonci\u00e8res:Le ministre Molendo Sakombi annonce l&rsquo;atelier sur les \u00e9tats g\u00e9n\u00e9raux de la num\u00e9risation","datePublished":"2022-10-07T09:27:16+00:00","dateModified":"2022-10-07T09:37:22+00:00","mainEntityOfPage":{"@id":"https:\/\/infos-droitshumains.net\/?p=5160"},"wordCount":473,"commentCount":0,"publisher":{"@id":"https:\/\/infos-droitshumains.net\/#organization"},"image":{"@id":"https:\/\/infos-droitshumains.net\/?p=5160#primaryimage"},"thumbnailUrl":"https:\/\/i0.wp.com\/infos-droitshumains.net\/wp-content\/uploads\/2022\/10\/IMG-20221007-WA0001_1.jpg?fit=1080%2C715&ssl=1","articleSection":["Politique"],"inLanguage":"fr-FR","potentialAction":[{"@type":"CommentAction","name":"Comment","target":["https:\/\/infos-droitshumains.net\/?p=5160#respond"]}]},{"@type":"WebPage","@id":"https:\/\/infos-droitshumains.net\/?p=5160","url":"https:\/\/infos-droitshumains.net\/?p=5160","name":"Affaires fonci\u00e8res:Le ministre Molendo Sakombi annonce l'atelier sur les \u00e9tats g\u00e9n\u00e9raux de la num\u00e9risation - Infos Droits Humains","isPartOf":{"@id":"https:\/\/infos-droitshumains.net\/#website"},"primaryImageOfPage":{"@id":"https:\/\/infos-droitshumains.net\/?p=5160#primaryimage"},"image":{"@id":"https:\/\/infos-droitshumains.net\/?p=5160#primaryimage"},"thumbnailUrl":"https:\/\/i0.wp.com\/infos-droitshumains.net\/wp-content\/uploads\/2022\/10\/IMG-20221007-WA0001_1.jpg?fit=1080%2C715&ssl=1","datePublished":"2022-10-07T09:27:16+00:00","dateModified":"2022-10-07T09:37:22+00:00","breadcrumb":{"@id":"https:\/\/infos-droitshumains.net\/?p=5160#breadcrumb"},"inLanguage":"fr-FR","potentialAction":[{"@type":"ReadAction","target":["https:\/\/infos-droitshumains.net\/?p=5160"]}]},{"@type":"ImageObject","inLanguage":"fr-FR","@id":"https:\/\/infos-droitshumains.net\/?p=5160#primaryimage","url":"https:\/\/i0.wp.com\/infos-droitshumains.net\/wp-content\/uploads\/2022\/10\/IMG-20221007-WA0001_1.jpg?fit=1080%2C715&ssl=1","contentUrl":"https:\/\/i0.wp.com\/infos-droitshumains.net\/wp-content\/uploads\/2022\/10\/IMG-20221007-WA0001_1.jpg?fit=1080%2C715&ssl=1","width":1080,"height":715},{"@type":"BreadcrumbList","@id":"https:\/\/infos-droitshumains.net\/?p=5160#breadcrumb","itemListElement":[{"@type":"ListItem","position":1,"name":"Accueil","item":"https:\/\/infos-droitshumains.net\/"},{"@type":"ListItem","position":2,"name":"Affaires fonci\u00e8res:Le ministre Molendo Sakombi annonce l&rsquo;atelier sur les \u00e9tats g\u00e9n\u00e9raux de la num\u00e9risation"}]},{"@type":"WebSite","@id":"https:\/\/infos-droitshumains.net\/#website","url":"https:\/\/infos-droitshumains.net\/","name":"Infos Droits Humains","description":"S&#039;informer est un droit","publisher":{"@id":"https:\/\/infos-droitshumains.net\/#organization"},"potentialAction":[{"@type":"SearchAction","target":{"@type":"EntryPoint","urlTemplate":"https:\/\/infos-droitshumains.net\/?s={search_term_string}"},"query-input":{"@type":"PropertyValueSpecification","valueRequired":true,"valueName":"search_term_string"}}],"inLanguage":"fr-FR"},{"@type":"Organization","@id":"https:\/\/infos-droitshumains.net\/#organization","name":"Infos Droits Humains","url":"https:\/\/infos-droitshumains.net\/","logo":{"@type":"ImageObject","inLanguage":"fr-FR","@id":"https:\/\/infos-droitshumains.net\/#\/schema\/logo\/image\/","url":"https:\/\/i0.wp.com\/infos-droitshumains.net\/wp-content\/uploads\/2022\/05\/Logo.png?fit=333%2C129&ssl=1","contentUrl":"https:\/\/i0.wp.com\/infos-droitshumains.net\/wp-content\/uploads\/2022\/05\/Logo.png?fit=333%2C129&ssl=1","width":333,"height":129,"caption":"Infos Droits Humains"},"image":{"@id":"https:\/\/infos-droitshumains.net\/#\/schema\/logo\/image\/"}},{"@type":"Person","@id":"https:\/\/infos-droitshumains.net\/#\/schema\/person\/3dc5e921c3302172e0ed4362f96faab7","name":"Jo\u00ebl Diawa","image":{"@type":"ImageObject","inLanguage":"fr-FR","@id":"https:\/\/secure.gravatar.com\/avatar\/729bea6ff4604c624417803c477363be8e3c7186deaa65713313f9b4b820f41c?s=96&d=mm&r=g","url":"https:\/\/secure.gravatar.com\/avatar\/729bea6ff4604c624417803c477363be8e3c7186deaa65713313f9b4b820f41c?s=96&d=mm&r=g","contentUrl":"https:\/\/secure.gravatar.com\/avatar\/729bea6ff4604c624417803c477363be8e3c7186deaa65713313f9b4b820f41c?s=96&d=mm&r=g","caption":"Jo\u00ebl Diawa"},"sameAs":["https:\/\/www.infos-droitshumains.net"],"url":"https:\/\/infos-droitshumains.net\/?author=2"}]}},"featured_image_urls":{"full":["https:\/\/i0.wp.com\/infos-droitshumains.net\/wp-content\/uploads\/2022\/10\/IMG-20221007-WA0001_1.jpg?fit=1080%2C715&ssl=1",1080,715,false],"thumbnail":["https:\/\/i0.wp.com\/infos-droitshumains.net\/wp-content\/uploads\/2022\/10\/IMG-20221007-WA0001_1.jpg?resize=150%2C150&ssl=1",150,150,true],"medium":["https:\/\/i0.wp.com\/infos-droitshumains.net\/wp-content\/uploads\/2022\/10\/IMG-20221007-WA0001_1.jpg?fit=300%2C199&ssl=1",300,199,true],"medium_large":["https:\/\/i0.wp.com\/infos-droitshumains.net\/wp-content\/uploads\/2022\/10\/IMG-20221007-WA0001_1.jpg?fit=640%2C423&ssl=1",640,423,true],"large":["https:\/\/i0.wp.com\/infos-droitshumains.net\/wp-content\/uploads\/2022\/10\/IMG-20221007-WA0001_1.jpg?fit=640%2C424&ssl=1",640,424,true],"1536x1536":["https:\/\/i0.wp.com\/infos-droitshumains.net\/wp-content\/uploads\/2022\/10\/IMG-20221007-WA0001_1.jpg?fit=1080%2C715&ssl=1",1080,715,true],"2048x2048":["https:\/\/i0.wp.com\/infos-droitshumains.net\/wp-content\/uploads\/2022\/10\/IMG-20221007-WA0001_1.jpg?fit=1080%2C715&ssl=1",1080,715,true],"covernews-slider-full":["https:\/\/i0.wp.com\/infos-droitshumains.net\/wp-content\/uploads\/2022\/10\/IMG-20221007-WA0001_1.jpg?resize=1080%2C715&ssl=1",1080,715,true],"covernews-slider-center":["https:\/\/i0.wp.com\/infos-droitshumains.net\/wp-content\/uploads\/2022\/10\/IMG-20221007-WA0001_1.jpg?resize=800%2C500&ssl=1",800,500,true],"covernews-featured":["https:\/\/i0.wp.com\/infos-droitshumains.net\/wp-content\/uploads\/2022\/10\/IMG-20221007-WA0001_1.jpg?fit=1024%2C678&ssl=1",1024,678,true],"covernews-medium":["https:\/\/i0.wp.com\/infos-droitshumains.net\/wp-content\/uploads\/2022\/10\/IMG-20221007-WA0001_1.jpg?resize=540%2C340&ssl=1",540,340,true],"covernews-medium-square":["https:\/\/i0.wp.com\/infos-droitshumains.net\/wp-content\/uploads\/2022\/10\/IMG-20221007-WA0001_1.jpg?resize=400%2C250&ssl=1",400,250,true]},"author_info":{"display_name":"Jo\u00ebl Diawa","author_link":"https:\/\/infos-droitshumains.net\/?author=2"},"category_info":"<a href=\"https:\/\/infos-droitshumains.net\/?cat=3\" rel=\"category\">Politique<\/a>","tag_info":"Politique","comment_count":"0","jetpack_featured_media_url":"https:\/\/i0.wp.com\/infos-droitshumains.net\/wp-content\/uploads\/2022\/10\/IMG-20221007-WA0001_1.jpg?fit=1080%2C715&ssl=1","jetpack-related-posts":[],"jetpack_sharing_enabled":true,"_links":{"self":[{"href":"https:\/\/infos-droitshumains.net\/index.php?rest_route=\/wp\/v2\/posts\/5160","targetHints":{"allow":["GET"]}}],"collection":[{"href":"https:\/\/infos-droitshumains.net\/index.php?rest_route=\/wp\/v2\/posts"}],"about":[{"href":"https:\/\/infos-droitshumains.net\/index.php?rest_route=\/wp\/v2\/types\/post"}],"author":[{"embeddable":true,"href":"https:\/\/infos-droitshumains.net\/index.php?rest_route=\/wp\/v2\/users\/2"}],"replies":[{"embeddable":true,"href":"https:\/\/infos-droitshumains.net\/index.php?rest_route=%2Fwp%2Fv2%2Fcomments&post=5160"}],"version-history":[{"count":6,"href":"https:\/\/infos-droitshumains.net\/index.php?rest_route=\/wp\/v2\/posts\/5160\/revisions"}],"predecessor-version":[{"id":5174,"href":"https:\/\/infos-droitshumains.net\/index.php?rest_route=\/wp\/v2\/posts\/5160\/revisions\/5174"}],"wp:featuredmedia":[{"embeddable":true,"href":"https:\/\/infos-droitshumains.net\/index.php?rest_route=\/wp\/v2\/media\/5167"}],"wp:attachment":[{"href":"https:\/\/infos-droitshumains.net\/index.php?rest_route=%2Fwp%2Fv2%2Fmedia&parent=5160"}],"wp:term":[{"taxonomy":"category","embeddable":true,"href":"https:\/\/infos-droitshumains.net\/index.php?rest_route=%2Fwp%2Fv2%2Fcategories&post=5160"},{"taxonomy":"post_tag","embeddable":true,"href":"https:\/\/infos-droitshumains.net\/index.php?rest_route=%2Fwp%2Fv2%2Ftags&post=5160"}],"curies":[{"name":"wp","href":"https:\/\/api.w.org\/{rel}","templated":true}]}}