{"id":5124,"date":"2022-10-03T21:00:00","date_gmt":"2022-10-03T19:00:00","guid":{"rendered":"https:\/\/infos-droitshumains.net\/?p=5124"},"modified":"2022-10-05T19:46:00","modified_gmt":"2022-10-05T17:46:00","slug":"ouverture-des-travaux-de-la-pre-cop27la-rdc-invite-les-pays-pollueurs-a-garantir-les-moyens-technologiques-et-financiers-en-faveur-des-pays-solutions-qui-ne-portent-pas-la-lourde-responsabilite-du-ch","status":"publish","type":"post","link":"https:\/\/infos-droitshumains.net\/?p=5124","title":{"rendered":"Ouverture des travaux de la Pr\u00e9-COP27:La RDC invite les pays pollueurs \u00e0 garantir les moyens technologiques et financiers en faveur des pays solutions qui ne portent pas la lourde responsabilit\u00e9 du changement climatique"},"content":{"rendered":"\n<p><strong>R\u00e9daction :+243817406088<\/strong><\/p>\n\n\n\n<p><strong>\u00ab Unir le monde pour lutter contre les changements climatiques \u00bb<\/strong>. C\u2019est sous ce th\u00e8me que s\u2019est ouvert ce lundi \u00e0 Kinshasa, les travaux pr\u00e9paratoires de la 27\u00e8me session de la Conf\u00e9rence des parties \u00e0 la Convention-cadre des Nations-Unies sur les changements climatiques (Cop27).<\/p>\n\n\n\n<p>Le Premier-Ministre congolais qui a ouvert les travaux, a pr\u00e9sent\u00e9 son pays comme un pays solution dans la lutte contre le changement climatique.<\/p>\n\n\n\n<p><em>\u00ab \u2026, avec un espace majoritairement vert, plus de 155 millions d\u2019hectares des for\u00eats tropicales humides, ainsi que les tourbill\u00e8res, les mangroves, avec ses 10% de r\u00e9serves d\u2019eaux douces de la plan\u00e8te, la RDC d\u00e9tient en plus une immense r\u00e9serve de divers minerais strat\u00e9giques dont le monde a besoin pour assurer la transition \u00e9nerg\u00e9tique. Notre pays ne pouvait que m\u00e9riter ce choix. La RDC se pr\u00e9sente dor\u00e9navant comme pays solution \u00e0 la crise climatique. Car, elle offre d\u00e9j\u00e0 beaucoup et continuera de le faire \u00e0 l\u2019humanit\u00e9 en termes de contribution aux efforts globaux de lutte contre les changements climatiques \u00bb<\/em>, a dit Sama Lukonde.<\/p>\n\n\n\n<figure class=\"wp-block-image alignfull size-large\"><img data-recalc-dims=\"1\" fetchpriority=\"high\" decoding=\"async\" width=\"640\" height=\"427\" src=\"https:\/\/i0.wp.com\/infos-droitshumains.net\/wp-content\/uploads\/2022\/10\/20221003_212544.jpg?resize=640%2C427&#038;ssl=1\" alt=\"\" class=\"wp-image-5126\" srcset=\"https:\/\/i0.wp.com\/infos-droitshumains.net\/wp-content\/uploads\/2022\/10\/20221003_212544.jpg?resize=1024%2C683&amp;ssl=1 1024w, https:\/\/i0.wp.com\/infos-droitshumains.net\/wp-content\/uploads\/2022\/10\/20221003_212544.jpg?resize=300%2C200&amp;ssl=1 300w, https:\/\/i0.wp.com\/infos-droitshumains.net\/wp-content\/uploads\/2022\/10\/20221003_212544.jpg?resize=768%2C512&amp;ssl=1 768w, https:\/\/i0.wp.com\/infos-droitshumains.net\/wp-content\/uploads\/2022\/10\/20221003_212544.jpg?w=1080&amp;ssl=1 1080w\" sizes=\"(max-width: 640px) 100vw, 640px\" \/><\/figure>\n\n\n\n<p>Le Chef du Gouvernement congolais a \u00e9mis le v\u0153u de voir ces assises se solder sur une note d\u2019espoir pour la plan\u00e8te terre en g\u00e9n\u00e9ral mais aussi pour le continent africain.<\/p>\n\n\n\n<p><em>\u00ab\u2026 J\u2019ose esp\u00e9rer que les \u00e9changes s\u2019\u00e9tendront sur les cas de force majeure suite auxquels certains pays europ\u00e9ens sont retourn\u00e9s \u00e0 l\u2019usage des sources d\u2019\u00e9nergie polluantes, qu\u2019ils avaient pr\u00e9alablement bannies, afin d\u2019\u00e9viter \u00e0 leur peuples les cons\u00e9quences incalculables d\u2019un d\u00e9ficit en \u00e9nergie que leur a impos\u00e9 la guerre en Ukraine. La RDC pense qu\u2019il est temps de se pencher sur des cas de cette nature pour assurer la survie de nos populations confront\u00e9es \u00e0 l\u2019urgence de limiter les \u00e9missions des gaz \u00e0 effet de serre. Il convient d\u2019adopter, pour cela, une position commune nous permettant d\u2019\u00e9viter de tomber dans l\u2019arbitraire avec d\u2019une part, certains \u00c9tats libres de poursuivre voire d\u2019augmenter leurs \u00e9missions et d\u2019autres part, d\u2019autres \u00c9tats emp\u00each\u00e9s d\u2019exploiter leurs ressources naturelles par simple craintes de l\u2019aggravation des \u00e9missions mondiales des gaz \u00e0 effet de serre. Il faut peut-\u00eatre le relever ici, l\u2019Afrique n\u2019est responsable que de 04% des \u00e9missions mondiales des gaz \u00e0 effet de serre. Elle conserve plus qu\u2019elle n\u2019en \u00e9met. D\u00e8s lors, que doit-elle faire ? Ne pas op\u00e9rer un choix entre la survie de ses populations, la lutte contre l\u2019extr\u00eame pauvret\u00e9, la lourde facture \u00e0 payer pour l\u2019adoption aux changements climatiques d\u2019une part, et le contr\u00f4le des \u00e9missions des gaz \u00e0 effet de serre, d\u2019autre part, cela est de bon sens \u00bb<\/em>, a ajout\u00e9 le chef de l\u2019ex\u00e9cutif congolais.<\/p>\n\n\n\n<figure class=\"wp-block-image alignfull size-large\"><img data-recalc-dims=\"1\" decoding=\"async\" width=\"640\" height=\"427\" src=\"https:\/\/i0.wp.com\/infos-droitshumains.net\/wp-content\/uploads\/2022\/10\/20221003_212544-1.jpg?resize=640%2C427&#038;ssl=1\" alt=\"\" class=\"wp-image-5128\" srcset=\"https:\/\/i0.wp.com\/infos-droitshumains.net\/wp-content\/uploads\/2022\/10\/20221003_212544-1.jpg?resize=1024%2C683&amp;ssl=1 1024w, https:\/\/i0.wp.com\/infos-droitshumains.net\/wp-content\/uploads\/2022\/10\/20221003_212544-1.jpg?resize=300%2C200&amp;ssl=1 300w, https:\/\/i0.wp.com\/infos-droitshumains.net\/wp-content\/uploads\/2022\/10\/20221003_212544-1.jpg?resize=768%2C512&amp;ssl=1 768w, https:\/\/i0.wp.com\/infos-droitshumains.net\/wp-content\/uploads\/2022\/10\/20221003_212544-1.jpg?w=1080&amp;ssl=1 1080w\" sizes=\"(max-width: 640px) 100vw, 640px\" \/><\/figure>\n\n\n\n<p>Ces assises ont r\u00e9unis outres les repr\u00e9sentants des diff\u00e9rentes organisations de lutte contre le changement climatique, 64 ministres ayant dans leurs attributions, les questions du climat venus des quatre coins du monde pour pr\u00e9parer probablement des orientations sur les diff\u00e9rentes th\u00e9matiques qui constitueront l\u2019agenda des d\u00e9bats lors de la Cop-27 qui se tiendra du 07 au 18 novembre 2022 \u00e0 Charm El-Chieck en Egypte.<\/p>\n\n\n\n<p>Jo\u00ebl Diawa<\/p>\n","protected":false},"excerpt":{"rendered":"<p>R\u00e9daction :+243817406088 \u00ab Unir le monde pour lutter contre les changements climatiques \u00bb. C\u2019est sous&#8230;<\/p>\n","protected":false},"author":2,"featured_media":5131,"comment_status":"open","ping_status":"open","sticky":false,"template":"","format":"standard","meta":{"_jetpack_memberships_contains_paid_content":false,"footnotes":""},"categories":[8],"tags":[],"class_list":["post-5124","post","type-post","status-publish","format-standard","has-post-thumbnail","hentry","category-societe"],"yoast_head":"<!-- This site is optimized with the Yoast SEO plugin v27.5 - https:\/\/yoast.com\/product\/yoast-seo-wordpress\/ -->\n<title>Ouverture des travaux de la Pr\u00e9-COP27:La RDC invite les pays pollueurs \u00e0 garantir les moyens technologiques et financiers en faveur des pays solutions qui ne portent pas la lourde responsabilit\u00e9 du changement climatique - Infos Droits Humains<\/title>\n<meta name=\"robots\" content=\"index, follow, max-snippet:-1, max-image-preview:large, max-video-preview:-1\" \/>\n<link rel=\"canonical\" href=\"https:\/\/infos-droitshumains.net\/?p=5124\" \/>\n<meta property=\"og:locale\" content=\"fr_FR\" \/>\n<meta property=\"og:type\" content=\"article\" \/>\n<meta property=\"og:title\" content=\"Ouverture des travaux de la Pr\u00e9-COP27:La RDC invite les pays pollueurs \u00e0 garantir les moyens technologiques et financiers en faveur des pays solutions qui ne portent pas la lourde responsabilit\u00e9 du changement climatique - Infos Droits Humains\" \/>\n<meta property=\"og:description\" content=\"R\u00e9daction :+243817406088 \u00ab Unir le monde pour lutter contre les changements climatiques \u00bb. C\u2019est sous...\" \/>\n<meta property=\"og:url\" content=\"https:\/\/infos-droitshumains.net\/?p=5124\" \/>\n<meta property=\"og:site_name\" content=\"Infos Droits Humains\" \/>\n<meta property=\"article:published_time\" content=\"2022-10-03T19:00:00+00:00\" \/>\n<meta property=\"article:modified_time\" content=\"2022-10-05T17:46:00+00:00\" \/>\n<meta property=\"og:image\" content=\"https:\/\/i0.wp.com\/infos-droitshumains.net\/wp-content\/uploads\/2022\/10\/20221003_211130.jpg?fit=1032%2C591&ssl=1\" \/>\n\t<meta property=\"og:image:width\" content=\"1032\" \/>\n\t<meta property=\"og:image:height\" content=\"591\" \/>\n\t<meta property=\"og:image:type\" content=\"image\/jpeg\" \/>\n<meta name=\"author\" content=\"Jo\u00ebl Diawa\" \/>\n<meta name=\"twitter:card\" content=\"summary_large_image\" \/>\n<meta name=\"twitter:label1\" content=\"\u00c9crit par\" \/>\n\t<meta name=\"twitter:data1\" content=\"Jo\u00ebl Diawa\" \/>\n\t<meta name=\"twitter:label2\" content=\"Dur\u00e9e de lecture estim\u00e9e\" \/>\n\t<meta name=\"twitter:data2\" content=\"3 minutes\" \/>\n<script type=\"application\/ld+json\" class=\"yoast-schema-graph\">{\"@context\":\"https:\\\/\\\/schema.org\",\"@graph\":[{\"@type\":\"Article\",\"@id\":\"https:\\\/\\\/infos-droitshumains.net\\\/?p=5124#article\",\"isPartOf\":{\"@id\":\"https:\\\/\\\/infos-droitshumains.net\\\/?p=5124\"},\"author\":{\"name\":\"Jo\u00ebl Diawa\",\"@id\":\"https:\\\/\\\/infos-droitshumains.net\\\/#\\\/schema\\\/person\\\/3dc5e921c3302172e0ed4362f96faab7\"},\"headline\":\"Ouverture des travaux de la Pr\u00e9-COP27:La RDC invite les pays pollueurs \u00e0 garantir les moyens technologiques et financiers en faveur des pays solutions qui ne portent pas la lourde responsabilit\u00e9 du changement climatique\",\"datePublished\":\"2022-10-03T19:00:00+00:00\",\"dateModified\":\"2022-10-05T17:46:00+00:00\",\"mainEntityOfPage\":{\"@id\":\"https:\\\/\\\/infos-droitshumains.net\\\/?p=5124\"},\"wordCount\":576,\"commentCount\":0,\"publisher\":{\"@id\":\"https:\\\/\\\/infos-droitshumains.net\\\/#organization\"},\"image\":{\"@id\":\"https:\\\/\\\/infos-droitshumains.net\\\/?p=5124#primaryimage\"},\"thumbnailUrl\":\"https:\\\/\\\/i0.wp.com\\\/infos-droitshumains.net\\\/wp-content\\\/uploads\\\/2022\\\/10\\\/20221003_211130.jpg?fit=1032%2C591&ssl=1\",\"articleSection\":[\"Soci\u00e9t\u00e9\"],\"inLanguage\":\"fr-FR\",\"potentialAction\":[{\"@type\":\"CommentAction\",\"name\":\"Comment\",\"target\":[\"https:\\\/\\\/infos-droitshumains.net\\\/?p=5124#respond\"]}]},{\"@type\":\"WebPage\",\"@id\":\"https:\\\/\\\/infos-droitshumains.net\\\/?p=5124\",\"url\":\"https:\\\/\\\/infos-droitshumains.net\\\/?p=5124\",\"name\":\"Ouverture des travaux de la Pr\u00e9-COP27:La RDC invite les pays pollueurs \u00e0 garantir les moyens technologiques et financiers en faveur des pays solutions qui ne portent pas la lourde responsabilit\u00e9 du changement climatique - Infos Droits Humains\",\"isPartOf\":{\"@id\":\"https:\\\/\\\/infos-droitshumains.net\\\/#website\"},\"primaryImageOfPage\":{\"@id\":\"https:\\\/\\\/infos-droitshumains.net\\\/?p=5124#primaryimage\"},\"image\":{\"@id\":\"https:\\\/\\\/infos-droitshumains.net\\\/?p=5124#primaryimage\"},\"thumbnailUrl\":\"https:\\\/\\\/i0.wp.com\\\/infos-droitshumains.net\\\/wp-content\\\/uploads\\\/2022\\\/10\\\/20221003_211130.jpg?fit=1032%2C591&ssl=1\",\"datePublished\":\"2022-10-03T19:00:00+00:00\",\"dateModified\":\"2022-10-05T17:46:00+00:00\",\"breadcrumb\":{\"@id\":\"https:\\\/\\\/infos-droitshumains.net\\\/?p=5124#breadcrumb\"},\"inLanguage\":\"fr-FR\",\"potentialAction\":[{\"@type\":\"ReadAction\",\"target\":[\"https:\\\/\\\/infos-droitshumains.net\\\/?p=5124\"]}]},{\"@type\":\"ImageObject\",\"inLanguage\":\"fr-FR\",\"@id\":\"https:\\\/\\\/infos-droitshumains.net\\\/?p=5124#primaryimage\",\"url\":\"https:\\\/\\\/i0.wp.com\\\/infos-droitshumains.net\\\/wp-content\\\/uploads\\\/2022\\\/10\\\/20221003_211130.jpg?fit=1032%2C591&ssl=1\",\"contentUrl\":\"https:\\\/\\\/i0.wp.com\\\/infos-droitshumains.net\\\/wp-content\\\/uploads\\\/2022\\\/10\\\/20221003_211130.jpg?fit=1032%2C591&ssl=1\",\"width\":1032,\"height\":591},{\"@type\":\"BreadcrumbList\",\"@id\":\"https:\\\/\\\/infos-droitshumains.net\\\/?p=5124#breadcrumb\",\"itemListElement\":[{\"@type\":\"ListItem\",\"position\":1,\"name\":\"Accueil\",\"item\":\"https:\\\/\\\/infos-droitshumains.net\\\/\"},{\"@type\":\"ListItem\",\"position\":2,\"name\":\"Ouverture des travaux de la Pr\u00e9-COP27:La RDC invite les pays pollueurs \u00e0 garantir les moyens technologiques et financiers en faveur des pays solutions qui ne portent pas la lourde responsabilit\u00e9 du changement climatique\"}]},{\"@type\":\"WebSite\",\"@id\":\"https:\\\/\\\/infos-droitshumains.net\\\/#website\",\"url\":\"https:\\\/\\\/infos-droitshumains.net\\\/\",\"name\":\"Infos Droits Humains\",\"description\":\"S&#039;informer est un droit\",\"publisher\":{\"@id\":\"https:\\\/\\\/infos-droitshumains.net\\\/#organization\"},\"potentialAction\":[{\"@type\":\"SearchAction\",\"target\":{\"@type\":\"EntryPoint\",\"urlTemplate\":\"https:\\\/\\\/infos-droitshumains.net\\\/?s={search_term_string}\"},\"query-input\":{\"@type\":\"PropertyValueSpecification\",\"valueRequired\":true,\"valueName\":\"search_term_string\"}}],\"inLanguage\":\"fr-FR\"},{\"@type\":\"Organization\",\"@id\":\"https:\\\/\\\/infos-droitshumains.net\\\/#organization\",\"name\":\"Infos Droits Humains\",\"url\":\"https:\\\/\\\/infos-droitshumains.net\\\/\",\"logo\":{\"@type\":\"ImageObject\",\"inLanguage\":\"fr-FR\",\"@id\":\"https:\\\/\\\/infos-droitshumains.net\\\/#\\\/schema\\\/logo\\\/image\\\/\",\"url\":\"https:\\\/\\\/i0.wp.com\\\/infos-droitshumains.net\\\/wp-content\\\/uploads\\\/2022\\\/05\\\/Logo.png?fit=333%2C129&ssl=1\",\"contentUrl\":\"https:\\\/\\\/i0.wp.com\\\/infos-droitshumains.net\\\/wp-content\\\/uploads\\\/2022\\\/05\\\/Logo.png?fit=333%2C129&ssl=1\",\"width\":333,\"height\":129,\"caption\":\"Infos Droits Humains\"},\"image\":{\"@id\":\"https:\\\/\\\/infos-droitshumains.net\\\/#\\\/schema\\\/logo\\\/image\\\/\"}},{\"@type\":\"Person\",\"@id\":\"https:\\\/\\\/infos-droitshumains.net\\\/#\\\/schema\\\/person\\\/3dc5e921c3302172e0ed4362f96faab7\",\"name\":\"Jo\u00ebl Diawa\",\"image\":{\"@type\":\"ImageObject\",\"inLanguage\":\"fr-FR\",\"@id\":\"https:\\\/\\\/secure.gravatar.com\\\/avatar\\\/729bea6ff4604c624417803c477363be8e3c7186deaa65713313f9b4b820f41c?s=96&d=mm&r=g\",\"url\":\"https:\\\/\\\/secure.gravatar.com\\\/avatar\\\/729bea6ff4604c624417803c477363be8e3c7186deaa65713313f9b4b820f41c?s=96&d=mm&r=g\",\"contentUrl\":\"https:\\\/\\\/secure.gravatar.com\\\/avatar\\\/729bea6ff4604c624417803c477363be8e3c7186deaa65713313f9b4b820f41c?s=96&d=mm&r=g\",\"caption\":\"Jo\u00ebl Diawa\"},\"sameAs\":[\"https:\\\/\\\/www.infos-droitshumains.net\"],\"url\":\"https:\\\/\\\/infos-droitshumains.net\\\/?author=2\"}]}<\/script>\n<!-- \/ Yoast SEO plugin. -->","yoast_head_json":{"title":"Ouverture des travaux de la Pr\u00e9-COP27:La RDC invite les pays pollueurs \u00e0 garantir les moyens technologiques et financiers en faveur des pays solutions qui ne portent pas la lourde responsabilit\u00e9 du changement climatique - Infos Droits Humains","robots":{"index":"index","follow":"follow","max-snippet":"max-snippet:-1","max-image-preview":"max-image-preview:large","max-video-preview":"max-video-preview:-1"},"canonical":"https:\/\/infos-droitshumains.net\/?p=5124","og_locale":"fr_FR","og_type":"article","og_title":"Ouverture des travaux de la Pr\u00e9-COP27:La RDC invite les pays pollueurs \u00e0 garantir les moyens technologiques et financiers en faveur des pays solutions qui ne portent pas la lourde responsabilit\u00e9 du changement climatique - Infos Droits Humains","og_description":"R\u00e9daction :+243817406088 \u00ab Unir le monde pour lutter contre les changements climatiques \u00bb. C\u2019est sous...","og_url":"https:\/\/infos-droitshumains.net\/?p=5124","og_site_name":"Infos Droits Humains","article_published_time":"2022-10-03T19:00:00+00:00","article_modified_time":"2022-10-05T17:46:00+00:00","og_image":[{"width":1032,"height":591,"url":"https:\/\/i0.wp.com\/infos-droitshumains.net\/wp-content\/uploads\/2022\/10\/20221003_211130.jpg?fit=1032%2C591&ssl=1","type":"image\/jpeg"}],"author":"Jo\u00ebl Diawa","twitter_card":"summary_large_image","twitter_misc":{"\u00c9crit par":"Jo\u00ebl Diawa","Dur\u00e9e de lecture estim\u00e9e":"3 minutes"},"schema":{"@context":"https:\/\/schema.org","@graph":[{"@type":"Article","@id":"https:\/\/infos-droitshumains.net\/?p=5124#article","isPartOf":{"@id":"https:\/\/infos-droitshumains.net\/?p=5124"},"author":{"name":"Jo\u00ebl Diawa","@id":"https:\/\/infos-droitshumains.net\/#\/schema\/person\/3dc5e921c3302172e0ed4362f96faab7"},"headline":"Ouverture des travaux de la Pr\u00e9-COP27:La RDC invite les pays pollueurs \u00e0 garantir les moyens technologiques et financiers en faveur des pays solutions qui ne portent pas la lourde responsabilit\u00e9 du changement climatique","datePublished":"2022-10-03T19:00:00+00:00","dateModified":"2022-10-05T17:46:00+00:00","mainEntityOfPage":{"@id":"https:\/\/infos-droitshumains.net\/?p=5124"},"wordCount":576,"commentCount":0,"publisher":{"@id":"https:\/\/infos-droitshumains.net\/#organization"},"image":{"@id":"https:\/\/infos-droitshumains.net\/?p=5124#primaryimage"},"thumbnailUrl":"https:\/\/i0.wp.com\/infos-droitshumains.net\/wp-content\/uploads\/2022\/10\/20221003_211130.jpg?fit=1032%2C591&ssl=1","articleSection":["Soci\u00e9t\u00e9"],"inLanguage":"fr-FR","potentialAction":[{"@type":"CommentAction","name":"Comment","target":["https:\/\/infos-droitshumains.net\/?p=5124#respond"]}]},{"@type":"WebPage","@id":"https:\/\/infos-droitshumains.net\/?p=5124","url":"https:\/\/infos-droitshumains.net\/?p=5124","name":"Ouverture des travaux de la Pr\u00e9-COP27:La RDC invite les pays pollueurs \u00e0 garantir les moyens technologiques et financiers en faveur des pays solutions qui ne portent pas la lourde responsabilit\u00e9 du changement climatique - Infos Droits Humains","isPartOf":{"@id":"https:\/\/infos-droitshumains.net\/#website"},"primaryImageOfPage":{"@id":"https:\/\/infos-droitshumains.net\/?p=5124#primaryimage"},"image":{"@id":"https:\/\/infos-droitshumains.net\/?p=5124#primaryimage"},"thumbnailUrl":"https:\/\/i0.wp.com\/infos-droitshumains.net\/wp-content\/uploads\/2022\/10\/20221003_211130.jpg?fit=1032%2C591&ssl=1","datePublished":"2022-10-03T19:00:00+00:00","dateModified":"2022-10-05T17:46:00+00:00","breadcrumb":{"@id":"https:\/\/infos-droitshumains.net\/?p=5124#breadcrumb"},"inLanguage":"fr-FR","potentialAction":[{"@type":"ReadAction","target":["https:\/\/infos-droitshumains.net\/?p=5124"]}]},{"@type":"ImageObject","inLanguage":"fr-FR","@id":"https:\/\/infos-droitshumains.net\/?p=5124#primaryimage","url":"https:\/\/i0.wp.com\/infos-droitshumains.net\/wp-content\/uploads\/2022\/10\/20221003_211130.jpg?fit=1032%2C591&ssl=1","contentUrl":"https:\/\/i0.wp.com\/infos-droitshumains.net\/wp-content\/uploads\/2022\/10\/20221003_211130.jpg?fit=1032%2C591&ssl=1","width":1032,"height":591},{"@type":"BreadcrumbList","@id":"https:\/\/infos-droitshumains.net\/?p=5124#breadcrumb","itemListElement":[{"@type":"ListItem","position":1,"name":"Accueil","item":"https:\/\/infos-droitshumains.net\/"},{"@type":"ListItem","position":2,"name":"Ouverture des travaux de la Pr\u00e9-COP27:La RDC invite les pays pollueurs \u00e0 garantir les moyens technologiques et financiers en faveur des pays solutions qui ne portent pas la lourde responsabilit\u00e9 du changement climatique"}]},{"@type":"WebSite","@id":"https:\/\/infos-droitshumains.net\/#website","url":"https:\/\/infos-droitshumains.net\/","name":"Infos Droits Humains","description":"S&#039;informer est un droit","publisher":{"@id":"https:\/\/infos-droitshumains.net\/#organization"},"potentialAction":[{"@type":"SearchAction","target":{"@type":"EntryPoint","urlTemplate":"https:\/\/infos-droitshumains.net\/?s={search_term_string}"},"query-input":{"@type":"PropertyValueSpecification","valueRequired":true,"valueName":"search_term_string"}}],"inLanguage":"fr-FR"},{"@type":"Organization","@id":"https:\/\/infos-droitshumains.net\/#organization","name":"Infos Droits Humains","url":"https:\/\/infos-droitshumains.net\/","logo":{"@type":"ImageObject","inLanguage":"fr-FR","@id":"https:\/\/infos-droitshumains.net\/#\/schema\/logo\/image\/","url":"https:\/\/i0.wp.com\/infos-droitshumains.net\/wp-content\/uploads\/2022\/05\/Logo.png?fit=333%2C129&ssl=1","contentUrl":"https:\/\/i0.wp.com\/infos-droitshumains.net\/wp-content\/uploads\/2022\/05\/Logo.png?fit=333%2C129&ssl=1","width":333,"height":129,"caption":"Infos Droits Humains"},"image":{"@id":"https:\/\/infos-droitshumains.net\/#\/schema\/logo\/image\/"}},{"@type":"Person","@id":"https:\/\/infos-droitshumains.net\/#\/schema\/person\/3dc5e921c3302172e0ed4362f96faab7","name":"Jo\u00ebl Diawa","image":{"@type":"ImageObject","inLanguage":"fr-FR","@id":"https:\/\/secure.gravatar.com\/avatar\/729bea6ff4604c624417803c477363be8e3c7186deaa65713313f9b4b820f41c?s=96&d=mm&r=g","url":"https:\/\/secure.gravatar.com\/avatar\/729bea6ff4604c624417803c477363be8e3c7186deaa65713313f9b4b820f41c?s=96&d=mm&r=g","contentUrl":"https:\/\/secure.gravatar.com\/avatar\/729bea6ff4604c624417803c477363be8e3c7186deaa65713313f9b4b820f41c?s=96&d=mm&r=g","caption":"Jo\u00ebl Diawa"},"sameAs":["https:\/\/www.infos-droitshumains.net"],"url":"https:\/\/infos-droitshumains.net\/?author=2"}]}},"featured_image_urls":{"full":["https:\/\/i0.wp.com\/infos-droitshumains.net\/wp-content\/uploads\/2022\/10\/20221003_211130.jpg?fit=1032%2C591&ssl=1",1032,591,false],"thumbnail":["https:\/\/i0.wp.com\/infos-droitshumains.net\/wp-content\/uploads\/2022\/10\/20221003_211130.jpg?resize=150%2C150&ssl=1",150,150,true],"medium":["https:\/\/i0.wp.com\/infos-droitshumains.net\/wp-content\/uploads\/2022\/10\/20221003_211130.jpg?fit=300%2C172&ssl=1",300,172,true],"medium_large":["https:\/\/i0.wp.com\/infos-droitshumains.net\/wp-content\/uploads\/2022\/10\/20221003_211130.jpg?fit=640%2C367&ssl=1",640,367,true],"large":["https:\/\/i0.wp.com\/infos-droitshumains.net\/wp-content\/uploads\/2022\/10\/20221003_211130.jpg?fit=640%2C366&ssl=1",640,366,true],"1536x1536":["https:\/\/i0.wp.com\/infos-droitshumains.net\/wp-content\/uploads\/2022\/10\/20221003_211130.jpg?fit=1032%2C591&ssl=1",1032,591,true],"2048x2048":["https:\/\/i0.wp.com\/infos-droitshumains.net\/wp-content\/uploads\/2022\/10\/20221003_211130.jpg?fit=1032%2C591&ssl=1",1032,591,true],"covernews-slider-full":["https:\/\/i0.wp.com\/infos-droitshumains.net\/wp-content\/uploads\/2022\/10\/20221003_211130.jpg?resize=1032%2C591&ssl=1",1032,591,true],"covernews-slider-center":["https:\/\/i0.wp.com\/infos-droitshumains.net\/wp-content\/uploads\/2022\/10\/20221003_211130.jpg?resize=800%2C500&ssl=1",800,500,true],"covernews-featured":["https:\/\/i0.wp.com\/infos-droitshumains.net\/wp-content\/uploads\/2022\/10\/20221003_211130.jpg?fit=1024%2C586&ssl=1",1024,586,true],"covernews-medium":["https:\/\/i0.wp.com\/infos-droitshumains.net\/wp-content\/uploads\/2022\/10\/20221003_211130.jpg?resize=540%2C340&ssl=1",540,340,true],"covernews-medium-square":["https:\/\/i0.wp.com\/infos-droitshumains.net\/wp-content\/uploads\/2022\/10\/20221003_211130.jpg?resize=400%2C250&ssl=1",400,250,true]},"author_info":{"display_name":"Jo\u00ebl Diawa","author_link":"https:\/\/infos-droitshumains.net\/?author=2"},"category_info":"<a href=\"https:\/\/infos-droitshumains.net\/?cat=8\" rel=\"category\">Soci\u00e9t\u00e9<\/a>","tag_info":"Soci\u00e9t\u00e9","comment_count":"0","jetpack_featured_media_url":"https:\/\/i0.wp.com\/infos-droitshumains.net\/wp-content\/uploads\/2022\/10\/20221003_211130.jpg?fit=1032%2C591&ssl=1","jetpack-related-posts":[],"jetpack_sharing_enabled":true,"_links":{"self":[{"href":"https:\/\/infos-droitshumains.net\/index.php?rest_route=\/wp\/v2\/posts\/5124","targetHints":{"allow":["GET"]}}],"collection":[{"href":"https:\/\/infos-droitshumains.net\/index.php?rest_route=\/wp\/v2\/posts"}],"about":[{"href":"https:\/\/infos-droitshumains.net\/index.php?rest_route=\/wp\/v2\/types\/post"}],"author":[{"embeddable":true,"href":"https:\/\/infos-droitshumains.net\/index.php?rest_route=\/wp\/v2\/users\/2"}],"replies":[{"embeddable":true,"href":"https:\/\/infos-droitshumains.net\/index.php?rest_route=%2Fwp%2Fv2%2Fcomments&post=5124"}],"version-history":[{"count":4,"href":"https:\/\/infos-droitshumains.net\/index.php?rest_route=\/wp\/v2\/posts\/5124\/revisions"}],"predecessor-version":[{"id":5130,"href":"https:\/\/infos-droitshumains.net\/index.php?rest_route=\/wp\/v2\/posts\/5124\/revisions\/5130"}],"wp:featuredmedia":[{"embeddable":true,"href":"https:\/\/infos-droitshumains.net\/index.php?rest_route=\/wp\/v2\/media\/5131"}],"wp:attachment":[{"href":"https:\/\/infos-droitshumains.net\/index.php?rest_route=%2Fwp%2Fv2%2Fmedia&parent=5124"}],"wp:term":[{"taxonomy":"category","embeddable":true,"href":"https:\/\/infos-droitshumains.net\/index.php?rest_route=%2Fwp%2Fv2%2Fcategories&post=5124"},{"taxonomy":"post_tag","embeddable":true,"href":"https:\/\/infos-droitshumains.net\/index.php?rest_route=%2Fwp%2Fv2%2Ftags&post=5124"}],"curies":[{"name":"wp","href":"https:\/\/api.w.org\/{rel}","templated":true}]}}