{"id":5090,"date":"2022-10-04T16:03:35","date_gmt":"2022-10-04T14:03:35","guid":{"rendered":"https:\/\/infos-droitshumains.net\/?p=5090"},"modified":"2022-10-04T16:09:00","modified_gmt":"2022-10-04T14:09:00","slug":"lutte-contre-la-traite-des-personnes-en-rdc-loim-et-lapltp-lancent-le-premier-forum-des-acteurs-sur-la-collecte-des-donnees","status":"publish","type":"post","link":"https:\/\/infos-droitshumains.net\/?p=5090","title":{"rendered":"Lutte contre la traite des personnes en RDC:L\u2019OIM et l&rsquo;APLTP lancent le premier forum des acteurs sur la collecte des donn\u00e9es"},"content":{"rendered":"\n<p><strong>R\u00e9daction:+243817406088<\/strong><\/p>\n\n\n\n<p>Environ une cinquantaine des acteurs de premi\u00e8re ligne sont soumis depuis ce mardi \u00e0 Kinshasa, \u00e0 une formation dans le cadre du premier forum sur la collecte des donn\u00e9es relatives \u00e0 la traite des personnes.<\/p>\n\n\n\n<p>L\u2019objectif poursuivi par l\u2019Agence pour la Pr\u00e9vention et la Lutte contre la Traite des Personnes et l\u2019Organisation International pour les Migrations qui organisent ces travaux est de cr\u00e9er un cadre de rencontres,<strong><em> \u00ab d\u2019\u00e9changes \u00bb<\/em><\/strong> et <em><strong>\u00ab de capitalisation \u00bb<\/strong><\/em> autour des actions des acteurs de premi\u00e8re ligne et de la collecte des donn\u00e9es entre les acteurs de premi\u00e8re ligne dans la lutte contre la traite des personnes \u00e0 l\u2019\u00e9chelle internationale et au niveau national et r\u00e9gional, intervenant soit comme acteurs de la soci\u00e9t\u00e9 civile, repr\u00e9sentants du gouvernement ou membres de la coop\u00e9ration au d\u00e9veloppement.<\/p>\n\n\n\n<p>A en croire Fils-Lien Ely Thelot, repr\u00e9sentant du chef de mission OIM en RDC, ce forum est une suite logique des autres formations organis\u00e9es \u00e0 l\u2019intention de ces acteurs de premi\u00e8re ligne.<\/p>\n\n\n\n<p><em>\u00ab Nous avons fait des ateliers de formation et de sensibilisation pendant ces deux derni\u00e8res ann\u00e9es. L\u2019OIM a form\u00e9 plusieurs acteurs de premi\u00e8re ligne dans diff\u00e9rentes provinces sur la prise en charge des victimes, sur l\u2019identification des victimes, sur la r\u00e9insertion sociale des victimes. Nous avons travaill\u00e9 de sorte que les acteurs de premi\u00e8re ligne maitrisent les indicateurs et les concepts li\u00e9s \u00e0 la traite des personnes ; maintenant est venu le temps de faire en sorte que les acteurs sachent comment collecter les donn\u00e9es concernant les victimes, comment g\u00e9rer ces donn\u00e9es dans une base des donn\u00e9es et comment surtout partager ces donn\u00e9es-l\u00e0 entre eux \u00bb<\/em>.<\/p>\n\n\n\n<p>La v\u00e9rit\u00e9 est que, en l\u2019\u00e9tat actuel de la situation, la production de donn\u00e9es sp\u00e9cifiques sur les cas de traite des personnes en RDC rencontre d\u2019\u00e9normes difficult\u00e9s. Cela s\u2019explique par le manque de connaissances de la probl\u00e9matique par les acteurs de premi\u00e8re ligne. Cela s\u2019explique aussi et surtout par le fait que les diff\u00e9rentes formes de la traite des personnes ne figurent pas toujours dans les formulaires de collecte d\u2019informations \u00e0 partir desquels les statistiques sont produites. Ce forum est donc une occasion de pousser les acteurs d\u00e9cisifs \u00e0 discuter de la question entre eux, \u00e0 d\u00e9velopper des passerelles facilitant les \u00e9changes d\u2019informations et \u00e0 d\u00e9velopper des m\u00e9canismes gr\u00e2ce auxquels ils pourront partager des informations de qualit\u00e9 sur la traite des personnes.<\/p>\n\n\n\n<p><em>\u00ab C\u2019est extr\u00eamement important pour produire des rapports scientifiques. Pour discuter avec les partenaires internationaux, il faut que l\u2019Etat congolais dispose des donn\u00e9es cr\u00e9dibles collect\u00e9es de mani\u00e8re harmonis\u00e9e par les acteurs sur terrain. Tel est l\u2019objet de ce forum que nous organisons avec les acteurs de premi\u00e8re ligne venus des diff\u00e9rentes provinces pour leur permettre d\u2019avoir un espace am\u00e9nag\u00e9 des discutions de haut niveau sur les outils de collectes des donn\u00e9es, les techniques de collecte des donn\u00e9es et surtout, la gestion et le partage des donn\u00e9es fiables entre les acteurs de premi\u00e8re ligne \u00bb<\/em>, insist\u00e9 Ely Thelot.<\/p>\n\n\n\n<p>Du c\u00f4t\u00e9 de l\u2019APLTP, l\u2019on se r\u00e9jouit que la RDC ait fait un pas significatif dans la lutte contre la traite des personnes.<\/p>\n\n\n\n<p><em>\u00ab En 2019, la RDC \u00e9tait au tiers trois avec 78 recommandations. Depuis que la RDC a adh\u00e9r\u00e9 \u00e0 la convention et au protocole en 2006, rien n\u2019a \u00e9t\u00e9 fait. Il fallait attendre 13 ans pour que la premi\u00e8re obligation soit remplie. Cette obligation \u00e9tait la cr\u00e9ation de l\u2019APLTP. La deuxi\u00e8me obligation \u00e9tait de disposer d\u2019un plan d\u2019action et d\u2019une strat\u00e9gie nationale de lutte contre la traite des personnes. Nous avons rempli ces deux grandes obligations en 2019\u2026 Le fait qu\u2019on a produit un premier rapport, la RDC a \u00e9t\u00e9 \u00e9mend\u00e9 au tiers deux \u00bb<\/em>, se satisfait C\u00e9cile R\u00e9becca Meta Kasanda, coordonnatrice de l\u2019APLTP.<\/p>\n\n\n\n<p>Rappelons que ce forum est organis\u00e9 dans le cadre d\u2019un partenariat institutionnel entre l\u2019Agence pour la Pr\u00e9vention et la Lutte contre la Traite des Personnes (APLTP) et l\u2019Organisation Internationale pour les Migrations (OIM) qui b\u00e9n\u00e9ficie du financement de l\u2019USAID.<\/p>\n\n\n\n<p>Jo\u00ebl Diawa<\/p>\n","protected":false},"excerpt":{"rendered":"<p>R\u00e9daction:+243817406088 Environ une cinquantaine des acteurs de premi\u00e8re ligne sont soumis depuis ce mardi \u00e0&#8230;<\/p>\n","protected":false},"author":2,"featured_media":5093,"comment_status":"open","ping_status":"open","sticky":false,"template":"","format":"standard","meta":{"_jetpack_memberships_contains_paid_content":false,"footnotes":""},"categories":[7],"tags":[],"class_list":["post-5090","post","type-post","status-publish","format-standard","has-post-thumbnail","hentry","category-droits-humains"],"yoast_head":"<!-- This site is optimized with the Yoast SEO plugin v27.5 - https:\/\/yoast.com\/product\/yoast-seo-wordpress\/ -->\n<title>Lutte contre la traite des personnes en RDC:L\u2019OIM et l&#039;APLTP lancent le premier forum des acteurs sur la collecte des donn\u00e9es - Infos Droits Humains<\/title>\n<meta name=\"robots\" content=\"index, follow, max-snippet:-1, max-image-preview:large, max-video-preview:-1\" \/>\n<link rel=\"canonical\" href=\"https:\/\/infos-droitshumains.net\/?p=5090\" \/>\n<meta property=\"og:locale\" content=\"fr_FR\" \/>\n<meta property=\"og:type\" content=\"article\" \/>\n<meta property=\"og:title\" content=\"Lutte contre la traite des personnes en RDC:L\u2019OIM et l&#039;APLTP lancent le premier forum des acteurs sur la collecte des donn\u00e9es - Infos Droits Humains\" \/>\n<meta property=\"og:description\" content=\"R\u00e9daction:+243817406088 Environ une cinquantaine des acteurs de premi\u00e8re ligne sont soumis depuis ce mardi \u00e0...\" \/>\n<meta property=\"og:url\" content=\"https:\/\/infos-droitshumains.net\/?p=5090\" \/>\n<meta property=\"og:site_name\" content=\"Infos Droits Humains\" \/>\n<meta property=\"article:published_time\" content=\"2022-10-04T14:03:35+00:00\" \/>\n<meta property=\"article:modified_time\" content=\"2022-10-04T14:09:00+00:00\" \/>\n<meta property=\"og:image\" content=\"https:\/\/i0.wp.com\/infos-droitshumains.net\/wp-content\/uploads\/2022\/10\/IMG_20221004_105008_841.jpg?fit=1040%2C659&ssl=1\" \/>\n\t<meta property=\"og:image:width\" content=\"1040\" \/>\n\t<meta property=\"og:image:height\" content=\"659\" \/>\n\t<meta property=\"og:image:type\" content=\"image\/jpeg\" \/>\n<meta name=\"author\" content=\"Jo\u00ebl Diawa\" \/>\n<meta name=\"twitter:card\" content=\"summary_large_image\" \/>\n<meta name=\"twitter:label1\" content=\"\u00c9crit par\" \/>\n\t<meta name=\"twitter:data1\" content=\"Jo\u00ebl Diawa\" \/>\n\t<meta name=\"twitter:label2\" content=\"Dur\u00e9e de lecture estim\u00e9e\" \/>\n\t<meta name=\"twitter:data2\" content=\"4 minutes\" \/>\n<script type=\"application\/ld+json\" class=\"yoast-schema-graph\">{\"@context\":\"https:\\\/\\\/schema.org\",\"@graph\":[{\"@type\":\"Article\",\"@id\":\"https:\\\/\\\/infos-droitshumains.net\\\/?p=5090#article\",\"isPartOf\":{\"@id\":\"https:\\\/\\\/infos-droitshumains.net\\\/?p=5090\"},\"author\":{\"name\":\"Jo\u00ebl Diawa\",\"@id\":\"https:\\\/\\\/infos-droitshumains.net\\\/#\\\/schema\\\/person\\\/3dc5e921c3302172e0ed4362f96faab7\"},\"headline\":\"Lutte contre la traite des personnes en RDC:L\u2019OIM et l&rsquo;APLTP lancent le premier forum des acteurs sur la collecte des donn\u00e9es\",\"datePublished\":\"2022-10-04T14:03:35+00:00\",\"dateModified\":\"2022-10-04T14:09:00+00:00\",\"mainEntityOfPage\":{\"@id\":\"https:\\\/\\\/infos-droitshumains.net\\\/?p=5090\"},\"wordCount\":750,\"commentCount\":1,\"publisher\":{\"@id\":\"https:\\\/\\\/infos-droitshumains.net\\\/#organization\"},\"image\":{\"@id\":\"https:\\\/\\\/infos-droitshumains.net\\\/?p=5090#primaryimage\"},\"thumbnailUrl\":\"https:\\\/\\\/i0.wp.com\\\/infos-droitshumains.net\\\/wp-content\\\/uploads\\\/2022\\\/10\\\/IMG_20221004_105008_841.jpg?fit=1040%2C659&ssl=1\",\"articleSection\":[\"Droits Humains\"],\"inLanguage\":\"fr-FR\",\"potentialAction\":[{\"@type\":\"CommentAction\",\"name\":\"Comment\",\"target\":[\"https:\\\/\\\/infos-droitshumains.net\\\/?p=5090#respond\"]}]},{\"@type\":\"WebPage\",\"@id\":\"https:\\\/\\\/infos-droitshumains.net\\\/?p=5090\",\"url\":\"https:\\\/\\\/infos-droitshumains.net\\\/?p=5090\",\"name\":\"Lutte contre la traite des personnes en RDC:L\u2019OIM et l'APLTP lancent le premier forum des acteurs sur la collecte des donn\u00e9es - Infos Droits Humains\",\"isPartOf\":{\"@id\":\"https:\\\/\\\/infos-droitshumains.net\\\/#website\"},\"primaryImageOfPage\":{\"@id\":\"https:\\\/\\\/infos-droitshumains.net\\\/?p=5090#primaryimage\"},\"image\":{\"@id\":\"https:\\\/\\\/infos-droitshumains.net\\\/?p=5090#primaryimage\"},\"thumbnailUrl\":\"https:\\\/\\\/i0.wp.com\\\/infos-droitshumains.net\\\/wp-content\\\/uploads\\\/2022\\\/10\\\/IMG_20221004_105008_841.jpg?fit=1040%2C659&ssl=1\",\"datePublished\":\"2022-10-04T14:03:35+00:00\",\"dateModified\":\"2022-10-04T14:09:00+00:00\",\"breadcrumb\":{\"@id\":\"https:\\\/\\\/infos-droitshumains.net\\\/?p=5090#breadcrumb\"},\"inLanguage\":\"fr-FR\",\"potentialAction\":[{\"@type\":\"ReadAction\",\"target\":[\"https:\\\/\\\/infos-droitshumains.net\\\/?p=5090\"]}]},{\"@type\":\"ImageObject\",\"inLanguage\":\"fr-FR\",\"@id\":\"https:\\\/\\\/infos-droitshumains.net\\\/?p=5090#primaryimage\",\"url\":\"https:\\\/\\\/i0.wp.com\\\/infos-droitshumains.net\\\/wp-content\\\/uploads\\\/2022\\\/10\\\/IMG_20221004_105008_841.jpg?fit=1040%2C659&ssl=1\",\"contentUrl\":\"https:\\\/\\\/i0.wp.com\\\/infos-droitshumains.net\\\/wp-content\\\/uploads\\\/2022\\\/10\\\/IMG_20221004_105008_841.jpg?fit=1040%2C659&ssl=1\",\"width\":1040,\"height\":659},{\"@type\":\"BreadcrumbList\",\"@id\":\"https:\\\/\\\/infos-droitshumains.net\\\/?p=5090#breadcrumb\",\"itemListElement\":[{\"@type\":\"ListItem\",\"position\":1,\"name\":\"Accueil\",\"item\":\"https:\\\/\\\/infos-droitshumains.net\\\/\"},{\"@type\":\"ListItem\",\"position\":2,\"name\":\"Lutte contre la traite des personnes en RDC:L\u2019OIM et l&rsquo;APLTP lancent le premier forum des acteurs sur la collecte des donn\u00e9es\"}]},{\"@type\":\"WebSite\",\"@id\":\"https:\\\/\\\/infos-droitshumains.net\\\/#website\",\"url\":\"https:\\\/\\\/infos-droitshumains.net\\\/\",\"name\":\"Infos Droits Humains\",\"description\":\"S&#039;informer est un droit\",\"publisher\":{\"@id\":\"https:\\\/\\\/infos-droitshumains.net\\\/#organization\"},\"potentialAction\":[{\"@type\":\"SearchAction\",\"target\":{\"@type\":\"EntryPoint\",\"urlTemplate\":\"https:\\\/\\\/infos-droitshumains.net\\\/?s={search_term_string}\"},\"query-input\":{\"@type\":\"PropertyValueSpecification\",\"valueRequired\":true,\"valueName\":\"search_term_string\"}}],\"inLanguage\":\"fr-FR\"},{\"@type\":\"Organization\",\"@id\":\"https:\\\/\\\/infos-droitshumains.net\\\/#organization\",\"name\":\"Infos Droits Humains\",\"url\":\"https:\\\/\\\/infos-droitshumains.net\\\/\",\"logo\":{\"@type\":\"ImageObject\",\"inLanguage\":\"fr-FR\",\"@id\":\"https:\\\/\\\/infos-droitshumains.net\\\/#\\\/schema\\\/logo\\\/image\\\/\",\"url\":\"https:\\\/\\\/i0.wp.com\\\/infos-droitshumains.net\\\/wp-content\\\/uploads\\\/2022\\\/05\\\/Logo.png?fit=333%2C129&ssl=1\",\"contentUrl\":\"https:\\\/\\\/i0.wp.com\\\/infos-droitshumains.net\\\/wp-content\\\/uploads\\\/2022\\\/05\\\/Logo.png?fit=333%2C129&ssl=1\",\"width\":333,\"height\":129,\"caption\":\"Infos Droits Humains\"},\"image\":{\"@id\":\"https:\\\/\\\/infos-droitshumains.net\\\/#\\\/schema\\\/logo\\\/image\\\/\"}},{\"@type\":\"Person\",\"@id\":\"https:\\\/\\\/infos-droitshumains.net\\\/#\\\/schema\\\/person\\\/3dc5e921c3302172e0ed4362f96faab7\",\"name\":\"Jo\u00ebl Diawa\",\"image\":{\"@type\":\"ImageObject\",\"inLanguage\":\"fr-FR\",\"@id\":\"https:\\\/\\\/secure.gravatar.com\\\/avatar\\\/729bea6ff4604c624417803c477363be8e3c7186deaa65713313f9b4b820f41c?s=96&d=mm&r=g\",\"url\":\"https:\\\/\\\/secure.gravatar.com\\\/avatar\\\/729bea6ff4604c624417803c477363be8e3c7186deaa65713313f9b4b820f41c?s=96&d=mm&r=g\",\"contentUrl\":\"https:\\\/\\\/secure.gravatar.com\\\/avatar\\\/729bea6ff4604c624417803c477363be8e3c7186deaa65713313f9b4b820f41c?s=96&d=mm&r=g\",\"caption\":\"Jo\u00ebl Diawa\"},\"sameAs\":[\"https:\\\/\\\/www.infos-droitshumains.net\"],\"url\":\"https:\\\/\\\/infos-droitshumains.net\\\/?author=2\"}]}<\/script>\n<!-- \/ Yoast SEO plugin. -->","yoast_head_json":{"title":"Lutte contre la traite des personnes en RDC:L\u2019OIM et l'APLTP lancent le premier forum des acteurs sur la collecte des donn\u00e9es - Infos Droits Humains","robots":{"index":"index","follow":"follow","max-snippet":"max-snippet:-1","max-image-preview":"max-image-preview:large","max-video-preview":"max-video-preview:-1"},"canonical":"https:\/\/infos-droitshumains.net\/?p=5090","og_locale":"fr_FR","og_type":"article","og_title":"Lutte contre la traite des personnes en RDC:L\u2019OIM et l'APLTP lancent le premier forum des acteurs sur la collecte des donn\u00e9es - Infos Droits Humains","og_description":"R\u00e9daction:+243817406088 Environ une cinquantaine des acteurs de premi\u00e8re ligne sont soumis depuis ce mardi \u00e0...","og_url":"https:\/\/infos-droitshumains.net\/?p=5090","og_site_name":"Infos Droits Humains","article_published_time":"2022-10-04T14:03:35+00:00","article_modified_time":"2022-10-04T14:09:00+00:00","og_image":[{"width":1040,"height":659,"url":"https:\/\/i0.wp.com\/infos-droitshumains.net\/wp-content\/uploads\/2022\/10\/IMG_20221004_105008_841.jpg?fit=1040%2C659&ssl=1","type":"image\/jpeg"}],"author":"Jo\u00ebl Diawa","twitter_card":"summary_large_image","twitter_misc":{"\u00c9crit par":"Jo\u00ebl Diawa","Dur\u00e9e de lecture estim\u00e9e":"4 minutes"},"schema":{"@context":"https:\/\/schema.org","@graph":[{"@type":"Article","@id":"https:\/\/infos-droitshumains.net\/?p=5090#article","isPartOf":{"@id":"https:\/\/infos-droitshumains.net\/?p=5090"},"author":{"name":"Jo\u00ebl Diawa","@id":"https:\/\/infos-droitshumains.net\/#\/schema\/person\/3dc5e921c3302172e0ed4362f96faab7"},"headline":"Lutte contre la traite des personnes en RDC:L\u2019OIM et l&rsquo;APLTP lancent le premier forum des acteurs sur la collecte des donn\u00e9es","datePublished":"2022-10-04T14:03:35+00:00","dateModified":"2022-10-04T14:09:00+00:00","mainEntityOfPage":{"@id":"https:\/\/infos-droitshumains.net\/?p=5090"},"wordCount":750,"commentCount":1,"publisher":{"@id":"https:\/\/infos-droitshumains.net\/#organization"},"image":{"@id":"https:\/\/infos-droitshumains.net\/?p=5090#primaryimage"},"thumbnailUrl":"https:\/\/i0.wp.com\/infos-droitshumains.net\/wp-content\/uploads\/2022\/10\/IMG_20221004_105008_841.jpg?fit=1040%2C659&ssl=1","articleSection":["Droits Humains"],"inLanguage":"fr-FR","potentialAction":[{"@type":"CommentAction","name":"Comment","target":["https:\/\/infos-droitshumains.net\/?p=5090#respond"]}]},{"@type":"WebPage","@id":"https:\/\/infos-droitshumains.net\/?p=5090","url":"https:\/\/infos-droitshumains.net\/?p=5090","name":"Lutte contre la traite des personnes en RDC:L\u2019OIM et l'APLTP lancent le premier forum des acteurs sur la collecte des donn\u00e9es - Infos Droits Humains","isPartOf":{"@id":"https:\/\/infos-droitshumains.net\/#website"},"primaryImageOfPage":{"@id":"https:\/\/infos-droitshumains.net\/?p=5090#primaryimage"},"image":{"@id":"https:\/\/infos-droitshumains.net\/?p=5090#primaryimage"},"thumbnailUrl":"https:\/\/i0.wp.com\/infos-droitshumains.net\/wp-content\/uploads\/2022\/10\/IMG_20221004_105008_841.jpg?fit=1040%2C659&ssl=1","datePublished":"2022-10-04T14:03:35+00:00","dateModified":"2022-10-04T14:09:00+00:00","breadcrumb":{"@id":"https:\/\/infos-droitshumains.net\/?p=5090#breadcrumb"},"inLanguage":"fr-FR","potentialAction":[{"@type":"ReadAction","target":["https:\/\/infos-droitshumains.net\/?p=5090"]}]},{"@type":"ImageObject","inLanguage":"fr-FR","@id":"https:\/\/infos-droitshumains.net\/?p=5090#primaryimage","url":"https:\/\/i0.wp.com\/infos-droitshumains.net\/wp-content\/uploads\/2022\/10\/IMG_20221004_105008_841.jpg?fit=1040%2C659&ssl=1","contentUrl":"https:\/\/i0.wp.com\/infos-droitshumains.net\/wp-content\/uploads\/2022\/10\/IMG_20221004_105008_841.jpg?fit=1040%2C659&ssl=1","width":1040,"height":659},{"@type":"BreadcrumbList","@id":"https:\/\/infos-droitshumains.net\/?p=5090#breadcrumb","itemListElement":[{"@type":"ListItem","position":1,"name":"Accueil","item":"https:\/\/infos-droitshumains.net\/"},{"@type":"ListItem","position":2,"name":"Lutte contre la traite des personnes en RDC:L\u2019OIM et l&rsquo;APLTP lancent le premier forum des acteurs sur la collecte des donn\u00e9es"}]},{"@type":"WebSite","@id":"https:\/\/infos-droitshumains.net\/#website","url":"https:\/\/infos-droitshumains.net\/","name":"Infos Droits Humains","description":"S&#039;informer est un droit","publisher":{"@id":"https:\/\/infos-droitshumains.net\/#organization"},"potentialAction":[{"@type":"SearchAction","target":{"@type":"EntryPoint","urlTemplate":"https:\/\/infos-droitshumains.net\/?s={search_term_string}"},"query-input":{"@type":"PropertyValueSpecification","valueRequired":true,"valueName":"search_term_string"}}],"inLanguage":"fr-FR"},{"@type":"Organization","@id":"https:\/\/infos-droitshumains.net\/#organization","name":"Infos Droits Humains","url":"https:\/\/infos-droitshumains.net\/","logo":{"@type":"ImageObject","inLanguage":"fr-FR","@id":"https:\/\/infos-droitshumains.net\/#\/schema\/logo\/image\/","url":"https:\/\/i0.wp.com\/infos-droitshumains.net\/wp-content\/uploads\/2022\/05\/Logo.png?fit=333%2C129&ssl=1","contentUrl":"https:\/\/i0.wp.com\/infos-droitshumains.net\/wp-content\/uploads\/2022\/05\/Logo.png?fit=333%2C129&ssl=1","width":333,"height":129,"caption":"Infos Droits Humains"},"image":{"@id":"https:\/\/infos-droitshumains.net\/#\/schema\/logo\/image\/"}},{"@type":"Person","@id":"https:\/\/infos-droitshumains.net\/#\/schema\/person\/3dc5e921c3302172e0ed4362f96faab7","name":"Jo\u00ebl Diawa","image":{"@type":"ImageObject","inLanguage":"fr-FR","@id":"https:\/\/secure.gravatar.com\/avatar\/729bea6ff4604c624417803c477363be8e3c7186deaa65713313f9b4b820f41c?s=96&d=mm&r=g","url":"https:\/\/secure.gravatar.com\/avatar\/729bea6ff4604c624417803c477363be8e3c7186deaa65713313f9b4b820f41c?s=96&d=mm&r=g","contentUrl":"https:\/\/secure.gravatar.com\/avatar\/729bea6ff4604c624417803c477363be8e3c7186deaa65713313f9b4b820f41c?s=96&d=mm&r=g","caption":"Jo\u00ebl Diawa"},"sameAs":["https:\/\/www.infos-droitshumains.net"],"url":"https:\/\/infos-droitshumains.net\/?author=2"}]}},"featured_image_urls":{"full":["https:\/\/i0.wp.com\/infos-droitshumains.net\/wp-content\/uploads\/2022\/10\/IMG_20221004_105008_841.jpg?fit=1040%2C659&ssl=1",1040,659,false],"thumbnail":["https:\/\/i0.wp.com\/infos-droitshumains.net\/wp-content\/uploads\/2022\/10\/IMG_20221004_105008_841.jpg?resize=150%2C150&ssl=1",150,150,true],"medium":["https:\/\/i0.wp.com\/infos-droitshumains.net\/wp-content\/uploads\/2022\/10\/IMG_20221004_105008_841.jpg?fit=300%2C190&ssl=1",300,190,true],"medium_large":["https:\/\/i0.wp.com\/infos-droitshumains.net\/wp-content\/uploads\/2022\/10\/IMG_20221004_105008_841.jpg?fit=640%2C406&ssl=1",640,406,true],"large":["https:\/\/i0.wp.com\/infos-droitshumains.net\/wp-content\/uploads\/2022\/10\/IMG_20221004_105008_841.jpg?fit=640%2C406&ssl=1",640,406,true],"1536x1536":["https:\/\/i0.wp.com\/infos-droitshumains.net\/wp-content\/uploads\/2022\/10\/IMG_20221004_105008_841.jpg?fit=1040%2C659&ssl=1",1040,659,true],"2048x2048":["https:\/\/i0.wp.com\/infos-droitshumains.net\/wp-content\/uploads\/2022\/10\/IMG_20221004_105008_841.jpg?fit=1040%2C659&ssl=1",1040,659,true],"covernews-slider-full":["https:\/\/i0.wp.com\/infos-droitshumains.net\/wp-content\/uploads\/2022\/10\/IMG_20221004_105008_841.jpg?resize=1040%2C659&ssl=1",1040,659,true],"covernews-slider-center":["https:\/\/i0.wp.com\/infos-droitshumains.net\/wp-content\/uploads\/2022\/10\/IMG_20221004_105008_841.jpg?resize=800%2C500&ssl=1",800,500,true],"covernews-featured":["https:\/\/i0.wp.com\/infos-droitshumains.net\/wp-content\/uploads\/2022\/10\/IMG_20221004_105008_841.jpg?fit=1024%2C649&ssl=1",1024,649,true],"covernews-medium":["https:\/\/i0.wp.com\/infos-droitshumains.net\/wp-content\/uploads\/2022\/10\/IMG_20221004_105008_841.jpg?resize=540%2C340&ssl=1",540,340,true],"covernews-medium-square":["https:\/\/i0.wp.com\/infos-droitshumains.net\/wp-content\/uploads\/2022\/10\/IMG_20221004_105008_841.jpg?resize=400%2C250&ssl=1",400,250,true]},"author_info":{"display_name":"Jo\u00ebl Diawa","author_link":"https:\/\/infos-droitshumains.net\/?author=2"},"category_info":"<a href=\"https:\/\/infos-droitshumains.net\/?cat=7\" rel=\"category\">Droits Humains<\/a>","tag_info":"Droits Humains","comment_count":"1","jetpack_featured_media_url":"https:\/\/i0.wp.com\/infos-droitshumains.net\/wp-content\/uploads\/2022\/10\/IMG_20221004_105008_841.jpg?fit=1040%2C659&ssl=1","jetpack-related-posts":[],"jetpack_sharing_enabled":true,"_links":{"self":[{"href":"https:\/\/infos-droitshumains.net\/index.php?rest_route=\/wp\/v2\/posts\/5090","targetHints":{"allow":["GET"]}}],"collection":[{"href":"https:\/\/infos-droitshumains.net\/index.php?rest_route=\/wp\/v2\/posts"}],"about":[{"href":"https:\/\/infos-droitshumains.net\/index.php?rest_route=\/wp\/v2\/types\/post"}],"author":[{"embeddable":true,"href":"https:\/\/infos-droitshumains.net\/index.php?rest_route=\/wp\/v2\/users\/2"}],"replies":[{"embeddable":true,"href":"https:\/\/infos-droitshumains.net\/index.php?rest_route=%2Fwp%2Fv2%2Fcomments&post=5090"}],"version-history":[{"count":3,"href":"https:\/\/infos-droitshumains.net\/index.php?rest_route=\/wp\/v2\/posts\/5090\/revisions"}],"predecessor-version":[{"id":5095,"href":"https:\/\/infos-droitshumains.net\/index.php?rest_route=\/wp\/v2\/posts\/5090\/revisions\/5095"}],"wp:featuredmedia":[{"embeddable":true,"href":"https:\/\/infos-droitshumains.net\/index.php?rest_route=\/wp\/v2\/media\/5093"}],"wp:attachment":[{"href":"https:\/\/infos-droitshumains.net\/index.php?rest_route=%2Fwp%2Fv2%2Fmedia&parent=5090"}],"wp:term":[{"taxonomy":"category","embeddable":true,"href":"https:\/\/infos-droitshumains.net\/index.php?rest_route=%2Fwp%2Fv2%2Fcategories&post=5090"},{"taxonomy":"post_tag","embeddable":true,"href":"https:\/\/infos-droitshumains.net\/index.php?rest_route=%2Fwp%2Fv2%2Ftags&post=5090"}],"curies":[{"name":"wp","href":"https:\/\/api.w.org\/{rel}","templated":true}]}}