{"id":5076,"date":"2022-10-04T14:42:09","date_gmt":"2022-10-04T12:42:09","guid":{"rendered":"https:\/\/infos-droitshumains.net\/?p=5076"},"modified":"2022-10-04T14:51:48","modified_gmt":"2022-10-04T12:51:48","slug":"resolution-de-la-crise-communautaire-teke-et-yaka-ritha-bola-conduit-une-forte-delegation-de-lespace-grand-bandundu-chez-mboso","status":"publish","type":"post","link":"https:\/\/infos-droitshumains.net\/?p=5076","title":{"rendered":"R\u00e9solution de la crise communautaire Teke et Yaka: Ritha Bola conduit une forte d\u00e9l\u00e9gation de l&rsquo;espace grand Bandundu chez Mboso"},"content":{"rendered":"\n<p><strong>R\u00e9daction:+243817406088<\/strong><\/p>\n\n\n\n<p>Le pr\u00e9sident de l&rsquo;Assembl\u00e9e Nationale, Christophe Mboso a \u00e9chang\u00e9 le lundi 03 octobre avec une forte d\u00e9l\u00e9gation de l\u2019espace grand Bandundu conduite par les trois gouverneurs des provinces de Ma\u00ef-Ndombe, de Kwango et de Kwilu.<\/p>\n\n\n\n<figure class=\"wp-block-image alignfull size-large\"><img data-recalc-dims=\"1\" fetchpriority=\"high\" decoding=\"async\" width=\"640\" height=\"428\" src=\"https:\/\/i0.wp.com\/infos-droitshumains.net\/wp-content\/uploads\/2022\/10\/IMG-20221004-WA0028_1.jpg?resize=640%2C428&#038;ssl=1\" alt=\"\" class=\"wp-image-5086\" srcset=\"https:\/\/i0.wp.com\/infos-droitshumains.net\/wp-content\/uploads\/2022\/10\/IMG-20221004-WA0028_1.jpg?resize=1024%2C684&amp;ssl=1 1024w, https:\/\/i0.wp.com\/infos-droitshumains.net\/wp-content\/uploads\/2022\/10\/IMG-20221004-WA0028_1.jpg?resize=300%2C200&amp;ssl=1 300w, https:\/\/i0.wp.com\/infos-droitshumains.net\/wp-content\/uploads\/2022\/10\/IMG-20221004-WA0028_1.jpg?resize=768%2C513&amp;ssl=1 768w, https:\/\/i0.wp.com\/infos-droitshumains.net\/wp-content\/uploads\/2022\/10\/IMG-20221004-WA0028_1.jpg?w=1080&amp;ssl=1 1080w\" sizes=\"(max-width: 640px) 100vw, 640px\" \/><\/figure>\n\n\n\n<figure class=\"wp-block-image alignfull size-large\"><img data-recalc-dims=\"1\" decoding=\"async\" width=\"640\" height=\"428\" src=\"https:\/\/i0.wp.com\/infos-droitshumains.net\/wp-content\/uploads\/2022\/10\/IMG-20221004-WA0030_1.jpg?resize=640%2C428&#038;ssl=1\" alt=\"\" class=\"wp-image-5088\" srcset=\"https:\/\/i0.wp.com\/infos-droitshumains.net\/wp-content\/uploads\/2022\/10\/IMG-20221004-WA0030_1.jpg?resize=1024%2C684&amp;ssl=1 1024w, https:\/\/i0.wp.com\/infos-droitshumains.net\/wp-content\/uploads\/2022\/10\/IMG-20221004-WA0030_1.jpg?resize=300%2C200&amp;ssl=1 300w, https:\/\/i0.wp.com\/infos-droitshumains.net\/wp-content\/uploads\/2022\/10\/IMG-20221004-WA0030_1.jpg?resize=768%2C513&amp;ssl=1 768w, https:\/\/i0.wp.com\/infos-droitshumains.net\/wp-content\/uploads\/2022\/10\/IMG-20221004-WA0030_1.jpg?w=1080&amp;ssl=1 1080w\" sizes=\"(max-width: 640px) 100vw, 640px\" \/><\/figure>\n\n\n\n<p>Au menu de leurs \u00e9changes, le conflit communautaire Teke-Yaka dans le territoire de Kwamouth qui a des r\u00e9percutions dans l\u2019ensemble de l\u2019espace grand Bandundu.<\/p>\n\n\n\n<p>D&rsquo;entr\u00e9e de jeu, le pr\u00e9sident de la chambre basse du parlement s&rsquo;est adress\u00e9 aux chefs coutumiers en les invitant \u00e0 cultiver la paix pour que le calme revienne dans ce coin du pays.<\/p>\n\n\n\n<figure class=\"wp-block-image alignfull size-large\"><img data-recalc-dims=\"1\" decoding=\"async\" width=\"640\" height=\"700\" src=\"https:\/\/i0.wp.com\/infos-droitshumains.net\/wp-content\/uploads\/2022\/10\/IMG-20221004-WA0031_1.jpg?resize=640%2C700&#038;ssl=1\" alt=\"\" class=\"wp-image-5080\" srcset=\"https:\/\/i0.wp.com\/infos-droitshumains.net\/wp-content\/uploads\/2022\/10\/IMG-20221004-WA0031_1.jpg?resize=936%2C1024&amp;ssl=1 936w, https:\/\/i0.wp.com\/infos-droitshumains.net\/wp-content\/uploads\/2022\/10\/IMG-20221004-WA0031_1.jpg?resize=274%2C300&amp;ssl=1 274w, https:\/\/i0.wp.com\/infos-droitshumains.net\/wp-content\/uploads\/2022\/10\/IMG-20221004-WA0031_1.jpg?resize=768%2C840&amp;ssl=1 768w, https:\/\/i0.wp.com\/infos-droitshumains.net\/wp-content\/uploads\/2022\/10\/IMG-20221004-WA0031_1.jpg?resize=1024%2C1120&amp;ssl=1 1024w, https:\/\/i0.wp.com\/infos-droitshumains.net\/wp-content\/uploads\/2022\/10\/IMG-20221004-WA0031_1.jpg?w=1069&amp;ssl=1 1069w\" sizes=\"(max-width: 640px) 100vw, 640px\" \/><\/figure>\n\n\n\n<p><em>\u00ab Que chacun de vous milite pour que la paix r\u00e8gne dans sa chefferie, qu&rsquo;on revive la paix comme c&rsquo;\u00e9tait auparavant sans discrimination. recevez les \u00e9trangers, donnez-leur \u00e0 manger et m\u00eame la terre pour cultiver et non le pouvoir coutumier \u00bb<\/em>, a exhort\u00e9 Christophe Mboso.<\/p>\n\n\n\n<p>Porte-parole de c\u00e9ans lors de cette rencontre de plus de deux heures, Rita Bola gouverneure de la province du Ma\u00ef-Ndombe a qualifi\u00e9 d\u2019une importance cruciale ces \u00e9changes qui, selon elle, traduisent l&rsquo;unit\u00e9 des filles et fils du grand Bandundu.<\/p>\n\n\n\n<figure class=\"wp-block-image alignfull size-large\"><img data-recalc-dims=\"1\" loading=\"lazy\" decoding=\"async\" width=\"640\" height=\"428\" src=\"https:\/\/i0.wp.com\/infos-droitshumains.net\/wp-content\/uploads\/2022\/10\/IMG-20221004-WA0027_1.jpg?resize=640%2C428&#038;ssl=1\" alt=\"\" class=\"wp-image-5083\" srcset=\"https:\/\/i0.wp.com\/infos-droitshumains.net\/wp-content\/uploads\/2022\/10\/IMG-20221004-WA0027_1.jpg?resize=1024%2C684&amp;ssl=1 1024w, https:\/\/i0.wp.com\/infos-droitshumains.net\/wp-content\/uploads\/2022\/10\/IMG-20221004-WA0027_1.jpg?resize=300%2C200&amp;ssl=1 300w, https:\/\/i0.wp.com\/infos-droitshumains.net\/wp-content\/uploads\/2022\/10\/IMG-20221004-WA0027_1.jpg?resize=768%2C513&amp;ssl=1 768w, https:\/\/i0.wp.com\/infos-droitshumains.net\/wp-content\/uploads\/2022\/10\/IMG-20221004-WA0027_1.jpg?w=1080&amp;ssl=1 1080w\" sizes=\"(max-width: 640px) 100vw, 640px\" \/><\/figure>\n\n\n\n<p><em>\u00ab Cette rencontre a \u00e9t\u00e9 d\u2019une tr\u00e8s grande importance parce qu\u2019on retrouve les trois gouverneurs r\u00e9unis, mais aussi les pr\u00e9sidents de trois Assembl\u00e9es provinciales du Grand Bandundu ainsi que les pr\u00e9sidents des caucus des d\u00e9put\u00e9s provinciaux du Grand Bandundu, les d\u00e9put\u00e9s nationaux sans compter les chefs coutumiers du Kwango, Kwilu et Kwamouth sp\u00e9cialement ; l\u00e0 o\u00f9 le sang a coul\u00e9. Ce qui traduit l\u2019unit\u00e9 \u00bb,<\/em> a d\u00e9clar\u00e9 Rita Bola.<\/p>\n\n\n\n<p>Et de poursuivre : <em>\u00ab Les trois provinces r\u00e9unies pr\u00f4nent la paix entre Teke et Yaka, qui ont toujours v\u00e9cu ensemble et dans l\u2019harmonie \u00bb.<\/em><\/p>\n\n\n\n<p>La num\u00e9ro un de la province du Ma\u00ef-Ndombe, a par la m\u00eame occasion, rappel\u00e9 que les auteurs des violences qui s\u00e9vissent actuellement dans le territoire de Kwamouth ne resteront pas impunis.<\/p>\n\n\n\n<p><em>\u00ab Les criminels ayant mis le Kwamouth \u00e0 feu et \u00e0 sang seront mis \u00e0 la disposition de la justice et r\u00e9pondront de leur forfaiture \u00bb<\/em>, a par ailleurs martel\u00e9 la gouverneure de la province du Ma\u00ef-Ndombe.<\/p>\n\n\n\n<p>Cette r\u00e9union s&rsquo;est tenue pendant que l\u2019arm\u00e9e est entrain d\u2019instaurer la paix dans ce territoire, car apr\u00e8s la paix viendra la r\u00e9conciliation.<\/p>\n\n\n\n<p>AM<\/p>\n","protected":false},"excerpt":{"rendered":"<p>R\u00e9daction:+243817406088 Le pr\u00e9sident de l&rsquo;Assembl\u00e9e Nationale, Christophe Mboso a \u00e9chang\u00e9 le lundi 03 octobre avec&#8230;<\/p>\n","protected":false},"author":2,"featured_media":5079,"comment_status":"open","ping_status":"open","sticky":false,"template":"","format":"standard","meta":{"_jetpack_memberships_contains_paid_content":false,"footnotes":""},"categories":[8],"tags":[],"class_list":["post-5076","post","type-post","status-publish","format-standard","has-post-thumbnail","hentry","category-societe"],"yoast_head":"<!-- This site is optimized with the Yoast SEO plugin v27.5 - https:\/\/yoast.com\/product\/yoast-seo-wordpress\/ -->\n<title>R\u00e9solution de la crise communautaire Teke et Yaka: Ritha Bola conduit une forte d\u00e9l\u00e9gation de l&#039;espace grand Bandundu chez Mboso - Infos Droits Humains<\/title>\n<meta name=\"robots\" content=\"index, follow, max-snippet:-1, max-image-preview:large, max-video-preview:-1\" \/>\n<link rel=\"canonical\" href=\"https:\/\/infos-droitshumains.net\/?p=5076\" \/>\n<meta property=\"og:locale\" content=\"fr_FR\" \/>\n<meta property=\"og:type\" content=\"article\" \/>\n<meta property=\"og:title\" content=\"R\u00e9solution de la crise communautaire Teke et Yaka: Ritha Bola conduit une forte d\u00e9l\u00e9gation de l&#039;espace grand Bandundu chez Mboso - Infos Droits Humains\" \/>\n<meta property=\"og:description\" content=\"R\u00e9daction:+243817406088 Le pr\u00e9sident de l&rsquo;Assembl\u00e9e Nationale, Christophe Mboso a \u00e9chang\u00e9 le lundi 03 octobre avec...\" \/>\n<meta property=\"og:url\" content=\"https:\/\/infos-droitshumains.net\/?p=5076\" \/>\n<meta property=\"og:site_name\" content=\"Infos Droits Humains\" \/>\n<meta property=\"article:published_time\" content=\"2022-10-04T12:42:09+00:00\" \/>\n<meta property=\"article:modified_time\" content=\"2022-10-04T12:51:48+00:00\" \/>\n<meta property=\"og:image\" content=\"https:\/\/i0.wp.com\/infos-droitshumains.net\/wp-content\/uploads\/2022\/10\/IMG-20221004-WA0029_1.jpg?fit=1080%2C721&ssl=1\" \/>\n\t<meta property=\"og:image:width\" content=\"1080\" \/>\n\t<meta property=\"og:image:height\" content=\"721\" \/>\n\t<meta property=\"og:image:type\" content=\"image\/jpeg\" \/>\n<meta name=\"author\" content=\"Jo\u00ebl Diawa\" \/>\n<meta name=\"twitter:card\" content=\"summary_large_image\" \/>\n<meta name=\"twitter:label1\" content=\"\u00c9crit par\" \/>\n\t<meta name=\"twitter:data1\" content=\"Jo\u00ebl Diawa\" \/>\n\t<meta name=\"twitter:label2\" content=\"Dur\u00e9e de lecture estim\u00e9e\" \/>\n\t<meta name=\"twitter:data2\" content=\"2 minutes\" \/>\n<script type=\"application\/ld+json\" class=\"yoast-schema-graph\">{\"@context\":\"https:\\\/\\\/schema.org\",\"@graph\":[{\"@type\":\"Article\",\"@id\":\"https:\\\/\\\/infos-droitshumains.net\\\/?p=5076#article\",\"isPartOf\":{\"@id\":\"https:\\\/\\\/infos-droitshumains.net\\\/?p=5076\"},\"author\":{\"name\":\"Jo\u00ebl Diawa\",\"@id\":\"https:\\\/\\\/infos-droitshumains.net\\\/#\\\/schema\\\/person\\\/3dc5e921c3302172e0ed4362f96faab7\"},\"headline\":\"R\u00e9solution de la crise communautaire Teke et Yaka: Ritha Bola conduit une forte d\u00e9l\u00e9gation de l&rsquo;espace grand Bandundu chez Mboso\",\"datePublished\":\"2022-10-04T12:42:09+00:00\",\"dateModified\":\"2022-10-04T12:51:48+00:00\",\"mainEntityOfPage\":{\"@id\":\"https:\\\/\\\/infos-droitshumains.net\\\/?p=5076\"},\"wordCount\":417,\"commentCount\":0,\"publisher\":{\"@id\":\"https:\\\/\\\/infos-droitshumains.net\\\/#organization\"},\"image\":{\"@id\":\"https:\\\/\\\/infos-droitshumains.net\\\/?p=5076#primaryimage\"},\"thumbnailUrl\":\"https:\\\/\\\/i0.wp.com\\\/infos-droitshumains.net\\\/wp-content\\\/uploads\\\/2022\\\/10\\\/IMG-20221004-WA0029_1.jpg?fit=1080%2C721&ssl=1\",\"articleSection\":[\"Soci\u00e9t\u00e9\"],\"inLanguage\":\"fr-FR\",\"potentialAction\":[{\"@type\":\"CommentAction\",\"name\":\"Comment\",\"target\":[\"https:\\\/\\\/infos-droitshumains.net\\\/?p=5076#respond\"]}]},{\"@type\":\"WebPage\",\"@id\":\"https:\\\/\\\/infos-droitshumains.net\\\/?p=5076\",\"url\":\"https:\\\/\\\/infos-droitshumains.net\\\/?p=5076\",\"name\":\"R\u00e9solution de la crise communautaire Teke et Yaka: Ritha Bola conduit une forte d\u00e9l\u00e9gation de l'espace grand Bandundu chez Mboso - Infos Droits Humains\",\"isPartOf\":{\"@id\":\"https:\\\/\\\/infos-droitshumains.net\\\/#website\"},\"primaryImageOfPage\":{\"@id\":\"https:\\\/\\\/infos-droitshumains.net\\\/?p=5076#primaryimage\"},\"image\":{\"@id\":\"https:\\\/\\\/infos-droitshumains.net\\\/?p=5076#primaryimage\"},\"thumbnailUrl\":\"https:\\\/\\\/i0.wp.com\\\/infos-droitshumains.net\\\/wp-content\\\/uploads\\\/2022\\\/10\\\/IMG-20221004-WA0029_1.jpg?fit=1080%2C721&ssl=1\",\"datePublished\":\"2022-10-04T12:42:09+00:00\",\"dateModified\":\"2022-10-04T12:51:48+00:00\",\"breadcrumb\":{\"@id\":\"https:\\\/\\\/infos-droitshumains.net\\\/?p=5076#breadcrumb\"},\"inLanguage\":\"fr-FR\",\"potentialAction\":[{\"@type\":\"ReadAction\",\"target\":[\"https:\\\/\\\/infos-droitshumains.net\\\/?p=5076\"]}]},{\"@type\":\"ImageObject\",\"inLanguage\":\"fr-FR\",\"@id\":\"https:\\\/\\\/infos-droitshumains.net\\\/?p=5076#primaryimage\",\"url\":\"https:\\\/\\\/i0.wp.com\\\/infos-droitshumains.net\\\/wp-content\\\/uploads\\\/2022\\\/10\\\/IMG-20221004-WA0029_1.jpg?fit=1080%2C721&ssl=1\",\"contentUrl\":\"https:\\\/\\\/i0.wp.com\\\/infos-droitshumains.net\\\/wp-content\\\/uploads\\\/2022\\\/10\\\/IMG-20221004-WA0029_1.jpg?fit=1080%2C721&ssl=1\",\"width\":1080,\"height\":721},{\"@type\":\"BreadcrumbList\",\"@id\":\"https:\\\/\\\/infos-droitshumains.net\\\/?p=5076#breadcrumb\",\"itemListElement\":[{\"@type\":\"ListItem\",\"position\":1,\"name\":\"Accueil\",\"item\":\"https:\\\/\\\/infos-droitshumains.net\\\/\"},{\"@type\":\"ListItem\",\"position\":2,\"name\":\"R\u00e9solution de la crise communautaire Teke et Yaka: Ritha Bola conduit une forte d\u00e9l\u00e9gation de l&rsquo;espace grand Bandundu chez Mboso\"}]},{\"@type\":\"WebSite\",\"@id\":\"https:\\\/\\\/infos-droitshumains.net\\\/#website\",\"url\":\"https:\\\/\\\/infos-droitshumains.net\\\/\",\"name\":\"Infos Droits Humains\",\"description\":\"S&#039;informer est un droit\",\"publisher\":{\"@id\":\"https:\\\/\\\/infos-droitshumains.net\\\/#organization\"},\"potentialAction\":[{\"@type\":\"SearchAction\",\"target\":{\"@type\":\"EntryPoint\",\"urlTemplate\":\"https:\\\/\\\/infos-droitshumains.net\\\/?s={search_term_string}\"},\"query-input\":{\"@type\":\"PropertyValueSpecification\",\"valueRequired\":true,\"valueName\":\"search_term_string\"}}],\"inLanguage\":\"fr-FR\"},{\"@type\":\"Organization\",\"@id\":\"https:\\\/\\\/infos-droitshumains.net\\\/#organization\",\"name\":\"Infos Droits Humains\",\"url\":\"https:\\\/\\\/infos-droitshumains.net\\\/\",\"logo\":{\"@type\":\"ImageObject\",\"inLanguage\":\"fr-FR\",\"@id\":\"https:\\\/\\\/infos-droitshumains.net\\\/#\\\/schema\\\/logo\\\/image\\\/\",\"url\":\"https:\\\/\\\/i0.wp.com\\\/infos-droitshumains.net\\\/wp-content\\\/uploads\\\/2022\\\/05\\\/Logo.png?fit=333%2C129&ssl=1\",\"contentUrl\":\"https:\\\/\\\/i0.wp.com\\\/infos-droitshumains.net\\\/wp-content\\\/uploads\\\/2022\\\/05\\\/Logo.png?fit=333%2C129&ssl=1\",\"width\":333,\"height\":129,\"caption\":\"Infos Droits Humains\"},\"image\":{\"@id\":\"https:\\\/\\\/infos-droitshumains.net\\\/#\\\/schema\\\/logo\\\/image\\\/\"}},{\"@type\":\"Person\",\"@id\":\"https:\\\/\\\/infos-droitshumains.net\\\/#\\\/schema\\\/person\\\/3dc5e921c3302172e0ed4362f96faab7\",\"name\":\"Jo\u00ebl Diawa\",\"image\":{\"@type\":\"ImageObject\",\"inLanguage\":\"fr-FR\",\"@id\":\"https:\\\/\\\/secure.gravatar.com\\\/avatar\\\/729bea6ff4604c624417803c477363be8e3c7186deaa65713313f9b4b820f41c?s=96&d=mm&r=g\",\"url\":\"https:\\\/\\\/secure.gravatar.com\\\/avatar\\\/729bea6ff4604c624417803c477363be8e3c7186deaa65713313f9b4b820f41c?s=96&d=mm&r=g\",\"contentUrl\":\"https:\\\/\\\/secure.gravatar.com\\\/avatar\\\/729bea6ff4604c624417803c477363be8e3c7186deaa65713313f9b4b820f41c?s=96&d=mm&r=g\",\"caption\":\"Jo\u00ebl Diawa\"},\"sameAs\":[\"https:\\\/\\\/www.infos-droitshumains.net\"],\"url\":\"https:\\\/\\\/infos-droitshumains.net\\\/?author=2\"}]}<\/script>\n<!-- \/ Yoast SEO plugin. -->","yoast_head_json":{"title":"R\u00e9solution de la crise communautaire Teke et Yaka: Ritha Bola conduit une forte d\u00e9l\u00e9gation de l'espace grand Bandundu chez Mboso - Infos Droits Humains","robots":{"index":"index","follow":"follow","max-snippet":"max-snippet:-1","max-image-preview":"max-image-preview:large","max-video-preview":"max-video-preview:-1"},"canonical":"https:\/\/infos-droitshumains.net\/?p=5076","og_locale":"fr_FR","og_type":"article","og_title":"R\u00e9solution de la crise communautaire Teke et Yaka: Ritha Bola conduit une forte d\u00e9l\u00e9gation de l'espace grand Bandundu chez Mboso - Infos Droits Humains","og_description":"R\u00e9daction:+243817406088 Le pr\u00e9sident de l&rsquo;Assembl\u00e9e Nationale, Christophe Mboso a \u00e9chang\u00e9 le lundi 03 octobre avec...","og_url":"https:\/\/infos-droitshumains.net\/?p=5076","og_site_name":"Infos Droits Humains","article_published_time":"2022-10-04T12:42:09+00:00","article_modified_time":"2022-10-04T12:51:48+00:00","og_image":[{"width":1080,"height":721,"url":"https:\/\/i0.wp.com\/infos-droitshumains.net\/wp-content\/uploads\/2022\/10\/IMG-20221004-WA0029_1.jpg?fit=1080%2C721&ssl=1","type":"image\/jpeg"}],"author":"Jo\u00ebl Diawa","twitter_card":"summary_large_image","twitter_misc":{"\u00c9crit par":"Jo\u00ebl Diawa","Dur\u00e9e de lecture estim\u00e9e":"2 minutes"},"schema":{"@context":"https:\/\/schema.org","@graph":[{"@type":"Article","@id":"https:\/\/infos-droitshumains.net\/?p=5076#article","isPartOf":{"@id":"https:\/\/infos-droitshumains.net\/?p=5076"},"author":{"name":"Jo\u00ebl Diawa","@id":"https:\/\/infos-droitshumains.net\/#\/schema\/person\/3dc5e921c3302172e0ed4362f96faab7"},"headline":"R\u00e9solution de la crise communautaire Teke et Yaka: Ritha Bola conduit une forte d\u00e9l\u00e9gation de l&rsquo;espace grand Bandundu chez Mboso","datePublished":"2022-10-04T12:42:09+00:00","dateModified":"2022-10-04T12:51:48+00:00","mainEntityOfPage":{"@id":"https:\/\/infos-droitshumains.net\/?p=5076"},"wordCount":417,"commentCount":0,"publisher":{"@id":"https:\/\/infos-droitshumains.net\/#organization"},"image":{"@id":"https:\/\/infos-droitshumains.net\/?p=5076#primaryimage"},"thumbnailUrl":"https:\/\/i0.wp.com\/infos-droitshumains.net\/wp-content\/uploads\/2022\/10\/IMG-20221004-WA0029_1.jpg?fit=1080%2C721&ssl=1","articleSection":["Soci\u00e9t\u00e9"],"inLanguage":"fr-FR","potentialAction":[{"@type":"CommentAction","name":"Comment","target":["https:\/\/infos-droitshumains.net\/?p=5076#respond"]}]},{"@type":"WebPage","@id":"https:\/\/infos-droitshumains.net\/?p=5076","url":"https:\/\/infos-droitshumains.net\/?p=5076","name":"R\u00e9solution de la crise communautaire Teke et Yaka: Ritha Bola conduit une forte d\u00e9l\u00e9gation de l'espace grand Bandundu chez Mboso - Infos Droits Humains","isPartOf":{"@id":"https:\/\/infos-droitshumains.net\/#website"},"primaryImageOfPage":{"@id":"https:\/\/infos-droitshumains.net\/?p=5076#primaryimage"},"image":{"@id":"https:\/\/infos-droitshumains.net\/?p=5076#primaryimage"},"thumbnailUrl":"https:\/\/i0.wp.com\/infos-droitshumains.net\/wp-content\/uploads\/2022\/10\/IMG-20221004-WA0029_1.jpg?fit=1080%2C721&ssl=1","datePublished":"2022-10-04T12:42:09+00:00","dateModified":"2022-10-04T12:51:48+00:00","breadcrumb":{"@id":"https:\/\/infos-droitshumains.net\/?p=5076#breadcrumb"},"inLanguage":"fr-FR","potentialAction":[{"@type":"ReadAction","target":["https:\/\/infos-droitshumains.net\/?p=5076"]}]},{"@type":"ImageObject","inLanguage":"fr-FR","@id":"https:\/\/infos-droitshumains.net\/?p=5076#primaryimage","url":"https:\/\/i0.wp.com\/infos-droitshumains.net\/wp-content\/uploads\/2022\/10\/IMG-20221004-WA0029_1.jpg?fit=1080%2C721&ssl=1","contentUrl":"https:\/\/i0.wp.com\/infos-droitshumains.net\/wp-content\/uploads\/2022\/10\/IMG-20221004-WA0029_1.jpg?fit=1080%2C721&ssl=1","width":1080,"height":721},{"@type":"BreadcrumbList","@id":"https:\/\/infos-droitshumains.net\/?p=5076#breadcrumb","itemListElement":[{"@type":"ListItem","position":1,"name":"Accueil","item":"https:\/\/infos-droitshumains.net\/"},{"@type":"ListItem","position":2,"name":"R\u00e9solution de la crise communautaire Teke et Yaka: Ritha Bola conduit une forte d\u00e9l\u00e9gation de l&rsquo;espace grand Bandundu chez Mboso"}]},{"@type":"WebSite","@id":"https:\/\/infos-droitshumains.net\/#website","url":"https:\/\/infos-droitshumains.net\/","name":"Infos Droits Humains","description":"S&#039;informer est un droit","publisher":{"@id":"https:\/\/infos-droitshumains.net\/#organization"},"potentialAction":[{"@type":"SearchAction","target":{"@type":"EntryPoint","urlTemplate":"https:\/\/infos-droitshumains.net\/?s={search_term_string}"},"query-input":{"@type":"PropertyValueSpecification","valueRequired":true,"valueName":"search_term_string"}}],"inLanguage":"fr-FR"},{"@type":"Organization","@id":"https:\/\/infos-droitshumains.net\/#organization","name":"Infos Droits Humains","url":"https:\/\/infos-droitshumains.net\/","logo":{"@type":"ImageObject","inLanguage":"fr-FR","@id":"https:\/\/infos-droitshumains.net\/#\/schema\/logo\/image\/","url":"https:\/\/i0.wp.com\/infos-droitshumains.net\/wp-content\/uploads\/2022\/05\/Logo.png?fit=333%2C129&ssl=1","contentUrl":"https:\/\/i0.wp.com\/infos-droitshumains.net\/wp-content\/uploads\/2022\/05\/Logo.png?fit=333%2C129&ssl=1","width":333,"height":129,"caption":"Infos Droits Humains"},"image":{"@id":"https:\/\/infos-droitshumains.net\/#\/schema\/logo\/image\/"}},{"@type":"Person","@id":"https:\/\/infos-droitshumains.net\/#\/schema\/person\/3dc5e921c3302172e0ed4362f96faab7","name":"Jo\u00ebl Diawa","image":{"@type":"ImageObject","inLanguage":"fr-FR","@id":"https:\/\/secure.gravatar.com\/avatar\/729bea6ff4604c624417803c477363be8e3c7186deaa65713313f9b4b820f41c?s=96&d=mm&r=g","url":"https:\/\/secure.gravatar.com\/avatar\/729bea6ff4604c624417803c477363be8e3c7186deaa65713313f9b4b820f41c?s=96&d=mm&r=g","contentUrl":"https:\/\/secure.gravatar.com\/avatar\/729bea6ff4604c624417803c477363be8e3c7186deaa65713313f9b4b820f41c?s=96&d=mm&r=g","caption":"Jo\u00ebl Diawa"},"sameAs":["https:\/\/www.infos-droitshumains.net"],"url":"https:\/\/infos-droitshumains.net\/?author=2"}]}},"featured_image_urls":{"full":["https:\/\/i0.wp.com\/infos-droitshumains.net\/wp-content\/uploads\/2022\/10\/IMG-20221004-WA0029_1.jpg?fit=1080%2C721&ssl=1",1080,721,false],"thumbnail":["https:\/\/i0.wp.com\/infos-droitshumains.net\/wp-content\/uploads\/2022\/10\/IMG-20221004-WA0029_1.jpg?resize=150%2C150&ssl=1",150,150,true],"medium":["https:\/\/i0.wp.com\/infos-droitshumains.net\/wp-content\/uploads\/2022\/10\/IMG-20221004-WA0029_1.jpg?fit=300%2C200&ssl=1",300,200,true],"medium_large":["https:\/\/i0.wp.com\/infos-droitshumains.net\/wp-content\/uploads\/2022\/10\/IMG-20221004-WA0029_1.jpg?fit=640%2C428&ssl=1",640,428,true],"large":["https:\/\/i0.wp.com\/infos-droitshumains.net\/wp-content\/uploads\/2022\/10\/IMG-20221004-WA0029_1.jpg?fit=640%2C428&ssl=1",640,428,true],"1536x1536":["https:\/\/i0.wp.com\/infos-droitshumains.net\/wp-content\/uploads\/2022\/10\/IMG-20221004-WA0029_1.jpg?fit=1080%2C721&ssl=1",1080,721,true],"2048x2048":["https:\/\/i0.wp.com\/infos-droitshumains.net\/wp-content\/uploads\/2022\/10\/IMG-20221004-WA0029_1.jpg?fit=1080%2C721&ssl=1",1080,721,true],"covernews-slider-full":["https:\/\/i0.wp.com\/infos-droitshumains.net\/wp-content\/uploads\/2022\/10\/IMG-20221004-WA0029_1.jpg?resize=1080%2C715&ssl=1",1080,715,true],"covernews-slider-center":["https:\/\/i0.wp.com\/infos-droitshumains.net\/wp-content\/uploads\/2022\/10\/IMG-20221004-WA0029_1.jpg?resize=800%2C500&ssl=1",800,500,true],"covernews-featured":["https:\/\/i0.wp.com\/infos-droitshumains.net\/wp-content\/uploads\/2022\/10\/IMG-20221004-WA0029_1.jpg?fit=1024%2C684&ssl=1",1024,684,true],"covernews-medium":["https:\/\/i0.wp.com\/infos-droitshumains.net\/wp-content\/uploads\/2022\/10\/IMG-20221004-WA0029_1.jpg?resize=540%2C340&ssl=1",540,340,true],"covernews-medium-square":["https:\/\/i0.wp.com\/infos-droitshumains.net\/wp-content\/uploads\/2022\/10\/IMG-20221004-WA0029_1.jpg?resize=400%2C250&ssl=1",400,250,true]},"author_info":{"display_name":"Jo\u00ebl Diawa","author_link":"https:\/\/infos-droitshumains.net\/?author=2"},"category_info":"<a href=\"https:\/\/infos-droitshumains.net\/?cat=8\" rel=\"category\">Soci\u00e9t\u00e9<\/a>","tag_info":"Soci\u00e9t\u00e9","comment_count":"0","jetpack_featured_media_url":"https:\/\/i0.wp.com\/infos-droitshumains.net\/wp-content\/uploads\/2022\/10\/IMG-20221004-WA0029_1.jpg?fit=1080%2C721&ssl=1","jetpack-related-posts":[],"jetpack_sharing_enabled":true,"_links":{"self":[{"href":"https:\/\/infos-droitshumains.net\/index.php?rest_route=\/wp\/v2\/posts\/5076","targetHints":{"allow":["GET"]}}],"collection":[{"href":"https:\/\/infos-droitshumains.net\/index.php?rest_route=\/wp\/v2\/posts"}],"about":[{"href":"https:\/\/infos-droitshumains.net\/index.php?rest_route=\/wp\/v2\/types\/post"}],"author":[{"embeddable":true,"href":"https:\/\/infos-droitshumains.net\/index.php?rest_route=\/wp\/v2\/users\/2"}],"replies":[{"embeddable":true,"href":"https:\/\/infos-droitshumains.net\/index.php?rest_route=%2Fwp%2Fv2%2Fcomments&post=5076"}],"version-history":[{"count":7,"href":"https:\/\/infos-droitshumains.net\/index.php?rest_route=\/wp\/v2\/posts\/5076\/revisions"}],"predecessor-version":[{"id":5089,"href":"https:\/\/infos-droitshumains.net\/index.php?rest_route=\/wp\/v2\/posts\/5076\/revisions\/5089"}],"wp:featuredmedia":[{"embeddable":true,"href":"https:\/\/infos-droitshumains.net\/index.php?rest_route=\/wp\/v2\/media\/5079"}],"wp:attachment":[{"href":"https:\/\/infos-droitshumains.net\/index.php?rest_route=%2Fwp%2Fv2%2Fmedia&parent=5076"}],"wp:term":[{"taxonomy":"category","embeddable":true,"href":"https:\/\/infos-droitshumains.net\/index.php?rest_route=%2Fwp%2Fv2%2Fcategories&post=5076"},{"taxonomy":"post_tag","embeddable":true,"href":"https:\/\/infos-droitshumains.net\/index.php?rest_route=%2Fwp%2Fv2%2Ftags&post=5076"}],"curies":[{"name":"wp","href":"https:\/\/api.w.org\/{rel}","templated":true}]}}