{"id":5021,"date":"2022-09-21T16:14:01","date_gmt":"2022-09-21T14:14:01","guid":{"rendered":"https:\/\/infos-droitshumains.net\/?p=5021"},"modified":"2022-09-21T16:15:44","modified_gmt":"2022-09-21T14:15:44","slug":"crise-securitaire-a-lest-de-la-rdc-felix-tshisekedi-charge-le-rwanda-et-met-les-nations-unies-devant-un-fait-accompli","status":"publish","type":"post","link":"https:\/\/infos-droitshumains.net\/?p=5021","title":{"rendered":"Crise s\u00e9curitaire \u00e0 l\u2019Est de la RDC: F\u00e9lix Tshisekedi charge le Rwanda et met les Nations Unies devant un fait accompli"},"content":{"rendered":"\n<p><strong>R\u00e9daction :+243817406088<\/strong><\/p>\n\n\n\n<p>C\u2019est ce mardi que le Pr\u00e9sident de la R\u00e9publique D\u00e9mocratique du Congo a pris la parole du haut de la tribune de la 77 session ordinaire de l\u2019assembl\u00e9e des Nations Unies. Au sujet la crise s\u00e9curitaire \u00e0 Est du pays, F\u00e9lix-Antoine Tshisekedi reconnait les efforts consentis par ses diff\u00e9rents partenaires dont les Nations Unies r\u00e9soudre ce probl\u00e8me, mais rappelle de m\u00eame que <em>\u00abcette crise est caus\u00e9e principalement par les convoitises que suscitent ses fabuleuses richesses naturelles et les ambitions de puissance de certains de ses voisins \u00bb<\/em> dont le Rwanda qu\u2019il a principalement index\u00e9.<\/p>\n\n\n\n<p><em>\u00ab Depuis mon \u00e9lection \u00e0 la t\u00eate de la RDC, je n\u2019ai eu de cesse de me battre, chaque jour, pour la paix et la s\u00e9curit\u00e9 dans les provinces congolaises de l\u2019Ituri, du Nord-Kivu et du Sud-Kivu. M\u2019inscrivant dans une philosophie de r\u00e9conciliation avec nos voisins, je n\u2019ai m\u00e9nag\u00e9 aucun effort pour rassurer les Chefs d\u2019\u00c9tat des pays limitrophes et restaurer la confiance entre nous, notamment par la concertation permanente sur des questions d\u2019int\u00e9r\u00eat commun, la conclusion des accords de coop\u00e9ration s\u00e9curitaire et de partenariat \u00e9conomique et la r\u00e9alisation des projets de d\u00e9veloppement pour nos populations respectives \u00bb<\/em>, a dit F\u00e9lix Tshisekedi avant de poursuivre : <em>\u00ab En d\u00e9pit de ma bonne volont\u00e9 et de la main tendue du Peuple congolais pour la paix, certains de nos voisins n\u2019ont trouv\u00e9 mieux que de nous remercier par l\u2019agression et le soutien \u00e0 des groupes arm\u00e9s terroristes qui ravagent l\u2019Est de la RDC. C\u2019est le cas actuellement du Rwanda qui, au m\u00e9pris du droit international, de la Charte de l\u2019ONU et de l\u2019Acte constitutif de l\u2019Union Africaine, a, une fois de plus, non seulement agress\u00e9, en mars dernier, la RDC par des incursions directes de ses forces arm\u00e9es, les RDF, mais aussi occupe des localit\u00e9s de la province du Nord-Kivu par un groupe arm\u00e9 terroriste interpos\u00e9, le Mouvement du 23 mars dit M23, auquel il apporte un soutien massif tant en mat\u00e9riels de guerre qu\u2019en hommes de troupes \u00bb.<\/em><\/p>\n\n\n\n<p>Le Pr\u00e9sident de la RDC consid\u00e8re en outre cette attitude du M23 et son alli\u00e9, l\u2019arm\u00e9e rwandaise comme un <em>\u00ab d\u00e9fi \u00e0 la communaut\u00e9 internationale \u00bb<\/em>, un d\u00e9fi mat\u00e9rialis\u00e9 par l\u2019abattement d\u2019un h\u00e9licopt\u00e8re de la MONUSCO qui a tu\u00e9 8 casques bleus.<\/p>\n\n\n\n<p>Pour \u00e9clairer la communaut\u00e9 des nations et mettre fin au d\u00e9n\u00e9gationisme des autorit\u00e9s rwandaises \u00e0 ce sujet, F\u00e9lix Tshisekedi a demand\u00e9 au Pr\u00e9sident du Conseil de S\u00e9curit\u00e9 de <em>\u00ab distribuer officiellement aux membres du Conseil le dernier rapport des experts de l\u2019ONU sur la situation s\u00e9curitaire \u00e0 l\u2019Est de la RDC et de le faire examiner avec diligence par lui afin d\u2019en tirer toutes les cons\u00e9quences qui s\u2019imposent sur le plan du droit de la paix et de la s\u00e9curit\u00e9 internationale\u00bb.<\/em><\/p>\n\n\n\n<p><em>\u00ab Proc\u00e9der autrement serait, d\u2019une part, encourager le Rwanda \u00e0 poursuivre son agression, ses crimes de guerre et ses crimes contre l\u2019humanit\u00e9 en RDC et, d\u2019autre part, nourrir davantage la suspicion l\u00e9gitime des Congolais sur l\u2019impartialit\u00e9 de l\u2019ONU ainsi que la complicit\u00e9 de certains de ses membres dans ces crimes \u00bb,<\/em> a poursuivi le Chef d\u2019Etat congolais.<\/p>\n\n\n\n<p>L\u2019objectif vis\u00e9 par le premier des congolais dans sa d\u00e9marche est de <em>\u00ab mettre fin \u00e0 cette suspicion et dissiper l\u2019ambigu\u00eft\u00e9 de certaines positions du Conseil de s\u00e9curit\u00e9 sur la crise s\u00e9curitaire \u00e0 l\u2019Est de la RDC, ambigu\u00eft\u00e9 qui exc\u00e8de la population\u2026 et exacerbe la tension entre elle et la Mission de l\u2019ONU pour la stabilisation du Congo, MONUSCO \u00bb<\/em>.<\/p>\n\n\n\n<p>En d\u00e9finitive, F\u00e9lix Tshisekedi a rappel\u00e9 aux Nations son devoir le plus l\u00e9gitime, un rappel qui sonne comme une mise en garde avant que la R\u00e9publique D\u00e9mocratique du Congo ne prenne d\u2019autres mesures qui s\u2019imposent.<\/p>\n\n\n\n<p><em>\u00ab Le maintien de la paix et de la s\u00e9curit\u00e9 internationales constitue le fondement et l\u2019objectif primordial de la cr\u00e9ation de l\u2019Organisation des Nations Unies. Ni l\u2019indiff\u00e9rence, ni l\u2019immobilisme, ni l\u2019attentisme de sa part ne sont, par cons\u00e9quent, admissibles face \u00e0 toute menace contre la paix et la s\u00e9curit\u00e9 internationales \u00bb<\/em>, a-t-il conclu.<\/p>\n\n\n\n<p>Jo\u00ebl Diawa<\/p>\n","protected":false},"excerpt":{"rendered":"<p>R\u00e9daction :+243817406088 C\u2019est ce mardi que le Pr\u00e9sident de la R\u00e9publique D\u00e9mocratique du Congo a&#8230;<\/p>\n","protected":false},"author":2,"featured_media":5023,"comment_status":"open","ping_status":"open","sticky":false,"template":"","format":"standard","meta":{"_jetpack_memberships_contains_paid_content":false,"footnotes":""},"categories":[10,3],"tags":[],"class_list":["post-5021","post","type-post","status-publish","format-standard","has-post-thumbnail","hentry","category-monde","category-politique"],"yoast_head":"<!-- This site is optimized with the Yoast SEO plugin v27.5 - https:\/\/yoast.com\/product\/yoast-seo-wordpress\/ -->\n<title>Crise s\u00e9curitaire \u00e0 l\u2019Est de la RDC: F\u00e9lix Tshisekedi charge le Rwanda et met les Nations Unies devant un fait accompli - Infos Droits Humains<\/title>\n<meta name=\"robots\" content=\"index, follow, max-snippet:-1, max-image-preview:large, max-video-preview:-1\" \/>\n<link rel=\"canonical\" href=\"https:\/\/infos-droitshumains.net\/?p=5021\" \/>\n<meta property=\"og:locale\" content=\"fr_FR\" \/>\n<meta property=\"og:type\" content=\"article\" \/>\n<meta property=\"og:title\" content=\"Crise s\u00e9curitaire \u00e0 l\u2019Est de la RDC: F\u00e9lix Tshisekedi charge le Rwanda et met les Nations Unies devant un fait accompli - Infos Droits Humains\" \/>\n<meta property=\"og:description\" content=\"R\u00e9daction :+243817406088 C\u2019est ce mardi que le Pr\u00e9sident de la R\u00e9publique D\u00e9mocratique du Congo a...\" \/>\n<meta property=\"og:url\" content=\"https:\/\/infos-droitshumains.net\/?p=5021\" \/>\n<meta property=\"og:site_name\" content=\"Infos Droits Humains\" \/>\n<meta property=\"article:published_time\" content=\"2022-09-21T14:14:01+00:00\" \/>\n<meta property=\"article:modified_time\" content=\"2022-09-21T14:15:44+00:00\" \/>\n<meta property=\"og:image\" content=\"https:\/\/i0.wp.com\/infos-droitshumains.net\/wp-content\/uploads\/2022\/09\/images-8_1.jpeg?fit=664%2C443&ssl=1\" \/>\n\t<meta property=\"og:image:width\" content=\"664\" \/>\n\t<meta property=\"og:image:height\" content=\"443\" \/>\n\t<meta property=\"og:image:type\" content=\"image\/jpeg\" \/>\n<meta name=\"author\" content=\"Jo\u00ebl Diawa\" \/>\n<meta name=\"twitter:card\" content=\"summary_large_image\" \/>\n<meta name=\"twitter:label1\" content=\"\u00c9crit par\" \/>\n\t<meta name=\"twitter:data1\" content=\"Jo\u00ebl Diawa\" \/>\n\t<meta name=\"twitter:label2\" content=\"Dur\u00e9e de lecture estim\u00e9e\" \/>\n\t<meta name=\"twitter:data2\" content=\"4 minutes\" \/>\n<script type=\"application\/ld+json\" class=\"yoast-schema-graph\">{\"@context\":\"https:\\\/\\\/schema.org\",\"@graph\":[{\"@type\":\"Article\",\"@id\":\"https:\\\/\\\/infos-droitshumains.net\\\/?p=5021#article\",\"isPartOf\":{\"@id\":\"https:\\\/\\\/infos-droitshumains.net\\\/?p=5021\"},\"author\":{\"name\":\"Jo\u00ebl Diawa\",\"@id\":\"https:\\\/\\\/infos-droitshumains.net\\\/#\\\/schema\\\/person\\\/3dc5e921c3302172e0ed4362f96faab7\"},\"headline\":\"Crise s\u00e9curitaire \u00e0 l\u2019Est de la RDC: F\u00e9lix Tshisekedi charge le Rwanda et met les Nations Unies devant un fait accompli\",\"datePublished\":\"2022-09-21T14:14:01+00:00\",\"dateModified\":\"2022-09-21T14:15:44+00:00\",\"mainEntityOfPage\":{\"@id\":\"https:\\\/\\\/infos-droitshumains.net\\\/?p=5021\"},\"wordCount\":763,\"commentCount\":0,\"publisher\":{\"@id\":\"https:\\\/\\\/infos-droitshumains.net\\\/#organization\"},\"image\":{\"@id\":\"https:\\\/\\\/infos-droitshumains.net\\\/?p=5021#primaryimage\"},\"thumbnailUrl\":\"https:\\\/\\\/i0.wp.com\\\/infos-droitshumains.net\\\/wp-content\\\/uploads\\\/2022\\\/09\\\/images-8_1.jpeg?fit=664%2C443&ssl=1\",\"articleSection\":[\"Monde\",\"Politique\"],\"inLanguage\":\"fr-FR\",\"potentialAction\":[{\"@type\":\"CommentAction\",\"name\":\"Comment\",\"target\":[\"https:\\\/\\\/infos-droitshumains.net\\\/?p=5021#respond\"]}]},{\"@type\":\"WebPage\",\"@id\":\"https:\\\/\\\/infos-droitshumains.net\\\/?p=5021\",\"url\":\"https:\\\/\\\/infos-droitshumains.net\\\/?p=5021\",\"name\":\"Crise s\u00e9curitaire \u00e0 l\u2019Est de la RDC: F\u00e9lix Tshisekedi charge le Rwanda et met les Nations Unies devant un fait accompli - Infos Droits Humains\",\"isPartOf\":{\"@id\":\"https:\\\/\\\/infos-droitshumains.net\\\/#website\"},\"primaryImageOfPage\":{\"@id\":\"https:\\\/\\\/infos-droitshumains.net\\\/?p=5021#primaryimage\"},\"image\":{\"@id\":\"https:\\\/\\\/infos-droitshumains.net\\\/?p=5021#primaryimage\"},\"thumbnailUrl\":\"https:\\\/\\\/i0.wp.com\\\/infos-droitshumains.net\\\/wp-content\\\/uploads\\\/2022\\\/09\\\/images-8_1.jpeg?fit=664%2C443&ssl=1\",\"datePublished\":\"2022-09-21T14:14:01+00:00\",\"dateModified\":\"2022-09-21T14:15:44+00:00\",\"breadcrumb\":{\"@id\":\"https:\\\/\\\/infos-droitshumains.net\\\/?p=5021#breadcrumb\"},\"inLanguage\":\"fr-FR\",\"potentialAction\":[{\"@type\":\"ReadAction\",\"target\":[\"https:\\\/\\\/infos-droitshumains.net\\\/?p=5021\"]}]},{\"@type\":\"ImageObject\",\"inLanguage\":\"fr-FR\",\"@id\":\"https:\\\/\\\/infos-droitshumains.net\\\/?p=5021#primaryimage\",\"url\":\"https:\\\/\\\/i0.wp.com\\\/infos-droitshumains.net\\\/wp-content\\\/uploads\\\/2022\\\/09\\\/images-8_1.jpeg?fit=664%2C443&ssl=1\",\"contentUrl\":\"https:\\\/\\\/i0.wp.com\\\/infos-droitshumains.net\\\/wp-content\\\/uploads\\\/2022\\\/09\\\/images-8_1.jpeg?fit=664%2C443&ssl=1\",\"width\":664,\"height\":443},{\"@type\":\"BreadcrumbList\",\"@id\":\"https:\\\/\\\/infos-droitshumains.net\\\/?p=5021#breadcrumb\",\"itemListElement\":[{\"@type\":\"ListItem\",\"position\":1,\"name\":\"Accueil\",\"item\":\"https:\\\/\\\/infos-droitshumains.net\\\/\"},{\"@type\":\"ListItem\",\"position\":2,\"name\":\"Crise s\u00e9curitaire \u00e0 l\u2019Est de la RDC: F\u00e9lix Tshisekedi charge le Rwanda et met les Nations Unies devant un fait accompli\"}]},{\"@type\":\"WebSite\",\"@id\":\"https:\\\/\\\/infos-droitshumains.net\\\/#website\",\"url\":\"https:\\\/\\\/infos-droitshumains.net\\\/\",\"name\":\"Infos Droits Humains\",\"description\":\"S&#039;informer est un droit\",\"publisher\":{\"@id\":\"https:\\\/\\\/infos-droitshumains.net\\\/#organization\"},\"potentialAction\":[{\"@type\":\"SearchAction\",\"target\":{\"@type\":\"EntryPoint\",\"urlTemplate\":\"https:\\\/\\\/infos-droitshumains.net\\\/?s={search_term_string}\"},\"query-input\":{\"@type\":\"PropertyValueSpecification\",\"valueRequired\":true,\"valueName\":\"search_term_string\"}}],\"inLanguage\":\"fr-FR\"},{\"@type\":\"Organization\",\"@id\":\"https:\\\/\\\/infos-droitshumains.net\\\/#organization\",\"name\":\"Infos Droits Humains\",\"url\":\"https:\\\/\\\/infos-droitshumains.net\\\/\",\"logo\":{\"@type\":\"ImageObject\",\"inLanguage\":\"fr-FR\",\"@id\":\"https:\\\/\\\/infos-droitshumains.net\\\/#\\\/schema\\\/logo\\\/image\\\/\",\"url\":\"https:\\\/\\\/i0.wp.com\\\/infos-droitshumains.net\\\/wp-content\\\/uploads\\\/2022\\\/05\\\/Logo.png?fit=333%2C129&ssl=1\",\"contentUrl\":\"https:\\\/\\\/i0.wp.com\\\/infos-droitshumains.net\\\/wp-content\\\/uploads\\\/2022\\\/05\\\/Logo.png?fit=333%2C129&ssl=1\",\"width\":333,\"height\":129,\"caption\":\"Infos Droits Humains\"},\"image\":{\"@id\":\"https:\\\/\\\/infos-droitshumains.net\\\/#\\\/schema\\\/logo\\\/image\\\/\"}},{\"@type\":\"Person\",\"@id\":\"https:\\\/\\\/infos-droitshumains.net\\\/#\\\/schema\\\/person\\\/3dc5e921c3302172e0ed4362f96faab7\",\"name\":\"Jo\u00ebl Diawa\",\"image\":{\"@type\":\"ImageObject\",\"inLanguage\":\"fr-FR\",\"@id\":\"https:\\\/\\\/secure.gravatar.com\\\/avatar\\\/729bea6ff4604c624417803c477363be8e3c7186deaa65713313f9b4b820f41c?s=96&d=mm&r=g\",\"url\":\"https:\\\/\\\/secure.gravatar.com\\\/avatar\\\/729bea6ff4604c624417803c477363be8e3c7186deaa65713313f9b4b820f41c?s=96&d=mm&r=g\",\"contentUrl\":\"https:\\\/\\\/secure.gravatar.com\\\/avatar\\\/729bea6ff4604c624417803c477363be8e3c7186deaa65713313f9b4b820f41c?s=96&d=mm&r=g\",\"caption\":\"Jo\u00ebl Diawa\"},\"sameAs\":[\"https:\\\/\\\/www.infos-droitshumains.net\"],\"url\":\"https:\\\/\\\/infos-droitshumains.net\\\/?author=2\"}]}<\/script>\n<!-- \/ Yoast SEO plugin. -->","yoast_head_json":{"title":"Crise s\u00e9curitaire \u00e0 l\u2019Est de la RDC: F\u00e9lix Tshisekedi charge le Rwanda et met les Nations Unies devant un fait accompli - Infos Droits Humains","robots":{"index":"index","follow":"follow","max-snippet":"max-snippet:-1","max-image-preview":"max-image-preview:large","max-video-preview":"max-video-preview:-1"},"canonical":"https:\/\/infos-droitshumains.net\/?p=5021","og_locale":"fr_FR","og_type":"article","og_title":"Crise s\u00e9curitaire \u00e0 l\u2019Est de la RDC: F\u00e9lix Tshisekedi charge le Rwanda et met les Nations Unies devant un fait accompli - Infos Droits Humains","og_description":"R\u00e9daction :+243817406088 C\u2019est ce mardi que le Pr\u00e9sident de la R\u00e9publique D\u00e9mocratique du Congo a...","og_url":"https:\/\/infos-droitshumains.net\/?p=5021","og_site_name":"Infos Droits Humains","article_published_time":"2022-09-21T14:14:01+00:00","article_modified_time":"2022-09-21T14:15:44+00:00","og_image":[{"width":664,"height":443,"url":"https:\/\/i0.wp.com\/infos-droitshumains.net\/wp-content\/uploads\/2022\/09\/images-8_1.jpeg?fit=664%2C443&ssl=1","type":"image\/jpeg"}],"author":"Jo\u00ebl Diawa","twitter_card":"summary_large_image","twitter_misc":{"\u00c9crit par":"Jo\u00ebl Diawa","Dur\u00e9e de lecture estim\u00e9e":"4 minutes"},"schema":{"@context":"https:\/\/schema.org","@graph":[{"@type":"Article","@id":"https:\/\/infos-droitshumains.net\/?p=5021#article","isPartOf":{"@id":"https:\/\/infos-droitshumains.net\/?p=5021"},"author":{"name":"Jo\u00ebl Diawa","@id":"https:\/\/infos-droitshumains.net\/#\/schema\/person\/3dc5e921c3302172e0ed4362f96faab7"},"headline":"Crise s\u00e9curitaire \u00e0 l\u2019Est de la RDC: F\u00e9lix Tshisekedi charge le Rwanda et met les Nations Unies devant un fait accompli","datePublished":"2022-09-21T14:14:01+00:00","dateModified":"2022-09-21T14:15:44+00:00","mainEntityOfPage":{"@id":"https:\/\/infos-droitshumains.net\/?p=5021"},"wordCount":763,"commentCount":0,"publisher":{"@id":"https:\/\/infos-droitshumains.net\/#organization"},"image":{"@id":"https:\/\/infos-droitshumains.net\/?p=5021#primaryimage"},"thumbnailUrl":"https:\/\/i0.wp.com\/infos-droitshumains.net\/wp-content\/uploads\/2022\/09\/images-8_1.jpeg?fit=664%2C443&ssl=1","articleSection":["Monde","Politique"],"inLanguage":"fr-FR","potentialAction":[{"@type":"CommentAction","name":"Comment","target":["https:\/\/infos-droitshumains.net\/?p=5021#respond"]}]},{"@type":"WebPage","@id":"https:\/\/infos-droitshumains.net\/?p=5021","url":"https:\/\/infos-droitshumains.net\/?p=5021","name":"Crise s\u00e9curitaire \u00e0 l\u2019Est de la RDC: F\u00e9lix Tshisekedi charge le Rwanda et met les Nations Unies devant un fait accompli - Infos Droits Humains","isPartOf":{"@id":"https:\/\/infos-droitshumains.net\/#website"},"primaryImageOfPage":{"@id":"https:\/\/infos-droitshumains.net\/?p=5021#primaryimage"},"image":{"@id":"https:\/\/infos-droitshumains.net\/?p=5021#primaryimage"},"thumbnailUrl":"https:\/\/i0.wp.com\/infos-droitshumains.net\/wp-content\/uploads\/2022\/09\/images-8_1.jpeg?fit=664%2C443&ssl=1","datePublished":"2022-09-21T14:14:01+00:00","dateModified":"2022-09-21T14:15:44+00:00","breadcrumb":{"@id":"https:\/\/infos-droitshumains.net\/?p=5021#breadcrumb"},"inLanguage":"fr-FR","potentialAction":[{"@type":"ReadAction","target":["https:\/\/infos-droitshumains.net\/?p=5021"]}]},{"@type":"ImageObject","inLanguage":"fr-FR","@id":"https:\/\/infos-droitshumains.net\/?p=5021#primaryimage","url":"https:\/\/i0.wp.com\/infos-droitshumains.net\/wp-content\/uploads\/2022\/09\/images-8_1.jpeg?fit=664%2C443&ssl=1","contentUrl":"https:\/\/i0.wp.com\/infos-droitshumains.net\/wp-content\/uploads\/2022\/09\/images-8_1.jpeg?fit=664%2C443&ssl=1","width":664,"height":443},{"@type":"BreadcrumbList","@id":"https:\/\/infos-droitshumains.net\/?p=5021#breadcrumb","itemListElement":[{"@type":"ListItem","position":1,"name":"Accueil","item":"https:\/\/infos-droitshumains.net\/"},{"@type":"ListItem","position":2,"name":"Crise s\u00e9curitaire \u00e0 l\u2019Est de la RDC: F\u00e9lix Tshisekedi charge le Rwanda et met les Nations Unies devant un fait accompli"}]},{"@type":"WebSite","@id":"https:\/\/infos-droitshumains.net\/#website","url":"https:\/\/infos-droitshumains.net\/","name":"Infos Droits Humains","description":"S&#039;informer est un droit","publisher":{"@id":"https:\/\/infos-droitshumains.net\/#organization"},"potentialAction":[{"@type":"SearchAction","target":{"@type":"EntryPoint","urlTemplate":"https:\/\/infos-droitshumains.net\/?s={search_term_string}"},"query-input":{"@type":"PropertyValueSpecification","valueRequired":true,"valueName":"search_term_string"}}],"inLanguage":"fr-FR"},{"@type":"Organization","@id":"https:\/\/infos-droitshumains.net\/#organization","name":"Infos Droits Humains","url":"https:\/\/infos-droitshumains.net\/","logo":{"@type":"ImageObject","inLanguage":"fr-FR","@id":"https:\/\/infos-droitshumains.net\/#\/schema\/logo\/image\/","url":"https:\/\/i0.wp.com\/infos-droitshumains.net\/wp-content\/uploads\/2022\/05\/Logo.png?fit=333%2C129&ssl=1","contentUrl":"https:\/\/i0.wp.com\/infos-droitshumains.net\/wp-content\/uploads\/2022\/05\/Logo.png?fit=333%2C129&ssl=1","width":333,"height":129,"caption":"Infos Droits Humains"},"image":{"@id":"https:\/\/infos-droitshumains.net\/#\/schema\/logo\/image\/"}},{"@type":"Person","@id":"https:\/\/infos-droitshumains.net\/#\/schema\/person\/3dc5e921c3302172e0ed4362f96faab7","name":"Jo\u00ebl Diawa","image":{"@type":"ImageObject","inLanguage":"fr-FR","@id":"https:\/\/secure.gravatar.com\/avatar\/729bea6ff4604c624417803c477363be8e3c7186deaa65713313f9b4b820f41c?s=96&d=mm&r=g","url":"https:\/\/secure.gravatar.com\/avatar\/729bea6ff4604c624417803c477363be8e3c7186deaa65713313f9b4b820f41c?s=96&d=mm&r=g","contentUrl":"https:\/\/secure.gravatar.com\/avatar\/729bea6ff4604c624417803c477363be8e3c7186deaa65713313f9b4b820f41c?s=96&d=mm&r=g","caption":"Jo\u00ebl Diawa"},"sameAs":["https:\/\/www.infos-droitshumains.net"],"url":"https:\/\/infos-droitshumains.net\/?author=2"}]}},"featured_image_urls":{"full":["https:\/\/i0.wp.com\/infos-droitshumains.net\/wp-content\/uploads\/2022\/09\/images-8_1.jpeg?fit=664%2C443&ssl=1",664,443,false],"thumbnail":["https:\/\/i0.wp.com\/infos-droitshumains.net\/wp-content\/uploads\/2022\/09\/images-8_1.jpeg?resize=150%2C150&ssl=1",150,150,true],"medium":["https:\/\/i0.wp.com\/infos-droitshumains.net\/wp-content\/uploads\/2022\/09\/images-8_1.jpeg?fit=300%2C200&ssl=1",300,200,true],"medium_large":["https:\/\/i0.wp.com\/infos-droitshumains.net\/wp-content\/uploads\/2022\/09\/images-8_1.jpeg?fit=640%2C427&ssl=1",640,427,true],"large":["https:\/\/i0.wp.com\/infos-droitshumains.net\/wp-content\/uploads\/2022\/09\/images-8_1.jpeg?fit=640%2C427&ssl=1",640,427,true],"1536x1536":["https:\/\/i0.wp.com\/infos-droitshumains.net\/wp-content\/uploads\/2022\/09\/images-8_1.jpeg?fit=664%2C443&ssl=1",664,443,true],"2048x2048":["https:\/\/i0.wp.com\/infos-droitshumains.net\/wp-content\/uploads\/2022\/09\/images-8_1.jpeg?fit=664%2C443&ssl=1",664,443,true],"covernews-slider-full":["https:\/\/i0.wp.com\/infos-droitshumains.net\/wp-content\/uploads\/2022\/09\/images-8_1.jpeg?resize=664%2C443&ssl=1",664,443,true],"covernews-slider-center":["https:\/\/i0.wp.com\/infos-droitshumains.net\/wp-content\/uploads\/2022\/09\/images-8_1.jpeg?resize=664%2C443&ssl=1",664,443,true],"covernews-featured":["https:\/\/i0.wp.com\/infos-droitshumains.net\/wp-content\/uploads\/2022\/09\/images-8_1.jpeg?fit=664%2C443&ssl=1",664,443,true],"covernews-medium":["https:\/\/i0.wp.com\/infos-droitshumains.net\/wp-content\/uploads\/2022\/09\/images-8_1.jpeg?resize=540%2C340&ssl=1",540,340,true],"covernews-medium-square":["https:\/\/i0.wp.com\/infos-droitshumains.net\/wp-content\/uploads\/2022\/09\/images-8_1.jpeg?resize=400%2C250&ssl=1",400,250,true]},"author_info":{"display_name":"Jo\u00ebl Diawa","author_link":"https:\/\/infos-droitshumains.net\/?author=2"},"category_info":"<a href=\"https:\/\/infos-droitshumains.net\/?cat=10\" rel=\"category\">Monde<\/a> <a href=\"https:\/\/infos-droitshumains.net\/?cat=3\" rel=\"category\">Politique<\/a>","tag_info":"Politique","comment_count":"0","jetpack_featured_media_url":"https:\/\/i0.wp.com\/infos-droitshumains.net\/wp-content\/uploads\/2022\/09\/images-8_1.jpeg?fit=664%2C443&ssl=1","jetpack-related-posts":[],"jetpack_sharing_enabled":true,"_links":{"self":[{"href":"https:\/\/infos-droitshumains.net\/index.php?rest_route=\/wp\/v2\/posts\/5021","targetHints":{"allow":["GET"]}}],"collection":[{"href":"https:\/\/infos-droitshumains.net\/index.php?rest_route=\/wp\/v2\/posts"}],"about":[{"href":"https:\/\/infos-droitshumains.net\/index.php?rest_route=\/wp\/v2\/types\/post"}],"author":[{"embeddable":true,"href":"https:\/\/infos-droitshumains.net\/index.php?rest_route=\/wp\/v2\/users\/2"}],"replies":[{"embeddable":true,"href":"https:\/\/infos-droitshumains.net\/index.php?rest_route=%2Fwp%2Fv2%2Fcomments&post=5021"}],"version-history":[{"count":2,"href":"https:\/\/infos-droitshumains.net\/index.php?rest_route=\/wp\/v2\/posts\/5021\/revisions"}],"predecessor-version":[{"id":5024,"href":"https:\/\/infos-droitshumains.net\/index.php?rest_route=\/wp\/v2\/posts\/5021\/revisions\/5024"}],"wp:featuredmedia":[{"embeddable":true,"href":"https:\/\/infos-droitshumains.net\/index.php?rest_route=\/wp\/v2\/media\/5023"}],"wp:attachment":[{"href":"https:\/\/infos-droitshumains.net\/index.php?rest_route=%2Fwp%2Fv2%2Fmedia&parent=5021"}],"wp:term":[{"taxonomy":"category","embeddable":true,"href":"https:\/\/infos-droitshumains.net\/index.php?rest_route=%2Fwp%2Fv2%2Fcategories&post=5021"},{"taxonomy":"post_tag","embeddable":true,"href":"https:\/\/infos-droitshumains.net\/index.php?rest_route=%2Fwp%2Fv2%2Ftags&post=5021"}],"curies":[{"name":"wp","href":"https:\/\/api.w.org\/{rel}","templated":true}]}}