{"id":496,"date":"2021-06-16T01:30:32","date_gmt":"2021-06-15T23:30:32","guid":{"rendered":"https:\/\/www.infos-droitshumains.net\/?p=496"},"modified":"2023-04-06T12:11:46","modified_gmt":"2023-04-06T10:11:46","slug":"apres-la-condamnation-de-vital-kamerhe-en-appel-lunc-prete-a-faire-lopposition-a-felix-tshisekedi","status":"publish","type":"post","link":"https:\/\/infos-droitshumains.net\/?p=496","title":{"rendered":"Apr\u00e8s la condamnation de Vital Kamerhe en appel, l&rsquo;UNC pr\u00eate \u00e0 faire l&rsquo;opposition \u00e0 F\u00e9lix Tshisekedi."},"content":{"rendered":"\n<p><\/p>\n\n\n\n<p>Les r\u00e9centes sorties m\u00e9diatiques des cadres de l&rsquo;Union pour la Nation Congolaise avaient laisser une lueur d&rsquo;espoir quant au sort qui devait \u00eatre r\u00e9serv\u00e9 \u00e0 leur leader Vital Kamerhe qui attendait le verdict de son proc\u00e8s en appel ce mardi 15 juin.<\/p>\n\n\n\n<p>Le prononc\u00e9 du juge d&rsquo;Appel a visiblement \u00e9teint tous les espoirs des cadres et militants du parti rouge et blanc. Bien que r\u00e9duit de 20 \u00e0 13 ans des travaux forc\u00e9s, la condamnation de Vital Kamerhe au second degr\u00e9 a suscit\u00e9 un vive tension au si\u00e8ge de son parti dans la commune de Barumbu o\u00f9 les militants ont br\u00fbl\u00e9 les pneux en signe de protestation.<\/p>\n\n\n\n<p>Au niveau de la haute hi\u00e9rarchie de l&rsquo;UNC, l&rsquo;ont continue \u00e0 d\u00e9noncer un proc\u00e8s politique visant \u00e0 la t\u00eate de son pr\u00e9sident national :<\/p>\n\n\n\n<p>\u00a0\u00bb <em>Ce verdict fait rire m\u00eame les vaches. Lorsque vous suivez le prononc\u00e9, vous avez l&rsquo;impression d&rsquo;\u00eatre dans un sc\u00e9nario o\u00f9 absolument on cherche la t\u00eate d&rsquo;une personne. Comment pouvez vous comprendre que le principal accus\u00e9 qui est Jammal \u00e9cope de six ans, Muhima une ann\u00e9e et Vital Kamerhe dont on a jamais prouv\u00e9 la moindre implication dans l&rsquo;affaire soit condamn\u00e9 \u00e0 13 ans ? Cela confirme ce que nous avons toujours dit que c&rsquo;\u00e9tait un proc\u00e8s politique, o\u00f9 on cherchait \u00e0 abattre notre leader<\/em> \u00a0\u00bb a d\u00e9clar\u00e9 Eraston Billy Kambale, secr\u00e9taire g\u00e9n\u00e9ral de l&rsquo;Union pour la Nation Congolaise.<\/p>\n\n\n\n<p>L&rsquo;ancien ministre de la jeunesse a, par la m\u00eame occasion, promis des d\u00e9cisions importantes qui seront prises par son parti politique : <\/p>\n\n\n\n<p>\u00a0\u00bb <em>Demain il y aura r\u00e9union de la direction politique nationale, et les options seront lev\u00e9es, parce que trop c&rsquo;est trop. Ce qui se passe c&rsquo;est tout simplement la machination d&rsquo;un groupe d&rsquo;individus qui, au lieu de g\u00e9rer la r\u00e9publique, sont entrain de passer leur temps \u00e0 r\u00e9gler les comptes aux hommes politiques<\/em> \u00ab\u00a0.<\/p>\n\n\n\n<p>Ce ton belliqueux utilis\u00e9 par Billy Kambale laisse entendre une possible rupture entre l&rsquo;UNC et l&rsquo;UDPS qui son dans la coalition Cap pour le Changement, CACH depuis 2018.<\/p>\n\n\n\n<p>En cas d&rsquo;une telle decision, l&rsquo;UNC quittera de facto l&rsquo;Union Sacr\u00e9e et par ricochet, tous les ministres et mandataires publics membre de ce parti se verront sans aucun doute \u00eatre oblig\u00e9s de quitter leurs postes.<\/p>\n\n\n\n<p>Reste \u00e0 savoir si la direction polique de l&rsquo;UNC d\u00e9cidera ainsi. Dans ce cas, le parti de Vital Kamerhe va sans aucun doute basculer dans l&rsquo;opposition.<\/p>\n","protected":false},"excerpt":{"rendered":"<p>Les r\u00e9centes sorties m\u00e9diatiques des cadres de l&rsquo;Union pour la Nation Congolaise avaient laisser une&#8230;<\/p>\n","protected":false},"author":2,"featured_media":0,"comment_status":"open","ping_status":"open","sticky":false,"template":"","format":"standard","meta":{"_jetpack_memberships_contains_paid_content":false,"footnotes":""},"categories":[1],"tags":[],"class_list":["post-496","post","type-post","status-publish","format-standard","hentry","category-non-classe"],"yoast_head":"<!-- This site is optimized with the Yoast SEO plugin v27.5 - https:\/\/yoast.com\/product\/yoast-seo-wordpress\/ -->\n<title>Apr\u00e8s la condamnation de Vital Kamerhe en appel, l&#039;UNC pr\u00eate \u00e0 faire l&#039;opposition \u00e0 F\u00e9lix Tshisekedi. - Infos Droits Humains<\/title>\n<meta name=\"robots\" content=\"index, follow, max-snippet:-1, max-image-preview:large, max-video-preview:-1\" \/>\n<link rel=\"canonical\" href=\"https:\/\/infos-droitshumains.net\/?p=496\" \/>\n<meta property=\"og:locale\" content=\"fr_FR\" \/>\n<meta property=\"og:type\" content=\"article\" \/>\n<meta property=\"og:title\" content=\"Apr\u00e8s la condamnation de Vital Kamerhe en appel, l&#039;UNC pr\u00eate \u00e0 faire l&#039;opposition \u00e0 F\u00e9lix Tshisekedi. - Infos Droits Humains\" \/>\n<meta property=\"og:description\" content=\"Les r\u00e9centes sorties m\u00e9diatiques des cadres de l&rsquo;Union pour la Nation Congolaise avaient laisser une...\" \/>\n<meta property=\"og:url\" content=\"https:\/\/infos-droitshumains.net\/?p=496\" \/>\n<meta property=\"og:site_name\" content=\"Infos Droits Humains\" \/>\n<meta property=\"article:published_time\" content=\"2021-06-15T23:30:32+00:00\" \/>\n<meta property=\"article:modified_time\" content=\"2023-04-06T10:11:46+00:00\" \/>\n<meta name=\"author\" content=\"Jo\u00ebl Diawa\" \/>\n<meta name=\"twitter:card\" content=\"summary_large_image\" \/>\n<meta name=\"twitter:label1\" content=\"\u00c9crit par\" \/>\n\t<meta name=\"twitter:data1\" content=\"Jo\u00ebl Diawa\" \/>\n\t<meta name=\"twitter:label2\" content=\"Dur\u00e9e de lecture estim\u00e9e\" \/>\n\t<meta name=\"twitter:data2\" content=\"2 minutes\" \/>\n<script type=\"application\/ld+json\" class=\"yoast-schema-graph\">{\"@context\":\"https:\\\/\\\/schema.org\",\"@graph\":[{\"@type\":\"Article\",\"@id\":\"https:\\\/\\\/infos-droitshumains.net\\\/?p=496#article\",\"isPartOf\":{\"@id\":\"https:\\\/\\\/infos-droitshumains.net\\\/?p=496\"},\"author\":{\"name\":\"Jo\u00ebl Diawa\",\"@id\":\"https:\\\/\\\/infos-droitshumains.net\\\/#\\\/schema\\\/person\\\/3dc5e921c3302172e0ed4362f96faab7\"},\"headline\":\"Apr\u00e8s la condamnation de Vital Kamerhe en appel, l&rsquo;UNC pr\u00eate \u00e0 faire l&rsquo;opposition \u00e0 F\u00e9lix Tshisekedi.\",\"datePublished\":\"2021-06-15T23:30:32+00:00\",\"dateModified\":\"2023-04-06T10:11:46+00:00\",\"mainEntityOfPage\":{\"@id\":\"https:\\\/\\\/infos-droitshumains.net\\\/?p=496\"},\"wordCount\":426,\"commentCount\":1,\"publisher\":{\"@id\":\"https:\\\/\\\/infos-droitshumains.net\\\/#organization\"},\"inLanguage\":\"fr-FR\",\"potentialAction\":[{\"@type\":\"CommentAction\",\"name\":\"Comment\",\"target\":[\"https:\\\/\\\/infos-droitshumains.net\\\/?p=496#respond\"]}]},{\"@type\":\"WebPage\",\"@id\":\"https:\\\/\\\/infos-droitshumains.net\\\/?p=496\",\"url\":\"https:\\\/\\\/infos-droitshumains.net\\\/?p=496\",\"name\":\"Apr\u00e8s la condamnation de Vital Kamerhe en appel, l'UNC pr\u00eate \u00e0 faire l'opposition \u00e0 F\u00e9lix Tshisekedi. - Infos Droits Humains\",\"isPartOf\":{\"@id\":\"https:\\\/\\\/infos-droitshumains.net\\\/#website\"},\"datePublished\":\"2021-06-15T23:30:32+00:00\",\"dateModified\":\"2023-04-06T10:11:46+00:00\",\"breadcrumb\":{\"@id\":\"https:\\\/\\\/infos-droitshumains.net\\\/?p=496#breadcrumb\"},\"inLanguage\":\"fr-FR\",\"potentialAction\":[{\"@type\":\"ReadAction\",\"target\":[\"https:\\\/\\\/infos-droitshumains.net\\\/?p=496\"]}]},{\"@type\":\"BreadcrumbList\",\"@id\":\"https:\\\/\\\/infos-droitshumains.net\\\/?p=496#breadcrumb\",\"itemListElement\":[{\"@type\":\"ListItem\",\"position\":1,\"name\":\"Accueil\",\"item\":\"https:\\\/\\\/infos-droitshumains.net\\\/\"},{\"@type\":\"ListItem\",\"position\":2,\"name\":\"Apr\u00e8s la condamnation de Vital Kamerhe en appel, l&rsquo;UNC pr\u00eate \u00e0 faire l&rsquo;opposition \u00e0 F\u00e9lix Tshisekedi.\"}]},{\"@type\":\"WebSite\",\"@id\":\"https:\\\/\\\/infos-droitshumains.net\\\/#website\",\"url\":\"https:\\\/\\\/infos-droitshumains.net\\\/\",\"name\":\"Infos Droits Humains\",\"description\":\"S&#039;informer est un droit\",\"publisher\":{\"@id\":\"https:\\\/\\\/infos-droitshumains.net\\\/#organization\"},\"potentialAction\":[{\"@type\":\"SearchAction\",\"target\":{\"@type\":\"EntryPoint\",\"urlTemplate\":\"https:\\\/\\\/infos-droitshumains.net\\\/?s={search_term_string}\"},\"query-input\":{\"@type\":\"PropertyValueSpecification\",\"valueRequired\":true,\"valueName\":\"search_term_string\"}}],\"inLanguage\":\"fr-FR\"},{\"@type\":\"Organization\",\"@id\":\"https:\\\/\\\/infos-droitshumains.net\\\/#organization\",\"name\":\"Infos Droits Humains\",\"url\":\"https:\\\/\\\/infos-droitshumains.net\\\/\",\"logo\":{\"@type\":\"ImageObject\",\"inLanguage\":\"fr-FR\",\"@id\":\"https:\\\/\\\/infos-droitshumains.net\\\/#\\\/schema\\\/logo\\\/image\\\/\",\"url\":\"https:\\\/\\\/i0.wp.com\\\/infos-droitshumains.net\\\/wp-content\\\/uploads\\\/2022\\\/05\\\/Logo.png?fit=333%2C129&ssl=1\",\"contentUrl\":\"https:\\\/\\\/i0.wp.com\\\/infos-droitshumains.net\\\/wp-content\\\/uploads\\\/2022\\\/05\\\/Logo.png?fit=333%2C129&ssl=1\",\"width\":333,\"height\":129,\"caption\":\"Infos Droits Humains\"},\"image\":{\"@id\":\"https:\\\/\\\/infos-droitshumains.net\\\/#\\\/schema\\\/logo\\\/image\\\/\"}},{\"@type\":\"Person\",\"@id\":\"https:\\\/\\\/infos-droitshumains.net\\\/#\\\/schema\\\/person\\\/3dc5e921c3302172e0ed4362f96faab7\",\"name\":\"Jo\u00ebl Diawa\",\"image\":{\"@type\":\"ImageObject\",\"inLanguage\":\"fr-FR\",\"@id\":\"https:\\\/\\\/secure.gravatar.com\\\/avatar\\\/729bea6ff4604c624417803c477363be8e3c7186deaa65713313f9b4b820f41c?s=96&d=mm&r=g\",\"url\":\"https:\\\/\\\/secure.gravatar.com\\\/avatar\\\/729bea6ff4604c624417803c477363be8e3c7186deaa65713313f9b4b820f41c?s=96&d=mm&r=g\",\"contentUrl\":\"https:\\\/\\\/secure.gravatar.com\\\/avatar\\\/729bea6ff4604c624417803c477363be8e3c7186deaa65713313f9b4b820f41c?s=96&d=mm&r=g\",\"caption\":\"Jo\u00ebl Diawa\"},\"sameAs\":[\"https:\\\/\\\/www.infos-droitshumains.net\"],\"url\":\"https:\\\/\\\/infos-droitshumains.net\\\/?author=2\"}]}<\/script>\n<!-- \/ Yoast SEO plugin. -->","yoast_head_json":{"title":"Apr\u00e8s la condamnation de Vital Kamerhe en appel, l'UNC pr\u00eate \u00e0 faire l'opposition \u00e0 F\u00e9lix Tshisekedi. - Infos Droits Humains","robots":{"index":"index","follow":"follow","max-snippet":"max-snippet:-1","max-image-preview":"max-image-preview:large","max-video-preview":"max-video-preview:-1"},"canonical":"https:\/\/infos-droitshumains.net\/?p=496","og_locale":"fr_FR","og_type":"article","og_title":"Apr\u00e8s la condamnation de Vital Kamerhe en appel, l'UNC pr\u00eate \u00e0 faire l'opposition \u00e0 F\u00e9lix Tshisekedi. - Infos Droits Humains","og_description":"Les r\u00e9centes sorties m\u00e9diatiques des cadres de l&rsquo;Union pour la Nation Congolaise avaient laisser une...","og_url":"https:\/\/infos-droitshumains.net\/?p=496","og_site_name":"Infos Droits Humains","article_published_time":"2021-06-15T23:30:32+00:00","article_modified_time":"2023-04-06T10:11:46+00:00","author":"Jo\u00ebl Diawa","twitter_card":"summary_large_image","twitter_misc":{"\u00c9crit par":"Jo\u00ebl Diawa","Dur\u00e9e de lecture estim\u00e9e":"2 minutes"},"schema":{"@context":"https:\/\/schema.org","@graph":[{"@type":"Article","@id":"https:\/\/infos-droitshumains.net\/?p=496#article","isPartOf":{"@id":"https:\/\/infos-droitshumains.net\/?p=496"},"author":{"name":"Jo\u00ebl Diawa","@id":"https:\/\/infos-droitshumains.net\/#\/schema\/person\/3dc5e921c3302172e0ed4362f96faab7"},"headline":"Apr\u00e8s la condamnation de Vital Kamerhe en appel, l&rsquo;UNC pr\u00eate \u00e0 faire l&rsquo;opposition \u00e0 F\u00e9lix Tshisekedi.","datePublished":"2021-06-15T23:30:32+00:00","dateModified":"2023-04-06T10:11:46+00:00","mainEntityOfPage":{"@id":"https:\/\/infos-droitshumains.net\/?p=496"},"wordCount":426,"commentCount":1,"publisher":{"@id":"https:\/\/infos-droitshumains.net\/#organization"},"inLanguage":"fr-FR","potentialAction":[{"@type":"CommentAction","name":"Comment","target":["https:\/\/infos-droitshumains.net\/?p=496#respond"]}]},{"@type":"WebPage","@id":"https:\/\/infos-droitshumains.net\/?p=496","url":"https:\/\/infos-droitshumains.net\/?p=496","name":"Apr\u00e8s la condamnation de Vital Kamerhe en appel, l'UNC pr\u00eate \u00e0 faire l'opposition \u00e0 F\u00e9lix Tshisekedi. - Infos Droits Humains","isPartOf":{"@id":"https:\/\/infos-droitshumains.net\/#website"},"datePublished":"2021-06-15T23:30:32+00:00","dateModified":"2023-04-06T10:11:46+00:00","breadcrumb":{"@id":"https:\/\/infos-droitshumains.net\/?p=496#breadcrumb"},"inLanguage":"fr-FR","potentialAction":[{"@type":"ReadAction","target":["https:\/\/infos-droitshumains.net\/?p=496"]}]},{"@type":"BreadcrumbList","@id":"https:\/\/infos-droitshumains.net\/?p=496#breadcrumb","itemListElement":[{"@type":"ListItem","position":1,"name":"Accueil","item":"https:\/\/infos-droitshumains.net\/"},{"@type":"ListItem","position":2,"name":"Apr\u00e8s la condamnation de Vital Kamerhe en appel, l&rsquo;UNC pr\u00eate \u00e0 faire l&rsquo;opposition \u00e0 F\u00e9lix Tshisekedi."}]},{"@type":"WebSite","@id":"https:\/\/infos-droitshumains.net\/#website","url":"https:\/\/infos-droitshumains.net\/","name":"Infos Droits Humains","description":"S&#039;informer est un droit","publisher":{"@id":"https:\/\/infos-droitshumains.net\/#organization"},"potentialAction":[{"@type":"SearchAction","target":{"@type":"EntryPoint","urlTemplate":"https:\/\/infos-droitshumains.net\/?s={search_term_string}"},"query-input":{"@type":"PropertyValueSpecification","valueRequired":true,"valueName":"search_term_string"}}],"inLanguage":"fr-FR"},{"@type":"Organization","@id":"https:\/\/infos-droitshumains.net\/#organization","name":"Infos Droits Humains","url":"https:\/\/infos-droitshumains.net\/","logo":{"@type":"ImageObject","inLanguage":"fr-FR","@id":"https:\/\/infos-droitshumains.net\/#\/schema\/logo\/image\/","url":"https:\/\/i0.wp.com\/infos-droitshumains.net\/wp-content\/uploads\/2022\/05\/Logo.png?fit=333%2C129&ssl=1","contentUrl":"https:\/\/i0.wp.com\/infos-droitshumains.net\/wp-content\/uploads\/2022\/05\/Logo.png?fit=333%2C129&ssl=1","width":333,"height":129,"caption":"Infos Droits Humains"},"image":{"@id":"https:\/\/infos-droitshumains.net\/#\/schema\/logo\/image\/"}},{"@type":"Person","@id":"https:\/\/infos-droitshumains.net\/#\/schema\/person\/3dc5e921c3302172e0ed4362f96faab7","name":"Jo\u00ebl Diawa","image":{"@type":"ImageObject","inLanguage":"fr-FR","@id":"https:\/\/secure.gravatar.com\/avatar\/729bea6ff4604c624417803c477363be8e3c7186deaa65713313f9b4b820f41c?s=96&d=mm&r=g","url":"https:\/\/secure.gravatar.com\/avatar\/729bea6ff4604c624417803c477363be8e3c7186deaa65713313f9b4b820f41c?s=96&d=mm&r=g","contentUrl":"https:\/\/secure.gravatar.com\/avatar\/729bea6ff4604c624417803c477363be8e3c7186deaa65713313f9b4b820f41c?s=96&d=mm&r=g","caption":"Jo\u00ebl Diawa"},"sameAs":["https:\/\/www.infos-droitshumains.net"],"url":"https:\/\/infos-droitshumains.net\/?author=2"}]}},"featured_image_urls":{"full":"","thumbnail":"","medium":"","medium_large":"","large":"","1536x1536":"","2048x2048":"","covernews-slider-full":"","covernews-slider-center":"","covernews-featured":"","covernews-medium":"","covernews-medium-square":""},"author_info":{"display_name":"Jo\u00ebl Diawa","author_link":"https:\/\/infos-droitshumains.net\/?author=2"},"category_info":"<a href=\"https:\/\/infos-droitshumains.net\/?cat=1\" rel=\"category\">Non class\u00e9<\/a>","tag_info":"Non class\u00e9","comment_count":"1","jetpack_featured_media_url":"","jetpack-related-posts":[],"jetpack_sharing_enabled":true,"_links":{"self":[{"href":"https:\/\/infos-droitshumains.net\/index.php?rest_route=\/wp\/v2\/posts\/496","targetHints":{"allow":["GET"]}}],"collection":[{"href":"https:\/\/infos-droitshumains.net\/index.php?rest_route=\/wp\/v2\/posts"}],"about":[{"href":"https:\/\/infos-droitshumains.net\/index.php?rest_route=\/wp\/v2\/types\/post"}],"author":[{"embeddable":true,"href":"https:\/\/infos-droitshumains.net\/index.php?rest_route=\/wp\/v2\/users\/2"}],"replies":[{"embeddable":true,"href":"https:\/\/infos-droitshumains.net\/index.php?rest_route=%2Fwp%2Fv2%2Fcomments&post=496"}],"version-history":[{"count":1,"href":"https:\/\/infos-droitshumains.net\/index.php?rest_route=\/wp\/v2\/posts\/496\/revisions"}],"predecessor-version":[{"id":498,"href":"https:\/\/infos-droitshumains.net\/index.php?rest_route=\/wp\/v2\/posts\/496\/revisions\/498"}],"wp:attachment":[{"href":"https:\/\/infos-droitshumains.net\/index.php?rest_route=%2Fwp%2Fv2%2Fmedia&parent=496"}],"wp:term":[{"taxonomy":"category","embeddable":true,"href":"https:\/\/infos-droitshumains.net\/index.php?rest_route=%2Fwp%2Fv2%2Fcategories&post=496"},{"taxonomy":"post_tag","embeddable":true,"href":"https:\/\/infos-droitshumains.net\/index.php?rest_route=%2Fwp%2Fv2%2Ftags&post=496"}],"curies":[{"name":"wp","href":"https:\/\/api.w.org\/{rel}","templated":true}]}}