{"id":4860,"date":"2022-09-02T16:17:29","date_gmt":"2022-09-02T14:17:29","guid":{"rendered":"https:\/\/infos-droitshumains.net\/?p=4860"},"modified":"2022-09-02T17:47:31","modified_gmt":"2022-09-02T15:47:31","slug":"lutte-contre-la-traite-des-personnes-en-rdc-lapltp-et-loim-au-front-pour-sensibiliser-les-prestataires-des-cliniques-juridiques","status":"publish","type":"post","link":"https:\/\/infos-droitshumains.net\/?p=4860","title":{"rendered":"Lutte contre la traite des personnes en RDC: L&rsquo;APLTP et l\u2019OIM au front pour sensibiliser les prestataires des cliniques juridiques"},"content":{"rendered":"\n<p><strong>R\u00e9daction:+243817406088<\/strong><\/p>\n\n\n\n<p>Apr\u00e8s l\u2019adoption de la loi sur la traite des personnes lors de la pr\u00e9c\u00e9dente session parlementaire, place \u00e0 pr\u00e9sent \u00e0 la sensibilisation. Ce vendredi 02 aout, un atelier de sensibilisation sur la traite des personnes a \u00e9t\u00e9 organis\u00e9 par l\u2019Agence pour la Pr\u00e9vention et la lutte contre la traite des personnes en partenariat et l\u2019Organisation Internationale pour les Migrations sous le th\u00e8me, <strong>\u00abLe r\u00f4le des BCG et des Cliniques Juridiques dans la lutte contre la traite des personnes\u00bb<\/strong>. Cet atelier \u00e9tait destin\u00e9 aux prestataires des cliniques juridiques de la RDC.<\/p>\n\n\n\n<figure class=\"wp-block-image alignfull size-full\"><img data-recalc-dims=\"1\" fetchpriority=\"high\" decoding=\"async\" width=\"640\" height=\"495\" src=\"https:\/\/i0.wp.com\/infos-droitshumains.net\/wp-content\/uploads\/2022\/09\/IMG_20220902_101146_361.jpg?resize=640%2C495&#038;ssl=1\" alt=\"\" class=\"wp-image-4875\" srcset=\"https:\/\/i0.wp.com\/infos-droitshumains.net\/wp-content\/uploads\/2022\/09\/IMG_20220902_101146_361.jpg?w=911&amp;ssl=1 911w, https:\/\/i0.wp.com\/infos-droitshumains.net\/wp-content\/uploads\/2022\/09\/IMG_20220902_101146_361.jpg?resize=300%2C232&amp;ssl=1 300w, https:\/\/i0.wp.com\/infos-droitshumains.net\/wp-content\/uploads\/2022\/09\/IMG_20220902_101146_361.jpg?resize=768%2C593&amp;ssl=1 768w\" sizes=\"(max-width: 640px) 100vw, 640px\" \/><\/figure>\n\n\n\n<p><em>\u00ab Il s\u2019agit pour nous de voir comment renforcer les capacit\u00e9s des d\u00e9fenseurs des Droits Humains \u00e0 Kinshasa. Ces derniers sont en contact quotidien avec les groupes les plus vuln\u00e9rables qui sont victimes des violations de leurs droits. Et souvent ces groupes vuln\u00e9rables qui n\u2019ont pas les moyens de payer les cabinets d\u2019avocats se retournent vers les d\u00e9fenseurs des Droits Humains au niveau des cliniques juridiques. Dans ces cliniques, nous avons beaucoup d\u2019acteurs qui ne savent pas c\u2019est quoi la traite des personnes. Il s\u2019agit pour nous de former ces acteurs-l\u00e0 de sorte que quand ils sont en pr\u00e9sence des victimes de traite des personnes, qu\u2019ils puissent les orienter, leurs encadrer, leur accorder une assistance juridique et judiciaire qui leur permettent r\u00e9ellement d\u2019avoir acc\u00e8s \u00e0 la justice entant que victimes de la traite des personnes\u00bb<\/em>, a dit Fils-Lien Ely Thelot, conseiller technique \u00e0 l&rsquo;OIM.<\/p>\n\n\n\n<figure class=\"wp-block-image alignfull size-full\"><img data-recalc-dims=\"1\" decoding=\"async\" width=\"640\" height=\"701\" src=\"https:\/\/i0.wp.com\/infos-droitshumains.net\/wp-content\/uploads\/2022\/09\/IMG-20220902-WA0020_2.jpg?resize=640%2C701&#038;ssl=1\" alt=\"\" class=\"wp-image-4868\" srcset=\"https:\/\/i0.wp.com\/infos-droitshumains.net\/wp-content\/uploads\/2022\/09\/IMG-20220902-WA0020_2.jpg?w=750&amp;ssl=1 750w, https:\/\/i0.wp.com\/infos-droitshumains.net\/wp-content\/uploads\/2022\/09\/IMG-20220902-WA0020_2.jpg?resize=274%2C300&amp;ssl=1 274w\" sizes=\"(max-width: 640px) 100vw, 640px\" \/><figcaption><strong>Fils-Lien Ely Thelot<\/strong><\/figcaption><\/figure>\n\n\n\n<p>Les prestataires des cliniques juridiques qui sont consid\u00e9r\u00e9s comme les acteurs de premi\u00e8re ligne dans la lutte traite des personnes se sont engag\u00e9s \u00e0 prendre cette affaire \u00e0 bras le corps. Me. Serge Tamundele coordonnateur national de la clinique juridique au Centre d\u2019expertise en Droits Humains et criminologie l\u2019a signifi\u00e9.<\/p>\n\n\n\n<p><em>\u00ab Le travail que nous faisons dans la communaut\u00e9, nous rencontrons beaucoup des situations de la traite des personnes. Nos prestataires devraient \u00eatre renforc\u00e9s en capacit\u00e9, avoir des informations les plus amples pour maitriser cette question. C\u2019est ainsi que nous organisons cette activit\u00e9 avec l\u2019appui de l\u2019Apltp et l\u2019OIM en faveur des prestataires des cliniques juridiques qui rassemble les avocats, les assistants sociaux, les psychologues et autres acteurs communautaires. Nous comprenons que nous sommes des acteurs de premi\u00e8re ligne, parce que notre travail est dans la communaut\u00e9. C\u2019est comme \u00e7a que nous avons demand\u00e9 que cette activit\u00e9 soit organis\u00e9e de sorte que les prestataires des cliniques juridiques puissent renforcer leurs capacit\u00e9s, bien cerner la question de la traite des personnes dans toutes ses dimensions pour bien travailler et am\u00e9liorer leur qualit\u00e9 de travail dans la communaut\u00e9 \u00bb.<\/em><\/p>\n\n\n\n<p>Fi\u00e8re d\u2019avoir sensibilis\u00e9 cette couche de la soci\u00e9t\u00e9, l\u2019Agence pour la Pr\u00e9vention et la Lutte contre la traite des personnes rappelle aux participants le nouveau r\u00f4le qu\u2019ils devront dor\u00e9navant jouer dans la soci\u00e9t\u00e9.<\/p>\n\n\n\n<p><em>\u00ab \u00c7a \u00e9t\u00e9 toujours \u00e9t\u00e9 une r\u00e9elle fiert\u00e9 pour nous lorsque nous devons aller vers le public et sensibiliser. Nous l\u2019avons fait avec plusieurs corps ; aujourd\u2019hui nous sommes l\u00e0 avec les bureaux de consultation gratuite et des cliniques juridiques pour leur rappeler qu\u2019ils ont un r\u00f4le et une responsabilit\u00e9 lorsque la victime vient vers eux pour avoir l\u2019assistance juridique et judiciaire \u00bb<\/em>, insiste Sylvie Ntumba, charg\u00e9 de sensibilisation \u00e0 l\u2019APLTP.<\/p>\n\n\n\n<figure class=\"wp-block-image size-full\"><img data-recalc-dims=\"1\" decoding=\"async\" width=\"640\" height=\"853\" src=\"https:\/\/i0.wp.com\/infos-droitshumains.net\/wp-content\/uploads\/2022\/09\/IMG-20220902-WA0021_1.jpg?resize=640%2C853&#038;ssl=1\" alt=\"\" class=\"wp-image-4871\" srcset=\"https:\/\/i0.wp.com\/infos-droitshumains.net\/wp-content\/uploads\/2022\/09\/IMG-20220902-WA0021_1.jpg?w=750&amp;ssl=1 750w, https:\/\/i0.wp.com\/infos-droitshumains.net\/wp-content\/uploads\/2022\/09\/IMG-20220902-WA0021_1.jpg?resize=225%2C300&amp;ssl=1 225w\" sizes=\"(max-width: 640px) 100vw, 640px\" \/><figcaption><strong>Sylvie Ntumba<\/strong><\/figcaption><\/figure>\n\n\n\n<p>Au cours de cet atelier, les panelistes ont \u00e9galement rappel\u00e9 aux participants comment ils devront exploiter les m\u00e9canismes de r\u00e9f\u00e9rencement de la victime de la traite des personne en R\u00e9publique D\u00e9mocratique du Congo.<\/p>\n\n\n\n<p><em>\u00ab Nous leurs disons que les victimes de traite des personnes ont des particularit\u00e9s \u00e0 connaitre, notamment les actes, les moyens et les finalit\u00e9s qui sont utilis\u00e9es pour les atteindre ; ensuite on leur a fait comprendre qu\u2019il a un m\u00e9canisme de r\u00e9f\u00e9rencement qui existe, des ressources financi\u00e8res qui sont disponible \u00e0 l\u2019OIM \u00e0 l\u2019aide de l\u2019USAID qui sont destin\u00e9es \u00e0 des victimes de traite des personnes \u00bb<\/em>, a soulign\u00e9 Fils-Lien Ely Thelot.<em> \u00abLes m\u00e9canismes de r\u00e9f\u00e9rencement de la victime de la traite des personne en R\u00e9publique D\u00e9mocratique du Congo servent \u00e0 ce que chaque acteur qui intervient dans la prise en charge de la victime puisse connaitre ses r\u00f4les et responsabilit\u00e9s. Dans ce document, le r\u00f4le de chaque acteur est d\u00e9termin\u00e9 \u00bb<\/em>, a rench\u00e9rit Sylvie Ntumba.<\/p>\n\n\n\n<p>Notons que cet atelier de sensibilisation sur la traite des personnes organis\u00e9 par l\u2019Agence pour la Pr\u00e9vention et la Lutte Contre la Traite des Personnes, en Collaboration avec l\u2019Organisation Internationale pour les Migrations est financ\u00e9 par l\u2019Agence Am\u00e9ricaine pour le D\u00e9veloppement, USAID.<\/p>\n\n\n\n<p>Jo\u00ebl Diawa<\/p>\n","protected":false},"excerpt":{"rendered":"<p>R\u00e9daction:+243817406088 Apr\u00e8s l\u2019adoption de la loi sur la traite des personnes lors de la pr\u00e9c\u00e9dente&#8230;<\/p>\n","protected":false},"author":2,"featured_media":4864,"comment_status":"open","ping_status":"open","sticky":false,"template":"","format":"standard","meta":{"_jetpack_memberships_contains_paid_content":false,"footnotes":""},"categories":[7],"tags":[],"class_list":["post-4860","post","type-post","status-publish","format-standard","has-post-thumbnail","hentry","category-droits-humains"],"yoast_head":"<!-- This site is optimized with the Yoast SEO plugin v27.5 - https:\/\/yoast.com\/product\/yoast-seo-wordpress\/ -->\n<title>Lutte contre la traite des personnes en RDC: L&#039;APLTP et l\u2019OIM au front pour sensibiliser les prestataires des cliniques juridiques - Infos Droits Humains<\/title>\n<meta name=\"robots\" content=\"index, follow, max-snippet:-1, max-image-preview:large, max-video-preview:-1\" \/>\n<link rel=\"canonical\" href=\"https:\/\/infos-droitshumains.net\/?p=4860\" \/>\n<meta property=\"og:locale\" content=\"fr_FR\" \/>\n<meta property=\"og:type\" content=\"article\" \/>\n<meta property=\"og:title\" content=\"Lutte contre la traite des personnes en RDC: L&#039;APLTP et l\u2019OIM au front pour sensibiliser les prestataires des cliniques juridiques - Infos Droits Humains\" \/>\n<meta property=\"og:description\" content=\"R\u00e9daction:+243817406088 Apr\u00e8s l\u2019adoption de la loi sur la traite des personnes lors de la pr\u00e9c\u00e9dente...\" \/>\n<meta property=\"og:url\" content=\"https:\/\/infos-droitshumains.net\/?p=4860\" \/>\n<meta property=\"og:site_name\" content=\"Infos Droits Humains\" \/>\n<meta property=\"article:published_time\" content=\"2022-09-02T14:17:29+00:00\" \/>\n<meta property=\"article:modified_time\" content=\"2022-09-02T15:47:31+00:00\" \/>\n<meta property=\"og:image\" content=\"https:\/\/i0.wp.com\/infos-droitshumains.net\/wp-content\/uploads\/2022\/09\/IMG_20220902_100725_865.jpg?fit=1040%2C780&ssl=1\" \/>\n\t<meta property=\"og:image:width\" content=\"1040\" \/>\n\t<meta property=\"og:image:height\" content=\"780\" \/>\n\t<meta property=\"og:image:type\" content=\"image\/jpeg\" \/>\n<meta name=\"author\" content=\"Jo\u00ebl Diawa\" \/>\n<meta name=\"twitter:card\" content=\"summary_large_image\" \/>\n<meta name=\"twitter:label1\" content=\"\u00c9crit par\" \/>\n\t<meta name=\"twitter:data1\" content=\"Jo\u00ebl Diawa\" \/>\n\t<meta name=\"twitter:label2\" content=\"Dur\u00e9e de lecture estim\u00e9e\" \/>\n\t<meta name=\"twitter:data2\" content=\"4 minutes\" \/>\n<script type=\"application\/ld+json\" class=\"yoast-schema-graph\">{\"@context\":\"https:\\\/\\\/schema.org\",\"@graph\":[{\"@type\":\"Article\",\"@id\":\"https:\\\/\\\/infos-droitshumains.net\\\/?p=4860#article\",\"isPartOf\":{\"@id\":\"https:\\\/\\\/infos-droitshumains.net\\\/?p=4860\"},\"author\":{\"name\":\"Jo\u00ebl Diawa\",\"@id\":\"https:\\\/\\\/infos-droitshumains.net\\\/#\\\/schema\\\/person\\\/3dc5e921c3302172e0ed4362f96faab7\"},\"headline\":\"Lutte contre la traite des personnes en RDC: L&rsquo;APLTP et l\u2019OIM au front pour sensibiliser les prestataires des cliniques juridiques\",\"datePublished\":\"2022-09-02T14:17:29+00:00\",\"dateModified\":\"2022-09-02T15:47:31+00:00\",\"mainEntityOfPage\":{\"@id\":\"https:\\\/\\\/infos-droitshumains.net\\\/?p=4860\"},\"wordCount\":825,\"commentCount\":0,\"publisher\":{\"@id\":\"https:\\\/\\\/infos-droitshumains.net\\\/#organization\"},\"image\":{\"@id\":\"https:\\\/\\\/infos-droitshumains.net\\\/?p=4860#primaryimage\"},\"thumbnailUrl\":\"https:\\\/\\\/i0.wp.com\\\/infos-droitshumains.net\\\/wp-content\\\/uploads\\\/2022\\\/09\\\/IMG_20220902_100725_865.jpg?fit=1040%2C780&ssl=1\",\"articleSection\":[\"Droits Humains\"],\"inLanguage\":\"fr-FR\",\"potentialAction\":[{\"@type\":\"CommentAction\",\"name\":\"Comment\",\"target\":[\"https:\\\/\\\/infos-droitshumains.net\\\/?p=4860#respond\"]}]},{\"@type\":\"WebPage\",\"@id\":\"https:\\\/\\\/infos-droitshumains.net\\\/?p=4860\",\"url\":\"https:\\\/\\\/infos-droitshumains.net\\\/?p=4860\",\"name\":\"Lutte contre la traite des personnes en RDC: L'APLTP et l\u2019OIM au front pour sensibiliser les prestataires des cliniques juridiques - Infos Droits Humains\",\"isPartOf\":{\"@id\":\"https:\\\/\\\/infos-droitshumains.net\\\/#website\"},\"primaryImageOfPage\":{\"@id\":\"https:\\\/\\\/infos-droitshumains.net\\\/?p=4860#primaryimage\"},\"image\":{\"@id\":\"https:\\\/\\\/infos-droitshumains.net\\\/?p=4860#primaryimage\"},\"thumbnailUrl\":\"https:\\\/\\\/i0.wp.com\\\/infos-droitshumains.net\\\/wp-content\\\/uploads\\\/2022\\\/09\\\/IMG_20220902_100725_865.jpg?fit=1040%2C780&ssl=1\",\"datePublished\":\"2022-09-02T14:17:29+00:00\",\"dateModified\":\"2022-09-02T15:47:31+00:00\",\"breadcrumb\":{\"@id\":\"https:\\\/\\\/infos-droitshumains.net\\\/?p=4860#breadcrumb\"},\"inLanguage\":\"fr-FR\",\"potentialAction\":[{\"@type\":\"ReadAction\",\"target\":[\"https:\\\/\\\/infos-droitshumains.net\\\/?p=4860\"]}]},{\"@type\":\"ImageObject\",\"inLanguage\":\"fr-FR\",\"@id\":\"https:\\\/\\\/infos-droitshumains.net\\\/?p=4860#primaryimage\",\"url\":\"https:\\\/\\\/i0.wp.com\\\/infos-droitshumains.net\\\/wp-content\\\/uploads\\\/2022\\\/09\\\/IMG_20220902_100725_865.jpg?fit=1040%2C780&ssl=1\",\"contentUrl\":\"https:\\\/\\\/i0.wp.com\\\/infos-droitshumains.net\\\/wp-content\\\/uploads\\\/2022\\\/09\\\/IMG_20220902_100725_865.jpg?fit=1040%2C780&ssl=1\",\"width\":1040,\"height\":780},{\"@type\":\"BreadcrumbList\",\"@id\":\"https:\\\/\\\/infos-droitshumains.net\\\/?p=4860#breadcrumb\",\"itemListElement\":[{\"@type\":\"ListItem\",\"position\":1,\"name\":\"Accueil\",\"item\":\"https:\\\/\\\/infos-droitshumains.net\\\/\"},{\"@type\":\"ListItem\",\"position\":2,\"name\":\"Lutte contre la traite des personnes en RDC: L&rsquo;APLTP et l\u2019OIM au front pour sensibiliser les prestataires des cliniques juridiques\"}]},{\"@type\":\"WebSite\",\"@id\":\"https:\\\/\\\/infos-droitshumains.net\\\/#website\",\"url\":\"https:\\\/\\\/infos-droitshumains.net\\\/\",\"name\":\"Infos Droits Humains\",\"description\":\"S&#039;informer est un droit\",\"publisher\":{\"@id\":\"https:\\\/\\\/infos-droitshumains.net\\\/#organization\"},\"potentialAction\":[{\"@type\":\"SearchAction\",\"target\":{\"@type\":\"EntryPoint\",\"urlTemplate\":\"https:\\\/\\\/infos-droitshumains.net\\\/?s={search_term_string}\"},\"query-input\":{\"@type\":\"PropertyValueSpecification\",\"valueRequired\":true,\"valueName\":\"search_term_string\"}}],\"inLanguage\":\"fr-FR\"},{\"@type\":\"Organization\",\"@id\":\"https:\\\/\\\/infos-droitshumains.net\\\/#organization\",\"name\":\"Infos Droits Humains\",\"url\":\"https:\\\/\\\/infos-droitshumains.net\\\/\",\"logo\":{\"@type\":\"ImageObject\",\"inLanguage\":\"fr-FR\",\"@id\":\"https:\\\/\\\/infos-droitshumains.net\\\/#\\\/schema\\\/logo\\\/image\\\/\",\"url\":\"https:\\\/\\\/i0.wp.com\\\/infos-droitshumains.net\\\/wp-content\\\/uploads\\\/2022\\\/05\\\/Logo.png?fit=333%2C129&ssl=1\",\"contentUrl\":\"https:\\\/\\\/i0.wp.com\\\/infos-droitshumains.net\\\/wp-content\\\/uploads\\\/2022\\\/05\\\/Logo.png?fit=333%2C129&ssl=1\",\"width\":333,\"height\":129,\"caption\":\"Infos Droits Humains\"},\"image\":{\"@id\":\"https:\\\/\\\/infos-droitshumains.net\\\/#\\\/schema\\\/logo\\\/image\\\/\"}},{\"@type\":\"Person\",\"@id\":\"https:\\\/\\\/infos-droitshumains.net\\\/#\\\/schema\\\/person\\\/3dc5e921c3302172e0ed4362f96faab7\",\"name\":\"Jo\u00ebl Diawa\",\"image\":{\"@type\":\"ImageObject\",\"inLanguage\":\"fr-FR\",\"@id\":\"https:\\\/\\\/secure.gravatar.com\\\/avatar\\\/729bea6ff4604c624417803c477363be8e3c7186deaa65713313f9b4b820f41c?s=96&d=mm&r=g\",\"url\":\"https:\\\/\\\/secure.gravatar.com\\\/avatar\\\/729bea6ff4604c624417803c477363be8e3c7186deaa65713313f9b4b820f41c?s=96&d=mm&r=g\",\"contentUrl\":\"https:\\\/\\\/secure.gravatar.com\\\/avatar\\\/729bea6ff4604c624417803c477363be8e3c7186deaa65713313f9b4b820f41c?s=96&d=mm&r=g\",\"caption\":\"Jo\u00ebl Diawa\"},\"sameAs\":[\"https:\\\/\\\/www.infos-droitshumains.net\"],\"url\":\"https:\\\/\\\/infos-droitshumains.net\\\/?author=2\"}]}<\/script>\n<!-- \/ Yoast SEO plugin. -->","yoast_head_json":{"title":"Lutte contre la traite des personnes en RDC: L'APLTP et l\u2019OIM au front pour sensibiliser les prestataires des cliniques juridiques - Infos Droits Humains","robots":{"index":"index","follow":"follow","max-snippet":"max-snippet:-1","max-image-preview":"max-image-preview:large","max-video-preview":"max-video-preview:-1"},"canonical":"https:\/\/infos-droitshumains.net\/?p=4860","og_locale":"fr_FR","og_type":"article","og_title":"Lutte contre la traite des personnes en RDC: L'APLTP et l\u2019OIM au front pour sensibiliser les prestataires des cliniques juridiques - Infos Droits Humains","og_description":"R\u00e9daction:+243817406088 Apr\u00e8s l\u2019adoption de la loi sur la traite des personnes lors de la pr\u00e9c\u00e9dente...","og_url":"https:\/\/infos-droitshumains.net\/?p=4860","og_site_name":"Infos Droits Humains","article_published_time":"2022-09-02T14:17:29+00:00","article_modified_time":"2022-09-02T15:47:31+00:00","og_image":[{"width":1040,"height":780,"url":"https:\/\/i0.wp.com\/infos-droitshumains.net\/wp-content\/uploads\/2022\/09\/IMG_20220902_100725_865.jpg?fit=1040%2C780&ssl=1","type":"image\/jpeg"}],"author":"Jo\u00ebl Diawa","twitter_card":"summary_large_image","twitter_misc":{"\u00c9crit par":"Jo\u00ebl Diawa","Dur\u00e9e de lecture estim\u00e9e":"4 minutes"},"schema":{"@context":"https:\/\/schema.org","@graph":[{"@type":"Article","@id":"https:\/\/infos-droitshumains.net\/?p=4860#article","isPartOf":{"@id":"https:\/\/infos-droitshumains.net\/?p=4860"},"author":{"name":"Jo\u00ebl Diawa","@id":"https:\/\/infos-droitshumains.net\/#\/schema\/person\/3dc5e921c3302172e0ed4362f96faab7"},"headline":"Lutte contre la traite des personnes en RDC: L&rsquo;APLTP et l\u2019OIM au front pour sensibiliser les prestataires des cliniques juridiques","datePublished":"2022-09-02T14:17:29+00:00","dateModified":"2022-09-02T15:47:31+00:00","mainEntityOfPage":{"@id":"https:\/\/infos-droitshumains.net\/?p=4860"},"wordCount":825,"commentCount":0,"publisher":{"@id":"https:\/\/infos-droitshumains.net\/#organization"},"image":{"@id":"https:\/\/infos-droitshumains.net\/?p=4860#primaryimage"},"thumbnailUrl":"https:\/\/i0.wp.com\/infos-droitshumains.net\/wp-content\/uploads\/2022\/09\/IMG_20220902_100725_865.jpg?fit=1040%2C780&ssl=1","articleSection":["Droits Humains"],"inLanguage":"fr-FR","potentialAction":[{"@type":"CommentAction","name":"Comment","target":["https:\/\/infos-droitshumains.net\/?p=4860#respond"]}]},{"@type":"WebPage","@id":"https:\/\/infos-droitshumains.net\/?p=4860","url":"https:\/\/infos-droitshumains.net\/?p=4860","name":"Lutte contre la traite des personnes en RDC: L'APLTP et l\u2019OIM au front pour sensibiliser les prestataires des cliniques juridiques - Infos Droits Humains","isPartOf":{"@id":"https:\/\/infos-droitshumains.net\/#website"},"primaryImageOfPage":{"@id":"https:\/\/infos-droitshumains.net\/?p=4860#primaryimage"},"image":{"@id":"https:\/\/infos-droitshumains.net\/?p=4860#primaryimage"},"thumbnailUrl":"https:\/\/i0.wp.com\/infos-droitshumains.net\/wp-content\/uploads\/2022\/09\/IMG_20220902_100725_865.jpg?fit=1040%2C780&ssl=1","datePublished":"2022-09-02T14:17:29+00:00","dateModified":"2022-09-02T15:47:31+00:00","breadcrumb":{"@id":"https:\/\/infos-droitshumains.net\/?p=4860#breadcrumb"},"inLanguage":"fr-FR","potentialAction":[{"@type":"ReadAction","target":["https:\/\/infos-droitshumains.net\/?p=4860"]}]},{"@type":"ImageObject","inLanguage":"fr-FR","@id":"https:\/\/infos-droitshumains.net\/?p=4860#primaryimage","url":"https:\/\/i0.wp.com\/infos-droitshumains.net\/wp-content\/uploads\/2022\/09\/IMG_20220902_100725_865.jpg?fit=1040%2C780&ssl=1","contentUrl":"https:\/\/i0.wp.com\/infos-droitshumains.net\/wp-content\/uploads\/2022\/09\/IMG_20220902_100725_865.jpg?fit=1040%2C780&ssl=1","width":1040,"height":780},{"@type":"BreadcrumbList","@id":"https:\/\/infos-droitshumains.net\/?p=4860#breadcrumb","itemListElement":[{"@type":"ListItem","position":1,"name":"Accueil","item":"https:\/\/infos-droitshumains.net\/"},{"@type":"ListItem","position":2,"name":"Lutte contre la traite des personnes en RDC: L&rsquo;APLTP et l\u2019OIM au front pour sensibiliser les prestataires des cliniques juridiques"}]},{"@type":"WebSite","@id":"https:\/\/infos-droitshumains.net\/#website","url":"https:\/\/infos-droitshumains.net\/","name":"Infos Droits Humains","description":"S&#039;informer est un droit","publisher":{"@id":"https:\/\/infos-droitshumains.net\/#organization"},"potentialAction":[{"@type":"SearchAction","target":{"@type":"EntryPoint","urlTemplate":"https:\/\/infos-droitshumains.net\/?s={search_term_string}"},"query-input":{"@type":"PropertyValueSpecification","valueRequired":true,"valueName":"search_term_string"}}],"inLanguage":"fr-FR"},{"@type":"Organization","@id":"https:\/\/infos-droitshumains.net\/#organization","name":"Infos Droits Humains","url":"https:\/\/infos-droitshumains.net\/","logo":{"@type":"ImageObject","inLanguage":"fr-FR","@id":"https:\/\/infos-droitshumains.net\/#\/schema\/logo\/image\/","url":"https:\/\/i0.wp.com\/infos-droitshumains.net\/wp-content\/uploads\/2022\/05\/Logo.png?fit=333%2C129&ssl=1","contentUrl":"https:\/\/i0.wp.com\/infos-droitshumains.net\/wp-content\/uploads\/2022\/05\/Logo.png?fit=333%2C129&ssl=1","width":333,"height":129,"caption":"Infos Droits Humains"},"image":{"@id":"https:\/\/infos-droitshumains.net\/#\/schema\/logo\/image\/"}},{"@type":"Person","@id":"https:\/\/infos-droitshumains.net\/#\/schema\/person\/3dc5e921c3302172e0ed4362f96faab7","name":"Jo\u00ebl Diawa","image":{"@type":"ImageObject","inLanguage":"fr-FR","@id":"https:\/\/secure.gravatar.com\/avatar\/729bea6ff4604c624417803c477363be8e3c7186deaa65713313f9b4b820f41c?s=96&d=mm&r=g","url":"https:\/\/secure.gravatar.com\/avatar\/729bea6ff4604c624417803c477363be8e3c7186deaa65713313f9b4b820f41c?s=96&d=mm&r=g","contentUrl":"https:\/\/secure.gravatar.com\/avatar\/729bea6ff4604c624417803c477363be8e3c7186deaa65713313f9b4b820f41c?s=96&d=mm&r=g","caption":"Jo\u00ebl Diawa"},"sameAs":["https:\/\/www.infos-droitshumains.net"],"url":"https:\/\/infos-droitshumains.net\/?author=2"}]}},"featured_image_urls":{"full":["https:\/\/i0.wp.com\/infos-droitshumains.net\/wp-content\/uploads\/2022\/09\/IMG_20220902_100725_865.jpg?fit=1040%2C780&ssl=1",1040,780,false],"thumbnail":["https:\/\/i0.wp.com\/infos-droitshumains.net\/wp-content\/uploads\/2022\/09\/IMG_20220902_100725_865.jpg?resize=150%2C150&ssl=1",150,150,true],"medium":["https:\/\/i0.wp.com\/infos-droitshumains.net\/wp-content\/uploads\/2022\/09\/IMG_20220902_100725_865.jpg?fit=300%2C225&ssl=1",300,225,true],"medium_large":["https:\/\/i0.wp.com\/infos-droitshumains.net\/wp-content\/uploads\/2022\/09\/IMG_20220902_100725_865.jpg?fit=640%2C480&ssl=1",640,480,true],"large":["https:\/\/i0.wp.com\/infos-droitshumains.net\/wp-content\/uploads\/2022\/09\/IMG_20220902_100725_865.jpg?fit=640%2C480&ssl=1",640,480,true],"1536x1536":["https:\/\/i0.wp.com\/infos-droitshumains.net\/wp-content\/uploads\/2022\/09\/IMG_20220902_100725_865.jpg?fit=1040%2C780&ssl=1",1040,780,true],"2048x2048":["https:\/\/i0.wp.com\/infos-droitshumains.net\/wp-content\/uploads\/2022\/09\/IMG_20220902_100725_865.jpg?fit=1040%2C780&ssl=1",1040,780,true],"covernews-slider-full":["https:\/\/i0.wp.com\/infos-droitshumains.net\/wp-content\/uploads\/2022\/09\/IMG_20220902_100725_865.jpg?resize=1040%2C715&ssl=1",1040,715,true],"covernews-slider-center":["https:\/\/i0.wp.com\/infos-droitshumains.net\/wp-content\/uploads\/2022\/09\/IMG_20220902_100725_865.jpg?resize=800%2C500&ssl=1",800,500,true],"covernews-featured":["https:\/\/i0.wp.com\/infos-droitshumains.net\/wp-content\/uploads\/2022\/09\/IMG_20220902_100725_865.jpg?fit=1024%2C768&ssl=1",1024,768,true],"covernews-medium":["https:\/\/i0.wp.com\/infos-droitshumains.net\/wp-content\/uploads\/2022\/09\/IMG_20220902_100725_865.jpg?resize=540%2C340&ssl=1",540,340,true],"covernews-medium-square":["https:\/\/i0.wp.com\/infos-droitshumains.net\/wp-content\/uploads\/2022\/09\/IMG_20220902_100725_865.jpg?resize=400%2C250&ssl=1",400,250,true]},"author_info":{"display_name":"Jo\u00ebl Diawa","author_link":"https:\/\/infos-droitshumains.net\/?author=2"},"category_info":"<a href=\"https:\/\/infos-droitshumains.net\/?cat=7\" rel=\"category\">Droits Humains<\/a>","tag_info":"Droits Humains","comment_count":"0","jetpack_featured_media_url":"https:\/\/i0.wp.com\/infos-droitshumains.net\/wp-content\/uploads\/2022\/09\/IMG_20220902_100725_865.jpg?fit=1040%2C780&ssl=1","jetpack-related-posts":[],"jetpack_sharing_enabled":true,"_links":{"self":[{"href":"https:\/\/infos-droitshumains.net\/index.php?rest_route=\/wp\/v2\/posts\/4860","targetHints":{"allow":["GET"]}}],"collection":[{"href":"https:\/\/infos-droitshumains.net\/index.php?rest_route=\/wp\/v2\/posts"}],"about":[{"href":"https:\/\/infos-droitshumains.net\/index.php?rest_route=\/wp\/v2\/types\/post"}],"author":[{"embeddable":true,"href":"https:\/\/infos-droitshumains.net\/index.php?rest_route=\/wp\/v2\/users\/2"}],"replies":[{"embeddable":true,"href":"https:\/\/infos-droitshumains.net\/index.php?rest_route=%2Fwp%2Fv2%2Fcomments&post=4860"}],"version-history":[{"count":11,"href":"https:\/\/infos-droitshumains.net\/index.php?rest_route=\/wp\/v2\/posts\/4860\/revisions"}],"predecessor-version":[{"id":4876,"href":"https:\/\/infos-droitshumains.net\/index.php?rest_route=\/wp\/v2\/posts\/4860\/revisions\/4876"}],"wp:featuredmedia":[{"embeddable":true,"href":"https:\/\/infos-droitshumains.net\/index.php?rest_route=\/wp\/v2\/media\/4864"}],"wp:attachment":[{"href":"https:\/\/infos-droitshumains.net\/index.php?rest_route=%2Fwp%2Fv2%2Fmedia&parent=4860"}],"wp:term":[{"taxonomy":"category","embeddable":true,"href":"https:\/\/infos-droitshumains.net\/index.php?rest_route=%2Fwp%2Fv2%2Fcategories&post=4860"},{"taxonomy":"post_tag","embeddable":true,"href":"https:\/\/infos-droitshumains.net\/index.php?rest_route=%2Fwp%2Fv2%2Ftags&post=4860"}],"curies":[{"name":"wp","href":"https:\/\/api.w.org\/{rel}","templated":true}]}}