{"id":4823,"date":"2022-08-30T19:14:19","date_gmt":"2022-08-30T17:14:19","guid":{"rendered":"https:\/\/infos-droitshumains.net\/?p=4823"},"modified":"2022-08-30T19:37:36","modified_gmt":"2022-08-30T17:37:36","slug":"comment-les-deputes-nationaux-de-lecide-qui-versent-le-un-dixieme-de-leurs-emoluments-a-la-caisse-du-parti-nont-ils-pas-pu-faire-mention-de-la-revue-a-la-hausse-de-leur-remuneratio","status":"publish","type":"post","link":"https:\/\/infos-droitshumains.net\/?p=4823","title":{"rendered":"Indignation, sortie m\u00e9diatique hasardeuse, affabulations lunaires! Thierry Monsenempwo r\u00e9pond limpidement \u00e0 Martin Fayulu au sujet des \u00e9moluments des d\u00e9put\u00e9s nationaux"},"content":{"rendered":"\n<p><strong>R\u00e9daction:+243817406088<\/strong><\/p>\n\n\n\n<p><em><strong>\u00abComment les d\u00e9put\u00e9s nationaux de l\u2019ECIDE, qui versent le un dixi\u00e8me de leurs \u00e9moluments \u00e0 la caisse du parti, n\u2019ont-ils pas pu faire mention de la revue \u00e0 la hausse de leur r\u00e9mun\u00e9ration depuis le mois de janvier pour que Fayulu s\u2019exprime sur ce qui se raconte dans les r\u00e9seaux sociaux\u00bb.<\/strong><\/em><\/p>\n\n\n\n<p>Par Jean-Thierry Monsenepwo, membre de l\u2019Union sacr\u00e9e de la Nation<\/p>\n\n\n\n<p>Je me vois dans l\u2019obligation d\u2019utiliser le m\u00eame canal des m\u00e9dias mainstream pour faire part de mon indignation face \u00e0 la sortie m\u00e9diatique hasardeuse de l\u2019honorable Martin Fayulu, qui a \u00e9mis un communiqu\u00e9 de presse sign\u00e9 de sa propre main sur base des sp\u00e9culations les plus surr\u00e9alistes qui occupent ceux qui ont du temps \u00e0 perdre sur les r\u00e9seaux sociaux.<\/p>\n\n\n\n<p>Nous avons tous appris ces affabulations lunaires faisant \u00e9tat de sommes vertigineuses qui seraient ind\u00fbment vers\u00e9es aux \u00e9lus nationaux au m\u00e9pris de la loi des finances. Lesdites \u00e9lucubrations \u00e9taient d\u2019autant plus excessives qu\u2019elles attribuaient jusqu\u2019\u00e0 3 millions de dollars am\u00e9ricains de rente mensuelle de survie au Pr\u00e9sident de l\u2019Assembl\u00e9e nationale, pr\u00e8s d\u2019un million par membre du bureau Mboso et des \u00e9moluments d\u2019une hauteur de 21.000 dollars mensuels par d\u00e9put\u00e9 national, sans compter une rondelette somme de 65.000 dollars am\u00e9ricains qui aurait \u00e9t\u00e9 remise \u00e0 chaque d\u00e9put\u00e9 national au titre de viatique pour les vacances parlementaires.<\/p>\n\n\n\n<p>En tout \u00e9tat de causes, ce pav\u00e9 jet\u00e9 dans la marre par un bloggeur en cavale, sans la moindre \u00e9laboration de preuves, semble avoir trouv\u00e9 un \u00e9cho aupr\u00e8s de l\u2019une des plus grosses pointures de l\u2019opposition politique congolaise, qui s\u2019en est servie pour faire feu de tout bois. Pour \u00eatre sinc\u00e8re, je pensais qu\u2019il serait de bonne guerre pour les commentateurs de l\u2019opposition de se servir au conditionnel de ce canular pour ruer sur les brancards. Jamais je ne pouvais imaginer que, du haut de son pi\u00e9destal, l\u2019Honorable Martin Fayulu se m\u00eale de cette querelle des chiffonniers.<\/p>\n\n\n\n<p>De deux choses l\u2019une : soit que l\u2019honorable Martin Fayulu ne connait pas sa v\u00e9ritable valeur politique, soit que les \u00e9lecteurs ont eu tort de le surestimer en faisant de lui le deuxi\u00e8me meilleur \u00e9lu de la derni\u00e8re pr\u00e9sidentielle, ce qui lui conf\u00e8re de fait un statut de patron de l\u2019opposition politique.<br>Tenez, en sa qualit\u00e9 de Pr\u00e9sident du parti politique ECIDE, l\u2019honorable Martin Fayulu est cens\u00e9 avoir la main haute sur pas moins de 5 d\u00e9put\u00e9s nationaux qu\u2019il ne peut pas se permettre de soup\u00e7onner de la moindre connivence avec le pouvoir. Comment les d\u00e9put\u00e9s nationaux de l\u2019ECIDE, qui du reste versent le un dixi\u00e8me de leurs \u00e9moluments \u00e0 la caisse du parti, n\u2019ont-ils pas pu faire mention de la revue \u00e0 la hausse de leur r\u00e9mun\u00e9ration depuis le mois de janvier, pour que le Pr\u00e9sident pl\u00e9nipotentiaire de ce parti en soit r\u00e9duit \u00e0 apprendre comme tout le monde par les r\u00e9seaux sociaux que les salaires des d\u00e9put\u00e9s auraient brusquement bondi de 100% depuis le d\u00e9but de cette ann\u00e9e ? Le communiqu\u00e9 de l\u2019honorable Martin Fayulu constituerait-il un d\u00e9saveu pour tous les D\u00e9put\u00e9s \u00e9lus sous la banni\u00e8re de la Dynamique de l\u2019Opposition (D.O) qui auraient ainsi immoralement dissimul\u00e9 leurs revenus exc\u00e9dentaires pendant huit longs mois ?<br>Visiblement, l\u2019honorable Fayulu vient de rater une occasion de se taire. Il est vrai que c\u2019est ennuyeux pour un leader de l\u2019opposition d\u2019\u00eatre coup\u00e9 de ses principaux soutiens et, en cons\u00e9quence, de ne plus \u00eatre en mesure de tenir la drag\u00e9e haute \u00e0 un pouvoir constamment connect\u00e9 aux couches populaires. Cependant, cette carence d\u2019onction populaire ne devrait gu\u00e8re obliger l\u2019\u00e9lu national de la Lukunga \u00e0 faire une aussi dangereuse sortie de piste, susceptible de lui faire perdre le peu de cr\u00e9dit dont il pouvait encore b\u00e9n\u00e9ficier de la part des personnes normalement constitu\u00e9es.<\/p>\n\n\n\n<p>Si je pouvais avoir la possibilit\u00e9 de lui adresser un mot, ce serait de lui dire : <em><strong>\u00abNon honorable Fayulu, vous pouvez faire mieux que r\u00e9chauffer les vieilles recettes moisies du populisme ringards \u00bb.<\/strong><\/em><\/p>\n\n\n\n<p>JEAN THIERRY MONSENEPWO MOTOTO<\/p>\n","protected":false},"excerpt":{"rendered":"<p>R\u00e9daction:+243817406088 \u00abComment les d\u00e9put\u00e9s nationaux de l\u2019ECIDE, qui versent le un dixi\u00e8me de leurs \u00e9moluments&#8230;<\/p>\n","protected":false},"author":2,"featured_media":4831,"comment_status":"open","ping_status":"open","sticky":false,"template":"","format":"standard","meta":{"_jetpack_memberships_contains_paid_content":false,"footnotes":""},"categories":[3],"tags":[],"class_list":["post-4823","post","type-post","status-publish","format-standard","has-post-thumbnail","hentry","category-politique"],"yoast_head":"<!-- This site is optimized with the Yoast SEO plugin v27.5 - https:\/\/yoast.com\/product\/yoast-seo-wordpress\/ -->\n<title>Indignation, sortie m\u00e9diatique hasardeuse, affabulations lunaires! Thierry Monsenempwo r\u00e9pond limpidement \u00e0 Martin Fayulu au sujet des \u00e9moluments des d\u00e9put\u00e9s nationaux - Infos Droits Humains<\/title>\n<meta name=\"robots\" content=\"index, follow, max-snippet:-1, max-image-preview:large, max-video-preview:-1\" \/>\n<link rel=\"canonical\" href=\"https:\/\/infos-droitshumains.net\/?p=4823\" \/>\n<meta property=\"og:locale\" content=\"fr_FR\" \/>\n<meta property=\"og:type\" content=\"article\" \/>\n<meta property=\"og:title\" content=\"Indignation, sortie m\u00e9diatique hasardeuse, affabulations lunaires! Thierry Monsenempwo r\u00e9pond limpidement \u00e0 Martin Fayulu au sujet des \u00e9moluments des d\u00e9put\u00e9s nationaux - Infos Droits Humains\" \/>\n<meta property=\"og:description\" content=\"R\u00e9daction:+243817406088 \u00abComment les d\u00e9put\u00e9s nationaux de l\u2019ECIDE, qui versent le un dixi\u00e8me de leurs \u00e9moluments...\" \/>\n<meta property=\"og:url\" content=\"https:\/\/infos-droitshumains.net\/?p=4823\" \/>\n<meta property=\"og:site_name\" content=\"Infos Droits Humains\" \/>\n<meta property=\"article:published_time\" content=\"2022-08-30T17:14:19+00:00\" \/>\n<meta property=\"article:modified_time\" content=\"2022-08-30T17:37:36+00:00\" \/>\n<meta property=\"og:image\" content=\"https:\/\/i0.wp.com\/infos-droitshumains.net\/wp-content\/uploads\/2022\/08\/inCollage_20220830_182050721.jpg?fit=960%2C758&ssl=1\" \/>\n\t<meta property=\"og:image:width\" content=\"960\" \/>\n\t<meta property=\"og:image:height\" content=\"758\" \/>\n\t<meta property=\"og:image:type\" content=\"image\/jpeg\" \/>\n<meta name=\"author\" content=\"Jo\u00ebl Diawa\" \/>\n<meta name=\"twitter:card\" content=\"summary_large_image\" \/>\n<meta name=\"twitter:label1\" content=\"\u00c9crit par\" \/>\n\t<meta name=\"twitter:data1\" content=\"Jo\u00ebl Diawa\" \/>\n\t<meta name=\"twitter:label2\" content=\"Dur\u00e9e de lecture estim\u00e9e\" \/>\n\t<meta name=\"twitter:data2\" content=\"4 minutes\" \/>\n<script type=\"application\/ld+json\" class=\"yoast-schema-graph\">{\"@context\":\"https:\\\/\\\/schema.org\",\"@graph\":[{\"@type\":\"Article\",\"@id\":\"https:\\\/\\\/infos-droitshumains.net\\\/?p=4823#article\",\"isPartOf\":{\"@id\":\"https:\\\/\\\/infos-droitshumains.net\\\/?p=4823\"},\"author\":{\"name\":\"Jo\u00ebl Diawa\",\"@id\":\"https:\\\/\\\/infos-droitshumains.net\\\/#\\\/schema\\\/person\\\/3dc5e921c3302172e0ed4362f96faab7\"},\"headline\":\"Indignation, sortie m\u00e9diatique hasardeuse, affabulations lunaires! Thierry Monsenempwo r\u00e9pond limpidement \u00e0 Martin Fayulu au sujet des \u00e9moluments des d\u00e9put\u00e9s nationaux\",\"datePublished\":\"2022-08-30T17:14:19+00:00\",\"dateModified\":\"2022-08-30T17:37:36+00:00\",\"mainEntityOfPage\":{\"@id\":\"https:\\\/\\\/infos-droitshumains.net\\\/?p=4823\"},\"wordCount\":752,\"commentCount\":0,\"publisher\":{\"@id\":\"https:\\\/\\\/infos-droitshumains.net\\\/#organization\"},\"image\":{\"@id\":\"https:\\\/\\\/infos-droitshumains.net\\\/?p=4823#primaryimage\"},\"thumbnailUrl\":\"https:\\\/\\\/i0.wp.com\\\/infos-droitshumains.net\\\/wp-content\\\/uploads\\\/2022\\\/08\\\/inCollage_20220830_182050721.jpg?fit=960%2C758&ssl=1\",\"articleSection\":[\"Politique\"],\"inLanguage\":\"fr-FR\",\"potentialAction\":[{\"@type\":\"CommentAction\",\"name\":\"Comment\",\"target\":[\"https:\\\/\\\/infos-droitshumains.net\\\/?p=4823#respond\"]}]},{\"@type\":\"WebPage\",\"@id\":\"https:\\\/\\\/infos-droitshumains.net\\\/?p=4823\",\"url\":\"https:\\\/\\\/infos-droitshumains.net\\\/?p=4823\",\"name\":\"Indignation, sortie m\u00e9diatique hasardeuse, affabulations lunaires! Thierry Monsenempwo r\u00e9pond limpidement \u00e0 Martin Fayulu au sujet des \u00e9moluments des d\u00e9put\u00e9s nationaux - Infos Droits Humains\",\"isPartOf\":{\"@id\":\"https:\\\/\\\/infos-droitshumains.net\\\/#website\"},\"primaryImageOfPage\":{\"@id\":\"https:\\\/\\\/infos-droitshumains.net\\\/?p=4823#primaryimage\"},\"image\":{\"@id\":\"https:\\\/\\\/infos-droitshumains.net\\\/?p=4823#primaryimage\"},\"thumbnailUrl\":\"https:\\\/\\\/i0.wp.com\\\/infos-droitshumains.net\\\/wp-content\\\/uploads\\\/2022\\\/08\\\/inCollage_20220830_182050721.jpg?fit=960%2C758&ssl=1\",\"datePublished\":\"2022-08-30T17:14:19+00:00\",\"dateModified\":\"2022-08-30T17:37:36+00:00\",\"breadcrumb\":{\"@id\":\"https:\\\/\\\/infos-droitshumains.net\\\/?p=4823#breadcrumb\"},\"inLanguage\":\"fr-FR\",\"potentialAction\":[{\"@type\":\"ReadAction\",\"target\":[\"https:\\\/\\\/infos-droitshumains.net\\\/?p=4823\"]}]},{\"@type\":\"ImageObject\",\"inLanguage\":\"fr-FR\",\"@id\":\"https:\\\/\\\/infos-droitshumains.net\\\/?p=4823#primaryimage\",\"url\":\"https:\\\/\\\/i0.wp.com\\\/infos-droitshumains.net\\\/wp-content\\\/uploads\\\/2022\\\/08\\\/inCollage_20220830_182050721.jpg?fit=960%2C758&ssl=1\",\"contentUrl\":\"https:\\\/\\\/i0.wp.com\\\/infos-droitshumains.net\\\/wp-content\\\/uploads\\\/2022\\\/08\\\/inCollage_20220830_182050721.jpg?fit=960%2C758&ssl=1\",\"width\":960,\"height\":758},{\"@type\":\"BreadcrumbList\",\"@id\":\"https:\\\/\\\/infos-droitshumains.net\\\/?p=4823#breadcrumb\",\"itemListElement\":[{\"@type\":\"ListItem\",\"position\":1,\"name\":\"Accueil\",\"item\":\"https:\\\/\\\/infos-droitshumains.net\\\/\"},{\"@type\":\"ListItem\",\"position\":2,\"name\":\"Indignation, sortie m\u00e9diatique hasardeuse, affabulations lunaires! Thierry Monsenempwo r\u00e9pond limpidement \u00e0 Martin Fayulu au sujet des \u00e9moluments des d\u00e9put\u00e9s nationaux\"}]},{\"@type\":\"WebSite\",\"@id\":\"https:\\\/\\\/infos-droitshumains.net\\\/#website\",\"url\":\"https:\\\/\\\/infos-droitshumains.net\\\/\",\"name\":\"Infos Droits Humains\",\"description\":\"S&#039;informer est un droit\",\"publisher\":{\"@id\":\"https:\\\/\\\/infos-droitshumains.net\\\/#organization\"},\"potentialAction\":[{\"@type\":\"SearchAction\",\"target\":{\"@type\":\"EntryPoint\",\"urlTemplate\":\"https:\\\/\\\/infos-droitshumains.net\\\/?s={search_term_string}\"},\"query-input\":{\"@type\":\"PropertyValueSpecification\",\"valueRequired\":true,\"valueName\":\"search_term_string\"}}],\"inLanguage\":\"fr-FR\"},{\"@type\":\"Organization\",\"@id\":\"https:\\\/\\\/infos-droitshumains.net\\\/#organization\",\"name\":\"Infos Droits Humains\",\"url\":\"https:\\\/\\\/infos-droitshumains.net\\\/\",\"logo\":{\"@type\":\"ImageObject\",\"inLanguage\":\"fr-FR\",\"@id\":\"https:\\\/\\\/infos-droitshumains.net\\\/#\\\/schema\\\/logo\\\/image\\\/\",\"url\":\"https:\\\/\\\/i0.wp.com\\\/infos-droitshumains.net\\\/wp-content\\\/uploads\\\/2022\\\/05\\\/Logo.png?fit=333%2C129&ssl=1\",\"contentUrl\":\"https:\\\/\\\/i0.wp.com\\\/infos-droitshumains.net\\\/wp-content\\\/uploads\\\/2022\\\/05\\\/Logo.png?fit=333%2C129&ssl=1\",\"width\":333,\"height\":129,\"caption\":\"Infos Droits Humains\"},\"image\":{\"@id\":\"https:\\\/\\\/infos-droitshumains.net\\\/#\\\/schema\\\/logo\\\/image\\\/\"}},{\"@type\":\"Person\",\"@id\":\"https:\\\/\\\/infos-droitshumains.net\\\/#\\\/schema\\\/person\\\/3dc5e921c3302172e0ed4362f96faab7\",\"name\":\"Jo\u00ebl Diawa\",\"image\":{\"@type\":\"ImageObject\",\"inLanguage\":\"fr-FR\",\"@id\":\"https:\\\/\\\/secure.gravatar.com\\\/avatar\\\/729bea6ff4604c624417803c477363be8e3c7186deaa65713313f9b4b820f41c?s=96&d=mm&r=g\",\"url\":\"https:\\\/\\\/secure.gravatar.com\\\/avatar\\\/729bea6ff4604c624417803c477363be8e3c7186deaa65713313f9b4b820f41c?s=96&d=mm&r=g\",\"contentUrl\":\"https:\\\/\\\/secure.gravatar.com\\\/avatar\\\/729bea6ff4604c624417803c477363be8e3c7186deaa65713313f9b4b820f41c?s=96&d=mm&r=g\",\"caption\":\"Jo\u00ebl Diawa\"},\"sameAs\":[\"https:\\\/\\\/www.infos-droitshumains.net\"],\"url\":\"https:\\\/\\\/infos-droitshumains.net\\\/?author=2\"}]}<\/script>\n<!-- \/ Yoast SEO plugin. -->","yoast_head_json":{"title":"Indignation, sortie m\u00e9diatique hasardeuse, affabulations lunaires! Thierry Monsenempwo r\u00e9pond limpidement \u00e0 Martin Fayulu au sujet des \u00e9moluments des d\u00e9put\u00e9s nationaux - Infos Droits Humains","robots":{"index":"index","follow":"follow","max-snippet":"max-snippet:-1","max-image-preview":"max-image-preview:large","max-video-preview":"max-video-preview:-1"},"canonical":"https:\/\/infos-droitshumains.net\/?p=4823","og_locale":"fr_FR","og_type":"article","og_title":"Indignation, sortie m\u00e9diatique hasardeuse, affabulations lunaires! Thierry Monsenempwo r\u00e9pond limpidement \u00e0 Martin Fayulu au sujet des \u00e9moluments des d\u00e9put\u00e9s nationaux - Infos Droits Humains","og_description":"R\u00e9daction:+243817406088 \u00abComment les d\u00e9put\u00e9s nationaux de l\u2019ECIDE, qui versent le un dixi\u00e8me de leurs \u00e9moluments...","og_url":"https:\/\/infos-droitshumains.net\/?p=4823","og_site_name":"Infos Droits Humains","article_published_time":"2022-08-30T17:14:19+00:00","article_modified_time":"2022-08-30T17:37:36+00:00","og_image":[{"width":960,"height":758,"url":"https:\/\/i0.wp.com\/infos-droitshumains.net\/wp-content\/uploads\/2022\/08\/inCollage_20220830_182050721.jpg?fit=960%2C758&ssl=1","type":"image\/jpeg"}],"author":"Jo\u00ebl Diawa","twitter_card":"summary_large_image","twitter_misc":{"\u00c9crit par":"Jo\u00ebl Diawa","Dur\u00e9e de lecture estim\u00e9e":"4 minutes"},"schema":{"@context":"https:\/\/schema.org","@graph":[{"@type":"Article","@id":"https:\/\/infos-droitshumains.net\/?p=4823#article","isPartOf":{"@id":"https:\/\/infos-droitshumains.net\/?p=4823"},"author":{"name":"Jo\u00ebl Diawa","@id":"https:\/\/infos-droitshumains.net\/#\/schema\/person\/3dc5e921c3302172e0ed4362f96faab7"},"headline":"Indignation, sortie m\u00e9diatique hasardeuse, affabulations lunaires! Thierry Monsenempwo r\u00e9pond limpidement \u00e0 Martin Fayulu au sujet des \u00e9moluments des d\u00e9put\u00e9s nationaux","datePublished":"2022-08-30T17:14:19+00:00","dateModified":"2022-08-30T17:37:36+00:00","mainEntityOfPage":{"@id":"https:\/\/infos-droitshumains.net\/?p=4823"},"wordCount":752,"commentCount":0,"publisher":{"@id":"https:\/\/infos-droitshumains.net\/#organization"},"image":{"@id":"https:\/\/infos-droitshumains.net\/?p=4823#primaryimage"},"thumbnailUrl":"https:\/\/i0.wp.com\/infos-droitshumains.net\/wp-content\/uploads\/2022\/08\/inCollage_20220830_182050721.jpg?fit=960%2C758&ssl=1","articleSection":["Politique"],"inLanguage":"fr-FR","potentialAction":[{"@type":"CommentAction","name":"Comment","target":["https:\/\/infos-droitshumains.net\/?p=4823#respond"]}]},{"@type":"WebPage","@id":"https:\/\/infos-droitshumains.net\/?p=4823","url":"https:\/\/infos-droitshumains.net\/?p=4823","name":"Indignation, sortie m\u00e9diatique hasardeuse, affabulations lunaires! Thierry Monsenempwo r\u00e9pond limpidement \u00e0 Martin Fayulu au sujet des \u00e9moluments des d\u00e9put\u00e9s nationaux - Infos Droits Humains","isPartOf":{"@id":"https:\/\/infos-droitshumains.net\/#website"},"primaryImageOfPage":{"@id":"https:\/\/infos-droitshumains.net\/?p=4823#primaryimage"},"image":{"@id":"https:\/\/infos-droitshumains.net\/?p=4823#primaryimage"},"thumbnailUrl":"https:\/\/i0.wp.com\/infos-droitshumains.net\/wp-content\/uploads\/2022\/08\/inCollage_20220830_182050721.jpg?fit=960%2C758&ssl=1","datePublished":"2022-08-30T17:14:19+00:00","dateModified":"2022-08-30T17:37:36+00:00","breadcrumb":{"@id":"https:\/\/infos-droitshumains.net\/?p=4823#breadcrumb"},"inLanguage":"fr-FR","potentialAction":[{"@type":"ReadAction","target":["https:\/\/infos-droitshumains.net\/?p=4823"]}]},{"@type":"ImageObject","inLanguage":"fr-FR","@id":"https:\/\/infos-droitshumains.net\/?p=4823#primaryimage","url":"https:\/\/i0.wp.com\/infos-droitshumains.net\/wp-content\/uploads\/2022\/08\/inCollage_20220830_182050721.jpg?fit=960%2C758&ssl=1","contentUrl":"https:\/\/i0.wp.com\/infos-droitshumains.net\/wp-content\/uploads\/2022\/08\/inCollage_20220830_182050721.jpg?fit=960%2C758&ssl=1","width":960,"height":758},{"@type":"BreadcrumbList","@id":"https:\/\/infos-droitshumains.net\/?p=4823#breadcrumb","itemListElement":[{"@type":"ListItem","position":1,"name":"Accueil","item":"https:\/\/infos-droitshumains.net\/"},{"@type":"ListItem","position":2,"name":"Indignation, sortie m\u00e9diatique hasardeuse, affabulations lunaires! Thierry Monsenempwo r\u00e9pond limpidement \u00e0 Martin Fayulu au sujet des \u00e9moluments des d\u00e9put\u00e9s nationaux"}]},{"@type":"WebSite","@id":"https:\/\/infos-droitshumains.net\/#website","url":"https:\/\/infos-droitshumains.net\/","name":"Infos Droits Humains","description":"S&#039;informer est un droit","publisher":{"@id":"https:\/\/infos-droitshumains.net\/#organization"},"potentialAction":[{"@type":"SearchAction","target":{"@type":"EntryPoint","urlTemplate":"https:\/\/infos-droitshumains.net\/?s={search_term_string}"},"query-input":{"@type":"PropertyValueSpecification","valueRequired":true,"valueName":"search_term_string"}}],"inLanguage":"fr-FR"},{"@type":"Organization","@id":"https:\/\/infos-droitshumains.net\/#organization","name":"Infos Droits Humains","url":"https:\/\/infos-droitshumains.net\/","logo":{"@type":"ImageObject","inLanguage":"fr-FR","@id":"https:\/\/infos-droitshumains.net\/#\/schema\/logo\/image\/","url":"https:\/\/i0.wp.com\/infos-droitshumains.net\/wp-content\/uploads\/2022\/05\/Logo.png?fit=333%2C129&ssl=1","contentUrl":"https:\/\/i0.wp.com\/infos-droitshumains.net\/wp-content\/uploads\/2022\/05\/Logo.png?fit=333%2C129&ssl=1","width":333,"height":129,"caption":"Infos Droits Humains"},"image":{"@id":"https:\/\/infos-droitshumains.net\/#\/schema\/logo\/image\/"}},{"@type":"Person","@id":"https:\/\/infos-droitshumains.net\/#\/schema\/person\/3dc5e921c3302172e0ed4362f96faab7","name":"Jo\u00ebl Diawa","image":{"@type":"ImageObject","inLanguage":"fr-FR","@id":"https:\/\/secure.gravatar.com\/avatar\/729bea6ff4604c624417803c477363be8e3c7186deaa65713313f9b4b820f41c?s=96&d=mm&r=g","url":"https:\/\/secure.gravatar.com\/avatar\/729bea6ff4604c624417803c477363be8e3c7186deaa65713313f9b4b820f41c?s=96&d=mm&r=g","contentUrl":"https:\/\/secure.gravatar.com\/avatar\/729bea6ff4604c624417803c477363be8e3c7186deaa65713313f9b4b820f41c?s=96&d=mm&r=g","caption":"Jo\u00ebl Diawa"},"sameAs":["https:\/\/www.infos-droitshumains.net"],"url":"https:\/\/infos-droitshumains.net\/?author=2"}]}},"featured_image_urls":{"full":["https:\/\/i0.wp.com\/infos-droitshumains.net\/wp-content\/uploads\/2022\/08\/inCollage_20220830_182050721.jpg?fit=960%2C758&ssl=1",960,758,false],"thumbnail":["https:\/\/i0.wp.com\/infos-droitshumains.net\/wp-content\/uploads\/2022\/08\/inCollage_20220830_182050721.jpg?resize=150%2C150&ssl=1",150,150,true],"medium":["https:\/\/i0.wp.com\/infos-droitshumains.net\/wp-content\/uploads\/2022\/08\/inCollage_20220830_182050721.jpg?fit=300%2C237&ssl=1",300,237,true],"medium_large":["https:\/\/i0.wp.com\/infos-droitshumains.net\/wp-content\/uploads\/2022\/08\/inCollage_20220830_182050721.jpg?fit=640%2C505&ssl=1",640,505,true],"large":["https:\/\/i0.wp.com\/infos-droitshumains.net\/wp-content\/uploads\/2022\/08\/inCollage_20220830_182050721.jpg?fit=640%2C505&ssl=1",640,505,true],"1536x1536":["https:\/\/i0.wp.com\/infos-droitshumains.net\/wp-content\/uploads\/2022\/08\/inCollage_20220830_182050721.jpg?fit=960%2C758&ssl=1",960,758,true],"2048x2048":["https:\/\/i0.wp.com\/infos-droitshumains.net\/wp-content\/uploads\/2022\/08\/inCollage_20220830_182050721.jpg?fit=960%2C758&ssl=1",960,758,true],"covernews-slider-full":["https:\/\/i0.wp.com\/infos-droitshumains.net\/wp-content\/uploads\/2022\/08\/inCollage_20220830_182050721.jpg?resize=960%2C715&ssl=1",960,715,true],"covernews-slider-center":["https:\/\/i0.wp.com\/infos-droitshumains.net\/wp-content\/uploads\/2022\/08\/inCollage_20220830_182050721.jpg?resize=800%2C500&ssl=1",800,500,true],"covernews-featured":["https:\/\/i0.wp.com\/infos-droitshumains.net\/wp-content\/uploads\/2022\/08\/inCollage_20220830_182050721.jpg?fit=960%2C758&ssl=1",960,758,true],"covernews-medium":["https:\/\/i0.wp.com\/infos-droitshumains.net\/wp-content\/uploads\/2022\/08\/inCollage_20220830_182050721.jpg?resize=540%2C340&ssl=1",540,340,true],"covernews-medium-square":["https:\/\/i0.wp.com\/infos-droitshumains.net\/wp-content\/uploads\/2022\/08\/inCollage_20220830_182050721.jpg?resize=400%2C250&ssl=1",400,250,true]},"author_info":{"display_name":"Jo\u00ebl Diawa","author_link":"https:\/\/infos-droitshumains.net\/?author=2"},"category_info":"<a href=\"https:\/\/infos-droitshumains.net\/?cat=3\" rel=\"category\">Politique<\/a>","tag_info":"Politique","comment_count":"0","jetpack_featured_media_url":"https:\/\/i0.wp.com\/infos-droitshumains.net\/wp-content\/uploads\/2022\/08\/inCollage_20220830_182050721.jpg?fit=960%2C758&ssl=1","jetpack-related-posts":[],"jetpack_sharing_enabled":true,"_links":{"self":[{"href":"https:\/\/infos-droitshumains.net\/index.php?rest_route=\/wp\/v2\/posts\/4823","targetHints":{"allow":["GET"]}}],"collection":[{"href":"https:\/\/infos-droitshumains.net\/index.php?rest_route=\/wp\/v2\/posts"}],"about":[{"href":"https:\/\/infos-droitshumains.net\/index.php?rest_route=\/wp\/v2\/types\/post"}],"author":[{"embeddable":true,"href":"https:\/\/infos-droitshumains.net\/index.php?rest_route=\/wp\/v2\/users\/2"}],"replies":[{"embeddable":true,"href":"https:\/\/infos-droitshumains.net\/index.php?rest_route=%2Fwp%2Fv2%2Fcomments&post=4823"}],"version-history":[{"count":7,"href":"https:\/\/infos-droitshumains.net\/index.php?rest_route=\/wp\/v2\/posts\/4823\/revisions"}],"predecessor-version":[{"id":4834,"href":"https:\/\/infos-droitshumains.net\/index.php?rest_route=\/wp\/v2\/posts\/4823\/revisions\/4834"}],"wp:featuredmedia":[{"embeddable":true,"href":"https:\/\/infos-droitshumains.net\/index.php?rest_route=\/wp\/v2\/media\/4831"}],"wp:attachment":[{"href":"https:\/\/infos-droitshumains.net\/index.php?rest_route=%2Fwp%2Fv2%2Fmedia&parent=4823"}],"wp:term":[{"taxonomy":"category","embeddable":true,"href":"https:\/\/infos-droitshumains.net\/index.php?rest_route=%2Fwp%2Fv2%2Fcategories&post=4823"},{"taxonomy":"post_tag","embeddable":true,"href":"https:\/\/infos-droitshumains.net\/index.php?rest_route=%2Fwp%2Fv2%2Ftags&post=4823"}],"curies":[{"name":"wp","href":"https:\/\/api.w.org\/{rel}","templated":true}]}}