{"id":482,"date":"2021-06-14T16:35:00","date_gmt":"2021-06-14T14:35:00","guid":{"rendered":"https:\/\/www.infos-droitshumains.net\/?p=482"},"modified":"2023-04-06T12:11:46","modified_gmt":"2023-04-06T10:11:46","slug":"prevention-contre-le-recrutement-des-enfants-dans-larmee-et-prevention-contre-les-violences-sexuelles-liees-aux-conflits-les-officiers-militaires-des-fardc-a-lecole-du-savoir","status":"publish","type":"post","link":"https:\/\/infos-droitshumains.net\/?p=482","title":{"rendered":"Pr\u00e9vention contre le recrutement des enfants dans l&rsquo;arm\u00e9e et pr\u00e9vention contre les violences sexuelles li\u00e9es aux conflits: Les officiers militaires des FARDC \u00e0 l&rsquo;\u00e9cole du savoir."},"content":{"rendered":"\n<p><\/p>\n\n\n\n<p>Ouverte ce lundi 13 juin au foyer social du camp kokolo de cette formation est organis\u00e9e \u00e0 l&rsquo;intention de 15 officiers militaires dont 7 femmes et 8 hommes repr\u00e9sentant les grandes unit\u00e9s de la  garnison de Kinshasa  \u00e0 savoir, les forces navales, les forces terrestres, et la garde r\u00e9publicaine.<\/p>\n\n\n\n<p>En organisant cet atelier, le service d&rsquo;\u00e9ducation patriotique et actions sociales des FARDC en partenariat avec l&rsquo;institut Dallaire pour la paix et la s\u00e9curit\u00e9 visent \u00e0 renforcer ces officiers militaires sur les diff\u00e9rentes m\u00e9thodes de recrutement d&rsquo;enfants comme soldats et les violences sexuelles dans le contexte des conflits.<\/p>\n\n\n\n<p>\u00c0 l&rsquo;issue de cette formation de 5 jours, les participants devront \u00eatre en mesure de comprendre comment doit se faire le recrutement d&rsquo;enfants et pourront \u00e0 leur tour, sensibiliser leurs paires en restituant dans leurs unit\u00e9s respectives les connaissances approfondies sur la pr\u00e9vention contre le recrutement d&rsquo;enfants et la lutte contre les violences sexuelles li\u00e9es aux conflits.<\/p>\n\n\n\n<p>Un autre objectif vis\u00e9 est de familiariser ces officiers militaires \u00e0 l&rsquo;Institut Dallaire pour la paix et la s\u00e9curit\u00e9.<\/p>\n\n\n\n<p>Les participants devraient \u00e9galement restituer aux autres unit\u00e9s les m\u00e9thodes exemplaires en mati\u00e8res d&rsquo;interaction avec les enfants en g\u00e9n\u00e9ral et les enfants utilis\u00e9s comme soldats dans un contexte de conflit arm\u00e9.<\/p>\n\n\n\n<p>Partenaire de la RDC dans la protection des droits de l&rsquo;enfant, la Belgique dit \u00a0\u00bb <em>\u00eatre confiant du partenariat avec les diff\u00e9rents acteurs engag\u00e9s pour cette cause<\/em> \u00a0\u00bb elle se dit aussi \u00a0\u00bb <em>confiant du r\u00e9sultat positif au regard de la qualit\u00e9 des participants<\/em> \u00a0\u00bb a d\u00e9clar\u00e9 Amandine, repr\u00e9sentante de l&rsquo;ambassadeur de la Belgique en RDC.<\/p>\n\n\n\n<p>L&rsquo;institut Dallaire veut, \u00e0-travers cet atelier, d\u00e9montrer la n\u00e9cessit\u00e9 de l&rsquo;appropriation des participants de cet atelier, \u00a0\u00bb <em>faire la restitution dans leurs unit\u00e9s respectives afin de lutter mieux pr\u00e9venir le recrutement d&rsquo;enfants et les violences sexuelles<\/em> \u00a0\u00bb estime Ars\u00e8ne Mukendi.<\/p>\n\n\n\n<p>Cette formation vient s&rsquo;ajouter \u00e0 d&rsquo;autres d\u00e9j\u00e0 organis\u00e9es par l&rsquo;institut Dallaire au profit des officiers militaires congolais.<\/p>\n","protected":false},"excerpt":{"rendered":"<p>Ouverte ce lundi 13 juin au foyer social du camp kokolo de cette formation est&#8230;<\/p>\n","protected":false},"author":2,"featured_media":0,"comment_status":"open","ping_status":"open","sticky":false,"template":"","format":"standard","meta":{"_jetpack_memberships_contains_paid_content":false,"footnotes":""},"categories":[1],"tags":[],"class_list":["post-482","post","type-post","status-publish","format-standard","hentry","category-non-classe"],"yoast_head":"<!-- This site is optimized with the Yoast SEO plugin v27.5 - https:\/\/yoast.com\/product\/yoast-seo-wordpress\/ -->\n<title>Pr\u00e9vention contre le recrutement des enfants dans l&#039;arm\u00e9e et pr\u00e9vention contre les violences sexuelles li\u00e9es aux conflits: Les officiers militaires des FARDC \u00e0 l&#039;\u00e9cole du savoir. - Infos Droits Humains<\/title>\n<meta name=\"robots\" content=\"index, follow, max-snippet:-1, max-image-preview:large, max-video-preview:-1\" \/>\n<link rel=\"canonical\" href=\"https:\/\/infos-droitshumains.net\/?p=482\" \/>\n<meta property=\"og:locale\" content=\"fr_FR\" \/>\n<meta property=\"og:type\" content=\"article\" \/>\n<meta property=\"og:title\" content=\"Pr\u00e9vention contre le recrutement des enfants dans l&#039;arm\u00e9e et pr\u00e9vention contre les violences sexuelles li\u00e9es aux conflits: Les officiers militaires des FARDC \u00e0 l&#039;\u00e9cole du savoir. - Infos Droits Humains\" \/>\n<meta property=\"og:description\" content=\"Ouverte ce lundi 13 juin au foyer social du camp kokolo de cette formation est...\" \/>\n<meta property=\"og:url\" content=\"https:\/\/infos-droitshumains.net\/?p=482\" \/>\n<meta property=\"og:site_name\" content=\"Infos Droits Humains\" \/>\n<meta property=\"article:published_time\" content=\"2021-06-14T14:35:00+00:00\" \/>\n<meta property=\"article:modified_time\" content=\"2023-04-06T10:11:46+00:00\" \/>\n<meta name=\"author\" content=\"Jo\u00ebl Diawa\" \/>\n<meta name=\"twitter:card\" content=\"summary_large_image\" \/>\n<meta name=\"twitter:label1\" content=\"\u00c9crit par\" \/>\n\t<meta name=\"twitter:data1\" content=\"Jo\u00ebl Diawa\" \/>\n\t<meta name=\"twitter:label2\" content=\"Dur\u00e9e de lecture estim\u00e9e\" \/>\n\t<meta name=\"twitter:data2\" content=\"2 minutes\" \/>\n<script type=\"application\/ld+json\" class=\"yoast-schema-graph\">{\"@context\":\"https:\\\/\\\/schema.org\",\"@graph\":[{\"@type\":\"Article\",\"@id\":\"https:\\\/\\\/infos-droitshumains.net\\\/?p=482#article\",\"isPartOf\":{\"@id\":\"https:\\\/\\\/infos-droitshumains.net\\\/?p=482\"},\"author\":{\"name\":\"Jo\u00ebl Diawa\",\"@id\":\"https:\\\/\\\/infos-droitshumains.net\\\/#\\\/schema\\\/person\\\/3dc5e921c3302172e0ed4362f96faab7\"},\"headline\":\"Pr\u00e9vention contre le recrutement des enfants dans l&rsquo;arm\u00e9e et pr\u00e9vention contre les violences sexuelles li\u00e9es aux conflits: Les officiers militaires des FARDC \u00e0 l&rsquo;\u00e9cole du savoir.\",\"datePublished\":\"2021-06-14T14:35:00+00:00\",\"dateModified\":\"2023-04-06T10:11:46+00:00\",\"mainEntityOfPage\":{\"@id\":\"https:\\\/\\\/infos-droitshumains.net\\\/?p=482\"},\"wordCount\":359,\"commentCount\":0,\"publisher\":{\"@id\":\"https:\\\/\\\/infos-droitshumains.net\\\/#organization\"},\"inLanguage\":\"fr-FR\",\"potentialAction\":[{\"@type\":\"CommentAction\",\"name\":\"Comment\",\"target\":[\"https:\\\/\\\/infos-droitshumains.net\\\/?p=482#respond\"]}]},{\"@type\":\"WebPage\",\"@id\":\"https:\\\/\\\/infos-droitshumains.net\\\/?p=482\",\"url\":\"https:\\\/\\\/infos-droitshumains.net\\\/?p=482\",\"name\":\"Pr\u00e9vention contre le recrutement des enfants dans l'arm\u00e9e et pr\u00e9vention contre les violences sexuelles li\u00e9es aux conflits: Les officiers militaires des FARDC \u00e0 l'\u00e9cole du savoir. - Infos Droits Humains\",\"isPartOf\":{\"@id\":\"https:\\\/\\\/infos-droitshumains.net\\\/#website\"},\"datePublished\":\"2021-06-14T14:35:00+00:00\",\"dateModified\":\"2023-04-06T10:11:46+00:00\",\"breadcrumb\":{\"@id\":\"https:\\\/\\\/infos-droitshumains.net\\\/?p=482#breadcrumb\"},\"inLanguage\":\"fr-FR\",\"potentialAction\":[{\"@type\":\"ReadAction\",\"target\":[\"https:\\\/\\\/infos-droitshumains.net\\\/?p=482\"]}]},{\"@type\":\"BreadcrumbList\",\"@id\":\"https:\\\/\\\/infos-droitshumains.net\\\/?p=482#breadcrumb\",\"itemListElement\":[{\"@type\":\"ListItem\",\"position\":1,\"name\":\"Accueil\",\"item\":\"https:\\\/\\\/infos-droitshumains.net\\\/\"},{\"@type\":\"ListItem\",\"position\":2,\"name\":\"Pr\u00e9vention contre le recrutement des enfants dans l&rsquo;arm\u00e9e et pr\u00e9vention contre les violences sexuelles li\u00e9es aux conflits: Les officiers militaires des FARDC \u00e0 l&rsquo;\u00e9cole du savoir.\"}]},{\"@type\":\"WebSite\",\"@id\":\"https:\\\/\\\/infos-droitshumains.net\\\/#website\",\"url\":\"https:\\\/\\\/infos-droitshumains.net\\\/\",\"name\":\"Infos Droits Humains\",\"description\":\"S&#039;informer est un droit\",\"publisher\":{\"@id\":\"https:\\\/\\\/infos-droitshumains.net\\\/#organization\"},\"potentialAction\":[{\"@type\":\"SearchAction\",\"target\":{\"@type\":\"EntryPoint\",\"urlTemplate\":\"https:\\\/\\\/infos-droitshumains.net\\\/?s={search_term_string}\"},\"query-input\":{\"@type\":\"PropertyValueSpecification\",\"valueRequired\":true,\"valueName\":\"search_term_string\"}}],\"inLanguage\":\"fr-FR\"},{\"@type\":\"Organization\",\"@id\":\"https:\\\/\\\/infos-droitshumains.net\\\/#organization\",\"name\":\"Infos Droits Humains\",\"url\":\"https:\\\/\\\/infos-droitshumains.net\\\/\",\"logo\":{\"@type\":\"ImageObject\",\"inLanguage\":\"fr-FR\",\"@id\":\"https:\\\/\\\/infos-droitshumains.net\\\/#\\\/schema\\\/logo\\\/image\\\/\",\"url\":\"https:\\\/\\\/i0.wp.com\\\/infos-droitshumains.net\\\/wp-content\\\/uploads\\\/2022\\\/05\\\/Logo.png?fit=333%2C129&ssl=1\",\"contentUrl\":\"https:\\\/\\\/i0.wp.com\\\/infos-droitshumains.net\\\/wp-content\\\/uploads\\\/2022\\\/05\\\/Logo.png?fit=333%2C129&ssl=1\",\"width\":333,\"height\":129,\"caption\":\"Infos Droits Humains\"},\"image\":{\"@id\":\"https:\\\/\\\/infos-droitshumains.net\\\/#\\\/schema\\\/logo\\\/image\\\/\"}},{\"@type\":\"Person\",\"@id\":\"https:\\\/\\\/infos-droitshumains.net\\\/#\\\/schema\\\/person\\\/3dc5e921c3302172e0ed4362f96faab7\",\"name\":\"Jo\u00ebl Diawa\",\"image\":{\"@type\":\"ImageObject\",\"inLanguage\":\"fr-FR\",\"@id\":\"https:\\\/\\\/secure.gravatar.com\\\/avatar\\\/729bea6ff4604c624417803c477363be8e3c7186deaa65713313f9b4b820f41c?s=96&d=mm&r=g\",\"url\":\"https:\\\/\\\/secure.gravatar.com\\\/avatar\\\/729bea6ff4604c624417803c477363be8e3c7186deaa65713313f9b4b820f41c?s=96&d=mm&r=g\",\"contentUrl\":\"https:\\\/\\\/secure.gravatar.com\\\/avatar\\\/729bea6ff4604c624417803c477363be8e3c7186deaa65713313f9b4b820f41c?s=96&d=mm&r=g\",\"caption\":\"Jo\u00ebl Diawa\"},\"sameAs\":[\"https:\\\/\\\/www.infos-droitshumains.net\"],\"url\":\"https:\\\/\\\/infos-droitshumains.net\\\/?author=2\"}]}<\/script>\n<!-- \/ Yoast SEO plugin. -->","yoast_head_json":{"title":"Pr\u00e9vention contre le recrutement des enfants dans l'arm\u00e9e et pr\u00e9vention contre les violences sexuelles li\u00e9es aux conflits: Les officiers militaires des FARDC \u00e0 l'\u00e9cole du savoir. - Infos Droits Humains","robots":{"index":"index","follow":"follow","max-snippet":"max-snippet:-1","max-image-preview":"max-image-preview:large","max-video-preview":"max-video-preview:-1"},"canonical":"https:\/\/infos-droitshumains.net\/?p=482","og_locale":"fr_FR","og_type":"article","og_title":"Pr\u00e9vention contre le recrutement des enfants dans l'arm\u00e9e et pr\u00e9vention contre les violences sexuelles li\u00e9es aux conflits: Les officiers militaires des FARDC \u00e0 l'\u00e9cole du savoir. - Infos Droits Humains","og_description":"Ouverte ce lundi 13 juin au foyer social du camp kokolo de cette formation est...","og_url":"https:\/\/infos-droitshumains.net\/?p=482","og_site_name":"Infos Droits Humains","article_published_time":"2021-06-14T14:35:00+00:00","article_modified_time":"2023-04-06T10:11:46+00:00","author":"Jo\u00ebl Diawa","twitter_card":"summary_large_image","twitter_misc":{"\u00c9crit par":"Jo\u00ebl Diawa","Dur\u00e9e de lecture estim\u00e9e":"2 minutes"},"schema":{"@context":"https:\/\/schema.org","@graph":[{"@type":"Article","@id":"https:\/\/infos-droitshumains.net\/?p=482#article","isPartOf":{"@id":"https:\/\/infos-droitshumains.net\/?p=482"},"author":{"name":"Jo\u00ebl Diawa","@id":"https:\/\/infos-droitshumains.net\/#\/schema\/person\/3dc5e921c3302172e0ed4362f96faab7"},"headline":"Pr\u00e9vention contre le recrutement des enfants dans l&rsquo;arm\u00e9e et pr\u00e9vention contre les violences sexuelles li\u00e9es aux conflits: Les officiers militaires des FARDC \u00e0 l&rsquo;\u00e9cole du savoir.","datePublished":"2021-06-14T14:35:00+00:00","dateModified":"2023-04-06T10:11:46+00:00","mainEntityOfPage":{"@id":"https:\/\/infos-droitshumains.net\/?p=482"},"wordCount":359,"commentCount":0,"publisher":{"@id":"https:\/\/infos-droitshumains.net\/#organization"},"inLanguage":"fr-FR","potentialAction":[{"@type":"CommentAction","name":"Comment","target":["https:\/\/infos-droitshumains.net\/?p=482#respond"]}]},{"@type":"WebPage","@id":"https:\/\/infos-droitshumains.net\/?p=482","url":"https:\/\/infos-droitshumains.net\/?p=482","name":"Pr\u00e9vention contre le recrutement des enfants dans l'arm\u00e9e et pr\u00e9vention contre les violences sexuelles li\u00e9es aux conflits: Les officiers militaires des FARDC \u00e0 l'\u00e9cole du savoir. - Infos Droits Humains","isPartOf":{"@id":"https:\/\/infos-droitshumains.net\/#website"},"datePublished":"2021-06-14T14:35:00+00:00","dateModified":"2023-04-06T10:11:46+00:00","breadcrumb":{"@id":"https:\/\/infos-droitshumains.net\/?p=482#breadcrumb"},"inLanguage":"fr-FR","potentialAction":[{"@type":"ReadAction","target":["https:\/\/infos-droitshumains.net\/?p=482"]}]},{"@type":"BreadcrumbList","@id":"https:\/\/infos-droitshumains.net\/?p=482#breadcrumb","itemListElement":[{"@type":"ListItem","position":1,"name":"Accueil","item":"https:\/\/infos-droitshumains.net\/"},{"@type":"ListItem","position":2,"name":"Pr\u00e9vention contre le recrutement des enfants dans l&rsquo;arm\u00e9e et pr\u00e9vention contre les violences sexuelles li\u00e9es aux conflits: Les officiers militaires des FARDC \u00e0 l&rsquo;\u00e9cole du savoir."}]},{"@type":"WebSite","@id":"https:\/\/infos-droitshumains.net\/#website","url":"https:\/\/infos-droitshumains.net\/","name":"Infos Droits Humains","description":"S&#039;informer est un droit","publisher":{"@id":"https:\/\/infos-droitshumains.net\/#organization"},"potentialAction":[{"@type":"SearchAction","target":{"@type":"EntryPoint","urlTemplate":"https:\/\/infos-droitshumains.net\/?s={search_term_string}"},"query-input":{"@type":"PropertyValueSpecification","valueRequired":true,"valueName":"search_term_string"}}],"inLanguage":"fr-FR"},{"@type":"Organization","@id":"https:\/\/infos-droitshumains.net\/#organization","name":"Infos Droits Humains","url":"https:\/\/infos-droitshumains.net\/","logo":{"@type":"ImageObject","inLanguage":"fr-FR","@id":"https:\/\/infos-droitshumains.net\/#\/schema\/logo\/image\/","url":"https:\/\/i0.wp.com\/infos-droitshumains.net\/wp-content\/uploads\/2022\/05\/Logo.png?fit=333%2C129&ssl=1","contentUrl":"https:\/\/i0.wp.com\/infos-droitshumains.net\/wp-content\/uploads\/2022\/05\/Logo.png?fit=333%2C129&ssl=1","width":333,"height":129,"caption":"Infos Droits Humains"},"image":{"@id":"https:\/\/infos-droitshumains.net\/#\/schema\/logo\/image\/"}},{"@type":"Person","@id":"https:\/\/infos-droitshumains.net\/#\/schema\/person\/3dc5e921c3302172e0ed4362f96faab7","name":"Jo\u00ebl Diawa","image":{"@type":"ImageObject","inLanguage":"fr-FR","@id":"https:\/\/secure.gravatar.com\/avatar\/729bea6ff4604c624417803c477363be8e3c7186deaa65713313f9b4b820f41c?s=96&d=mm&r=g","url":"https:\/\/secure.gravatar.com\/avatar\/729bea6ff4604c624417803c477363be8e3c7186deaa65713313f9b4b820f41c?s=96&d=mm&r=g","contentUrl":"https:\/\/secure.gravatar.com\/avatar\/729bea6ff4604c624417803c477363be8e3c7186deaa65713313f9b4b820f41c?s=96&d=mm&r=g","caption":"Jo\u00ebl Diawa"},"sameAs":["https:\/\/www.infos-droitshumains.net"],"url":"https:\/\/infos-droitshumains.net\/?author=2"}]}},"featured_image_urls":{"full":"","thumbnail":"","medium":"","medium_large":"","large":"","1536x1536":"","2048x2048":"","covernews-slider-full":"","covernews-slider-center":"","covernews-featured":"","covernews-medium":"","covernews-medium-square":""},"author_info":{"display_name":"Jo\u00ebl Diawa","author_link":"https:\/\/infos-droitshumains.net\/?author=2"},"category_info":"<a href=\"https:\/\/infos-droitshumains.net\/?cat=1\" rel=\"category\">Non class\u00e9<\/a>","tag_info":"Non class\u00e9","comment_count":"0","jetpack_featured_media_url":"","jetpack-related-posts":[],"jetpack_sharing_enabled":true,"_links":{"self":[{"href":"https:\/\/infos-droitshumains.net\/index.php?rest_route=\/wp\/v2\/posts\/482","targetHints":{"allow":["GET"]}}],"collection":[{"href":"https:\/\/infos-droitshumains.net\/index.php?rest_route=\/wp\/v2\/posts"}],"about":[{"href":"https:\/\/infos-droitshumains.net\/index.php?rest_route=\/wp\/v2\/types\/post"}],"author":[{"embeddable":true,"href":"https:\/\/infos-droitshumains.net\/index.php?rest_route=\/wp\/v2\/users\/2"}],"replies":[{"embeddable":true,"href":"https:\/\/infos-droitshumains.net\/index.php?rest_route=%2Fwp%2Fv2%2Fcomments&post=482"}],"version-history":[{"count":1,"href":"https:\/\/infos-droitshumains.net\/index.php?rest_route=\/wp\/v2\/posts\/482\/revisions"}],"predecessor-version":[{"id":484,"href":"https:\/\/infos-droitshumains.net\/index.php?rest_route=\/wp\/v2\/posts\/482\/revisions\/484"}],"wp:attachment":[{"href":"https:\/\/infos-droitshumains.net\/index.php?rest_route=%2Fwp%2Fv2%2Fmedia&parent=482"}],"wp:term":[{"taxonomy":"category","embeddable":true,"href":"https:\/\/infos-droitshumains.net\/index.php?rest_route=%2Fwp%2Fv2%2Fcategories&post=482"},{"taxonomy":"post_tag","embeddable":true,"href":"https:\/\/infos-droitshumains.net\/index.php?rest_route=%2Fwp%2Fv2%2Ftags&post=482"}],"curies":[{"name":"wp","href":"https:\/\/api.w.org\/{rel}","templated":true}]}}