{"id":4812,"date":"2022-08-30T13:09:45","date_gmt":"2022-08-30T11:09:45","guid":{"rendered":"https:\/\/infos-droitshumains.net\/?p=4812"},"modified":"2022-08-31T13:15:28","modified_gmt":"2022-08-31T11:15:28","slug":"mise-en-oeuvre-du-programme-des-nations-unies-pour-la-promotion-des-droits-des-personnes-handicapees-en-rdc-validestrois-documents-valides","status":"publish","type":"post","link":"https:\/\/infos-droitshumains.net\/?p=4812","title":{"rendered":"Mise en \u0153uvre du Programme des Nations-Unies pour la Promotion des Droits des Personnes Handicap\u00e9es en RDC:Trois documents valid\u00e9s"},"content":{"rendered":"\n<p><strong>R\u00e9daction:+243817406088<\/strong><\/p>\n\n\n\n<p>Les Nations Unies comptent mettre en \u0153uvre son programme de promotion des droits des personnes handicap\u00e9es en R\u00e9publique D\u00e9mocratique du Congo. C\u2019est dans ce cadre que trois documents ont \u00e9t\u00e9 valid\u00e9s \u00e0 Kinshasa. Il s\u2019agit de l\u2019analyse situationnelle , de Projet et du Plan de travail. C\u2019\u00e9tait ce vendredi, 26 ao\u00fbt au cours de la cl\u00f4ture de l&rsquo;atelier organis\u00e9 par le Bureau Conjoint des Nations Unies aux Droits de l&rsquo;Homme (BCNUDH), en collaboration avec le minist\u00e8re d\u00e9l\u00e9gu\u00e9 en charge des personnes vivant avec handicap et autres vuln\u00e9rables.<\/p>\n\n\n\n<p>La validation de ces trois documents est la concr\u00e9tisation de la vision du chef de l&rsquo;\u00e9tat, celle de la politique d&rsquo;inclusion sociale estime Joseph Tshibalabala, conseiller de la ministre en charge des personnes vivant avec handicap et autres vuln\u00e9rables,<\/p>\n\n\n\n<p><em>\u00ab nous allons tenir pour la mise en \u0153uvre de ce projet et sa vulgarisation car, ces trois documents visent la politique d&rsquo;inclusion sociale en RDC qui est le cheval de bataille de notre minist\u00e8re \u00bb.<\/em><\/p>\n\n\n\n<p>A en croire Abdoulaye Mar,<span style=\"font-size: revert; color: initial;\"> repr\u00e9sentant du directeur du BCNUDH apr\u00e8s validation, Ces trois documents seront envoy\u00e9s aux Nations Unies pour avis.<\/span><\/p>\n\n\n\n<p><em>\u00ab ces documents qui accompagneront la politique du gouvernement sur la question d&rsquo;handicap seront rendus aux Nations Unies pour avis. Et apr\u00e8s, le travail proprement dit va commencer ici en RDC pour leur mise en application \u00bb.<\/em><\/p>\n\n\n\n<p>Satisfaite de sa participation et de la qualit\u00e9 du travail abattu, la repr\u00e9sentante de tous les participants, Kavira Maghulu Yeye a invit\u00e9 ses coll\u00e8gues \u00e0 relayer \u00e0 leurs bases les conclusions de ces travaux pour une meilleure vulgarisation de ces trois documents.<\/p>\n\n\n\n<p><em>\u00ab Je nous invite \u00e0 faire la restitution dans nos bases respectives de ce projet des Nations Unies pour leur meilleure appropriation \u00bb,<\/em> a exhort\u00e9 Kavira Maghulu Yeye, repr\u00e9sentant de tous les participants.<\/p>\n\n\n\n<p>D\u00e9but\u00e9 le 25 ao\u00fbt 2022, cet atelier a connu la participation des organisations des personnes handicap\u00e9es et des membres de la soci\u00e9t\u00e9 civile venus de tous les coins de la RDC.<\/p>\n\n\n\n<p>AM<\/p>\n","protected":false},"excerpt":{"rendered":"<p>R\u00e9daction:+243817406088 Les Nations Unies comptent mettre en \u0153uvre son programme de promotion des droits des&#8230;<\/p>\n","protected":false},"author":2,"featured_media":4814,"comment_status":"open","ping_status":"open","sticky":false,"template":"","format":"standard","meta":{"_jetpack_memberships_contains_paid_content":false,"footnotes":""},"categories":[7],"tags":[],"class_list":["post-4812","post","type-post","status-publish","format-standard","has-post-thumbnail","hentry","category-droits-humains"],"yoast_head":"<!-- This site is optimized with the Yoast SEO plugin v27.5 - https:\/\/yoast.com\/product\/yoast-seo-wordpress\/ -->\n<title>Mise en \u0153uvre du Programme des Nations-Unies pour la Promotion des Droits des Personnes Handicap\u00e9es en RDC:Trois documents valid\u00e9s - Infos Droits Humains<\/title>\n<meta name=\"robots\" content=\"index, follow, max-snippet:-1, max-image-preview:large, max-video-preview:-1\" \/>\n<link rel=\"canonical\" href=\"https:\/\/infos-droitshumains.net\/?p=4812\" \/>\n<meta property=\"og:locale\" content=\"fr_FR\" \/>\n<meta property=\"og:type\" content=\"article\" \/>\n<meta property=\"og:title\" content=\"Mise en \u0153uvre du Programme des Nations-Unies pour la Promotion des Droits des Personnes Handicap\u00e9es en RDC:Trois documents valid\u00e9s - Infos Droits Humains\" \/>\n<meta property=\"og:description\" content=\"R\u00e9daction:+243817406088 Les Nations Unies comptent mettre en \u0153uvre son programme de promotion des droits des...\" \/>\n<meta property=\"og:url\" content=\"https:\/\/infos-droitshumains.net\/?p=4812\" \/>\n<meta property=\"og:site_name\" content=\"Infos Droits Humains\" \/>\n<meta property=\"article:published_time\" content=\"2022-08-30T11:09:45+00:00\" \/>\n<meta property=\"article:modified_time\" content=\"2022-08-31T11:15:28+00:00\" \/>\n<meta property=\"og:image\" content=\"https:\/\/i0.wp.com\/infos-droitshumains.net\/wp-content\/uploads\/2022\/08\/IMG-20220825-WA0023_1.jpg?fit=1080%2C809&ssl=1\" \/>\n\t<meta property=\"og:image:width\" content=\"1080\" \/>\n\t<meta property=\"og:image:height\" content=\"809\" \/>\n\t<meta property=\"og:image:type\" content=\"image\/jpeg\" \/>\n<meta name=\"author\" content=\"Jo\u00ebl Diawa\" \/>\n<meta name=\"twitter:card\" content=\"summary_large_image\" \/>\n<meta name=\"twitter:label1\" content=\"\u00c9crit par\" \/>\n\t<meta name=\"twitter:data1\" content=\"Jo\u00ebl Diawa\" \/>\n\t<meta name=\"twitter:label2\" content=\"Dur\u00e9e de lecture estim\u00e9e\" \/>\n\t<meta name=\"twitter:data2\" content=\"2 minutes\" \/>\n<script type=\"application\/ld+json\" class=\"yoast-schema-graph\">{\"@context\":\"https:\\\/\\\/schema.org\",\"@graph\":[{\"@type\":\"Article\",\"@id\":\"https:\\\/\\\/infos-droitshumains.net\\\/?p=4812#article\",\"isPartOf\":{\"@id\":\"https:\\\/\\\/infos-droitshumains.net\\\/?p=4812\"},\"author\":{\"name\":\"Jo\u00ebl Diawa\",\"@id\":\"https:\\\/\\\/infos-droitshumains.net\\\/#\\\/schema\\\/person\\\/3dc5e921c3302172e0ed4362f96faab7\"},\"headline\":\"Mise en \u0153uvre du Programme des Nations-Unies pour la Promotion des Droits des Personnes Handicap\u00e9es en RDC:Trois documents valid\u00e9s\",\"datePublished\":\"2022-08-30T11:09:45+00:00\",\"dateModified\":\"2022-08-31T11:15:28+00:00\",\"mainEntityOfPage\":{\"@id\":\"https:\\\/\\\/infos-droitshumains.net\\\/?p=4812\"},\"wordCount\":367,\"commentCount\":0,\"publisher\":{\"@id\":\"https:\\\/\\\/infos-droitshumains.net\\\/#organization\"},\"image\":{\"@id\":\"https:\\\/\\\/infos-droitshumains.net\\\/?p=4812#primaryimage\"},\"thumbnailUrl\":\"https:\\\/\\\/i0.wp.com\\\/infos-droitshumains.net\\\/wp-content\\\/uploads\\\/2022\\\/08\\\/IMG-20220825-WA0023_1.jpg?fit=1080%2C809&ssl=1\",\"articleSection\":[\"Droits Humains\"],\"inLanguage\":\"fr-FR\",\"potentialAction\":[{\"@type\":\"CommentAction\",\"name\":\"Comment\",\"target\":[\"https:\\\/\\\/infos-droitshumains.net\\\/?p=4812#respond\"]}]},{\"@type\":\"WebPage\",\"@id\":\"https:\\\/\\\/infos-droitshumains.net\\\/?p=4812\",\"url\":\"https:\\\/\\\/infos-droitshumains.net\\\/?p=4812\",\"name\":\"Mise en \u0153uvre du Programme des Nations-Unies pour la Promotion des Droits des Personnes Handicap\u00e9es en RDC:Trois documents valid\u00e9s - Infos Droits Humains\",\"isPartOf\":{\"@id\":\"https:\\\/\\\/infos-droitshumains.net\\\/#website\"},\"primaryImageOfPage\":{\"@id\":\"https:\\\/\\\/infos-droitshumains.net\\\/?p=4812#primaryimage\"},\"image\":{\"@id\":\"https:\\\/\\\/infos-droitshumains.net\\\/?p=4812#primaryimage\"},\"thumbnailUrl\":\"https:\\\/\\\/i0.wp.com\\\/infos-droitshumains.net\\\/wp-content\\\/uploads\\\/2022\\\/08\\\/IMG-20220825-WA0023_1.jpg?fit=1080%2C809&ssl=1\",\"datePublished\":\"2022-08-30T11:09:45+00:00\",\"dateModified\":\"2022-08-31T11:15:28+00:00\",\"breadcrumb\":{\"@id\":\"https:\\\/\\\/infos-droitshumains.net\\\/?p=4812#breadcrumb\"},\"inLanguage\":\"fr-FR\",\"potentialAction\":[{\"@type\":\"ReadAction\",\"target\":[\"https:\\\/\\\/infos-droitshumains.net\\\/?p=4812\"]}]},{\"@type\":\"ImageObject\",\"inLanguage\":\"fr-FR\",\"@id\":\"https:\\\/\\\/infos-droitshumains.net\\\/?p=4812#primaryimage\",\"url\":\"https:\\\/\\\/i0.wp.com\\\/infos-droitshumains.net\\\/wp-content\\\/uploads\\\/2022\\\/08\\\/IMG-20220825-WA0023_1.jpg?fit=1080%2C809&ssl=1\",\"contentUrl\":\"https:\\\/\\\/i0.wp.com\\\/infos-droitshumains.net\\\/wp-content\\\/uploads\\\/2022\\\/08\\\/IMG-20220825-WA0023_1.jpg?fit=1080%2C809&ssl=1\",\"width\":1080,\"height\":809},{\"@type\":\"BreadcrumbList\",\"@id\":\"https:\\\/\\\/infos-droitshumains.net\\\/?p=4812#breadcrumb\",\"itemListElement\":[{\"@type\":\"ListItem\",\"position\":1,\"name\":\"Accueil\",\"item\":\"https:\\\/\\\/infos-droitshumains.net\\\/\"},{\"@type\":\"ListItem\",\"position\":2,\"name\":\"Mise en \u0153uvre du Programme des Nations-Unies pour la Promotion des Droits des Personnes Handicap\u00e9es en RDC:Trois documents valid\u00e9s\"}]},{\"@type\":\"WebSite\",\"@id\":\"https:\\\/\\\/infos-droitshumains.net\\\/#website\",\"url\":\"https:\\\/\\\/infos-droitshumains.net\\\/\",\"name\":\"Infos Droits Humains\",\"description\":\"S&#039;informer est un droit\",\"publisher\":{\"@id\":\"https:\\\/\\\/infos-droitshumains.net\\\/#organization\"},\"potentialAction\":[{\"@type\":\"SearchAction\",\"target\":{\"@type\":\"EntryPoint\",\"urlTemplate\":\"https:\\\/\\\/infos-droitshumains.net\\\/?s={search_term_string}\"},\"query-input\":{\"@type\":\"PropertyValueSpecification\",\"valueRequired\":true,\"valueName\":\"search_term_string\"}}],\"inLanguage\":\"fr-FR\"},{\"@type\":\"Organization\",\"@id\":\"https:\\\/\\\/infos-droitshumains.net\\\/#organization\",\"name\":\"Infos Droits Humains\",\"url\":\"https:\\\/\\\/infos-droitshumains.net\\\/\",\"logo\":{\"@type\":\"ImageObject\",\"inLanguage\":\"fr-FR\",\"@id\":\"https:\\\/\\\/infos-droitshumains.net\\\/#\\\/schema\\\/logo\\\/image\\\/\",\"url\":\"https:\\\/\\\/i0.wp.com\\\/infos-droitshumains.net\\\/wp-content\\\/uploads\\\/2022\\\/05\\\/Logo.png?fit=333%2C129&ssl=1\",\"contentUrl\":\"https:\\\/\\\/i0.wp.com\\\/infos-droitshumains.net\\\/wp-content\\\/uploads\\\/2022\\\/05\\\/Logo.png?fit=333%2C129&ssl=1\",\"width\":333,\"height\":129,\"caption\":\"Infos Droits Humains\"},\"image\":{\"@id\":\"https:\\\/\\\/infos-droitshumains.net\\\/#\\\/schema\\\/logo\\\/image\\\/\"}},{\"@type\":\"Person\",\"@id\":\"https:\\\/\\\/infos-droitshumains.net\\\/#\\\/schema\\\/person\\\/3dc5e921c3302172e0ed4362f96faab7\",\"name\":\"Jo\u00ebl Diawa\",\"image\":{\"@type\":\"ImageObject\",\"inLanguage\":\"fr-FR\",\"@id\":\"https:\\\/\\\/secure.gravatar.com\\\/avatar\\\/729bea6ff4604c624417803c477363be8e3c7186deaa65713313f9b4b820f41c?s=96&d=mm&r=g\",\"url\":\"https:\\\/\\\/secure.gravatar.com\\\/avatar\\\/729bea6ff4604c624417803c477363be8e3c7186deaa65713313f9b4b820f41c?s=96&d=mm&r=g\",\"contentUrl\":\"https:\\\/\\\/secure.gravatar.com\\\/avatar\\\/729bea6ff4604c624417803c477363be8e3c7186deaa65713313f9b4b820f41c?s=96&d=mm&r=g\",\"caption\":\"Jo\u00ebl Diawa\"},\"sameAs\":[\"https:\\\/\\\/www.infos-droitshumains.net\"],\"url\":\"https:\\\/\\\/infos-droitshumains.net\\\/?author=2\"}]}<\/script>\n<!-- \/ Yoast SEO plugin. -->","yoast_head_json":{"title":"Mise en \u0153uvre du Programme des Nations-Unies pour la Promotion des Droits des Personnes Handicap\u00e9es en RDC:Trois documents valid\u00e9s - Infos Droits Humains","robots":{"index":"index","follow":"follow","max-snippet":"max-snippet:-1","max-image-preview":"max-image-preview:large","max-video-preview":"max-video-preview:-1"},"canonical":"https:\/\/infos-droitshumains.net\/?p=4812","og_locale":"fr_FR","og_type":"article","og_title":"Mise en \u0153uvre du Programme des Nations-Unies pour la Promotion des Droits des Personnes Handicap\u00e9es en RDC:Trois documents valid\u00e9s - Infos Droits Humains","og_description":"R\u00e9daction:+243817406088 Les Nations Unies comptent mettre en \u0153uvre son programme de promotion des droits des...","og_url":"https:\/\/infos-droitshumains.net\/?p=4812","og_site_name":"Infos Droits Humains","article_published_time":"2022-08-30T11:09:45+00:00","article_modified_time":"2022-08-31T11:15:28+00:00","og_image":[{"width":1080,"height":809,"url":"https:\/\/i0.wp.com\/infos-droitshumains.net\/wp-content\/uploads\/2022\/08\/IMG-20220825-WA0023_1.jpg?fit=1080%2C809&ssl=1","type":"image\/jpeg"}],"author":"Jo\u00ebl Diawa","twitter_card":"summary_large_image","twitter_misc":{"\u00c9crit par":"Jo\u00ebl Diawa","Dur\u00e9e de lecture estim\u00e9e":"2 minutes"},"schema":{"@context":"https:\/\/schema.org","@graph":[{"@type":"Article","@id":"https:\/\/infos-droitshumains.net\/?p=4812#article","isPartOf":{"@id":"https:\/\/infos-droitshumains.net\/?p=4812"},"author":{"name":"Jo\u00ebl Diawa","@id":"https:\/\/infos-droitshumains.net\/#\/schema\/person\/3dc5e921c3302172e0ed4362f96faab7"},"headline":"Mise en \u0153uvre du Programme des Nations-Unies pour la Promotion des Droits des Personnes Handicap\u00e9es en RDC:Trois documents valid\u00e9s","datePublished":"2022-08-30T11:09:45+00:00","dateModified":"2022-08-31T11:15:28+00:00","mainEntityOfPage":{"@id":"https:\/\/infos-droitshumains.net\/?p=4812"},"wordCount":367,"commentCount":0,"publisher":{"@id":"https:\/\/infos-droitshumains.net\/#organization"},"image":{"@id":"https:\/\/infos-droitshumains.net\/?p=4812#primaryimage"},"thumbnailUrl":"https:\/\/i0.wp.com\/infos-droitshumains.net\/wp-content\/uploads\/2022\/08\/IMG-20220825-WA0023_1.jpg?fit=1080%2C809&ssl=1","articleSection":["Droits Humains"],"inLanguage":"fr-FR","potentialAction":[{"@type":"CommentAction","name":"Comment","target":["https:\/\/infos-droitshumains.net\/?p=4812#respond"]}]},{"@type":"WebPage","@id":"https:\/\/infos-droitshumains.net\/?p=4812","url":"https:\/\/infos-droitshumains.net\/?p=4812","name":"Mise en \u0153uvre du Programme des Nations-Unies pour la Promotion des Droits des Personnes Handicap\u00e9es en RDC:Trois documents valid\u00e9s - Infos Droits Humains","isPartOf":{"@id":"https:\/\/infos-droitshumains.net\/#website"},"primaryImageOfPage":{"@id":"https:\/\/infos-droitshumains.net\/?p=4812#primaryimage"},"image":{"@id":"https:\/\/infos-droitshumains.net\/?p=4812#primaryimage"},"thumbnailUrl":"https:\/\/i0.wp.com\/infos-droitshumains.net\/wp-content\/uploads\/2022\/08\/IMG-20220825-WA0023_1.jpg?fit=1080%2C809&ssl=1","datePublished":"2022-08-30T11:09:45+00:00","dateModified":"2022-08-31T11:15:28+00:00","breadcrumb":{"@id":"https:\/\/infos-droitshumains.net\/?p=4812#breadcrumb"},"inLanguage":"fr-FR","potentialAction":[{"@type":"ReadAction","target":["https:\/\/infos-droitshumains.net\/?p=4812"]}]},{"@type":"ImageObject","inLanguage":"fr-FR","@id":"https:\/\/infos-droitshumains.net\/?p=4812#primaryimage","url":"https:\/\/i0.wp.com\/infos-droitshumains.net\/wp-content\/uploads\/2022\/08\/IMG-20220825-WA0023_1.jpg?fit=1080%2C809&ssl=1","contentUrl":"https:\/\/i0.wp.com\/infos-droitshumains.net\/wp-content\/uploads\/2022\/08\/IMG-20220825-WA0023_1.jpg?fit=1080%2C809&ssl=1","width":1080,"height":809},{"@type":"BreadcrumbList","@id":"https:\/\/infos-droitshumains.net\/?p=4812#breadcrumb","itemListElement":[{"@type":"ListItem","position":1,"name":"Accueil","item":"https:\/\/infos-droitshumains.net\/"},{"@type":"ListItem","position":2,"name":"Mise en \u0153uvre du Programme des Nations-Unies pour la Promotion des Droits des Personnes Handicap\u00e9es en RDC:Trois documents valid\u00e9s"}]},{"@type":"WebSite","@id":"https:\/\/infos-droitshumains.net\/#website","url":"https:\/\/infos-droitshumains.net\/","name":"Infos Droits Humains","description":"S&#039;informer est un droit","publisher":{"@id":"https:\/\/infos-droitshumains.net\/#organization"},"potentialAction":[{"@type":"SearchAction","target":{"@type":"EntryPoint","urlTemplate":"https:\/\/infos-droitshumains.net\/?s={search_term_string}"},"query-input":{"@type":"PropertyValueSpecification","valueRequired":true,"valueName":"search_term_string"}}],"inLanguage":"fr-FR"},{"@type":"Organization","@id":"https:\/\/infos-droitshumains.net\/#organization","name":"Infos Droits Humains","url":"https:\/\/infos-droitshumains.net\/","logo":{"@type":"ImageObject","inLanguage":"fr-FR","@id":"https:\/\/infos-droitshumains.net\/#\/schema\/logo\/image\/","url":"https:\/\/i0.wp.com\/infos-droitshumains.net\/wp-content\/uploads\/2022\/05\/Logo.png?fit=333%2C129&ssl=1","contentUrl":"https:\/\/i0.wp.com\/infos-droitshumains.net\/wp-content\/uploads\/2022\/05\/Logo.png?fit=333%2C129&ssl=1","width":333,"height":129,"caption":"Infos Droits Humains"},"image":{"@id":"https:\/\/infos-droitshumains.net\/#\/schema\/logo\/image\/"}},{"@type":"Person","@id":"https:\/\/infos-droitshumains.net\/#\/schema\/person\/3dc5e921c3302172e0ed4362f96faab7","name":"Jo\u00ebl Diawa","image":{"@type":"ImageObject","inLanguage":"fr-FR","@id":"https:\/\/secure.gravatar.com\/avatar\/729bea6ff4604c624417803c477363be8e3c7186deaa65713313f9b4b820f41c?s=96&d=mm&r=g","url":"https:\/\/secure.gravatar.com\/avatar\/729bea6ff4604c624417803c477363be8e3c7186deaa65713313f9b4b820f41c?s=96&d=mm&r=g","contentUrl":"https:\/\/secure.gravatar.com\/avatar\/729bea6ff4604c624417803c477363be8e3c7186deaa65713313f9b4b820f41c?s=96&d=mm&r=g","caption":"Jo\u00ebl Diawa"},"sameAs":["https:\/\/www.infos-droitshumains.net"],"url":"https:\/\/infos-droitshumains.net\/?author=2"}]}},"featured_image_urls":{"full":["https:\/\/i0.wp.com\/infos-droitshumains.net\/wp-content\/uploads\/2022\/08\/IMG-20220825-WA0023_1.jpg?fit=1080%2C809&ssl=1",1080,809,false],"thumbnail":["https:\/\/i0.wp.com\/infos-droitshumains.net\/wp-content\/uploads\/2022\/08\/IMG-20220825-WA0023_1.jpg?resize=150%2C150&ssl=1",150,150,true],"medium":["https:\/\/i0.wp.com\/infos-droitshumains.net\/wp-content\/uploads\/2022\/08\/IMG-20220825-WA0023_1.jpg?fit=300%2C225&ssl=1",300,225,true],"medium_large":["https:\/\/i0.wp.com\/infos-droitshumains.net\/wp-content\/uploads\/2022\/08\/IMG-20220825-WA0023_1.jpg?fit=640%2C479&ssl=1",640,479,true],"large":["https:\/\/i0.wp.com\/infos-droitshumains.net\/wp-content\/uploads\/2022\/08\/IMG-20220825-WA0023_1.jpg?fit=640%2C479&ssl=1",640,479,true],"1536x1536":["https:\/\/i0.wp.com\/infos-droitshumains.net\/wp-content\/uploads\/2022\/08\/IMG-20220825-WA0023_1.jpg?fit=1080%2C809&ssl=1",1080,809,true],"2048x2048":["https:\/\/i0.wp.com\/infos-droitshumains.net\/wp-content\/uploads\/2022\/08\/IMG-20220825-WA0023_1.jpg?fit=1080%2C809&ssl=1",1080,809,true],"covernews-slider-full":["https:\/\/i0.wp.com\/infos-droitshumains.net\/wp-content\/uploads\/2022\/08\/IMG-20220825-WA0023_1.jpg?resize=1080%2C715&ssl=1",1080,715,true],"covernews-slider-center":["https:\/\/i0.wp.com\/infos-droitshumains.net\/wp-content\/uploads\/2022\/08\/IMG-20220825-WA0023_1.jpg?resize=800%2C500&ssl=1",800,500,true],"covernews-featured":["https:\/\/i0.wp.com\/infos-droitshumains.net\/wp-content\/uploads\/2022\/08\/IMG-20220825-WA0023_1.jpg?fit=1024%2C767&ssl=1",1024,767,true],"covernews-medium":["https:\/\/i0.wp.com\/infos-droitshumains.net\/wp-content\/uploads\/2022\/08\/IMG-20220825-WA0023_1.jpg?resize=540%2C340&ssl=1",540,340,true],"covernews-medium-square":["https:\/\/i0.wp.com\/infos-droitshumains.net\/wp-content\/uploads\/2022\/08\/IMG-20220825-WA0023_1.jpg?resize=400%2C250&ssl=1",400,250,true]},"author_info":{"display_name":"Jo\u00ebl Diawa","author_link":"https:\/\/infos-droitshumains.net\/?author=2"},"category_info":"<a href=\"https:\/\/infos-droitshumains.net\/?cat=7\" rel=\"category\">Droits Humains<\/a>","tag_info":"Droits Humains","comment_count":"0","jetpack_featured_media_url":"https:\/\/i0.wp.com\/infos-droitshumains.net\/wp-content\/uploads\/2022\/08\/IMG-20220825-WA0023_1.jpg?fit=1080%2C809&ssl=1","jetpack-related-posts":[],"jetpack_sharing_enabled":true,"_links":{"self":[{"href":"https:\/\/infos-droitshumains.net\/index.php?rest_route=\/wp\/v2\/posts\/4812","targetHints":{"allow":["GET"]}}],"collection":[{"href":"https:\/\/infos-droitshumains.net\/index.php?rest_route=\/wp\/v2\/posts"}],"about":[{"href":"https:\/\/infos-droitshumains.net\/index.php?rest_route=\/wp\/v2\/types\/post"}],"author":[{"embeddable":true,"href":"https:\/\/infos-droitshumains.net\/index.php?rest_route=\/wp\/v2\/users\/2"}],"replies":[{"embeddable":true,"href":"https:\/\/infos-droitshumains.net\/index.php?rest_route=%2Fwp%2Fv2%2Fcomments&post=4812"}],"version-history":[{"count":9,"href":"https:\/\/infos-droitshumains.net\/index.php?rest_route=\/wp\/v2\/posts\/4812\/revisions"}],"predecessor-version":[{"id":4835,"href":"https:\/\/infos-droitshumains.net\/index.php?rest_route=\/wp\/v2\/posts\/4812\/revisions\/4835"}],"wp:featuredmedia":[{"embeddable":true,"href":"https:\/\/infos-droitshumains.net\/index.php?rest_route=\/wp\/v2\/media\/4814"}],"wp:attachment":[{"href":"https:\/\/infos-droitshumains.net\/index.php?rest_route=%2Fwp%2Fv2%2Fmedia&parent=4812"}],"wp:term":[{"taxonomy":"category","embeddable":true,"href":"https:\/\/infos-droitshumains.net\/index.php?rest_route=%2Fwp%2Fv2%2Fcategories&post=4812"},{"taxonomy":"post_tag","embeddable":true,"href":"https:\/\/infos-droitshumains.net\/index.php?rest_route=%2Fwp%2Fv2%2Ftags&post=4812"}],"curies":[{"name":"wp","href":"https:\/\/api.w.org\/{rel}","templated":true}]}}