{"id":4788,"date":"2022-08-24T23:42:12","date_gmt":"2022-08-24T21:42:12","guid":{"rendered":"https:\/\/infos-droitshumains.net\/?p=4788"},"modified":"2022-08-24T23:56:13","modified_gmt":"2022-08-24T21:56:13","slug":"ouverture-de-la-deuxieme-edition-des-universites-du-jeune-avocat-a-kinshasa-le-rubac-beneficie-du-soutien-de-autorites-ordinales","status":"publish","type":"post","link":"https:\/\/infos-droitshumains.net\/?p=4788","title":{"rendered":"Ouverture de la deuxi\u00e8me \u00e9dition des Universit\u00e9s du Jeune Avocat:A Kinshasa, le RUBAC b\u00e9n\u00e9ficie du soutien de autorit\u00e9s ordinales"},"content":{"rendered":"\n<p>R\u00e9daction :+243817406088<\/p>\n\n\n\n<p>Kinshasa vibre depuis ce mercredi au rythme de la deuxi\u00e8me \u00e9dition des Universit\u00e9s du Jeune Avocat, ces assises organis\u00e9es par le R\u00e9seau des Unions et Associations des Jeunes Avocats des Barreaux d\u2019Afrique Centrale, RUBAC se tiennent \u00e0 Kinshasa sous le th\u00e8me : <strong>\u00abL\u2019avocat face aux march\u00e9s des nouveaux droits \u00bb<\/strong>.<\/p>\n\n\n\n<p><em>\u00abCe th\u00e8me a \u00e9t\u00e9 choisi dans l\u2019int\u00e9r\u00eat de pouvoir ouvrir des acc<\/em>ueillie <em>ombreuses perspectives aux jeunes confr\u00e8res sur des nouveaux d\u00e9fis que le droit nous impose aux travers des activit\u00e9s de plus en plus intense et de plus en plus complexe \u00bb,<\/em> a expliqu\u00e9 ma\u00eetre Junior Kapuya, Vice-Pr\u00e9sident du RUBAC et membre de l\u2019Union des Jeunes Avocats de Kinshasa qui a ses Universit\u00e9s.<\/p>\n\n\n\n<figure class=\"wp-block-image alignfull size-large\"><img data-recalc-dims=\"1\" fetchpriority=\"high\" decoding=\"async\" width=\"640\" height=\"480\" src=\"https:\/\/i0.wp.com\/infos-droitshumains.net\/wp-content\/uploads\/2022\/08\/IMG-20220824-WA0062_1.jpg?resize=640%2C480&#038;ssl=1\" alt=\"\" class=\"wp-image-4794\" srcset=\"https:\/\/i0.wp.com\/infos-droitshumains.net\/wp-content\/uploads\/2022\/08\/IMG-20220824-WA0062_1.jpg?resize=1024%2C768&amp;ssl=1 1024w, https:\/\/i0.wp.com\/infos-droitshumains.net\/wp-content\/uploads\/2022\/08\/IMG-20220824-WA0062_1.jpg?resize=300%2C225&amp;ssl=1 300w, https:\/\/i0.wp.com\/infos-droitshumains.net\/wp-content\/uploads\/2022\/08\/IMG-20220824-WA0062_1.jpg?resize=768%2C576&amp;ssl=1 768w, https:\/\/i0.wp.com\/infos-droitshumains.net\/wp-content\/uploads\/2022\/08\/IMG-20220824-WA0062_1.jpg?w=1080&amp;ssl=1 1080w\" sizes=\"(max-width: 640px) 100vw, 640px\" \/><\/figure>\n\n\n\n<p>L\u2019objectif \u00e9tant d\u2019inciter le jeune avocat \u00e0 des nouvelles opportunit\u00e9s et de facilit\u00e9 la libre circulation au sein de la Communaut\u00e9 des Etas d\u2019Afrique Centrale, le RUBAC peut \u00eatre assur\u00e9 du soutien ind\u00e9fectible des autorit\u00e9s ordinales des diff\u00e9rents barreaux de la sous-r\u00e9gion a rassur\u00e9 Ma\u00eetre Jean-Claude Mbaki Siluzaku b\u00e2tonnier de l\u2019ordre du barreau de Kinhsasa-Gombe.<\/p>\n\n\n\n<p><em>\u00abL\u2019enjeu du d\u00e9veloppement de l\u2019Afrique tourne au tour de son int\u00e9gration. Aujourd\u2019hui les jeunes avocats de l\u2019Afrique Centrale prennent le risque de se regrouper pour un objectif commun \u00e0 savoir, prester dans l\u2019espace de l\u2019Afrique Centrale sans fronti\u00e8re est un d\u00e9fi. Je vous assure dans ce combat, vous aurez de votre c\u00f4t\u00e9, le soutien de vos b\u00e2tonniers \u00bb<\/em>.<\/p>\n\n\n\n<figure class=\"wp-block-image alignfull size-large\"><img data-recalc-dims=\"1\" decoding=\"async\" width=\"640\" height=\"494\" src=\"https:\/\/i0.wp.com\/infos-droitshumains.net\/wp-content\/uploads\/2022\/08\/IMG-20220824-WA0051_1.jpg?resize=640%2C494&#038;ssl=1\" alt=\"\" class=\"wp-image-4797\" srcset=\"https:\/\/i0.wp.com\/infos-droitshumains.net\/wp-content\/uploads\/2022\/08\/IMG-20220824-WA0051_1.jpg?resize=1024%2C791&amp;ssl=1 1024w, https:\/\/i0.wp.com\/infos-droitshumains.net\/wp-content\/uploads\/2022\/08\/IMG-20220824-WA0051_1.jpg?resize=300%2C232&amp;ssl=1 300w, https:\/\/i0.wp.com\/infos-droitshumains.net\/wp-content\/uploads\/2022\/08\/IMG-20220824-WA0051_1.jpg?resize=768%2C593&amp;ssl=1 768w, https:\/\/i0.wp.com\/infos-droitshumains.net\/wp-content\/uploads\/2022\/08\/IMG-20220824-WA0051_1.jpg?w=1080&amp;ssl=1 1080w\" sizes=\"(max-width: 640px) 100vw, 640px\" \/><\/figure>\n\n\n\n<p>Le R\u00e9seau des Union et Association des Jeunes Avocats des barreaux d\u2019Afrique Centrale se r\u00e9jouit ainsi de constater une augmentation du nombre des participants par rapport \u00e0 la premi\u00e8re \u00e9dition.<\/p>\n\n\n\n<figure class=\"wp-block-image alignfull size-large\"><img data-recalc-dims=\"1\" decoding=\"async\" width=\"640\" height=\"480\" src=\"https:\/\/i0.wp.com\/infos-droitshumains.net\/wp-content\/uploads\/2022\/08\/IMG-20220824-WA0064_1.jpg?resize=640%2C480&#038;ssl=1\" alt=\"\" class=\"wp-image-4799\" srcset=\"https:\/\/i0.wp.com\/infos-droitshumains.net\/wp-content\/uploads\/2022\/08\/IMG-20220824-WA0064_1.jpg?resize=1024%2C768&amp;ssl=1 1024w, https:\/\/i0.wp.com\/infos-droitshumains.net\/wp-content\/uploads\/2022\/08\/IMG-20220824-WA0064_1.jpg?resize=300%2C225&amp;ssl=1 300w, https:\/\/i0.wp.com\/infos-droitshumains.net\/wp-content\/uploads\/2022\/08\/IMG-20220824-WA0064_1.jpg?resize=768%2C576&amp;ssl=1 768w, https:\/\/i0.wp.com\/infos-droitshumains.net\/wp-content\/uploads\/2022\/08\/IMG-20220824-WA0064_1.jpg?w=1080&amp;ssl=1 1080w\" sizes=\"(max-width: 640px) 100vw, 640px\" \/><\/figure>\n\n\n\n<figure class=\"wp-block-image alignfull size-full\"><img data-recalc-dims=\"1\" loading=\"lazy\" decoding=\"async\" width=\"640\" height=\"480\" src=\"https:\/\/i0.wp.com\/infos-droitshumains.net\/wp-content\/uploads\/2022\/08\/IMG-20220824-WA0061_1.jpg?resize=640%2C480&#038;ssl=1\" alt=\"\" class=\"wp-image-4802\" srcset=\"https:\/\/i0.wp.com\/infos-droitshumains.net\/wp-content\/uploads\/2022\/08\/IMG-20220824-WA0061_1.jpg?w=992&amp;ssl=1 992w, https:\/\/i0.wp.com\/infos-droitshumains.net\/wp-content\/uploads\/2022\/08\/IMG-20220824-WA0061_1.jpg?resize=300%2C225&amp;ssl=1 300w, https:\/\/i0.wp.com\/infos-droitshumains.net\/wp-content\/uploads\/2022\/08\/IMG-20220824-WA0061_1.jpg?resize=768%2C576&amp;ssl=1 768w\" sizes=\"(max-width: 640px) 100vw, 640px\" \/><\/figure>\n\n\n\n<p><em>\u00ab La particularit\u00e9 de cette deuxi\u00e8me \u00e9dition c\u2019est qu\u2019il y a vraiment un agrandissement de notre r\u00e9seau. Au d\u00e9part nous n\u2019avions que cinq Unions des Jeunes Avocats des barreaux de notre sous-r\u00e9gion. Aujourd\u2019hui nous sommes au-del\u00e0 de 15. Les perspectives c\u2019est de faire en sorte que l\u2019avocat de la sous-r\u00e9gion de la CEAC soit bien int\u00e9gr\u00e9, soit bien form\u00e9 et soit comp\u00e9titif face aux nouveaux march\u00e9s \u00bb, <\/em>a d\u00e9clar\u00e9 Me. Audrey Bikindou, pr\u00e9sident du RUBAC.<\/p>\n\n\n\n<p>Les assises de Kinshasa connaissent aussi la participation d\u2019une forte d\u00e9l\u00e9gation des Unions des Jeunes Avocats de la zone UEMOA qui sont r\u00e9solument engag\u00e9s \u00e0 mutualiser leur exp\u00e9rience avec celle de leurs confr\u00e8res de la zone CEAC.<\/p>\n\n\n\n<p><em>\u00ab Avec nos confr\u00e8re d\u2019Afrique Centrale, nous partageons presque tous le temps les exp\u00e9riences. C\u2019est dans ce cadre qu\u2019ils nous ont invit\u00e9 \u00e0 Kinshasa. J\u2019\u00e9tais \u00e0 la premi\u00e8re \u00e9dition \u00e0 pointe noire, me voil\u00e0 aujourd\u2019hui \u00e0 Kinshasa pour leur parler de <strong>\u00abl\u2019acte d\u2019avocat \u00bb,<\/strong> troisi\u00e8me type d\u2019acte diff\u00e8rent de l\u2019acte authentique que nous connaissons et de l\u2019acte au seing priv\u00e9. Cet acte, nous l\u2019avons l\u00e9gif\u00e9r\u00e9 dans l\u2019espace UEMOA, et je voulais partager cette exp\u00e9rience avec nos confr\u00e8re d\u2019Afrique Centrale \u00bb<\/em>, a promis Maitre Isma\u00ebl Naino du barreau de Niamey au Niger.<\/p>\n\n\n\n<p><em>\u00ab Depuis 2009, nos homologues de l\u2019UMOA ont r\u00e9ussi le pari d\u2019harmoniser et d\u2019uniformiser les r\u00e8gles de l\u2019exercice de la profession d\u2019avocat. Ce n\u2019est que normal que nous puissions les appeler pour qu\u2019ils nous partagent leur exp\u00e9rience de sorte \u00e0 nous en r\u00e9f\u00e9rer et \u00e0 contextualiser cela dans le cadre de notre sous-r\u00e9gion \u00bb<\/em>, s\u2019est satisfait le pr\u00e9sident du RUBAC.<\/p>\n\n\n\n<p>Plusieurs sujets seront abord\u00e9s durant les deux jours des travaux scientifiques avant le quartier libre qui est pr\u00e9vu le samedi. Certains magistrats ont \u00e9galement assist\u00e9 \u00e0 cette s\u00e9ance inaugurale dont Ga\u00ebl Yimbi Wete, pr\u00e9sident du tribunal de paix de Kinshasa-Gombe<\/p>\n\n\n\n<p>Jo\u00ebl Diawa<\/p>\n","protected":false},"excerpt":{"rendered":"<p>R\u00e9daction :+243817406088 Kinshasa vibre depuis ce mercredi au rythme de la deuxi\u00e8me \u00e9dition des Universit\u00e9s&#8230;<\/p>\n","protected":false},"author":2,"featured_media":4793,"comment_status":"open","ping_status":"open","sticky":false,"template":"","format":"standard","meta":{"_jetpack_memberships_contains_paid_content":false,"footnotes":""},"categories":[6],"tags":[],"class_list":["post-4788","post","type-post","status-publish","format-standard","has-post-thumbnail","hentry","category-justice"],"yoast_head":"<!-- This site is optimized with the Yoast SEO plugin v27.5 - https:\/\/yoast.com\/product\/yoast-seo-wordpress\/ -->\n<title>Ouverture de la deuxi\u00e8me \u00e9dition des Universit\u00e9s du Jeune Avocat:A Kinshasa, le RUBAC b\u00e9n\u00e9ficie du soutien de autorit\u00e9s ordinales - Infos Droits Humains<\/title>\n<meta name=\"robots\" content=\"index, follow, max-snippet:-1, max-image-preview:large, max-video-preview:-1\" \/>\n<link rel=\"canonical\" href=\"https:\/\/infos-droitshumains.net\/?p=4788\" \/>\n<meta property=\"og:locale\" content=\"fr_FR\" \/>\n<meta property=\"og:type\" content=\"article\" \/>\n<meta property=\"og:title\" content=\"Ouverture de la deuxi\u00e8me \u00e9dition des Universit\u00e9s du Jeune Avocat:A Kinshasa, le RUBAC b\u00e9n\u00e9ficie du soutien de autorit\u00e9s ordinales - Infos Droits Humains\" \/>\n<meta property=\"og:description\" content=\"R\u00e9daction :+243817406088 Kinshasa vibre depuis ce mercredi au rythme de la deuxi\u00e8me \u00e9dition des Universit\u00e9s...\" \/>\n<meta property=\"og:url\" content=\"https:\/\/infos-droitshumains.net\/?p=4788\" \/>\n<meta property=\"og:site_name\" content=\"Infos Droits Humains\" \/>\n<meta property=\"article:published_time\" content=\"2022-08-24T21:42:12+00:00\" \/>\n<meta property=\"article:modified_time\" content=\"2022-08-24T21:56:13+00:00\" \/>\n<meta property=\"og:image\" content=\"https:\/\/i0.wp.com\/infos-droitshumains.net\/wp-content\/uploads\/2022\/08\/IMG-20220824-WA0057_1.jpg?fit=1080%2C810&ssl=1\" \/>\n\t<meta property=\"og:image:width\" content=\"1080\" \/>\n\t<meta property=\"og:image:height\" content=\"810\" \/>\n\t<meta property=\"og:image:type\" content=\"image\/jpeg\" \/>\n<meta name=\"author\" content=\"Jo\u00ebl Diawa\" \/>\n<meta name=\"twitter:card\" content=\"summary_large_image\" \/>\n<meta name=\"twitter:label1\" content=\"\u00c9crit par\" \/>\n\t<meta name=\"twitter:data1\" content=\"Jo\u00ebl Diawa\" \/>\n\t<meta name=\"twitter:label2\" content=\"Dur\u00e9e de lecture estim\u00e9e\" \/>\n\t<meta name=\"twitter:data2\" content=\"3 minutes\" \/>\n<script type=\"application\/ld+json\" class=\"yoast-schema-graph\">{\"@context\":\"https:\\\/\\\/schema.org\",\"@graph\":[{\"@type\":\"Article\",\"@id\":\"https:\\\/\\\/infos-droitshumains.net\\\/?p=4788#article\",\"isPartOf\":{\"@id\":\"https:\\\/\\\/infos-droitshumains.net\\\/?p=4788\"},\"author\":{\"name\":\"Jo\u00ebl Diawa\",\"@id\":\"https:\\\/\\\/infos-droitshumains.net\\\/#\\\/schema\\\/person\\\/3dc5e921c3302172e0ed4362f96faab7\"},\"headline\":\"Ouverture de la deuxi\u00e8me \u00e9dition des Universit\u00e9s du Jeune Avocat:A Kinshasa, le RUBAC b\u00e9n\u00e9ficie du soutien de autorit\u00e9s ordinales\",\"datePublished\":\"2022-08-24T21:42:12+00:00\",\"dateModified\":\"2022-08-24T21:56:13+00:00\",\"mainEntityOfPage\":{\"@id\":\"https:\\\/\\\/infos-droitshumains.net\\\/?p=4788\"},\"wordCount\":676,\"commentCount\":0,\"publisher\":{\"@id\":\"https:\\\/\\\/infos-droitshumains.net\\\/#organization\"},\"image\":{\"@id\":\"https:\\\/\\\/infos-droitshumains.net\\\/?p=4788#primaryimage\"},\"thumbnailUrl\":\"https:\\\/\\\/i0.wp.com\\\/infos-droitshumains.net\\\/wp-content\\\/uploads\\\/2022\\\/08\\\/IMG-20220824-WA0057_1.jpg?fit=1080%2C810&ssl=1\",\"articleSection\":[\"Justice\"],\"inLanguage\":\"fr-FR\",\"potentialAction\":[{\"@type\":\"CommentAction\",\"name\":\"Comment\",\"target\":[\"https:\\\/\\\/infos-droitshumains.net\\\/?p=4788#respond\"]}]},{\"@type\":\"WebPage\",\"@id\":\"https:\\\/\\\/infos-droitshumains.net\\\/?p=4788\",\"url\":\"https:\\\/\\\/infos-droitshumains.net\\\/?p=4788\",\"name\":\"Ouverture de la deuxi\u00e8me \u00e9dition des Universit\u00e9s du Jeune Avocat:A Kinshasa, le RUBAC b\u00e9n\u00e9ficie du soutien de autorit\u00e9s ordinales - Infos Droits Humains\",\"isPartOf\":{\"@id\":\"https:\\\/\\\/infos-droitshumains.net\\\/#website\"},\"primaryImageOfPage\":{\"@id\":\"https:\\\/\\\/infos-droitshumains.net\\\/?p=4788#primaryimage\"},\"image\":{\"@id\":\"https:\\\/\\\/infos-droitshumains.net\\\/?p=4788#primaryimage\"},\"thumbnailUrl\":\"https:\\\/\\\/i0.wp.com\\\/infos-droitshumains.net\\\/wp-content\\\/uploads\\\/2022\\\/08\\\/IMG-20220824-WA0057_1.jpg?fit=1080%2C810&ssl=1\",\"datePublished\":\"2022-08-24T21:42:12+00:00\",\"dateModified\":\"2022-08-24T21:56:13+00:00\",\"breadcrumb\":{\"@id\":\"https:\\\/\\\/infos-droitshumains.net\\\/?p=4788#breadcrumb\"},\"inLanguage\":\"fr-FR\",\"potentialAction\":[{\"@type\":\"ReadAction\",\"target\":[\"https:\\\/\\\/infos-droitshumains.net\\\/?p=4788\"]}]},{\"@type\":\"ImageObject\",\"inLanguage\":\"fr-FR\",\"@id\":\"https:\\\/\\\/infos-droitshumains.net\\\/?p=4788#primaryimage\",\"url\":\"https:\\\/\\\/i0.wp.com\\\/infos-droitshumains.net\\\/wp-content\\\/uploads\\\/2022\\\/08\\\/IMG-20220824-WA0057_1.jpg?fit=1080%2C810&ssl=1\",\"contentUrl\":\"https:\\\/\\\/i0.wp.com\\\/infos-droitshumains.net\\\/wp-content\\\/uploads\\\/2022\\\/08\\\/IMG-20220824-WA0057_1.jpg?fit=1080%2C810&ssl=1\",\"width\":1080,\"height\":810},{\"@type\":\"BreadcrumbList\",\"@id\":\"https:\\\/\\\/infos-droitshumains.net\\\/?p=4788#breadcrumb\",\"itemListElement\":[{\"@type\":\"ListItem\",\"position\":1,\"name\":\"Accueil\",\"item\":\"https:\\\/\\\/infos-droitshumains.net\\\/\"},{\"@type\":\"ListItem\",\"position\":2,\"name\":\"Ouverture de la deuxi\u00e8me \u00e9dition des Universit\u00e9s du Jeune Avocat:A Kinshasa, le RUBAC b\u00e9n\u00e9ficie du soutien de autorit\u00e9s ordinales\"}]},{\"@type\":\"WebSite\",\"@id\":\"https:\\\/\\\/infos-droitshumains.net\\\/#website\",\"url\":\"https:\\\/\\\/infos-droitshumains.net\\\/\",\"name\":\"Infos Droits Humains\",\"description\":\"S&#039;informer est un droit\",\"publisher\":{\"@id\":\"https:\\\/\\\/infos-droitshumains.net\\\/#organization\"},\"potentialAction\":[{\"@type\":\"SearchAction\",\"target\":{\"@type\":\"EntryPoint\",\"urlTemplate\":\"https:\\\/\\\/infos-droitshumains.net\\\/?s={search_term_string}\"},\"query-input\":{\"@type\":\"PropertyValueSpecification\",\"valueRequired\":true,\"valueName\":\"search_term_string\"}}],\"inLanguage\":\"fr-FR\"},{\"@type\":\"Organization\",\"@id\":\"https:\\\/\\\/infos-droitshumains.net\\\/#organization\",\"name\":\"Infos Droits Humains\",\"url\":\"https:\\\/\\\/infos-droitshumains.net\\\/\",\"logo\":{\"@type\":\"ImageObject\",\"inLanguage\":\"fr-FR\",\"@id\":\"https:\\\/\\\/infos-droitshumains.net\\\/#\\\/schema\\\/logo\\\/image\\\/\",\"url\":\"https:\\\/\\\/i0.wp.com\\\/infos-droitshumains.net\\\/wp-content\\\/uploads\\\/2022\\\/05\\\/Logo.png?fit=333%2C129&ssl=1\",\"contentUrl\":\"https:\\\/\\\/i0.wp.com\\\/infos-droitshumains.net\\\/wp-content\\\/uploads\\\/2022\\\/05\\\/Logo.png?fit=333%2C129&ssl=1\",\"width\":333,\"height\":129,\"caption\":\"Infos Droits Humains\"},\"image\":{\"@id\":\"https:\\\/\\\/infos-droitshumains.net\\\/#\\\/schema\\\/logo\\\/image\\\/\"}},{\"@type\":\"Person\",\"@id\":\"https:\\\/\\\/infos-droitshumains.net\\\/#\\\/schema\\\/person\\\/3dc5e921c3302172e0ed4362f96faab7\",\"name\":\"Jo\u00ebl Diawa\",\"image\":{\"@type\":\"ImageObject\",\"inLanguage\":\"fr-FR\",\"@id\":\"https:\\\/\\\/secure.gravatar.com\\\/avatar\\\/729bea6ff4604c624417803c477363be8e3c7186deaa65713313f9b4b820f41c?s=96&d=mm&r=g\",\"url\":\"https:\\\/\\\/secure.gravatar.com\\\/avatar\\\/729bea6ff4604c624417803c477363be8e3c7186deaa65713313f9b4b820f41c?s=96&d=mm&r=g\",\"contentUrl\":\"https:\\\/\\\/secure.gravatar.com\\\/avatar\\\/729bea6ff4604c624417803c477363be8e3c7186deaa65713313f9b4b820f41c?s=96&d=mm&r=g\",\"caption\":\"Jo\u00ebl Diawa\"},\"sameAs\":[\"https:\\\/\\\/www.infos-droitshumains.net\"],\"url\":\"https:\\\/\\\/infos-droitshumains.net\\\/?author=2\"}]}<\/script>\n<!-- \/ Yoast SEO plugin. -->","yoast_head_json":{"title":"Ouverture de la deuxi\u00e8me \u00e9dition des Universit\u00e9s du Jeune Avocat:A Kinshasa, le RUBAC b\u00e9n\u00e9ficie du soutien de autorit\u00e9s ordinales - Infos Droits Humains","robots":{"index":"index","follow":"follow","max-snippet":"max-snippet:-1","max-image-preview":"max-image-preview:large","max-video-preview":"max-video-preview:-1"},"canonical":"https:\/\/infos-droitshumains.net\/?p=4788","og_locale":"fr_FR","og_type":"article","og_title":"Ouverture de la deuxi\u00e8me \u00e9dition des Universit\u00e9s du Jeune Avocat:A Kinshasa, le RUBAC b\u00e9n\u00e9ficie du soutien de autorit\u00e9s ordinales - Infos Droits Humains","og_description":"R\u00e9daction :+243817406088 Kinshasa vibre depuis ce mercredi au rythme de la deuxi\u00e8me \u00e9dition des Universit\u00e9s...","og_url":"https:\/\/infos-droitshumains.net\/?p=4788","og_site_name":"Infos Droits Humains","article_published_time":"2022-08-24T21:42:12+00:00","article_modified_time":"2022-08-24T21:56:13+00:00","og_image":[{"width":1080,"height":810,"url":"https:\/\/i0.wp.com\/infos-droitshumains.net\/wp-content\/uploads\/2022\/08\/IMG-20220824-WA0057_1.jpg?fit=1080%2C810&ssl=1","type":"image\/jpeg"}],"author":"Jo\u00ebl Diawa","twitter_card":"summary_large_image","twitter_misc":{"\u00c9crit par":"Jo\u00ebl Diawa","Dur\u00e9e de lecture estim\u00e9e":"3 minutes"},"schema":{"@context":"https:\/\/schema.org","@graph":[{"@type":"Article","@id":"https:\/\/infos-droitshumains.net\/?p=4788#article","isPartOf":{"@id":"https:\/\/infos-droitshumains.net\/?p=4788"},"author":{"name":"Jo\u00ebl Diawa","@id":"https:\/\/infos-droitshumains.net\/#\/schema\/person\/3dc5e921c3302172e0ed4362f96faab7"},"headline":"Ouverture de la deuxi\u00e8me \u00e9dition des Universit\u00e9s du Jeune Avocat:A Kinshasa, le RUBAC b\u00e9n\u00e9ficie du soutien de autorit\u00e9s ordinales","datePublished":"2022-08-24T21:42:12+00:00","dateModified":"2022-08-24T21:56:13+00:00","mainEntityOfPage":{"@id":"https:\/\/infos-droitshumains.net\/?p=4788"},"wordCount":676,"commentCount":0,"publisher":{"@id":"https:\/\/infos-droitshumains.net\/#organization"},"image":{"@id":"https:\/\/infos-droitshumains.net\/?p=4788#primaryimage"},"thumbnailUrl":"https:\/\/i0.wp.com\/infos-droitshumains.net\/wp-content\/uploads\/2022\/08\/IMG-20220824-WA0057_1.jpg?fit=1080%2C810&ssl=1","articleSection":["Justice"],"inLanguage":"fr-FR","potentialAction":[{"@type":"CommentAction","name":"Comment","target":["https:\/\/infos-droitshumains.net\/?p=4788#respond"]}]},{"@type":"WebPage","@id":"https:\/\/infos-droitshumains.net\/?p=4788","url":"https:\/\/infos-droitshumains.net\/?p=4788","name":"Ouverture de la deuxi\u00e8me \u00e9dition des Universit\u00e9s du Jeune Avocat:A Kinshasa, le RUBAC b\u00e9n\u00e9ficie du soutien de autorit\u00e9s ordinales - Infos Droits Humains","isPartOf":{"@id":"https:\/\/infos-droitshumains.net\/#website"},"primaryImageOfPage":{"@id":"https:\/\/infos-droitshumains.net\/?p=4788#primaryimage"},"image":{"@id":"https:\/\/infos-droitshumains.net\/?p=4788#primaryimage"},"thumbnailUrl":"https:\/\/i0.wp.com\/infos-droitshumains.net\/wp-content\/uploads\/2022\/08\/IMG-20220824-WA0057_1.jpg?fit=1080%2C810&ssl=1","datePublished":"2022-08-24T21:42:12+00:00","dateModified":"2022-08-24T21:56:13+00:00","breadcrumb":{"@id":"https:\/\/infos-droitshumains.net\/?p=4788#breadcrumb"},"inLanguage":"fr-FR","potentialAction":[{"@type":"ReadAction","target":["https:\/\/infos-droitshumains.net\/?p=4788"]}]},{"@type":"ImageObject","inLanguage":"fr-FR","@id":"https:\/\/infos-droitshumains.net\/?p=4788#primaryimage","url":"https:\/\/i0.wp.com\/infos-droitshumains.net\/wp-content\/uploads\/2022\/08\/IMG-20220824-WA0057_1.jpg?fit=1080%2C810&ssl=1","contentUrl":"https:\/\/i0.wp.com\/infos-droitshumains.net\/wp-content\/uploads\/2022\/08\/IMG-20220824-WA0057_1.jpg?fit=1080%2C810&ssl=1","width":1080,"height":810},{"@type":"BreadcrumbList","@id":"https:\/\/infos-droitshumains.net\/?p=4788#breadcrumb","itemListElement":[{"@type":"ListItem","position":1,"name":"Accueil","item":"https:\/\/infos-droitshumains.net\/"},{"@type":"ListItem","position":2,"name":"Ouverture de la deuxi\u00e8me \u00e9dition des Universit\u00e9s du Jeune Avocat:A Kinshasa, le RUBAC b\u00e9n\u00e9ficie du soutien de autorit\u00e9s ordinales"}]},{"@type":"WebSite","@id":"https:\/\/infos-droitshumains.net\/#website","url":"https:\/\/infos-droitshumains.net\/","name":"Infos Droits Humains","description":"S&#039;informer est un droit","publisher":{"@id":"https:\/\/infos-droitshumains.net\/#organization"},"potentialAction":[{"@type":"SearchAction","target":{"@type":"EntryPoint","urlTemplate":"https:\/\/infos-droitshumains.net\/?s={search_term_string}"},"query-input":{"@type":"PropertyValueSpecification","valueRequired":true,"valueName":"search_term_string"}}],"inLanguage":"fr-FR"},{"@type":"Organization","@id":"https:\/\/infos-droitshumains.net\/#organization","name":"Infos Droits Humains","url":"https:\/\/infos-droitshumains.net\/","logo":{"@type":"ImageObject","inLanguage":"fr-FR","@id":"https:\/\/infos-droitshumains.net\/#\/schema\/logo\/image\/","url":"https:\/\/i0.wp.com\/infos-droitshumains.net\/wp-content\/uploads\/2022\/05\/Logo.png?fit=333%2C129&ssl=1","contentUrl":"https:\/\/i0.wp.com\/infos-droitshumains.net\/wp-content\/uploads\/2022\/05\/Logo.png?fit=333%2C129&ssl=1","width":333,"height":129,"caption":"Infos Droits Humains"},"image":{"@id":"https:\/\/infos-droitshumains.net\/#\/schema\/logo\/image\/"}},{"@type":"Person","@id":"https:\/\/infos-droitshumains.net\/#\/schema\/person\/3dc5e921c3302172e0ed4362f96faab7","name":"Jo\u00ebl Diawa","image":{"@type":"ImageObject","inLanguage":"fr-FR","@id":"https:\/\/secure.gravatar.com\/avatar\/729bea6ff4604c624417803c477363be8e3c7186deaa65713313f9b4b820f41c?s=96&d=mm&r=g","url":"https:\/\/secure.gravatar.com\/avatar\/729bea6ff4604c624417803c477363be8e3c7186deaa65713313f9b4b820f41c?s=96&d=mm&r=g","contentUrl":"https:\/\/secure.gravatar.com\/avatar\/729bea6ff4604c624417803c477363be8e3c7186deaa65713313f9b4b820f41c?s=96&d=mm&r=g","caption":"Jo\u00ebl Diawa"},"sameAs":["https:\/\/www.infos-droitshumains.net"],"url":"https:\/\/infos-droitshumains.net\/?author=2"}]}},"featured_image_urls":{"full":["https:\/\/i0.wp.com\/infos-droitshumains.net\/wp-content\/uploads\/2022\/08\/IMG-20220824-WA0057_1.jpg?fit=1080%2C810&ssl=1",1080,810,false],"thumbnail":["https:\/\/i0.wp.com\/infos-droitshumains.net\/wp-content\/uploads\/2022\/08\/IMG-20220824-WA0057_1.jpg?resize=150%2C150&ssl=1",150,150,true],"medium":["https:\/\/i0.wp.com\/infos-droitshumains.net\/wp-content\/uploads\/2022\/08\/IMG-20220824-WA0057_1.jpg?fit=300%2C225&ssl=1",300,225,true],"medium_large":["https:\/\/i0.wp.com\/infos-droitshumains.net\/wp-content\/uploads\/2022\/08\/IMG-20220824-WA0057_1.jpg?fit=640%2C480&ssl=1",640,480,true],"large":["https:\/\/i0.wp.com\/infos-droitshumains.net\/wp-content\/uploads\/2022\/08\/IMG-20220824-WA0057_1.jpg?fit=640%2C480&ssl=1",640,480,true],"1536x1536":["https:\/\/i0.wp.com\/infos-droitshumains.net\/wp-content\/uploads\/2022\/08\/IMG-20220824-WA0057_1.jpg?fit=1080%2C810&ssl=1",1080,810,true],"2048x2048":["https:\/\/i0.wp.com\/infos-droitshumains.net\/wp-content\/uploads\/2022\/08\/IMG-20220824-WA0057_1.jpg?fit=1080%2C810&ssl=1",1080,810,true],"covernews-slider-full":["https:\/\/i0.wp.com\/infos-droitshumains.net\/wp-content\/uploads\/2022\/08\/IMG-20220824-WA0057_1.jpg?resize=1080%2C715&ssl=1",1080,715,true],"covernews-slider-center":["https:\/\/i0.wp.com\/infos-droitshumains.net\/wp-content\/uploads\/2022\/08\/IMG-20220824-WA0057_1.jpg?resize=800%2C500&ssl=1",800,500,true],"covernews-featured":["https:\/\/i0.wp.com\/infos-droitshumains.net\/wp-content\/uploads\/2022\/08\/IMG-20220824-WA0057_1.jpg?fit=1024%2C768&ssl=1",1024,768,true],"covernews-medium":["https:\/\/i0.wp.com\/infos-droitshumains.net\/wp-content\/uploads\/2022\/08\/IMG-20220824-WA0057_1.jpg?resize=540%2C340&ssl=1",540,340,true],"covernews-medium-square":["https:\/\/i0.wp.com\/infos-droitshumains.net\/wp-content\/uploads\/2022\/08\/IMG-20220824-WA0057_1.jpg?resize=400%2C250&ssl=1",400,250,true]},"author_info":{"display_name":"Jo\u00ebl Diawa","author_link":"https:\/\/infos-droitshumains.net\/?author=2"},"category_info":"<a href=\"https:\/\/infos-droitshumains.net\/?cat=6\" rel=\"category\">Justice<\/a>","tag_info":"Justice","comment_count":"0","jetpack_featured_media_url":"https:\/\/i0.wp.com\/infos-droitshumains.net\/wp-content\/uploads\/2022\/08\/IMG-20220824-WA0057_1.jpg?fit=1080%2C810&ssl=1","jetpack-related-posts":[],"jetpack_sharing_enabled":true,"_links":{"self":[{"href":"https:\/\/infos-droitshumains.net\/index.php?rest_route=\/wp\/v2\/posts\/4788","targetHints":{"allow":["GET"]}}],"collection":[{"href":"https:\/\/infos-droitshumains.net\/index.php?rest_route=\/wp\/v2\/posts"}],"about":[{"href":"https:\/\/infos-droitshumains.net\/index.php?rest_route=\/wp\/v2\/types\/post"}],"author":[{"embeddable":true,"href":"https:\/\/infos-droitshumains.net\/index.php?rest_route=\/wp\/v2\/users\/2"}],"replies":[{"embeddable":true,"href":"https:\/\/infos-droitshumains.net\/index.php?rest_route=%2Fwp%2Fv2%2Fcomments&post=4788"}],"version-history":[{"count":10,"href":"https:\/\/infos-droitshumains.net\/index.php?rest_route=\/wp\/v2\/posts\/4788\/revisions"}],"predecessor-version":[{"id":4807,"href":"https:\/\/infos-droitshumains.net\/index.php?rest_route=\/wp\/v2\/posts\/4788\/revisions\/4807"}],"wp:featuredmedia":[{"embeddable":true,"href":"https:\/\/infos-droitshumains.net\/index.php?rest_route=\/wp\/v2\/media\/4793"}],"wp:attachment":[{"href":"https:\/\/infos-droitshumains.net\/index.php?rest_route=%2Fwp%2Fv2%2Fmedia&parent=4788"}],"wp:term":[{"taxonomy":"category","embeddable":true,"href":"https:\/\/infos-droitshumains.net\/index.php?rest_route=%2Fwp%2Fv2%2Fcategories&post=4788"},{"taxonomy":"post_tag","embeddable":true,"href":"https:\/\/infos-droitshumains.net\/index.php?rest_route=%2Fwp%2Fv2%2Ftags&post=4788"}],"curies":[{"name":"wp","href":"https:\/\/api.w.org\/{rel}","templated":true}]}}