{"id":4778,"date":"2022-08-24T01:44:59","date_gmt":"2022-08-23T23:44:59","guid":{"rendered":"https:\/\/infos-droitshumains.net\/?p=4778"},"modified":"2022-08-24T01:52:37","modified_gmt":"2022-08-23T23:52:37","slug":"deuxieme-edition-des-universites-du-jeune-avocat-les-participants-fascines-par-laccueil-de-kinshasa-bien-avant-le-debut-des-travaux","status":"publish","type":"post","link":"https:\/\/infos-droitshumains.net\/?p=4778","title":{"rendered":"Deuxi\u00e8me \u00e9dition des Universit\u00e9s du jeune avocat :Les participants fascin\u00e9s par l\u2019accueil de Kinshasa bien avant le d\u00e9but des travaux"},"content":{"rendered":"\n<p><strong>R\u00e9daction:+243817406088<\/strong><\/p>\n\n\n\n<p>C\u2019est ce mercredi 24 aout que seront ouverts les travaux de la deuxi\u00e8me \u00e9dition des Universit\u00e9s du jeune avocat. Ces assises qui vont se tenir \u00e0 Kinshasa sont organis\u00e9es par le R\u00e9seau des Unions et Associations des Jeunes Avocats de l\u2019Afrique Centrale, RUBAC.<\/p>\n\n\n\n<p>En pr\u00e9lude des travaux proprement dits, les Unions des Jeunes avocats de la RDC, h\u00f4tes de la manifestation ont offert un d\u00eener dans la soir\u00e9e de ce mardi 23 ao\u00fbt aux d\u00e9l\u00e9gations des diff\u00e9rents pays qui ont foul\u00e9 le sol Kinois.<\/p>\n\n\n\n<p>Le RUBAC se dit tr\u00e8s fascin\u00e9 par l\u2019accueil que Kinshasa a r\u00e9serv\u00e9 \u00e0 ses membres. Pour son pr\u00e9sident, l\u2019accueil leur r\u00e9serv\u00e9 t\u00e9moignage toute la r\u00e9ussite de ces assises.<\/p>\n\n\n\n<p><em>\u00abNous sommes tr\u00e8s fascin\u00e9s, nous sommes tr\u00e8s marqu\u00e9s. \u00c7a ne me surprend pas parce-que l\u2019hospitalit\u00e9 et l\u2019accueil entrent dans l\u2019ADN du congolais de la RDC. Ce qui constitue la marque de la r\u00e9ussite de cette deuxi\u00e8me \u00e9dition, au-del\u00e0 de l\u2019accueil, il y a le repr\u00e9sentativit\u00e9 de toutes les Unions des Jeunes Avocats des pays de la sous-r\u00e9gion et des provinces. Cela d\u00e9note d\u00e9j\u00e0 l\u2019expression d\u2019une r\u00e9ussite de cette deuxi\u00e8me \u00e9dition \u00bb,<\/em> a dit Me. Audrey Bikindou, pr\u00e9sident du RUBAC.<\/p>\n\n\n\n<figure class=\"wp-block-image alignfull size-large is-resized\"><img data-recalc-dims=\"1\" fetchpriority=\"high\" decoding=\"async\" src=\"https:\/\/i0.wp.com\/infos-droitshumains.net\/wp-content\/uploads\/2022\/08\/IMG-20220823-WA0035_1.jpg?resize=360%2C480&#038;ssl=1\" alt=\"\" class=\"wp-image-4780\" width=\"360\" height=\"480\" srcset=\"https:\/\/i0.wp.com\/infos-droitshumains.net\/wp-content\/uploads\/2022\/08\/IMG-20220823-WA0035_1.jpg?resize=768%2C1024&amp;ssl=1 768w, https:\/\/i0.wp.com\/infos-droitshumains.net\/wp-content\/uploads\/2022\/08\/IMG-20220823-WA0035_1.jpg?resize=225%2C300&amp;ssl=1 225w, https:\/\/i0.wp.com\/infos-droitshumains.net\/wp-content\/uploads\/2022\/08\/IMG-20220823-WA0035_1.jpg?w=960&amp;ssl=1 960w\" sizes=\"(max-width: 360px) 100vw, 360px\" \/><figcaption>Me. Audrey Bikindou, pr\u00e9sident du RUBAC, lors du d\u00eener \u00e0 Kinshasa en pr\u00e9lude de la 2\u00e8me \u00e9dition des Universit\u00e9s du Jeune Avocat<\/figcaption><\/figure>\n\n\n\n<p>La RDC qui accueille cette deuxi\u00e8me \u00e9dition des Universit\u00e9s du Jeune Avocat occupe la Vice-pr\u00e9sidence du RUBAC. Me Junior Kapuya, d\u00e9tenteur de ce poste se montre tr\u00e8s satisfait d\u2019avoir relever un tel d\u00e9fi.<\/p>\n\n\n\n<p><em>\u00abNous \u00e9tions tr\u00e8s enthousiasm\u00e9s de savoir que nous allions organiser ce grand \u00e9v\u00e9nement, capter l\u2019attention de l\u2019ensemble de la sous-r\u00e9gion. C\u2019\u00e9tait un d\u00e9fi \u00e0 relever, je pense que nous sommes entrain de le faire. Nous nous sommes tenus mains dans la main, nous avons investi de l\u2019\u00e9nergie, du temps et des moyens pour que les r\u00e9sultats soient \u00e0 l\u2019attente des confr\u00e8res venus de la sous-r\u00e9gion pour qui, Kinshasa est une destination de tous les r\u00eaves \u00bb, <\/em>a-t-il d\u00e9clar\u00e9.<\/p>\n\n\n\n<figure class=\"wp-block-image alignfull size-large\"><img data-recalc-dims=\"1\" decoding=\"async\" width=\"640\" height=\"853\" src=\"https:\/\/i0.wp.com\/infos-droitshumains.net\/wp-content\/uploads\/2022\/08\/IMG-20220823-WA0033_1.jpg?resize=640%2C853&#038;ssl=1\" alt=\"\" class=\"wp-image-4784\" srcset=\"https:\/\/i0.wp.com\/infos-droitshumains.net\/wp-content\/uploads\/2022\/08\/IMG-20220823-WA0033_1.jpg?resize=768%2C1024&amp;ssl=1 768w, https:\/\/i0.wp.com\/infos-droitshumains.net\/wp-content\/uploads\/2022\/08\/IMG-20220823-WA0033_1.jpg?resize=225%2C300&amp;ssl=1 225w, https:\/\/i0.wp.com\/infos-droitshumains.net\/wp-content\/uploads\/2022\/08\/IMG-20220823-WA0033_1.jpg?w=960&amp;ssl=1 960w\" sizes=\"(max-width: 640px) 100vw, 640px\" \/><figcaption>Me. Junior Kapuya, Vice-Pr\u00e9sident du RUBAC, lors du d\u00eener en pr\u00e9lude de la deuxi\u00e8me \u00e9dition des Universit\u00e9s du Jeune Avocat<\/figcaption><\/figure>\n\n\n\n<p>Notez que le R\u00e9seau des Unions et Associations des Jeunes Avocats de l\u2019Afrique Centrale est une plateforme qui regroupe les associations des jeunes avocats rattach\u00e9es aux barreaux de l\u2019Afrique Centrale, dont celle de la R\u00e9publique D\u00e9mocratique du Congo, de la R\u00e9publique du Congo, de la R\u00e9publique du Cameroun, de la R\u00e9publique du Tchad, de la R\u00e9publique Centre africaine et de la R\u00e9publique de la Guin\u00e9e Equatoriale. Mais pour cette \u00e9dition, les Unions des Jeunes Avocats de la C\u00f4te d\u2019Ivoire, du S\u00e9n\u00e9gal et du Niger se sont associ\u00e9es \u00e0 leurs confr\u00e8res de l\u2019Afrique centrale.<\/p>\n\n\n\n<p>La pr\u00e9sidence du RUBAC est actuellement assum\u00e9e par Me. Audrey Bikindou de l\u2019Union des Jeunes Avocats de pointe Noire, et Me Junior Kapuya de l\u2019Union des Jeunes Avocats du Barreau de Kinshasa\/Gombe occupe la Vice-Pr\u00e9sidence.<\/p>\n\n\n\n<p>Jo\u00ebl Diawa<\/p>\n","protected":false},"excerpt":{"rendered":"<p>R\u00e9daction:+243817406088 C\u2019est ce mercredi 24 aout que seront ouverts les travaux de la deuxi\u00e8me \u00e9dition&#8230;<\/p>\n","protected":false},"author":2,"featured_media":4787,"comment_status":"open","ping_status":"open","sticky":false,"template":"","format":"standard","meta":{"_jetpack_memberships_contains_paid_content":false,"footnotes":""},"categories":[6],"tags":[],"class_list":["post-4778","post","type-post","status-publish","format-standard","has-post-thumbnail","hentry","category-justice"],"yoast_head":"<!-- This site is optimized with the Yoast SEO plugin v27.5 - https:\/\/yoast.com\/product\/yoast-seo-wordpress\/ -->\n<title>Deuxi\u00e8me \u00e9dition des Universit\u00e9s du jeune avocat :Les participants fascin\u00e9s par l\u2019accueil de Kinshasa bien avant le d\u00e9but des travaux - Infos Droits Humains<\/title>\n<meta name=\"robots\" content=\"index, follow, max-snippet:-1, max-image-preview:large, max-video-preview:-1\" \/>\n<link rel=\"canonical\" href=\"https:\/\/infos-droitshumains.net\/?p=4778\" \/>\n<meta property=\"og:locale\" content=\"fr_FR\" \/>\n<meta property=\"og:type\" content=\"article\" \/>\n<meta property=\"og:title\" content=\"Deuxi\u00e8me \u00e9dition des Universit\u00e9s du jeune avocat :Les participants fascin\u00e9s par l\u2019accueil de Kinshasa bien avant le d\u00e9but des travaux - Infos Droits Humains\" \/>\n<meta property=\"og:description\" content=\"R\u00e9daction:+243817406088 C\u2019est ce mercredi 24 aout que seront ouverts les travaux de la deuxi\u00e8me \u00e9dition...\" \/>\n<meta property=\"og:url\" content=\"https:\/\/infos-droitshumains.net\/?p=4778\" \/>\n<meta property=\"og:site_name\" content=\"Infos Droits Humains\" \/>\n<meta property=\"article:published_time\" content=\"2022-08-23T23:44:59+00:00\" \/>\n<meta property=\"article:modified_time\" content=\"2022-08-23T23:52:37+00:00\" \/>\n<meta property=\"og:image\" content=\"https:\/\/i0.wp.com\/infos-droitshumains.net\/wp-content\/uploads\/2022\/08\/IMG_20220823_210909_642.jpg?fit=1040%2C780&ssl=1\" \/>\n\t<meta property=\"og:image:width\" content=\"1040\" \/>\n\t<meta property=\"og:image:height\" content=\"780\" \/>\n\t<meta property=\"og:image:type\" content=\"image\/jpeg\" \/>\n<meta name=\"author\" content=\"Jo\u00ebl Diawa\" \/>\n<meta name=\"twitter:card\" content=\"summary_large_image\" \/>\n<meta name=\"twitter:label1\" content=\"\u00c9crit par\" \/>\n\t<meta name=\"twitter:data1\" content=\"Jo\u00ebl Diawa\" \/>\n\t<meta name=\"twitter:label2\" content=\"Dur\u00e9e de lecture estim\u00e9e\" \/>\n\t<meta name=\"twitter:data2\" content=\"3 minutes\" \/>\n<script type=\"application\/ld+json\" class=\"yoast-schema-graph\">{\"@context\":\"https:\\\/\\\/schema.org\",\"@graph\":[{\"@type\":\"Article\",\"@id\":\"https:\\\/\\\/infos-droitshumains.net\\\/?p=4778#article\",\"isPartOf\":{\"@id\":\"https:\\\/\\\/infos-droitshumains.net\\\/?p=4778\"},\"author\":{\"name\":\"Jo\u00ebl Diawa\",\"@id\":\"https:\\\/\\\/infos-droitshumains.net\\\/#\\\/schema\\\/person\\\/3dc5e921c3302172e0ed4362f96faab7\"},\"headline\":\"Deuxi\u00e8me \u00e9dition des Universit\u00e9s du jeune avocat :Les participants fascin\u00e9s par l\u2019accueil de Kinshasa bien avant le d\u00e9but des travaux\",\"datePublished\":\"2022-08-23T23:44:59+00:00\",\"dateModified\":\"2022-08-23T23:52:37+00:00\",\"mainEntityOfPage\":{\"@id\":\"https:\\\/\\\/infos-droitshumains.net\\\/?p=4778\"},\"wordCount\":589,\"commentCount\":0,\"publisher\":{\"@id\":\"https:\\\/\\\/infos-droitshumains.net\\\/#organization\"},\"image\":{\"@id\":\"https:\\\/\\\/infos-droitshumains.net\\\/?p=4778#primaryimage\"},\"thumbnailUrl\":\"https:\\\/\\\/i0.wp.com\\\/infos-droitshumains.net\\\/wp-content\\\/uploads\\\/2022\\\/08\\\/IMG_20220823_210909_642.jpg?fit=1040%2C780&ssl=1\",\"articleSection\":[\"Justice\"],\"inLanguage\":\"fr-FR\",\"potentialAction\":[{\"@type\":\"CommentAction\",\"name\":\"Comment\",\"target\":[\"https:\\\/\\\/infos-droitshumains.net\\\/?p=4778#respond\"]}]},{\"@type\":\"WebPage\",\"@id\":\"https:\\\/\\\/infos-droitshumains.net\\\/?p=4778\",\"url\":\"https:\\\/\\\/infos-droitshumains.net\\\/?p=4778\",\"name\":\"Deuxi\u00e8me \u00e9dition des Universit\u00e9s du jeune avocat :Les participants fascin\u00e9s par l\u2019accueil de Kinshasa bien avant le d\u00e9but des travaux - Infos Droits Humains\",\"isPartOf\":{\"@id\":\"https:\\\/\\\/infos-droitshumains.net\\\/#website\"},\"primaryImageOfPage\":{\"@id\":\"https:\\\/\\\/infos-droitshumains.net\\\/?p=4778#primaryimage\"},\"image\":{\"@id\":\"https:\\\/\\\/infos-droitshumains.net\\\/?p=4778#primaryimage\"},\"thumbnailUrl\":\"https:\\\/\\\/i0.wp.com\\\/infos-droitshumains.net\\\/wp-content\\\/uploads\\\/2022\\\/08\\\/IMG_20220823_210909_642.jpg?fit=1040%2C780&ssl=1\",\"datePublished\":\"2022-08-23T23:44:59+00:00\",\"dateModified\":\"2022-08-23T23:52:37+00:00\",\"breadcrumb\":{\"@id\":\"https:\\\/\\\/infos-droitshumains.net\\\/?p=4778#breadcrumb\"},\"inLanguage\":\"fr-FR\",\"potentialAction\":[{\"@type\":\"ReadAction\",\"target\":[\"https:\\\/\\\/infos-droitshumains.net\\\/?p=4778\"]}]},{\"@type\":\"ImageObject\",\"inLanguage\":\"fr-FR\",\"@id\":\"https:\\\/\\\/infos-droitshumains.net\\\/?p=4778#primaryimage\",\"url\":\"https:\\\/\\\/i0.wp.com\\\/infos-droitshumains.net\\\/wp-content\\\/uploads\\\/2022\\\/08\\\/IMG_20220823_210909_642.jpg?fit=1040%2C780&ssl=1\",\"contentUrl\":\"https:\\\/\\\/i0.wp.com\\\/infos-droitshumains.net\\\/wp-content\\\/uploads\\\/2022\\\/08\\\/IMG_20220823_210909_642.jpg?fit=1040%2C780&ssl=1\",\"width\":1040,\"height\":780},{\"@type\":\"BreadcrumbList\",\"@id\":\"https:\\\/\\\/infos-droitshumains.net\\\/?p=4778#breadcrumb\",\"itemListElement\":[{\"@type\":\"ListItem\",\"position\":1,\"name\":\"Accueil\",\"item\":\"https:\\\/\\\/infos-droitshumains.net\\\/\"},{\"@type\":\"ListItem\",\"position\":2,\"name\":\"Deuxi\u00e8me \u00e9dition des Universit\u00e9s du jeune avocat :Les participants fascin\u00e9s par l\u2019accueil de Kinshasa bien avant le d\u00e9but des travaux\"}]},{\"@type\":\"WebSite\",\"@id\":\"https:\\\/\\\/infos-droitshumains.net\\\/#website\",\"url\":\"https:\\\/\\\/infos-droitshumains.net\\\/\",\"name\":\"Infos Droits Humains\",\"description\":\"S&#039;informer est un droit\",\"publisher\":{\"@id\":\"https:\\\/\\\/infos-droitshumains.net\\\/#organization\"},\"potentialAction\":[{\"@type\":\"SearchAction\",\"target\":{\"@type\":\"EntryPoint\",\"urlTemplate\":\"https:\\\/\\\/infos-droitshumains.net\\\/?s={search_term_string}\"},\"query-input\":{\"@type\":\"PropertyValueSpecification\",\"valueRequired\":true,\"valueName\":\"search_term_string\"}}],\"inLanguage\":\"fr-FR\"},{\"@type\":\"Organization\",\"@id\":\"https:\\\/\\\/infos-droitshumains.net\\\/#organization\",\"name\":\"Infos Droits Humains\",\"url\":\"https:\\\/\\\/infos-droitshumains.net\\\/\",\"logo\":{\"@type\":\"ImageObject\",\"inLanguage\":\"fr-FR\",\"@id\":\"https:\\\/\\\/infos-droitshumains.net\\\/#\\\/schema\\\/logo\\\/image\\\/\",\"url\":\"https:\\\/\\\/i0.wp.com\\\/infos-droitshumains.net\\\/wp-content\\\/uploads\\\/2022\\\/05\\\/Logo.png?fit=333%2C129&ssl=1\",\"contentUrl\":\"https:\\\/\\\/i0.wp.com\\\/infos-droitshumains.net\\\/wp-content\\\/uploads\\\/2022\\\/05\\\/Logo.png?fit=333%2C129&ssl=1\",\"width\":333,\"height\":129,\"caption\":\"Infos Droits Humains\"},\"image\":{\"@id\":\"https:\\\/\\\/infos-droitshumains.net\\\/#\\\/schema\\\/logo\\\/image\\\/\"}},{\"@type\":\"Person\",\"@id\":\"https:\\\/\\\/infos-droitshumains.net\\\/#\\\/schema\\\/person\\\/3dc5e921c3302172e0ed4362f96faab7\",\"name\":\"Jo\u00ebl Diawa\",\"image\":{\"@type\":\"ImageObject\",\"inLanguage\":\"fr-FR\",\"@id\":\"https:\\\/\\\/secure.gravatar.com\\\/avatar\\\/729bea6ff4604c624417803c477363be8e3c7186deaa65713313f9b4b820f41c?s=96&d=mm&r=g\",\"url\":\"https:\\\/\\\/secure.gravatar.com\\\/avatar\\\/729bea6ff4604c624417803c477363be8e3c7186deaa65713313f9b4b820f41c?s=96&d=mm&r=g\",\"contentUrl\":\"https:\\\/\\\/secure.gravatar.com\\\/avatar\\\/729bea6ff4604c624417803c477363be8e3c7186deaa65713313f9b4b820f41c?s=96&d=mm&r=g\",\"caption\":\"Jo\u00ebl Diawa\"},\"sameAs\":[\"https:\\\/\\\/www.infos-droitshumains.net\"],\"url\":\"https:\\\/\\\/infos-droitshumains.net\\\/?author=2\"}]}<\/script>\n<!-- \/ Yoast SEO plugin. -->","yoast_head_json":{"title":"Deuxi\u00e8me \u00e9dition des Universit\u00e9s du jeune avocat :Les participants fascin\u00e9s par l\u2019accueil de Kinshasa bien avant le d\u00e9but des travaux - Infos Droits Humains","robots":{"index":"index","follow":"follow","max-snippet":"max-snippet:-1","max-image-preview":"max-image-preview:large","max-video-preview":"max-video-preview:-1"},"canonical":"https:\/\/infos-droitshumains.net\/?p=4778","og_locale":"fr_FR","og_type":"article","og_title":"Deuxi\u00e8me \u00e9dition des Universit\u00e9s du jeune avocat :Les participants fascin\u00e9s par l\u2019accueil de Kinshasa bien avant le d\u00e9but des travaux - Infos Droits Humains","og_description":"R\u00e9daction:+243817406088 C\u2019est ce mercredi 24 aout que seront ouverts les travaux de la deuxi\u00e8me \u00e9dition...","og_url":"https:\/\/infos-droitshumains.net\/?p=4778","og_site_name":"Infos Droits Humains","article_published_time":"2022-08-23T23:44:59+00:00","article_modified_time":"2022-08-23T23:52:37+00:00","og_image":[{"width":1040,"height":780,"url":"https:\/\/i0.wp.com\/infos-droitshumains.net\/wp-content\/uploads\/2022\/08\/IMG_20220823_210909_642.jpg?fit=1040%2C780&ssl=1","type":"image\/jpeg"}],"author":"Jo\u00ebl Diawa","twitter_card":"summary_large_image","twitter_misc":{"\u00c9crit par":"Jo\u00ebl Diawa","Dur\u00e9e de lecture estim\u00e9e":"3 minutes"},"schema":{"@context":"https:\/\/schema.org","@graph":[{"@type":"Article","@id":"https:\/\/infos-droitshumains.net\/?p=4778#article","isPartOf":{"@id":"https:\/\/infos-droitshumains.net\/?p=4778"},"author":{"name":"Jo\u00ebl Diawa","@id":"https:\/\/infos-droitshumains.net\/#\/schema\/person\/3dc5e921c3302172e0ed4362f96faab7"},"headline":"Deuxi\u00e8me \u00e9dition des Universit\u00e9s du jeune avocat :Les participants fascin\u00e9s par l\u2019accueil de Kinshasa bien avant le d\u00e9but des travaux","datePublished":"2022-08-23T23:44:59+00:00","dateModified":"2022-08-23T23:52:37+00:00","mainEntityOfPage":{"@id":"https:\/\/infos-droitshumains.net\/?p=4778"},"wordCount":589,"commentCount":0,"publisher":{"@id":"https:\/\/infos-droitshumains.net\/#organization"},"image":{"@id":"https:\/\/infos-droitshumains.net\/?p=4778#primaryimage"},"thumbnailUrl":"https:\/\/i0.wp.com\/infos-droitshumains.net\/wp-content\/uploads\/2022\/08\/IMG_20220823_210909_642.jpg?fit=1040%2C780&ssl=1","articleSection":["Justice"],"inLanguage":"fr-FR","potentialAction":[{"@type":"CommentAction","name":"Comment","target":["https:\/\/infos-droitshumains.net\/?p=4778#respond"]}]},{"@type":"WebPage","@id":"https:\/\/infos-droitshumains.net\/?p=4778","url":"https:\/\/infos-droitshumains.net\/?p=4778","name":"Deuxi\u00e8me \u00e9dition des Universit\u00e9s du jeune avocat :Les participants fascin\u00e9s par l\u2019accueil de Kinshasa bien avant le d\u00e9but des travaux - Infos Droits Humains","isPartOf":{"@id":"https:\/\/infos-droitshumains.net\/#website"},"primaryImageOfPage":{"@id":"https:\/\/infos-droitshumains.net\/?p=4778#primaryimage"},"image":{"@id":"https:\/\/infos-droitshumains.net\/?p=4778#primaryimage"},"thumbnailUrl":"https:\/\/i0.wp.com\/infos-droitshumains.net\/wp-content\/uploads\/2022\/08\/IMG_20220823_210909_642.jpg?fit=1040%2C780&ssl=1","datePublished":"2022-08-23T23:44:59+00:00","dateModified":"2022-08-23T23:52:37+00:00","breadcrumb":{"@id":"https:\/\/infos-droitshumains.net\/?p=4778#breadcrumb"},"inLanguage":"fr-FR","potentialAction":[{"@type":"ReadAction","target":["https:\/\/infos-droitshumains.net\/?p=4778"]}]},{"@type":"ImageObject","inLanguage":"fr-FR","@id":"https:\/\/infos-droitshumains.net\/?p=4778#primaryimage","url":"https:\/\/i0.wp.com\/infos-droitshumains.net\/wp-content\/uploads\/2022\/08\/IMG_20220823_210909_642.jpg?fit=1040%2C780&ssl=1","contentUrl":"https:\/\/i0.wp.com\/infos-droitshumains.net\/wp-content\/uploads\/2022\/08\/IMG_20220823_210909_642.jpg?fit=1040%2C780&ssl=1","width":1040,"height":780},{"@type":"BreadcrumbList","@id":"https:\/\/infos-droitshumains.net\/?p=4778#breadcrumb","itemListElement":[{"@type":"ListItem","position":1,"name":"Accueil","item":"https:\/\/infos-droitshumains.net\/"},{"@type":"ListItem","position":2,"name":"Deuxi\u00e8me \u00e9dition des Universit\u00e9s du jeune avocat :Les participants fascin\u00e9s par l\u2019accueil de Kinshasa bien avant le d\u00e9but des travaux"}]},{"@type":"WebSite","@id":"https:\/\/infos-droitshumains.net\/#website","url":"https:\/\/infos-droitshumains.net\/","name":"Infos Droits Humains","description":"S&#039;informer est un droit","publisher":{"@id":"https:\/\/infos-droitshumains.net\/#organization"},"potentialAction":[{"@type":"SearchAction","target":{"@type":"EntryPoint","urlTemplate":"https:\/\/infos-droitshumains.net\/?s={search_term_string}"},"query-input":{"@type":"PropertyValueSpecification","valueRequired":true,"valueName":"search_term_string"}}],"inLanguage":"fr-FR"},{"@type":"Organization","@id":"https:\/\/infos-droitshumains.net\/#organization","name":"Infos Droits Humains","url":"https:\/\/infos-droitshumains.net\/","logo":{"@type":"ImageObject","inLanguage":"fr-FR","@id":"https:\/\/infos-droitshumains.net\/#\/schema\/logo\/image\/","url":"https:\/\/i0.wp.com\/infos-droitshumains.net\/wp-content\/uploads\/2022\/05\/Logo.png?fit=333%2C129&ssl=1","contentUrl":"https:\/\/i0.wp.com\/infos-droitshumains.net\/wp-content\/uploads\/2022\/05\/Logo.png?fit=333%2C129&ssl=1","width":333,"height":129,"caption":"Infos Droits Humains"},"image":{"@id":"https:\/\/infos-droitshumains.net\/#\/schema\/logo\/image\/"}},{"@type":"Person","@id":"https:\/\/infos-droitshumains.net\/#\/schema\/person\/3dc5e921c3302172e0ed4362f96faab7","name":"Jo\u00ebl Diawa","image":{"@type":"ImageObject","inLanguage":"fr-FR","@id":"https:\/\/secure.gravatar.com\/avatar\/729bea6ff4604c624417803c477363be8e3c7186deaa65713313f9b4b820f41c?s=96&d=mm&r=g","url":"https:\/\/secure.gravatar.com\/avatar\/729bea6ff4604c624417803c477363be8e3c7186deaa65713313f9b4b820f41c?s=96&d=mm&r=g","contentUrl":"https:\/\/secure.gravatar.com\/avatar\/729bea6ff4604c624417803c477363be8e3c7186deaa65713313f9b4b820f41c?s=96&d=mm&r=g","caption":"Jo\u00ebl Diawa"},"sameAs":["https:\/\/www.infos-droitshumains.net"],"url":"https:\/\/infos-droitshumains.net\/?author=2"}]}},"featured_image_urls":{"full":["https:\/\/i0.wp.com\/infos-droitshumains.net\/wp-content\/uploads\/2022\/08\/IMG_20220823_210909_642.jpg?fit=1040%2C780&ssl=1",1040,780,false],"thumbnail":["https:\/\/i0.wp.com\/infos-droitshumains.net\/wp-content\/uploads\/2022\/08\/IMG_20220823_210909_642.jpg?resize=150%2C150&ssl=1",150,150,true],"medium":["https:\/\/i0.wp.com\/infos-droitshumains.net\/wp-content\/uploads\/2022\/08\/IMG_20220823_210909_642.jpg?fit=300%2C225&ssl=1",300,225,true],"medium_large":["https:\/\/i0.wp.com\/infos-droitshumains.net\/wp-content\/uploads\/2022\/08\/IMG_20220823_210909_642.jpg?fit=640%2C480&ssl=1",640,480,true],"large":["https:\/\/i0.wp.com\/infos-droitshumains.net\/wp-content\/uploads\/2022\/08\/IMG_20220823_210909_642.jpg?fit=640%2C480&ssl=1",640,480,true],"1536x1536":["https:\/\/i0.wp.com\/infos-droitshumains.net\/wp-content\/uploads\/2022\/08\/IMG_20220823_210909_642.jpg?fit=1040%2C780&ssl=1",1040,780,true],"2048x2048":["https:\/\/i0.wp.com\/infos-droitshumains.net\/wp-content\/uploads\/2022\/08\/IMG_20220823_210909_642.jpg?fit=1040%2C780&ssl=1",1040,780,true],"covernews-slider-full":["https:\/\/i0.wp.com\/infos-droitshumains.net\/wp-content\/uploads\/2022\/08\/IMG_20220823_210909_642.jpg?resize=1040%2C715&ssl=1",1040,715,true],"covernews-slider-center":["https:\/\/i0.wp.com\/infos-droitshumains.net\/wp-content\/uploads\/2022\/08\/IMG_20220823_210909_642.jpg?resize=800%2C500&ssl=1",800,500,true],"covernews-featured":["https:\/\/i0.wp.com\/infos-droitshumains.net\/wp-content\/uploads\/2022\/08\/IMG_20220823_210909_642.jpg?fit=1024%2C768&ssl=1",1024,768,true],"covernews-medium":["https:\/\/i0.wp.com\/infos-droitshumains.net\/wp-content\/uploads\/2022\/08\/IMG_20220823_210909_642.jpg?resize=540%2C340&ssl=1",540,340,true],"covernews-medium-square":["https:\/\/i0.wp.com\/infos-droitshumains.net\/wp-content\/uploads\/2022\/08\/IMG_20220823_210909_642.jpg?resize=400%2C250&ssl=1",400,250,true]},"author_info":{"display_name":"Jo\u00ebl Diawa","author_link":"https:\/\/infos-droitshumains.net\/?author=2"},"category_info":"<a href=\"https:\/\/infos-droitshumains.net\/?cat=6\" rel=\"category\">Justice<\/a>","tag_info":"Justice","comment_count":"0","jetpack_featured_media_url":"https:\/\/i0.wp.com\/infos-droitshumains.net\/wp-content\/uploads\/2022\/08\/IMG_20220823_210909_642.jpg?fit=1040%2C780&ssl=1","jetpack-related-posts":[],"jetpack_sharing_enabled":true,"_links":{"self":[{"href":"https:\/\/infos-droitshumains.net\/index.php?rest_route=\/wp\/v2\/posts\/4778","targetHints":{"allow":["GET"]}}],"collection":[{"href":"https:\/\/infos-droitshumains.net\/index.php?rest_route=\/wp\/v2\/posts"}],"about":[{"href":"https:\/\/infos-droitshumains.net\/index.php?rest_route=\/wp\/v2\/types\/post"}],"author":[{"embeddable":true,"href":"https:\/\/infos-droitshumains.net\/index.php?rest_route=\/wp\/v2\/users\/2"}],"replies":[{"embeddable":true,"href":"https:\/\/infos-droitshumains.net\/index.php?rest_route=%2Fwp%2Fv2%2Fcomments&post=4778"}],"version-history":[{"count":4,"href":"https:\/\/infos-droitshumains.net\/index.php?rest_route=\/wp\/v2\/posts\/4778\/revisions"}],"predecessor-version":[{"id":4786,"href":"https:\/\/infos-droitshumains.net\/index.php?rest_route=\/wp\/v2\/posts\/4778\/revisions\/4786"}],"wp:featuredmedia":[{"embeddable":true,"href":"https:\/\/infos-droitshumains.net\/index.php?rest_route=\/wp\/v2\/media\/4787"}],"wp:attachment":[{"href":"https:\/\/infos-droitshumains.net\/index.php?rest_route=%2Fwp%2Fv2%2Fmedia&parent=4778"}],"wp:term":[{"taxonomy":"category","embeddable":true,"href":"https:\/\/infos-droitshumains.net\/index.php?rest_route=%2Fwp%2Fv2%2Fcategories&post=4778"},{"taxonomy":"post_tag","embeddable":true,"href":"https:\/\/infos-droitshumains.net\/index.php?rest_route=%2Fwp%2Fv2%2Ftags&post=4778"}],"curies":[{"name":"wp","href":"https:\/\/api.w.org\/{rel}","templated":true}]}}