{"id":4690,"date":"2022-08-09T12:34:03","date_gmt":"2022-08-09T10:34:03","guid":{"rendered":"https:\/\/infos-droitshumains.net\/?p=4690"},"modified":"2022-08-09T12:41:32","modified_gmt":"2022-08-09T10:41:32","slug":"rdc-greve-des-medecins-du-secteur-public-le-synamed-sollicite-la-sagesse-du-premier-vice-president-du-senat","status":"publish","type":"post","link":"https:\/\/infos-droitshumains.net\/?p=4690","title":{"rendered":"RDC-Gr\u00e8ve des m\u00e9decins du secteur public: Le Synamed sollicite la sagesse du Premier Vice-Pr\u00e9sident du s\u00e9nat"},"content":{"rendered":"\n<p><strong>R\u00e9daction:+243817406088<\/strong><\/p>\n\n\n\n<p>La d\u00e9l\u00e9gation du Syndicat National des M\u00e9decins conduite par le professeur Jhon Senga lwamba a longuement \u00e9chang\u00e9 ce lundi 09 ao\u00fbt avec le Premier Vice-Pr\u00e9sident du S\u00e9nat. En toile de fond, la raison du maintien de la gr\u00e8ve des m\u00e9decins du secteur public qui se justifie selon le Docteur Jhon Senga, par le fait que leurs revendications aupr\u00e8s du gouvernement n\u2019ont pas  encore trouv\u00e9 gain de cause, malgr\u00e9 les multiples pistes de solutions soumises \u00e0 l\u2019ex\u00e9cutif national pour sortir de cette crise.<\/p>\n\n\n\n<p>A travers un \u00e9change sans complaisance, cette d\u00e9l\u00e9gation fait savoir \u00e0 Eddy Mundela Kanku l\u2019importance de leur d\u00e9marche qui tend justement, \u00e0 obtenir de lui, son implication pour le d\u00e9nouement de cette crise qui n\u2019est sans cons\u00e9quence.<\/p>\n\n\n\n<p><em>\u00abNous sommes venus lui pr\u00e9senter nos dol\u00e9ances et, en tant qu\u2019\u00e9lu du peuple, il doit nous aider \u00e0 trouver la solution aupr\u00e8s de l\u2019ex\u00e9cutif national afin que la population soit prise en charge par les m\u00e9decins \u00bb.<\/em><\/p>\n\n\n\n<p>D\u00e9clench\u00e9e depuis plus d\u2019un mois, les m\u00e9decins sont loin de d\u2019abdiquer. Depuis quelques jours, ce mouvement de gr\u00e8ve s\u2019est radicalis\u00e9. Une situation qui handicape les b\u00e9n\u00e9ficiaires de soins de sant\u00e9 dans les h\u00f4pitaux publics.  D\u2019o\u00f9 cette d\u00e9marche urgente  initi\u00e9e par le Synamed aupr\u00e8s de la deuxi\u00e8me personnalit\u00e9 du s\u00e9nat.<\/p>\n\n\n\n<p><em>\u00ab Le mouvement de gr\u00e8ve \u00e0 commenc\u00e9 depuis le 6 juillet 2022, d\u2019abord par l\u2019instauration d\u2019un service minimum qui a dur\u00e9 trois semaines. Et depuis une semaine, nous sommes en phase de la radicalisation de notre mouvement, c\u2019est-\u00e0-dire, h\u00f4pitaux sans m\u00e9decins, nous voulons que l\u2019honorable trouve des solutions \u00e0 cette situation \u00bb,<\/em> a rajout\u00e9 le chef de la d\u00e9l\u00e9gation.<\/p>\n\n\n\n<p><\/p>\n\n\n\n<p>La d\u00e9l\u00e9gation du Synamed est repartie avec satisfaction car ayant obtenue du Premier Vice-Pr\u00e9sident du S\u00e9nat, son ferme engagement qui consiste \u00e0 approcher l\u2019ex\u00e9cutif national en toute urgence afin de trouver une solution \u00e0 cette crise.<\/p>\n\n\n\n<p>Jo\u00ebl Diawa<\/p>\n\n\n\n<p> <\/p>\n","protected":false},"excerpt":{"rendered":"<p>R\u00e9daction:+243817406088 La d\u00e9l\u00e9gation du Syndicat National des M\u00e9decins conduite par le professeur Jhon Senga lwamba&#8230;<\/p>\n","protected":false},"author":2,"featured_media":4696,"comment_status":"open","ping_status":"open","sticky":false,"template":"","format":"standard","meta":{"_jetpack_memberships_contains_paid_content":false,"footnotes":""},"categories":[3],"tags":[],"class_list":["post-4690","post","type-post","status-publish","format-standard","has-post-thumbnail","hentry","category-politique"],"yoast_head":"<!-- This site is optimized with the Yoast SEO plugin v27.5 - https:\/\/yoast.com\/product\/yoast-seo-wordpress\/ -->\n<title>RDC-Gr\u00e8ve des m\u00e9decins du secteur public: Le Synamed sollicite la sagesse du Premier Vice-Pr\u00e9sident du s\u00e9nat - Infos Droits Humains<\/title>\n<meta name=\"robots\" content=\"index, follow, max-snippet:-1, max-image-preview:large, max-video-preview:-1\" \/>\n<link rel=\"canonical\" href=\"https:\/\/infos-droitshumains.net\/?p=4690\" \/>\n<meta property=\"og:locale\" content=\"fr_FR\" \/>\n<meta property=\"og:type\" content=\"article\" \/>\n<meta property=\"og:title\" content=\"RDC-Gr\u00e8ve des m\u00e9decins du secteur public: Le Synamed sollicite la sagesse du Premier Vice-Pr\u00e9sident du s\u00e9nat - Infos Droits Humains\" \/>\n<meta property=\"og:description\" content=\"R\u00e9daction:+243817406088 La d\u00e9l\u00e9gation du Syndicat National des M\u00e9decins conduite par le professeur Jhon Senga lwamba...\" \/>\n<meta property=\"og:url\" content=\"https:\/\/infos-droitshumains.net\/?p=4690\" \/>\n<meta property=\"og:site_name\" content=\"Infos Droits Humains\" \/>\n<meta property=\"article:published_time\" content=\"2022-08-09T10:34:03+00:00\" \/>\n<meta property=\"article:modified_time\" content=\"2022-08-09T10:41:32+00:00\" \/>\n<meta property=\"og:image\" content=\"https:\/\/i0.wp.com\/infos-droitshumains.net\/wp-content\/uploads\/2022\/08\/IMG-20220809-WA0004_1.jpg?fit=1080%2C833&ssl=1\" \/>\n\t<meta property=\"og:image:width\" content=\"1080\" \/>\n\t<meta property=\"og:image:height\" content=\"833\" \/>\n\t<meta property=\"og:image:type\" content=\"image\/jpeg\" \/>\n<meta name=\"author\" content=\"Jo\u00ebl Diawa\" \/>\n<meta name=\"twitter:card\" content=\"summary_large_image\" \/>\n<meta name=\"twitter:label1\" content=\"\u00c9crit par\" \/>\n\t<meta name=\"twitter:data1\" content=\"Jo\u00ebl Diawa\" \/>\n\t<meta name=\"twitter:label2\" content=\"Dur\u00e9e de lecture estim\u00e9e\" \/>\n\t<meta name=\"twitter:data2\" content=\"2 minutes\" \/>\n<script type=\"application\/ld+json\" class=\"yoast-schema-graph\">{\"@context\":\"https:\\\/\\\/schema.org\",\"@graph\":[{\"@type\":\"Article\",\"@id\":\"https:\\\/\\\/infos-droitshumains.net\\\/?p=4690#article\",\"isPartOf\":{\"@id\":\"https:\\\/\\\/infos-droitshumains.net\\\/?p=4690\"},\"author\":{\"name\":\"Jo\u00ebl Diawa\",\"@id\":\"https:\\\/\\\/infos-droitshumains.net\\\/#\\\/schema\\\/person\\\/3dc5e921c3302172e0ed4362f96faab7\"},\"headline\":\"RDC-Gr\u00e8ve des m\u00e9decins du secteur public: Le Synamed sollicite la sagesse du Premier Vice-Pr\u00e9sident du s\u00e9nat\",\"datePublished\":\"2022-08-09T10:34:03+00:00\",\"dateModified\":\"2022-08-09T10:41:32+00:00\",\"mainEntityOfPage\":{\"@id\":\"https:\\\/\\\/infos-droitshumains.net\\\/?p=4690\"},\"wordCount\":370,\"commentCount\":0,\"publisher\":{\"@id\":\"https:\\\/\\\/infos-droitshumains.net\\\/#organization\"},\"image\":{\"@id\":\"https:\\\/\\\/infos-droitshumains.net\\\/?p=4690#primaryimage\"},\"thumbnailUrl\":\"https:\\\/\\\/i0.wp.com\\\/infos-droitshumains.net\\\/wp-content\\\/uploads\\\/2022\\\/08\\\/IMG-20220809-WA0004_1.jpg?fit=1080%2C833&ssl=1\",\"articleSection\":[\"Politique\"],\"inLanguage\":\"fr-FR\",\"potentialAction\":[{\"@type\":\"CommentAction\",\"name\":\"Comment\",\"target\":[\"https:\\\/\\\/infos-droitshumains.net\\\/?p=4690#respond\"]}]},{\"@type\":\"WebPage\",\"@id\":\"https:\\\/\\\/infos-droitshumains.net\\\/?p=4690\",\"url\":\"https:\\\/\\\/infos-droitshumains.net\\\/?p=4690\",\"name\":\"RDC-Gr\u00e8ve des m\u00e9decins du secteur public: Le Synamed sollicite la sagesse du Premier Vice-Pr\u00e9sident du s\u00e9nat - Infos Droits Humains\",\"isPartOf\":{\"@id\":\"https:\\\/\\\/infos-droitshumains.net\\\/#website\"},\"primaryImageOfPage\":{\"@id\":\"https:\\\/\\\/infos-droitshumains.net\\\/?p=4690#primaryimage\"},\"image\":{\"@id\":\"https:\\\/\\\/infos-droitshumains.net\\\/?p=4690#primaryimage\"},\"thumbnailUrl\":\"https:\\\/\\\/i0.wp.com\\\/infos-droitshumains.net\\\/wp-content\\\/uploads\\\/2022\\\/08\\\/IMG-20220809-WA0004_1.jpg?fit=1080%2C833&ssl=1\",\"datePublished\":\"2022-08-09T10:34:03+00:00\",\"dateModified\":\"2022-08-09T10:41:32+00:00\",\"breadcrumb\":{\"@id\":\"https:\\\/\\\/infos-droitshumains.net\\\/?p=4690#breadcrumb\"},\"inLanguage\":\"fr-FR\",\"potentialAction\":[{\"@type\":\"ReadAction\",\"target\":[\"https:\\\/\\\/infos-droitshumains.net\\\/?p=4690\"]}]},{\"@type\":\"ImageObject\",\"inLanguage\":\"fr-FR\",\"@id\":\"https:\\\/\\\/infos-droitshumains.net\\\/?p=4690#primaryimage\",\"url\":\"https:\\\/\\\/i0.wp.com\\\/infos-droitshumains.net\\\/wp-content\\\/uploads\\\/2022\\\/08\\\/IMG-20220809-WA0004_1.jpg?fit=1080%2C833&ssl=1\",\"contentUrl\":\"https:\\\/\\\/i0.wp.com\\\/infos-droitshumains.net\\\/wp-content\\\/uploads\\\/2022\\\/08\\\/IMG-20220809-WA0004_1.jpg?fit=1080%2C833&ssl=1\",\"width\":1080,\"height\":833},{\"@type\":\"BreadcrumbList\",\"@id\":\"https:\\\/\\\/infos-droitshumains.net\\\/?p=4690#breadcrumb\",\"itemListElement\":[{\"@type\":\"ListItem\",\"position\":1,\"name\":\"Accueil\",\"item\":\"https:\\\/\\\/infos-droitshumains.net\\\/\"},{\"@type\":\"ListItem\",\"position\":2,\"name\":\"RDC-Gr\u00e8ve des m\u00e9decins du secteur public: Le Synamed sollicite la sagesse du Premier Vice-Pr\u00e9sident du s\u00e9nat\"}]},{\"@type\":\"WebSite\",\"@id\":\"https:\\\/\\\/infos-droitshumains.net\\\/#website\",\"url\":\"https:\\\/\\\/infos-droitshumains.net\\\/\",\"name\":\"Infos Droits Humains\",\"description\":\"S&#039;informer est un droit\",\"publisher\":{\"@id\":\"https:\\\/\\\/infos-droitshumains.net\\\/#organization\"},\"potentialAction\":[{\"@type\":\"SearchAction\",\"target\":{\"@type\":\"EntryPoint\",\"urlTemplate\":\"https:\\\/\\\/infos-droitshumains.net\\\/?s={search_term_string}\"},\"query-input\":{\"@type\":\"PropertyValueSpecification\",\"valueRequired\":true,\"valueName\":\"search_term_string\"}}],\"inLanguage\":\"fr-FR\"},{\"@type\":\"Organization\",\"@id\":\"https:\\\/\\\/infos-droitshumains.net\\\/#organization\",\"name\":\"Infos Droits Humains\",\"url\":\"https:\\\/\\\/infos-droitshumains.net\\\/\",\"logo\":{\"@type\":\"ImageObject\",\"inLanguage\":\"fr-FR\",\"@id\":\"https:\\\/\\\/infos-droitshumains.net\\\/#\\\/schema\\\/logo\\\/image\\\/\",\"url\":\"https:\\\/\\\/i0.wp.com\\\/infos-droitshumains.net\\\/wp-content\\\/uploads\\\/2022\\\/05\\\/Logo.png?fit=333%2C129&ssl=1\",\"contentUrl\":\"https:\\\/\\\/i0.wp.com\\\/infos-droitshumains.net\\\/wp-content\\\/uploads\\\/2022\\\/05\\\/Logo.png?fit=333%2C129&ssl=1\",\"width\":333,\"height\":129,\"caption\":\"Infos Droits Humains\"},\"image\":{\"@id\":\"https:\\\/\\\/infos-droitshumains.net\\\/#\\\/schema\\\/logo\\\/image\\\/\"}},{\"@type\":\"Person\",\"@id\":\"https:\\\/\\\/infos-droitshumains.net\\\/#\\\/schema\\\/person\\\/3dc5e921c3302172e0ed4362f96faab7\",\"name\":\"Jo\u00ebl Diawa\",\"image\":{\"@type\":\"ImageObject\",\"inLanguage\":\"fr-FR\",\"@id\":\"https:\\\/\\\/secure.gravatar.com\\\/avatar\\\/729bea6ff4604c624417803c477363be8e3c7186deaa65713313f9b4b820f41c?s=96&d=mm&r=g\",\"url\":\"https:\\\/\\\/secure.gravatar.com\\\/avatar\\\/729bea6ff4604c624417803c477363be8e3c7186deaa65713313f9b4b820f41c?s=96&d=mm&r=g\",\"contentUrl\":\"https:\\\/\\\/secure.gravatar.com\\\/avatar\\\/729bea6ff4604c624417803c477363be8e3c7186deaa65713313f9b4b820f41c?s=96&d=mm&r=g\",\"caption\":\"Jo\u00ebl Diawa\"},\"sameAs\":[\"https:\\\/\\\/www.infos-droitshumains.net\"],\"url\":\"https:\\\/\\\/infos-droitshumains.net\\\/?author=2\"}]}<\/script>\n<!-- \/ Yoast SEO plugin. -->","yoast_head_json":{"title":"RDC-Gr\u00e8ve des m\u00e9decins du secteur public: Le Synamed sollicite la sagesse du Premier Vice-Pr\u00e9sident du s\u00e9nat - Infos Droits Humains","robots":{"index":"index","follow":"follow","max-snippet":"max-snippet:-1","max-image-preview":"max-image-preview:large","max-video-preview":"max-video-preview:-1"},"canonical":"https:\/\/infos-droitshumains.net\/?p=4690","og_locale":"fr_FR","og_type":"article","og_title":"RDC-Gr\u00e8ve des m\u00e9decins du secteur public: Le Synamed sollicite la sagesse du Premier Vice-Pr\u00e9sident du s\u00e9nat - Infos Droits Humains","og_description":"R\u00e9daction:+243817406088 La d\u00e9l\u00e9gation du Syndicat National des M\u00e9decins conduite par le professeur Jhon Senga lwamba...","og_url":"https:\/\/infos-droitshumains.net\/?p=4690","og_site_name":"Infos Droits Humains","article_published_time":"2022-08-09T10:34:03+00:00","article_modified_time":"2022-08-09T10:41:32+00:00","og_image":[{"width":1080,"height":833,"url":"https:\/\/i0.wp.com\/infos-droitshumains.net\/wp-content\/uploads\/2022\/08\/IMG-20220809-WA0004_1.jpg?fit=1080%2C833&ssl=1","type":"image\/jpeg"}],"author":"Jo\u00ebl Diawa","twitter_card":"summary_large_image","twitter_misc":{"\u00c9crit par":"Jo\u00ebl Diawa","Dur\u00e9e de lecture estim\u00e9e":"2 minutes"},"schema":{"@context":"https:\/\/schema.org","@graph":[{"@type":"Article","@id":"https:\/\/infos-droitshumains.net\/?p=4690#article","isPartOf":{"@id":"https:\/\/infos-droitshumains.net\/?p=4690"},"author":{"name":"Jo\u00ebl Diawa","@id":"https:\/\/infos-droitshumains.net\/#\/schema\/person\/3dc5e921c3302172e0ed4362f96faab7"},"headline":"RDC-Gr\u00e8ve des m\u00e9decins du secteur public: Le Synamed sollicite la sagesse du Premier Vice-Pr\u00e9sident du s\u00e9nat","datePublished":"2022-08-09T10:34:03+00:00","dateModified":"2022-08-09T10:41:32+00:00","mainEntityOfPage":{"@id":"https:\/\/infos-droitshumains.net\/?p=4690"},"wordCount":370,"commentCount":0,"publisher":{"@id":"https:\/\/infos-droitshumains.net\/#organization"},"image":{"@id":"https:\/\/infos-droitshumains.net\/?p=4690#primaryimage"},"thumbnailUrl":"https:\/\/i0.wp.com\/infos-droitshumains.net\/wp-content\/uploads\/2022\/08\/IMG-20220809-WA0004_1.jpg?fit=1080%2C833&ssl=1","articleSection":["Politique"],"inLanguage":"fr-FR","potentialAction":[{"@type":"CommentAction","name":"Comment","target":["https:\/\/infos-droitshumains.net\/?p=4690#respond"]}]},{"@type":"WebPage","@id":"https:\/\/infos-droitshumains.net\/?p=4690","url":"https:\/\/infos-droitshumains.net\/?p=4690","name":"RDC-Gr\u00e8ve des m\u00e9decins du secteur public: Le Synamed sollicite la sagesse du Premier Vice-Pr\u00e9sident du s\u00e9nat - Infos Droits Humains","isPartOf":{"@id":"https:\/\/infos-droitshumains.net\/#website"},"primaryImageOfPage":{"@id":"https:\/\/infos-droitshumains.net\/?p=4690#primaryimage"},"image":{"@id":"https:\/\/infos-droitshumains.net\/?p=4690#primaryimage"},"thumbnailUrl":"https:\/\/i0.wp.com\/infos-droitshumains.net\/wp-content\/uploads\/2022\/08\/IMG-20220809-WA0004_1.jpg?fit=1080%2C833&ssl=1","datePublished":"2022-08-09T10:34:03+00:00","dateModified":"2022-08-09T10:41:32+00:00","breadcrumb":{"@id":"https:\/\/infos-droitshumains.net\/?p=4690#breadcrumb"},"inLanguage":"fr-FR","potentialAction":[{"@type":"ReadAction","target":["https:\/\/infos-droitshumains.net\/?p=4690"]}]},{"@type":"ImageObject","inLanguage":"fr-FR","@id":"https:\/\/infos-droitshumains.net\/?p=4690#primaryimage","url":"https:\/\/i0.wp.com\/infos-droitshumains.net\/wp-content\/uploads\/2022\/08\/IMG-20220809-WA0004_1.jpg?fit=1080%2C833&ssl=1","contentUrl":"https:\/\/i0.wp.com\/infos-droitshumains.net\/wp-content\/uploads\/2022\/08\/IMG-20220809-WA0004_1.jpg?fit=1080%2C833&ssl=1","width":1080,"height":833},{"@type":"BreadcrumbList","@id":"https:\/\/infos-droitshumains.net\/?p=4690#breadcrumb","itemListElement":[{"@type":"ListItem","position":1,"name":"Accueil","item":"https:\/\/infos-droitshumains.net\/"},{"@type":"ListItem","position":2,"name":"RDC-Gr\u00e8ve des m\u00e9decins du secteur public: Le Synamed sollicite la sagesse du Premier Vice-Pr\u00e9sident du s\u00e9nat"}]},{"@type":"WebSite","@id":"https:\/\/infos-droitshumains.net\/#website","url":"https:\/\/infos-droitshumains.net\/","name":"Infos Droits Humains","description":"S&#039;informer est un droit","publisher":{"@id":"https:\/\/infos-droitshumains.net\/#organization"},"potentialAction":[{"@type":"SearchAction","target":{"@type":"EntryPoint","urlTemplate":"https:\/\/infos-droitshumains.net\/?s={search_term_string}"},"query-input":{"@type":"PropertyValueSpecification","valueRequired":true,"valueName":"search_term_string"}}],"inLanguage":"fr-FR"},{"@type":"Organization","@id":"https:\/\/infos-droitshumains.net\/#organization","name":"Infos Droits Humains","url":"https:\/\/infos-droitshumains.net\/","logo":{"@type":"ImageObject","inLanguage":"fr-FR","@id":"https:\/\/infos-droitshumains.net\/#\/schema\/logo\/image\/","url":"https:\/\/i0.wp.com\/infos-droitshumains.net\/wp-content\/uploads\/2022\/05\/Logo.png?fit=333%2C129&ssl=1","contentUrl":"https:\/\/i0.wp.com\/infos-droitshumains.net\/wp-content\/uploads\/2022\/05\/Logo.png?fit=333%2C129&ssl=1","width":333,"height":129,"caption":"Infos Droits Humains"},"image":{"@id":"https:\/\/infos-droitshumains.net\/#\/schema\/logo\/image\/"}},{"@type":"Person","@id":"https:\/\/infos-droitshumains.net\/#\/schema\/person\/3dc5e921c3302172e0ed4362f96faab7","name":"Jo\u00ebl Diawa","image":{"@type":"ImageObject","inLanguage":"fr-FR","@id":"https:\/\/secure.gravatar.com\/avatar\/729bea6ff4604c624417803c477363be8e3c7186deaa65713313f9b4b820f41c?s=96&d=mm&r=g","url":"https:\/\/secure.gravatar.com\/avatar\/729bea6ff4604c624417803c477363be8e3c7186deaa65713313f9b4b820f41c?s=96&d=mm&r=g","contentUrl":"https:\/\/secure.gravatar.com\/avatar\/729bea6ff4604c624417803c477363be8e3c7186deaa65713313f9b4b820f41c?s=96&d=mm&r=g","caption":"Jo\u00ebl Diawa"},"sameAs":["https:\/\/www.infos-droitshumains.net"],"url":"https:\/\/infos-droitshumains.net\/?author=2"}]}},"featured_image_urls":{"full":["https:\/\/i0.wp.com\/infos-droitshumains.net\/wp-content\/uploads\/2022\/08\/IMG-20220809-WA0004_1.jpg?fit=1080%2C833&ssl=1",1080,833,false],"thumbnail":["https:\/\/i0.wp.com\/infos-droitshumains.net\/wp-content\/uploads\/2022\/08\/IMG-20220809-WA0004_1.jpg?resize=150%2C150&ssl=1",150,150,true],"medium":["https:\/\/i0.wp.com\/infos-droitshumains.net\/wp-content\/uploads\/2022\/08\/IMG-20220809-WA0004_1.jpg?fit=300%2C231&ssl=1",300,231,true],"medium_large":["https:\/\/i0.wp.com\/infos-droitshumains.net\/wp-content\/uploads\/2022\/08\/IMG-20220809-WA0004_1.jpg?fit=640%2C493&ssl=1",640,493,true],"large":["https:\/\/i0.wp.com\/infos-droitshumains.net\/wp-content\/uploads\/2022\/08\/IMG-20220809-WA0004_1.jpg?fit=640%2C494&ssl=1",640,494,true],"1536x1536":["https:\/\/i0.wp.com\/infos-droitshumains.net\/wp-content\/uploads\/2022\/08\/IMG-20220809-WA0004_1.jpg?fit=1080%2C833&ssl=1",1080,833,true],"2048x2048":["https:\/\/i0.wp.com\/infos-droitshumains.net\/wp-content\/uploads\/2022\/08\/IMG-20220809-WA0004_1.jpg?fit=1080%2C833&ssl=1",1080,833,true],"covernews-slider-full":["https:\/\/i0.wp.com\/infos-droitshumains.net\/wp-content\/uploads\/2022\/08\/IMG-20220809-WA0004_1.jpg?resize=1080%2C715&ssl=1",1080,715,true],"covernews-slider-center":["https:\/\/i0.wp.com\/infos-droitshumains.net\/wp-content\/uploads\/2022\/08\/IMG-20220809-WA0004_1.jpg?resize=800%2C500&ssl=1",800,500,true],"covernews-featured":["https:\/\/i0.wp.com\/infos-droitshumains.net\/wp-content\/uploads\/2022\/08\/IMG-20220809-WA0004_1.jpg?fit=1024%2C790&ssl=1",1024,790,true],"covernews-medium":["https:\/\/i0.wp.com\/infos-droitshumains.net\/wp-content\/uploads\/2022\/08\/IMG-20220809-WA0004_1.jpg?resize=540%2C340&ssl=1",540,340,true],"covernews-medium-square":["https:\/\/i0.wp.com\/infos-droitshumains.net\/wp-content\/uploads\/2022\/08\/IMG-20220809-WA0004_1.jpg?resize=400%2C250&ssl=1",400,250,true]},"author_info":{"display_name":"Jo\u00ebl Diawa","author_link":"https:\/\/infos-droitshumains.net\/?author=2"},"category_info":"<a href=\"https:\/\/infos-droitshumains.net\/?cat=3\" rel=\"category\">Politique<\/a>","tag_info":"Politique","comment_count":"0","jetpack_featured_media_url":"https:\/\/i0.wp.com\/infos-droitshumains.net\/wp-content\/uploads\/2022\/08\/IMG-20220809-WA0004_1.jpg?fit=1080%2C833&ssl=1","jetpack-related-posts":[],"jetpack_sharing_enabled":true,"_links":{"self":[{"href":"https:\/\/infos-droitshumains.net\/index.php?rest_route=\/wp\/v2\/posts\/4690","targetHints":{"allow":["GET"]}}],"collection":[{"href":"https:\/\/infos-droitshumains.net\/index.php?rest_route=\/wp\/v2\/posts"}],"about":[{"href":"https:\/\/infos-droitshumains.net\/index.php?rest_route=\/wp\/v2\/types\/post"}],"author":[{"embeddable":true,"href":"https:\/\/infos-droitshumains.net\/index.php?rest_route=\/wp\/v2\/users\/2"}],"replies":[{"embeddable":true,"href":"https:\/\/infos-droitshumains.net\/index.php?rest_route=%2Fwp%2Fv2%2Fcomments&post=4690"}],"version-history":[{"count":4,"href":"https:\/\/infos-droitshumains.net\/index.php?rest_route=\/wp\/v2\/posts\/4690\/revisions"}],"predecessor-version":[{"id":4695,"href":"https:\/\/infos-droitshumains.net\/index.php?rest_route=\/wp\/v2\/posts\/4690\/revisions\/4695"}],"wp:featuredmedia":[{"embeddable":true,"href":"https:\/\/infos-droitshumains.net\/index.php?rest_route=\/wp\/v2\/media\/4696"}],"wp:attachment":[{"href":"https:\/\/infos-droitshumains.net\/index.php?rest_route=%2Fwp%2Fv2%2Fmedia&parent=4690"}],"wp:term":[{"taxonomy":"category","embeddable":true,"href":"https:\/\/infos-droitshumains.net\/index.php?rest_route=%2Fwp%2Fv2%2Fcategories&post=4690"},{"taxonomy":"post_tag","embeddable":true,"href":"https:\/\/infos-droitshumains.net\/index.php?rest_route=%2Fwp%2Fv2%2Ftags&post=4690"}],"curies":[{"name":"wp","href":"https:\/\/api.w.org\/{rel}","templated":true}]}}