{"id":4669,"date":"2022-07-22T23:22:35","date_gmt":"2022-07-22T21:22:35","guid":{"rendered":"https:\/\/infos-droitshumains.net\/?p=4669"},"modified":"2022-07-22T23:44:15","modified_gmt":"2022-07-22T21:44:15","slug":"processus-de-la-justice-transitionnelle-en-rdc-une-feuille-de-route-vient-detre-mise-en-place","status":"publish","type":"post","link":"https:\/\/infos-droitshumains.net\/?p=4669","title":{"rendered":"Processus de la justice transitionnelle en RDC : Une feuille de route vient d\u2019\u00eatre mise en place"},"content":{"rendered":"\n<p><strong>R\u00e9daction:+243817406088<\/strong><\/p>\n\n\n\n<p>Rideaux tir\u00e9s de l&rsquo;atelier de r\u00e9flexion sur le processus de la justice transitionnelle en R\u00e9publique D\u00e9mocratique du Congo. Durant trois jours, soit du 19 au 21 juillet 2022, les participants ont fait l&rsquo;\u00e9tat des lieux et cogit\u00e9 sur les perspectives en vue de l&rsquo;\u00e9laboration de la politique nationale de la justice transitionnelle.<\/p>\n\n\n\n<p>Lors des \u00e9changes, un document des concepts articulant toute le\u00e7on tir\u00e9e, une politique coh\u00e9rente, multidimensionnelle qui raconte des r\u00e9alit\u00e9s locales, des vuln\u00e9rabilit\u00e9s diverses a \u00e9t\u00e9 produit.<\/p>\n\n\n\n<p><em>\u00ab. Il s&rsquo;agit bien d&rsquo;un plan Marshall incluant la n\u00e9cessit\u00e9 de b\u00e2tir des capacit\u00e9s nationales dans tous les domaines n\u00e9cessaires \u00e0 la refondation d&rsquo;un \u00e9tat pr\u00e9sent, protecteur de la vie et des biens de tous les congolais \u00bb<\/em>, a fait savoir Bacre Waly Ndiaye, pr\u00e9sident des experts internationaux sur la justice transitionnelle en RDC.<\/p>\n\n\n\n<p>Le directeur du Bureau Conjoint des Nations Unies aux Droits de l&rsquo;Homme (BCNUDH) a salu\u00e9 l\u2019assiduit\u00e9 et l&rsquo;engagement des participants vu le travail qu\u2019ils ont abattu, Abdoul Aziz Thioye a, par la m\u00eame occasion, \u00e9mis le v\u0153u de la mise en place de la feuille de route issue de cet atelier.<\/p>\n\n\n\n<p><em>\u00abJe voudrais vous remercier pour votre assiduit\u00e9 et le s\u00e9rieux que vous avez accord\u00e9 au travail qui vous aviez \u00e9t\u00e9 convi\u00e9. cela d\u00e9montre votre engagement et l&rsquo;int\u00e9r\u00eat que vous apportez sur la justice transitionnelle qui est l&rsquo;un des programmes le plus attendu pour la RDC \u00bb.<\/em><\/p>\n\n\n\n<p>Repr\u00e9sentant du gouvernement \u00e0 ces assises, le ministre des droits humains, Albert-Fabrice Puela a r\u00e9it\u00e9r\u00e9 sa d\u00e9termination de finir avec les affres du pass\u00e9 \u00e0 travers l&rsquo;impl\u00e9mentation de la justice transitionnelle en RDC.<\/p>\n\n\n\n<p><em>\u00ab Nous r\u00e9it\u00e9rons ici non seulement la volont\u00e9 du gouvernement, \u00e0 travers l&rsquo;implication personnelle du chef de l&rsquo;\u00e9tat, afin que la justice transitionnelle avec l&rsquo;ensemble de ses piliers soit mise en \u0153uvre pour que les affres du pass\u00e9 soient d\u00e9finitivement enterr\u00e9es, mais surtout qu&rsquo;elles ne se reproduisent plus jamais \u00bb,<\/em> a promis Albert-Fabrice Puela.<\/p>\n\n\n\n<p>Pour le troisi\u00e8me et dernier jour, les participants \u00e9taient soumis aux travaux de groupe sur les diff\u00e9rents th\u00e8mes li\u00e9s \u00e0 la justice transitionnelle. Tenu \u00e0 Kinshasa, cet atelier a \u00e9t\u00e9 organis\u00e9 conjointement par le BCNUDH, le minist\u00e8re des droits humains et l\u2019\u00e9quipe des experts internationaux sur la RDC<\/p>\n\n\n\n<p>AM<\/p>\n","protected":false},"excerpt":{"rendered":"<p>R\u00e9daction:+243817406088 Rideaux tir\u00e9s de l&rsquo;atelier de r\u00e9flexion sur le processus de la justice transitionnelle en&#8230;<\/p>\n","protected":false},"author":2,"featured_media":4672,"comment_status":"open","ping_status":"open","sticky":false,"template":"","format":"standard","meta":{"_jetpack_memberships_contains_paid_content":false,"footnotes":""},"categories":[7],"tags":[],"class_list":["post-4669","post","type-post","status-publish","format-standard","has-post-thumbnail","hentry","category-droits-humains"],"yoast_head":"<!-- This site is optimized with the Yoast SEO plugin v27.5 - https:\/\/yoast.com\/product\/yoast-seo-wordpress\/ -->\n<title>Processus de la justice transitionnelle en RDC : Une feuille de route vient d\u2019\u00eatre mise en place - Infos Droits Humains<\/title>\n<meta name=\"robots\" content=\"index, follow, max-snippet:-1, max-image-preview:large, max-video-preview:-1\" \/>\n<link rel=\"canonical\" href=\"https:\/\/infos-droitshumains.net\/?p=4669\" \/>\n<meta property=\"og:locale\" content=\"fr_FR\" \/>\n<meta property=\"og:type\" content=\"article\" \/>\n<meta property=\"og:title\" content=\"Processus de la justice transitionnelle en RDC : Une feuille de route vient d\u2019\u00eatre mise en place - Infos Droits Humains\" \/>\n<meta property=\"og:description\" content=\"R\u00e9daction:+243817406088 Rideaux tir\u00e9s de l&rsquo;atelier de r\u00e9flexion sur le processus de la justice transitionnelle en...\" \/>\n<meta property=\"og:url\" content=\"https:\/\/infos-droitshumains.net\/?p=4669\" \/>\n<meta property=\"og:site_name\" content=\"Infos Droits Humains\" \/>\n<meta property=\"article:published_time\" content=\"2022-07-22T21:22:35+00:00\" \/>\n<meta property=\"article:modified_time\" content=\"2022-07-22T21:44:15+00:00\" \/>\n<meta property=\"og:image\" content=\"https:\/\/i0.wp.com\/infos-droitshumains.net\/wp-content\/uploads\/2022\/07\/IMG-20220722-WA0058_2.jpg?fit=917%2C607&ssl=1\" \/>\n\t<meta property=\"og:image:width\" content=\"917\" \/>\n\t<meta property=\"og:image:height\" content=\"607\" \/>\n\t<meta property=\"og:image:type\" content=\"image\/jpeg\" \/>\n<meta name=\"author\" content=\"Jo\u00ebl Diawa\" \/>\n<meta name=\"twitter:card\" content=\"summary_large_image\" \/>\n<meta name=\"twitter:label1\" content=\"\u00c9crit par\" \/>\n\t<meta name=\"twitter:data1\" content=\"Jo\u00ebl Diawa\" \/>\n\t<meta name=\"twitter:label2\" content=\"Dur\u00e9e de lecture estim\u00e9e\" \/>\n\t<meta name=\"twitter:data2\" content=\"2 minutes\" \/>\n<script type=\"application\/ld+json\" class=\"yoast-schema-graph\">{\"@context\":\"https:\\\/\\\/schema.org\",\"@graph\":[{\"@type\":\"Article\",\"@id\":\"https:\\\/\\\/infos-droitshumains.net\\\/?p=4669#article\",\"isPartOf\":{\"@id\":\"https:\\\/\\\/infos-droitshumains.net\\\/?p=4669\"},\"author\":{\"name\":\"Jo\u00ebl Diawa\",\"@id\":\"https:\\\/\\\/infos-droitshumains.net\\\/#\\\/schema\\\/person\\\/3dc5e921c3302172e0ed4362f96faab7\"},\"headline\":\"Processus de la justice transitionnelle en RDC : Une feuille de route vient d\u2019\u00eatre mise en place\",\"datePublished\":\"2022-07-22T21:22:35+00:00\",\"dateModified\":\"2022-07-22T21:44:15+00:00\",\"mainEntityOfPage\":{\"@id\":\"https:\\\/\\\/infos-droitshumains.net\\\/?p=4669\"},\"wordCount\":413,\"commentCount\":0,\"publisher\":{\"@id\":\"https:\\\/\\\/infos-droitshumains.net\\\/#organization\"},\"image\":{\"@id\":\"https:\\\/\\\/infos-droitshumains.net\\\/?p=4669#primaryimage\"},\"thumbnailUrl\":\"https:\\\/\\\/i0.wp.com\\\/infos-droitshumains.net\\\/wp-content\\\/uploads\\\/2022\\\/07\\\/IMG-20220722-WA0058_2.jpg?fit=917%2C607&ssl=1\",\"articleSection\":[\"Droits Humains\"],\"inLanguage\":\"fr-FR\",\"potentialAction\":[{\"@type\":\"CommentAction\",\"name\":\"Comment\",\"target\":[\"https:\\\/\\\/infos-droitshumains.net\\\/?p=4669#respond\"]}]},{\"@type\":\"WebPage\",\"@id\":\"https:\\\/\\\/infos-droitshumains.net\\\/?p=4669\",\"url\":\"https:\\\/\\\/infos-droitshumains.net\\\/?p=4669\",\"name\":\"Processus de la justice transitionnelle en RDC : Une feuille de route vient d\u2019\u00eatre mise en place - Infos Droits Humains\",\"isPartOf\":{\"@id\":\"https:\\\/\\\/infos-droitshumains.net\\\/#website\"},\"primaryImageOfPage\":{\"@id\":\"https:\\\/\\\/infos-droitshumains.net\\\/?p=4669#primaryimage\"},\"image\":{\"@id\":\"https:\\\/\\\/infos-droitshumains.net\\\/?p=4669#primaryimage\"},\"thumbnailUrl\":\"https:\\\/\\\/i0.wp.com\\\/infos-droitshumains.net\\\/wp-content\\\/uploads\\\/2022\\\/07\\\/IMG-20220722-WA0058_2.jpg?fit=917%2C607&ssl=1\",\"datePublished\":\"2022-07-22T21:22:35+00:00\",\"dateModified\":\"2022-07-22T21:44:15+00:00\",\"breadcrumb\":{\"@id\":\"https:\\\/\\\/infos-droitshumains.net\\\/?p=4669#breadcrumb\"},\"inLanguage\":\"fr-FR\",\"potentialAction\":[{\"@type\":\"ReadAction\",\"target\":[\"https:\\\/\\\/infos-droitshumains.net\\\/?p=4669\"]}]},{\"@type\":\"ImageObject\",\"inLanguage\":\"fr-FR\",\"@id\":\"https:\\\/\\\/infos-droitshumains.net\\\/?p=4669#primaryimage\",\"url\":\"https:\\\/\\\/i0.wp.com\\\/infos-droitshumains.net\\\/wp-content\\\/uploads\\\/2022\\\/07\\\/IMG-20220722-WA0058_2.jpg?fit=917%2C607&ssl=1\",\"contentUrl\":\"https:\\\/\\\/i0.wp.com\\\/infos-droitshumains.net\\\/wp-content\\\/uploads\\\/2022\\\/07\\\/IMG-20220722-WA0058_2.jpg?fit=917%2C607&ssl=1\",\"width\":917,\"height\":607},{\"@type\":\"BreadcrumbList\",\"@id\":\"https:\\\/\\\/infos-droitshumains.net\\\/?p=4669#breadcrumb\",\"itemListElement\":[{\"@type\":\"ListItem\",\"position\":1,\"name\":\"Accueil\",\"item\":\"https:\\\/\\\/infos-droitshumains.net\\\/\"},{\"@type\":\"ListItem\",\"position\":2,\"name\":\"Processus de la justice transitionnelle en RDC : Une feuille de route vient d\u2019\u00eatre mise en place\"}]},{\"@type\":\"WebSite\",\"@id\":\"https:\\\/\\\/infos-droitshumains.net\\\/#website\",\"url\":\"https:\\\/\\\/infos-droitshumains.net\\\/\",\"name\":\"Infos Droits Humains\",\"description\":\"S&#039;informer est un droit\",\"publisher\":{\"@id\":\"https:\\\/\\\/infos-droitshumains.net\\\/#organization\"},\"potentialAction\":[{\"@type\":\"SearchAction\",\"target\":{\"@type\":\"EntryPoint\",\"urlTemplate\":\"https:\\\/\\\/infos-droitshumains.net\\\/?s={search_term_string}\"},\"query-input\":{\"@type\":\"PropertyValueSpecification\",\"valueRequired\":true,\"valueName\":\"search_term_string\"}}],\"inLanguage\":\"fr-FR\"},{\"@type\":\"Organization\",\"@id\":\"https:\\\/\\\/infos-droitshumains.net\\\/#organization\",\"name\":\"Infos Droits Humains\",\"url\":\"https:\\\/\\\/infos-droitshumains.net\\\/\",\"logo\":{\"@type\":\"ImageObject\",\"inLanguage\":\"fr-FR\",\"@id\":\"https:\\\/\\\/infos-droitshumains.net\\\/#\\\/schema\\\/logo\\\/image\\\/\",\"url\":\"https:\\\/\\\/i0.wp.com\\\/infos-droitshumains.net\\\/wp-content\\\/uploads\\\/2022\\\/05\\\/Logo.png?fit=333%2C129&ssl=1\",\"contentUrl\":\"https:\\\/\\\/i0.wp.com\\\/infos-droitshumains.net\\\/wp-content\\\/uploads\\\/2022\\\/05\\\/Logo.png?fit=333%2C129&ssl=1\",\"width\":333,\"height\":129,\"caption\":\"Infos Droits Humains\"},\"image\":{\"@id\":\"https:\\\/\\\/infos-droitshumains.net\\\/#\\\/schema\\\/logo\\\/image\\\/\"}},{\"@type\":\"Person\",\"@id\":\"https:\\\/\\\/infos-droitshumains.net\\\/#\\\/schema\\\/person\\\/3dc5e921c3302172e0ed4362f96faab7\",\"name\":\"Jo\u00ebl Diawa\",\"image\":{\"@type\":\"ImageObject\",\"inLanguage\":\"fr-FR\",\"@id\":\"https:\\\/\\\/secure.gravatar.com\\\/avatar\\\/729bea6ff4604c624417803c477363be8e3c7186deaa65713313f9b4b820f41c?s=96&d=mm&r=g\",\"url\":\"https:\\\/\\\/secure.gravatar.com\\\/avatar\\\/729bea6ff4604c624417803c477363be8e3c7186deaa65713313f9b4b820f41c?s=96&d=mm&r=g\",\"contentUrl\":\"https:\\\/\\\/secure.gravatar.com\\\/avatar\\\/729bea6ff4604c624417803c477363be8e3c7186deaa65713313f9b4b820f41c?s=96&d=mm&r=g\",\"caption\":\"Jo\u00ebl Diawa\"},\"sameAs\":[\"https:\\\/\\\/www.infos-droitshumains.net\"],\"url\":\"https:\\\/\\\/infos-droitshumains.net\\\/?author=2\"}]}<\/script>\n<!-- \/ Yoast SEO plugin. -->","yoast_head_json":{"title":"Processus de la justice transitionnelle en RDC : Une feuille de route vient d\u2019\u00eatre mise en place - Infos Droits Humains","robots":{"index":"index","follow":"follow","max-snippet":"max-snippet:-1","max-image-preview":"max-image-preview:large","max-video-preview":"max-video-preview:-1"},"canonical":"https:\/\/infos-droitshumains.net\/?p=4669","og_locale":"fr_FR","og_type":"article","og_title":"Processus de la justice transitionnelle en RDC : Une feuille de route vient d\u2019\u00eatre mise en place - Infos Droits Humains","og_description":"R\u00e9daction:+243817406088 Rideaux tir\u00e9s de l&rsquo;atelier de r\u00e9flexion sur le processus de la justice transitionnelle en...","og_url":"https:\/\/infos-droitshumains.net\/?p=4669","og_site_name":"Infos Droits Humains","article_published_time":"2022-07-22T21:22:35+00:00","article_modified_time":"2022-07-22T21:44:15+00:00","og_image":[{"width":917,"height":607,"url":"https:\/\/i0.wp.com\/infos-droitshumains.net\/wp-content\/uploads\/2022\/07\/IMG-20220722-WA0058_2.jpg?fit=917%2C607&ssl=1","type":"image\/jpeg"}],"author":"Jo\u00ebl Diawa","twitter_card":"summary_large_image","twitter_misc":{"\u00c9crit par":"Jo\u00ebl Diawa","Dur\u00e9e de lecture estim\u00e9e":"2 minutes"},"schema":{"@context":"https:\/\/schema.org","@graph":[{"@type":"Article","@id":"https:\/\/infos-droitshumains.net\/?p=4669#article","isPartOf":{"@id":"https:\/\/infos-droitshumains.net\/?p=4669"},"author":{"name":"Jo\u00ebl Diawa","@id":"https:\/\/infos-droitshumains.net\/#\/schema\/person\/3dc5e921c3302172e0ed4362f96faab7"},"headline":"Processus de la justice transitionnelle en RDC : Une feuille de route vient d\u2019\u00eatre mise en place","datePublished":"2022-07-22T21:22:35+00:00","dateModified":"2022-07-22T21:44:15+00:00","mainEntityOfPage":{"@id":"https:\/\/infos-droitshumains.net\/?p=4669"},"wordCount":413,"commentCount":0,"publisher":{"@id":"https:\/\/infos-droitshumains.net\/#organization"},"image":{"@id":"https:\/\/infos-droitshumains.net\/?p=4669#primaryimage"},"thumbnailUrl":"https:\/\/i0.wp.com\/infos-droitshumains.net\/wp-content\/uploads\/2022\/07\/IMG-20220722-WA0058_2.jpg?fit=917%2C607&ssl=1","articleSection":["Droits Humains"],"inLanguage":"fr-FR","potentialAction":[{"@type":"CommentAction","name":"Comment","target":["https:\/\/infos-droitshumains.net\/?p=4669#respond"]}]},{"@type":"WebPage","@id":"https:\/\/infos-droitshumains.net\/?p=4669","url":"https:\/\/infos-droitshumains.net\/?p=4669","name":"Processus de la justice transitionnelle en RDC : Une feuille de route vient d\u2019\u00eatre mise en place - Infos Droits Humains","isPartOf":{"@id":"https:\/\/infos-droitshumains.net\/#website"},"primaryImageOfPage":{"@id":"https:\/\/infos-droitshumains.net\/?p=4669#primaryimage"},"image":{"@id":"https:\/\/infos-droitshumains.net\/?p=4669#primaryimage"},"thumbnailUrl":"https:\/\/i0.wp.com\/infos-droitshumains.net\/wp-content\/uploads\/2022\/07\/IMG-20220722-WA0058_2.jpg?fit=917%2C607&ssl=1","datePublished":"2022-07-22T21:22:35+00:00","dateModified":"2022-07-22T21:44:15+00:00","breadcrumb":{"@id":"https:\/\/infos-droitshumains.net\/?p=4669#breadcrumb"},"inLanguage":"fr-FR","potentialAction":[{"@type":"ReadAction","target":["https:\/\/infos-droitshumains.net\/?p=4669"]}]},{"@type":"ImageObject","inLanguage":"fr-FR","@id":"https:\/\/infos-droitshumains.net\/?p=4669#primaryimage","url":"https:\/\/i0.wp.com\/infos-droitshumains.net\/wp-content\/uploads\/2022\/07\/IMG-20220722-WA0058_2.jpg?fit=917%2C607&ssl=1","contentUrl":"https:\/\/i0.wp.com\/infos-droitshumains.net\/wp-content\/uploads\/2022\/07\/IMG-20220722-WA0058_2.jpg?fit=917%2C607&ssl=1","width":917,"height":607},{"@type":"BreadcrumbList","@id":"https:\/\/infos-droitshumains.net\/?p=4669#breadcrumb","itemListElement":[{"@type":"ListItem","position":1,"name":"Accueil","item":"https:\/\/infos-droitshumains.net\/"},{"@type":"ListItem","position":2,"name":"Processus de la justice transitionnelle en RDC : Une feuille de route vient d\u2019\u00eatre mise en place"}]},{"@type":"WebSite","@id":"https:\/\/infos-droitshumains.net\/#website","url":"https:\/\/infos-droitshumains.net\/","name":"Infos Droits Humains","description":"S&#039;informer est un droit","publisher":{"@id":"https:\/\/infos-droitshumains.net\/#organization"},"potentialAction":[{"@type":"SearchAction","target":{"@type":"EntryPoint","urlTemplate":"https:\/\/infos-droitshumains.net\/?s={search_term_string}"},"query-input":{"@type":"PropertyValueSpecification","valueRequired":true,"valueName":"search_term_string"}}],"inLanguage":"fr-FR"},{"@type":"Organization","@id":"https:\/\/infos-droitshumains.net\/#organization","name":"Infos Droits Humains","url":"https:\/\/infos-droitshumains.net\/","logo":{"@type":"ImageObject","inLanguage":"fr-FR","@id":"https:\/\/infos-droitshumains.net\/#\/schema\/logo\/image\/","url":"https:\/\/i0.wp.com\/infos-droitshumains.net\/wp-content\/uploads\/2022\/05\/Logo.png?fit=333%2C129&ssl=1","contentUrl":"https:\/\/i0.wp.com\/infos-droitshumains.net\/wp-content\/uploads\/2022\/05\/Logo.png?fit=333%2C129&ssl=1","width":333,"height":129,"caption":"Infos Droits Humains"},"image":{"@id":"https:\/\/infos-droitshumains.net\/#\/schema\/logo\/image\/"}},{"@type":"Person","@id":"https:\/\/infos-droitshumains.net\/#\/schema\/person\/3dc5e921c3302172e0ed4362f96faab7","name":"Jo\u00ebl Diawa","image":{"@type":"ImageObject","inLanguage":"fr-FR","@id":"https:\/\/secure.gravatar.com\/avatar\/729bea6ff4604c624417803c477363be8e3c7186deaa65713313f9b4b820f41c?s=96&d=mm&r=g","url":"https:\/\/secure.gravatar.com\/avatar\/729bea6ff4604c624417803c477363be8e3c7186deaa65713313f9b4b820f41c?s=96&d=mm&r=g","contentUrl":"https:\/\/secure.gravatar.com\/avatar\/729bea6ff4604c624417803c477363be8e3c7186deaa65713313f9b4b820f41c?s=96&d=mm&r=g","caption":"Jo\u00ebl Diawa"},"sameAs":["https:\/\/www.infos-droitshumains.net"],"url":"https:\/\/infos-droitshumains.net\/?author=2"}]}},"featured_image_urls":{"full":["https:\/\/i0.wp.com\/infos-droitshumains.net\/wp-content\/uploads\/2022\/07\/IMG-20220722-WA0058_2.jpg?fit=917%2C607&ssl=1",917,607,false],"thumbnail":["https:\/\/i0.wp.com\/infos-droitshumains.net\/wp-content\/uploads\/2022\/07\/IMG-20220722-WA0058_2.jpg?resize=150%2C150&ssl=1",150,150,true],"medium":["https:\/\/i0.wp.com\/infos-droitshumains.net\/wp-content\/uploads\/2022\/07\/IMG-20220722-WA0058_2.jpg?fit=300%2C199&ssl=1",300,199,true],"medium_large":["https:\/\/i0.wp.com\/infos-droitshumains.net\/wp-content\/uploads\/2022\/07\/IMG-20220722-WA0058_2.jpg?fit=640%2C423&ssl=1",640,423,true],"large":["https:\/\/i0.wp.com\/infos-droitshumains.net\/wp-content\/uploads\/2022\/07\/IMG-20220722-WA0058_2.jpg?fit=640%2C424&ssl=1",640,424,true],"1536x1536":["https:\/\/i0.wp.com\/infos-droitshumains.net\/wp-content\/uploads\/2022\/07\/IMG-20220722-WA0058_2.jpg?fit=917%2C607&ssl=1",917,607,true],"2048x2048":["https:\/\/i0.wp.com\/infos-droitshumains.net\/wp-content\/uploads\/2022\/07\/IMG-20220722-WA0058_2.jpg?fit=917%2C607&ssl=1",917,607,true],"covernews-slider-full":["https:\/\/i0.wp.com\/infos-droitshumains.net\/wp-content\/uploads\/2022\/07\/IMG-20220722-WA0058_2.jpg?resize=917%2C607&ssl=1",917,607,true],"covernews-slider-center":["https:\/\/i0.wp.com\/infos-droitshumains.net\/wp-content\/uploads\/2022\/07\/IMG-20220722-WA0058_2.jpg?resize=800%2C500&ssl=1",800,500,true],"covernews-featured":["https:\/\/i0.wp.com\/infos-droitshumains.net\/wp-content\/uploads\/2022\/07\/IMG-20220722-WA0058_2.jpg?fit=917%2C607&ssl=1",917,607,true],"covernews-medium":["https:\/\/i0.wp.com\/infos-droitshumains.net\/wp-content\/uploads\/2022\/07\/IMG-20220722-WA0058_2.jpg?resize=540%2C340&ssl=1",540,340,true],"covernews-medium-square":["https:\/\/i0.wp.com\/infos-droitshumains.net\/wp-content\/uploads\/2022\/07\/IMG-20220722-WA0058_2.jpg?resize=400%2C250&ssl=1",400,250,true]},"author_info":{"display_name":"Jo\u00ebl Diawa","author_link":"https:\/\/infos-droitshumains.net\/?author=2"},"category_info":"<a href=\"https:\/\/infos-droitshumains.net\/?cat=7\" rel=\"category\">Droits Humains<\/a>","tag_info":"Droits Humains","comment_count":"0","jetpack_featured_media_url":"https:\/\/i0.wp.com\/infos-droitshumains.net\/wp-content\/uploads\/2022\/07\/IMG-20220722-WA0058_2.jpg?fit=917%2C607&ssl=1","jetpack-related-posts":[],"jetpack_sharing_enabled":true,"_links":{"self":[{"href":"https:\/\/infos-droitshumains.net\/index.php?rest_route=\/wp\/v2\/posts\/4669","targetHints":{"allow":["GET"]}}],"collection":[{"href":"https:\/\/infos-droitshumains.net\/index.php?rest_route=\/wp\/v2\/posts"}],"about":[{"href":"https:\/\/infos-droitshumains.net\/index.php?rest_route=\/wp\/v2\/types\/post"}],"author":[{"embeddable":true,"href":"https:\/\/infos-droitshumains.net\/index.php?rest_route=\/wp\/v2\/users\/2"}],"replies":[{"embeddable":true,"href":"https:\/\/infos-droitshumains.net\/index.php?rest_route=%2Fwp%2Fv2%2Fcomments&post=4669"}],"version-history":[{"count":4,"href":"https:\/\/infos-droitshumains.net\/index.php?rest_route=\/wp\/v2\/posts\/4669\/revisions"}],"predecessor-version":[{"id":4676,"href":"https:\/\/infos-droitshumains.net\/index.php?rest_route=\/wp\/v2\/posts\/4669\/revisions\/4676"}],"wp:featuredmedia":[{"embeddable":true,"href":"https:\/\/infos-droitshumains.net\/index.php?rest_route=\/wp\/v2\/media\/4672"}],"wp:attachment":[{"href":"https:\/\/infos-droitshumains.net\/index.php?rest_route=%2Fwp%2Fv2%2Fmedia&parent=4669"}],"wp:term":[{"taxonomy":"category","embeddable":true,"href":"https:\/\/infos-droitshumains.net\/index.php?rest_route=%2Fwp%2Fv2%2Fcategories&post=4669"},{"taxonomy":"post_tag","embeddable":true,"href":"https:\/\/infos-droitshumains.net\/index.php?rest_route=%2Fwp%2Fv2%2Ftags&post=4669"}],"curies":[{"name":"wp","href":"https:\/\/api.w.org\/{rel}","templated":true}]}}