{"id":4640,"date":"2022-07-19T23:40:09","date_gmt":"2022-07-19T21:40:09","guid":{"rendered":"https:\/\/infos-droitshumains.net\/?p=4640"},"modified":"2022-07-19T23:43:31","modified_gmt":"2022-07-19T21:43:31","slug":"justice-transitionnelle-la-rdc-et-ses-differents-partenaires-reflechissent-sur-le-processus-de-sa-mise-en-place","status":"publish","type":"post","link":"https:\/\/infos-droitshumains.net\/?p=4640","title":{"rendered":"Justice transitionnelle: La RDC et ses diff\u00e9rents partenaires r\u00e9fl\u00e9chissent sur le processus de sa mise en place"},"content":{"rendered":"\n<p><strong>R\u00e9daction:+243817406088<\/strong><\/p>\n\n\n\n<p>Au cours d\u2019un atelier ouvert ce mardi, 19 juillet \u00e0 Kinshasa, la R\u00e9publique D\u00e9mocratique du Congo et ses diff\u00e9rents partenaires r\u00e9fl\u00e9chissent sur le processus de la justice transitionnelle en R\u00e9publique D\u00e9mocratique du Congo ; de l&rsquo;\u00e9tat des lieux en passant par les perspectives en vue de l\u2019\u00e9laboration de la politique nationale de la justice transitionnelle.<\/p>\n\n\n\n<p>Cette initiative d\u00e9gage le reflet de la volont\u00e9 du pr\u00e9sident F\u00e9lix-Antoine Tshisekedi \u00e0 lutter contre l\u2019impunit\u00e9 a salu\u00e9 Bacre Waly Ndiaye, pr\u00e9sident de l\u2019\u00e9quipe d\u2019experts internationaux sur la justice transitionnelle en RDC.<\/p>\n\n\n\n<p>Au regard des enjeux, cet atelier constitue un pari audacieux pour la RDC afin de garantir le respect des droits de l\u2019homme sur son sol a reconnu Abdoul Aziz Thioye.<\/p>\n\n\n\n<p><em>\u00ab Accorder la transition d\u2019un contexte des violences vers une soci\u00e9t\u00e9 respectueuse des droits humains, plus juste, stable et unie par les m\u00e9canismes de la justice transitionnelle est un pari audacieux et courageux de la part de l\u2019\u00e9tat congolais et n\u00e9cessite l\u2019implication de l\u2019ensemble des institutions publiques, des autorit\u00e9s, des repr\u00e9sentants de la soci\u00e9t\u00e9 civile, des victimes et des partenaires financiers de la RDC \u00bb<\/em>, a dit le directeur du Bureau Conjoint des Nations Unies aux Droits de l\u2019Homme.<\/p>\n\n\n\n<p>Nicole Ntumba Bwatsha est directrice de cabinet adjointe du chef de l\u2019\u00e9tat en charge des questions politiques, administratives et juridiques. Vu la n\u00e9cessit\u00e9 de la justice transitionnelle en RDC, elle a, au nom de F\u00e9lix Tshisekedi, promis la disposition de tous les moyens pour sa mat\u00e9rialisation.<\/p>\n\n\n\n<p><em>\u00ab Quant \u00e0 nous la pr\u00e9sidence conjointement avec le gouvernement, nous allons nous arranger et nous veillerons \u00e0 ce que, les moyens financiers, humains, moraux soient toujours disponibles \u00bb<\/em>, a-t-elle dit.<\/p>\n\n\n\n<p>La machine \u00e9tant d\u00e9j\u00e0 en marche et plus question de retard, le ministre des droits humains, Albert-Fabrice Puela s\u2019est engag\u00e9 apr\u00e8s cet atelier de poursuivre les consultations nationales sur la justice transitionnelle sur toute l\u2019\u00e9tendue de la RDC.<\/p>\n\n\n\n<p><em>\u00ab Le lancement avec l\u2019appui du BCNUDH de la phase essentielle et primordiale des consultations nationales et qu\u2019elles vont se poursuivre dans toutes les provinces du pays afin de permettre la population en g\u00e9n\u00e9ral et les victimes en particulier de pouvoir s\u2019exprimer sur ce qu\u2019ils attendent de la justice transitionnelle \u00bb.<\/em><\/p>\n\n\n\n<p>\u00c0 l\u2019issue de cet atelier de trois jours organis\u00e9 conjointement par le BCNUDH et le minist\u00e8re des droits humains, un document holistique sur la politique nationale du processus de la justice transitionnelle en RDC sera \u00e9labor\u00e9.<\/p>\n\n\n\n<p>AM<\/p>\n","protected":false},"excerpt":{"rendered":"<p>R\u00e9daction:+243817406088 Au cours d\u2019un atelier ouvert ce mardi, 19 juillet \u00e0 Kinshasa, la R\u00e9publique D\u00e9mocratique&#8230;<\/p>\n","protected":false},"author":2,"featured_media":4643,"comment_status":"open","ping_status":"open","sticky":false,"template":"","format":"standard","meta":{"_jetpack_memberships_contains_paid_content":false,"footnotes":""},"categories":[7],"tags":[],"class_list":["post-4640","post","type-post","status-publish","format-standard","has-post-thumbnail","hentry","category-droits-humains"],"yoast_head":"<!-- This site is optimized with the Yoast SEO plugin v27.5 - https:\/\/yoast.com\/product\/yoast-seo-wordpress\/ -->\n<title>Justice transitionnelle: La RDC et ses diff\u00e9rents partenaires r\u00e9fl\u00e9chissent sur le processus de sa mise en place - Infos Droits Humains<\/title>\n<meta name=\"robots\" content=\"index, follow, max-snippet:-1, max-image-preview:large, max-video-preview:-1\" \/>\n<link rel=\"canonical\" href=\"https:\/\/infos-droitshumains.net\/?p=4640\" \/>\n<meta property=\"og:locale\" content=\"fr_FR\" \/>\n<meta property=\"og:type\" content=\"article\" \/>\n<meta property=\"og:title\" content=\"Justice transitionnelle: La RDC et ses diff\u00e9rents partenaires r\u00e9fl\u00e9chissent sur le processus de sa mise en place - Infos Droits Humains\" \/>\n<meta property=\"og:description\" content=\"R\u00e9daction:+243817406088 Au cours d\u2019un atelier ouvert ce mardi, 19 juillet \u00e0 Kinshasa, la R\u00e9publique D\u00e9mocratique...\" \/>\n<meta property=\"og:url\" content=\"https:\/\/infos-droitshumains.net\/?p=4640\" \/>\n<meta property=\"og:site_name\" content=\"Infos Droits Humains\" \/>\n<meta property=\"article:published_time\" content=\"2022-07-19T21:40:09+00:00\" \/>\n<meta property=\"article:modified_time\" content=\"2022-07-19T21:43:31+00:00\" \/>\n<meta property=\"og:image\" content=\"https:\/\/i0.wp.com\/infos-droitshumains.net\/wp-content\/uploads\/2022\/07\/IMG-20220719-WA0096_1.jpg?fit=1080%2C509&ssl=1\" \/>\n\t<meta property=\"og:image:width\" content=\"1080\" \/>\n\t<meta property=\"og:image:height\" content=\"509\" \/>\n\t<meta property=\"og:image:type\" content=\"image\/jpeg\" \/>\n<meta name=\"author\" content=\"Jo\u00ebl Diawa\" \/>\n<meta name=\"twitter:card\" content=\"summary_large_image\" \/>\n<meta name=\"twitter:label1\" content=\"\u00c9crit par\" \/>\n\t<meta name=\"twitter:data1\" content=\"Jo\u00ebl Diawa\" \/>\n\t<meta name=\"twitter:label2\" content=\"Dur\u00e9e de lecture estim\u00e9e\" \/>\n\t<meta name=\"twitter:data2\" content=\"2 minutes\" \/>\n<script type=\"application\/ld+json\" class=\"yoast-schema-graph\">{\"@context\":\"https:\\\/\\\/schema.org\",\"@graph\":[{\"@type\":\"Article\",\"@id\":\"https:\\\/\\\/infos-droitshumains.net\\\/?p=4640#article\",\"isPartOf\":{\"@id\":\"https:\\\/\\\/infos-droitshumains.net\\\/?p=4640\"},\"author\":{\"name\":\"Jo\u00ebl Diawa\",\"@id\":\"https:\\\/\\\/infos-droitshumains.net\\\/#\\\/schema\\\/person\\\/3dc5e921c3302172e0ed4362f96faab7\"},\"headline\":\"Justice transitionnelle: La RDC et ses diff\u00e9rents partenaires r\u00e9fl\u00e9chissent sur le processus de sa mise en place\",\"datePublished\":\"2022-07-19T21:40:09+00:00\",\"dateModified\":\"2022-07-19T21:43:31+00:00\",\"mainEntityOfPage\":{\"@id\":\"https:\\\/\\\/infos-droitshumains.net\\\/?p=4640\"},\"wordCount\":454,\"commentCount\":0,\"publisher\":{\"@id\":\"https:\\\/\\\/infos-droitshumains.net\\\/#organization\"},\"image\":{\"@id\":\"https:\\\/\\\/infos-droitshumains.net\\\/?p=4640#primaryimage\"},\"thumbnailUrl\":\"https:\\\/\\\/i0.wp.com\\\/infos-droitshumains.net\\\/wp-content\\\/uploads\\\/2022\\\/07\\\/IMG-20220719-WA0096_1.jpg?fit=1080%2C509&ssl=1\",\"articleSection\":[\"Droits Humains\"],\"inLanguage\":\"fr-FR\",\"potentialAction\":[{\"@type\":\"CommentAction\",\"name\":\"Comment\",\"target\":[\"https:\\\/\\\/infos-droitshumains.net\\\/?p=4640#respond\"]}]},{\"@type\":\"WebPage\",\"@id\":\"https:\\\/\\\/infos-droitshumains.net\\\/?p=4640\",\"url\":\"https:\\\/\\\/infos-droitshumains.net\\\/?p=4640\",\"name\":\"Justice transitionnelle: La RDC et ses diff\u00e9rents partenaires r\u00e9fl\u00e9chissent sur le processus de sa mise en place - Infos Droits Humains\",\"isPartOf\":{\"@id\":\"https:\\\/\\\/infos-droitshumains.net\\\/#website\"},\"primaryImageOfPage\":{\"@id\":\"https:\\\/\\\/infos-droitshumains.net\\\/?p=4640#primaryimage\"},\"image\":{\"@id\":\"https:\\\/\\\/infos-droitshumains.net\\\/?p=4640#primaryimage\"},\"thumbnailUrl\":\"https:\\\/\\\/i0.wp.com\\\/infos-droitshumains.net\\\/wp-content\\\/uploads\\\/2022\\\/07\\\/IMG-20220719-WA0096_1.jpg?fit=1080%2C509&ssl=1\",\"datePublished\":\"2022-07-19T21:40:09+00:00\",\"dateModified\":\"2022-07-19T21:43:31+00:00\",\"breadcrumb\":{\"@id\":\"https:\\\/\\\/infos-droitshumains.net\\\/?p=4640#breadcrumb\"},\"inLanguage\":\"fr-FR\",\"potentialAction\":[{\"@type\":\"ReadAction\",\"target\":[\"https:\\\/\\\/infos-droitshumains.net\\\/?p=4640\"]}]},{\"@type\":\"ImageObject\",\"inLanguage\":\"fr-FR\",\"@id\":\"https:\\\/\\\/infos-droitshumains.net\\\/?p=4640#primaryimage\",\"url\":\"https:\\\/\\\/i0.wp.com\\\/infos-droitshumains.net\\\/wp-content\\\/uploads\\\/2022\\\/07\\\/IMG-20220719-WA0096_1.jpg?fit=1080%2C509&ssl=1\",\"contentUrl\":\"https:\\\/\\\/i0.wp.com\\\/infos-droitshumains.net\\\/wp-content\\\/uploads\\\/2022\\\/07\\\/IMG-20220719-WA0096_1.jpg?fit=1080%2C509&ssl=1\",\"width\":1080,\"height\":509},{\"@type\":\"BreadcrumbList\",\"@id\":\"https:\\\/\\\/infos-droitshumains.net\\\/?p=4640#breadcrumb\",\"itemListElement\":[{\"@type\":\"ListItem\",\"position\":1,\"name\":\"Accueil\",\"item\":\"https:\\\/\\\/infos-droitshumains.net\\\/\"},{\"@type\":\"ListItem\",\"position\":2,\"name\":\"Justice transitionnelle: La RDC et ses diff\u00e9rents partenaires r\u00e9fl\u00e9chissent sur le processus de sa mise en place\"}]},{\"@type\":\"WebSite\",\"@id\":\"https:\\\/\\\/infos-droitshumains.net\\\/#website\",\"url\":\"https:\\\/\\\/infos-droitshumains.net\\\/\",\"name\":\"Infos Droits Humains\",\"description\":\"S&#039;informer est un droit\",\"publisher\":{\"@id\":\"https:\\\/\\\/infos-droitshumains.net\\\/#organization\"},\"potentialAction\":[{\"@type\":\"SearchAction\",\"target\":{\"@type\":\"EntryPoint\",\"urlTemplate\":\"https:\\\/\\\/infos-droitshumains.net\\\/?s={search_term_string}\"},\"query-input\":{\"@type\":\"PropertyValueSpecification\",\"valueRequired\":true,\"valueName\":\"search_term_string\"}}],\"inLanguage\":\"fr-FR\"},{\"@type\":\"Organization\",\"@id\":\"https:\\\/\\\/infos-droitshumains.net\\\/#organization\",\"name\":\"Infos Droits Humains\",\"url\":\"https:\\\/\\\/infos-droitshumains.net\\\/\",\"logo\":{\"@type\":\"ImageObject\",\"inLanguage\":\"fr-FR\",\"@id\":\"https:\\\/\\\/infos-droitshumains.net\\\/#\\\/schema\\\/logo\\\/image\\\/\",\"url\":\"https:\\\/\\\/i0.wp.com\\\/infos-droitshumains.net\\\/wp-content\\\/uploads\\\/2022\\\/05\\\/Logo.png?fit=333%2C129&ssl=1\",\"contentUrl\":\"https:\\\/\\\/i0.wp.com\\\/infos-droitshumains.net\\\/wp-content\\\/uploads\\\/2022\\\/05\\\/Logo.png?fit=333%2C129&ssl=1\",\"width\":333,\"height\":129,\"caption\":\"Infos Droits Humains\"},\"image\":{\"@id\":\"https:\\\/\\\/infos-droitshumains.net\\\/#\\\/schema\\\/logo\\\/image\\\/\"}},{\"@type\":\"Person\",\"@id\":\"https:\\\/\\\/infos-droitshumains.net\\\/#\\\/schema\\\/person\\\/3dc5e921c3302172e0ed4362f96faab7\",\"name\":\"Jo\u00ebl Diawa\",\"image\":{\"@type\":\"ImageObject\",\"inLanguage\":\"fr-FR\",\"@id\":\"https:\\\/\\\/secure.gravatar.com\\\/avatar\\\/729bea6ff4604c624417803c477363be8e3c7186deaa65713313f9b4b820f41c?s=96&d=mm&r=g\",\"url\":\"https:\\\/\\\/secure.gravatar.com\\\/avatar\\\/729bea6ff4604c624417803c477363be8e3c7186deaa65713313f9b4b820f41c?s=96&d=mm&r=g\",\"contentUrl\":\"https:\\\/\\\/secure.gravatar.com\\\/avatar\\\/729bea6ff4604c624417803c477363be8e3c7186deaa65713313f9b4b820f41c?s=96&d=mm&r=g\",\"caption\":\"Jo\u00ebl Diawa\"},\"sameAs\":[\"https:\\\/\\\/www.infos-droitshumains.net\"],\"url\":\"https:\\\/\\\/infos-droitshumains.net\\\/?author=2\"}]}<\/script>\n<!-- \/ Yoast SEO plugin. -->","yoast_head_json":{"title":"Justice transitionnelle: La RDC et ses diff\u00e9rents partenaires r\u00e9fl\u00e9chissent sur le processus de sa mise en place - Infos Droits Humains","robots":{"index":"index","follow":"follow","max-snippet":"max-snippet:-1","max-image-preview":"max-image-preview:large","max-video-preview":"max-video-preview:-1"},"canonical":"https:\/\/infos-droitshumains.net\/?p=4640","og_locale":"fr_FR","og_type":"article","og_title":"Justice transitionnelle: La RDC et ses diff\u00e9rents partenaires r\u00e9fl\u00e9chissent sur le processus de sa mise en place - Infos Droits Humains","og_description":"R\u00e9daction:+243817406088 Au cours d\u2019un atelier ouvert ce mardi, 19 juillet \u00e0 Kinshasa, la R\u00e9publique D\u00e9mocratique...","og_url":"https:\/\/infos-droitshumains.net\/?p=4640","og_site_name":"Infos Droits Humains","article_published_time":"2022-07-19T21:40:09+00:00","article_modified_time":"2022-07-19T21:43:31+00:00","og_image":[{"width":1080,"height":509,"url":"https:\/\/i0.wp.com\/infos-droitshumains.net\/wp-content\/uploads\/2022\/07\/IMG-20220719-WA0096_1.jpg?fit=1080%2C509&ssl=1","type":"image\/jpeg"}],"author":"Jo\u00ebl Diawa","twitter_card":"summary_large_image","twitter_misc":{"\u00c9crit par":"Jo\u00ebl Diawa","Dur\u00e9e de lecture estim\u00e9e":"2 minutes"},"schema":{"@context":"https:\/\/schema.org","@graph":[{"@type":"Article","@id":"https:\/\/infos-droitshumains.net\/?p=4640#article","isPartOf":{"@id":"https:\/\/infos-droitshumains.net\/?p=4640"},"author":{"name":"Jo\u00ebl Diawa","@id":"https:\/\/infos-droitshumains.net\/#\/schema\/person\/3dc5e921c3302172e0ed4362f96faab7"},"headline":"Justice transitionnelle: La RDC et ses diff\u00e9rents partenaires r\u00e9fl\u00e9chissent sur le processus de sa mise en place","datePublished":"2022-07-19T21:40:09+00:00","dateModified":"2022-07-19T21:43:31+00:00","mainEntityOfPage":{"@id":"https:\/\/infos-droitshumains.net\/?p=4640"},"wordCount":454,"commentCount":0,"publisher":{"@id":"https:\/\/infos-droitshumains.net\/#organization"},"image":{"@id":"https:\/\/infos-droitshumains.net\/?p=4640#primaryimage"},"thumbnailUrl":"https:\/\/i0.wp.com\/infos-droitshumains.net\/wp-content\/uploads\/2022\/07\/IMG-20220719-WA0096_1.jpg?fit=1080%2C509&ssl=1","articleSection":["Droits Humains"],"inLanguage":"fr-FR","potentialAction":[{"@type":"CommentAction","name":"Comment","target":["https:\/\/infos-droitshumains.net\/?p=4640#respond"]}]},{"@type":"WebPage","@id":"https:\/\/infos-droitshumains.net\/?p=4640","url":"https:\/\/infos-droitshumains.net\/?p=4640","name":"Justice transitionnelle: La RDC et ses diff\u00e9rents partenaires r\u00e9fl\u00e9chissent sur le processus de sa mise en place - Infos Droits Humains","isPartOf":{"@id":"https:\/\/infos-droitshumains.net\/#website"},"primaryImageOfPage":{"@id":"https:\/\/infos-droitshumains.net\/?p=4640#primaryimage"},"image":{"@id":"https:\/\/infos-droitshumains.net\/?p=4640#primaryimage"},"thumbnailUrl":"https:\/\/i0.wp.com\/infos-droitshumains.net\/wp-content\/uploads\/2022\/07\/IMG-20220719-WA0096_1.jpg?fit=1080%2C509&ssl=1","datePublished":"2022-07-19T21:40:09+00:00","dateModified":"2022-07-19T21:43:31+00:00","breadcrumb":{"@id":"https:\/\/infos-droitshumains.net\/?p=4640#breadcrumb"},"inLanguage":"fr-FR","potentialAction":[{"@type":"ReadAction","target":["https:\/\/infos-droitshumains.net\/?p=4640"]}]},{"@type":"ImageObject","inLanguage":"fr-FR","@id":"https:\/\/infos-droitshumains.net\/?p=4640#primaryimage","url":"https:\/\/i0.wp.com\/infos-droitshumains.net\/wp-content\/uploads\/2022\/07\/IMG-20220719-WA0096_1.jpg?fit=1080%2C509&ssl=1","contentUrl":"https:\/\/i0.wp.com\/infos-droitshumains.net\/wp-content\/uploads\/2022\/07\/IMG-20220719-WA0096_1.jpg?fit=1080%2C509&ssl=1","width":1080,"height":509},{"@type":"BreadcrumbList","@id":"https:\/\/infos-droitshumains.net\/?p=4640#breadcrumb","itemListElement":[{"@type":"ListItem","position":1,"name":"Accueil","item":"https:\/\/infos-droitshumains.net\/"},{"@type":"ListItem","position":2,"name":"Justice transitionnelle: La RDC et ses diff\u00e9rents partenaires r\u00e9fl\u00e9chissent sur le processus de sa mise en place"}]},{"@type":"WebSite","@id":"https:\/\/infos-droitshumains.net\/#website","url":"https:\/\/infos-droitshumains.net\/","name":"Infos Droits Humains","description":"S&#039;informer est un droit","publisher":{"@id":"https:\/\/infos-droitshumains.net\/#organization"},"potentialAction":[{"@type":"SearchAction","target":{"@type":"EntryPoint","urlTemplate":"https:\/\/infos-droitshumains.net\/?s={search_term_string}"},"query-input":{"@type":"PropertyValueSpecification","valueRequired":true,"valueName":"search_term_string"}}],"inLanguage":"fr-FR"},{"@type":"Organization","@id":"https:\/\/infos-droitshumains.net\/#organization","name":"Infos Droits Humains","url":"https:\/\/infos-droitshumains.net\/","logo":{"@type":"ImageObject","inLanguage":"fr-FR","@id":"https:\/\/infos-droitshumains.net\/#\/schema\/logo\/image\/","url":"https:\/\/i0.wp.com\/infos-droitshumains.net\/wp-content\/uploads\/2022\/05\/Logo.png?fit=333%2C129&ssl=1","contentUrl":"https:\/\/i0.wp.com\/infos-droitshumains.net\/wp-content\/uploads\/2022\/05\/Logo.png?fit=333%2C129&ssl=1","width":333,"height":129,"caption":"Infos Droits Humains"},"image":{"@id":"https:\/\/infos-droitshumains.net\/#\/schema\/logo\/image\/"}},{"@type":"Person","@id":"https:\/\/infos-droitshumains.net\/#\/schema\/person\/3dc5e921c3302172e0ed4362f96faab7","name":"Jo\u00ebl Diawa","image":{"@type":"ImageObject","inLanguage":"fr-FR","@id":"https:\/\/secure.gravatar.com\/avatar\/729bea6ff4604c624417803c477363be8e3c7186deaa65713313f9b4b820f41c?s=96&d=mm&r=g","url":"https:\/\/secure.gravatar.com\/avatar\/729bea6ff4604c624417803c477363be8e3c7186deaa65713313f9b4b820f41c?s=96&d=mm&r=g","contentUrl":"https:\/\/secure.gravatar.com\/avatar\/729bea6ff4604c624417803c477363be8e3c7186deaa65713313f9b4b820f41c?s=96&d=mm&r=g","caption":"Jo\u00ebl Diawa"},"sameAs":["https:\/\/www.infos-droitshumains.net"],"url":"https:\/\/infos-droitshumains.net\/?author=2"}]}},"featured_image_urls":{"full":["https:\/\/i0.wp.com\/infos-droitshumains.net\/wp-content\/uploads\/2022\/07\/IMG-20220719-WA0096_1.jpg?fit=1080%2C509&ssl=1",1080,509,false],"thumbnail":["https:\/\/i0.wp.com\/infos-droitshumains.net\/wp-content\/uploads\/2022\/07\/IMG-20220719-WA0096_1.jpg?resize=150%2C150&ssl=1",150,150,true],"medium":["https:\/\/i0.wp.com\/infos-droitshumains.net\/wp-content\/uploads\/2022\/07\/IMG-20220719-WA0096_1.jpg?fit=300%2C141&ssl=1",300,141,true],"medium_large":["https:\/\/i0.wp.com\/infos-droitshumains.net\/wp-content\/uploads\/2022\/07\/IMG-20220719-WA0096_1.jpg?fit=640%2C302&ssl=1",640,302,true],"large":["https:\/\/i0.wp.com\/infos-droitshumains.net\/wp-content\/uploads\/2022\/07\/IMG-20220719-WA0096_1.jpg?fit=640%2C302&ssl=1",640,302,true],"1536x1536":["https:\/\/i0.wp.com\/infos-droitshumains.net\/wp-content\/uploads\/2022\/07\/IMG-20220719-WA0096_1.jpg?fit=1080%2C509&ssl=1",1080,509,true],"2048x2048":["https:\/\/i0.wp.com\/infos-droitshumains.net\/wp-content\/uploads\/2022\/07\/IMG-20220719-WA0096_1.jpg?fit=1080%2C509&ssl=1",1080,509,true],"covernews-slider-full":["https:\/\/i0.wp.com\/infos-droitshumains.net\/wp-content\/uploads\/2022\/07\/IMG-20220719-WA0096_1.jpg?resize=1080%2C509&ssl=1",1080,509,true],"covernews-slider-center":["https:\/\/i0.wp.com\/infos-droitshumains.net\/wp-content\/uploads\/2022\/07\/IMG-20220719-WA0096_1.jpg?resize=800%2C500&ssl=1",800,500,true],"covernews-featured":["https:\/\/i0.wp.com\/infos-droitshumains.net\/wp-content\/uploads\/2022\/07\/IMG-20220719-WA0096_1.jpg?fit=1024%2C483&ssl=1",1024,483,true],"covernews-medium":["https:\/\/i0.wp.com\/infos-droitshumains.net\/wp-content\/uploads\/2022\/07\/IMG-20220719-WA0096_1.jpg?resize=540%2C340&ssl=1",540,340,true],"covernews-medium-square":["https:\/\/i0.wp.com\/infos-droitshumains.net\/wp-content\/uploads\/2022\/07\/IMG-20220719-WA0096_1.jpg?resize=400%2C250&ssl=1",400,250,true]},"author_info":{"display_name":"Jo\u00ebl Diawa","author_link":"https:\/\/infos-droitshumains.net\/?author=2"},"category_info":"<a href=\"https:\/\/infos-droitshumains.net\/?cat=7\" rel=\"category\">Droits Humains<\/a>","tag_info":"Droits Humains","comment_count":"0","jetpack_featured_media_url":"https:\/\/i0.wp.com\/infos-droitshumains.net\/wp-content\/uploads\/2022\/07\/IMG-20220719-WA0096_1.jpg?fit=1080%2C509&ssl=1","jetpack-related-posts":[],"jetpack_sharing_enabled":true,"_links":{"self":[{"href":"https:\/\/infos-droitshumains.net\/index.php?rest_route=\/wp\/v2\/posts\/4640","targetHints":{"allow":["GET"]}}],"collection":[{"href":"https:\/\/infos-droitshumains.net\/index.php?rest_route=\/wp\/v2\/posts"}],"about":[{"href":"https:\/\/infos-droitshumains.net\/index.php?rest_route=\/wp\/v2\/types\/post"}],"author":[{"embeddable":true,"href":"https:\/\/infos-droitshumains.net\/index.php?rest_route=\/wp\/v2\/users\/2"}],"replies":[{"embeddable":true,"href":"https:\/\/infos-droitshumains.net\/index.php?rest_route=%2Fwp%2Fv2%2Fcomments&post=4640"}],"version-history":[{"count":2,"href":"https:\/\/infos-droitshumains.net\/index.php?rest_route=\/wp\/v2\/posts\/4640\/revisions"}],"predecessor-version":[{"id":4642,"href":"https:\/\/infos-droitshumains.net\/index.php?rest_route=\/wp\/v2\/posts\/4640\/revisions\/4642"}],"wp:featuredmedia":[{"embeddable":true,"href":"https:\/\/infos-droitshumains.net\/index.php?rest_route=\/wp\/v2\/media\/4643"}],"wp:attachment":[{"href":"https:\/\/infos-droitshumains.net\/index.php?rest_route=%2Fwp%2Fv2%2Fmedia&parent=4640"}],"wp:term":[{"taxonomy":"category","embeddable":true,"href":"https:\/\/infos-droitshumains.net\/index.php?rest_route=%2Fwp%2Fv2%2Fcategories&post=4640"},{"taxonomy":"post_tag","embeddable":true,"href":"https:\/\/infos-droitshumains.net\/index.php?rest_route=%2Fwp%2Fv2%2Ftags&post=4640"}],"curies":[{"name":"wp","href":"https:\/\/api.w.org\/{rel}","templated":true}]}}