{"id":4611,"date":"2022-07-19T11:58:59","date_gmt":"2022-07-19T09:58:59","guid":{"rendered":"https:\/\/infos-droitshumains.net\/?p=4611"},"modified":"2022-07-19T13:31:34","modified_gmt":"2022-07-19T11:31:34","slug":"journee-internationale-nelson-mandela-a-kinshasa-le-collectif-vision-congo-pause-un-geste-philanthropique-au-home-des-vieillards","status":"publish","type":"post","link":"https:\/\/infos-droitshumains.net\/?p=4611","title":{"rendered":"Journ\u00e9e Internationale Nelson Mandela : A Kinshasa, le Collectif Vision Congo pause un geste philanthropique au Home des vieillards"},"content":{"rendered":"\n<p><strong>R\u00e9daction :+243817406088<\/strong><\/p>\n\n\n\n<p>Le 18 juillet de chaque ann\u00e9e, l\u2019humanit\u00e9 c\u00e9l\u00e8bre la journ\u00e9e international Nelson Mandela. Se fondant sur les vertu qu\u2019incarnait Nelson Mandela, le collectif Vison Congo n\u2019a pas voulu passer inaper\u00e7ue la journ\u00e9e du 18 juillet 2022. A cette occasion, cette organisation non gouvernementale que pr\u00e9side Malicka Mukubu a partag\u00e9 cette journ\u00e9e avec les personnes de troisi\u00e8me \u00e2ge du home des vieillards situ\u00e9s sur l\u2019avenue Kabinda dans la commune de Lingwala.<\/p>\n\n\n\n<figure class=\"wp-block-image alignfull size-full\"><img data-recalc-dims=\"1\" fetchpriority=\"high\" decoding=\"async\" width=\"640\" height=\"397\" src=\"https:\/\/i0.wp.com\/infos-droitshumains.net\/wp-content\/uploads\/2022\/07\/243971857390_status_1c46cc621c244a15ac027176f1cddea0_1.jpg?resize=640%2C397&#038;ssl=1\" alt=\"\" class=\"wp-image-4617\" srcset=\"https:\/\/i0.wp.com\/infos-droitshumains.net\/wp-content\/uploads\/2022\/07\/243971857390_status_1c46cc621c244a15ac027176f1cddea0_1.jpg?w=960&amp;ssl=1 960w, https:\/\/i0.wp.com\/infos-droitshumains.net\/wp-content\/uploads\/2022\/07\/243971857390_status_1c46cc621c244a15ac027176f1cddea0_1.jpg?resize=300%2C186&amp;ssl=1 300w, https:\/\/i0.wp.com\/infos-droitshumains.net\/wp-content\/uploads\/2022\/07\/243971857390_status_1c46cc621c244a15ac027176f1cddea0_1.jpg?resize=768%2C477&amp;ssl=1 768w\" sizes=\"(max-width: 640px) 100vw, 640px\" \/><\/figure>\n\n\n\n<figure class=\"wp-block-image alignfull size-full\"><img data-recalc-dims=\"1\" decoding=\"async\" width=\"640\" height=\"903\" src=\"https:\/\/i0.wp.com\/infos-droitshumains.net\/wp-content\/uploads\/2022\/07\/243971857390_status_07195723ec0f48398fb83ad07344e72b_1.jpg?resize=640%2C903&#038;ssl=1\" alt=\"\" class=\"wp-image-4619\" srcset=\"https:\/\/i0.wp.com\/infos-droitshumains.net\/wp-content\/uploads\/2022\/07\/243971857390_status_07195723ec0f48398fb83ad07344e72b_1.jpg?w=640&amp;ssl=1 640w, https:\/\/i0.wp.com\/infos-droitshumains.net\/wp-content\/uploads\/2022\/07\/243971857390_status_07195723ec0f48398fb83ad07344e72b_1.jpg?resize=213%2C300&amp;ssl=1 213w\" sizes=\"(max-width: 640px) 100vw, 640px\" \/><\/figure>\n\n\n\n<figure class=\"wp-block-image alignfull size-full\"><img data-recalc-dims=\"1\" decoding=\"async\" width=\"640\" height=\"401\" src=\"https:\/\/i0.wp.com\/infos-droitshumains.net\/wp-content\/uploads\/2022\/07\/243971857390_status_a577207c88744889b6f9475ebd132dda_1.jpg?resize=640%2C401&#038;ssl=1\" alt=\"\" class=\"wp-image-4622\" srcset=\"https:\/\/i0.wp.com\/infos-droitshumains.net\/wp-content\/uploads\/2022\/07\/243971857390_status_a577207c88744889b6f9475ebd132dda_1.jpg?w=960&amp;ssl=1 960w, https:\/\/i0.wp.com\/infos-droitshumains.net\/wp-content\/uploads\/2022\/07\/243971857390_status_a577207c88744889b6f9475ebd132dda_1.jpg?resize=300%2C188&amp;ssl=1 300w, https:\/\/i0.wp.com\/infos-droitshumains.net\/wp-content\/uploads\/2022\/07\/243971857390_status_a577207c88744889b6f9475ebd132dda_1.jpg?resize=768%2C481&amp;ssl=1 768w, https:\/\/i0.wp.com\/infos-droitshumains.net\/wp-content\/uploads\/2022\/07\/243971857390_status_a577207c88744889b6f9475ebd132dda_1.jpg?resize=800%2C500&amp;ssl=1 800w, https:\/\/i0.wp.com\/infos-droitshumains.net\/wp-content\/uploads\/2022\/07\/243971857390_status_a577207c88744889b6f9475ebd132dda_1.jpg?resize=400%2C250&amp;ssl=1 400w\" sizes=\"(max-width: 640px) 100vw, 640px\" \/><\/figure>\n\n\n\n<p>Outre le repas de c\u0153ur qu\u2019il a partag\u00e9 avec ces personnes, le Collectif Vision Congo a, ensemble avec ses fid\u00e8les partenaires, remis \u00e0 ces vieillards des dons constitu\u00e9s des vivres et non vivres (des sacs de riz, secs de semoule, carton des poulets, chinchards, habits et tant d\u2019autres biens).<\/p>\n\n\n\n<p>Un autre fait qui a marqu\u00e9 cette journ\u00e9e est le coup de pinceau pass\u00e9 par le Collectif Vision Congo dans les murs de cet \u00e9tablissement qui h\u00e9berge les personnes \u00e2g\u00e9es.<\/p>\n\n\n\n<figure class=\"wp-block-image alignfull size-full\"><img data-recalc-dims=\"1\" loading=\"lazy\" decoding=\"async\" width=\"640\" height=\"427\" src=\"https:\/\/i0.wp.com\/infos-droitshumains.net\/wp-content\/uploads\/2022\/07\/243971857390_status_278766085d85412c88942eda029e0906_1.jpg?resize=640%2C427&#038;ssl=1\" alt=\"\" class=\"wp-image-4628\" srcset=\"https:\/\/i0.wp.com\/infos-droitshumains.net\/wp-content\/uploads\/2022\/07\/243971857390_status_278766085d85412c88942eda029e0906_1.jpg?w=960&amp;ssl=1 960w, https:\/\/i0.wp.com\/infos-droitshumains.net\/wp-content\/uploads\/2022\/07\/243971857390_status_278766085d85412c88942eda029e0906_1.jpg?resize=300%2C200&amp;ssl=1 300w, https:\/\/i0.wp.com\/infos-droitshumains.net\/wp-content\/uploads\/2022\/07\/243971857390_status_278766085d85412c88942eda029e0906_1.jpg?resize=768%2C512&amp;ssl=1 768w\" sizes=\"(max-width: 640px) 100vw, 640px\" \/><\/figure>\n\n\n\n<p>Les b\u00e9n\u00e9ficiaires se sont montr\u00e9 tr\u00e8s reconnaissants face \u00e0 ce geste combien louable.<\/p>\n\n\n\n<p>Repr\u00e9sentante personnelle du chef de l\u2019Etat dans cette journ\u00e9e, la ministre de la culture et arts a salu\u00e9 l\u2019initiative du Collectif Vision Congo. Elle a par ailleurs plaid\u00e9 pour la p\u00e9rennisation de ce geste et son extension dans l\u2019ensemble du territoire national.<\/p>\n\n\n\n<p><em>\u00ab A l\u2019occasion de cette journ\u00e9e, le Collectif Vison Congo a pens\u00e9 venir apporter une aide aux vieillards ici pr\u00e9sent, c\u2019est un grand geste que certaines personnes peuvent sous-estimer. Ceux qui sont orphelins peuvent connaitre la situation des personnes de troisi\u00e8me \u00e2ge. Si quelqu\u2019un disponibise son temps, ses moyens, son \u00e9nergie et son intelligence pour les personnes de troisi\u00e8me \u00e2ge, c\u2019est un geste \u00e0 louer \u00bb,<\/em> a dit Catherine Katungu Furaha.<\/p>\n\n\n\n<figure class=\"wp-block-image alignfull size-full\"><img data-recalc-dims=\"1\" loading=\"lazy\" decoding=\"async\" width=\"640\" height=\"402\" src=\"https:\/\/i0.wp.com\/infos-droitshumains.net\/wp-content\/uploads\/2022\/07\/J54A1640_1.jpg?resize=640%2C402&#038;ssl=1\" alt=\"\" class=\"wp-image-4631\" srcset=\"https:\/\/i0.wp.com\/infos-droitshumains.net\/wp-content\/uploads\/2022\/07\/J54A1640_1.jpg?w=960&amp;ssl=1 960w, https:\/\/i0.wp.com\/infos-droitshumains.net\/wp-content\/uploads\/2022\/07\/J54A1640_1.jpg?resize=300%2C188&amp;ssl=1 300w, https:\/\/i0.wp.com\/infos-droitshumains.net\/wp-content\/uploads\/2022\/07\/J54A1640_1.jpg?resize=768%2C482&amp;ssl=1 768w, https:\/\/i0.wp.com\/infos-droitshumains.net\/wp-content\/uploads\/2022\/07\/J54A1640_1.jpg?resize=540%2C340&amp;ssl=1 540w, https:\/\/i0.wp.com\/infos-droitshumains.net\/wp-content\/uploads\/2022\/07\/J54A1640_1.jpg?resize=400%2C250&amp;ssl=1 400w\" sizes=\"(max-width: 640px) 100vw, 640px\" \/><\/figure>\n\n\n\n<p>L\u2019objectif pour Malicka Mukubu et le Collectif Vision Congo \u00e9tait de <em>\u00ab redonner sourire \u00e0 ces vieillards qui semblent \u00eatre oubli\u00e9s par soci\u00e9t\u00e9 \u00bb.<\/em><\/p>\n\n\n\n<p>Notons que la journ\u00e9e internationale Nelson Mandela a \u00e9t\u00e9 institu\u00e9e en 2009 par l\u2019Unesco afin de comm\u00e9morer la contribution de Nelson Mandela \u00e0 la promotion d\u2019une culture de paix. Durant cette journ\u00e9e, chaque citoyen du monde est appel\u00e9 \u00e0 consacrer symboliquement soixante-sept minutes de son temps \u00e0 une \u0153uvre au service de la collectivit\u00e9, e, m\u00e9moire des soixante-sept ann\u00e9es que Mandela a avou\u00e9es \u00e0 sa lutte pour la justice sociale, l\u2019\u00e9galit\u00e9, la r\u00e9conciliation et la diversit\u00e9 culturelle.<\/p>\n\n\n\n<p>Jo\u00ebl Diawa<\/p>\n","protected":false},"excerpt":{"rendered":"<p>R\u00e9daction :+243817406088 Le 18 juillet de chaque ann\u00e9e, l\u2019humanit\u00e9 c\u00e9l\u00e8bre la journ\u00e9e international Nelson Mandela&#8230;.<\/p>\n","protected":false},"author":2,"featured_media":4613,"comment_status":"open","ping_status":"open","sticky":false,"template":"","format":"standard","meta":{"_jetpack_memberships_contains_paid_content":false,"footnotes":""},"categories":[8],"tags":[],"class_list":["post-4611","post","type-post","status-publish","format-standard","has-post-thumbnail","hentry","category-societe"],"yoast_head":"<!-- This site is optimized with the Yoast SEO plugin v27.5 - https:\/\/yoast.com\/product\/yoast-seo-wordpress\/ -->\n<title>Journ\u00e9e Internationale Nelson Mandela : A Kinshasa, le Collectif Vision Congo pause un geste philanthropique au Home des vieillards - Infos Droits Humains<\/title>\n<meta name=\"robots\" content=\"index, follow, max-snippet:-1, max-image-preview:large, max-video-preview:-1\" \/>\n<link rel=\"canonical\" href=\"https:\/\/infos-droitshumains.net\/?p=4611\" \/>\n<meta property=\"og:locale\" content=\"fr_FR\" \/>\n<meta property=\"og:type\" content=\"article\" \/>\n<meta property=\"og:title\" content=\"Journ\u00e9e Internationale Nelson Mandela : A Kinshasa, le Collectif Vision Congo pause un geste philanthropique au Home des vieillards - Infos Droits Humains\" \/>\n<meta property=\"og:description\" content=\"R\u00e9daction :+243817406088 Le 18 juillet de chaque ann\u00e9e, l\u2019humanit\u00e9 c\u00e9l\u00e8bre la journ\u00e9e international Nelson Mandela....\" \/>\n<meta property=\"og:url\" content=\"https:\/\/infos-droitshumains.net\/?p=4611\" \/>\n<meta property=\"og:site_name\" content=\"Infos Droits Humains\" \/>\n<meta property=\"article:published_time\" content=\"2022-07-19T09:58:59+00:00\" \/>\n<meta property=\"article:modified_time\" content=\"2022-07-19T11:31:34+00:00\" \/>\n<meta property=\"og:image\" content=\"https:\/\/i0.wp.com\/infos-droitshumains.net\/wp-content\/uploads\/2022\/07\/243971857390_status_d53b7198fdae49149153e1d3809c2509_1.jpg?fit=960%2C600&ssl=1\" \/>\n\t<meta property=\"og:image:width\" content=\"960\" \/>\n\t<meta property=\"og:image:height\" content=\"600\" \/>\n\t<meta property=\"og:image:type\" content=\"image\/jpeg\" \/>\n<meta name=\"author\" content=\"Jo\u00ebl Diawa\" \/>\n<meta name=\"twitter:card\" content=\"summary_large_image\" \/>\n<meta name=\"twitter:label1\" content=\"\u00c9crit par\" \/>\n\t<meta name=\"twitter:data1\" content=\"Jo\u00ebl Diawa\" \/>\n\t<meta name=\"twitter:label2\" content=\"Dur\u00e9e de lecture estim\u00e9e\" \/>\n\t<meta name=\"twitter:data2\" content=\"2 minutes\" \/>\n<script type=\"application\/ld+json\" class=\"yoast-schema-graph\">{\"@context\":\"https:\\\/\\\/schema.org\",\"@graph\":[{\"@type\":\"Article\",\"@id\":\"https:\\\/\\\/infos-droitshumains.net\\\/?p=4611#article\",\"isPartOf\":{\"@id\":\"https:\\\/\\\/infos-droitshumains.net\\\/?p=4611\"},\"author\":{\"name\":\"Jo\u00ebl Diawa\",\"@id\":\"https:\\\/\\\/infos-droitshumains.net\\\/#\\\/schema\\\/person\\\/3dc5e921c3302172e0ed4362f96faab7\"},\"headline\":\"Journ\u00e9e Internationale Nelson Mandela : A Kinshasa, le Collectif Vision Congo pause un geste philanthropique au Home des vieillards\",\"datePublished\":\"2022-07-19T09:58:59+00:00\",\"dateModified\":\"2022-07-19T11:31:34+00:00\",\"mainEntityOfPage\":{\"@id\":\"https:\\\/\\\/infos-droitshumains.net\\\/?p=4611\"},\"wordCount\":437,\"commentCount\":0,\"publisher\":{\"@id\":\"https:\\\/\\\/infos-droitshumains.net\\\/#organization\"},\"image\":{\"@id\":\"https:\\\/\\\/infos-droitshumains.net\\\/?p=4611#primaryimage\"},\"thumbnailUrl\":\"https:\\\/\\\/i0.wp.com\\\/infos-droitshumains.net\\\/wp-content\\\/uploads\\\/2022\\\/07\\\/243971857390_status_d53b7198fdae49149153e1d3809c2509_1.jpg?fit=960%2C600&ssl=1\",\"articleSection\":[\"Soci\u00e9t\u00e9\"],\"inLanguage\":\"fr-FR\",\"potentialAction\":[{\"@type\":\"CommentAction\",\"name\":\"Comment\",\"target\":[\"https:\\\/\\\/infos-droitshumains.net\\\/?p=4611#respond\"]}]},{\"@type\":\"WebPage\",\"@id\":\"https:\\\/\\\/infos-droitshumains.net\\\/?p=4611\",\"url\":\"https:\\\/\\\/infos-droitshumains.net\\\/?p=4611\",\"name\":\"Journ\u00e9e Internationale Nelson Mandela : A Kinshasa, le Collectif Vision Congo pause un geste philanthropique au Home des vieillards - Infos Droits Humains\",\"isPartOf\":{\"@id\":\"https:\\\/\\\/infos-droitshumains.net\\\/#website\"},\"primaryImageOfPage\":{\"@id\":\"https:\\\/\\\/infos-droitshumains.net\\\/?p=4611#primaryimage\"},\"image\":{\"@id\":\"https:\\\/\\\/infos-droitshumains.net\\\/?p=4611#primaryimage\"},\"thumbnailUrl\":\"https:\\\/\\\/i0.wp.com\\\/infos-droitshumains.net\\\/wp-content\\\/uploads\\\/2022\\\/07\\\/243971857390_status_d53b7198fdae49149153e1d3809c2509_1.jpg?fit=960%2C600&ssl=1\",\"datePublished\":\"2022-07-19T09:58:59+00:00\",\"dateModified\":\"2022-07-19T11:31:34+00:00\",\"breadcrumb\":{\"@id\":\"https:\\\/\\\/infos-droitshumains.net\\\/?p=4611#breadcrumb\"},\"inLanguage\":\"fr-FR\",\"potentialAction\":[{\"@type\":\"ReadAction\",\"target\":[\"https:\\\/\\\/infos-droitshumains.net\\\/?p=4611\"]}]},{\"@type\":\"ImageObject\",\"inLanguage\":\"fr-FR\",\"@id\":\"https:\\\/\\\/infos-droitshumains.net\\\/?p=4611#primaryimage\",\"url\":\"https:\\\/\\\/i0.wp.com\\\/infos-droitshumains.net\\\/wp-content\\\/uploads\\\/2022\\\/07\\\/243971857390_status_d53b7198fdae49149153e1d3809c2509_1.jpg?fit=960%2C600&ssl=1\",\"contentUrl\":\"https:\\\/\\\/i0.wp.com\\\/infos-droitshumains.net\\\/wp-content\\\/uploads\\\/2022\\\/07\\\/243971857390_status_d53b7198fdae49149153e1d3809c2509_1.jpg?fit=960%2C600&ssl=1\",\"width\":960,\"height\":600},{\"@type\":\"BreadcrumbList\",\"@id\":\"https:\\\/\\\/infos-droitshumains.net\\\/?p=4611#breadcrumb\",\"itemListElement\":[{\"@type\":\"ListItem\",\"position\":1,\"name\":\"Accueil\",\"item\":\"https:\\\/\\\/infos-droitshumains.net\\\/\"},{\"@type\":\"ListItem\",\"position\":2,\"name\":\"Journ\u00e9e Internationale Nelson Mandela : A Kinshasa, le Collectif Vision Congo pause un geste philanthropique au Home des vieillards\"}]},{\"@type\":\"WebSite\",\"@id\":\"https:\\\/\\\/infos-droitshumains.net\\\/#website\",\"url\":\"https:\\\/\\\/infos-droitshumains.net\\\/\",\"name\":\"Infos Droits Humains\",\"description\":\"S&#039;informer est un droit\",\"publisher\":{\"@id\":\"https:\\\/\\\/infos-droitshumains.net\\\/#organization\"},\"potentialAction\":[{\"@type\":\"SearchAction\",\"target\":{\"@type\":\"EntryPoint\",\"urlTemplate\":\"https:\\\/\\\/infos-droitshumains.net\\\/?s={search_term_string}\"},\"query-input\":{\"@type\":\"PropertyValueSpecification\",\"valueRequired\":true,\"valueName\":\"search_term_string\"}}],\"inLanguage\":\"fr-FR\"},{\"@type\":\"Organization\",\"@id\":\"https:\\\/\\\/infos-droitshumains.net\\\/#organization\",\"name\":\"Infos Droits Humains\",\"url\":\"https:\\\/\\\/infos-droitshumains.net\\\/\",\"logo\":{\"@type\":\"ImageObject\",\"inLanguage\":\"fr-FR\",\"@id\":\"https:\\\/\\\/infos-droitshumains.net\\\/#\\\/schema\\\/logo\\\/image\\\/\",\"url\":\"https:\\\/\\\/i0.wp.com\\\/infos-droitshumains.net\\\/wp-content\\\/uploads\\\/2022\\\/05\\\/Logo.png?fit=333%2C129&ssl=1\",\"contentUrl\":\"https:\\\/\\\/i0.wp.com\\\/infos-droitshumains.net\\\/wp-content\\\/uploads\\\/2022\\\/05\\\/Logo.png?fit=333%2C129&ssl=1\",\"width\":333,\"height\":129,\"caption\":\"Infos Droits Humains\"},\"image\":{\"@id\":\"https:\\\/\\\/infos-droitshumains.net\\\/#\\\/schema\\\/logo\\\/image\\\/\"}},{\"@type\":\"Person\",\"@id\":\"https:\\\/\\\/infos-droitshumains.net\\\/#\\\/schema\\\/person\\\/3dc5e921c3302172e0ed4362f96faab7\",\"name\":\"Jo\u00ebl Diawa\",\"image\":{\"@type\":\"ImageObject\",\"inLanguage\":\"fr-FR\",\"@id\":\"https:\\\/\\\/secure.gravatar.com\\\/avatar\\\/729bea6ff4604c624417803c477363be8e3c7186deaa65713313f9b4b820f41c?s=96&d=mm&r=g\",\"url\":\"https:\\\/\\\/secure.gravatar.com\\\/avatar\\\/729bea6ff4604c624417803c477363be8e3c7186deaa65713313f9b4b820f41c?s=96&d=mm&r=g\",\"contentUrl\":\"https:\\\/\\\/secure.gravatar.com\\\/avatar\\\/729bea6ff4604c624417803c477363be8e3c7186deaa65713313f9b4b820f41c?s=96&d=mm&r=g\",\"caption\":\"Jo\u00ebl Diawa\"},\"sameAs\":[\"https:\\\/\\\/www.infos-droitshumains.net\"],\"url\":\"https:\\\/\\\/infos-droitshumains.net\\\/?author=2\"}]}<\/script>\n<!-- \/ Yoast SEO plugin. -->","yoast_head_json":{"title":"Journ\u00e9e Internationale Nelson Mandela : A Kinshasa, le Collectif Vision Congo pause un geste philanthropique au Home des vieillards - Infos Droits Humains","robots":{"index":"index","follow":"follow","max-snippet":"max-snippet:-1","max-image-preview":"max-image-preview:large","max-video-preview":"max-video-preview:-1"},"canonical":"https:\/\/infos-droitshumains.net\/?p=4611","og_locale":"fr_FR","og_type":"article","og_title":"Journ\u00e9e Internationale Nelson Mandela : A Kinshasa, le Collectif Vision Congo pause un geste philanthropique au Home des vieillards - Infos Droits Humains","og_description":"R\u00e9daction :+243817406088 Le 18 juillet de chaque ann\u00e9e, l\u2019humanit\u00e9 c\u00e9l\u00e8bre la journ\u00e9e international Nelson Mandela....","og_url":"https:\/\/infos-droitshumains.net\/?p=4611","og_site_name":"Infos Droits Humains","article_published_time":"2022-07-19T09:58:59+00:00","article_modified_time":"2022-07-19T11:31:34+00:00","og_image":[{"width":960,"height":600,"url":"https:\/\/i0.wp.com\/infos-droitshumains.net\/wp-content\/uploads\/2022\/07\/243971857390_status_d53b7198fdae49149153e1d3809c2509_1.jpg?fit=960%2C600&ssl=1","type":"image\/jpeg"}],"author":"Jo\u00ebl Diawa","twitter_card":"summary_large_image","twitter_misc":{"\u00c9crit par":"Jo\u00ebl Diawa","Dur\u00e9e de lecture estim\u00e9e":"2 minutes"},"schema":{"@context":"https:\/\/schema.org","@graph":[{"@type":"Article","@id":"https:\/\/infos-droitshumains.net\/?p=4611#article","isPartOf":{"@id":"https:\/\/infos-droitshumains.net\/?p=4611"},"author":{"name":"Jo\u00ebl Diawa","@id":"https:\/\/infos-droitshumains.net\/#\/schema\/person\/3dc5e921c3302172e0ed4362f96faab7"},"headline":"Journ\u00e9e Internationale Nelson Mandela : A Kinshasa, le Collectif Vision Congo pause un geste philanthropique au Home des vieillards","datePublished":"2022-07-19T09:58:59+00:00","dateModified":"2022-07-19T11:31:34+00:00","mainEntityOfPage":{"@id":"https:\/\/infos-droitshumains.net\/?p=4611"},"wordCount":437,"commentCount":0,"publisher":{"@id":"https:\/\/infos-droitshumains.net\/#organization"},"image":{"@id":"https:\/\/infos-droitshumains.net\/?p=4611#primaryimage"},"thumbnailUrl":"https:\/\/i0.wp.com\/infos-droitshumains.net\/wp-content\/uploads\/2022\/07\/243971857390_status_d53b7198fdae49149153e1d3809c2509_1.jpg?fit=960%2C600&ssl=1","articleSection":["Soci\u00e9t\u00e9"],"inLanguage":"fr-FR","potentialAction":[{"@type":"CommentAction","name":"Comment","target":["https:\/\/infos-droitshumains.net\/?p=4611#respond"]}]},{"@type":"WebPage","@id":"https:\/\/infos-droitshumains.net\/?p=4611","url":"https:\/\/infos-droitshumains.net\/?p=4611","name":"Journ\u00e9e Internationale Nelson Mandela : A Kinshasa, le Collectif Vision Congo pause un geste philanthropique au Home des vieillards - Infos Droits Humains","isPartOf":{"@id":"https:\/\/infos-droitshumains.net\/#website"},"primaryImageOfPage":{"@id":"https:\/\/infos-droitshumains.net\/?p=4611#primaryimage"},"image":{"@id":"https:\/\/infos-droitshumains.net\/?p=4611#primaryimage"},"thumbnailUrl":"https:\/\/i0.wp.com\/infos-droitshumains.net\/wp-content\/uploads\/2022\/07\/243971857390_status_d53b7198fdae49149153e1d3809c2509_1.jpg?fit=960%2C600&ssl=1","datePublished":"2022-07-19T09:58:59+00:00","dateModified":"2022-07-19T11:31:34+00:00","breadcrumb":{"@id":"https:\/\/infos-droitshumains.net\/?p=4611#breadcrumb"},"inLanguage":"fr-FR","potentialAction":[{"@type":"ReadAction","target":["https:\/\/infos-droitshumains.net\/?p=4611"]}]},{"@type":"ImageObject","inLanguage":"fr-FR","@id":"https:\/\/infos-droitshumains.net\/?p=4611#primaryimage","url":"https:\/\/i0.wp.com\/infos-droitshumains.net\/wp-content\/uploads\/2022\/07\/243971857390_status_d53b7198fdae49149153e1d3809c2509_1.jpg?fit=960%2C600&ssl=1","contentUrl":"https:\/\/i0.wp.com\/infos-droitshumains.net\/wp-content\/uploads\/2022\/07\/243971857390_status_d53b7198fdae49149153e1d3809c2509_1.jpg?fit=960%2C600&ssl=1","width":960,"height":600},{"@type":"BreadcrumbList","@id":"https:\/\/infos-droitshumains.net\/?p=4611#breadcrumb","itemListElement":[{"@type":"ListItem","position":1,"name":"Accueil","item":"https:\/\/infos-droitshumains.net\/"},{"@type":"ListItem","position":2,"name":"Journ\u00e9e Internationale Nelson Mandela : A Kinshasa, le Collectif Vision Congo pause un geste philanthropique au Home des vieillards"}]},{"@type":"WebSite","@id":"https:\/\/infos-droitshumains.net\/#website","url":"https:\/\/infos-droitshumains.net\/","name":"Infos Droits Humains","description":"S&#039;informer est un droit","publisher":{"@id":"https:\/\/infos-droitshumains.net\/#organization"},"potentialAction":[{"@type":"SearchAction","target":{"@type":"EntryPoint","urlTemplate":"https:\/\/infos-droitshumains.net\/?s={search_term_string}"},"query-input":{"@type":"PropertyValueSpecification","valueRequired":true,"valueName":"search_term_string"}}],"inLanguage":"fr-FR"},{"@type":"Organization","@id":"https:\/\/infos-droitshumains.net\/#organization","name":"Infos Droits Humains","url":"https:\/\/infos-droitshumains.net\/","logo":{"@type":"ImageObject","inLanguage":"fr-FR","@id":"https:\/\/infos-droitshumains.net\/#\/schema\/logo\/image\/","url":"https:\/\/i0.wp.com\/infos-droitshumains.net\/wp-content\/uploads\/2022\/05\/Logo.png?fit=333%2C129&ssl=1","contentUrl":"https:\/\/i0.wp.com\/infos-droitshumains.net\/wp-content\/uploads\/2022\/05\/Logo.png?fit=333%2C129&ssl=1","width":333,"height":129,"caption":"Infos Droits Humains"},"image":{"@id":"https:\/\/infos-droitshumains.net\/#\/schema\/logo\/image\/"}},{"@type":"Person","@id":"https:\/\/infos-droitshumains.net\/#\/schema\/person\/3dc5e921c3302172e0ed4362f96faab7","name":"Jo\u00ebl Diawa","image":{"@type":"ImageObject","inLanguage":"fr-FR","@id":"https:\/\/secure.gravatar.com\/avatar\/729bea6ff4604c624417803c477363be8e3c7186deaa65713313f9b4b820f41c?s=96&d=mm&r=g","url":"https:\/\/secure.gravatar.com\/avatar\/729bea6ff4604c624417803c477363be8e3c7186deaa65713313f9b4b820f41c?s=96&d=mm&r=g","contentUrl":"https:\/\/secure.gravatar.com\/avatar\/729bea6ff4604c624417803c477363be8e3c7186deaa65713313f9b4b820f41c?s=96&d=mm&r=g","caption":"Jo\u00ebl Diawa"},"sameAs":["https:\/\/www.infos-droitshumains.net"],"url":"https:\/\/infos-droitshumains.net\/?author=2"}]}},"featured_image_urls":{"full":["https:\/\/i0.wp.com\/infos-droitshumains.net\/wp-content\/uploads\/2022\/07\/243971857390_status_d53b7198fdae49149153e1d3809c2509_1.jpg?fit=960%2C600&ssl=1",960,600,false],"thumbnail":["https:\/\/i0.wp.com\/infos-droitshumains.net\/wp-content\/uploads\/2022\/07\/243971857390_status_d53b7198fdae49149153e1d3809c2509_1.jpg?resize=150%2C150&ssl=1",150,150,true],"medium":["https:\/\/i0.wp.com\/infos-droitshumains.net\/wp-content\/uploads\/2022\/07\/243971857390_status_d53b7198fdae49149153e1d3809c2509_1.jpg?fit=300%2C188&ssl=1",300,188,true],"medium_large":["https:\/\/i0.wp.com\/infos-droitshumains.net\/wp-content\/uploads\/2022\/07\/243971857390_status_d53b7198fdae49149153e1d3809c2509_1.jpg?fit=640%2C400&ssl=1",640,400,true],"large":["https:\/\/i0.wp.com\/infos-droitshumains.net\/wp-content\/uploads\/2022\/07\/243971857390_status_d53b7198fdae49149153e1d3809c2509_1.jpg?fit=640%2C400&ssl=1",640,400,true],"1536x1536":["https:\/\/i0.wp.com\/infos-droitshumains.net\/wp-content\/uploads\/2022\/07\/243971857390_status_d53b7198fdae49149153e1d3809c2509_1.jpg?fit=960%2C600&ssl=1",960,600,true],"2048x2048":["https:\/\/i0.wp.com\/infos-droitshumains.net\/wp-content\/uploads\/2022\/07\/243971857390_status_d53b7198fdae49149153e1d3809c2509_1.jpg?fit=960%2C600&ssl=1",960,600,true],"covernews-slider-full":["https:\/\/i0.wp.com\/infos-droitshumains.net\/wp-content\/uploads\/2022\/07\/243971857390_status_d53b7198fdae49149153e1d3809c2509_1.jpg?resize=960%2C600&ssl=1",960,600,true],"covernews-slider-center":["https:\/\/i0.wp.com\/infos-droitshumains.net\/wp-content\/uploads\/2022\/07\/243971857390_status_d53b7198fdae49149153e1d3809c2509_1.jpg?resize=800%2C500&ssl=1",800,500,true],"covernews-featured":["https:\/\/i0.wp.com\/infos-droitshumains.net\/wp-content\/uploads\/2022\/07\/243971857390_status_d53b7198fdae49149153e1d3809c2509_1.jpg?fit=960%2C600&ssl=1",960,600,true],"covernews-medium":["https:\/\/i0.wp.com\/infos-droitshumains.net\/wp-content\/uploads\/2022\/07\/243971857390_status_d53b7198fdae49149153e1d3809c2509_1.jpg?resize=540%2C340&ssl=1",540,340,true],"covernews-medium-square":["https:\/\/i0.wp.com\/infos-droitshumains.net\/wp-content\/uploads\/2022\/07\/243971857390_status_d53b7198fdae49149153e1d3809c2509_1.jpg?resize=400%2C250&ssl=1",400,250,true]},"author_info":{"display_name":"Jo\u00ebl Diawa","author_link":"https:\/\/infos-droitshumains.net\/?author=2"},"category_info":"<a href=\"https:\/\/infos-droitshumains.net\/?cat=8\" rel=\"category\">Soci\u00e9t\u00e9<\/a>","tag_info":"Soci\u00e9t\u00e9","comment_count":"0","jetpack_featured_media_url":"https:\/\/i0.wp.com\/infos-droitshumains.net\/wp-content\/uploads\/2022\/07\/243971857390_status_d53b7198fdae49149153e1d3809c2509_1.jpg?fit=960%2C600&ssl=1","jetpack-related-posts":[],"jetpack_sharing_enabled":true,"_links":{"self":[{"href":"https:\/\/infos-droitshumains.net\/index.php?rest_route=\/wp\/v2\/posts\/4611","targetHints":{"allow":["GET"]}}],"collection":[{"href":"https:\/\/infos-droitshumains.net\/index.php?rest_route=\/wp\/v2\/posts"}],"about":[{"href":"https:\/\/infos-droitshumains.net\/index.php?rest_route=\/wp\/v2\/types\/post"}],"author":[{"embeddable":true,"href":"https:\/\/infos-droitshumains.net\/index.php?rest_route=\/wp\/v2\/users\/2"}],"replies":[{"embeddable":true,"href":"https:\/\/infos-droitshumains.net\/index.php?rest_route=%2Fwp%2Fv2%2Fcomments&post=4611"}],"version-history":[{"count":12,"href":"https:\/\/infos-droitshumains.net\/index.php?rest_route=\/wp\/v2\/posts\/4611\/revisions"}],"predecessor-version":[{"id":4634,"href":"https:\/\/infos-droitshumains.net\/index.php?rest_route=\/wp\/v2\/posts\/4611\/revisions\/4634"}],"wp:featuredmedia":[{"embeddable":true,"href":"https:\/\/infos-droitshumains.net\/index.php?rest_route=\/wp\/v2\/media\/4613"}],"wp:attachment":[{"href":"https:\/\/infos-droitshumains.net\/index.php?rest_route=%2Fwp%2Fv2%2Fmedia&parent=4611"}],"wp:term":[{"taxonomy":"category","embeddable":true,"href":"https:\/\/infos-droitshumains.net\/index.php?rest_route=%2Fwp%2Fv2%2Fcategories&post=4611"},{"taxonomy":"post_tag","embeddable":true,"href":"https:\/\/infos-droitshumains.net\/index.php?rest_route=%2Fwp%2Fv2%2Ftags&post=4611"}],"curies":[{"name":"wp","href":"https:\/\/api.w.org\/{rel}","templated":true}]}}