{"id":4600,"date":"2022-07-15T23:52:24","date_gmt":"2022-07-15T21:52:24","guid":{"rendered":"https:\/\/infos-droitshumains.net\/?p=4600"},"modified":"2022-07-15T23:55:47","modified_gmt":"2022-07-15T21:55:47","slug":"nouvelle-loi-electorale-il-ya-des-avancees-et-des-ambiguites-jean-baptiste-ndundu","status":"publish","type":"post","link":"https:\/\/infos-droitshumains.net\/?p=4600","title":{"rendered":"Nouvelle loi \u00e9lectorale : Jean-Baptiste Ndundu rel\u00e8ve ses avanc\u00e9es et ambigu\u00eft\u00e9s"},"content":{"rendered":"\n<p><strong>R\u00e9daction:+243817406088<\/strong><\/p>\n\n\n\n<p>Apr\u00e8s la promulgation de la nouvelle loi \u00e9lectorale, les r\u00e9actions fussent de partout. Pour l\u2019expert \u00e9lectoral, Jean-Baptiste Ndundu, cette loi enregistre quelques avanc\u00e9es, notamment la repr\u00e9sentativit\u00e9 f\u00e9minine dans des listes des candidatures.<\/p>\n\n\n\n<p><em>\u00ab Il ya quelques changements importants notamment en ce qui concerne les listes des candidats. Le fait que l\u2019on est soumis une disposition discriminatoire positive pour les femmes de sorte que les listes qui contiendraient 50% des femmes ne soient sujet \u00e0 caution. Il y a \u00e9galement le principe de la recevabilit\u00e9 des candidatures. Mais l\u00e0, il y a hiatus entre ce qui a \u00e9t\u00e9 \u00e9tabli comme principes et ce qui a \u00e9t\u00e9 effectivement mentionn\u00e9 dans la loi \u00bb<\/em>, a relev\u00e9 Cet expert \u00e9lectoral.<\/p>\n\n\n\n<p>\u00c9tant donn\u00e9 qu\u2019il n\u2019y a pas de loi parfaite, Jean-Baptiste Ndundu rel\u00e8ve cependant quelques ambigu\u00eft\u00e9s contenues dans cette nouvelle loi.<\/p>\n\n\n\n<p><em>\u00ab Tout ce qui concerne la transparence avec entre autre autres la publication des r\u00e9sultats bureau de vote par bureau, cela ne r\u00e9sout pas ce probl\u00e8me. Il y a aussi l\u2019ambigu\u00eft\u00e9 autour du vote manuel, semi-\u00e9lectronique et \u00e9lectronique. Je pense que le l\u00e9gislateur aurait pu \u00e9viter ces ambigu\u00eft\u00e9s. Il aurait \u00e9t\u00e9 facile de parler de vote avec la machine \u00e0 voter \u00bb<\/em>, a-t-il rench\u00e9ri.<\/p>\n\n\n\n<p>Selon la succession des op\u00e9rations \u00e9lectorales, La mise en place d\u2019une nouvelle loi sur l\u2019identification des \u00e9lecteurs allait pr\u00e9c\u00e9der celle de la loi \u00e9lectorale, estime en outre Jean-Baptiste Ndundu.<\/p>\n\n\n\n<p><em>\u00ab Nous aurions souhait\u00e9 qu\u2019on commen\u00e7a par loi portant identification des \u00e9lecteurs. Parce que cette loi est une particularit\u00e9 pour savoir de quelle mani\u00e8re les cartes d\u2019\u00e9lecteurs seront d\u00e9livr\u00e9s aux citoyens congolais \u00bb.<\/em><\/p>\n\n\n\n<p>Jean-Baptiste Ndundu reconna\u00eet n\u00e9amoins l\u2019absence du consensus autour de cette nouvelle loi. Face \u00e0 ces ambigu\u00eft\u00e9s, il en appelle \u00e0 l\u2019\u00e9clairage de l\u2019\u00e9quipe dirigeante de la centrale \u00e9lectorale lors de la mise en place de ses mesures d\u2019application.<\/p>\n\n\n\n<p>AM<\/p>\n","protected":false},"excerpt":{"rendered":"<p>R\u00e9daction:+243817406088 Apr\u00e8s la promulgation de la nouvelle loi \u00e9lectorale, les r\u00e9actions fussent de partout. Pour&#8230;<\/p>\n","protected":false},"author":2,"featured_media":4603,"comment_status":"open","ping_status":"open","sticky":false,"template":"","format":"standard","meta":{"_jetpack_memberships_contains_paid_content":false,"footnotes":""},"categories":[3],"tags":[],"class_list":["post-4600","post","type-post","status-publish","format-standard","has-post-thumbnail","hentry","category-politique"],"yoast_head":"<!-- This site is optimized with the Yoast SEO plugin v27.5 - https:\/\/yoast.com\/product\/yoast-seo-wordpress\/ -->\n<title>Nouvelle loi \u00e9lectorale : Jean-Baptiste Ndundu rel\u00e8ve ses avanc\u00e9es et ambigu\u00eft\u00e9s - Infos Droits Humains<\/title>\n<meta name=\"robots\" content=\"index, follow, max-snippet:-1, max-image-preview:large, max-video-preview:-1\" \/>\n<link rel=\"canonical\" href=\"https:\/\/infos-droitshumains.net\/?p=4600\" \/>\n<meta property=\"og:locale\" content=\"fr_FR\" \/>\n<meta property=\"og:type\" content=\"article\" \/>\n<meta property=\"og:title\" content=\"Nouvelle loi \u00e9lectorale : Jean-Baptiste Ndundu rel\u00e8ve ses avanc\u00e9es et ambigu\u00eft\u00e9s - Infos Droits Humains\" \/>\n<meta property=\"og:description\" content=\"R\u00e9daction:+243817406088 Apr\u00e8s la promulgation de la nouvelle loi \u00e9lectorale, les r\u00e9actions fussent de partout. Pour...\" \/>\n<meta property=\"og:url\" content=\"https:\/\/infos-droitshumains.net\/?p=4600\" \/>\n<meta property=\"og:site_name\" content=\"Infos Droits Humains\" \/>\n<meta property=\"article:published_time\" content=\"2022-07-15T21:52:24+00:00\" \/>\n<meta property=\"article:modified_time\" content=\"2022-07-15T21:55:47+00:00\" \/>\n<meta property=\"og:image\" content=\"https:\/\/i0.wp.com\/infos-droitshumains.net\/wp-content\/uploads\/2022\/07\/IMG-20220715-WA0009_1.jpg?fit=1080%2C607&ssl=1\" \/>\n\t<meta property=\"og:image:width\" content=\"1080\" \/>\n\t<meta property=\"og:image:height\" content=\"607\" \/>\n\t<meta property=\"og:image:type\" content=\"image\/jpeg\" \/>\n<meta name=\"author\" content=\"Jo\u00ebl Diawa\" \/>\n<meta name=\"twitter:card\" content=\"summary_large_image\" \/>\n<meta name=\"twitter:label1\" content=\"\u00c9crit par\" \/>\n\t<meta name=\"twitter:data1\" content=\"Jo\u00ebl Diawa\" \/>\n\t<meta name=\"twitter:label2\" content=\"Dur\u00e9e de lecture estim\u00e9e\" \/>\n\t<meta name=\"twitter:data2\" content=\"2 minutes\" \/>\n<script type=\"application\/ld+json\" class=\"yoast-schema-graph\">{\"@context\":\"https:\\\/\\\/schema.org\",\"@graph\":[{\"@type\":\"Article\",\"@id\":\"https:\\\/\\\/infos-droitshumains.net\\\/?p=4600#article\",\"isPartOf\":{\"@id\":\"https:\\\/\\\/infos-droitshumains.net\\\/?p=4600\"},\"author\":{\"name\":\"Jo\u00ebl Diawa\",\"@id\":\"https:\\\/\\\/infos-droitshumains.net\\\/#\\\/schema\\\/person\\\/3dc5e921c3302172e0ed4362f96faab7\"},\"headline\":\"Nouvelle loi \u00e9lectorale : Jean-Baptiste Ndundu rel\u00e8ve ses avanc\u00e9es et ambigu\u00eft\u00e9s\",\"datePublished\":\"2022-07-15T21:52:24+00:00\",\"dateModified\":\"2022-07-15T21:55:47+00:00\",\"mainEntityOfPage\":{\"@id\":\"https:\\\/\\\/infos-droitshumains.net\\\/?p=4600\"},\"wordCount\":347,\"commentCount\":0,\"publisher\":{\"@id\":\"https:\\\/\\\/infos-droitshumains.net\\\/#organization\"},\"image\":{\"@id\":\"https:\\\/\\\/infos-droitshumains.net\\\/?p=4600#primaryimage\"},\"thumbnailUrl\":\"https:\\\/\\\/i0.wp.com\\\/infos-droitshumains.net\\\/wp-content\\\/uploads\\\/2022\\\/07\\\/IMG-20220715-WA0009_1.jpg?fit=1080%2C607&ssl=1\",\"articleSection\":[\"Politique\"],\"inLanguage\":\"fr-FR\",\"potentialAction\":[{\"@type\":\"CommentAction\",\"name\":\"Comment\",\"target\":[\"https:\\\/\\\/infos-droitshumains.net\\\/?p=4600#respond\"]}]},{\"@type\":\"WebPage\",\"@id\":\"https:\\\/\\\/infos-droitshumains.net\\\/?p=4600\",\"url\":\"https:\\\/\\\/infos-droitshumains.net\\\/?p=4600\",\"name\":\"Nouvelle loi \u00e9lectorale : Jean-Baptiste Ndundu rel\u00e8ve ses avanc\u00e9es et ambigu\u00eft\u00e9s - Infos Droits Humains\",\"isPartOf\":{\"@id\":\"https:\\\/\\\/infos-droitshumains.net\\\/#website\"},\"primaryImageOfPage\":{\"@id\":\"https:\\\/\\\/infos-droitshumains.net\\\/?p=4600#primaryimage\"},\"image\":{\"@id\":\"https:\\\/\\\/infos-droitshumains.net\\\/?p=4600#primaryimage\"},\"thumbnailUrl\":\"https:\\\/\\\/i0.wp.com\\\/infos-droitshumains.net\\\/wp-content\\\/uploads\\\/2022\\\/07\\\/IMG-20220715-WA0009_1.jpg?fit=1080%2C607&ssl=1\",\"datePublished\":\"2022-07-15T21:52:24+00:00\",\"dateModified\":\"2022-07-15T21:55:47+00:00\",\"breadcrumb\":{\"@id\":\"https:\\\/\\\/infos-droitshumains.net\\\/?p=4600#breadcrumb\"},\"inLanguage\":\"fr-FR\",\"potentialAction\":[{\"@type\":\"ReadAction\",\"target\":[\"https:\\\/\\\/infos-droitshumains.net\\\/?p=4600\"]}]},{\"@type\":\"ImageObject\",\"inLanguage\":\"fr-FR\",\"@id\":\"https:\\\/\\\/infos-droitshumains.net\\\/?p=4600#primaryimage\",\"url\":\"https:\\\/\\\/i0.wp.com\\\/infos-droitshumains.net\\\/wp-content\\\/uploads\\\/2022\\\/07\\\/IMG-20220715-WA0009_1.jpg?fit=1080%2C607&ssl=1\",\"contentUrl\":\"https:\\\/\\\/i0.wp.com\\\/infos-droitshumains.net\\\/wp-content\\\/uploads\\\/2022\\\/07\\\/IMG-20220715-WA0009_1.jpg?fit=1080%2C607&ssl=1\",\"width\":1080,\"height\":607},{\"@type\":\"BreadcrumbList\",\"@id\":\"https:\\\/\\\/infos-droitshumains.net\\\/?p=4600#breadcrumb\",\"itemListElement\":[{\"@type\":\"ListItem\",\"position\":1,\"name\":\"Accueil\",\"item\":\"https:\\\/\\\/infos-droitshumains.net\\\/\"},{\"@type\":\"ListItem\",\"position\":2,\"name\":\"Nouvelle loi \u00e9lectorale : Jean-Baptiste Ndundu rel\u00e8ve ses avanc\u00e9es et ambigu\u00eft\u00e9s\"}]},{\"@type\":\"WebSite\",\"@id\":\"https:\\\/\\\/infos-droitshumains.net\\\/#website\",\"url\":\"https:\\\/\\\/infos-droitshumains.net\\\/\",\"name\":\"Infos Droits Humains\",\"description\":\"S&#039;informer est un droit\",\"publisher\":{\"@id\":\"https:\\\/\\\/infos-droitshumains.net\\\/#organization\"},\"potentialAction\":[{\"@type\":\"SearchAction\",\"target\":{\"@type\":\"EntryPoint\",\"urlTemplate\":\"https:\\\/\\\/infos-droitshumains.net\\\/?s={search_term_string}\"},\"query-input\":{\"@type\":\"PropertyValueSpecification\",\"valueRequired\":true,\"valueName\":\"search_term_string\"}}],\"inLanguage\":\"fr-FR\"},{\"@type\":\"Organization\",\"@id\":\"https:\\\/\\\/infos-droitshumains.net\\\/#organization\",\"name\":\"Infos Droits Humains\",\"url\":\"https:\\\/\\\/infos-droitshumains.net\\\/\",\"logo\":{\"@type\":\"ImageObject\",\"inLanguage\":\"fr-FR\",\"@id\":\"https:\\\/\\\/infos-droitshumains.net\\\/#\\\/schema\\\/logo\\\/image\\\/\",\"url\":\"https:\\\/\\\/i0.wp.com\\\/infos-droitshumains.net\\\/wp-content\\\/uploads\\\/2022\\\/05\\\/Logo.png?fit=333%2C129&ssl=1\",\"contentUrl\":\"https:\\\/\\\/i0.wp.com\\\/infos-droitshumains.net\\\/wp-content\\\/uploads\\\/2022\\\/05\\\/Logo.png?fit=333%2C129&ssl=1\",\"width\":333,\"height\":129,\"caption\":\"Infos Droits Humains\"},\"image\":{\"@id\":\"https:\\\/\\\/infos-droitshumains.net\\\/#\\\/schema\\\/logo\\\/image\\\/\"}},{\"@type\":\"Person\",\"@id\":\"https:\\\/\\\/infos-droitshumains.net\\\/#\\\/schema\\\/person\\\/3dc5e921c3302172e0ed4362f96faab7\",\"name\":\"Jo\u00ebl Diawa\",\"image\":{\"@type\":\"ImageObject\",\"inLanguage\":\"fr-FR\",\"@id\":\"https:\\\/\\\/secure.gravatar.com\\\/avatar\\\/729bea6ff4604c624417803c477363be8e3c7186deaa65713313f9b4b820f41c?s=96&d=mm&r=g\",\"url\":\"https:\\\/\\\/secure.gravatar.com\\\/avatar\\\/729bea6ff4604c624417803c477363be8e3c7186deaa65713313f9b4b820f41c?s=96&d=mm&r=g\",\"contentUrl\":\"https:\\\/\\\/secure.gravatar.com\\\/avatar\\\/729bea6ff4604c624417803c477363be8e3c7186deaa65713313f9b4b820f41c?s=96&d=mm&r=g\",\"caption\":\"Jo\u00ebl Diawa\"},\"sameAs\":[\"https:\\\/\\\/www.infos-droitshumains.net\"],\"url\":\"https:\\\/\\\/infos-droitshumains.net\\\/?author=2\"}]}<\/script>\n<!-- \/ Yoast SEO plugin. -->","yoast_head_json":{"title":"Nouvelle loi \u00e9lectorale : Jean-Baptiste Ndundu rel\u00e8ve ses avanc\u00e9es et ambigu\u00eft\u00e9s - Infos Droits Humains","robots":{"index":"index","follow":"follow","max-snippet":"max-snippet:-1","max-image-preview":"max-image-preview:large","max-video-preview":"max-video-preview:-1"},"canonical":"https:\/\/infos-droitshumains.net\/?p=4600","og_locale":"fr_FR","og_type":"article","og_title":"Nouvelle loi \u00e9lectorale : Jean-Baptiste Ndundu rel\u00e8ve ses avanc\u00e9es et ambigu\u00eft\u00e9s - Infos Droits Humains","og_description":"R\u00e9daction:+243817406088 Apr\u00e8s la promulgation de la nouvelle loi \u00e9lectorale, les r\u00e9actions fussent de partout. Pour...","og_url":"https:\/\/infos-droitshumains.net\/?p=4600","og_site_name":"Infos Droits Humains","article_published_time":"2022-07-15T21:52:24+00:00","article_modified_time":"2022-07-15T21:55:47+00:00","og_image":[{"width":1080,"height":607,"url":"https:\/\/i0.wp.com\/infos-droitshumains.net\/wp-content\/uploads\/2022\/07\/IMG-20220715-WA0009_1.jpg?fit=1080%2C607&ssl=1","type":"image\/jpeg"}],"author":"Jo\u00ebl Diawa","twitter_card":"summary_large_image","twitter_misc":{"\u00c9crit par":"Jo\u00ebl Diawa","Dur\u00e9e de lecture estim\u00e9e":"2 minutes"},"schema":{"@context":"https:\/\/schema.org","@graph":[{"@type":"Article","@id":"https:\/\/infos-droitshumains.net\/?p=4600#article","isPartOf":{"@id":"https:\/\/infos-droitshumains.net\/?p=4600"},"author":{"name":"Jo\u00ebl Diawa","@id":"https:\/\/infos-droitshumains.net\/#\/schema\/person\/3dc5e921c3302172e0ed4362f96faab7"},"headline":"Nouvelle loi \u00e9lectorale : Jean-Baptiste Ndundu rel\u00e8ve ses avanc\u00e9es et ambigu\u00eft\u00e9s","datePublished":"2022-07-15T21:52:24+00:00","dateModified":"2022-07-15T21:55:47+00:00","mainEntityOfPage":{"@id":"https:\/\/infos-droitshumains.net\/?p=4600"},"wordCount":347,"commentCount":0,"publisher":{"@id":"https:\/\/infos-droitshumains.net\/#organization"},"image":{"@id":"https:\/\/infos-droitshumains.net\/?p=4600#primaryimage"},"thumbnailUrl":"https:\/\/i0.wp.com\/infos-droitshumains.net\/wp-content\/uploads\/2022\/07\/IMG-20220715-WA0009_1.jpg?fit=1080%2C607&ssl=1","articleSection":["Politique"],"inLanguage":"fr-FR","potentialAction":[{"@type":"CommentAction","name":"Comment","target":["https:\/\/infos-droitshumains.net\/?p=4600#respond"]}]},{"@type":"WebPage","@id":"https:\/\/infos-droitshumains.net\/?p=4600","url":"https:\/\/infos-droitshumains.net\/?p=4600","name":"Nouvelle loi \u00e9lectorale : Jean-Baptiste Ndundu rel\u00e8ve ses avanc\u00e9es et ambigu\u00eft\u00e9s - Infos Droits Humains","isPartOf":{"@id":"https:\/\/infos-droitshumains.net\/#website"},"primaryImageOfPage":{"@id":"https:\/\/infos-droitshumains.net\/?p=4600#primaryimage"},"image":{"@id":"https:\/\/infos-droitshumains.net\/?p=4600#primaryimage"},"thumbnailUrl":"https:\/\/i0.wp.com\/infos-droitshumains.net\/wp-content\/uploads\/2022\/07\/IMG-20220715-WA0009_1.jpg?fit=1080%2C607&ssl=1","datePublished":"2022-07-15T21:52:24+00:00","dateModified":"2022-07-15T21:55:47+00:00","breadcrumb":{"@id":"https:\/\/infos-droitshumains.net\/?p=4600#breadcrumb"},"inLanguage":"fr-FR","potentialAction":[{"@type":"ReadAction","target":["https:\/\/infos-droitshumains.net\/?p=4600"]}]},{"@type":"ImageObject","inLanguage":"fr-FR","@id":"https:\/\/infos-droitshumains.net\/?p=4600#primaryimage","url":"https:\/\/i0.wp.com\/infos-droitshumains.net\/wp-content\/uploads\/2022\/07\/IMG-20220715-WA0009_1.jpg?fit=1080%2C607&ssl=1","contentUrl":"https:\/\/i0.wp.com\/infos-droitshumains.net\/wp-content\/uploads\/2022\/07\/IMG-20220715-WA0009_1.jpg?fit=1080%2C607&ssl=1","width":1080,"height":607},{"@type":"BreadcrumbList","@id":"https:\/\/infos-droitshumains.net\/?p=4600#breadcrumb","itemListElement":[{"@type":"ListItem","position":1,"name":"Accueil","item":"https:\/\/infos-droitshumains.net\/"},{"@type":"ListItem","position":2,"name":"Nouvelle loi \u00e9lectorale : Jean-Baptiste Ndundu rel\u00e8ve ses avanc\u00e9es et ambigu\u00eft\u00e9s"}]},{"@type":"WebSite","@id":"https:\/\/infos-droitshumains.net\/#website","url":"https:\/\/infos-droitshumains.net\/","name":"Infos Droits Humains","description":"S&#039;informer est un droit","publisher":{"@id":"https:\/\/infos-droitshumains.net\/#organization"},"potentialAction":[{"@type":"SearchAction","target":{"@type":"EntryPoint","urlTemplate":"https:\/\/infos-droitshumains.net\/?s={search_term_string}"},"query-input":{"@type":"PropertyValueSpecification","valueRequired":true,"valueName":"search_term_string"}}],"inLanguage":"fr-FR"},{"@type":"Organization","@id":"https:\/\/infos-droitshumains.net\/#organization","name":"Infos Droits Humains","url":"https:\/\/infos-droitshumains.net\/","logo":{"@type":"ImageObject","inLanguage":"fr-FR","@id":"https:\/\/infos-droitshumains.net\/#\/schema\/logo\/image\/","url":"https:\/\/i0.wp.com\/infos-droitshumains.net\/wp-content\/uploads\/2022\/05\/Logo.png?fit=333%2C129&ssl=1","contentUrl":"https:\/\/i0.wp.com\/infos-droitshumains.net\/wp-content\/uploads\/2022\/05\/Logo.png?fit=333%2C129&ssl=1","width":333,"height":129,"caption":"Infos Droits Humains"},"image":{"@id":"https:\/\/infos-droitshumains.net\/#\/schema\/logo\/image\/"}},{"@type":"Person","@id":"https:\/\/infos-droitshumains.net\/#\/schema\/person\/3dc5e921c3302172e0ed4362f96faab7","name":"Jo\u00ebl Diawa","image":{"@type":"ImageObject","inLanguage":"fr-FR","@id":"https:\/\/secure.gravatar.com\/avatar\/729bea6ff4604c624417803c477363be8e3c7186deaa65713313f9b4b820f41c?s=96&d=mm&r=g","url":"https:\/\/secure.gravatar.com\/avatar\/729bea6ff4604c624417803c477363be8e3c7186deaa65713313f9b4b820f41c?s=96&d=mm&r=g","contentUrl":"https:\/\/secure.gravatar.com\/avatar\/729bea6ff4604c624417803c477363be8e3c7186deaa65713313f9b4b820f41c?s=96&d=mm&r=g","caption":"Jo\u00ebl Diawa"},"sameAs":["https:\/\/www.infos-droitshumains.net"],"url":"https:\/\/infos-droitshumains.net\/?author=2"}]}},"featured_image_urls":{"full":["https:\/\/i0.wp.com\/infos-droitshumains.net\/wp-content\/uploads\/2022\/07\/IMG-20220715-WA0009_1.jpg?fit=1080%2C607&ssl=1",1080,607,false],"thumbnail":["https:\/\/i0.wp.com\/infos-droitshumains.net\/wp-content\/uploads\/2022\/07\/IMG-20220715-WA0009_1.jpg?resize=150%2C150&ssl=1",150,150,true],"medium":["https:\/\/i0.wp.com\/infos-droitshumains.net\/wp-content\/uploads\/2022\/07\/IMG-20220715-WA0009_1.jpg?fit=300%2C169&ssl=1",300,169,true],"medium_large":["https:\/\/i0.wp.com\/infos-droitshumains.net\/wp-content\/uploads\/2022\/07\/IMG-20220715-WA0009_1.jpg?fit=640%2C360&ssl=1",640,360,true],"large":["https:\/\/i0.wp.com\/infos-droitshumains.net\/wp-content\/uploads\/2022\/07\/IMG-20220715-WA0009_1.jpg?fit=640%2C360&ssl=1",640,360,true],"1536x1536":["https:\/\/i0.wp.com\/infos-droitshumains.net\/wp-content\/uploads\/2022\/07\/IMG-20220715-WA0009_1.jpg?fit=1080%2C607&ssl=1",1080,607,true],"2048x2048":["https:\/\/i0.wp.com\/infos-droitshumains.net\/wp-content\/uploads\/2022\/07\/IMG-20220715-WA0009_1.jpg?fit=1080%2C607&ssl=1",1080,607,true],"covernews-slider-full":["https:\/\/i0.wp.com\/infos-droitshumains.net\/wp-content\/uploads\/2022\/07\/IMG-20220715-WA0009_1.jpg?resize=1080%2C607&ssl=1",1080,607,true],"covernews-slider-center":["https:\/\/i0.wp.com\/infos-droitshumains.net\/wp-content\/uploads\/2022\/07\/IMG-20220715-WA0009_1.jpg?resize=800%2C500&ssl=1",800,500,true],"covernews-featured":["https:\/\/i0.wp.com\/infos-droitshumains.net\/wp-content\/uploads\/2022\/07\/IMG-20220715-WA0009_1.jpg?fit=1024%2C576&ssl=1",1024,576,true],"covernews-medium":["https:\/\/i0.wp.com\/infos-droitshumains.net\/wp-content\/uploads\/2022\/07\/IMG-20220715-WA0009_1.jpg?resize=540%2C340&ssl=1",540,340,true],"covernews-medium-square":["https:\/\/i0.wp.com\/infos-droitshumains.net\/wp-content\/uploads\/2022\/07\/IMG-20220715-WA0009_1.jpg?resize=400%2C250&ssl=1",400,250,true]},"author_info":{"display_name":"Jo\u00ebl Diawa","author_link":"https:\/\/infos-droitshumains.net\/?author=2"},"category_info":"<a href=\"https:\/\/infos-droitshumains.net\/?cat=3\" rel=\"category\">Politique<\/a>","tag_info":"Politique","comment_count":"0","jetpack_featured_media_url":"https:\/\/i0.wp.com\/infos-droitshumains.net\/wp-content\/uploads\/2022\/07\/IMG-20220715-WA0009_1.jpg?fit=1080%2C607&ssl=1","jetpack-related-posts":[],"jetpack_sharing_enabled":true,"_links":{"self":[{"href":"https:\/\/infos-droitshumains.net\/index.php?rest_route=\/wp\/v2\/posts\/4600","targetHints":{"allow":["GET"]}}],"collection":[{"href":"https:\/\/infos-droitshumains.net\/index.php?rest_route=\/wp\/v2\/posts"}],"about":[{"href":"https:\/\/infos-droitshumains.net\/index.php?rest_route=\/wp\/v2\/types\/post"}],"author":[{"embeddable":true,"href":"https:\/\/infos-droitshumains.net\/index.php?rest_route=\/wp\/v2\/users\/2"}],"replies":[{"embeddable":true,"href":"https:\/\/infos-droitshumains.net\/index.php?rest_route=%2Fwp%2Fv2%2Fcomments&post=4600"}],"version-history":[{"count":3,"href":"https:\/\/infos-droitshumains.net\/index.php?rest_route=\/wp\/v2\/posts\/4600\/revisions"}],"predecessor-version":[{"id":4605,"href":"https:\/\/infos-droitshumains.net\/index.php?rest_route=\/wp\/v2\/posts\/4600\/revisions\/4605"}],"wp:featuredmedia":[{"embeddable":true,"href":"https:\/\/infos-droitshumains.net\/index.php?rest_route=\/wp\/v2\/media\/4603"}],"wp:attachment":[{"href":"https:\/\/infos-droitshumains.net\/index.php?rest_route=%2Fwp%2Fv2%2Fmedia&parent=4600"}],"wp:term":[{"taxonomy":"category","embeddable":true,"href":"https:\/\/infos-droitshumains.net\/index.php?rest_route=%2Fwp%2Fv2%2Fcategories&post=4600"},{"taxonomy":"post_tag","embeddable":true,"href":"https:\/\/infos-droitshumains.net\/index.php?rest_route=%2Fwp%2Fv2%2Ftags&post=4600"}],"curies":[{"name":"wp","href":"https:\/\/api.w.org\/{rel}","templated":true}]}}