{"id":4587,"date":"2022-07-13T13:06:32","date_gmt":"2022-07-13T11:06:32","guid":{"rendered":"https:\/\/infos-droitshumains.net\/?p=4587"},"modified":"2022-07-13T13:12:39","modified_gmt":"2022-07-13T11:12:39","slug":"dernier-virage-des-preparatifs-de-la-42eme-session-ordinaire-de-la-sadc-a-kinshasa-eddy-mundela-et-didier-manzenga-reflechissent-sur-les-modalites-pratiques","status":"publish","type":"post","link":"https:\/\/infos-droitshumains.net\/?p=4587","title":{"rendered":"Dernier virage des pr\u00e9paratifs de la 42\u00e8me session ordinaire de la SADC \u00e0 Kinshasa : Eddy Mundela et Didier Manzenga r\u00e9fl\u00e9chissent sur les modalit\u00e9s pratiques"},"content":{"rendered":"\n<p><strong>R\u00e9daction :+243817406088<\/strong><\/p>\n\n\n\n<p>La 42\u00e8me session ordinaire du Sommet des Chefs d\u2019\u00c9tats et de Gouvernements de la Communaut\u00e9 de D\u00e9veloppement d\u2019Afrique Australe, (SADC) se tiendra \u00e0 Kinshasa en ao\u00fbt prochain. En pr\u00e9lude de ces assises, le Premier Vice-Pr\u00e9sident du s\u00e9nat, en sa qualit\u00e9 de patron de la diplomatie parlementaire congolaise a re\u00e7u ce mardi dans son cabinet de travail, le ministre national de l\u2019int\u00e9gration r\u00e9gionale et de la francophonie.<\/p>\n\n\n\n<p>Les \u00e9changes entre Eddy Mundela Kanku et Didier Manzenga Mukanzu ont tourn\u00e9 au tour de plusieurs questions dont l\u2019am\u00e9nagement du Palais du Peuple, site choisi pour abriter ces assises.<\/p>\n\n\n\n<p>La 41\u00e8me session ordinaire du sommet des Chefs d\u2019\u00c9tats et de Gouvernements de la SADC avait \u00e9lu le Docteur Lazarus Mc Carthy Chakwera, pr\u00e9sident du Malawi et F\u00e9lix Antoine Tshisekedi Tshilombo, pr\u00e9sident de la RDC respectivement pr\u00e9sident et vice-pr\u00e9sident de la SADC. Sans surprise, lors de cette 42\u00e8me session, le Pr\u00e9sident de la RDC sera \u00e9lu pl\u00e9biscit\u00e9 pr\u00e9sident de cette organisation sous r\u00e9gionale.<\/p>\n\n\n\n<p>Jo\u00ebl Diawa<\/p>\n","protected":false},"excerpt":{"rendered":"<p>R\u00e9daction :+243817406088 La 42\u00e8me session ordinaire du Sommet des Chefs d\u2019\u00c9tats et de Gouvernements de&#8230;<\/p>\n","protected":false},"author":2,"featured_media":4591,"comment_status":"open","ping_status":"open","sticky":false,"template":"","format":"standard","meta":{"_jetpack_memberships_contains_paid_content":false,"footnotes":""},"categories":[3],"tags":[],"class_list":["post-4587","post","type-post","status-publish","format-standard","has-post-thumbnail","hentry","category-politique"],"yoast_head":"<!-- This site is optimized with the Yoast SEO plugin v27.5 - https:\/\/yoast.com\/product\/yoast-seo-wordpress\/ -->\n<title>Dernier virage des pr\u00e9paratifs de la 42\u00e8me session ordinaire de la SADC \u00e0 Kinshasa : Eddy Mundela et Didier Manzenga r\u00e9fl\u00e9chissent sur les modalit\u00e9s pratiques - Infos Droits Humains<\/title>\n<meta name=\"robots\" content=\"index, follow, max-snippet:-1, max-image-preview:large, max-video-preview:-1\" \/>\n<link rel=\"canonical\" href=\"https:\/\/infos-droitshumains.net\/?p=4587\" \/>\n<meta property=\"og:locale\" content=\"fr_FR\" \/>\n<meta property=\"og:type\" content=\"article\" \/>\n<meta property=\"og:title\" content=\"Dernier virage des pr\u00e9paratifs de la 42\u00e8me session ordinaire de la SADC \u00e0 Kinshasa : Eddy Mundela et Didier Manzenga r\u00e9fl\u00e9chissent sur les modalit\u00e9s pratiques - Infos Droits Humains\" \/>\n<meta property=\"og:description\" content=\"R\u00e9daction :+243817406088 La 42\u00e8me session ordinaire du Sommet des Chefs d\u2019\u00c9tats et de Gouvernements de...\" \/>\n<meta property=\"og:url\" content=\"https:\/\/infos-droitshumains.net\/?p=4587\" \/>\n<meta property=\"og:site_name\" content=\"Infos Droits Humains\" \/>\n<meta property=\"article:published_time\" content=\"2022-07-13T11:06:32+00:00\" \/>\n<meta property=\"article:modified_time\" content=\"2022-07-13T11:12:39+00:00\" \/>\n<meta property=\"og:image\" content=\"https:\/\/i0.wp.com\/infos-droitshumains.net\/wp-content\/uploads\/2022\/07\/IMG-20220713-WA0004_2.jpg?fit=1080%2C585&ssl=1\" \/>\n\t<meta property=\"og:image:width\" content=\"1080\" \/>\n\t<meta property=\"og:image:height\" content=\"585\" \/>\n\t<meta property=\"og:image:type\" content=\"image\/jpeg\" \/>\n<meta name=\"author\" content=\"Jo\u00ebl Diawa\" \/>\n<meta name=\"twitter:card\" content=\"summary_large_image\" \/>\n<meta name=\"twitter:label1\" content=\"\u00c9crit par\" \/>\n\t<meta name=\"twitter:data1\" content=\"Jo\u00ebl Diawa\" \/>\n\t<meta name=\"twitter:label2\" content=\"Dur\u00e9e de lecture estim\u00e9e\" \/>\n\t<meta name=\"twitter:data2\" content=\"1 minute\" \/>\n<script type=\"application\/ld+json\" class=\"yoast-schema-graph\">{\"@context\":\"https:\\\/\\\/schema.org\",\"@graph\":[{\"@type\":\"Article\",\"@id\":\"https:\\\/\\\/infos-droitshumains.net\\\/?p=4587#article\",\"isPartOf\":{\"@id\":\"https:\\\/\\\/infos-droitshumains.net\\\/?p=4587\"},\"author\":{\"name\":\"Jo\u00ebl Diawa\",\"@id\":\"https:\\\/\\\/infos-droitshumains.net\\\/#\\\/schema\\\/person\\\/3dc5e921c3302172e0ed4362f96faab7\"},\"headline\":\"Dernier virage des pr\u00e9paratifs de la 42\u00e8me session ordinaire de la SADC \u00e0 Kinshasa : Eddy Mundela et Didier Manzenga r\u00e9fl\u00e9chissent sur les modalit\u00e9s pratiques\",\"datePublished\":\"2022-07-13T11:06:32+00:00\",\"dateModified\":\"2022-07-13T11:12:39+00:00\",\"mainEntityOfPage\":{\"@id\":\"https:\\\/\\\/infos-droitshumains.net\\\/?p=4587\"},\"wordCount\":212,\"commentCount\":0,\"publisher\":{\"@id\":\"https:\\\/\\\/infos-droitshumains.net\\\/#organization\"},\"image\":{\"@id\":\"https:\\\/\\\/infos-droitshumains.net\\\/?p=4587#primaryimage\"},\"thumbnailUrl\":\"https:\\\/\\\/i0.wp.com\\\/infos-droitshumains.net\\\/wp-content\\\/uploads\\\/2022\\\/07\\\/IMG-20220713-WA0004_2.jpg?fit=1080%2C585&ssl=1\",\"articleSection\":[\"Politique\"],\"inLanguage\":\"fr-FR\",\"potentialAction\":[{\"@type\":\"CommentAction\",\"name\":\"Comment\",\"target\":[\"https:\\\/\\\/infos-droitshumains.net\\\/?p=4587#respond\"]}]},{\"@type\":\"WebPage\",\"@id\":\"https:\\\/\\\/infos-droitshumains.net\\\/?p=4587\",\"url\":\"https:\\\/\\\/infos-droitshumains.net\\\/?p=4587\",\"name\":\"Dernier virage des pr\u00e9paratifs de la 42\u00e8me session ordinaire de la SADC \u00e0 Kinshasa : Eddy Mundela et Didier Manzenga r\u00e9fl\u00e9chissent sur les modalit\u00e9s pratiques - Infos Droits Humains\",\"isPartOf\":{\"@id\":\"https:\\\/\\\/infos-droitshumains.net\\\/#website\"},\"primaryImageOfPage\":{\"@id\":\"https:\\\/\\\/infos-droitshumains.net\\\/?p=4587#primaryimage\"},\"image\":{\"@id\":\"https:\\\/\\\/infos-droitshumains.net\\\/?p=4587#primaryimage\"},\"thumbnailUrl\":\"https:\\\/\\\/i0.wp.com\\\/infos-droitshumains.net\\\/wp-content\\\/uploads\\\/2022\\\/07\\\/IMG-20220713-WA0004_2.jpg?fit=1080%2C585&ssl=1\",\"datePublished\":\"2022-07-13T11:06:32+00:00\",\"dateModified\":\"2022-07-13T11:12:39+00:00\",\"breadcrumb\":{\"@id\":\"https:\\\/\\\/infos-droitshumains.net\\\/?p=4587#breadcrumb\"},\"inLanguage\":\"fr-FR\",\"potentialAction\":[{\"@type\":\"ReadAction\",\"target\":[\"https:\\\/\\\/infos-droitshumains.net\\\/?p=4587\"]}]},{\"@type\":\"ImageObject\",\"inLanguage\":\"fr-FR\",\"@id\":\"https:\\\/\\\/infos-droitshumains.net\\\/?p=4587#primaryimage\",\"url\":\"https:\\\/\\\/i0.wp.com\\\/infos-droitshumains.net\\\/wp-content\\\/uploads\\\/2022\\\/07\\\/IMG-20220713-WA0004_2.jpg?fit=1080%2C585&ssl=1\",\"contentUrl\":\"https:\\\/\\\/i0.wp.com\\\/infos-droitshumains.net\\\/wp-content\\\/uploads\\\/2022\\\/07\\\/IMG-20220713-WA0004_2.jpg?fit=1080%2C585&ssl=1\",\"width\":1080,\"height\":585},{\"@type\":\"BreadcrumbList\",\"@id\":\"https:\\\/\\\/infos-droitshumains.net\\\/?p=4587#breadcrumb\",\"itemListElement\":[{\"@type\":\"ListItem\",\"position\":1,\"name\":\"Accueil\",\"item\":\"https:\\\/\\\/infos-droitshumains.net\\\/\"},{\"@type\":\"ListItem\",\"position\":2,\"name\":\"Dernier virage des pr\u00e9paratifs de la 42\u00e8me session ordinaire de la SADC \u00e0 Kinshasa : Eddy Mundela et Didier Manzenga r\u00e9fl\u00e9chissent sur les modalit\u00e9s pratiques\"}]},{\"@type\":\"WebSite\",\"@id\":\"https:\\\/\\\/infos-droitshumains.net\\\/#website\",\"url\":\"https:\\\/\\\/infos-droitshumains.net\\\/\",\"name\":\"Infos Droits Humains\",\"description\":\"S&#039;informer est un droit\",\"publisher\":{\"@id\":\"https:\\\/\\\/infos-droitshumains.net\\\/#organization\"},\"potentialAction\":[{\"@type\":\"SearchAction\",\"target\":{\"@type\":\"EntryPoint\",\"urlTemplate\":\"https:\\\/\\\/infos-droitshumains.net\\\/?s={search_term_string}\"},\"query-input\":{\"@type\":\"PropertyValueSpecification\",\"valueRequired\":true,\"valueName\":\"search_term_string\"}}],\"inLanguage\":\"fr-FR\"},{\"@type\":\"Organization\",\"@id\":\"https:\\\/\\\/infos-droitshumains.net\\\/#organization\",\"name\":\"Infos Droits Humains\",\"url\":\"https:\\\/\\\/infos-droitshumains.net\\\/\",\"logo\":{\"@type\":\"ImageObject\",\"inLanguage\":\"fr-FR\",\"@id\":\"https:\\\/\\\/infos-droitshumains.net\\\/#\\\/schema\\\/logo\\\/image\\\/\",\"url\":\"https:\\\/\\\/i0.wp.com\\\/infos-droitshumains.net\\\/wp-content\\\/uploads\\\/2022\\\/05\\\/Logo.png?fit=333%2C129&ssl=1\",\"contentUrl\":\"https:\\\/\\\/i0.wp.com\\\/infos-droitshumains.net\\\/wp-content\\\/uploads\\\/2022\\\/05\\\/Logo.png?fit=333%2C129&ssl=1\",\"width\":333,\"height\":129,\"caption\":\"Infos Droits Humains\"},\"image\":{\"@id\":\"https:\\\/\\\/infos-droitshumains.net\\\/#\\\/schema\\\/logo\\\/image\\\/\"}},{\"@type\":\"Person\",\"@id\":\"https:\\\/\\\/infos-droitshumains.net\\\/#\\\/schema\\\/person\\\/3dc5e921c3302172e0ed4362f96faab7\",\"name\":\"Jo\u00ebl Diawa\",\"image\":{\"@type\":\"ImageObject\",\"inLanguage\":\"fr-FR\",\"@id\":\"https:\\\/\\\/secure.gravatar.com\\\/avatar\\\/729bea6ff4604c624417803c477363be8e3c7186deaa65713313f9b4b820f41c?s=96&d=mm&r=g\",\"url\":\"https:\\\/\\\/secure.gravatar.com\\\/avatar\\\/729bea6ff4604c624417803c477363be8e3c7186deaa65713313f9b4b820f41c?s=96&d=mm&r=g\",\"contentUrl\":\"https:\\\/\\\/secure.gravatar.com\\\/avatar\\\/729bea6ff4604c624417803c477363be8e3c7186deaa65713313f9b4b820f41c?s=96&d=mm&r=g\",\"caption\":\"Jo\u00ebl Diawa\"},\"sameAs\":[\"https:\\\/\\\/www.infos-droitshumains.net\"],\"url\":\"https:\\\/\\\/infos-droitshumains.net\\\/?author=2\"}]}<\/script>\n<!-- \/ Yoast SEO plugin. -->","yoast_head_json":{"title":"Dernier virage des pr\u00e9paratifs de la 42\u00e8me session ordinaire de la SADC \u00e0 Kinshasa : Eddy Mundela et Didier Manzenga r\u00e9fl\u00e9chissent sur les modalit\u00e9s pratiques - Infos Droits Humains","robots":{"index":"index","follow":"follow","max-snippet":"max-snippet:-1","max-image-preview":"max-image-preview:large","max-video-preview":"max-video-preview:-1"},"canonical":"https:\/\/infos-droitshumains.net\/?p=4587","og_locale":"fr_FR","og_type":"article","og_title":"Dernier virage des pr\u00e9paratifs de la 42\u00e8me session ordinaire de la SADC \u00e0 Kinshasa : Eddy Mundela et Didier Manzenga r\u00e9fl\u00e9chissent sur les modalit\u00e9s pratiques - Infos Droits Humains","og_description":"R\u00e9daction :+243817406088 La 42\u00e8me session ordinaire du Sommet des Chefs d\u2019\u00c9tats et de Gouvernements de...","og_url":"https:\/\/infos-droitshumains.net\/?p=4587","og_site_name":"Infos Droits Humains","article_published_time":"2022-07-13T11:06:32+00:00","article_modified_time":"2022-07-13T11:12:39+00:00","og_image":[{"width":1080,"height":585,"url":"https:\/\/i0.wp.com\/infos-droitshumains.net\/wp-content\/uploads\/2022\/07\/IMG-20220713-WA0004_2.jpg?fit=1080%2C585&ssl=1","type":"image\/jpeg"}],"author":"Jo\u00ebl Diawa","twitter_card":"summary_large_image","twitter_misc":{"\u00c9crit par":"Jo\u00ebl Diawa","Dur\u00e9e de lecture estim\u00e9e":"1 minute"},"schema":{"@context":"https:\/\/schema.org","@graph":[{"@type":"Article","@id":"https:\/\/infos-droitshumains.net\/?p=4587#article","isPartOf":{"@id":"https:\/\/infos-droitshumains.net\/?p=4587"},"author":{"name":"Jo\u00ebl Diawa","@id":"https:\/\/infos-droitshumains.net\/#\/schema\/person\/3dc5e921c3302172e0ed4362f96faab7"},"headline":"Dernier virage des pr\u00e9paratifs de la 42\u00e8me session ordinaire de la SADC \u00e0 Kinshasa : Eddy Mundela et Didier Manzenga r\u00e9fl\u00e9chissent sur les modalit\u00e9s pratiques","datePublished":"2022-07-13T11:06:32+00:00","dateModified":"2022-07-13T11:12:39+00:00","mainEntityOfPage":{"@id":"https:\/\/infos-droitshumains.net\/?p=4587"},"wordCount":212,"commentCount":0,"publisher":{"@id":"https:\/\/infos-droitshumains.net\/#organization"},"image":{"@id":"https:\/\/infos-droitshumains.net\/?p=4587#primaryimage"},"thumbnailUrl":"https:\/\/i0.wp.com\/infos-droitshumains.net\/wp-content\/uploads\/2022\/07\/IMG-20220713-WA0004_2.jpg?fit=1080%2C585&ssl=1","articleSection":["Politique"],"inLanguage":"fr-FR","potentialAction":[{"@type":"CommentAction","name":"Comment","target":["https:\/\/infos-droitshumains.net\/?p=4587#respond"]}]},{"@type":"WebPage","@id":"https:\/\/infos-droitshumains.net\/?p=4587","url":"https:\/\/infos-droitshumains.net\/?p=4587","name":"Dernier virage des pr\u00e9paratifs de la 42\u00e8me session ordinaire de la SADC \u00e0 Kinshasa : Eddy Mundela et Didier Manzenga r\u00e9fl\u00e9chissent sur les modalit\u00e9s pratiques - Infos Droits Humains","isPartOf":{"@id":"https:\/\/infos-droitshumains.net\/#website"},"primaryImageOfPage":{"@id":"https:\/\/infos-droitshumains.net\/?p=4587#primaryimage"},"image":{"@id":"https:\/\/infos-droitshumains.net\/?p=4587#primaryimage"},"thumbnailUrl":"https:\/\/i0.wp.com\/infos-droitshumains.net\/wp-content\/uploads\/2022\/07\/IMG-20220713-WA0004_2.jpg?fit=1080%2C585&ssl=1","datePublished":"2022-07-13T11:06:32+00:00","dateModified":"2022-07-13T11:12:39+00:00","breadcrumb":{"@id":"https:\/\/infos-droitshumains.net\/?p=4587#breadcrumb"},"inLanguage":"fr-FR","potentialAction":[{"@type":"ReadAction","target":["https:\/\/infos-droitshumains.net\/?p=4587"]}]},{"@type":"ImageObject","inLanguage":"fr-FR","@id":"https:\/\/infos-droitshumains.net\/?p=4587#primaryimage","url":"https:\/\/i0.wp.com\/infos-droitshumains.net\/wp-content\/uploads\/2022\/07\/IMG-20220713-WA0004_2.jpg?fit=1080%2C585&ssl=1","contentUrl":"https:\/\/i0.wp.com\/infos-droitshumains.net\/wp-content\/uploads\/2022\/07\/IMG-20220713-WA0004_2.jpg?fit=1080%2C585&ssl=1","width":1080,"height":585},{"@type":"BreadcrumbList","@id":"https:\/\/infos-droitshumains.net\/?p=4587#breadcrumb","itemListElement":[{"@type":"ListItem","position":1,"name":"Accueil","item":"https:\/\/infos-droitshumains.net\/"},{"@type":"ListItem","position":2,"name":"Dernier virage des pr\u00e9paratifs de la 42\u00e8me session ordinaire de la SADC \u00e0 Kinshasa : Eddy Mundela et Didier Manzenga r\u00e9fl\u00e9chissent sur les modalit\u00e9s pratiques"}]},{"@type":"WebSite","@id":"https:\/\/infos-droitshumains.net\/#website","url":"https:\/\/infos-droitshumains.net\/","name":"Infos Droits Humains","description":"S&#039;informer est un droit","publisher":{"@id":"https:\/\/infos-droitshumains.net\/#organization"},"potentialAction":[{"@type":"SearchAction","target":{"@type":"EntryPoint","urlTemplate":"https:\/\/infos-droitshumains.net\/?s={search_term_string}"},"query-input":{"@type":"PropertyValueSpecification","valueRequired":true,"valueName":"search_term_string"}}],"inLanguage":"fr-FR"},{"@type":"Organization","@id":"https:\/\/infos-droitshumains.net\/#organization","name":"Infos Droits Humains","url":"https:\/\/infos-droitshumains.net\/","logo":{"@type":"ImageObject","inLanguage":"fr-FR","@id":"https:\/\/infos-droitshumains.net\/#\/schema\/logo\/image\/","url":"https:\/\/i0.wp.com\/infos-droitshumains.net\/wp-content\/uploads\/2022\/05\/Logo.png?fit=333%2C129&ssl=1","contentUrl":"https:\/\/i0.wp.com\/infos-droitshumains.net\/wp-content\/uploads\/2022\/05\/Logo.png?fit=333%2C129&ssl=1","width":333,"height":129,"caption":"Infos Droits Humains"},"image":{"@id":"https:\/\/infos-droitshumains.net\/#\/schema\/logo\/image\/"}},{"@type":"Person","@id":"https:\/\/infos-droitshumains.net\/#\/schema\/person\/3dc5e921c3302172e0ed4362f96faab7","name":"Jo\u00ebl Diawa","image":{"@type":"ImageObject","inLanguage":"fr-FR","@id":"https:\/\/secure.gravatar.com\/avatar\/729bea6ff4604c624417803c477363be8e3c7186deaa65713313f9b4b820f41c?s=96&d=mm&r=g","url":"https:\/\/secure.gravatar.com\/avatar\/729bea6ff4604c624417803c477363be8e3c7186deaa65713313f9b4b820f41c?s=96&d=mm&r=g","contentUrl":"https:\/\/secure.gravatar.com\/avatar\/729bea6ff4604c624417803c477363be8e3c7186deaa65713313f9b4b820f41c?s=96&d=mm&r=g","caption":"Jo\u00ebl Diawa"},"sameAs":["https:\/\/www.infos-droitshumains.net"],"url":"https:\/\/infos-droitshumains.net\/?author=2"}]}},"featured_image_urls":{"full":["https:\/\/i0.wp.com\/infos-droitshumains.net\/wp-content\/uploads\/2022\/07\/IMG-20220713-WA0004_2.jpg?fit=1080%2C585&ssl=1",1080,585,false],"thumbnail":["https:\/\/i0.wp.com\/infos-droitshumains.net\/wp-content\/uploads\/2022\/07\/IMG-20220713-WA0004_2.jpg?resize=150%2C150&ssl=1",150,150,true],"medium":["https:\/\/i0.wp.com\/infos-droitshumains.net\/wp-content\/uploads\/2022\/07\/IMG-20220713-WA0004_2.jpg?fit=300%2C163&ssl=1",300,163,true],"medium_large":["https:\/\/i0.wp.com\/infos-droitshumains.net\/wp-content\/uploads\/2022\/07\/IMG-20220713-WA0004_2.jpg?fit=640%2C347&ssl=1",640,347,true],"large":["https:\/\/i0.wp.com\/infos-droitshumains.net\/wp-content\/uploads\/2022\/07\/IMG-20220713-WA0004_2.jpg?fit=640%2C347&ssl=1",640,347,true],"1536x1536":["https:\/\/i0.wp.com\/infos-droitshumains.net\/wp-content\/uploads\/2022\/07\/IMG-20220713-WA0004_2.jpg?fit=1080%2C585&ssl=1",1080,585,true],"2048x2048":["https:\/\/i0.wp.com\/infos-droitshumains.net\/wp-content\/uploads\/2022\/07\/IMG-20220713-WA0004_2.jpg?fit=1080%2C585&ssl=1",1080,585,true],"covernews-slider-full":["https:\/\/i0.wp.com\/infos-droitshumains.net\/wp-content\/uploads\/2022\/07\/IMG-20220713-WA0004_2.jpg?resize=1080%2C585&ssl=1",1080,585,true],"covernews-slider-center":["https:\/\/i0.wp.com\/infos-droitshumains.net\/wp-content\/uploads\/2022\/07\/IMG-20220713-WA0004_2.jpg?resize=800%2C500&ssl=1",800,500,true],"covernews-featured":["https:\/\/i0.wp.com\/infos-droitshumains.net\/wp-content\/uploads\/2022\/07\/IMG-20220713-WA0004_2.jpg?fit=1024%2C555&ssl=1",1024,555,true],"covernews-medium":["https:\/\/i0.wp.com\/infos-droitshumains.net\/wp-content\/uploads\/2022\/07\/IMG-20220713-WA0004_2.jpg?resize=540%2C340&ssl=1",540,340,true],"covernews-medium-square":["https:\/\/i0.wp.com\/infos-droitshumains.net\/wp-content\/uploads\/2022\/07\/IMG-20220713-WA0004_2.jpg?resize=400%2C250&ssl=1",400,250,true]},"author_info":{"display_name":"Jo\u00ebl Diawa","author_link":"https:\/\/infos-droitshumains.net\/?author=2"},"category_info":"<a href=\"https:\/\/infos-droitshumains.net\/?cat=3\" rel=\"category\">Politique<\/a>","tag_info":"Politique","comment_count":"0","jetpack_featured_media_url":"https:\/\/i0.wp.com\/infos-droitshumains.net\/wp-content\/uploads\/2022\/07\/IMG-20220713-WA0004_2.jpg?fit=1080%2C585&ssl=1","jetpack-related-posts":[],"jetpack_sharing_enabled":true,"_links":{"self":[{"href":"https:\/\/infos-droitshumains.net\/index.php?rest_route=\/wp\/v2\/posts\/4587","targetHints":{"allow":["GET"]}}],"collection":[{"href":"https:\/\/infos-droitshumains.net\/index.php?rest_route=\/wp\/v2\/posts"}],"about":[{"href":"https:\/\/infos-droitshumains.net\/index.php?rest_route=\/wp\/v2\/types\/post"}],"author":[{"embeddable":true,"href":"https:\/\/infos-droitshumains.net\/index.php?rest_route=\/wp\/v2\/users\/2"}],"replies":[{"embeddable":true,"href":"https:\/\/infos-droitshumains.net\/index.php?rest_route=%2Fwp%2Fv2%2Fcomments&post=4587"}],"version-history":[{"count":2,"href":"https:\/\/infos-droitshumains.net\/index.php?rest_route=\/wp\/v2\/posts\/4587\/revisions"}],"predecessor-version":[{"id":4590,"href":"https:\/\/infos-droitshumains.net\/index.php?rest_route=\/wp\/v2\/posts\/4587\/revisions\/4590"}],"wp:featuredmedia":[{"embeddable":true,"href":"https:\/\/infos-droitshumains.net\/index.php?rest_route=\/wp\/v2\/media\/4591"}],"wp:attachment":[{"href":"https:\/\/infos-droitshumains.net\/index.php?rest_route=%2Fwp%2Fv2%2Fmedia&parent=4587"}],"wp:term":[{"taxonomy":"category","embeddable":true,"href":"https:\/\/infos-droitshumains.net\/index.php?rest_route=%2Fwp%2Fv2%2Fcategories&post=4587"},{"taxonomy":"post_tag","embeddable":true,"href":"https:\/\/infos-droitshumains.net\/index.php?rest_route=%2Fwp%2Fv2%2Ftags&post=4587"}],"curies":[{"name":"wp","href":"https:\/\/api.w.org\/{rel}","templated":true}]}}