{"id":4577,"date":"2022-07-11T20:21:30","date_gmt":"2022-07-11T18:21:30","guid":{"rendered":"https:\/\/infos-droitshumains.net\/?p=4577"},"modified":"2022-07-11T20:27:04","modified_gmt":"2022-07-11T18:27:04","slug":"4577","status":"publish","type":"post","link":"https:\/\/infos-droitshumains.net\/?p=4577","title":{"rendered":"Journ\u00e9es nationales du Barreau congolais: Me. Prosper Ntetika sugg\u00e9re l\u2019adaptation de la l\u00e9gislation qui organise le barreau \u00e0 l\u2019\u00e9volution num\u00e9rique"},"content":{"rendered":"\n<p><strong>R\u00e9daction :+243817406088<\/strong><\/p>\n\n\n\n<p>Le barreau congolais a c\u00e9l\u00e9br\u00e9 du 09 au 10 juillet 2022, Les journ\u00e9es nationales du barreau. A Kinshasa, durant les deux jours, les deux barreaux ont organis\u00e9 plusieurs activit\u00e9s dont la matin\u00e9e d\u00e9ontologique tenue le samedi 09 juillet. A cette occasion, Me. Kayudi Misamu Coco a expos\u00e9 sur la<strong> \u00ab D\u00e9ontologie des avocats \u00e0 l\u2019\u00e9preuve du num\u00e9rique \u00bb.<\/strong><\/p>\n\n\n\n<p>Une th\u00e9matique vivement salu\u00e9e par Me Prosper Ntetika. Au regard de l\u2019\u00e9volution technologique, cet avocat et expert en droit num\u00e9rique a sugg\u00e9r\u00e9 que la loi qui organise le barreau soit adapt\u00e9e.<\/p>\n\n\n\n<p><em>\u00abAujourd\u2019hui il y a une r\u00e9alit\u00e9 qui est, le d\u00e9veloppement technologique. Le num\u00e9rique est devenu incontestable, il a transform\u00e9 plusieurs aspects de la vie sociale et, la profession d\u2019avocat n\u2019en est pas en reste. C\u2019est ainsi qu\u2019\u00e0 travers ce th\u00e8me, on a pu ressortir l\u2019urgence qu\u2019il y a de mettre la l\u00e9gislation qui organise le barreau aux pas de l\u2019\u00e9volution technologique, aux pas du num\u00e9rique, notamment, en ce qui concerne la communication de l\u2019avocat, mais aussi tous les services num\u00e9riques qui peuvent \u00eatre b\u00e9n\u00e9fiques \u00e0 l\u2019exercice de la profession de l\u2019avocat \u00bb.<\/em><br>Mais tout ceci ne peut \u00eatre possible que si cela repose sur un fondement l\u00e9gal. C\u2019est ainsi que cet avocat au barreau pr\u00e8s la Cour d\u2019Appel de Kinshasa\/Gombe veut voir le barreau congolais se doter d\u2019un programme de transformation num\u00e9rique.<\/p>\n\n\n\n<p><em>\u00abJ\u2019ai propos\u00e9 m\u00eame qu\u2019on ait un peu plus loin ; \u00e0 l\u2019initiative du conseil national de l\u2019ordre et en collaboration avec tous les barreaux de la r\u00e9publique, qu\u2019on initie une esp\u00e8ce de r\u00e9flexion pour doter les barreaux congolais d\u2019un programme de transformation num\u00e9rique qui aura un vol\u00e9 l\u00e9gal \u00e0 c\u00f4t\u00e9 des services num\u00e9riques et qui en perspective de la nouvelle loi, pourra assoir le prochain r\u00e8glement int\u00e9rieur cadre du barreau qui prendra en compte les aspect num\u00e9riques dans la profession d\u2019avocats \u00bb<\/em>, a ajout\u00e9 Me. Prosper Ntetika.<\/p>\n\n\n\n<p>L\u2019\u00e9volution technologique a certes impact\u00e9s sur, toute profession, mais Me. Prosper Ntetika n\u2019entend aucunement que cela prime sur la d\u00e9ontologie des avocats.<\/p>\n\n\n\n<p><em>\u00abL\u2019\u00e9volution technologique est un fait. Nous devons faire avec. Seulement que la profession d\u2019avocat est une profession r\u00e8glement\u00e9e. C\u2019est cela particularit\u00e9. Nous avons des r\u00e8gles qui existent, seulement qu\u2019il faut en tout et pour tout, qu\u2019il s\u2019agisse des usages num\u00e9riques, faire r\u00e9f\u00e9rence aux r\u00e8gles et ne pas \u00eatre \u00e0 c\u00f4t\u00e9 de la d\u00e9ontologie \u00bb<\/em>, a-t-il conclu.<\/p>\n\n\n\n<p>Noter qu\u2019\u00e0 cette m\u00eame occasion, le barreau congolais a f\u00eat\u00e9 le 54\u00e8me anniversaire de son existence. 54 ans apr\u00e8s, il est imp\u00e9rieux que la l\u00e9gislation soit modifi\u00e9e afin d\u2019adapter le barreau congolais \u00e0 l\u2019\u00e9volution technologique.<\/p>\n\n\n\n<p>Jo\u00ebl Diawa<\/p>\n","protected":false},"excerpt":{"rendered":"<p>R\u00e9daction :+243817406088 Le barreau congolais a c\u00e9l\u00e9br\u00e9 du 09 au 10 juillet 2022, Les journ\u00e9es&#8230;<\/p>\n","protected":false},"author":2,"featured_media":4578,"comment_status":"open","ping_status":"open","sticky":false,"template":"","format":"standard","meta":{"_jetpack_memberships_contains_paid_content":false,"footnotes":""},"categories":[6],"tags":[],"class_list":["post-4577","post","type-post","status-publish","format-standard","has-post-thumbnail","hentry","category-justice"],"yoast_head":"<!-- This site is optimized with the Yoast SEO plugin v27.5 - https:\/\/yoast.com\/product\/yoast-seo-wordpress\/ -->\n<title>Journ\u00e9es nationales du Barreau congolais: Me. Prosper Ntetika sugg\u00e9re l\u2019adaptation de la l\u00e9gislation qui organise le barreau \u00e0 l\u2019\u00e9volution num\u00e9rique - Infos Droits Humains<\/title>\n<meta name=\"robots\" content=\"index, follow, max-snippet:-1, max-image-preview:large, max-video-preview:-1\" \/>\n<link rel=\"canonical\" href=\"https:\/\/infos-droitshumains.net\/?p=4577\" \/>\n<meta property=\"og:locale\" content=\"fr_FR\" \/>\n<meta property=\"og:type\" content=\"article\" \/>\n<meta property=\"og:title\" content=\"Journ\u00e9es nationales du Barreau congolais: Me. Prosper Ntetika sugg\u00e9re l\u2019adaptation de la l\u00e9gislation qui organise le barreau \u00e0 l\u2019\u00e9volution num\u00e9rique - Infos Droits Humains\" \/>\n<meta property=\"og:description\" content=\"R\u00e9daction :+243817406088 Le barreau congolais a c\u00e9l\u00e9br\u00e9 du 09 au 10 juillet 2022, Les journ\u00e9es...\" \/>\n<meta property=\"og:url\" content=\"https:\/\/infos-droitshumains.net\/?p=4577\" \/>\n<meta property=\"og:site_name\" content=\"Infos Droits Humains\" \/>\n<meta property=\"article:published_time\" content=\"2022-07-11T18:21:30+00:00\" \/>\n<meta property=\"article:modified_time\" content=\"2022-07-11T18:27:04+00:00\" \/>\n<meta property=\"og:image\" content=\"https:\/\/i0.wp.com\/infos-droitshumains.net\/wp-content\/uploads\/2022\/07\/PSX_20220316_95857.jpg?fit=1080%2C1305&ssl=1\" \/>\n\t<meta property=\"og:image:width\" content=\"1080\" \/>\n\t<meta property=\"og:image:height\" content=\"1305\" \/>\n\t<meta property=\"og:image:type\" content=\"image\/jpeg\" \/>\n<meta name=\"author\" content=\"Jo\u00ebl Diawa\" \/>\n<meta name=\"twitter:card\" content=\"summary_large_image\" \/>\n<meta name=\"twitter:label1\" content=\"\u00c9crit par\" \/>\n\t<meta name=\"twitter:data1\" content=\"Jo\u00ebl Diawa\" \/>\n\t<meta name=\"twitter:label2\" content=\"Dur\u00e9e de lecture estim\u00e9e\" \/>\n\t<meta name=\"twitter:data2\" content=\"2 minutes\" \/>\n<script type=\"application\/ld+json\" class=\"yoast-schema-graph\">{\"@context\":\"https:\\\/\\\/schema.org\",\"@graph\":[{\"@type\":\"Article\",\"@id\":\"https:\\\/\\\/infos-droitshumains.net\\\/?p=4577#article\",\"isPartOf\":{\"@id\":\"https:\\\/\\\/infos-droitshumains.net\\\/?p=4577\"},\"author\":{\"name\":\"Jo\u00ebl Diawa\",\"@id\":\"https:\\\/\\\/infos-droitshumains.net\\\/#\\\/schema\\\/person\\\/3dc5e921c3302172e0ed4362f96faab7\"},\"headline\":\"Journ\u00e9es nationales du Barreau congolais: Me. Prosper Ntetika sugg\u00e9re l\u2019adaptation de la l\u00e9gislation qui organise le barreau \u00e0 l\u2019\u00e9volution num\u00e9rique\",\"datePublished\":\"2022-07-11T18:21:30+00:00\",\"dateModified\":\"2022-07-11T18:27:04+00:00\",\"mainEntityOfPage\":{\"@id\":\"https:\\\/\\\/infos-droitshumains.net\\\/?p=4577\"},\"wordCount\":520,\"commentCount\":0,\"publisher\":{\"@id\":\"https:\\\/\\\/infos-droitshumains.net\\\/#organization\"},\"image\":{\"@id\":\"https:\\\/\\\/infos-droitshumains.net\\\/?p=4577#primaryimage\"},\"thumbnailUrl\":\"https:\\\/\\\/i0.wp.com\\\/infos-droitshumains.net\\\/wp-content\\\/uploads\\\/2022\\\/07\\\/PSX_20220316_95857.jpg?fit=1080%2C1305&ssl=1\",\"articleSection\":[\"Justice\"],\"inLanguage\":\"fr-FR\",\"potentialAction\":[{\"@type\":\"CommentAction\",\"name\":\"Comment\",\"target\":[\"https:\\\/\\\/infos-droitshumains.net\\\/?p=4577#respond\"]}]},{\"@type\":\"WebPage\",\"@id\":\"https:\\\/\\\/infos-droitshumains.net\\\/?p=4577\",\"url\":\"https:\\\/\\\/infos-droitshumains.net\\\/?p=4577\",\"name\":\"Journ\u00e9es nationales du Barreau congolais: Me. Prosper Ntetika sugg\u00e9re l\u2019adaptation de la l\u00e9gislation qui organise le barreau \u00e0 l\u2019\u00e9volution num\u00e9rique - Infos Droits Humains\",\"isPartOf\":{\"@id\":\"https:\\\/\\\/infos-droitshumains.net\\\/#website\"},\"primaryImageOfPage\":{\"@id\":\"https:\\\/\\\/infos-droitshumains.net\\\/?p=4577#primaryimage\"},\"image\":{\"@id\":\"https:\\\/\\\/infos-droitshumains.net\\\/?p=4577#primaryimage\"},\"thumbnailUrl\":\"https:\\\/\\\/i0.wp.com\\\/infos-droitshumains.net\\\/wp-content\\\/uploads\\\/2022\\\/07\\\/PSX_20220316_95857.jpg?fit=1080%2C1305&ssl=1\",\"datePublished\":\"2022-07-11T18:21:30+00:00\",\"dateModified\":\"2022-07-11T18:27:04+00:00\",\"breadcrumb\":{\"@id\":\"https:\\\/\\\/infos-droitshumains.net\\\/?p=4577#breadcrumb\"},\"inLanguage\":\"fr-FR\",\"potentialAction\":[{\"@type\":\"ReadAction\",\"target\":[\"https:\\\/\\\/infos-droitshumains.net\\\/?p=4577\"]}]},{\"@type\":\"ImageObject\",\"inLanguage\":\"fr-FR\",\"@id\":\"https:\\\/\\\/infos-droitshumains.net\\\/?p=4577#primaryimage\",\"url\":\"https:\\\/\\\/i0.wp.com\\\/infos-droitshumains.net\\\/wp-content\\\/uploads\\\/2022\\\/07\\\/PSX_20220316_95857.jpg?fit=1080%2C1305&ssl=1\",\"contentUrl\":\"https:\\\/\\\/i0.wp.com\\\/infos-droitshumains.net\\\/wp-content\\\/uploads\\\/2022\\\/07\\\/PSX_20220316_95857.jpg?fit=1080%2C1305&ssl=1\",\"width\":1080,\"height\":1305},{\"@type\":\"BreadcrumbList\",\"@id\":\"https:\\\/\\\/infos-droitshumains.net\\\/?p=4577#breadcrumb\",\"itemListElement\":[{\"@type\":\"ListItem\",\"position\":1,\"name\":\"Accueil\",\"item\":\"https:\\\/\\\/infos-droitshumains.net\\\/\"},{\"@type\":\"ListItem\",\"position\":2,\"name\":\"Journ\u00e9es nationales du Barreau congolais: Me. Prosper Ntetika sugg\u00e9re l\u2019adaptation de la l\u00e9gislation qui organise le barreau \u00e0 l\u2019\u00e9volution num\u00e9rique\"}]},{\"@type\":\"WebSite\",\"@id\":\"https:\\\/\\\/infos-droitshumains.net\\\/#website\",\"url\":\"https:\\\/\\\/infos-droitshumains.net\\\/\",\"name\":\"Infos Droits Humains\",\"description\":\"S&#039;informer est un droit\",\"publisher\":{\"@id\":\"https:\\\/\\\/infos-droitshumains.net\\\/#organization\"},\"potentialAction\":[{\"@type\":\"SearchAction\",\"target\":{\"@type\":\"EntryPoint\",\"urlTemplate\":\"https:\\\/\\\/infos-droitshumains.net\\\/?s={search_term_string}\"},\"query-input\":{\"@type\":\"PropertyValueSpecification\",\"valueRequired\":true,\"valueName\":\"search_term_string\"}}],\"inLanguage\":\"fr-FR\"},{\"@type\":\"Organization\",\"@id\":\"https:\\\/\\\/infos-droitshumains.net\\\/#organization\",\"name\":\"Infos Droits Humains\",\"url\":\"https:\\\/\\\/infos-droitshumains.net\\\/\",\"logo\":{\"@type\":\"ImageObject\",\"inLanguage\":\"fr-FR\",\"@id\":\"https:\\\/\\\/infos-droitshumains.net\\\/#\\\/schema\\\/logo\\\/image\\\/\",\"url\":\"https:\\\/\\\/i0.wp.com\\\/infos-droitshumains.net\\\/wp-content\\\/uploads\\\/2022\\\/05\\\/Logo.png?fit=333%2C129&ssl=1\",\"contentUrl\":\"https:\\\/\\\/i0.wp.com\\\/infos-droitshumains.net\\\/wp-content\\\/uploads\\\/2022\\\/05\\\/Logo.png?fit=333%2C129&ssl=1\",\"width\":333,\"height\":129,\"caption\":\"Infos Droits Humains\"},\"image\":{\"@id\":\"https:\\\/\\\/infos-droitshumains.net\\\/#\\\/schema\\\/logo\\\/image\\\/\"}},{\"@type\":\"Person\",\"@id\":\"https:\\\/\\\/infos-droitshumains.net\\\/#\\\/schema\\\/person\\\/3dc5e921c3302172e0ed4362f96faab7\",\"name\":\"Jo\u00ebl Diawa\",\"image\":{\"@type\":\"ImageObject\",\"inLanguage\":\"fr-FR\",\"@id\":\"https:\\\/\\\/secure.gravatar.com\\\/avatar\\\/729bea6ff4604c624417803c477363be8e3c7186deaa65713313f9b4b820f41c?s=96&d=mm&r=g\",\"url\":\"https:\\\/\\\/secure.gravatar.com\\\/avatar\\\/729bea6ff4604c624417803c477363be8e3c7186deaa65713313f9b4b820f41c?s=96&d=mm&r=g\",\"contentUrl\":\"https:\\\/\\\/secure.gravatar.com\\\/avatar\\\/729bea6ff4604c624417803c477363be8e3c7186deaa65713313f9b4b820f41c?s=96&d=mm&r=g\",\"caption\":\"Jo\u00ebl Diawa\"},\"sameAs\":[\"https:\\\/\\\/www.infos-droitshumains.net\"],\"url\":\"https:\\\/\\\/infos-droitshumains.net\\\/?author=2\"}]}<\/script>\n<!-- \/ Yoast SEO plugin. -->","yoast_head_json":{"title":"Journ\u00e9es nationales du Barreau congolais: Me. Prosper Ntetika sugg\u00e9re l\u2019adaptation de la l\u00e9gislation qui organise le barreau \u00e0 l\u2019\u00e9volution num\u00e9rique - Infos Droits Humains","robots":{"index":"index","follow":"follow","max-snippet":"max-snippet:-1","max-image-preview":"max-image-preview:large","max-video-preview":"max-video-preview:-1"},"canonical":"https:\/\/infos-droitshumains.net\/?p=4577","og_locale":"fr_FR","og_type":"article","og_title":"Journ\u00e9es nationales du Barreau congolais: Me. Prosper Ntetika sugg\u00e9re l\u2019adaptation de la l\u00e9gislation qui organise le barreau \u00e0 l\u2019\u00e9volution num\u00e9rique - Infos Droits Humains","og_description":"R\u00e9daction :+243817406088 Le barreau congolais a c\u00e9l\u00e9br\u00e9 du 09 au 10 juillet 2022, Les journ\u00e9es...","og_url":"https:\/\/infos-droitshumains.net\/?p=4577","og_site_name":"Infos Droits Humains","article_published_time":"2022-07-11T18:21:30+00:00","article_modified_time":"2022-07-11T18:27:04+00:00","og_image":[{"width":1080,"height":1305,"url":"https:\/\/i0.wp.com\/infos-droitshumains.net\/wp-content\/uploads\/2022\/07\/PSX_20220316_95857.jpg?fit=1080%2C1305&ssl=1","type":"image\/jpeg"}],"author":"Jo\u00ebl Diawa","twitter_card":"summary_large_image","twitter_misc":{"\u00c9crit par":"Jo\u00ebl Diawa","Dur\u00e9e de lecture estim\u00e9e":"2 minutes"},"schema":{"@context":"https:\/\/schema.org","@graph":[{"@type":"Article","@id":"https:\/\/infos-droitshumains.net\/?p=4577#article","isPartOf":{"@id":"https:\/\/infos-droitshumains.net\/?p=4577"},"author":{"name":"Jo\u00ebl Diawa","@id":"https:\/\/infos-droitshumains.net\/#\/schema\/person\/3dc5e921c3302172e0ed4362f96faab7"},"headline":"Journ\u00e9es nationales du Barreau congolais: Me. Prosper Ntetika sugg\u00e9re l\u2019adaptation de la l\u00e9gislation qui organise le barreau \u00e0 l\u2019\u00e9volution num\u00e9rique","datePublished":"2022-07-11T18:21:30+00:00","dateModified":"2022-07-11T18:27:04+00:00","mainEntityOfPage":{"@id":"https:\/\/infos-droitshumains.net\/?p=4577"},"wordCount":520,"commentCount":0,"publisher":{"@id":"https:\/\/infos-droitshumains.net\/#organization"},"image":{"@id":"https:\/\/infos-droitshumains.net\/?p=4577#primaryimage"},"thumbnailUrl":"https:\/\/i0.wp.com\/infos-droitshumains.net\/wp-content\/uploads\/2022\/07\/PSX_20220316_95857.jpg?fit=1080%2C1305&ssl=1","articleSection":["Justice"],"inLanguage":"fr-FR","potentialAction":[{"@type":"CommentAction","name":"Comment","target":["https:\/\/infos-droitshumains.net\/?p=4577#respond"]}]},{"@type":"WebPage","@id":"https:\/\/infos-droitshumains.net\/?p=4577","url":"https:\/\/infos-droitshumains.net\/?p=4577","name":"Journ\u00e9es nationales du Barreau congolais: Me. Prosper Ntetika sugg\u00e9re l\u2019adaptation de la l\u00e9gislation qui organise le barreau \u00e0 l\u2019\u00e9volution num\u00e9rique - Infos Droits Humains","isPartOf":{"@id":"https:\/\/infos-droitshumains.net\/#website"},"primaryImageOfPage":{"@id":"https:\/\/infos-droitshumains.net\/?p=4577#primaryimage"},"image":{"@id":"https:\/\/infos-droitshumains.net\/?p=4577#primaryimage"},"thumbnailUrl":"https:\/\/i0.wp.com\/infos-droitshumains.net\/wp-content\/uploads\/2022\/07\/PSX_20220316_95857.jpg?fit=1080%2C1305&ssl=1","datePublished":"2022-07-11T18:21:30+00:00","dateModified":"2022-07-11T18:27:04+00:00","breadcrumb":{"@id":"https:\/\/infos-droitshumains.net\/?p=4577#breadcrumb"},"inLanguage":"fr-FR","potentialAction":[{"@type":"ReadAction","target":["https:\/\/infos-droitshumains.net\/?p=4577"]}]},{"@type":"ImageObject","inLanguage":"fr-FR","@id":"https:\/\/infos-droitshumains.net\/?p=4577#primaryimage","url":"https:\/\/i0.wp.com\/infos-droitshumains.net\/wp-content\/uploads\/2022\/07\/PSX_20220316_95857.jpg?fit=1080%2C1305&ssl=1","contentUrl":"https:\/\/i0.wp.com\/infos-droitshumains.net\/wp-content\/uploads\/2022\/07\/PSX_20220316_95857.jpg?fit=1080%2C1305&ssl=1","width":1080,"height":1305},{"@type":"BreadcrumbList","@id":"https:\/\/infos-droitshumains.net\/?p=4577#breadcrumb","itemListElement":[{"@type":"ListItem","position":1,"name":"Accueil","item":"https:\/\/infos-droitshumains.net\/"},{"@type":"ListItem","position":2,"name":"Journ\u00e9es nationales du Barreau congolais: Me. Prosper Ntetika sugg\u00e9re l\u2019adaptation de la l\u00e9gislation qui organise le barreau \u00e0 l\u2019\u00e9volution num\u00e9rique"}]},{"@type":"WebSite","@id":"https:\/\/infos-droitshumains.net\/#website","url":"https:\/\/infos-droitshumains.net\/","name":"Infos Droits Humains","description":"S&#039;informer est un droit","publisher":{"@id":"https:\/\/infos-droitshumains.net\/#organization"},"potentialAction":[{"@type":"SearchAction","target":{"@type":"EntryPoint","urlTemplate":"https:\/\/infos-droitshumains.net\/?s={search_term_string}"},"query-input":{"@type":"PropertyValueSpecification","valueRequired":true,"valueName":"search_term_string"}}],"inLanguage":"fr-FR"},{"@type":"Organization","@id":"https:\/\/infos-droitshumains.net\/#organization","name":"Infos Droits Humains","url":"https:\/\/infos-droitshumains.net\/","logo":{"@type":"ImageObject","inLanguage":"fr-FR","@id":"https:\/\/infos-droitshumains.net\/#\/schema\/logo\/image\/","url":"https:\/\/i0.wp.com\/infos-droitshumains.net\/wp-content\/uploads\/2022\/05\/Logo.png?fit=333%2C129&ssl=1","contentUrl":"https:\/\/i0.wp.com\/infos-droitshumains.net\/wp-content\/uploads\/2022\/05\/Logo.png?fit=333%2C129&ssl=1","width":333,"height":129,"caption":"Infos Droits Humains"},"image":{"@id":"https:\/\/infos-droitshumains.net\/#\/schema\/logo\/image\/"}},{"@type":"Person","@id":"https:\/\/infos-droitshumains.net\/#\/schema\/person\/3dc5e921c3302172e0ed4362f96faab7","name":"Jo\u00ebl Diawa","image":{"@type":"ImageObject","inLanguage":"fr-FR","@id":"https:\/\/secure.gravatar.com\/avatar\/729bea6ff4604c624417803c477363be8e3c7186deaa65713313f9b4b820f41c?s=96&d=mm&r=g","url":"https:\/\/secure.gravatar.com\/avatar\/729bea6ff4604c624417803c477363be8e3c7186deaa65713313f9b4b820f41c?s=96&d=mm&r=g","contentUrl":"https:\/\/secure.gravatar.com\/avatar\/729bea6ff4604c624417803c477363be8e3c7186deaa65713313f9b4b820f41c?s=96&d=mm&r=g","caption":"Jo\u00ebl Diawa"},"sameAs":["https:\/\/www.infos-droitshumains.net"],"url":"https:\/\/infos-droitshumains.net\/?author=2"}]}},"featured_image_urls":{"full":["https:\/\/i0.wp.com\/infos-droitshumains.net\/wp-content\/uploads\/2022\/07\/PSX_20220316_95857.jpg?fit=1080%2C1305&ssl=1",1080,1305,false],"thumbnail":["https:\/\/i0.wp.com\/infos-droitshumains.net\/wp-content\/uploads\/2022\/07\/PSX_20220316_95857.jpg?resize=150%2C150&ssl=1",150,150,true],"medium":["https:\/\/i0.wp.com\/infos-droitshumains.net\/wp-content\/uploads\/2022\/07\/PSX_20220316_95857.jpg?fit=248%2C300&ssl=1",248,300,true],"medium_large":["https:\/\/i0.wp.com\/infos-droitshumains.net\/wp-content\/uploads\/2022\/07\/PSX_20220316_95857.jpg?fit=640%2C773&ssl=1",640,773,true],"large":["https:\/\/i0.wp.com\/infos-droitshumains.net\/wp-content\/uploads\/2022\/07\/PSX_20220316_95857.jpg?fit=640%2C774&ssl=1",640,774,true],"1536x1536":["https:\/\/i0.wp.com\/infos-droitshumains.net\/wp-content\/uploads\/2022\/07\/PSX_20220316_95857.jpg?fit=1080%2C1305&ssl=1",1080,1305,true],"2048x2048":["https:\/\/i0.wp.com\/infos-droitshumains.net\/wp-content\/uploads\/2022\/07\/PSX_20220316_95857.jpg?fit=1080%2C1305&ssl=1",1080,1305,true],"covernews-slider-full":["https:\/\/i0.wp.com\/infos-droitshumains.net\/wp-content\/uploads\/2022\/07\/PSX_20220316_95857.jpg?resize=1080%2C715&ssl=1",1080,715,true],"covernews-slider-center":["https:\/\/i0.wp.com\/infos-droitshumains.net\/wp-content\/uploads\/2022\/07\/PSX_20220316_95857.jpg?resize=800%2C500&ssl=1",800,500,true],"covernews-featured":["https:\/\/i0.wp.com\/infos-droitshumains.net\/wp-content\/uploads\/2022\/07\/PSX_20220316_95857.jpg?fit=1024%2C1237&ssl=1",1024,1237,true],"covernews-medium":["https:\/\/i0.wp.com\/infos-droitshumains.net\/wp-content\/uploads\/2022\/07\/PSX_20220316_95857.jpg?resize=540%2C340&ssl=1",540,340,true],"covernews-medium-square":["https:\/\/i0.wp.com\/infos-droitshumains.net\/wp-content\/uploads\/2022\/07\/PSX_20220316_95857.jpg?resize=400%2C250&ssl=1",400,250,true]},"author_info":{"display_name":"Jo\u00ebl Diawa","author_link":"https:\/\/infos-droitshumains.net\/?author=2"},"category_info":"<a href=\"https:\/\/infos-droitshumains.net\/?cat=6\" rel=\"category\">Justice<\/a>","tag_info":"Justice","comment_count":"0","jetpack_featured_media_url":"https:\/\/i0.wp.com\/infos-droitshumains.net\/wp-content\/uploads\/2022\/07\/PSX_20220316_95857.jpg?fit=1080%2C1305&ssl=1","jetpack-related-posts":[],"jetpack_sharing_enabled":true,"_links":{"self":[{"href":"https:\/\/infos-droitshumains.net\/index.php?rest_route=\/wp\/v2\/posts\/4577","targetHints":{"allow":["GET"]}}],"collection":[{"href":"https:\/\/infos-droitshumains.net\/index.php?rest_route=\/wp\/v2\/posts"}],"about":[{"href":"https:\/\/infos-droitshumains.net\/index.php?rest_route=\/wp\/v2\/types\/post"}],"author":[{"embeddable":true,"href":"https:\/\/infos-droitshumains.net\/index.php?rest_route=\/wp\/v2\/users\/2"}],"replies":[{"embeddable":true,"href":"https:\/\/infos-droitshumains.net\/index.php?rest_route=%2Fwp%2Fv2%2Fcomments&post=4577"}],"version-history":[{"count":3,"href":"https:\/\/infos-droitshumains.net\/index.php?rest_route=\/wp\/v2\/posts\/4577\/revisions"}],"predecessor-version":[{"id":4582,"href":"https:\/\/infos-droitshumains.net\/index.php?rest_route=\/wp\/v2\/posts\/4577\/revisions\/4582"}],"wp:featuredmedia":[{"embeddable":true,"href":"https:\/\/infos-droitshumains.net\/index.php?rest_route=\/wp\/v2\/media\/4578"}],"wp:attachment":[{"href":"https:\/\/infos-droitshumains.net\/index.php?rest_route=%2Fwp%2Fv2%2Fmedia&parent=4577"}],"wp:term":[{"taxonomy":"category","embeddable":true,"href":"https:\/\/infos-droitshumains.net\/index.php?rest_route=%2Fwp%2Fv2%2Fcategories&post=4577"},{"taxonomy":"post_tag","embeddable":true,"href":"https:\/\/infos-droitshumains.net\/index.php?rest_route=%2Fwp%2Fv2%2Ftags&post=4577"}],"curies":[{"name":"wp","href":"https:\/\/api.w.org\/{rel}","templated":true}]}}