{"id":4552,"date":"2022-07-06T15:20:11","date_gmt":"2022-07-06T13:20:11","guid":{"rendered":"https:\/\/infos-droitshumains.net\/?p=4552"},"modified":"2022-07-06T15:23:32","modified_gmt":"2022-07-06T13:23:32","slug":"journee-nationale-du-barreau-le-batonnier-jean-claude-mbaki-invite-tous-les-avocats-de-kinshasa-dy-prendre-part","status":"publish","type":"post","link":"https:\/\/infos-droitshumains.net\/?p=4552","title":{"rendered":"Journ\u00e9e Nationale du barreau :Le b\u00e2tonnier Jean-Claude Mbaki invite tous les avocats de Kinshasa d\u2019y prendre part"},"content":{"rendered":"\n<p><strong>R\u00e9daction:+243817406088<\/strong><\/p>\n\n\n\n<p>La R\u00e9publique D\u00e9mocratique du Congo va c\u00e9l\u00e9brer le 10 juillet prochain la journ\u00e9e nationale du barreau. En pr\u00e9lude de cette journ\u00e9e, Me. Jean-Claude Mbaki Siluzaku, b\u00e2tonnier de l\u2019ordre du barreau pr\u00e8s la Cour d\u2019Appel de Kinshasa\/Gombe, a accord\u00e9 une interview exclusive \u00e0 infos-droitshumains.net. Il a expliqu\u00e9 que cette c\u00e9l\u00e9bration est tout \u00e0 fait r\u00e9glementaire et permet aux avocat de se retrouver autour d\u2019un th\u00e8me.<\/p>\n\n\n\n<p><em>\u00abCette exigence trouve son fondement sur l\u2019article 99 du r\u00e8glement d\u2019ordre int\u00e9rieur des barreaux qui dit :chaque barreau est tenu de comm\u00e9morer chaque ann\u00e9e et de mani\u00e8re particuli\u00e8re, la journ\u00e9e du barreau soit, le 10 juillet. Les programmes sont con\u00e7us et communiqu\u00e9s par le conseil national de l\u2019ordre par l\u2019interm\u00e9diaire du b\u00e2tonnier national \u00bb<\/em>, a-t-il expliqu\u00e9.<\/p>\n\n\n\n<p>Pour l\u2019ann\u00e9e 2022, les deux barreaux du ressort de Kinshasa, entendu, le barreau pr\u00e8s la Cour d\u2019Appel de Kinshasa\/Gombe et le barreau pr\u00e8s la Cour d\u2019Appel de Kinshasa\/Matete organisent conjointement et sous la coordination du b\u00e2tonnier national, deux journ\u00e9es comm\u00e9moratives qui vont s\u2019\u00e9tendre le 09 et le 10 juillet, nous a confirm\u00e9 Me. Jean-Claude Mbaki.<\/p>\n\n\n\n<p>Le 09 juillet il y aura une journ\u00e9e purement d\u00e9ontologique qui tournera au tour des trois th\u00e8mes qui seront anim\u00e9s par Me. Michel Shebele Makobo, b\u00e2tonnier national, ainsi que Me. Jean-Claude Mbaki et Me. Coco Kayudi, respectivement b\u00e2tonniers du barreau de Kinshasa Matete et du barreau de Kinshasa Gombe. Cette matin\u00e9e d\u00e9ontologique sera suivie par un match de football entre les \u00e9quipes des deux barreaux.<\/p>\n\n\n\n<p>Le dimanche 10 juillet, le diner de gala sera pr\u00e9c\u00e9d\u00e9 dans la matin\u00e9e par le d\u00e9p\u00f4t de gerbe de fleur sur la tombe du Vital Mbungu Kodi Vioki Bayanama. Que le b\u00e2tonnier Mbaki d\u00e9crit comme le premier avocat noir de la RDC.<\/p>\n\n\n\n<p><em>\u00ab On va l\u2019immortaliser\u2026Le matin, nous irons d\u00e9poser une gerbe de fleur \u00e0 sa tombe pour l\u2019immortaliser d\u2019avantage, et l\u2019apr\u00e8s-midi il y aura une soir\u00e9e de gala \u00bb<\/em>, a-t-il poursuivi.<\/p>\n\n\n\n<p>Le b\u00e2tonnier Jean-Claude Mbaki invite \u00e0 cet effet, tous les avocats de Kinshasa de se conformer \u00e0 cette exigence r\u00e9glementaire.<\/p>\n\n\n\n<p><em>\u00abC\u2019est un devoir m\u00eame. Toutes les activit\u00e9s qui sont organis\u00e9es par le barreau, les avocats doivent y participer, et ils doivent y \u00eatre, si non, \u00e7a sera un manquement. On vient de traverser des moments tr\u00e8s difficiles. Durant deux ans, on n\u2019a pas organis\u00e9 les journ\u00e9es du barreau \u00e0 la suite de la Covid-19. Maintenant, c\u2019est l\u2019occasion qui nous est donn\u00e9e de nous retrouver \u00bb.<\/em><\/p>\n\n\n\n<p>Rappelons que le barreau congolais a vu le jour le 10 juillet 1964. La c\u00e9l\u00e9bration de cette ann\u00e9e co\u00efncide avec le 54\u00e8me anniversaire.<\/p>\n\n\n\n<p>Jo\u00ebl Diawa<\/p>\n","protected":false},"excerpt":{"rendered":"<p>R\u00e9daction:+243817406088 La R\u00e9publique D\u00e9mocratique du Congo va c\u00e9l\u00e9brer le 10 juillet prochain la journ\u00e9e nationale&#8230;<\/p>\n","protected":false},"author":2,"featured_media":4555,"comment_status":"open","ping_status":"open","sticky":false,"template":"","format":"standard","meta":{"_jetpack_memberships_contains_paid_content":false,"footnotes":""},"categories":[6],"tags":[],"class_list":["post-4552","post","type-post","status-publish","format-standard","has-post-thumbnail","hentry","category-justice"],"yoast_head":"<!-- This site is optimized with the Yoast SEO plugin v27.5 - https:\/\/yoast.com\/product\/yoast-seo-wordpress\/ -->\n<title>Journ\u00e9e Nationale du barreau :Le b\u00e2tonnier Jean-Claude Mbaki invite tous les avocats de Kinshasa d\u2019y prendre part - Infos Droits Humains<\/title>\n<meta name=\"robots\" content=\"index, follow, max-snippet:-1, max-image-preview:large, max-video-preview:-1\" \/>\n<link rel=\"canonical\" href=\"https:\/\/infos-droitshumains.net\/?p=4552\" \/>\n<meta property=\"og:locale\" content=\"fr_FR\" \/>\n<meta property=\"og:type\" content=\"article\" \/>\n<meta property=\"og:title\" content=\"Journ\u00e9e Nationale du barreau :Le b\u00e2tonnier Jean-Claude Mbaki invite tous les avocats de Kinshasa d\u2019y prendre part - Infos Droits Humains\" \/>\n<meta property=\"og:description\" content=\"R\u00e9daction:+243817406088 La R\u00e9publique D\u00e9mocratique du Congo va c\u00e9l\u00e9brer le 10 juillet prochain la journ\u00e9e nationale...\" \/>\n<meta property=\"og:url\" content=\"https:\/\/infos-droitshumains.net\/?p=4552\" \/>\n<meta property=\"og:site_name\" content=\"Infos Droits Humains\" \/>\n<meta property=\"article:published_time\" content=\"2022-07-06T13:20:11+00:00\" \/>\n<meta property=\"article:modified_time\" content=\"2022-07-06T13:23:32+00:00\" \/>\n<meta property=\"og:image\" content=\"https:\/\/i0.wp.com\/infos-droitshumains.net\/wp-content\/uploads\/2022\/07\/01-b_1.jpg?fit=1080%2C720&ssl=1\" \/>\n\t<meta property=\"og:image:width\" content=\"1080\" \/>\n\t<meta property=\"og:image:height\" content=\"720\" \/>\n\t<meta property=\"og:image:type\" content=\"image\/jpeg\" \/>\n<meta name=\"author\" content=\"Jo\u00ebl Diawa\" \/>\n<meta name=\"twitter:card\" content=\"summary_large_image\" \/>\n<meta name=\"twitter:label1\" content=\"\u00c9crit par\" \/>\n\t<meta name=\"twitter:data1\" content=\"Jo\u00ebl Diawa\" \/>\n\t<meta name=\"twitter:label2\" content=\"Dur\u00e9e de lecture estim\u00e9e\" \/>\n\t<meta name=\"twitter:data2\" content=\"2 minutes\" \/>\n<script type=\"application\/ld+json\" class=\"yoast-schema-graph\">{\"@context\":\"https:\\\/\\\/schema.org\",\"@graph\":[{\"@type\":\"Article\",\"@id\":\"https:\\\/\\\/infos-droitshumains.net\\\/?p=4552#article\",\"isPartOf\":{\"@id\":\"https:\\\/\\\/infos-droitshumains.net\\\/?p=4552\"},\"author\":{\"name\":\"Jo\u00ebl Diawa\",\"@id\":\"https:\\\/\\\/infos-droitshumains.net\\\/#\\\/schema\\\/person\\\/3dc5e921c3302172e0ed4362f96faab7\"},\"headline\":\"Journ\u00e9e Nationale du barreau :Le b\u00e2tonnier Jean-Claude Mbaki invite tous les avocats de Kinshasa d\u2019y prendre part\",\"datePublished\":\"2022-07-06T13:20:11+00:00\",\"dateModified\":\"2022-07-06T13:23:32+00:00\",\"mainEntityOfPage\":{\"@id\":\"https:\\\/\\\/infos-droitshumains.net\\\/?p=4552\"},\"wordCount\":509,\"commentCount\":0,\"publisher\":{\"@id\":\"https:\\\/\\\/infos-droitshumains.net\\\/#organization\"},\"image\":{\"@id\":\"https:\\\/\\\/infos-droitshumains.net\\\/?p=4552#primaryimage\"},\"thumbnailUrl\":\"https:\\\/\\\/i0.wp.com\\\/infos-droitshumains.net\\\/wp-content\\\/uploads\\\/2022\\\/07\\\/01-b_1.jpg?fit=1080%2C720&ssl=1\",\"articleSection\":[\"Justice\"],\"inLanguage\":\"fr-FR\",\"potentialAction\":[{\"@type\":\"CommentAction\",\"name\":\"Comment\",\"target\":[\"https:\\\/\\\/infos-droitshumains.net\\\/?p=4552#respond\"]}]},{\"@type\":\"WebPage\",\"@id\":\"https:\\\/\\\/infos-droitshumains.net\\\/?p=4552\",\"url\":\"https:\\\/\\\/infos-droitshumains.net\\\/?p=4552\",\"name\":\"Journ\u00e9e Nationale du barreau :Le b\u00e2tonnier Jean-Claude Mbaki invite tous les avocats de Kinshasa d\u2019y prendre part - Infos Droits Humains\",\"isPartOf\":{\"@id\":\"https:\\\/\\\/infos-droitshumains.net\\\/#website\"},\"primaryImageOfPage\":{\"@id\":\"https:\\\/\\\/infos-droitshumains.net\\\/?p=4552#primaryimage\"},\"image\":{\"@id\":\"https:\\\/\\\/infos-droitshumains.net\\\/?p=4552#primaryimage\"},\"thumbnailUrl\":\"https:\\\/\\\/i0.wp.com\\\/infos-droitshumains.net\\\/wp-content\\\/uploads\\\/2022\\\/07\\\/01-b_1.jpg?fit=1080%2C720&ssl=1\",\"datePublished\":\"2022-07-06T13:20:11+00:00\",\"dateModified\":\"2022-07-06T13:23:32+00:00\",\"breadcrumb\":{\"@id\":\"https:\\\/\\\/infos-droitshumains.net\\\/?p=4552#breadcrumb\"},\"inLanguage\":\"fr-FR\",\"potentialAction\":[{\"@type\":\"ReadAction\",\"target\":[\"https:\\\/\\\/infos-droitshumains.net\\\/?p=4552\"]}]},{\"@type\":\"ImageObject\",\"inLanguage\":\"fr-FR\",\"@id\":\"https:\\\/\\\/infos-droitshumains.net\\\/?p=4552#primaryimage\",\"url\":\"https:\\\/\\\/i0.wp.com\\\/infos-droitshumains.net\\\/wp-content\\\/uploads\\\/2022\\\/07\\\/01-b_1.jpg?fit=1080%2C720&ssl=1\",\"contentUrl\":\"https:\\\/\\\/i0.wp.com\\\/infos-droitshumains.net\\\/wp-content\\\/uploads\\\/2022\\\/07\\\/01-b_1.jpg?fit=1080%2C720&ssl=1\",\"width\":1080,\"height\":720},{\"@type\":\"BreadcrumbList\",\"@id\":\"https:\\\/\\\/infos-droitshumains.net\\\/?p=4552#breadcrumb\",\"itemListElement\":[{\"@type\":\"ListItem\",\"position\":1,\"name\":\"Accueil\",\"item\":\"https:\\\/\\\/infos-droitshumains.net\\\/\"},{\"@type\":\"ListItem\",\"position\":2,\"name\":\"Journ\u00e9e Nationale du barreau :Le b\u00e2tonnier Jean-Claude Mbaki invite tous les avocats de Kinshasa d\u2019y prendre part\"}]},{\"@type\":\"WebSite\",\"@id\":\"https:\\\/\\\/infos-droitshumains.net\\\/#website\",\"url\":\"https:\\\/\\\/infos-droitshumains.net\\\/\",\"name\":\"Infos Droits Humains\",\"description\":\"S&#039;informer est un droit\",\"publisher\":{\"@id\":\"https:\\\/\\\/infos-droitshumains.net\\\/#organization\"},\"potentialAction\":[{\"@type\":\"SearchAction\",\"target\":{\"@type\":\"EntryPoint\",\"urlTemplate\":\"https:\\\/\\\/infos-droitshumains.net\\\/?s={search_term_string}\"},\"query-input\":{\"@type\":\"PropertyValueSpecification\",\"valueRequired\":true,\"valueName\":\"search_term_string\"}}],\"inLanguage\":\"fr-FR\"},{\"@type\":\"Organization\",\"@id\":\"https:\\\/\\\/infos-droitshumains.net\\\/#organization\",\"name\":\"Infos Droits Humains\",\"url\":\"https:\\\/\\\/infos-droitshumains.net\\\/\",\"logo\":{\"@type\":\"ImageObject\",\"inLanguage\":\"fr-FR\",\"@id\":\"https:\\\/\\\/infos-droitshumains.net\\\/#\\\/schema\\\/logo\\\/image\\\/\",\"url\":\"https:\\\/\\\/i0.wp.com\\\/infos-droitshumains.net\\\/wp-content\\\/uploads\\\/2022\\\/05\\\/Logo.png?fit=333%2C129&ssl=1\",\"contentUrl\":\"https:\\\/\\\/i0.wp.com\\\/infos-droitshumains.net\\\/wp-content\\\/uploads\\\/2022\\\/05\\\/Logo.png?fit=333%2C129&ssl=1\",\"width\":333,\"height\":129,\"caption\":\"Infos Droits Humains\"},\"image\":{\"@id\":\"https:\\\/\\\/infos-droitshumains.net\\\/#\\\/schema\\\/logo\\\/image\\\/\"}},{\"@type\":\"Person\",\"@id\":\"https:\\\/\\\/infos-droitshumains.net\\\/#\\\/schema\\\/person\\\/3dc5e921c3302172e0ed4362f96faab7\",\"name\":\"Jo\u00ebl Diawa\",\"image\":{\"@type\":\"ImageObject\",\"inLanguage\":\"fr-FR\",\"@id\":\"https:\\\/\\\/secure.gravatar.com\\\/avatar\\\/729bea6ff4604c624417803c477363be8e3c7186deaa65713313f9b4b820f41c?s=96&d=mm&r=g\",\"url\":\"https:\\\/\\\/secure.gravatar.com\\\/avatar\\\/729bea6ff4604c624417803c477363be8e3c7186deaa65713313f9b4b820f41c?s=96&d=mm&r=g\",\"contentUrl\":\"https:\\\/\\\/secure.gravatar.com\\\/avatar\\\/729bea6ff4604c624417803c477363be8e3c7186deaa65713313f9b4b820f41c?s=96&d=mm&r=g\",\"caption\":\"Jo\u00ebl Diawa\"},\"sameAs\":[\"https:\\\/\\\/www.infos-droitshumains.net\"],\"url\":\"https:\\\/\\\/infos-droitshumains.net\\\/?author=2\"}]}<\/script>\n<!-- \/ Yoast SEO plugin. -->","yoast_head_json":{"title":"Journ\u00e9e Nationale du barreau :Le b\u00e2tonnier Jean-Claude Mbaki invite tous les avocats de Kinshasa d\u2019y prendre part - Infos Droits Humains","robots":{"index":"index","follow":"follow","max-snippet":"max-snippet:-1","max-image-preview":"max-image-preview:large","max-video-preview":"max-video-preview:-1"},"canonical":"https:\/\/infos-droitshumains.net\/?p=4552","og_locale":"fr_FR","og_type":"article","og_title":"Journ\u00e9e Nationale du barreau :Le b\u00e2tonnier Jean-Claude Mbaki invite tous les avocats de Kinshasa d\u2019y prendre part - Infos Droits Humains","og_description":"R\u00e9daction:+243817406088 La R\u00e9publique D\u00e9mocratique du Congo va c\u00e9l\u00e9brer le 10 juillet prochain la journ\u00e9e nationale...","og_url":"https:\/\/infos-droitshumains.net\/?p=4552","og_site_name":"Infos Droits Humains","article_published_time":"2022-07-06T13:20:11+00:00","article_modified_time":"2022-07-06T13:23:32+00:00","og_image":[{"width":1080,"height":720,"url":"https:\/\/i0.wp.com\/infos-droitshumains.net\/wp-content\/uploads\/2022\/07\/01-b_1.jpg?fit=1080%2C720&ssl=1","type":"image\/jpeg"}],"author":"Jo\u00ebl Diawa","twitter_card":"summary_large_image","twitter_misc":{"\u00c9crit par":"Jo\u00ebl Diawa","Dur\u00e9e de lecture estim\u00e9e":"2 minutes"},"schema":{"@context":"https:\/\/schema.org","@graph":[{"@type":"Article","@id":"https:\/\/infos-droitshumains.net\/?p=4552#article","isPartOf":{"@id":"https:\/\/infos-droitshumains.net\/?p=4552"},"author":{"name":"Jo\u00ebl Diawa","@id":"https:\/\/infos-droitshumains.net\/#\/schema\/person\/3dc5e921c3302172e0ed4362f96faab7"},"headline":"Journ\u00e9e Nationale du barreau :Le b\u00e2tonnier Jean-Claude Mbaki invite tous les avocats de Kinshasa d\u2019y prendre part","datePublished":"2022-07-06T13:20:11+00:00","dateModified":"2022-07-06T13:23:32+00:00","mainEntityOfPage":{"@id":"https:\/\/infos-droitshumains.net\/?p=4552"},"wordCount":509,"commentCount":0,"publisher":{"@id":"https:\/\/infos-droitshumains.net\/#organization"},"image":{"@id":"https:\/\/infos-droitshumains.net\/?p=4552#primaryimage"},"thumbnailUrl":"https:\/\/i0.wp.com\/infos-droitshumains.net\/wp-content\/uploads\/2022\/07\/01-b_1.jpg?fit=1080%2C720&ssl=1","articleSection":["Justice"],"inLanguage":"fr-FR","potentialAction":[{"@type":"CommentAction","name":"Comment","target":["https:\/\/infos-droitshumains.net\/?p=4552#respond"]}]},{"@type":"WebPage","@id":"https:\/\/infos-droitshumains.net\/?p=4552","url":"https:\/\/infos-droitshumains.net\/?p=4552","name":"Journ\u00e9e Nationale du barreau :Le b\u00e2tonnier Jean-Claude Mbaki invite tous les avocats de Kinshasa d\u2019y prendre part - Infos Droits Humains","isPartOf":{"@id":"https:\/\/infos-droitshumains.net\/#website"},"primaryImageOfPage":{"@id":"https:\/\/infos-droitshumains.net\/?p=4552#primaryimage"},"image":{"@id":"https:\/\/infos-droitshumains.net\/?p=4552#primaryimage"},"thumbnailUrl":"https:\/\/i0.wp.com\/infos-droitshumains.net\/wp-content\/uploads\/2022\/07\/01-b_1.jpg?fit=1080%2C720&ssl=1","datePublished":"2022-07-06T13:20:11+00:00","dateModified":"2022-07-06T13:23:32+00:00","breadcrumb":{"@id":"https:\/\/infos-droitshumains.net\/?p=4552#breadcrumb"},"inLanguage":"fr-FR","potentialAction":[{"@type":"ReadAction","target":["https:\/\/infos-droitshumains.net\/?p=4552"]}]},{"@type":"ImageObject","inLanguage":"fr-FR","@id":"https:\/\/infos-droitshumains.net\/?p=4552#primaryimage","url":"https:\/\/i0.wp.com\/infos-droitshumains.net\/wp-content\/uploads\/2022\/07\/01-b_1.jpg?fit=1080%2C720&ssl=1","contentUrl":"https:\/\/i0.wp.com\/infos-droitshumains.net\/wp-content\/uploads\/2022\/07\/01-b_1.jpg?fit=1080%2C720&ssl=1","width":1080,"height":720},{"@type":"BreadcrumbList","@id":"https:\/\/infos-droitshumains.net\/?p=4552#breadcrumb","itemListElement":[{"@type":"ListItem","position":1,"name":"Accueil","item":"https:\/\/infos-droitshumains.net\/"},{"@type":"ListItem","position":2,"name":"Journ\u00e9e Nationale du barreau :Le b\u00e2tonnier Jean-Claude Mbaki invite tous les avocats de Kinshasa d\u2019y prendre part"}]},{"@type":"WebSite","@id":"https:\/\/infos-droitshumains.net\/#website","url":"https:\/\/infos-droitshumains.net\/","name":"Infos Droits Humains","description":"S&#039;informer est un droit","publisher":{"@id":"https:\/\/infos-droitshumains.net\/#organization"},"potentialAction":[{"@type":"SearchAction","target":{"@type":"EntryPoint","urlTemplate":"https:\/\/infos-droitshumains.net\/?s={search_term_string}"},"query-input":{"@type":"PropertyValueSpecification","valueRequired":true,"valueName":"search_term_string"}}],"inLanguage":"fr-FR"},{"@type":"Organization","@id":"https:\/\/infos-droitshumains.net\/#organization","name":"Infos Droits Humains","url":"https:\/\/infos-droitshumains.net\/","logo":{"@type":"ImageObject","inLanguage":"fr-FR","@id":"https:\/\/infos-droitshumains.net\/#\/schema\/logo\/image\/","url":"https:\/\/i0.wp.com\/infos-droitshumains.net\/wp-content\/uploads\/2022\/05\/Logo.png?fit=333%2C129&ssl=1","contentUrl":"https:\/\/i0.wp.com\/infos-droitshumains.net\/wp-content\/uploads\/2022\/05\/Logo.png?fit=333%2C129&ssl=1","width":333,"height":129,"caption":"Infos Droits Humains"},"image":{"@id":"https:\/\/infos-droitshumains.net\/#\/schema\/logo\/image\/"}},{"@type":"Person","@id":"https:\/\/infos-droitshumains.net\/#\/schema\/person\/3dc5e921c3302172e0ed4362f96faab7","name":"Jo\u00ebl Diawa","image":{"@type":"ImageObject","inLanguage":"fr-FR","@id":"https:\/\/secure.gravatar.com\/avatar\/729bea6ff4604c624417803c477363be8e3c7186deaa65713313f9b4b820f41c?s=96&d=mm&r=g","url":"https:\/\/secure.gravatar.com\/avatar\/729bea6ff4604c624417803c477363be8e3c7186deaa65713313f9b4b820f41c?s=96&d=mm&r=g","contentUrl":"https:\/\/secure.gravatar.com\/avatar\/729bea6ff4604c624417803c477363be8e3c7186deaa65713313f9b4b820f41c?s=96&d=mm&r=g","caption":"Jo\u00ebl Diawa"},"sameAs":["https:\/\/www.infos-droitshumains.net"],"url":"https:\/\/infos-droitshumains.net\/?author=2"}]}},"featured_image_urls":{"full":["https:\/\/i0.wp.com\/infos-droitshumains.net\/wp-content\/uploads\/2022\/07\/01-b_1.jpg?fit=1080%2C720&ssl=1",1080,720,false],"thumbnail":["https:\/\/i0.wp.com\/infos-droitshumains.net\/wp-content\/uploads\/2022\/07\/01-b_1.jpg?resize=150%2C150&ssl=1",150,150,true],"medium":["https:\/\/i0.wp.com\/infos-droitshumains.net\/wp-content\/uploads\/2022\/07\/01-b_1.jpg?fit=300%2C200&ssl=1",300,200,true],"medium_large":["https:\/\/i0.wp.com\/infos-droitshumains.net\/wp-content\/uploads\/2022\/07\/01-b_1.jpg?fit=640%2C427&ssl=1",640,427,true],"large":["https:\/\/i0.wp.com\/infos-droitshumains.net\/wp-content\/uploads\/2022\/07\/01-b_1.jpg?fit=640%2C427&ssl=1",640,427,true],"1536x1536":["https:\/\/i0.wp.com\/infos-droitshumains.net\/wp-content\/uploads\/2022\/07\/01-b_1.jpg?fit=1080%2C720&ssl=1",1080,720,true],"2048x2048":["https:\/\/i0.wp.com\/infos-droitshumains.net\/wp-content\/uploads\/2022\/07\/01-b_1.jpg?fit=1080%2C720&ssl=1",1080,720,true],"covernews-slider-full":["https:\/\/i0.wp.com\/infos-droitshumains.net\/wp-content\/uploads\/2022\/07\/01-b_1.jpg?resize=1080%2C715&ssl=1",1080,715,true],"covernews-slider-center":["https:\/\/i0.wp.com\/infos-droitshumains.net\/wp-content\/uploads\/2022\/07\/01-b_1.jpg?resize=800%2C500&ssl=1",800,500,true],"covernews-featured":["https:\/\/i0.wp.com\/infos-droitshumains.net\/wp-content\/uploads\/2022\/07\/01-b_1.jpg?fit=1024%2C683&ssl=1",1024,683,true],"covernews-medium":["https:\/\/i0.wp.com\/infos-droitshumains.net\/wp-content\/uploads\/2022\/07\/01-b_1.jpg?resize=540%2C340&ssl=1",540,340,true],"covernews-medium-square":["https:\/\/i0.wp.com\/infos-droitshumains.net\/wp-content\/uploads\/2022\/07\/01-b_1.jpg?resize=400%2C250&ssl=1",400,250,true]},"author_info":{"display_name":"Jo\u00ebl Diawa","author_link":"https:\/\/infos-droitshumains.net\/?author=2"},"category_info":"<a href=\"https:\/\/infos-droitshumains.net\/?cat=6\" rel=\"category\">Justice<\/a>","tag_info":"Justice","comment_count":"0","jetpack_featured_media_url":"https:\/\/i0.wp.com\/infos-droitshumains.net\/wp-content\/uploads\/2022\/07\/01-b_1.jpg?fit=1080%2C720&ssl=1","jetpack-related-posts":[],"jetpack_sharing_enabled":true,"_links":{"self":[{"href":"https:\/\/infos-droitshumains.net\/index.php?rest_route=\/wp\/v2\/posts\/4552","targetHints":{"allow":["GET"]}}],"collection":[{"href":"https:\/\/infos-droitshumains.net\/index.php?rest_route=\/wp\/v2\/posts"}],"about":[{"href":"https:\/\/infos-droitshumains.net\/index.php?rest_route=\/wp\/v2\/types\/post"}],"author":[{"embeddable":true,"href":"https:\/\/infos-droitshumains.net\/index.php?rest_route=\/wp\/v2\/users\/2"}],"replies":[{"embeddable":true,"href":"https:\/\/infos-droitshumains.net\/index.php?rest_route=%2Fwp%2Fv2%2Fcomments&post=4552"}],"version-history":[{"count":2,"href":"https:\/\/infos-droitshumains.net\/index.php?rest_route=\/wp\/v2\/posts\/4552\/revisions"}],"predecessor-version":[{"id":4554,"href":"https:\/\/infos-droitshumains.net\/index.php?rest_route=\/wp\/v2\/posts\/4552\/revisions\/4554"}],"wp:featuredmedia":[{"embeddable":true,"href":"https:\/\/infos-droitshumains.net\/index.php?rest_route=\/wp\/v2\/media\/4555"}],"wp:attachment":[{"href":"https:\/\/infos-droitshumains.net\/index.php?rest_route=%2Fwp%2Fv2%2Fmedia&parent=4552"}],"wp:term":[{"taxonomy":"category","embeddable":true,"href":"https:\/\/infos-droitshumains.net\/index.php?rest_route=%2Fwp%2Fv2%2Fcategories&post=4552"},{"taxonomy":"post_tag","embeddable":true,"href":"https:\/\/infos-droitshumains.net\/index.php?rest_route=%2Fwp%2Fv2%2Ftags&post=4552"}],"curies":[{"name":"wp","href":"https:\/\/api.w.org\/{rel}","templated":true}]}}