{"id":4511,"date":"2022-06-30T14:25:40","date_gmt":"2022-06-30T12:25:40","guid":{"rendered":"https:\/\/infos-droitshumains.net\/?p=4511"},"modified":"2022-06-30T14:45:55","modified_gmt":"2022-06-30T12:45:55","slug":"rdc-le-vice-ministre-de-la-justice-presente-un-plan-pluriannuel-de-mise-en-oeuvre-de-la-reforme-penitentiaire","status":"publish","type":"post","link":"https:\/\/infos-droitshumains.net\/?p=4511","title":{"rendered":"RDC : Le vice-ministre de la justice pr\u00e9sente un plan pluriannuel de mise en \u0153uvre de la r\u00e9forme p\u00e9nitentiaire"},"content":{"rendered":"\n<p><strong>R\u00e9daction:+243817406088<\/strong><\/p>\n\n\n\n<p>Durant deux jours, les partenaires de la justice congolaise ont r\u00e9fl\u00e9chi sur comment doter le pays d\u2019un plan de la mise en \u0153uvre de la r\u00e9forme p\u00e9nitentiaire. C\u2019\u00e9tait au cours d\u2019un atelier ouvert le mardi 28 juin \u00e0 Kinshasa par Amato Bayubasire, vice-ministre de la justice et garde des sceaux.<br><em>\u00ab Le pr\u00e9sent atelier vise l\u2019\u00e9laboration d\u2019un plan pluriannuel de mise en \u0153uvre de la r\u00e9forme p\u00e9nitentiaire et permettra au minist\u00e8re de disposer d\u2019un outil de planification efficace et efficient pour une mise en \u0153uvre r\u00e9ussie de cette r\u00e9forme \u00bb,<\/em> a dit Amato Bayubasire Mirindi.<\/p>\n\n\n\n<figure class=\"wp-block-image alignfull size-full\"><img data-recalc-dims=\"1\" fetchpriority=\"high\" decoding=\"async\" width=\"640\" height=\"352\" src=\"https:\/\/i0.wp.com\/infos-droitshumains.net\/wp-content\/uploads\/2022\/06\/IMG-20220630-WA0002_1.jpg?resize=640%2C352&#038;ssl=1\" alt=\"\" class=\"wp-image-4516\" srcset=\"https:\/\/i0.wp.com\/infos-droitshumains.net\/wp-content\/uploads\/2022\/06\/IMG-20220630-WA0002_1.jpg?w=640&amp;ssl=1 640w, https:\/\/i0.wp.com\/infos-droitshumains.net\/wp-content\/uploads\/2022\/06\/IMG-20220630-WA0002_1.jpg?resize=300%2C165&amp;ssl=1 300w\" sizes=\"(max-width: 640px) 100vw, 640px\" \/><\/figure>\n\n\n\n<p>Le vice-ministre de la justice et garde des sceaux a, par la m\u00eame occasion, indiqu\u00e9 que la r\u00e9forme p\u00e9nitentiaire vis\u00e9e au travers cet atelier figure parmi les priorit\u00e9s du mandat du chef de l&rsquo;\u00c9tat.<\/p>\n\n\n\n<p><em>\u00ab J\u2019ai bon espoir que mes coll\u00e8gues membres de cette commission adopteront ces projets de texte en vue de nous accompagner dans la mise en \u0153uvre de la vision du chef de l\u2019\u00c9tat qui a inscrit la modernisation du syst\u00e8me p\u00e9nitentiaire parmi les priorit\u00e9s de son mandat \u00bb.<\/em><\/p>\n\n\n\n<p>La Monusco est l&rsquo;une des partenaires de la RDC dans la r\u00e9forme des \u00e9tablissements p\u00e9nitentiaires. Son implication entre dans le cadre de son mandat renouvel\u00e9 en 2021. Elle s\u2019y est engag\u00e9 apr\u00e8s un constat d\u00e9solant des lieux carc\u00e9raux congolais.<\/p>\n\n\n\n<p><em>\u00ab Le diagnostic de nos experts d\u00e9montre que le syst\u00e8me p\u00e9nitentiaire dans ce pays n\u00e9cessite une r\u00e9forme profonde aussi bien structurelle qu\u2019institutionnelle pour permettre aux \u00e9tablissements p\u00e9nitentiaires de garantir un traitement ad\u00e9quat de d\u00e9tenus<\/em> \u00bb, a soulign\u00e9 Marco Kalbusch, chef du bureau int\u00e9gr\u00e9 de l&rsquo;unit\u00e9 d&rsquo;appui \u00e0 l&rsquo;administration p\u00e9nitentiaire de la Monusco.<\/p>\n\n\n\n<figure class=\"wp-block-image alignfull size-full\"><img data-recalc-dims=\"1\" decoding=\"async\" width=\"640\" height=\"352\" src=\"https:\/\/i0.wp.com\/infos-droitshumains.net\/wp-content\/uploads\/2022\/06\/IMG-20220630-WA0001_1.jpg?resize=640%2C352&#038;ssl=1\" alt=\"\" class=\"wp-image-4518\" srcset=\"https:\/\/i0.wp.com\/infos-droitshumains.net\/wp-content\/uploads\/2022\/06\/IMG-20220630-WA0001_1.jpg?w=640&amp;ssl=1 640w, https:\/\/i0.wp.com\/infos-droitshumains.net\/wp-content\/uploads\/2022\/06\/IMG-20220630-WA0001_1.jpg?resize=300%2C165&amp;ssl=1 300w\" sizes=\"(max-width: 640px) 100vw, 640px\" \/><\/figure>\n\n\n\n<p>Cet atelier intervient apr\u00e8s le diagnostic tr\u00e8s peu reluisant du syst\u00e8me p\u00e9nitentiaire pos\u00e9 en 2015 lors des \u00e9tats g\u00e9n\u00e9raux de la justice. Il a connu la participation des acteurs des minist\u00e8res de la justice et garde des sceaux, de la d\u00e9fense, de la fonction publique et du budget.<\/p>\n\n\n\n<p>AM<\/p>\n","protected":false},"excerpt":{"rendered":"<p>R\u00e9daction:+243817406088 Durant deux jours, les partenaires de la justice congolaise ont r\u00e9fl\u00e9chi sur comment doter&#8230;<\/p>\n","protected":false},"author":2,"featured_media":4514,"comment_status":"open","ping_status":"open","sticky":false,"template":"","format":"standard","meta":{"_jetpack_memberships_contains_paid_content":false,"footnotes":""},"categories":[6],"tags":[],"class_list":["post-4511","post","type-post","status-publish","format-standard","has-post-thumbnail","hentry","category-justice"],"yoast_head":"<!-- This site is optimized with the Yoast SEO plugin v27.5 - https:\/\/yoast.com\/product\/yoast-seo-wordpress\/ -->\n<title>RDC : Le vice-ministre de la justice pr\u00e9sente un plan pluriannuel de mise en \u0153uvre de la r\u00e9forme p\u00e9nitentiaire - Infos Droits Humains<\/title>\n<meta name=\"robots\" content=\"index, follow, max-snippet:-1, max-image-preview:large, max-video-preview:-1\" \/>\n<link rel=\"canonical\" href=\"https:\/\/infos-droitshumains.net\/?p=4511\" \/>\n<meta property=\"og:locale\" content=\"fr_FR\" \/>\n<meta property=\"og:type\" content=\"article\" \/>\n<meta property=\"og:title\" content=\"RDC : Le vice-ministre de la justice pr\u00e9sente un plan pluriannuel de mise en \u0153uvre de la r\u00e9forme p\u00e9nitentiaire - Infos Droits Humains\" \/>\n<meta property=\"og:description\" content=\"R\u00e9daction:+243817406088 Durant deux jours, les partenaires de la justice congolaise ont r\u00e9fl\u00e9chi sur comment doter...\" \/>\n<meta property=\"og:url\" content=\"https:\/\/infos-droitshumains.net\/?p=4511\" \/>\n<meta property=\"og:site_name\" content=\"Infos Droits Humains\" \/>\n<meta property=\"article:published_time\" content=\"2022-06-30T12:25:40+00:00\" \/>\n<meta property=\"article:modified_time\" content=\"2022-06-30T12:45:55+00:00\" \/>\n<meta property=\"og:image\" content=\"https:\/\/i0.wp.com\/infos-droitshumains.net\/wp-content\/uploads\/2022\/06\/IMG-20220630-WA0003_1.jpg?fit=640%2C352&ssl=1\" \/>\n\t<meta property=\"og:image:width\" content=\"640\" \/>\n\t<meta property=\"og:image:height\" content=\"352\" \/>\n\t<meta property=\"og:image:type\" content=\"image\/jpeg\" \/>\n<meta name=\"author\" content=\"Jo\u00ebl Diawa\" \/>\n<meta name=\"twitter:card\" content=\"summary_large_image\" \/>\n<meta name=\"twitter:label1\" content=\"\u00c9crit par\" \/>\n\t<meta name=\"twitter:data1\" content=\"Jo\u00ebl Diawa\" \/>\n\t<meta name=\"twitter:label2\" content=\"Dur\u00e9e de lecture estim\u00e9e\" \/>\n\t<meta name=\"twitter:data2\" content=\"2 minutes\" \/>\n<script type=\"application\/ld+json\" class=\"yoast-schema-graph\">{\"@context\":\"https:\\\/\\\/schema.org\",\"@graph\":[{\"@type\":\"Article\",\"@id\":\"https:\\\/\\\/infos-droitshumains.net\\\/?p=4511#article\",\"isPartOf\":{\"@id\":\"https:\\\/\\\/infos-droitshumains.net\\\/?p=4511\"},\"author\":{\"name\":\"Jo\u00ebl Diawa\",\"@id\":\"https:\\\/\\\/infos-droitshumains.net\\\/#\\\/schema\\\/person\\\/3dc5e921c3302172e0ed4362f96faab7\"},\"headline\":\"RDC : Le vice-ministre de la justice pr\u00e9sente un plan pluriannuel de mise en \u0153uvre de la r\u00e9forme p\u00e9nitentiaire\",\"datePublished\":\"2022-06-30T12:25:40+00:00\",\"dateModified\":\"2022-06-30T12:45:55+00:00\",\"mainEntityOfPage\":{\"@id\":\"https:\\\/\\\/infos-droitshumains.net\\\/?p=4511\"},\"wordCount\":382,\"commentCount\":0,\"publisher\":{\"@id\":\"https:\\\/\\\/infos-droitshumains.net\\\/#organization\"},\"image\":{\"@id\":\"https:\\\/\\\/infos-droitshumains.net\\\/?p=4511#primaryimage\"},\"thumbnailUrl\":\"https:\\\/\\\/i0.wp.com\\\/infos-droitshumains.net\\\/wp-content\\\/uploads\\\/2022\\\/06\\\/IMG-20220630-WA0003_1.jpg?fit=640%2C352&ssl=1\",\"articleSection\":[\"Justice\"],\"inLanguage\":\"fr-FR\",\"potentialAction\":[{\"@type\":\"CommentAction\",\"name\":\"Comment\",\"target\":[\"https:\\\/\\\/infos-droitshumains.net\\\/?p=4511#respond\"]}]},{\"@type\":\"WebPage\",\"@id\":\"https:\\\/\\\/infos-droitshumains.net\\\/?p=4511\",\"url\":\"https:\\\/\\\/infos-droitshumains.net\\\/?p=4511\",\"name\":\"RDC : Le vice-ministre de la justice pr\u00e9sente un plan pluriannuel de mise en \u0153uvre de la r\u00e9forme p\u00e9nitentiaire - Infos Droits Humains\",\"isPartOf\":{\"@id\":\"https:\\\/\\\/infos-droitshumains.net\\\/#website\"},\"primaryImageOfPage\":{\"@id\":\"https:\\\/\\\/infos-droitshumains.net\\\/?p=4511#primaryimage\"},\"image\":{\"@id\":\"https:\\\/\\\/infos-droitshumains.net\\\/?p=4511#primaryimage\"},\"thumbnailUrl\":\"https:\\\/\\\/i0.wp.com\\\/infos-droitshumains.net\\\/wp-content\\\/uploads\\\/2022\\\/06\\\/IMG-20220630-WA0003_1.jpg?fit=640%2C352&ssl=1\",\"datePublished\":\"2022-06-30T12:25:40+00:00\",\"dateModified\":\"2022-06-30T12:45:55+00:00\",\"breadcrumb\":{\"@id\":\"https:\\\/\\\/infos-droitshumains.net\\\/?p=4511#breadcrumb\"},\"inLanguage\":\"fr-FR\",\"potentialAction\":[{\"@type\":\"ReadAction\",\"target\":[\"https:\\\/\\\/infos-droitshumains.net\\\/?p=4511\"]}]},{\"@type\":\"ImageObject\",\"inLanguage\":\"fr-FR\",\"@id\":\"https:\\\/\\\/infos-droitshumains.net\\\/?p=4511#primaryimage\",\"url\":\"https:\\\/\\\/i0.wp.com\\\/infos-droitshumains.net\\\/wp-content\\\/uploads\\\/2022\\\/06\\\/IMG-20220630-WA0003_1.jpg?fit=640%2C352&ssl=1\",\"contentUrl\":\"https:\\\/\\\/i0.wp.com\\\/infos-droitshumains.net\\\/wp-content\\\/uploads\\\/2022\\\/06\\\/IMG-20220630-WA0003_1.jpg?fit=640%2C352&ssl=1\",\"width\":640,\"height\":352},{\"@type\":\"BreadcrumbList\",\"@id\":\"https:\\\/\\\/infos-droitshumains.net\\\/?p=4511#breadcrumb\",\"itemListElement\":[{\"@type\":\"ListItem\",\"position\":1,\"name\":\"Accueil\",\"item\":\"https:\\\/\\\/infos-droitshumains.net\\\/\"},{\"@type\":\"ListItem\",\"position\":2,\"name\":\"RDC : Le vice-ministre de la justice pr\u00e9sente un plan pluriannuel de mise en \u0153uvre de la r\u00e9forme p\u00e9nitentiaire\"}]},{\"@type\":\"WebSite\",\"@id\":\"https:\\\/\\\/infos-droitshumains.net\\\/#website\",\"url\":\"https:\\\/\\\/infos-droitshumains.net\\\/\",\"name\":\"Infos Droits Humains\",\"description\":\"S&#039;informer est un droit\",\"publisher\":{\"@id\":\"https:\\\/\\\/infos-droitshumains.net\\\/#organization\"},\"potentialAction\":[{\"@type\":\"SearchAction\",\"target\":{\"@type\":\"EntryPoint\",\"urlTemplate\":\"https:\\\/\\\/infos-droitshumains.net\\\/?s={search_term_string}\"},\"query-input\":{\"@type\":\"PropertyValueSpecification\",\"valueRequired\":true,\"valueName\":\"search_term_string\"}}],\"inLanguage\":\"fr-FR\"},{\"@type\":\"Organization\",\"@id\":\"https:\\\/\\\/infos-droitshumains.net\\\/#organization\",\"name\":\"Infos Droits Humains\",\"url\":\"https:\\\/\\\/infos-droitshumains.net\\\/\",\"logo\":{\"@type\":\"ImageObject\",\"inLanguage\":\"fr-FR\",\"@id\":\"https:\\\/\\\/infos-droitshumains.net\\\/#\\\/schema\\\/logo\\\/image\\\/\",\"url\":\"https:\\\/\\\/i0.wp.com\\\/infos-droitshumains.net\\\/wp-content\\\/uploads\\\/2022\\\/05\\\/Logo.png?fit=333%2C129&ssl=1\",\"contentUrl\":\"https:\\\/\\\/i0.wp.com\\\/infos-droitshumains.net\\\/wp-content\\\/uploads\\\/2022\\\/05\\\/Logo.png?fit=333%2C129&ssl=1\",\"width\":333,\"height\":129,\"caption\":\"Infos Droits Humains\"},\"image\":{\"@id\":\"https:\\\/\\\/infos-droitshumains.net\\\/#\\\/schema\\\/logo\\\/image\\\/\"}},{\"@type\":\"Person\",\"@id\":\"https:\\\/\\\/infos-droitshumains.net\\\/#\\\/schema\\\/person\\\/3dc5e921c3302172e0ed4362f96faab7\",\"name\":\"Jo\u00ebl Diawa\",\"image\":{\"@type\":\"ImageObject\",\"inLanguage\":\"fr-FR\",\"@id\":\"https:\\\/\\\/secure.gravatar.com\\\/avatar\\\/729bea6ff4604c624417803c477363be8e3c7186deaa65713313f9b4b820f41c?s=96&d=mm&r=g\",\"url\":\"https:\\\/\\\/secure.gravatar.com\\\/avatar\\\/729bea6ff4604c624417803c477363be8e3c7186deaa65713313f9b4b820f41c?s=96&d=mm&r=g\",\"contentUrl\":\"https:\\\/\\\/secure.gravatar.com\\\/avatar\\\/729bea6ff4604c624417803c477363be8e3c7186deaa65713313f9b4b820f41c?s=96&d=mm&r=g\",\"caption\":\"Jo\u00ebl Diawa\"},\"sameAs\":[\"https:\\\/\\\/www.infos-droitshumains.net\"],\"url\":\"https:\\\/\\\/infos-droitshumains.net\\\/?author=2\"}]}<\/script>\n<!-- \/ Yoast SEO plugin. -->","yoast_head_json":{"title":"RDC : Le vice-ministre de la justice pr\u00e9sente un plan pluriannuel de mise en \u0153uvre de la r\u00e9forme p\u00e9nitentiaire - Infos Droits Humains","robots":{"index":"index","follow":"follow","max-snippet":"max-snippet:-1","max-image-preview":"max-image-preview:large","max-video-preview":"max-video-preview:-1"},"canonical":"https:\/\/infos-droitshumains.net\/?p=4511","og_locale":"fr_FR","og_type":"article","og_title":"RDC : Le vice-ministre de la justice pr\u00e9sente un plan pluriannuel de mise en \u0153uvre de la r\u00e9forme p\u00e9nitentiaire - Infos Droits Humains","og_description":"R\u00e9daction:+243817406088 Durant deux jours, les partenaires de la justice congolaise ont r\u00e9fl\u00e9chi sur comment doter...","og_url":"https:\/\/infos-droitshumains.net\/?p=4511","og_site_name":"Infos Droits Humains","article_published_time":"2022-06-30T12:25:40+00:00","article_modified_time":"2022-06-30T12:45:55+00:00","og_image":[{"width":640,"height":352,"url":"https:\/\/i0.wp.com\/infos-droitshumains.net\/wp-content\/uploads\/2022\/06\/IMG-20220630-WA0003_1.jpg?fit=640%2C352&ssl=1","type":"image\/jpeg"}],"author":"Jo\u00ebl Diawa","twitter_card":"summary_large_image","twitter_misc":{"\u00c9crit par":"Jo\u00ebl Diawa","Dur\u00e9e de lecture estim\u00e9e":"2 minutes"},"schema":{"@context":"https:\/\/schema.org","@graph":[{"@type":"Article","@id":"https:\/\/infos-droitshumains.net\/?p=4511#article","isPartOf":{"@id":"https:\/\/infos-droitshumains.net\/?p=4511"},"author":{"name":"Jo\u00ebl Diawa","@id":"https:\/\/infos-droitshumains.net\/#\/schema\/person\/3dc5e921c3302172e0ed4362f96faab7"},"headline":"RDC : Le vice-ministre de la justice pr\u00e9sente un plan pluriannuel de mise en \u0153uvre de la r\u00e9forme p\u00e9nitentiaire","datePublished":"2022-06-30T12:25:40+00:00","dateModified":"2022-06-30T12:45:55+00:00","mainEntityOfPage":{"@id":"https:\/\/infos-droitshumains.net\/?p=4511"},"wordCount":382,"commentCount":0,"publisher":{"@id":"https:\/\/infos-droitshumains.net\/#organization"},"image":{"@id":"https:\/\/infos-droitshumains.net\/?p=4511#primaryimage"},"thumbnailUrl":"https:\/\/i0.wp.com\/infos-droitshumains.net\/wp-content\/uploads\/2022\/06\/IMG-20220630-WA0003_1.jpg?fit=640%2C352&ssl=1","articleSection":["Justice"],"inLanguage":"fr-FR","potentialAction":[{"@type":"CommentAction","name":"Comment","target":["https:\/\/infos-droitshumains.net\/?p=4511#respond"]}]},{"@type":"WebPage","@id":"https:\/\/infos-droitshumains.net\/?p=4511","url":"https:\/\/infos-droitshumains.net\/?p=4511","name":"RDC : Le vice-ministre de la justice pr\u00e9sente un plan pluriannuel de mise en \u0153uvre de la r\u00e9forme p\u00e9nitentiaire - Infos Droits Humains","isPartOf":{"@id":"https:\/\/infos-droitshumains.net\/#website"},"primaryImageOfPage":{"@id":"https:\/\/infos-droitshumains.net\/?p=4511#primaryimage"},"image":{"@id":"https:\/\/infos-droitshumains.net\/?p=4511#primaryimage"},"thumbnailUrl":"https:\/\/i0.wp.com\/infos-droitshumains.net\/wp-content\/uploads\/2022\/06\/IMG-20220630-WA0003_1.jpg?fit=640%2C352&ssl=1","datePublished":"2022-06-30T12:25:40+00:00","dateModified":"2022-06-30T12:45:55+00:00","breadcrumb":{"@id":"https:\/\/infos-droitshumains.net\/?p=4511#breadcrumb"},"inLanguage":"fr-FR","potentialAction":[{"@type":"ReadAction","target":["https:\/\/infos-droitshumains.net\/?p=4511"]}]},{"@type":"ImageObject","inLanguage":"fr-FR","@id":"https:\/\/infos-droitshumains.net\/?p=4511#primaryimage","url":"https:\/\/i0.wp.com\/infos-droitshumains.net\/wp-content\/uploads\/2022\/06\/IMG-20220630-WA0003_1.jpg?fit=640%2C352&ssl=1","contentUrl":"https:\/\/i0.wp.com\/infos-droitshumains.net\/wp-content\/uploads\/2022\/06\/IMG-20220630-WA0003_1.jpg?fit=640%2C352&ssl=1","width":640,"height":352},{"@type":"BreadcrumbList","@id":"https:\/\/infos-droitshumains.net\/?p=4511#breadcrumb","itemListElement":[{"@type":"ListItem","position":1,"name":"Accueil","item":"https:\/\/infos-droitshumains.net\/"},{"@type":"ListItem","position":2,"name":"RDC : Le vice-ministre de la justice pr\u00e9sente un plan pluriannuel de mise en \u0153uvre de la r\u00e9forme p\u00e9nitentiaire"}]},{"@type":"WebSite","@id":"https:\/\/infos-droitshumains.net\/#website","url":"https:\/\/infos-droitshumains.net\/","name":"Infos Droits Humains","description":"S&#039;informer est un droit","publisher":{"@id":"https:\/\/infos-droitshumains.net\/#organization"},"potentialAction":[{"@type":"SearchAction","target":{"@type":"EntryPoint","urlTemplate":"https:\/\/infos-droitshumains.net\/?s={search_term_string}"},"query-input":{"@type":"PropertyValueSpecification","valueRequired":true,"valueName":"search_term_string"}}],"inLanguage":"fr-FR"},{"@type":"Organization","@id":"https:\/\/infos-droitshumains.net\/#organization","name":"Infos Droits Humains","url":"https:\/\/infos-droitshumains.net\/","logo":{"@type":"ImageObject","inLanguage":"fr-FR","@id":"https:\/\/infos-droitshumains.net\/#\/schema\/logo\/image\/","url":"https:\/\/i0.wp.com\/infos-droitshumains.net\/wp-content\/uploads\/2022\/05\/Logo.png?fit=333%2C129&ssl=1","contentUrl":"https:\/\/i0.wp.com\/infos-droitshumains.net\/wp-content\/uploads\/2022\/05\/Logo.png?fit=333%2C129&ssl=1","width":333,"height":129,"caption":"Infos Droits Humains"},"image":{"@id":"https:\/\/infos-droitshumains.net\/#\/schema\/logo\/image\/"}},{"@type":"Person","@id":"https:\/\/infos-droitshumains.net\/#\/schema\/person\/3dc5e921c3302172e0ed4362f96faab7","name":"Jo\u00ebl Diawa","image":{"@type":"ImageObject","inLanguage":"fr-FR","@id":"https:\/\/secure.gravatar.com\/avatar\/729bea6ff4604c624417803c477363be8e3c7186deaa65713313f9b4b820f41c?s=96&d=mm&r=g","url":"https:\/\/secure.gravatar.com\/avatar\/729bea6ff4604c624417803c477363be8e3c7186deaa65713313f9b4b820f41c?s=96&d=mm&r=g","contentUrl":"https:\/\/secure.gravatar.com\/avatar\/729bea6ff4604c624417803c477363be8e3c7186deaa65713313f9b4b820f41c?s=96&d=mm&r=g","caption":"Jo\u00ebl Diawa"},"sameAs":["https:\/\/www.infos-droitshumains.net"],"url":"https:\/\/infos-droitshumains.net\/?author=2"}]}},"featured_image_urls":{"full":["https:\/\/i0.wp.com\/infos-droitshumains.net\/wp-content\/uploads\/2022\/06\/IMG-20220630-WA0003_1.jpg?fit=640%2C352&ssl=1",640,352,false],"thumbnail":["https:\/\/i0.wp.com\/infos-droitshumains.net\/wp-content\/uploads\/2022\/06\/IMG-20220630-WA0003_1.jpg?resize=150%2C150&ssl=1",150,150,true],"medium":["https:\/\/i0.wp.com\/infos-droitshumains.net\/wp-content\/uploads\/2022\/06\/IMG-20220630-WA0003_1.jpg?fit=300%2C165&ssl=1",300,165,true],"medium_large":["https:\/\/i0.wp.com\/infos-droitshumains.net\/wp-content\/uploads\/2022\/06\/IMG-20220630-WA0003_1.jpg?fit=640%2C352&ssl=1",640,352,true],"large":["https:\/\/i0.wp.com\/infos-droitshumains.net\/wp-content\/uploads\/2022\/06\/IMG-20220630-WA0003_1.jpg?fit=640%2C352&ssl=1",640,352,true],"1536x1536":["https:\/\/i0.wp.com\/infos-droitshumains.net\/wp-content\/uploads\/2022\/06\/IMG-20220630-WA0003_1.jpg?fit=640%2C352&ssl=1",640,352,true],"2048x2048":["https:\/\/i0.wp.com\/infos-droitshumains.net\/wp-content\/uploads\/2022\/06\/IMG-20220630-WA0003_1.jpg?fit=640%2C352&ssl=1",640,352,true],"covernews-slider-full":["https:\/\/i0.wp.com\/infos-droitshumains.net\/wp-content\/uploads\/2022\/06\/IMG-20220630-WA0003_1.jpg?resize=640%2C352&ssl=1",640,352,true],"covernews-slider-center":["https:\/\/i0.wp.com\/infos-droitshumains.net\/wp-content\/uploads\/2022\/06\/IMG-20220630-WA0003_1.jpg?resize=640%2C352&ssl=1",640,352,true],"covernews-featured":["https:\/\/i0.wp.com\/infos-droitshumains.net\/wp-content\/uploads\/2022\/06\/IMG-20220630-WA0003_1.jpg?fit=640%2C352&ssl=1",640,352,true],"covernews-medium":["https:\/\/i0.wp.com\/infos-droitshumains.net\/wp-content\/uploads\/2022\/06\/IMG-20220630-WA0003_1.jpg?resize=540%2C340&ssl=1",540,340,true],"covernews-medium-square":["https:\/\/i0.wp.com\/infos-droitshumains.net\/wp-content\/uploads\/2022\/06\/IMG-20220630-WA0003_1.jpg?resize=400%2C250&ssl=1",400,250,true]},"author_info":{"display_name":"Jo\u00ebl Diawa","author_link":"https:\/\/infos-droitshumains.net\/?author=2"},"category_info":"<a href=\"https:\/\/infos-droitshumains.net\/?cat=6\" rel=\"category\">Justice<\/a>","tag_info":"Justice","comment_count":"0","jetpack_featured_media_url":"https:\/\/i0.wp.com\/infos-droitshumains.net\/wp-content\/uploads\/2022\/06\/IMG-20220630-WA0003_1.jpg?fit=640%2C352&ssl=1","jetpack-related-posts":[],"jetpack_sharing_enabled":true,"_links":{"self":[{"href":"https:\/\/infos-droitshumains.net\/index.php?rest_route=\/wp\/v2\/posts\/4511","targetHints":{"allow":["GET"]}}],"collection":[{"href":"https:\/\/infos-droitshumains.net\/index.php?rest_route=\/wp\/v2\/posts"}],"about":[{"href":"https:\/\/infos-droitshumains.net\/index.php?rest_route=\/wp\/v2\/types\/post"}],"author":[{"embeddable":true,"href":"https:\/\/infos-droitshumains.net\/index.php?rest_route=\/wp\/v2\/users\/2"}],"replies":[{"embeddable":true,"href":"https:\/\/infos-droitshumains.net\/index.php?rest_route=%2Fwp%2Fv2%2Fcomments&post=4511"}],"version-history":[{"count":6,"href":"https:\/\/infos-droitshumains.net\/index.php?rest_route=\/wp\/v2\/posts\/4511\/revisions"}],"predecessor-version":[{"id":4525,"href":"https:\/\/infos-droitshumains.net\/index.php?rest_route=\/wp\/v2\/posts\/4511\/revisions\/4525"}],"wp:featuredmedia":[{"embeddable":true,"href":"https:\/\/infos-droitshumains.net\/index.php?rest_route=\/wp\/v2\/media\/4514"}],"wp:attachment":[{"href":"https:\/\/infos-droitshumains.net\/index.php?rest_route=%2Fwp%2Fv2%2Fmedia&parent=4511"}],"wp:term":[{"taxonomy":"category","embeddable":true,"href":"https:\/\/infos-droitshumains.net\/index.php?rest_route=%2Fwp%2Fv2%2Fcategories&post=4511"},{"taxonomy":"post_tag","embeddable":true,"href":"https:\/\/infos-droitshumains.net\/index.php?rest_route=%2Fwp%2Fv2%2Ftags&post=4511"}],"curies":[{"name":"wp","href":"https:\/\/api.w.org\/{rel}","templated":true}]}}