{"id":4505,"date":"2022-06-29T01:11:13","date_gmt":"2022-06-28T23:11:13","guid":{"rendered":"https:\/\/infos-droitshumains.net\/?p=4505"},"modified":"2022-06-29T01:14:58","modified_gmt":"2022-06-28T23:14:58","slug":"16eme-conference-des-batonniers-me-pepe-abaya-koy-se-satisfait-des-resolutions-prises","status":"publish","type":"post","link":"https:\/\/infos-droitshumains.net\/?p=4505","title":{"rendered":"16\u00e8me conf\u00e9rence des b\u00e2tonniers: Me. P\u00e9p\u00e9 Abaya Koy se satisfait des r\u00e9solutions qui en d\u00e9coulent"},"content":{"rendered":"\n<p><strong>R\u00e9daction:+243817406088<\/strong><\/p>\n\n\n\n<p>La 16\u00e8me conf\u00e9rence des b\u00e2tonniers tenue \u00e0 Kolwezi dans la province du Lualaba du 03 au 04 juin 2022 a lev\u00e9e plusieurs options. Parmi les r\u00e9solutions prises, il a \u00e9t\u00e9 d\u00e9cid\u00e9 que tout avocat appel\u00e9 \u00e0 se rendre dans le ressort d\u2019un barreau autre que celui de son appartenance, pour l\u2019exercice ponctuel de sa profession, est tenu \u00e0 se munir d\u2019une attestation de son b\u00e2tonnier indiquant l\u2019affaire et l\u2019objet de son d\u00e9placement. Et cette attestation est \u00e0 pr\u00e9senter au b\u00e2tonnier du barreau du ressort d\u2019accueil avant toute prestation.<\/p>\n\n\n\n<p>Une autre r\u00e9solution prise, c\u2019est celle relative \u00e0 la tenue d\u2019un avocat. La conf\u00e9rence des b\u00e2tonniers avait d\u00e9cid\u00e9 que le port par un avocat d\u2019une toge d\u00e9labr\u00e9e ou incommode dans l\u2019exercice de sa profession, et des v\u00eatements ind\u00e9cents ainsi que des chaussures inappropri\u00e9es \u00e9tait interdit.<\/p>\n\n\n\n<p>Dans une interview exclusive accord\u00e9e \u00e0 infos-droitshulains.net, Maitre P\u00e9p\u00e9 Abaya koy est revenu sur ces mesures. Le secr\u00e9taire de l\u2019ordre du barreau de Kinshasa\/ Matete, estime que la premi\u00e8re n\u2019est pas discriminatoire, et elle est loin d\u2019\u00eatre assimilable \u00e0 une discrimination comme le font croire certains avocats. C\u2019est plut\u00f4t pour appliquer la loi.<\/p>\n\n\n\n<p><em>\u00ab On est avocat pr\u00e8s une Cour d\u2019appel devant laquelle on a pr\u00eat\u00e9 serment, chaque avocat doit \u00e9voluer dans le ressort de sa Cour d\u2019Appel. Tout \u00e7a, c\u2019est pour r\u00e9guler un peu, pour \u00e9viter le d\u00e9sordre, mais aussi pour prot\u00e9ger l\u2019avocat, parce que dans le ressort on saura qu\u2019un avocat qui n\u2019appartient pas \u00e0 ce ressort est dans notre ressort, il b\u00e9n\u00e9ficiera ainsi de la protection de ce barreau et des autorit\u00e9s judiciaires. D\u2019autre part on assiste \u00e0 une v\u00e9ritable d\u00e9rive aujourd\u2019hui. Vous avez des avocats qui appartiennent \u00e0 un barreau donn\u00e9, mais qui sont continuellement install\u00e9s dans le ressort d\u2019un autre barreau et qui exercent comme s\u2019ils \u00e9taient dans leurs propres barreaux. Ce n\u2019est pas de la discrimination, mais de la volont\u00e9 du l\u00e9gislateur\u00bb,<\/em> a-t-il dit.<\/p>\n\n\n\n<p>Si un avocat estime que l\u2019autre ressort lui pr\u00e9sente un certain nombre d\u2019avantages que le sien, Me. P\u00e9p\u00e9 Abaya lui propose de <em>\u00ab demander une inscription provisoire \u00bb afin \u00abde rester dans les r\u00e8gles plut\u00f4t que d\u2019\u00e9voluer dans la clandestinit\u00e9 \u00bb.<\/em><\/p>\n\n\n\n<p>Quant \u00e0 la deuxi\u00e8me mesure relative \u00e0 la tenue des avocats, Cet avocat au barreau pr\u00e8s la Cour d\u2019Appel de Kinshasa\/Matete estime que cela permettra \u00e0 la profession d\u2019avocat de retrouver sa lettre de noblesse.<\/p>\n\n\n\n<p><em>\u00ab Il \u00e9tait important que le b\u00e2tonnier national revient sur la question. On a commenc\u00e9 \u00e0 assister depuis plusieurs ann\u00e9es \u00e0 des tenues qui n\u2019honorent pas la profession et qui s\u2019\u00e9cartent un peu des usages. Ce qui fait la particularit\u00e9 de notre profession, c\u2019est la noblesse, sa dignit\u00e9. On commen\u00e7ait \u00e0 voir des avocats comparaitre de plus en plus devant les juridictions avec des toges qui n\u2019\u00e9taient que des toges de nom. Le b\u00e2tonnier national a bien vu de rappel\u00e9 cela afin que la profession d\u2019avocat retrouve un peu ses marques \u00bb.<\/em><\/p>\n\n\n\n<p>Rappelons que toutes ces r\u00e9solutions prises par la 16\u00e8me conf\u00e9rence des b\u00e2tonniers entreront en vigueur d\u00e8s le 15 octobre 2022.<\/p>\n\n\n\n<p>Merlin Kamalandua<\/p>\n","protected":false},"excerpt":{"rendered":"<p>R\u00e9daction:+243817406088 La 16\u00e8me conf\u00e9rence des b\u00e2tonniers tenue \u00e0 Kolwezi dans la province du Lualaba du&#8230;<\/p>\n","protected":false},"author":2,"featured_media":4509,"comment_status":"open","ping_status":"open","sticky":false,"template":"","format":"standard","meta":{"_jetpack_memberships_contains_paid_content":false,"footnotes":""},"categories":[6],"tags":[],"class_list":["post-4505","post","type-post","status-publish","format-standard","has-post-thumbnail","hentry","category-justice"],"yoast_head":"<!-- This site is optimized with the Yoast SEO plugin v27.5 - https:\/\/yoast.com\/product\/yoast-seo-wordpress\/ -->\n<title>16\u00e8me conf\u00e9rence des b\u00e2tonniers: Me. P\u00e9p\u00e9 Abaya Koy se satisfait des r\u00e9solutions qui en d\u00e9coulent - Infos Droits Humains<\/title>\n<meta name=\"robots\" content=\"index, follow, max-snippet:-1, max-image-preview:large, max-video-preview:-1\" \/>\n<link rel=\"canonical\" href=\"https:\/\/infos-droitshumains.net\/?p=4505\" \/>\n<meta property=\"og:locale\" content=\"fr_FR\" \/>\n<meta property=\"og:type\" content=\"article\" \/>\n<meta property=\"og:title\" content=\"16\u00e8me conf\u00e9rence des b\u00e2tonniers: Me. P\u00e9p\u00e9 Abaya Koy se satisfait des r\u00e9solutions qui en d\u00e9coulent - Infos Droits Humains\" \/>\n<meta property=\"og:description\" content=\"R\u00e9daction:+243817406088 La 16\u00e8me conf\u00e9rence des b\u00e2tonniers tenue \u00e0 Kolwezi dans la province du Lualaba du...\" \/>\n<meta property=\"og:url\" content=\"https:\/\/infos-droitshumains.net\/?p=4505\" \/>\n<meta property=\"og:site_name\" content=\"Infos Droits Humains\" \/>\n<meta property=\"article:published_time\" content=\"2022-06-28T23:11:13+00:00\" \/>\n<meta property=\"article:modified_time\" content=\"2022-06-28T23:14:58+00:00\" \/>\n<meta property=\"og:image\" content=\"https:\/\/i0.wp.com\/infos-droitshumains.net\/wp-content\/uploads\/2022\/06\/IMG-20220628-WA0054_1.jpg?fit=744%2C734&ssl=1\" \/>\n\t<meta property=\"og:image:width\" content=\"744\" \/>\n\t<meta property=\"og:image:height\" content=\"734\" \/>\n\t<meta property=\"og:image:type\" content=\"image\/jpeg\" \/>\n<meta name=\"author\" content=\"Jo\u00ebl Diawa\" \/>\n<meta name=\"twitter:card\" content=\"summary_large_image\" \/>\n<meta name=\"twitter:label1\" content=\"\u00c9crit par\" \/>\n\t<meta name=\"twitter:data1\" content=\"Jo\u00ebl Diawa\" \/>\n\t<meta name=\"twitter:label2\" content=\"Dur\u00e9e de lecture estim\u00e9e\" \/>\n\t<meta name=\"twitter:data2\" content=\"3 minutes\" \/>\n<script type=\"application\/ld+json\" class=\"yoast-schema-graph\">{\"@context\":\"https:\\\/\\\/schema.org\",\"@graph\":[{\"@type\":\"Article\",\"@id\":\"https:\\\/\\\/infos-droitshumains.net\\\/?p=4505#article\",\"isPartOf\":{\"@id\":\"https:\\\/\\\/infos-droitshumains.net\\\/?p=4505\"},\"author\":{\"name\":\"Jo\u00ebl Diawa\",\"@id\":\"https:\\\/\\\/infos-droitshumains.net\\\/#\\\/schema\\\/person\\\/3dc5e921c3302172e0ed4362f96faab7\"},\"headline\":\"16\u00e8me conf\u00e9rence des b\u00e2tonniers: Me. P\u00e9p\u00e9 Abaya Koy se satisfait des r\u00e9solutions qui en d\u00e9coulent\",\"datePublished\":\"2022-06-28T23:11:13+00:00\",\"dateModified\":\"2022-06-28T23:14:58+00:00\",\"mainEntityOfPage\":{\"@id\":\"https:\\\/\\\/infos-droitshumains.net\\\/?p=4505\"},\"wordCount\":584,\"commentCount\":1,\"publisher\":{\"@id\":\"https:\\\/\\\/infos-droitshumains.net\\\/#organization\"},\"image\":{\"@id\":\"https:\\\/\\\/infos-droitshumains.net\\\/?p=4505#primaryimage\"},\"thumbnailUrl\":\"https:\\\/\\\/i0.wp.com\\\/infos-droitshumains.net\\\/wp-content\\\/uploads\\\/2022\\\/06\\\/IMG-20220628-WA0054_1.jpg?fit=744%2C734&ssl=1\",\"articleSection\":[\"Justice\"],\"inLanguage\":\"fr-FR\",\"potentialAction\":[{\"@type\":\"CommentAction\",\"name\":\"Comment\",\"target\":[\"https:\\\/\\\/infos-droitshumains.net\\\/?p=4505#respond\"]}]},{\"@type\":\"WebPage\",\"@id\":\"https:\\\/\\\/infos-droitshumains.net\\\/?p=4505\",\"url\":\"https:\\\/\\\/infos-droitshumains.net\\\/?p=4505\",\"name\":\"16\u00e8me conf\u00e9rence des b\u00e2tonniers: Me. P\u00e9p\u00e9 Abaya Koy se satisfait des r\u00e9solutions qui en d\u00e9coulent - Infos Droits Humains\",\"isPartOf\":{\"@id\":\"https:\\\/\\\/infos-droitshumains.net\\\/#website\"},\"primaryImageOfPage\":{\"@id\":\"https:\\\/\\\/infos-droitshumains.net\\\/?p=4505#primaryimage\"},\"image\":{\"@id\":\"https:\\\/\\\/infos-droitshumains.net\\\/?p=4505#primaryimage\"},\"thumbnailUrl\":\"https:\\\/\\\/i0.wp.com\\\/infos-droitshumains.net\\\/wp-content\\\/uploads\\\/2022\\\/06\\\/IMG-20220628-WA0054_1.jpg?fit=744%2C734&ssl=1\",\"datePublished\":\"2022-06-28T23:11:13+00:00\",\"dateModified\":\"2022-06-28T23:14:58+00:00\",\"breadcrumb\":{\"@id\":\"https:\\\/\\\/infos-droitshumains.net\\\/?p=4505#breadcrumb\"},\"inLanguage\":\"fr-FR\",\"potentialAction\":[{\"@type\":\"ReadAction\",\"target\":[\"https:\\\/\\\/infos-droitshumains.net\\\/?p=4505\"]}]},{\"@type\":\"ImageObject\",\"inLanguage\":\"fr-FR\",\"@id\":\"https:\\\/\\\/infos-droitshumains.net\\\/?p=4505#primaryimage\",\"url\":\"https:\\\/\\\/i0.wp.com\\\/infos-droitshumains.net\\\/wp-content\\\/uploads\\\/2022\\\/06\\\/IMG-20220628-WA0054_1.jpg?fit=744%2C734&ssl=1\",\"contentUrl\":\"https:\\\/\\\/i0.wp.com\\\/infos-droitshumains.net\\\/wp-content\\\/uploads\\\/2022\\\/06\\\/IMG-20220628-WA0054_1.jpg?fit=744%2C734&ssl=1\",\"width\":744,\"height\":734},{\"@type\":\"BreadcrumbList\",\"@id\":\"https:\\\/\\\/infos-droitshumains.net\\\/?p=4505#breadcrumb\",\"itemListElement\":[{\"@type\":\"ListItem\",\"position\":1,\"name\":\"Accueil\",\"item\":\"https:\\\/\\\/infos-droitshumains.net\\\/\"},{\"@type\":\"ListItem\",\"position\":2,\"name\":\"16\u00e8me conf\u00e9rence des b\u00e2tonniers: Me. P\u00e9p\u00e9 Abaya Koy se satisfait des r\u00e9solutions qui en d\u00e9coulent\"}]},{\"@type\":\"WebSite\",\"@id\":\"https:\\\/\\\/infos-droitshumains.net\\\/#website\",\"url\":\"https:\\\/\\\/infos-droitshumains.net\\\/\",\"name\":\"Infos Droits Humains\",\"description\":\"S&#039;informer est un droit\",\"publisher\":{\"@id\":\"https:\\\/\\\/infos-droitshumains.net\\\/#organization\"},\"potentialAction\":[{\"@type\":\"SearchAction\",\"target\":{\"@type\":\"EntryPoint\",\"urlTemplate\":\"https:\\\/\\\/infos-droitshumains.net\\\/?s={search_term_string}\"},\"query-input\":{\"@type\":\"PropertyValueSpecification\",\"valueRequired\":true,\"valueName\":\"search_term_string\"}}],\"inLanguage\":\"fr-FR\"},{\"@type\":\"Organization\",\"@id\":\"https:\\\/\\\/infos-droitshumains.net\\\/#organization\",\"name\":\"Infos Droits Humains\",\"url\":\"https:\\\/\\\/infos-droitshumains.net\\\/\",\"logo\":{\"@type\":\"ImageObject\",\"inLanguage\":\"fr-FR\",\"@id\":\"https:\\\/\\\/infos-droitshumains.net\\\/#\\\/schema\\\/logo\\\/image\\\/\",\"url\":\"https:\\\/\\\/i0.wp.com\\\/infos-droitshumains.net\\\/wp-content\\\/uploads\\\/2022\\\/05\\\/Logo.png?fit=333%2C129&ssl=1\",\"contentUrl\":\"https:\\\/\\\/i0.wp.com\\\/infos-droitshumains.net\\\/wp-content\\\/uploads\\\/2022\\\/05\\\/Logo.png?fit=333%2C129&ssl=1\",\"width\":333,\"height\":129,\"caption\":\"Infos Droits Humains\"},\"image\":{\"@id\":\"https:\\\/\\\/infos-droitshumains.net\\\/#\\\/schema\\\/logo\\\/image\\\/\"}},{\"@type\":\"Person\",\"@id\":\"https:\\\/\\\/infos-droitshumains.net\\\/#\\\/schema\\\/person\\\/3dc5e921c3302172e0ed4362f96faab7\",\"name\":\"Jo\u00ebl Diawa\",\"image\":{\"@type\":\"ImageObject\",\"inLanguage\":\"fr-FR\",\"@id\":\"https:\\\/\\\/secure.gravatar.com\\\/avatar\\\/729bea6ff4604c624417803c477363be8e3c7186deaa65713313f9b4b820f41c?s=96&d=mm&r=g\",\"url\":\"https:\\\/\\\/secure.gravatar.com\\\/avatar\\\/729bea6ff4604c624417803c477363be8e3c7186deaa65713313f9b4b820f41c?s=96&d=mm&r=g\",\"contentUrl\":\"https:\\\/\\\/secure.gravatar.com\\\/avatar\\\/729bea6ff4604c624417803c477363be8e3c7186deaa65713313f9b4b820f41c?s=96&d=mm&r=g\",\"caption\":\"Jo\u00ebl Diawa\"},\"sameAs\":[\"https:\\\/\\\/www.infos-droitshumains.net\"],\"url\":\"https:\\\/\\\/infos-droitshumains.net\\\/?author=2\"}]}<\/script>\n<!-- \/ Yoast SEO plugin. -->","yoast_head_json":{"title":"16\u00e8me conf\u00e9rence des b\u00e2tonniers: Me. P\u00e9p\u00e9 Abaya Koy se satisfait des r\u00e9solutions qui en d\u00e9coulent - Infos Droits Humains","robots":{"index":"index","follow":"follow","max-snippet":"max-snippet:-1","max-image-preview":"max-image-preview:large","max-video-preview":"max-video-preview:-1"},"canonical":"https:\/\/infos-droitshumains.net\/?p=4505","og_locale":"fr_FR","og_type":"article","og_title":"16\u00e8me conf\u00e9rence des b\u00e2tonniers: Me. P\u00e9p\u00e9 Abaya Koy se satisfait des r\u00e9solutions qui en d\u00e9coulent - Infos Droits Humains","og_description":"R\u00e9daction:+243817406088 La 16\u00e8me conf\u00e9rence des b\u00e2tonniers tenue \u00e0 Kolwezi dans la province du Lualaba du...","og_url":"https:\/\/infos-droitshumains.net\/?p=4505","og_site_name":"Infos Droits Humains","article_published_time":"2022-06-28T23:11:13+00:00","article_modified_time":"2022-06-28T23:14:58+00:00","og_image":[{"width":744,"height":734,"url":"https:\/\/i0.wp.com\/infos-droitshumains.net\/wp-content\/uploads\/2022\/06\/IMG-20220628-WA0054_1.jpg?fit=744%2C734&ssl=1","type":"image\/jpeg"}],"author":"Jo\u00ebl Diawa","twitter_card":"summary_large_image","twitter_misc":{"\u00c9crit par":"Jo\u00ebl Diawa","Dur\u00e9e de lecture estim\u00e9e":"3 minutes"},"schema":{"@context":"https:\/\/schema.org","@graph":[{"@type":"Article","@id":"https:\/\/infos-droitshumains.net\/?p=4505#article","isPartOf":{"@id":"https:\/\/infos-droitshumains.net\/?p=4505"},"author":{"name":"Jo\u00ebl Diawa","@id":"https:\/\/infos-droitshumains.net\/#\/schema\/person\/3dc5e921c3302172e0ed4362f96faab7"},"headline":"16\u00e8me conf\u00e9rence des b\u00e2tonniers: Me. P\u00e9p\u00e9 Abaya Koy se satisfait des r\u00e9solutions qui en d\u00e9coulent","datePublished":"2022-06-28T23:11:13+00:00","dateModified":"2022-06-28T23:14:58+00:00","mainEntityOfPage":{"@id":"https:\/\/infos-droitshumains.net\/?p=4505"},"wordCount":584,"commentCount":1,"publisher":{"@id":"https:\/\/infos-droitshumains.net\/#organization"},"image":{"@id":"https:\/\/infos-droitshumains.net\/?p=4505#primaryimage"},"thumbnailUrl":"https:\/\/i0.wp.com\/infos-droitshumains.net\/wp-content\/uploads\/2022\/06\/IMG-20220628-WA0054_1.jpg?fit=744%2C734&ssl=1","articleSection":["Justice"],"inLanguage":"fr-FR","potentialAction":[{"@type":"CommentAction","name":"Comment","target":["https:\/\/infos-droitshumains.net\/?p=4505#respond"]}]},{"@type":"WebPage","@id":"https:\/\/infos-droitshumains.net\/?p=4505","url":"https:\/\/infos-droitshumains.net\/?p=4505","name":"16\u00e8me conf\u00e9rence des b\u00e2tonniers: Me. P\u00e9p\u00e9 Abaya Koy se satisfait des r\u00e9solutions qui en d\u00e9coulent - Infos Droits Humains","isPartOf":{"@id":"https:\/\/infos-droitshumains.net\/#website"},"primaryImageOfPage":{"@id":"https:\/\/infos-droitshumains.net\/?p=4505#primaryimage"},"image":{"@id":"https:\/\/infos-droitshumains.net\/?p=4505#primaryimage"},"thumbnailUrl":"https:\/\/i0.wp.com\/infos-droitshumains.net\/wp-content\/uploads\/2022\/06\/IMG-20220628-WA0054_1.jpg?fit=744%2C734&ssl=1","datePublished":"2022-06-28T23:11:13+00:00","dateModified":"2022-06-28T23:14:58+00:00","breadcrumb":{"@id":"https:\/\/infos-droitshumains.net\/?p=4505#breadcrumb"},"inLanguage":"fr-FR","potentialAction":[{"@type":"ReadAction","target":["https:\/\/infos-droitshumains.net\/?p=4505"]}]},{"@type":"ImageObject","inLanguage":"fr-FR","@id":"https:\/\/infos-droitshumains.net\/?p=4505#primaryimage","url":"https:\/\/i0.wp.com\/infos-droitshumains.net\/wp-content\/uploads\/2022\/06\/IMG-20220628-WA0054_1.jpg?fit=744%2C734&ssl=1","contentUrl":"https:\/\/i0.wp.com\/infos-droitshumains.net\/wp-content\/uploads\/2022\/06\/IMG-20220628-WA0054_1.jpg?fit=744%2C734&ssl=1","width":744,"height":734},{"@type":"BreadcrumbList","@id":"https:\/\/infos-droitshumains.net\/?p=4505#breadcrumb","itemListElement":[{"@type":"ListItem","position":1,"name":"Accueil","item":"https:\/\/infos-droitshumains.net\/"},{"@type":"ListItem","position":2,"name":"16\u00e8me conf\u00e9rence des b\u00e2tonniers: Me. P\u00e9p\u00e9 Abaya Koy se satisfait des r\u00e9solutions qui en d\u00e9coulent"}]},{"@type":"WebSite","@id":"https:\/\/infos-droitshumains.net\/#website","url":"https:\/\/infos-droitshumains.net\/","name":"Infos Droits Humains","description":"S&#039;informer est un droit","publisher":{"@id":"https:\/\/infos-droitshumains.net\/#organization"},"potentialAction":[{"@type":"SearchAction","target":{"@type":"EntryPoint","urlTemplate":"https:\/\/infos-droitshumains.net\/?s={search_term_string}"},"query-input":{"@type":"PropertyValueSpecification","valueRequired":true,"valueName":"search_term_string"}}],"inLanguage":"fr-FR"},{"@type":"Organization","@id":"https:\/\/infos-droitshumains.net\/#organization","name":"Infos Droits Humains","url":"https:\/\/infos-droitshumains.net\/","logo":{"@type":"ImageObject","inLanguage":"fr-FR","@id":"https:\/\/infos-droitshumains.net\/#\/schema\/logo\/image\/","url":"https:\/\/i0.wp.com\/infos-droitshumains.net\/wp-content\/uploads\/2022\/05\/Logo.png?fit=333%2C129&ssl=1","contentUrl":"https:\/\/i0.wp.com\/infos-droitshumains.net\/wp-content\/uploads\/2022\/05\/Logo.png?fit=333%2C129&ssl=1","width":333,"height":129,"caption":"Infos Droits Humains"},"image":{"@id":"https:\/\/infos-droitshumains.net\/#\/schema\/logo\/image\/"}},{"@type":"Person","@id":"https:\/\/infos-droitshumains.net\/#\/schema\/person\/3dc5e921c3302172e0ed4362f96faab7","name":"Jo\u00ebl Diawa","image":{"@type":"ImageObject","inLanguage":"fr-FR","@id":"https:\/\/secure.gravatar.com\/avatar\/729bea6ff4604c624417803c477363be8e3c7186deaa65713313f9b4b820f41c?s=96&d=mm&r=g","url":"https:\/\/secure.gravatar.com\/avatar\/729bea6ff4604c624417803c477363be8e3c7186deaa65713313f9b4b820f41c?s=96&d=mm&r=g","contentUrl":"https:\/\/secure.gravatar.com\/avatar\/729bea6ff4604c624417803c477363be8e3c7186deaa65713313f9b4b820f41c?s=96&d=mm&r=g","caption":"Jo\u00ebl Diawa"},"sameAs":["https:\/\/www.infos-droitshumains.net"],"url":"https:\/\/infos-droitshumains.net\/?author=2"}]}},"featured_image_urls":{"full":["https:\/\/i0.wp.com\/infos-droitshumains.net\/wp-content\/uploads\/2022\/06\/IMG-20220628-WA0054_1.jpg?fit=744%2C734&ssl=1",744,734,false],"thumbnail":["https:\/\/i0.wp.com\/infos-droitshumains.net\/wp-content\/uploads\/2022\/06\/IMG-20220628-WA0054_1.jpg?resize=150%2C150&ssl=1",150,150,true],"medium":["https:\/\/i0.wp.com\/infos-droitshumains.net\/wp-content\/uploads\/2022\/06\/IMG-20220628-WA0054_1.jpg?fit=300%2C296&ssl=1",300,296,true],"medium_large":["https:\/\/i0.wp.com\/infos-droitshumains.net\/wp-content\/uploads\/2022\/06\/IMG-20220628-WA0054_1.jpg?fit=640%2C631&ssl=1",640,631,true],"large":["https:\/\/i0.wp.com\/infos-droitshumains.net\/wp-content\/uploads\/2022\/06\/IMG-20220628-WA0054_1.jpg?fit=640%2C631&ssl=1",640,631,true],"1536x1536":["https:\/\/i0.wp.com\/infos-droitshumains.net\/wp-content\/uploads\/2022\/06\/IMG-20220628-WA0054_1.jpg?fit=744%2C734&ssl=1",744,734,true],"2048x2048":["https:\/\/i0.wp.com\/infos-droitshumains.net\/wp-content\/uploads\/2022\/06\/IMG-20220628-WA0054_1.jpg?fit=744%2C734&ssl=1",744,734,true],"covernews-slider-full":["https:\/\/i0.wp.com\/infos-droitshumains.net\/wp-content\/uploads\/2022\/06\/IMG-20220628-WA0054_1.jpg?resize=744%2C715&ssl=1",744,715,true],"covernews-slider-center":["https:\/\/i0.wp.com\/infos-droitshumains.net\/wp-content\/uploads\/2022\/06\/IMG-20220628-WA0054_1.jpg?resize=744%2C500&ssl=1",744,500,true],"covernews-featured":["https:\/\/i0.wp.com\/infos-droitshumains.net\/wp-content\/uploads\/2022\/06\/IMG-20220628-WA0054_1.jpg?fit=744%2C734&ssl=1",744,734,true],"covernews-medium":["https:\/\/i0.wp.com\/infos-droitshumains.net\/wp-content\/uploads\/2022\/06\/IMG-20220628-WA0054_1.jpg?resize=540%2C340&ssl=1",540,340,true],"covernews-medium-square":["https:\/\/i0.wp.com\/infos-droitshumains.net\/wp-content\/uploads\/2022\/06\/IMG-20220628-WA0054_1.jpg?resize=400%2C250&ssl=1",400,250,true]},"author_info":{"display_name":"Jo\u00ebl Diawa","author_link":"https:\/\/infos-droitshumains.net\/?author=2"},"category_info":"<a href=\"https:\/\/infos-droitshumains.net\/?cat=6\" rel=\"category\">Justice<\/a>","tag_info":"Justice","comment_count":"1","jetpack_featured_media_url":"https:\/\/i0.wp.com\/infos-droitshumains.net\/wp-content\/uploads\/2022\/06\/IMG-20220628-WA0054_1.jpg?fit=744%2C734&ssl=1","jetpack-related-posts":[],"jetpack_sharing_enabled":true,"_links":{"self":[{"href":"https:\/\/infos-droitshumains.net\/index.php?rest_route=\/wp\/v2\/posts\/4505","targetHints":{"allow":["GET"]}}],"collection":[{"href":"https:\/\/infos-droitshumains.net\/index.php?rest_route=\/wp\/v2\/posts"}],"about":[{"href":"https:\/\/infos-droitshumains.net\/index.php?rest_route=\/wp\/v2\/types\/post"}],"author":[{"embeddable":true,"href":"https:\/\/infos-droitshumains.net\/index.php?rest_route=\/wp\/v2\/users\/2"}],"replies":[{"embeddable":true,"href":"https:\/\/infos-droitshumains.net\/index.php?rest_route=%2Fwp%2Fv2%2Fcomments&post=4505"}],"version-history":[{"count":4,"href":"https:\/\/infos-droitshumains.net\/index.php?rest_route=\/wp\/v2\/posts\/4505\/revisions"}],"predecessor-version":[{"id":4510,"href":"https:\/\/infos-droitshumains.net\/index.php?rest_route=\/wp\/v2\/posts\/4505\/revisions\/4510"}],"wp:featuredmedia":[{"embeddable":true,"href":"https:\/\/infos-droitshumains.net\/index.php?rest_route=\/wp\/v2\/media\/4509"}],"wp:attachment":[{"href":"https:\/\/infos-droitshumains.net\/index.php?rest_route=%2Fwp%2Fv2%2Fmedia&parent=4505"}],"wp:term":[{"taxonomy":"category","embeddable":true,"href":"https:\/\/infos-droitshumains.net\/index.php?rest_route=%2Fwp%2Fv2%2Fcategories&post=4505"},{"taxonomy":"post_tag","embeddable":true,"href":"https:\/\/infos-droitshumains.net\/index.php?rest_route=%2Fwp%2Fv2%2Ftags&post=4505"}],"curies":[{"name":"wp","href":"https:\/\/api.w.org\/{rel}","templated":true}]}}