{"id":4476,"date":"2022-06-24T18:22:59","date_gmt":"2022-06-24T16:22:59","guid":{"rendered":"https:\/\/infos-droitshumains.net\/?p=4476"},"modified":"2022-06-24T18:25:24","modified_gmt":"2022-06-24T16:25:24","slug":"agression-de-lest-de-la-rdc-afeac-exige-la-mise-en-place-du-tribunal-special-penal-pour-la-rdc-qui-devra-juger-les-auteurs-des-crimes","status":"publish","type":"post","link":"https:\/\/infos-droitshumains.net\/?p=4476","title":{"rendered":"Agression de l\u2019Est de la RDC : AFEAC exige la mise en place du tribunal sp\u00e9cial p\u00e9nal pour la RDC qui devra juger les auteurs des crimes"},"content":{"rendered":"\n<p><strong>R\u00e9daction :+243817406088<\/strong><\/p>\n\n\n\n<p>Toutes les couches des femmes congolaises \u00e9taient ce vendredi, 24 juin 2022 dans les rues de Kinshasa pour exprimer leur soutien aux Forces arm\u00e9es de la R\u00e9publique D\u00e9mocratique du Congo(FARDC) qui sont au front \u00e0 l\u2019Est du pays face \u00e0 l\u2019agression des rebelles du M23 soutenus par le Rwanda.<\/p>\n\n\n\n<p>Parmi ces femmes, figurait l\u2019Association des Femmes Avocates de la RDC (AFEAC).<\/p>\n\n\n\n<p>Au cours de cette marche dont le point de d\u00e9part a \u00e9t\u00e9 la gare centrale, l\u2019AFEAC avec d\u2019autres femmes de la RDC ont d\u00e9montr\u00e9 leur patriotisme tout au long de l\u2019itin\u00e9raire de cette manifestation dont le point de chute a \u00e9t\u00e9 le palais de la nation.<\/p>\n\n\n\n<p><em>\u00ab l\u2019objectif de cette marche est de soutenir les FARDC et condamner l\u2019agression rwandaise. Car \u00e7a fait plus de d\u00e9cennie que notre pays est attaqu\u00e9, il y a des milliers des morts, nous sommes pill\u00e9s. Nous disons cette fois-ci, \u00e7a suffit. Trop c\u2019est trop <\/em>\u00bb, a ass\u00e9n\u00e9 Maitre Gis\u00e8le Kapinga, pr\u00e9sidente de l\u2019AFEAC.<\/p>\n\n\n\n<p>Re\u00e7ue en premier lieu au palais de la nation par la directrice de cabinet adjointe du chef de l\u2019\u00c9tat, l\u2019Association des Femmes Avocates de la RDC, par le truchement de sa pr\u00e9sidente, a expos\u00e9 ses revendications notamment la mise en place d\u2019un tribunal sp\u00e9cial p\u00e9nal pour la RDC en vue d\u2019\u00e9tablir les responsabilit\u00e9s sur les auteurs des crimes de l\u2019Est.<\/p>\n\n\n\n<p><em>\u00ab Face \u00e0 ces exactions, nous exigeons la mise en place du tribunal sp\u00e9cial p\u00e9nal pour la RDC pour juger les auteurs de tous ces crimes \u00bb, <\/em>a-t-elle poursuivi.<\/p>\n\n\n\n<p>Cette \u00e9ni\u00e8me initiative de soutien aux FARDC d\u00e9montre \u00e0 combien les congolaises et congolais veulent en finir avec les groupes n\u00e9gatifs qui s\u00e9vissent \u00e0 l\u2019Est de la RDC.<\/p>\n\n\n\n<p>AM<\/p>\n","protected":false},"excerpt":{"rendered":"<p>R\u00e9daction :+243817406088 Toutes les couches des femmes congolaises \u00e9taient ce vendredi, 24 juin 2022 dans&#8230;<\/p>\n","protected":false},"author":2,"featured_media":4479,"comment_status":"open","ping_status":"open","sticky":false,"template":"","format":"standard","meta":{"_jetpack_memberships_contains_paid_content":false,"footnotes":""},"categories":[8],"tags":[],"class_list":["post-4476","post","type-post","status-publish","format-standard","has-post-thumbnail","hentry","category-societe"],"yoast_head":"<!-- This site is optimized with the Yoast SEO plugin v27.5 - https:\/\/yoast.com\/product\/yoast-seo-wordpress\/ -->\n<title>Agression de l\u2019Est de la RDC : AFEAC exige la mise en place du tribunal sp\u00e9cial p\u00e9nal pour la RDC qui devra juger les auteurs des crimes - Infos Droits Humains<\/title>\n<meta name=\"robots\" content=\"index, follow, max-snippet:-1, max-image-preview:large, max-video-preview:-1\" \/>\n<link rel=\"canonical\" href=\"https:\/\/infos-droitshumains.net\/?p=4476\" \/>\n<meta property=\"og:locale\" content=\"fr_FR\" \/>\n<meta property=\"og:type\" content=\"article\" \/>\n<meta property=\"og:title\" content=\"Agression de l\u2019Est de la RDC : AFEAC exige la mise en place du tribunal sp\u00e9cial p\u00e9nal pour la RDC qui devra juger les auteurs des crimes - Infos Droits Humains\" \/>\n<meta property=\"og:description\" content=\"R\u00e9daction :+243817406088 Toutes les couches des femmes congolaises \u00e9taient ce vendredi, 24 juin 2022 dans...\" \/>\n<meta property=\"og:url\" content=\"https:\/\/infos-droitshumains.net\/?p=4476\" \/>\n<meta property=\"og:site_name\" content=\"Infos Droits Humains\" \/>\n<meta property=\"article:published_time\" content=\"2022-06-24T16:22:59+00:00\" \/>\n<meta property=\"article:modified_time\" content=\"2022-06-24T16:25:24+00:00\" \/>\n<meta property=\"og:image\" content=\"https:\/\/i0.wp.com\/infos-droitshumains.net\/wp-content\/uploads\/2022\/06\/IMG-20220624-WA0034_1.jpg?fit=1080%2C607&ssl=1\" \/>\n\t<meta property=\"og:image:width\" content=\"1080\" \/>\n\t<meta property=\"og:image:height\" content=\"607\" \/>\n\t<meta property=\"og:image:type\" content=\"image\/jpeg\" \/>\n<meta name=\"author\" content=\"Jo\u00ebl Diawa\" \/>\n<meta name=\"twitter:card\" content=\"summary_large_image\" \/>\n<meta name=\"twitter:label1\" content=\"\u00c9crit par\" \/>\n\t<meta name=\"twitter:data1\" content=\"Jo\u00ebl Diawa\" \/>\n\t<meta name=\"twitter:label2\" content=\"Dur\u00e9e de lecture estim\u00e9e\" \/>\n\t<meta name=\"twitter:data2\" content=\"2 minutes\" \/>\n<script type=\"application\/ld+json\" class=\"yoast-schema-graph\">{\"@context\":\"https:\\\/\\\/schema.org\",\"@graph\":[{\"@type\":\"Article\",\"@id\":\"https:\\\/\\\/infos-droitshumains.net\\\/?p=4476#article\",\"isPartOf\":{\"@id\":\"https:\\\/\\\/infos-droitshumains.net\\\/?p=4476\"},\"author\":{\"name\":\"Jo\u00ebl Diawa\",\"@id\":\"https:\\\/\\\/infos-droitshumains.net\\\/#\\\/schema\\\/person\\\/3dc5e921c3302172e0ed4362f96faab7\"},\"headline\":\"Agression de l\u2019Est de la RDC : AFEAC exige la mise en place du tribunal sp\u00e9cial p\u00e9nal pour la RDC qui devra juger les auteurs des crimes\",\"datePublished\":\"2022-06-24T16:22:59+00:00\",\"dateModified\":\"2022-06-24T16:25:24+00:00\",\"mainEntityOfPage\":{\"@id\":\"https:\\\/\\\/infos-droitshumains.net\\\/?p=4476\"},\"wordCount\":337,\"commentCount\":0,\"publisher\":{\"@id\":\"https:\\\/\\\/infos-droitshumains.net\\\/#organization\"},\"image\":{\"@id\":\"https:\\\/\\\/infos-droitshumains.net\\\/?p=4476#primaryimage\"},\"thumbnailUrl\":\"https:\\\/\\\/i0.wp.com\\\/infos-droitshumains.net\\\/wp-content\\\/uploads\\\/2022\\\/06\\\/IMG-20220624-WA0034_1.jpg?fit=1080%2C607&ssl=1\",\"articleSection\":[\"Soci\u00e9t\u00e9\"],\"inLanguage\":\"fr-FR\",\"potentialAction\":[{\"@type\":\"CommentAction\",\"name\":\"Comment\",\"target\":[\"https:\\\/\\\/infos-droitshumains.net\\\/?p=4476#respond\"]}]},{\"@type\":\"WebPage\",\"@id\":\"https:\\\/\\\/infos-droitshumains.net\\\/?p=4476\",\"url\":\"https:\\\/\\\/infos-droitshumains.net\\\/?p=4476\",\"name\":\"Agression de l\u2019Est de la RDC : AFEAC exige la mise en place du tribunal sp\u00e9cial p\u00e9nal pour la RDC qui devra juger les auteurs des crimes - Infos Droits Humains\",\"isPartOf\":{\"@id\":\"https:\\\/\\\/infos-droitshumains.net\\\/#website\"},\"primaryImageOfPage\":{\"@id\":\"https:\\\/\\\/infos-droitshumains.net\\\/?p=4476#primaryimage\"},\"image\":{\"@id\":\"https:\\\/\\\/infos-droitshumains.net\\\/?p=4476#primaryimage\"},\"thumbnailUrl\":\"https:\\\/\\\/i0.wp.com\\\/infos-droitshumains.net\\\/wp-content\\\/uploads\\\/2022\\\/06\\\/IMG-20220624-WA0034_1.jpg?fit=1080%2C607&ssl=1\",\"datePublished\":\"2022-06-24T16:22:59+00:00\",\"dateModified\":\"2022-06-24T16:25:24+00:00\",\"breadcrumb\":{\"@id\":\"https:\\\/\\\/infos-droitshumains.net\\\/?p=4476#breadcrumb\"},\"inLanguage\":\"fr-FR\",\"potentialAction\":[{\"@type\":\"ReadAction\",\"target\":[\"https:\\\/\\\/infos-droitshumains.net\\\/?p=4476\"]}]},{\"@type\":\"ImageObject\",\"inLanguage\":\"fr-FR\",\"@id\":\"https:\\\/\\\/infos-droitshumains.net\\\/?p=4476#primaryimage\",\"url\":\"https:\\\/\\\/i0.wp.com\\\/infos-droitshumains.net\\\/wp-content\\\/uploads\\\/2022\\\/06\\\/IMG-20220624-WA0034_1.jpg?fit=1080%2C607&ssl=1\",\"contentUrl\":\"https:\\\/\\\/i0.wp.com\\\/infos-droitshumains.net\\\/wp-content\\\/uploads\\\/2022\\\/06\\\/IMG-20220624-WA0034_1.jpg?fit=1080%2C607&ssl=1\",\"width\":1080,\"height\":607},{\"@type\":\"BreadcrumbList\",\"@id\":\"https:\\\/\\\/infos-droitshumains.net\\\/?p=4476#breadcrumb\",\"itemListElement\":[{\"@type\":\"ListItem\",\"position\":1,\"name\":\"Accueil\",\"item\":\"https:\\\/\\\/infos-droitshumains.net\\\/\"},{\"@type\":\"ListItem\",\"position\":2,\"name\":\"Agression de l\u2019Est de la RDC : AFEAC exige la mise en place du tribunal sp\u00e9cial p\u00e9nal pour la RDC qui devra juger les auteurs des crimes\"}]},{\"@type\":\"WebSite\",\"@id\":\"https:\\\/\\\/infos-droitshumains.net\\\/#website\",\"url\":\"https:\\\/\\\/infos-droitshumains.net\\\/\",\"name\":\"Infos Droits Humains\",\"description\":\"S&#039;informer est un droit\",\"publisher\":{\"@id\":\"https:\\\/\\\/infos-droitshumains.net\\\/#organization\"},\"potentialAction\":[{\"@type\":\"SearchAction\",\"target\":{\"@type\":\"EntryPoint\",\"urlTemplate\":\"https:\\\/\\\/infos-droitshumains.net\\\/?s={search_term_string}\"},\"query-input\":{\"@type\":\"PropertyValueSpecification\",\"valueRequired\":true,\"valueName\":\"search_term_string\"}}],\"inLanguage\":\"fr-FR\"},{\"@type\":\"Organization\",\"@id\":\"https:\\\/\\\/infos-droitshumains.net\\\/#organization\",\"name\":\"Infos Droits Humains\",\"url\":\"https:\\\/\\\/infos-droitshumains.net\\\/\",\"logo\":{\"@type\":\"ImageObject\",\"inLanguage\":\"fr-FR\",\"@id\":\"https:\\\/\\\/infos-droitshumains.net\\\/#\\\/schema\\\/logo\\\/image\\\/\",\"url\":\"https:\\\/\\\/i0.wp.com\\\/infos-droitshumains.net\\\/wp-content\\\/uploads\\\/2022\\\/05\\\/Logo.png?fit=333%2C129&ssl=1\",\"contentUrl\":\"https:\\\/\\\/i0.wp.com\\\/infos-droitshumains.net\\\/wp-content\\\/uploads\\\/2022\\\/05\\\/Logo.png?fit=333%2C129&ssl=1\",\"width\":333,\"height\":129,\"caption\":\"Infos Droits Humains\"},\"image\":{\"@id\":\"https:\\\/\\\/infos-droitshumains.net\\\/#\\\/schema\\\/logo\\\/image\\\/\"}},{\"@type\":\"Person\",\"@id\":\"https:\\\/\\\/infos-droitshumains.net\\\/#\\\/schema\\\/person\\\/3dc5e921c3302172e0ed4362f96faab7\",\"name\":\"Jo\u00ebl Diawa\",\"image\":{\"@type\":\"ImageObject\",\"inLanguage\":\"fr-FR\",\"@id\":\"https:\\\/\\\/secure.gravatar.com\\\/avatar\\\/729bea6ff4604c624417803c477363be8e3c7186deaa65713313f9b4b820f41c?s=96&d=mm&r=g\",\"url\":\"https:\\\/\\\/secure.gravatar.com\\\/avatar\\\/729bea6ff4604c624417803c477363be8e3c7186deaa65713313f9b4b820f41c?s=96&d=mm&r=g\",\"contentUrl\":\"https:\\\/\\\/secure.gravatar.com\\\/avatar\\\/729bea6ff4604c624417803c477363be8e3c7186deaa65713313f9b4b820f41c?s=96&d=mm&r=g\",\"caption\":\"Jo\u00ebl Diawa\"},\"sameAs\":[\"https:\\\/\\\/www.infos-droitshumains.net\"],\"url\":\"https:\\\/\\\/infos-droitshumains.net\\\/?author=2\"}]}<\/script>\n<!-- \/ Yoast SEO plugin. -->","yoast_head_json":{"title":"Agression de l\u2019Est de la RDC : AFEAC exige la mise en place du tribunal sp\u00e9cial p\u00e9nal pour la RDC qui devra juger les auteurs des crimes - Infos Droits Humains","robots":{"index":"index","follow":"follow","max-snippet":"max-snippet:-1","max-image-preview":"max-image-preview:large","max-video-preview":"max-video-preview:-1"},"canonical":"https:\/\/infos-droitshumains.net\/?p=4476","og_locale":"fr_FR","og_type":"article","og_title":"Agression de l\u2019Est de la RDC : AFEAC exige la mise en place du tribunal sp\u00e9cial p\u00e9nal pour la RDC qui devra juger les auteurs des crimes - Infos Droits Humains","og_description":"R\u00e9daction :+243817406088 Toutes les couches des femmes congolaises \u00e9taient ce vendredi, 24 juin 2022 dans...","og_url":"https:\/\/infos-droitshumains.net\/?p=4476","og_site_name":"Infos Droits Humains","article_published_time":"2022-06-24T16:22:59+00:00","article_modified_time":"2022-06-24T16:25:24+00:00","og_image":[{"width":1080,"height":607,"url":"https:\/\/i0.wp.com\/infos-droitshumains.net\/wp-content\/uploads\/2022\/06\/IMG-20220624-WA0034_1.jpg?fit=1080%2C607&ssl=1","type":"image\/jpeg"}],"author":"Jo\u00ebl Diawa","twitter_card":"summary_large_image","twitter_misc":{"\u00c9crit par":"Jo\u00ebl Diawa","Dur\u00e9e de lecture estim\u00e9e":"2 minutes"},"schema":{"@context":"https:\/\/schema.org","@graph":[{"@type":"Article","@id":"https:\/\/infos-droitshumains.net\/?p=4476#article","isPartOf":{"@id":"https:\/\/infos-droitshumains.net\/?p=4476"},"author":{"name":"Jo\u00ebl Diawa","@id":"https:\/\/infos-droitshumains.net\/#\/schema\/person\/3dc5e921c3302172e0ed4362f96faab7"},"headline":"Agression de l\u2019Est de la RDC : AFEAC exige la mise en place du tribunal sp\u00e9cial p\u00e9nal pour la RDC qui devra juger les auteurs des crimes","datePublished":"2022-06-24T16:22:59+00:00","dateModified":"2022-06-24T16:25:24+00:00","mainEntityOfPage":{"@id":"https:\/\/infos-droitshumains.net\/?p=4476"},"wordCount":337,"commentCount":0,"publisher":{"@id":"https:\/\/infos-droitshumains.net\/#organization"},"image":{"@id":"https:\/\/infos-droitshumains.net\/?p=4476#primaryimage"},"thumbnailUrl":"https:\/\/i0.wp.com\/infos-droitshumains.net\/wp-content\/uploads\/2022\/06\/IMG-20220624-WA0034_1.jpg?fit=1080%2C607&ssl=1","articleSection":["Soci\u00e9t\u00e9"],"inLanguage":"fr-FR","potentialAction":[{"@type":"CommentAction","name":"Comment","target":["https:\/\/infos-droitshumains.net\/?p=4476#respond"]}]},{"@type":"WebPage","@id":"https:\/\/infos-droitshumains.net\/?p=4476","url":"https:\/\/infos-droitshumains.net\/?p=4476","name":"Agression de l\u2019Est de la RDC : AFEAC exige la mise en place du tribunal sp\u00e9cial p\u00e9nal pour la RDC qui devra juger les auteurs des crimes - Infos Droits Humains","isPartOf":{"@id":"https:\/\/infos-droitshumains.net\/#website"},"primaryImageOfPage":{"@id":"https:\/\/infos-droitshumains.net\/?p=4476#primaryimage"},"image":{"@id":"https:\/\/infos-droitshumains.net\/?p=4476#primaryimage"},"thumbnailUrl":"https:\/\/i0.wp.com\/infos-droitshumains.net\/wp-content\/uploads\/2022\/06\/IMG-20220624-WA0034_1.jpg?fit=1080%2C607&ssl=1","datePublished":"2022-06-24T16:22:59+00:00","dateModified":"2022-06-24T16:25:24+00:00","breadcrumb":{"@id":"https:\/\/infos-droitshumains.net\/?p=4476#breadcrumb"},"inLanguage":"fr-FR","potentialAction":[{"@type":"ReadAction","target":["https:\/\/infos-droitshumains.net\/?p=4476"]}]},{"@type":"ImageObject","inLanguage":"fr-FR","@id":"https:\/\/infos-droitshumains.net\/?p=4476#primaryimage","url":"https:\/\/i0.wp.com\/infos-droitshumains.net\/wp-content\/uploads\/2022\/06\/IMG-20220624-WA0034_1.jpg?fit=1080%2C607&ssl=1","contentUrl":"https:\/\/i0.wp.com\/infos-droitshumains.net\/wp-content\/uploads\/2022\/06\/IMG-20220624-WA0034_1.jpg?fit=1080%2C607&ssl=1","width":1080,"height":607},{"@type":"BreadcrumbList","@id":"https:\/\/infos-droitshumains.net\/?p=4476#breadcrumb","itemListElement":[{"@type":"ListItem","position":1,"name":"Accueil","item":"https:\/\/infos-droitshumains.net\/"},{"@type":"ListItem","position":2,"name":"Agression de l\u2019Est de la RDC : AFEAC exige la mise en place du tribunal sp\u00e9cial p\u00e9nal pour la RDC qui devra juger les auteurs des crimes"}]},{"@type":"WebSite","@id":"https:\/\/infos-droitshumains.net\/#website","url":"https:\/\/infos-droitshumains.net\/","name":"Infos Droits Humains","description":"S&#039;informer est un droit","publisher":{"@id":"https:\/\/infos-droitshumains.net\/#organization"},"potentialAction":[{"@type":"SearchAction","target":{"@type":"EntryPoint","urlTemplate":"https:\/\/infos-droitshumains.net\/?s={search_term_string}"},"query-input":{"@type":"PropertyValueSpecification","valueRequired":true,"valueName":"search_term_string"}}],"inLanguage":"fr-FR"},{"@type":"Organization","@id":"https:\/\/infos-droitshumains.net\/#organization","name":"Infos Droits Humains","url":"https:\/\/infos-droitshumains.net\/","logo":{"@type":"ImageObject","inLanguage":"fr-FR","@id":"https:\/\/infos-droitshumains.net\/#\/schema\/logo\/image\/","url":"https:\/\/i0.wp.com\/infos-droitshumains.net\/wp-content\/uploads\/2022\/05\/Logo.png?fit=333%2C129&ssl=1","contentUrl":"https:\/\/i0.wp.com\/infos-droitshumains.net\/wp-content\/uploads\/2022\/05\/Logo.png?fit=333%2C129&ssl=1","width":333,"height":129,"caption":"Infos Droits Humains"},"image":{"@id":"https:\/\/infos-droitshumains.net\/#\/schema\/logo\/image\/"}},{"@type":"Person","@id":"https:\/\/infos-droitshumains.net\/#\/schema\/person\/3dc5e921c3302172e0ed4362f96faab7","name":"Jo\u00ebl Diawa","image":{"@type":"ImageObject","inLanguage":"fr-FR","@id":"https:\/\/secure.gravatar.com\/avatar\/729bea6ff4604c624417803c477363be8e3c7186deaa65713313f9b4b820f41c?s=96&d=mm&r=g","url":"https:\/\/secure.gravatar.com\/avatar\/729bea6ff4604c624417803c477363be8e3c7186deaa65713313f9b4b820f41c?s=96&d=mm&r=g","contentUrl":"https:\/\/secure.gravatar.com\/avatar\/729bea6ff4604c624417803c477363be8e3c7186deaa65713313f9b4b820f41c?s=96&d=mm&r=g","caption":"Jo\u00ebl Diawa"},"sameAs":["https:\/\/www.infos-droitshumains.net"],"url":"https:\/\/infos-droitshumains.net\/?author=2"}]}},"featured_image_urls":{"full":["https:\/\/i0.wp.com\/infos-droitshumains.net\/wp-content\/uploads\/2022\/06\/IMG-20220624-WA0034_1.jpg?fit=1080%2C607&ssl=1",1080,607,false],"thumbnail":["https:\/\/i0.wp.com\/infos-droitshumains.net\/wp-content\/uploads\/2022\/06\/IMG-20220624-WA0034_1.jpg?resize=150%2C150&ssl=1",150,150,true],"medium":["https:\/\/i0.wp.com\/infos-droitshumains.net\/wp-content\/uploads\/2022\/06\/IMG-20220624-WA0034_1.jpg?fit=300%2C169&ssl=1",300,169,true],"medium_large":["https:\/\/i0.wp.com\/infos-droitshumains.net\/wp-content\/uploads\/2022\/06\/IMG-20220624-WA0034_1.jpg?fit=640%2C360&ssl=1",640,360,true],"large":["https:\/\/i0.wp.com\/infos-droitshumains.net\/wp-content\/uploads\/2022\/06\/IMG-20220624-WA0034_1.jpg?fit=640%2C360&ssl=1",640,360,true],"1536x1536":["https:\/\/i0.wp.com\/infos-droitshumains.net\/wp-content\/uploads\/2022\/06\/IMG-20220624-WA0034_1.jpg?fit=1080%2C607&ssl=1",1080,607,true],"2048x2048":["https:\/\/i0.wp.com\/infos-droitshumains.net\/wp-content\/uploads\/2022\/06\/IMG-20220624-WA0034_1.jpg?fit=1080%2C607&ssl=1",1080,607,true],"covernews-slider-full":["https:\/\/i0.wp.com\/infos-droitshumains.net\/wp-content\/uploads\/2022\/06\/IMG-20220624-WA0034_1.jpg?resize=1080%2C607&ssl=1",1080,607,true],"covernews-slider-center":["https:\/\/i0.wp.com\/infos-droitshumains.net\/wp-content\/uploads\/2022\/06\/IMG-20220624-WA0034_1.jpg?resize=800%2C500&ssl=1",800,500,true],"covernews-featured":["https:\/\/i0.wp.com\/infos-droitshumains.net\/wp-content\/uploads\/2022\/06\/IMG-20220624-WA0034_1.jpg?fit=1024%2C576&ssl=1",1024,576,true],"covernews-medium":["https:\/\/i0.wp.com\/infos-droitshumains.net\/wp-content\/uploads\/2022\/06\/IMG-20220624-WA0034_1.jpg?resize=540%2C340&ssl=1",540,340,true],"covernews-medium-square":["https:\/\/i0.wp.com\/infos-droitshumains.net\/wp-content\/uploads\/2022\/06\/IMG-20220624-WA0034_1.jpg?resize=400%2C250&ssl=1",400,250,true]},"author_info":{"display_name":"Jo\u00ebl Diawa","author_link":"https:\/\/infos-droitshumains.net\/?author=2"},"category_info":"<a href=\"https:\/\/infos-droitshumains.net\/?cat=8\" rel=\"category\">Soci\u00e9t\u00e9<\/a>","tag_info":"Soci\u00e9t\u00e9","comment_count":"0","jetpack_featured_media_url":"https:\/\/i0.wp.com\/infos-droitshumains.net\/wp-content\/uploads\/2022\/06\/IMG-20220624-WA0034_1.jpg?fit=1080%2C607&ssl=1","jetpack-related-posts":[],"jetpack_sharing_enabled":true,"_links":{"self":[{"href":"https:\/\/infos-droitshumains.net\/index.php?rest_route=\/wp\/v2\/posts\/4476","targetHints":{"allow":["GET"]}}],"collection":[{"href":"https:\/\/infos-droitshumains.net\/index.php?rest_route=\/wp\/v2\/posts"}],"about":[{"href":"https:\/\/infos-droitshumains.net\/index.php?rest_route=\/wp\/v2\/types\/post"}],"author":[{"embeddable":true,"href":"https:\/\/infos-droitshumains.net\/index.php?rest_route=\/wp\/v2\/users\/2"}],"replies":[{"embeddable":true,"href":"https:\/\/infos-droitshumains.net\/index.php?rest_route=%2Fwp%2Fv2%2Fcomments&post=4476"}],"version-history":[{"count":2,"href":"https:\/\/infos-droitshumains.net\/index.php?rest_route=\/wp\/v2\/posts\/4476\/revisions"}],"predecessor-version":[{"id":4480,"href":"https:\/\/infos-droitshumains.net\/index.php?rest_route=\/wp\/v2\/posts\/4476\/revisions\/4480"}],"wp:featuredmedia":[{"embeddable":true,"href":"https:\/\/infos-droitshumains.net\/index.php?rest_route=\/wp\/v2\/media\/4479"}],"wp:attachment":[{"href":"https:\/\/infos-droitshumains.net\/index.php?rest_route=%2Fwp%2Fv2%2Fmedia&parent=4476"}],"wp:term":[{"taxonomy":"category","embeddable":true,"href":"https:\/\/infos-droitshumains.net\/index.php?rest_route=%2Fwp%2Fv2%2Fcategories&post=4476"},{"taxonomy":"post_tag","embeddable":true,"href":"https:\/\/infos-droitshumains.net\/index.php?rest_route=%2Fwp%2Fv2%2Ftags&post=4476"}],"curies":[{"name":"wp","href":"https:\/\/api.w.org\/{rel}","templated":true}]}}