{"id":4417,"date":"2022-06-22T16:19:47","date_gmt":"2022-06-22T14:19:47","guid":{"rendered":"https:\/\/infos-droitshumains.net\/?p=4417"},"modified":"2022-06-22T17:24:52","modified_gmt":"2022-06-22T15:24:52","slug":"dossier-ogefrem-les-detracteurs-de-lems-kamwanya-veulent-induire-le-chef-de-letat-en-erreur-enquete","status":"publish","type":"post","link":"https:\/\/infos-droitshumains.net\/?p=4417","title":{"rendered":"Dossier Ogefrem: Les d\u00e9tracteurs de Lem\u2019s Kamwanya veulent induire le Chef de l\u2019Etat en erreur (enqu\u00eate)"},"content":{"rendered":"\n<p><strong>R\u00e9daction :+243817406088<\/strong><\/p>\n\n\n\n<p>C\u2019est depuis le vendredi 18 juin dernier lors de la cinquante huiti\u00e8me r\u00e9union du conseil des ministres, que le Pr\u00e9sident de la R\u00e9publique a instruit au Ministre des Transports, Voies de Communication et de D\u00e9senclavement de proc\u00e9der \u00e0 <em><strong>\u00abune nouvelle nomination pour assurer l\u2019int\u00e9rim du Directeur G\u00e9n\u00e9ral \u00bb <\/strong><\/em>de l\u2019Ofice de Gestion du Fret multimodal, (Ogefrem) <strong><em>\u00abjusqu\u2019\u00e0 nouvel ordre \u00bb.<\/em><\/strong><\/p>\n\n\n\n<p>Il a \u00e9t\u00e9 rapport\u00e9 au Chef de l\u2019Etat que les m\u00e9canismes de gestion des probl\u00e8mes sociaux ou de gouvernance impos\u00e9s par les Ministres de tutelle, affectent parfois le fonctionnement harmonieux de ces structures et conduisent \u00e0 de graves difficult\u00e9s.<\/p>\n\n\n\n<p>Il lui a \u00e9t\u00e9 encore rapport\u00e9 qu\u2019il se constate une inobservance de certaines recommandations hi\u00e9rarchiques allant dans le sens de r\u00e9soudre les probl\u00e8mes.<\/p>\n\n\n\n<p>Fort malheureusement, toutes ces informations mises \u00e0 la disposition de F\u00e9lix Tshisekedi sont fausses et ont \u00e9t\u00e9 concoct\u00e9es des laboratoires bien identifiables par des personnes qui veulent la t\u00eate de l\u2019actuel Directeur G\u00e9n\u00e9ral ai.<\/p>\n\n\n\n<p>Apr\u00e8s l\u2019enqu\u00eate men\u00e9e par la r\u00e9daction de infos-droitshumains.net, il s\u2019av\u00e8re qu\u2019au sein de l\u2019Ogefrem, la paix r\u00e8gne, et qu\u2019il n\u2019y a rien de nature \u00e0 affecter cette paix retrouv\u00e9e.<\/p>\n\n\n\n<p>Plusieurs agents et cadres de l\u2019Office de Gestion du fret Multimodal Ce sont confi\u00e9s \u00e0 notre r\u00e9daction et ont rassur\u00e9 que depuis l\u2019av\u00e8nement de Lem\u2019s Kamwanya, la paix sociale a \u00e9t\u00e9 retrouv\u00e9e.<\/p>\n\n\n\n<p><em>\u00ab Depuis le mois d\u2019avril, il y a eu nomination de Lem\u2019s Kamwanya, \u00e0 la grande satisfaction des agents et cadres qui ont toujours plaid\u00e9 pour la nomination d\u2019un fils maison, parce que l\u2019Ogefrem est une entreprise tr\u00e8s technique, il nous faut quelqu\u2019un qui connait les rouages.\u00bb<\/em>, nous a confi\u00e9 un cadre de l\u2019Ogefrem.<\/p>\n\n\n\n<p><em>\u00ab Il y a seulement deux mois qu\u2019on venait de nommer un DG ai. Apparemment, ceux qui ne veulent pas l\u2019\u00e9volution de l\u2019entreprise veulent qu\u2019on puisse aller de DG ai en DG ai. Il faudra donner aussi le temps \u00e0 celui qu\u2019on venait de nommer pour faire le travail \u00bb<\/em>, a pour sa part d\u00e9nonc\u00e9 le pr\u00e9sident de l\u2019intersyndical.<\/p>\n\n\n\n<p>Il s&rsquo;observe \u00e9galement dans la plusieurs provinces, les agents et cadres de l&rsquo;ogefrem expriment leur soutien ind\u00e9fectible \u00e0 Lem&rsquo;s Kamwanya et \u00e0 toutes les actions qu&rsquo;il a eu a entreprendre durant ces deux mois \u00e0 la t\u00eate de l&rsquo;entreprise.<\/p>\n\n\n\n<figure class=\"wp-block-image alignfull size-full\"><img data-recalc-dims=\"1\" fetchpriority=\"high\" decoding=\"async\" width=\"640\" height=\"480\" src=\"https:\/\/i0.wp.com\/infos-droitshumains.net\/wp-content\/uploads\/2022\/06\/20220622_132302.jpg?resize=640%2C480&#038;ssl=1\" alt=\"\" class=\"wp-image-4426\" srcset=\"https:\/\/i0.wp.com\/infos-droitshumains.net\/wp-content\/uploads\/2022\/06\/20220622_132302.jpg?w=1008&amp;ssl=1 1008w, https:\/\/i0.wp.com\/infos-droitshumains.net\/wp-content\/uploads\/2022\/06\/20220622_132302.jpg?resize=300%2C225&amp;ssl=1 300w, https:\/\/i0.wp.com\/infos-droitshumains.net\/wp-content\/uploads\/2022\/06\/20220622_132302.jpg?resize=768%2C576&amp;ssl=1 768w\" sizes=\"(max-width: 640px) 100vw, 640px\" \/><\/figure>\n\n\n\n<figure class=\"wp-block-image alignfull size-full\"><img data-recalc-dims=\"1\" decoding=\"async\" width=\"640\" height=\"480\" src=\"https:\/\/i0.wp.com\/infos-droitshumains.net\/wp-content\/uploads\/2022\/06\/20220622_132257.jpg?resize=640%2C480&#038;ssl=1\" alt=\"\" class=\"wp-image-4428\" srcset=\"https:\/\/i0.wp.com\/infos-droitshumains.net\/wp-content\/uploads\/2022\/06\/20220622_132257.jpg?w=1008&amp;ssl=1 1008w, https:\/\/i0.wp.com\/infos-droitshumains.net\/wp-content\/uploads\/2022\/06\/20220622_132257.jpg?resize=300%2C225&amp;ssl=1 300w, https:\/\/i0.wp.com\/infos-droitshumains.net\/wp-content\/uploads\/2022\/06\/20220622_132257.jpg?resize=768%2C576&amp;ssl=1 768w\" sizes=\"(max-width: 640px) 100vw, 640px\" \/><\/figure>\n\n\n\n<p>Depuis le d\u00e9part de Olivier Manzila, le personnel de l\u2019Ogefrem dit avoir retrouv\u00e9 la paix sociale contrairement \u00e0 ce qui est rapport\u00e9 au Pr\u00e9sident de la R\u00e9publique.<\/p>\n\n\n\n<p><em>\u00ab Vous allez parcourir nos bureaux par curiosit\u00e9, vous allez constater que les agents et cadres de l\u2019Ogefrem ont retrouv\u00e9 la paix ; la coh\u00e9sion est rentr\u00e9e ; Nous avons accept\u00e9 l\u2019actuelle \u00e9quipe et nous travaillons en harmonie \u00bb,<\/em> a dit un agent.<\/p>\n\n\n\n<p><em>\u00abPour nous, l\u2019Ogefrem est d\u00e9sormais en paix, il n\u2019y a plus de grogne, il y avait un probl\u00e8me s\u00e9rieux, mais depuis qu\u2019il (Olivier Manzila) est parti, nous avons retrouv\u00e9 la paix \u00bb<\/em>, a confi\u00e9 pour sa part, C\u00e9cile Idungunae, pr\u00e9sidente de la d\u00e9l\u00e9gation syndicale.<\/p>\n\n\n\n<p>Cette derni\u00e8re n\u2019entend pas c\u00e9der aux intox, ensemble avec la d\u00e9l\u00e9gation syndicale, elle comte saisir le Chef de l\u2019Etat pour lui pr\u00e9senter le vrai rapport de la gestion de l\u2019Ogefrem.<\/p>\n\n\n\n<p><em>\u00ab Il n\u2019y a pas beaucoup d\u2019entreprises qui ont encore le niveau de l\u2019Ogefrem. Nous devons le maintenir parce que, ici, il y a encore cette discipline de travail. On ne peut pas parler des agents de l\u2019Ogefrem en dehors, c\u2019est \u00e0 l\u2019Ogefrem qu\u2019il faut parler de l\u2019Ogefrem. Pr\u00e9sentement, nous ne pouvons pas c\u00e9der \u00e0 des intoxications. Nous nous pr\u00e9parons \u00e0 saisir le chef de l\u2019Etat pour lui pr\u00e9senter ce qui se passe r\u00e9ellement ici \u00bb.<\/em><\/p>\n\n\n\n<p>En seulement deux mois pass\u00e9s \u00e0 la tete de l\u2019Ogefrem, Lem\u2019s Kamwanya a r\u00e9alis\u00e9 des prouesses incroyable dont voici les sept qui ont retenu notre attention :<\/p>\n\n\n\n<p>\u2022 Plus de grogne sociale depuis sa nomination, s\u00e9r\u00e9nit\u00e9 totale au sein de l&rsquo;Ogefrem ;<\/p>\n\n\n\n<p>\u2022 Organisation de formation en faveur de pr\u00e8s de 500 agents de Kinshasa, de l&rsquo;int\u00e9rieur et de l&rsquo;\u00e9tranger;<\/p>\n\n\n\n<p>\u2022 Am\u00e9lioration des conditions de travail par l&rsquo;acquisition des mobiliers et \u00e9quipements informatiques ;<\/p>\n\n\n\n<p>\u2022 Paiement r\u00e9gulier des salaires et dans le d\u00e9lai r\u00e9glementaire sur ressources propres;<\/p>\n\n\n\n<p>\u2022 Apurement de tous les d\u00e9couverts bancaires, aucun compte bancaire de l&rsquo;Ogefrem n&rsquo;est au rouge \u00e0 ce jour ;<\/p>\n\n\n\n<p>\u2022 Montage et lancement d&rsquo;une Tour de contr\u00f4le pour assurer la tra\u00e7abilit\u00e9 des marchandises \u00e0 l&rsquo;import et \u00e0 l&rsquo;exportation ;<\/p>\n\n\n\n<p>\u2022 Int\u00e9gration des frais de garde dans la r\u00e9mun\u00e9ration avec effet sur l&rsquo;augmentation des salaires. <\/p>\n\n\n\n<p><em>\u00ab La revendication des agents c\u2019est souvent le salaire. Sur ce point-l\u00e0, le salaire des agents et cadres de l\u2019Ogefrem est toujours pay\u00e9 \u00e0 temps r\u00e9glementaire. L\u2019innovation que l\u2019actuel DG a amen\u00e9 par rapport au payement, il a \u00e9t\u00e9 ins\u00e9r\u00e9 les frais de garde dans le salaire. Cette rubrique a \u00e9t\u00e9 demand\u00e9 et obtenue par la d\u00e9l\u00e9gation syndicale depuis la r\u00e9union paritaire de 2018, mais n\u2019a finalement \u00e9t\u00e9 appliqu\u00e9 que sous Lem\u2019s Kamwanya \u00bb<\/em>, nous a confi\u00e9 la pr\u00e9sidente de la d\u00e9l\u00e9gation syndicale.<\/p>\n\n\n\n<p>Au regard de la r\u00e9alit\u00e9 tel que pr\u00e9sent\u00e9, cela fait l\u2019ombre d\u2019aucun doute qu\u2019il n\u2019ya aucune crise au sein de l\u2019Office et que le chef de l\u2019Etat s\u2019est d\u00e9sormais fait l\u2019id\u00e9e sur ce qui est r\u00e9ellement l\u2019Etat de cette entreprise sous Lem\u2019s Kamawanya.<\/p>\n\n\n\n<p>Jo\u00ebl Diawa<\/p>\n","protected":false},"excerpt":{"rendered":"<p>R\u00e9daction :+243817406088 C\u2019est depuis le vendredi 18 juin dernier lors de la cinquante huiti\u00e8me r\u00e9union&#8230;<\/p>\n","protected":false},"author":2,"featured_media":4420,"comment_status":"open","ping_status":"open","sticky":false,"template":"","format":"standard","meta":{"_jetpack_memberships_contains_paid_content":false,"footnotes":""},"categories":[8],"tags":[],"class_list":["post-4417","post","type-post","status-publish","format-standard","has-post-thumbnail","hentry","category-societe"],"yoast_head":"<!-- This site is optimized with the Yoast SEO plugin v27.5 - https:\/\/yoast.com\/product\/yoast-seo-wordpress\/ -->\n<title>Dossier Ogefrem: Les d\u00e9tracteurs de Lem\u2019s Kamwanya veulent induire le Chef de l\u2019Etat en erreur (enqu\u00eate) - Infos Droits Humains<\/title>\n<meta name=\"robots\" content=\"index, follow, max-snippet:-1, max-image-preview:large, max-video-preview:-1\" \/>\n<link rel=\"canonical\" href=\"https:\/\/infos-droitshumains.net\/?p=4417\" \/>\n<meta property=\"og:locale\" content=\"fr_FR\" \/>\n<meta property=\"og:type\" content=\"article\" \/>\n<meta property=\"og:title\" content=\"Dossier Ogefrem: Les d\u00e9tracteurs de Lem\u2019s Kamwanya veulent induire le Chef de l\u2019Etat en erreur (enqu\u00eate) - Infos Droits Humains\" \/>\n<meta property=\"og:description\" content=\"R\u00e9daction :+243817406088 C\u2019est depuis le vendredi 18 juin dernier lors de la cinquante huiti\u00e8me r\u00e9union...\" \/>\n<meta property=\"og:url\" content=\"https:\/\/infos-droitshumains.net\/?p=4417\" \/>\n<meta property=\"og:site_name\" content=\"Infos Droits Humains\" \/>\n<meta property=\"article:published_time\" content=\"2022-06-22T14:19:47+00:00\" \/>\n<meta property=\"article:modified_time\" content=\"2022-06-22T15:24:52+00:00\" \/>\n<meta property=\"og:image\" content=\"https:\/\/i0.wp.com\/infos-droitshumains.net\/wp-content\/uploads\/2022\/06\/images-40_2.jpeg?fit=500%2C366&ssl=1\" \/>\n\t<meta property=\"og:image:width\" content=\"500\" \/>\n\t<meta property=\"og:image:height\" content=\"366\" \/>\n\t<meta property=\"og:image:type\" content=\"image\/jpeg\" \/>\n<meta name=\"author\" content=\"Jo\u00ebl Diawa\" \/>\n<meta name=\"twitter:card\" content=\"summary_large_image\" \/>\n<meta name=\"twitter:label1\" content=\"\u00c9crit par\" \/>\n\t<meta name=\"twitter:data1\" content=\"Jo\u00ebl Diawa\" \/>\n\t<meta name=\"twitter:label2\" content=\"Dur\u00e9e de lecture estim\u00e9e\" \/>\n\t<meta name=\"twitter:data2\" content=\"5 minutes\" \/>\n<script type=\"application\/ld+json\" class=\"yoast-schema-graph\">{\"@context\":\"https:\\\/\\\/schema.org\",\"@graph\":[{\"@type\":\"Article\",\"@id\":\"https:\\\/\\\/infos-droitshumains.net\\\/?p=4417#article\",\"isPartOf\":{\"@id\":\"https:\\\/\\\/infos-droitshumains.net\\\/?p=4417\"},\"author\":{\"name\":\"Jo\u00ebl Diawa\",\"@id\":\"https:\\\/\\\/infos-droitshumains.net\\\/#\\\/schema\\\/person\\\/3dc5e921c3302172e0ed4362f96faab7\"},\"headline\":\"Dossier Ogefrem: Les d\u00e9tracteurs de Lem\u2019s Kamwanya veulent induire le Chef de l\u2019Etat en erreur (enqu\u00eate)\",\"datePublished\":\"2022-06-22T14:19:47+00:00\",\"dateModified\":\"2022-06-22T15:24:52+00:00\",\"mainEntityOfPage\":{\"@id\":\"https:\\\/\\\/infos-droitshumains.net\\\/?p=4417\"},\"wordCount\":986,\"commentCount\":0,\"publisher\":{\"@id\":\"https:\\\/\\\/infos-droitshumains.net\\\/#organization\"},\"image\":{\"@id\":\"https:\\\/\\\/infos-droitshumains.net\\\/?p=4417#primaryimage\"},\"thumbnailUrl\":\"https:\\\/\\\/i0.wp.com\\\/infos-droitshumains.net\\\/wp-content\\\/uploads\\\/2022\\\/06\\\/images-40_2.jpeg?fit=500%2C366&ssl=1\",\"articleSection\":[\"Soci\u00e9t\u00e9\"],\"inLanguage\":\"fr-FR\",\"potentialAction\":[{\"@type\":\"CommentAction\",\"name\":\"Comment\",\"target\":[\"https:\\\/\\\/infos-droitshumains.net\\\/?p=4417#respond\"]}]},{\"@type\":\"WebPage\",\"@id\":\"https:\\\/\\\/infos-droitshumains.net\\\/?p=4417\",\"url\":\"https:\\\/\\\/infos-droitshumains.net\\\/?p=4417\",\"name\":\"Dossier Ogefrem: Les d\u00e9tracteurs de Lem\u2019s Kamwanya veulent induire le Chef de l\u2019Etat en erreur (enqu\u00eate) - Infos Droits Humains\",\"isPartOf\":{\"@id\":\"https:\\\/\\\/infos-droitshumains.net\\\/#website\"},\"primaryImageOfPage\":{\"@id\":\"https:\\\/\\\/infos-droitshumains.net\\\/?p=4417#primaryimage\"},\"image\":{\"@id\":\"https:\\\/\\\/infos-droitshumains.net\\\/?p=4417#primaryimage\"},\"thumbnailUrl\":\"https:\\\/\\\/i0.wp.com\\\/infos-droitshumains.net\\\/wp-content\\\/uploads\\\/2022\\\/06\\\/images-40_2.jpeg?fit=500%2C366&ssl=1\",\"datePublished\":\"2022-06-22T14:19:47+00:00\",\"dateModified\":\"2022-06-22T15:24:52+00:00\",\"breadcrumb\":{\"@id\":\"https:\\\/\\\/infos-droitshumains.net\\\/?p=4417#breadcrumb\"},\"inLanguage\":\"fr-FR\",\"potentialAction\":[{\"@type\":\"ReadAction\",\"target\":[\"https:\\\/\\\/infos-droitshumains.net\\\/?p=4417\"]}]},{\"@type\":\"ImageObject\",\"inLanguage\":\"fr-FR\",\"@id\":\"https:\\\/\\\/infos-droitshumains.net\\\/?p=4417#primaryimage\",\"url\":\"https:\\\/\\\/i0.wp.com\\\/infos-droitshumains.net\\\/wp-content\\\/uploads\\\/2022\\\/06\\\/images-40_2.jpeg?fit=500%2C366&ssl=1\",\"contentUrl\":\"https:\\\/\\\/i0.wp.com\\\/infos-droitshumains.net\\\/wp-content\\\/uploads\\\/2022\\\/06\\\/images-40_2.jpeg?fit=500%2C366&ssl=1\",\"width\":500,\"height\":366},{\"@type\":\"BreadcrumbList\",\"@id\":\"https:\\\/\\\/infos-droitshumains.net\\\/?p=4417#breadcrumb\",\"itemListElement\":[{\"@type\":\"ListItem\",\"position\":1,\"name\":\"Accueil\",\"item\":\"https:\\\/\\\/infos-droitshumains.net\\\/\"},{\"@type\":\"ListItem\",\"position\":2,\"name\":\"Dossier Ogefrem: Les d\u00e9tracteurs de Lem\u2019s Kamwanya veulent induire le Chef de l\u2019Etat en erreur (enqu\u00eate)\"}]},{\"@type\":\"WebSite\",\"@id\":\"https:\\\/\\\/infos-droitshumains.net\\\/#website\",\"url\":\"https:\\\/\\\/infos-droitshumains.net\\\/\",\"name\":\"Infos Droits Humains\",\"description\":\"S&#039;informer est un droit\",\"publisher\":{\"@id\":\"https:\\\/\\\/infos-droitshumains.net\\\/#organization\"},\"potentialAction\":[{\"@type\":\"SearchAction\",\"target\":{\"@type\":\"EntryPoint\",\"urlTemplate\":\"https:\\\/\\\/infos-droitshumains.net\\\/?s={search_term_string}\"},\"query-input\":{\"@type\":\"PropertyValueSpecification\",\"valueRequired\":true,\"valueName\":\"search_term_string\"}}],\"inLanguage\":\"fr-FR\"},{\"@type\":\"Organization\",\"@id\":\"https:\\\/\\\/infos-droitshumains.net\\\/#organization\",\"name\":\"Infos Droits Humains\",\"url\":\"https:\\\/\\\/infos-droitshumains.net\\\/\",\"logo\":{\"@type\":\"ImageObject\",\"inLanguage\":\"fr-FR\",\"@id\":\"https:\\\/\\\/infos-droitshumains.net\\\/#\\\/schema\\\/logo\\\/image\\\/\",\"url\":\"https:\\\/\\\/i0.wp.com\\\/infos-droitshumains.net\\\/wp-content\\\/uploads\\\/2022\\\/05\\\/Logo.png?fit=333%2C129&ssl=1\",\"contentUrl\":\"https:\\\/\\\/i0.wp.com\\\/infos-droitshumains.net\\\/wp-content\\\/uploads\\\/2022\\\/05\\\/Logo.png?fit=333%2C129&ssl=1\",\"width\":333,\"height\":129,\"caption\":\"Infos Droits Humains\"},\"image\":{\"@id\":\"https:\\\/\\\/infos-droitshumains.net\\\/#\\\/schema\\\/logo\\\/image\\\/\"}},{\"@type\":\"Person\",\"@id\":\"https:\\\/\\\/infos-droitshumains.net\\\/#\\\/schema\\\/person\\\/3dc5e921c3302172e0ed4362f96faab7\",\"name\":\"Jo\u00ebl Diawa\",\"image\":{\"@type\":\"ImageObject\",\"inLanguage\":\"fr-FR\",\"@id\":\"https:\\\/\\\/secure.gravatar.com\\\/avatar\\\/729bea6ff4604c624417803c477363be8e3c7186deaa65713313f9b4b820f41c?s=96&d=mm&r=g\",\"url\":\"https:\\\/\\\/secure.gravatar.com\\\/avatar\\\/729bea6ff4604c624417803c477363be8e3c7186deaa65713313f9b4b820f41c?s=96&d=mm&r=g\",\"contentUrl\":\"https:\\\/\\\/secure.gravatar.com\\\/avatar\\\/729bea6ff4604c624417803c477363be8e3c7186deaa65713313f9b4b820f41c?s=96&d=mm&r=g\",\"caption\":\"Jo\u00ebl Diawa\"},\"sameAs\":[\"https:\\\/\\\/www.infos-droitshumains.net\"],\"url\":\"https:\\\/\\\/infos-droitshumains.net\\\/?author=2\"}]}<\/script>\n<!-- \/ Yoast SEO plugin. -->","yoast_head_json":{"title":"Dossier Ogefrem: Les d\u00e9tracteurs de Lem\u2019s Kamwanya veulent induire le Chef de l\u2019Etat en erreur (enqu\u00eate) - Infos Droits Humains","robots":{"index":"index","follow":"follow","max-snippet":"max-snippet:-1","max-image-preview":"max-image-preview:large","max-video-preview":"max-video-preview:-1"},"canonical":"https:\/\/infos-droitshumains.net\/?p=4417","og_locale":"fr_FR","og_type":"article","og_title":"Dossier Ogefrem: Les d\u00e9tracteurs de Lem\u2019s Kamwanya veulent induire le Chef de l\u2019Etat en erreur (enqu\u00eate) - Infos Droits Humains","og_description":"R\u00e9daction :+243817406088 C\u2019est depuis le vendredi 18 juin dernier lors de la cinquante huiti\u00e8me r\u00e9union...","og_url":"https:\/\/infos-droitshumains.net\/?p=4417","og_site_name":"Infos Droits Humains","article_published_time":"2022-06-22T14:19:47+00:00","article_modified_time":"2022-06-22T15:24:52+00:00","og_image":[{"width":500,"height":366,"url":"https:\/\/i0.wp.com\/infos-droitshumains.net\/wp-content\/uploads\/2022\/06\/images-40_2.jpeg?fit=500%2C366&ssl=1","type":"image\/jpeg"}],"author":"Jo\u00ebl Diawa","twitter_card":"summary_large_image","twitter_misc":{"\u00c9crit par":"Jo\u00ebl Diawa","Dur\u00e9e de lecture estim\u00e9e":"5 minutes"},"schema":{"@context":"https:\/\/schema.org","@graph":[{"@type":"Article","@id":"https:\/\/infos-droitshumains.net\/?p=4417#article","isPartOf":{"@id":"https:\/\/infos-droitshumains.net\/?p=4417"},"author":{"name":"Jo\u00ebl Diawa","@id":"https:\/\/infos-droitshumains.net\/#\/schema\/person\/3dc5e921c3302172e0ed4362f96faab7"},"headline":"Dossier Ogefrem: Les d\u00e9tracteurs de Lem\u2019s Kamwanya veulent induire le Chef de l\u2019Etat en erreur (enqu\u00eate)","datePublished":"2022-06-22T14:19:47+00:00","dateModified":"2022-06-22T15:24:52+00:00","mainEntityOfPage":{"@id":"https:\/\/infos-droitshumains.net\/?p=4417"},"wordCount":986,"commentCount":0,"publisher":{"@id":"https:\/\/infos-droitshumains.net\/#organization"},"image":{"@id":"https:\/\/infos-droitshumains.net\/?p=4417#primaryimage"},"thumbnailUrl":"https:\/\/i0.wp.com\/infos-droitshumains.net\/wp-content\/uploads\/2022\/06\/images-40_2.jpeg?fit=500%2C366&ssl=1","articleSection":["Soci\u00e9t\u00e9"],"inLanguage":"fr-FR","potentialAction":[{"@type":"CommentAction","name":"Comment","target":["https:\/\/infos-droitshumains.net\/?p=4417#respond"]}]},{"@type":"WebPage","@id":"https:\/\/infos-droitshumains.net\/?p=4417","url":"https:\/\/infos-droitshumains.net\/?p=4417","name":"Dossier Ogefrem: Les d\u00e9tracteurs de Lem\u2019s Kamwanya veulent induire le Chef de l\u2019Etat en erreur (enqu\u00eate) - Infos Droits Humains","isPartOf":{"@id":"https:\/\/infos-droitshumains.net\/#website"},"primaryImageOfPage":{"@id":"https:\/\/infos-droitshumains.net\/?p=4417#primaryimage"},"image":{"@id":"https:\/\/infos-droitshumains.net\/?p=4417#primaryimage"},"thumbnailUrl":"https:\/\/i0.wp.com\/infos-droitshumains.net\/wp-content\/uploads\/2022\/06\/images-40_2.jpeg?fit=500%2C366&ssl=1","datePublished":"2022-06-22T14:19:47+00:00","dateModified":"2022-06-22T15:24:52+00:00","breadcrumb":{"@id":"https:\/\/infos-droitshumains.net\/?p=4417#breadcrumb"},"inLanguage":"fr-FR","potentialAction":[{"@type":"ReadAction","target":["https:\/\/infos-droitshumains.net\/?p=4417"]}]},{"@type":"ImageObject","inLanguage":"fr-FR","@id":"https:\/\/infos-droitshumains.net\/?p=4417#primaryimage","url":"https:\/\/i0.wp.com\/infos-droitshumains.net\/wp-content\/uploads\/2022\/06\/images-40_2.jpeg?fit=500%2C366&ssl=1","contentUrl":"https:\/\/i0.wp.com\/infos-droitshumains.net\/wp-content\/uploads\/2022\/06\/images-40_2.jpeg?fit=500%2C366&ssl=1","width":500,"height":366},{"@type":"BreadcrumbList","@id":"https:\/\/infos-droitshumains.net\/?p=4417#breadcrumb","itemListElement":[{"@type":"ListItem","position":1,"name":"Accueil","item":"https:\/\/infos-droitshumains.net\/"},{"@type":"ListItem","position":2,"name":"Dossier Ogefrem: Les d\u00e9tracteurs de Lem\u2019s Kamwanya veulent induire le Chef de l\u2019Etat en erreur (enqu\u00eate)"}]},{"@type":"WebSite","@id":"https:\/\/infos-droitshumains.net\/#website","url":"https:\/\/infos-droitshumains.net\/","name":"Infos Droits Humains","description":"S&#039;informer est un droit","publisher":{"@id":"https:\/\/infos-droitshumains.net\/#organization"},"potentialAction":[{"@type":"SearchAction","target":{"@type":"EntryPoint","urlTemplate":"https:\/\/infos-droitshumains.net\/?s={search_term_string}"},"query-input":{"@type":"PropertyValueSpecification","valueRequired":true,"valueName":"search_term_string"}}],"inLanguage":"fr-FR"},{"@type":"Organization","@id":"https:\/\/infos-droitshumains.net\/#organization","name":"Infos Droits Humains","url":"https:\/\/infos-droitshumains.net\/","logo":{"@type":"ImageObject","inLanguage":"fr-FR","@id":"https:\/\/infos-droitshumains.net\/#\/schema\/logo\/image\/","url":"https:\/\/i0.wp.com\/infos-droitshumains.net\/wp-content\/uploads\/2022\/05\/Logo.png?fit=333%2C129&ssl=1","contentUrl":"https:\/\/i0.wp.com\/infos-droitshumains.net\/wp-content\/uploads\/2022\/05\/Logo.png?fit=333%2C129&ssl=1","width":333,"height":129,"caption":"Infos Droits Humains"},"image":{"@id":"https:\/\/infos-droitshumains.net\/#\/schema\/logo\/image\/"}},{"@type":"Person","@id":"https:\/\/infos-droitshumains.net\/#\/schema\/person\/3dc5e921c3302172e0ed4362f96faab7","name":"Jo\u00ebl Diawa","image":{"@type":"ImageObject","inLanguage":"fr-FR","@id":"https:\/\/secure.gravatar.com\/avatar\/729bea6ff4604c624417803c477363be8e3c7186deaa65713313f9b4b820f41c?s=96&d=mm&r=g","url":"https:\/\/secure.gravatar.com\/avatar\/729bea6ff4604c624417803c477363be8e3c7186deaa65713313f9b4b820f41c?s=96&d=mm&r=g","contentUrl":"https:\/\/secure.gravatar.com\/avatar\/729bea6ff4604c624417803c477363be8e3c7186deaa65713313f9b4b820f41c?s=96&d=mm&r=g","caption":"Jo\u00ebl Diawa"},"sameAs":["https:\/\/www.infos-droitshumains.net"],"url":"https:\/\/infos-droitshumains.net\/?author=2"}]}},"featured_image_urls":{"full":["https:\/\/i0.wp.com\/infos-droitshumains.net\/wp-content\/uploads\/2022\/06\/images-40_2.jpeg?fit=500%2C366&ssl=1",500,366,false],"thumbnail":["https:\/\/i0.wp.com\/infos-droitshumains.net\/wp-content\/uploads\/2022\/06\/images-40_2.jpeg?resize=150%2C150&ssl=1",150,150,true],"medium":["https:\/\/i0.wp.com\/infos-droitshumains.net\/wp-content\/uploads\/2022\/06\/images-40_2.jpeg?fit=300%2C220&ssl=1",300,220,true],"medium_large":["https:\/\/i0.wp.com\/infos-droitshumains.net\/wp-content\/uploads\/2022\/06\/images-40_2.jpeg?fit=500%2C366&ssl=1",500,366,true],"large":["https:\/\/i0.wp.com\/infos-droitshumains.net\/wp-content\/uploads\/2022\/06\/images-40_2.jpeg?fit=500%2C366&ssl=1",500,366,true],"1536x1536":["https:\/\/i0.wp.com\/infos-droitshumains.net\/wp-content\/uploads\/2022\/06\/images-40_2.jpeg?fit=500%2C366&ssl=1",500,366,true],"2048x2048":["https:\/\/i0.wp.com\/infos-droitshumains.net\/wp-content\/uploads\/2022\/06\/images-40_2.jpeg?fit=500%2C366&ssl=1",500,366,true],"covernews-slider-full":["https:\/\/i0.wp.com\/infos-droitshumains.net\/wp-content\/uploads\/2022\/06\/images-40_2.jpeg?resize=500%2C366&ssl=1",500,366,true],"covernews-slider-center":["https:\/\/i0.wp.com\/infos-droitshumains.net\/wp-content\/uploads\/2022\/06\/images-40_2.jpeg?resize=500%2C366&ssl=1",500,366,true],"covernews-featured":["https:\/\/i0.wp.com\/infos-droitshumains.net\/wp-content\/uploads\/2022\/06\/images-40_2.jpeg?fit=500%2C366&ssl=1",500,366,true],"covernews-medium":["https:\/\/i0.wp.com\/infos-droitshumains.net\/wp-content\/uploads\/2022\/06\/images-40_2.jpeg?resize=500%2C340&ssl=1",500,340,true],"covernews-medium-square":["https:\/\/i0.wp.com\/infos-droitshumains.net\/wp-content\/uploads\/2022\/06\/images-40_2.jpeg?resize=400%2C250&ssl=1",400,250,true]},"author_info":{"display_name":"Jo\u00ebl Diawa","author_link":"https:\/\/infos-droitshumains.net\/?author=2"},"category_info":"<a href=\"https:\/\/infos-droitshumains.net\/?cat=8\" rel=\"category\">Soci\u00e9t\u00e9<\/a>","tag_info":"Soci\u00e9t\u00e9","comment_count":"0","jetpack_featured_media_url":"https:\/\/i0.wp.com\/infos-droitshumains.net\/wp-content\/uploads\/2022\/06\/images-40_2.jpeg?fit=500%2C366&ssl=1","jetpack-related-posts":[],"jetpack_sharing_enabled":true,"_links":{"self":[{"href":"https:\/\/infos-droitshumains.net\/index.php?rest_route=\/wp\/v2\/posts\/4417","targetHints":{"allow":["GET"]}}],"collection":[{"href":"https:\/\/infos-droitshumains.net\/index.php?rest_route=\/wp\/v2\/posts"}],"about":[{"href":"https:\/\/infos-droitshumains.net\/index.php?rest_route=\/wp\/v2\/types\/post"}],"author":[{"embeddable":true,"href":"https:\/\/infos-droitshumains.net\/index.php?rest_route=\/wp\/v2\/users\/2"}],"replies":[{"embeddable":true,"href":"https:\/\/infos-droitshumains.net\/index.php?rest_route=%2Fwp%2Fv2%2Fcomments&post=4417"}],"version-history":[{"count":13,"href":"https:\/\/infos-droitshumains.net\/index.php?rest_route=\/wp\/v2\/posts\/4417\/revisions"}],"predecessor-version":[{"id":4438,"href":"https:\/\/infos-droitshumains.net\/index.php?rest_route=\/wp\/v2\/posts\/4417\/revisions\/4438"}],"wp:featuredmedia":[{"embeddable":true,"href":"https:\/\/infos-droitshumains.net\/index.php?rest_route=\/wp\/v2\/media\/4420"}],"wp:attachment":[{"href":"https:\/\/infos-droitshumains.net\/index.php?rest_route=%2Fwp%2Fv2%2Fmedia&parent=4417"}],"wp:term":[{"taxonomy":"category","embeddable":true,"href":"https:\/\/infos-droitshumains.net\/index.php?rest_route=%2Fwp%2Fv2%2Fcategories&post=4417"},{"taxonomy":"post_tag","embeddable":true,"href":"https:\/\/infos-droitshumains.net\/index.php?rest_route=%2Fwp%2Fv2%2Ftags&post=4417"}],"curies":[{"name":"wp","href":"https:\/\/api.w.org\/{rel}","templated":true}]}}