{"id":4398,"date":"2022-06-22T13:45:09","date_gmt":"2022-06-22T11:45:09","guid":{"rendered":"https:\/\/infos-droitshumains.net\/?p=4398"},"modified":"2022-06-22T14:07:57","modified_gmt":"2022-06-22T12:07:57","slug":"hommages-a-patrice-emery-lumumba-a-bruxelles-le-premier-vice-president-du-senat-congolais-sengage-de-continuer-a-defendre-les-valeurs-de-democratie-de-lancien-premier-ministre","status":"publish","type":"post","link":"https:\/\/infos-droitshumains.net\/?p=4398","title":{"rendered":"Hommages \u00e0 Patrice Emery Lumumba \u00e0 Bruxelles : Le Premier Vice-Pr\u00e9sident du S\u00e9nat congolais s\u2019engage \u00e0 continuer la d\u00e9fense des valeurs d\u00e9mocratiques l\u00e9gu\u00e9es par l\u2019ancien Premier-Ministre"},"content":{"rendered":"\n<p><strong>R\u00e9daction :+243817406088<\/strong><\/p>\n\n\n\n<p><strong>Le Premier Vice-Pr\u00e9sident de la chambre haute du Parlement, le s\u00e9nateur Eddy Mundela Kanku s&rsquo;est inclin\u00e9 ce mardi 21 Juin, devant la relique de Patrice Emery Lumumba.<\/strong><\/p>\n\n\n\n<p>Cette c\u00e9r\u00e9monie a eu lieu \u00e0 l&rsquo;ambassade de la R\u00e9publique D\u00e9mocratique du Congo \u00e0 Bruxelles o\u00f9 la d\u00e9pouille du tout premier Premier-Ministre est expos\u00e9. Durant plusieurs heures, le s\u00e9nateur Eddy Mundela Kanku a rumin\u00e9 le pass\u00e9 sombre de son pays, qui se dissipe \u00e0 travers les relations bilat\u00e9rales qu&rsquo;entretiennent d\u00e9sormais son pays et le Royaume de Belgique.<\/p>\n\n\n\n<figure class=\"wp-block-image alignfull size-full\"><img data-recalc-dims=\"1\" fetchpriority=\"high\" decoding=\"async\" width=\"640\" height=\"426\" src=\"https:\/\/i0.wp.com\/infos-droitshumains.net\/wp-content\/uploads\/2022\/06\/IMG-20220622-WA0003_1.jpg?resize=640%2C426&#038;ssl=1\" alt=\"\" class=\"wp-image-4402\" srcset=\"https:\/\/i0.wp.com\/infos-droitshumains.net\/wp-content\/uploads\/2022\/06\/IMG-20220622-WA0003_1.jpg?w=1000&amp;ssl=1 1000w, https:\/\/i0.wp.com\/infos-droitshumains.net\/wp-content\/uploads\/2022\/06\/IMG-20220622-WA0003_1.jpg?resize=300%2C200&amp;ssl=1 300w, https:\/\/i0.wp.com\/infos-droitshumains.net\/wp-content\/uploads\/2022\/06\/IMG-20220622-WA0003_1.jpg?resize=768%2C511&amp;ssl=1 768w\" sizes=\"(max-width: 640px) 100vw, 640px\" \/><\/figure>\n\n\n\n<p>Aux c\u00f4t\u00e9s du Premier-Ministre, Jean-Michel Sama Lukonde qui a baptis\u00e9 la salle des r\u00e9unions de l&rsquo;ambassade de la RDC \u00e0 Bruxelles du nom de Patrice Emery Lumumba, Eddy Mundela Kanku a inscrit son nom au registre des condol\u00e9ances et a eu des mots justes pour rendre hommage ce h\u00e9ros national.<\/p>\n\n\n\n<figure class=\"wp-block-image alignfull size-full\"><img data-recalc-dims=\"1\" decoding=\"async\" width=\"640\" height=\"426\" src=\"https:\/\/i0.wp.com\/infos-droitshumains.net\/wp-content\/uploads\/2022\/06\/IMG-20220622-WA0008_1.jpg?resize=640%2C426&#038;ssl=1\" alt=\"\" class=\"wp-image-4407\" srcset=\"https:\/\/i0.wp.com\/infos-droitshumains.net\/wp-content\/uploads\/2022\/06\/IMG-20220622-WA0008_1.jpg?w=1000&amp;ssl=1 1000w, https:\/\/i0.wp.com\/infos-droitshumains.net\/wp-content\/uploads\/2022\/06\/IMG-20220622-WA0008_1.jpg?resize=300%2C200&amp;ssl=1 300w, https:\/\/i0.wp.com\/infos-droitshumains.net\/wp-content\/uploads\/2022\/06\/IMG-20220622-WA0008_1.jpg?resize=768%2C511&amp;ssl=1 768w\" sizes=\"(max-width: 640px) 100vw, 640px\" \/><\/figure>\n\n\n\n<p><em>\u00ab Cher Patrice Emery Lumumba, aujourd&rsquo;hui est un grand jour pour ta nation. Congolais que je suis, je salue ta m\u00e9moire car, plus d&rsquo;un demi-si\u00e8cle apr\u00e8s, le retour de tes restes est enfin effectif \u00bb,<\/em> a t-il \u00e9crit dans le livre de condol\u00e9ances.<\/p>\n\n\n\n<figure class=\"wp-block-image alignfull size-full\"><img data-recalc-dims=\"1\" decoding=\"async\" width=\"640\" height=\"426\" src=\"https:\/\/i0.wp.com\/infos-droitshumains.net\/wp-content\/uploads\/2022\/06\/IMG-20220622-WA0006_1.jpg?resize=640%2C426&#038;ssl=1\" alt=\"\" class=\"wp-image-4410\" srcset=\"https:\/\/i0.wp.com\/infos-droitshumains.net\/wp-content\/uploads\/2022\/06\/IMG-20220622-WA0006_1.jpg?w=1000&amp;ssl=1 1000w, https:\/\/i0.wp.com\/infos-droitshumains.net\/wp-content\/uploads\/2022\/06\/IMG-20220622-WA0006_1.jpg?resize=300%2C200&amp;ssl=1 300w, https:\/\/i0.wp.com\/infos-droitshumains.net\/wp-content\/uploads\/2022\/06\/IMG-20220622-WA0006_1.jpg?resize=768%2C511&amp;ssl=1 768w\" sizes=\"(max-width: 640px) 100vw, 640px\" \/><\/figure>\n\n\n\n<p>A en croire, le s\u00e9nateur Mundela Kanku, qui a assist\u00e9 \u00e0 la remise de la relique de Lumumba \u00e0 sa famille biologique au Palais d&rsquo;Egmont de Bruxelles, ce geste augure une nouvelle \u00e8re des relations entre les deux Etats.<\/p>\n\n\n\n<p><em>\u00ab Cet acte de restitution est un geste louable qui va davantage renforcer nos relations entre la RD Congo et la Belgique. Ton peuple te promets de continuer ta lutte et \u00e0 d\u00e9fendre tes valeurs de d\u00e9mocratie, de libert\u00e9 et la dignit\u00e9 \u00bb, <\/em>a conclu celui qui est consid\u00e9r\u00e9 comme l\u2019Homme de la diplomatie parlementaire.<\/p>\n\n\n\n<p>D\u00e8s ce mercredi 22 Juin, les hommages au h\u00e9ros national vont commencer en RDC \u00e0 travers quelques provinces dont le Sankuru, la Tshopo, le Haut-Katanga et Kinshasa. C&rsquo;est le 30 juin 2022, date de l&rsquo;ind\u00e9pendance, que la d\u00e9pouille sera enfin inhum\u00e9e au mausol\u00e9e am\u00e9nag\u00e9 \u00e0 la Place de l&rsquo;\u00e9changeur \u00e0 Kinshasa.<\/p>\n\n\n\n<p>Jo\u00ebl Diawa<\/p>\n","protected":false},"excerpt":{"rendered":"<p>R\u00e9daction :+243817406088 Le Premier Vice-Pr\u00e9sident de la chambre haute du Parlement, le s\u00e9nateur Eddy Mundela&#8230;<\/p>\n","protected":false},"author":2,"featured_media":4400,"comment_status":"open","ping_status":"open","sticky":false,"template":"","format":"standard","meta":{"_jetpack_memberships_contains_paid_content":false,"footnotes":""},"categories":[3],"tags":[],"class_list":["post-4398","post","type-post","status-publish","format-standard","has-post-thumbnail","hentry","category-politique"],"yoast_head":"<!-- This site is optimized with the Yoast SEO plugin v27.5 - https:\/\/yoast.com\/product\/yoast-seo-wordpress\/ -->\n<title>Hommages \u00e0 Patrice Emery Lumumba \u00e0 Bruxelles : Le Premier Vice-Pr\u00e9sident du S\u00e9nat congolais s\u2019engage \u00e0 continuer la d\u00e9fense des valeurs d\u00e9mocratiques l\u00e9gu\u00e9es par l\u2019ancien Premier-Ministre - Infos Droits Humains<\/title>\n<meta name=\"robots\" content=\"index, follow, max-snippet:-1, max-image-preview:large, max-video-preview:-1\" \/>\n<link rel=\"canonical\" href=\"https:\/\/infos-droitshumains.net\/?p=4398\" \/>\n<meta property=\"og:locale\" content=\"fr_FR\" \/>\n<meta property=\"og:type\" content=\"article\" \/>\n<meta property=\"og:title\" content=\"Hommages \u00e0 Patrice Emery Lumumba \u00e0 Bruxelles : Le Premier Vice-Pr\u00e9sident du S\u00e9nat congolais s\u2019engage \u00e0 continuer la d\u00e9fense des valeurs d\u00e9mocratiques l\u00e9gu\u00e9es par l\u2019ancien Premier-Ministre - Infos Droits Humains\" \/>\n<meta property=\"og:description\" content=\"R\u00e9daction :+243817406088 Le Premier Vice-Pr\u00e9sident de la chambre haute du Parlement, le s\u00e9nateur Eddy Mundela...\" \/>\n<meta property=\"og:url\" content=\"https:\/\/infos-droitshumains.net\/?p=4398\" \/>\n<meta property=\"og:site_name\" content=\"Infos Droits Humains\" \/>\n<meta property=\"article:published_time\" content=\"2022-06-22T11:45:09+00:00\" \/>\n<meta property=\"article:modified_time\" content=\"2022-06-22T12:07:57+00:00\" \/>\n<meta property=\"og:image\" content=\"https:\/\/i0.wp.com\/infos-droitshumains.net\/wp-content\/uploads\/2022\/06\/IMG-20220622-WA0004_2.jpg?fit=1000%2C638&ssl=1\" \/>\n\t<meta property=\"og:image:width\" content=\"1000\" \/>\n\t<meta property=\"og:image:height\" content=\"638\" \/>\n\t<meta property=\"og:image:type\" content=\"image\/jpeg\" \/>\n<meta name=\"author\" content=\"Jo\u00ebl Diawa\" \/>\n<meta name=\"twitter:card\" content=\"summary_large_image\" \/>\n<meta name=\"twitter:label1\" content=\"\u00c9crit par\" \/>\n\t<meta name=\"twitter:data1\" content=\"Jo\u00ebl Diawa\" \/>\n\t<meta name=\"twitter:label2\" content=\"Dur\u00e9e de lecture estim\u00e9e\" \/>\n\t<meta name=\"twitter:data2\" content=\"2 minutes\" \/>\n<script type=\"application\/ld+json\" class=\"yoast-schema-graph\">{\"@context\":\"https:\\\/\\\/schema.org\",\"@graph\":[{\"@type\":\"Article\",\"@id\":\"https:\\\/\\\/infos-droitshumains.net\\\/?p=4398#article\",\"isPartOf\":{\"@id\":\"https:\\\/\\\/infos-droitshumains.net\\\/?p=4398\"},\"author\":{\"name\":\"Jo\u00ebl Diawa\",\"@id\":\"https:\\\/\\\/infos-droitshumains.net\\\/#\\\/schema\\\/person\\\/3dc5e921c3302172e0ed4362f96faab7\"},\"headline\":\"Hommages \u00e0 Patrice Emery Lumumba \u00e0 Bruxelles : Le Premier Vice-Pr\u00e9sident du S\u00e9nat congolais s\u2019engage \u00e0 continuer la d\u00e9fense des valeurs d\u00e9mocratiques l\u00e9gu\u00e9es par l\u2019ancien Premier-Ministre\",\"datePublished\":\"2022-06-22T11:45:09+00:00\",\"dateModified\":\"2022-06-22T12:07:57+00:00\",\"mainEntityOfPage\":{\"@id\":\"https:\\\/\\\/infos-droitshumains.net\\\/?p=4398\"},\"wordCount\":371,\"commentCount\":0,\"publisher\":{\"@id\":\"https:\\\/\\\/infos-droitshumains.net\\\/#organization\"},\"image\":{\"@id\":\"https:\\\/\\\/infos-droitshumains.net\\\/?p=4398#primaryimage\"},\"thumbnailUrl\":\"https:\\\/\\\/i0.wp.com\\\/infos-droitshumains.net\\\/wp-content\\\/uploads\\\/2022\\\/06\\\/IMG-20220622-WA0004_2.jpg?fit=1000%2C638&ssl=1\",\"articleSection\":[\"Politique\"],\"inLanguage\":\"fr-FR\",\"potentialAction\":[{\"@type\":\"CommentAction\",\"name\":\"Comment\",\"target\":[\"https:\\\/\\\/infos-droitshumains.net\\\/?p=4398#respond\"]}]},{\"@type\":\"WebPage\",\"@id\":\"https:\\\/\\\/infos-droitshumains.net\\\/?p=4398\",\"url\":\"https:\\\/\\\/infos-droitshumains.net\\\/?p=4398\",\"name\":\"Hommages \u00e0 Patrice Emery Lumumba \u00e0 Bruxelles : Le Premier Vice-Pr\u00e9sident du S\u00e9nat congolais s\u2019engage \u00e0 continuer la d\u00e9fense des valeurs d\u00e9mocratiques l\u00e9gu\u00e9es par l\u2019ancien Premier-Ministre - Infos Droits Humains\",\"isPartOf\":{\"@id\":\"https:\\\/\\\/infos-droitshumains.net\\\/#website\"},\"primaryImageOfPage\":{\"@id\":\"https:\\\/\\\/infos-droitshumains.net\\\/?p=4398#primaryimage\"},\"image\":{\"@id\":\"https:\\\/\\\/infos-droitshumains.net\\\/?p=4398#primaryimage\"},\"thumbnailUrl\":\"https:\\\/\\\/i0.wp.com\\\/infos-droitshumains.net\\\/wp-content\\\/uploads\\\/2022\\\/06\\\/IMG-20220622-WA0004_2.jpg?fit=1000%2C638&ssl=1\",\"datePublished\":\"2022-06-22T11:45:09+00:00\",\"dateModified\":\"2022-06-22T12:07:57+00:00\",\"breadcrumb\":{\"@id\":\"https:\\\/\\\/infos-droitshumains.net\\\/?p=4398#breadcrumb\"},\"inLanguage\":\"fr-FR\",\"potentialAction\":[{\"@type\":\"ReadAction\",\"target\":[\"https:\\\/\\\/infos-droitshumains.net\\\/?p=4398\"]}]},{\"@type\":\"ImageObject\",\"inLanguage\":\"fr-FR\",\"@id\":\"https:\\\/\\\/infos-droitshumains.net\\\/?p=4398#primaryimage\",\"url\":\"https:\\\/\\\/i0.wp.com\\\/infos-droitshumains.net\\\/wp-content\\\/uploads\\\/2022\\\/06\\\/IMG-20220622-WA0004_2.jpg?fit=1000%2C638&ssl=1\",\"contentUrl\":\"https:\\\/\\\/i0.wp.com\\\/infos-droitshumains.net\\\/wp-content\\\/uploads\\\/2022\\\/06\\\/IMG-20220622-WA0004_2.jpg?fit=1000%2C638&ssl=1\",\"width\":1000,\"height\":638},{\"@type\":\"BreadcrumbList\",\"@id\":\"https:\\\/\\\/infos-droitshumains.net\\\/?p=4398#breadcrumb\",\"itemListElement\":[{\"@type\":\"ListItem\",\"position\":1,\"name\":\"Accueil\",\"item\":\"https:\\\/\\\/infos-droitshumains.net\\\/\"},{\"@type\":\"ListItem\",\"position\":2,\"name\":\"Hommages \u00e0 Patrice Emery Lumumba \u00e0 Bruxelles : Le Premier Vice-Pr\u00e9sident du S\u00e9nat congolais s\u2019engage \u00e0 continuer la d\u00e9fense des valeurs d\u00e9mocratiques l\u00e9gu\u00e9es par l\u2019ancien Premier-Ministre\"}]},{\"@type\":\"WebSite\",\"@id\":\"https:\\\/\\\/infos-droitshumains.net\\\/#website\",\"url\":\"https:\\\/\\\/infos-droitshumains.net\\\/\",\"name\":\"Infos Droits Humains\",\"description\":\"S&#039;informer est un droit\",\"publisher\":{\"@id\":\"https:\\\/\\\/infos-droitshumains.net\\\/#organization\"},\"potentialAction\":[{\"@type\":\"SearchAction\",\"target\":{\"@type\":\"EntryPoint\",\"urlTemplate\":\"https:\\\/\\\/infos-droitshumains.net\\\/?s={search_term_string}\"},\"query-input\":{\"@type\":\"PropertyValueSpecification\",\"valueRequired\":true,\"valueName\":\"search_term_string\"}}],\"inLanguage\":\"fr-FR\"},{\"@type\":\"Organization\",\"@id\":\"https:\\\/\\\/infos-droitshumains.net\\\/#organization\",\"name\":\"Infos Droits Humains\",\"url\":\"https:\\\/\\\/infos-droitshumains.net\\\/\",\"logo\":{\"@type\":\"ImageObject\",\"inLanguage\":\"fr-FR\",\"@id\":\"https:\\\/\\\/infos-droitshumains.net\\\/#\\\/schema\\\/logo\\\/image\\\/\",\"url\":\"https:\\\/\\\/i0.wp.com\\\/infos-droitshumains.net\\\/wp-content\\\/uploads\\\/2022\\\/05\\\/Logo.png?fit=333%2C129&ssl=1\",\"contentUrl\":\"https:\\\/\\\/i0.wp.com\\\/infos-droitshumains.net\\\/wp-content\\\/uploads\\\/2022\\\/05\\\/Logo.png?fit=333%2C129&ssl=1\",\"width\":333,\"height\":129,\"caption\":\"Infos Droits Humains\"},\"image\":{\"@id\":\"https:\\\/\\\/infos-droitshumains.net\\\/#\\\/schema\\\/logo\\\/image\\\/\"}},{\"@type\":\"Person\",\"@id\":\"https:\\\/\\\/infos-droitshumains.net\\\/#\\\/schema\\\/person\\\/3dc5e921c3302172e0ed4362f96faab7\",\"name\":\"Jo\u00ebl Diawa\",\"image\":{\"@type\":\"ImageObject\",\"inLanguage\":\"fr-FR\",\"@id\":\"https:\\\/\\\/secure.gravatar.com\\\/avatar\\\/729bea6ff4604c624417803c477363be8e3c7186deaa65713313f9b4b820f41c?s=96&d=mm&r=g\",\"url\":\"https:\\\/\\\/secure.gravatar.com\\\/avatar\\\/729bea6ff4604c624417803c477363be8e3c7186deaa65713313f9b4b820f41c?s=96&d=mm&r=g\",\"contentUrl\":\"https:\\\/\\\/secure.gravatar.com\\\/avatar\\\/729bea6ff4604c624417803c477363be8e3c7186deaa65713313f9b4b820f41c?s=96&d=mm&r=g\",\"caption\":\"Jo\u00ebl Diawa\"},\"sameAs\":[\"https:\\\/\\\/www.infos-droitshumains.net\"],\"url\":\"https:\\\/\\\/infos-droitshumains.net\\\/?author=2\"}]}<\/script>\n<!-- \/ Yoast SEO plugin. -->","yoast_head_json":{"title":"Hommages \u00e0 Patrice Emery Lumumba \u00e0 Bruxelles : Le Premier Vice-Pr\u00e9sident du S\u00e9nat congolais s\u2019engage \u00e0 continuer la d\u00e9fense des valeurs d\u00e9mocratiques l\u00e9gu\u00e9es par l\u2019ancien Premier-Ministre - Infos Droits Humains","robots":{"index":"index","follow":"follow","max-snippet":"max-snippet:-1","max-image-preview":"max-image-preview:large","max-video-preview":"max-video-preview:-1"},"canonical":"https:\/\/infos-droitshumains.net\/?p=4398","og_locale":"fr_FR","og_type":"article","og_title":"Hommages \u00e0 Patrice Emery Lumumba \u00e0 Bruxelles : Le Premier Vice-Pr\u00e9sident du S\u00e9nat congolais s\u2019engage \u00e0 continuer la d\u00e9fense des valeurs d\u00e9mocratiques l\u00e9gu\u00e9es par l\u2019ancien Premier-Ministre - Infos Droits Humains","og_description":"R\u00e9daction :+243817406088 Le Premier Vice-Pr\u00e9sident de la chambre haute du Parlement, le s\u00e9nateur Eddy Mundela...","og_url":"https:\/\/infos-droitshumains.net\/?p=4398","og_site_name":"Infos Droits Humains","article_published_time":"2022-06-22T11:45:09+00:00","article_modified_time":"2022-06-22T12:07:57+00:00","og_image":[{"width":1000,"height":638,"url":"https:\/\/i0.wp.com\/infos-droitshumains.net\/wp-content\/uploads\/2022\/06\/IMG-20220622-WA0004_2.jpg?fit=1000%2C638&ssl=1","type":"image\/jpeg"}],"author":"Jo\u00ebl Diawa","twitter_card":"summary_large_image","twitter_misc":{"\u00c9crit par":"Jo\u00ebl Diawa","Dur\u00e9e de lecture estim\u00e9e":"2 minutes"},"schema":{"@context":"https:\/\/schema.org","@graph":[{"@type":"Article","@id":"https:\/\/infos-droitshumains.net\/?p=4398#article","isPartOf":{"@id":"https:\/\/infos-droitshumains.net\/?p=4398"},"author":{"name":"Jo\u00ebl Diawa","@id":"https:\/\/infos-droitshumains.net\/#\/schema\/person\/3dc5e921c3302172e0ed4362f96faab7"},"headline":"Hommages \u00e0 Patrice Emery Lumumba \u00e0 Bruxelles : Le Premier Vice-Pr\u00e9sident du S\u00e9nat congolais s\u2019engage \u00e0 continuer la d\u00e9fense des valeurs d\u00e9mocratiques l\u00e9gu\u00e9es par l\u2019ancien Premier-Ministre","datePublished":"2022-06-22T11:45:09+00:00","dateModified":"2022-06-22T12:07:57+00:00","mainEntityOfPage":{"@id":"https:\/\/infos-droitshumains.net\/?p=4398"},"wordCount":371,"commentCount":0,"publisher":{"@id":"https:\/\/infos-droitshumains.net\/#organization"},"image":{"@id":"https:\/\/infos-droitshumains.net\/?p=4398#primaryimage"},"thumbnailUrl":"https:\/\/i0.wp.com\/infos-droitshumains.net\/wp-content\/uploads\/2022\/06\/IMG-20220622-WA0004_2.jpg?fit=1000%2C638&ssl=1","articleSection":["Politique"],"inLanguage":"fr-FR","potentialAction":[{"@type":"CommentAction","name":"Comment","target":["https:\/\/infos-droitshumains.net\/?p=4398#respond"]}]},{"@type":"WebPage","@id":"https:\/\/infos-droitshumains.net\/?p=4398","url":"https:\/\/infos-droitshumains.net\/?p=4398","name":"Hommages \u00e0 Patrice Emery Lumumba \u00e0 Bruxelles : Le Premier Vice-Pr\u00e9sident du S\u00e9nat congolais s\u2019engage \u00e0 continuer la d\u00e9fense des valeurs d\u00e9mocratiques l\u00e9gu\u00e9es par l\u2019ancien Premier-Ministre - Infos Droits Humains","isPartOf":{"@id":"https:\/\/infos-droitshumains.net\/#website"},"primaryImageOfPage":{"@id":"https:\/\/infos-droitshumains.net\/?p=4398#primaryimage"},"image":{"@id":"https:\/\/infos-droitshumains.net\/?p=4398#primaryimage"},"thumbnailUrl":"https:\/\/i0.wp.com\/infos-droitshumains.net\/wp-content\/uploads\/2022\/06\/IMG-20220622-WA0004_2.jpg?fit=1000%2C638&ssl=1","datePublished":"2022-06-22T11:45:09+00:00","dateModified":"2022-06-22T12:07:57+00:00","breadcrumb":{"@id":"https:\/\/infos-droitshumains.net\/?p=4398#breadcrumb"},"inLanguage":"fr-FR","potentialAction":[{"@type":"ReadAction","target":["https:\/\/infos-droitshumains.net\/?p=4398"]}]},{"@type":"ImageObject","inLanguage":"fr-FR","@id":"https:\/\/infos-droitshumains.net\/?p=4398#primaryimage","url":"https:\/\/i0.wp.com\/infos-droitshumains.net\/wp-content\/uploads\/2022\/06\/IMG-20220622-WA0004_2.jpg?fit=1000%2C638&ssl=1","contentUrl":"https:\/\/i0.wp.com\/infos-droitshumains.net\/wp-content\/uploads\/2022\/06\/IMG-20220622-WA0004_2.jpg?fit=1000%2C638&ssl=1","width":1000,"height":638},{"@type":"BreadcrumbList","@id":"https:\/\/infos-droitshumains.net\/?p=4398#breadcrumb","itemListElement":[{"@type":"ListItem","position":1,"name":"Accueil","item":"https:\/\/infos-droitshumains.net\/"},{"@type":"ListItem","position":2,"name":"Hommages \u00e0 Patrice Emery Lumumba \u00e0 Bruxelles : Le Premier Vice-Pr\u00e9sident du S\u00e9nat congolais s\u2019engage \u00e0 continuer la d\u00e9fense des valeurs d\u00e9mocratiques l\u00e9gu\u00e9es par l\u2019ancien Premier-Ministre"}]},{"@type":"WebSite","@id":"https:\/\/infos-droitshumains.net\/#website","url":"https:\/\/infos-droitshumains.net\/","name":"Infos Droits Humains","description":"S&#039;informer est un droit","publisher":{"@id":"https:\/\/infos-droitshumains.net\/#organization"},"potentialAction":[{"@type":"SearchAction","target":{"@type":"EntryPoint","urlTemplate":"https:\/\/infos-droitshumains.net\/?s={search_term_string}"},"query-input":{"@type":"PropertyValueSpecification","valueRequired":true,"valueName":"search_term_string"}}],"inLanguage":"fr-FR"},{"@type":"Organization","@id":"https:\/\/infos-droitshumains.net\/#organization","name":"Infos Droits Humains","url":"https:\/\/infos-droitshumains.net\/","logo":{"@type":"ImageObject","inLanguage":"fr-FR","@id":"https:\/\/infos-droitshumains.net\/#\/schema\/logo\/image\/","url":"https:\/\/i0.wp.com\/infos-droitshumains.net\/wp-content\/uploads\/2022\/05\/Logo.png?fit=333%2C129&ssl=1","contentUrl":"https:\/\/i0.wp.com\/infos-droitshumains.net\/wp-content\/uploads\/2022\/05\/Logo.png?fit=333%2C129&ssl=1","width":333,"height":129,"caption":"Infos Droits Humains"},"image":{"@id":"https:\/\/infos-droitshumains.net\/#\/schema\/logo\/image\/"}},{"@type":"Person","@id":"https:\/\/infos-droitshumains.net\/#\/schema\/person\/3dc5e921c3302172e0ed4362f96faab7","name":"Jo\u00ebl Diawa","image":{"@type":"ImageObject","inLanguage":"fr-FR","@id":"https:\/\/secure.gravatar.com\/avatar\/729bea6ff4604c624417803c477363be8e3c7186deaa65713313f9b4b820f41c?s=96&d=mm&r=g","url":"https:\/\/secure.gravatar.com\/avatar\/729bea6ff4604c624417803c477363be8e3c7186deaa65713313f9b4b820f41c?s=96&d=mm&r=g","contentUrl":"https:\/\/secure.gravatar.com\/avatar\/729bea6ff4604c624417803c477363be8e3c7186deaa65713313f9b4b820f41c?s=96&d=mm&r=g","caption":"Jo\u00ebl Diawa"},"sameAs":["https:\/\/www.infos-droitshumains.net"],"url":"https:\/\/infos-droitshumains.net\/?author=2"}]}},"featured_image_urls":{"full":["https:\/\/i0.wp.com\/infos-droitshumains.net\/wp-content\/uploads\/2022\/06\/IMG-20220622-WA0004_2.jpg?fit=1000%2C638&ssl=1",1000,638,false],"thumbnail":["https:\/\/i0.wp.com\/infos-droitshumains.net\/wp-content\/uploads\/2022\/06\/IMG-20220622-WA0004_2.jpg?resize=150%2C150&ssl=1",150,150,true],"medium":["https:\/\/i0.wp.com\/infos-droitshumains.net\/wp-content\/uploads\/2022\/06\/IMG-20220622-WA0004_2.jpg?fit=300%2C191&ssl=1",300,191,true],"medium_large":["https:\/\/i0.wp.com\/infos-droitshumains.net\/wp-content\/uploads\/2022\/06\/IMG-20220622-WA0004_2.jpg?fit=640%2C408&ssl=1",640,408,true],"large":["https:\/\/i0.wp.com\/infos-droitshumains.net\/wp-content\/uploads\/2022\/06\/IMG-20220622-WA0004_2.jpg?fit=640%2C408&ssl=1",640,408,true],"1536x1536":["https:\/\/i0.wp.com\/infos-droitshumains.net\/wp-content\/uploads\/2022\/06\/IMG-20220622-WA0004_2.jpg?fit=1000%2C638&ssl=1",1000,638,true],"2048x2048":["https:\/\/i0.wp.com\/infos-droitshumains.net\/wp-content\/uploads\/2022\/06\/IMG-20220622-WA0004_2.jpg?fit=1000%2C638&ssl=1",1000,638,true],"covernews-slider-full":["https:\/\/i0.wp.com\/infos-droitshumains.net\/wp-content\/uploads\/2022\/06\/IMG-20220622-WA0004_2.jpg?resize=1000%2C638&ssl=1",1000,638,true],"covernews-slider-center":["https:\/\/i0.wp.com\/infos-droitshumains.net\/wp-content\/uploads\/2022\/06\/IMG-20220622-WA0004_2.jpg?resize=800%2C500&ssl=1",800,500,true],"covernews-featured":["https:\/\/i0.wp.com\/infos-droitshumains.net\/wp-content\/uploads\/2022\/06\/IMG-20220622-WA0004_2.jpg?fit=1000%2C638&ssl=1",1000,638,true],"covernews-medium":["https:\/\/i0.wp.com\/infos-droitshumains.net\/wp-content\/uploads\/2022\/06\/IMG-20220622-WA0004_2.jpg?resize=540%2C340&ssl=1",540,340,true],"covernews-medium-square":["https:\/\/i0.wp.com\/infos-droitshumains.net\/wp-content\/uploads\/2022\/06\/IMG-20220622-WA0004_2.jpg?resize=400%2C250&ssl=1",400,250,true]},"author_info":{"display_name":"Jo\u00ebl Diawa","author_link":"https:\/\/infos-droitshumains.net\/?author=2"},"category_info":"<a href=\"https:\/\/infos-droitshumains.net\/?cat=3\" rel=\"category\">Politique<\/a>","tag_info":"Politique","comment_count":"0","jetpack_featured_media_url":"https:\/\/i0.wp.com\/infos-droitshumains.net\/wp-content\/uploads\/2022\/06\/IMG-20220622-WA0004_2.jpg?fit=1000%2C638&ssl=1","jetpack-related-posts":[],"jetpack_sharing_enabled":true,"_links":{"self":[{"href":"https:\/\/infos-droitshumains.net\/index.php?rest_route=\/wp\/v2\/posts\/4398","targetHints":{"allow":["GET"]}}],"collection":[{"href":"https:\/\/infos-droitshumains.net\/index.php?rest_route=\/wp\/v2\/posts"}],"about":[{"href":"https:\/\/infos-droitshumains.net\/index.php?rest_route=\/wp\/v2\/types\/post"}],"author":[{"embeddable":true,"href":"https:\/\/infos-droitshumains.net\/index.php?rest_route=\/wp\/v2\/users\/2"}],"replies":[{"embeddable":true,"href":"https:\/\/infos-droitshumains.net\/index.php?rest_route=%2Fwp%2Fv2%2Fcomments&post=4398"}],"version-history":[{"count":9,"href":"https:\/\/infos-droitshumains.net\/index.php?rest_route=\/wp\/v2\/posts\/4398\/revisions"}],"predecessor-version":[{"id":4415,"href":"https:\/\/infos-droitshumains.net\/index.php?rest_route=\/wp\/v2\/posts\/4398\/revisions\/4415"}],"wp:featuredmedia":[{"embeddable":true,"href":"https:\/\/infos-droitshumains.net\/index.php?rest_route=\/wp\/v2\/media\/4400"}],"wp:attachment":[{"href":"https:\/\/infos-droitshumains.net\/index.php?rest_route=%2Fwp%2Fv2%2Fmedia&parent=4398"}],"wp:term":[{"taxonomy":"category","embeddable":true,"href":"https:\/\/infos-droitshumains.net\/index.php?rest_route=%2Fwp%2Fv2%2Fcategories&post=4398"},{"taxonomy":"post_tag","embeddable":true,"href":"https:\/\/infos-droitshumains.net\/index.php?rest_route=%2Fwp%2Fv2%2Ftags&post=4398"}],"curies":[{"name":"wp","href":"https:\/\/api.w.org\/{rel}","templated":true}]}}