{"id":4346,"date":"2022-06-20T19:25:41","date_gmt":"2022-06-20T17:25:41","guid":{"rendered":"https:\/\/infos-droitshumains.net\/?p=4346"},"modified":"2025-02-03T14:34:11","modified_gmt":"2025-02-03T13:34:11","slug":"rdc-le-magistrat-du-parquet-est-il-habilite-a-suspendre-les-travaux","status":"publish","type":"post","link":"https:\/\/infos-droitshumains.net\/?p=4346","title":{"rendered":"RDC: Le Magistrat du parquet est-il habilit\u00e9 \u00e0 suspendre les travaux ?"},"content":{"rendered":"\n<p><strong>R\u00e9daction :+243817406088<\/strong><\/p>\n\n\n\n<p>A Kinshasa, actuellement on ne peut pas passer deux avenues sans apercevoir sur le mur une mention: <strong>\u00ab Suspension des travaux\u2026 \u00bb<\/strong>. Cette pratique n\u00e9e des conflits immobiliers devient de plus en plus r\u00e9currente au fur et \u00e0 mesure que les immeubles poussent comme les champignons. La plupart de suspensions des travaux est ordonn\u00e9e par les magistrats du parquet. Mais la plus grande question qui taraude non seulement les esprits des praticiens du droit, mais aussi de commun de mortel est celle de savoir si les officiers du minist\u00e8re public ont cette comp\u00e9tence d\u2019ordonner la suspension des travaux ?<\/p>\n\n\n\n<p>La question a \u00e9t\u00e9 au centre d\u2019un d\u00e9bat scientifique entre les praticiens du droit dans le cadre du salon juridique initi\u00e9 par Ma\u00eetre Cyrille Mubiala et le procureur Emmanuel Amouri Kitenge.<\/p>\n\n\n\n<p>Deux \u00e9coles ont \u00e9merg\u00e9 tout au long du d\u00e9bat. La premi\u00e8re est celle du Magistrat Emmanuel Amouri qui a soutenu que la suspension des travaux par le minist\u00e8re public est sans toute autre forme de proc\u00e8s qu\u2019une violation de la loi.<\/p>\n\n\n\n<p>Emmanuel Amouri est auteur de l\u2019ouvrage intitul\u00e9 :<strong> \u00ab Mesures provisoires en droit judiciaire congolais \u00bb. <\/strong>Il a expliqu\u00e9 au cours de ce salon juridique que la suspension des travaux est une mesure provisionnelle \u00e0 caract\u00e8re conservatoire. La seule instance \u00e0 suspendre les travaux est <strong>\u00ab le juge civile \u00bb.<\/strong><\/p>\n\n\n\n<p><em>\u00ab Je constate les \u00e9crits partout\u2026 Vous trouvez suspension des travaux. Effectu\u00e9e par qui ? Par le parquet pour un conflit immobilier ou foncier! Nous avons eu \u00e0 r\u00e9fl\u00e9chir sur cette question. Pourquoi cette pratique est en train de se rependre partout ? Un petit conflit, suspension des travaux ! Qui a suspendu, l\u2019officier du minist\u00e8re public. C\u2019est ainsi que nous nous sommes pos\u00e9 la question si ce dernier a le pouvoir de suspendre les travaux. Est-ce que ce pouvoir rel\u00e8ve de sa comp\u00e9tence ? Nous avons parcouru plusieurs textes pour trouver ne fus-ce qu\u2019un endroit ou le l\u00e9gislateur permet au magistrat du parquet de suspendre les travaux. Plusieurs dispositions sont \u00e9voqu\u00e9es dans ma note technique mais nulle part je n\u2019ai vu cette disposition l\u00e9gale \u00bb<\/em>, a laiss\u00e9 entendre le procureur Emmanuel Amouri, orateur du jour.<\/p>\n\n\n\n<p>Ce dernier appuie aussi son argumentaire sur la r\u00e9ponse du Conseil Sup\u00e9rieur de la Magistrature, qui en date du 15 juin 2012, avait d\u00e9clar\u00e9 que <em>\u00ab La suspension des travaux par les magistrats du parquet est une d\u00e9cision ill\u00e9gale\u2026 \u00bb.<\/em><\/p>\n\n\n\n<p>La deuxi\u00e8me \u00e9cole est celle de Maitre Cyrille Mubiala. Elle reconnait l\u2019ill\u00e9galit\u00e9 de cette pratique par les magistrats, mais eu \u00e9gard \u00e0 certaines r\u00e9alit\u00e9s sur terrain, elle plaide pour la r\u00e9vision du code des proc\u00e9dures p\u00e9nales afin de permettre au minist\u00e8re public d\u2019ordonner l\u2019arr\u00eat des travaux.<\/p>\n\n\n\n<p><em>\u00ab Le Tribunal de Grande Instance  en mati\u00e8re civile si\u00e8ge toujours \u00e0 trois juges, vous vous retrouver dans des situations o\u00f9, on n\u2019arrive pas \u00e0 r\u00e9unir les trois juges pour si\u00e9ger. Parce que vous devez obtenir la suspension des travaux face \u00e0 un monsieur qui a une position qui ne vous permet pas de faire face sans la pr\u00e9sence de la justice, dans ce cas, le parquet doit suivre la d\u00e9cision de principe du Conseil Sup\u00e9rieur de la Magistrature ou bien on doit d\u2019abord chercher \u00e0 trouver une solution ? \u00bb<\/em>, a d\u00e9clar\u00e9 Maitre Cyrille Mubiala pour soutenir sa th\u00e8se.<\/p>\n\n\n\n<p>En r\u00e9plique l&rsquo;orateur du jour insiste sur  <em>\u00abla l\u00e9galit\u00e9 qu&rsquo;il ne faut pas d\u00e9consid\u00e9rer au profit d&rsquo;une quelconque cause, car la comp\u00e9tence est d&rsquo;attribution\u00bb.<\/em><\/p>\n\n\n\n<p>L\u2019objectif de ce salon juridique n\u2019est pas d\u2019approuver une position, mais de confronter les id\u00e9es afin de parvenir \u00e0 une conclusion scientifique.<\/p>\n\n\n\n<p><em>\u00ab La seule motivation qui nous a anim\u00e9, c\u2019est le souci d\u2019apprendre, le souci de faire valoir la loi. Nous sommes partis d\u2019un constat que certains faits sont commis en violation de la loi soit par ignorance, soit par arrogance. Il y a lieu de faire valoir la loi, car la justice \u00e9l\u00e8ve une nation dit-on. L&rsquo;orateur du jour, le magistrat Emmanuel Amouri Kitenge, un doctrinaire qui nous alimente avec des sujets de droit tr\u00e8s int\u00e9ressant, il nous a expliqu\u00e9 les contours de cette mesures en nous \u00e9loignant de l\u2019ignorance pour nous ramener sur un terrain de droit. Le d\u00e9bat \u00e9tait houleux, en fin des comptes, on a \u00e9t\u00e9 convaincu parce que c\u2019est la science \u00bb<\/em>, conclu Ma\u00eetre Mubiala.<\/p>\n\n\n\n<p>Le th\u00e8me abord\u00e9 ce jour a donc permis \u00e0 tout praticien du droit de se faire une id\u00e9e juste sur l\u2019instance habilit\u00e9 \u00e0 ordonner la suspension des travaux. Mais ce salon juridique ce veut au m\u00eame moment un lieu de plaidoyer pour que le l\u00e9gislateur fasse \u00e9voluer les textes afin de s\u2019adapter \u00e0 certaines r\u00e9alit\u00e9s.<\/p>\n\n\n\n<p>Joel Diawa<\/p>\n","protected":false},"excerpt":{"rendered":"<p>R\u00e9daction :+243817406088 A Kinshasa, actuellement on ne peut pas passer deux avenues sans apercevoir sur&#8230;<\/p>\n","protected":false},"author":2,"featured_media":4350,"comment_status":"open","ping_status":"open","sticky":false,"template":"","format":"standard","meta":{"_jetpack_memberships_contains_paid_content":false,"footnotes":""},"categories":[6],"tags":[],"class_list":["post-4346","post","type-post","status-publish","format-standard","has-post-thumbnail","hentry","category-justice"],"yoast_head":"<!-- This site is optimized with the Yoast SEO plugin v27.5 - https:\/\/yoast.com\/product\/yoast-seo-wordpress\/ -->\n<title>RDC: Le Magistrat du parquet est-il habilit\u00e9 \u00e0 suspendre les travaux ? - Infos Droits Humains<\/title>\n<meta name=\"robots\" content=\"index, follow, max-snippet:-1, max-image-preview:large, max-video-preview:-1\" \/>\n<link rel=\"canonical\" href=\"https:\/\/infos-droitshumains.net\/?p=4346\" \/>\n<meta property=\"og:locale\" content=\"fr_FR\" \/>\n<meta property=\"og:type\" content=\"article\" \/>\n<meta property=\"og:title\" content=\"RDC: Le Magistrat du parquet est-il habilit\u00e9 \u00e0 suspendre les travaux ? - Infos Droits Humains\" \/>\n<meta property=\"og:description\" content=\"R\u00e9daction :+243817406088 A Kinshasa, actuellement on ne peut pas passer deux avenues sans apercevoir sur...\" \/>\n<meta property=\"og:url\" content=\"https:\/\/infos-droitshumains.net\/?p=4346\" \/>\n<meta property=\"og:site_name\" content=\"Infos Droits Humains\" \/>\n<meta property=\"article:published_time\" content=\"2022-06-20T17:25:41+00:00\" \/>\n<meta property=\"article:modified_time\" content=\"2025-02-03T13:34:11+00:00\" \/>\n<meta property=\"og:image\" content=\"https:\/\/infos-droitshumains.net\/wp-content\/uploads\/2022\/06\/IMG_20220617_183550_757.jpg\" \/>\n\t<meta property=\"og:image:width\" content=\"1040\" \/>\n\t<meta property=\"og:image:height\" content=\"622\" \/>\n\t<meta property=\"og:image:type\" content=\"image\/jpeg\" \/>\n<meta name=\"author\" content=\"Jo\u00ebl Diawa\" \/>\n<meta name=\"twitter:card\" content=\"summary_large_image\" \/>\n<meta name=\"twitter:label1\" content=\"\u00c9crit par\" \/>\n\t<meta name=\"twitter:data1\" content=\"Jo\u00ebl Diawa\" \/>\n\t<meta name=\"twitter:label2\" content=\"Dur\u00e9e de lecture estim\u00e9e\" \/>\n\t<meta name=\"twitter:data2\" content=\"5 minutes\" \/>\n<script type=\"application\/ld+json\" class=\"yoast-schema-graph\">{\"@context\":\"https:\\\/\\\/schema.org\",\"@graph\":[{\"@type\":\"Article\",\"@id\":\"https:\\\/\\\/infos-droitshumains.net\\\/?p=4346#article\",\"isPartOf\":{\"@id\":\"https:\\\/\\\/infos-droitshumains.net\\\/?p=4346\"},\"author\":{\"name\":\"Jo\u00ebl Diawa\",\"@id\":\"https:\\\/\\\/infos-droitshumains.net\\\/#\\\/schema\\\/person\\\/3dc5e921c3302172e0ed4362f96faab7\"},\"headline\":\"RDC: Le Magistrat du parquet est-il habilit\u00e9 \u00e0 suspendre les travaux ?\",\"datePublished\":\"2022-06-20T17:25:41+00:00\",\"dateModified\":\"2025-02-03T13:34:11+00:00\",\"mainEntityOfPage\":{\"@id\":\"https:\\\/\\\/infos-droitshumains.net\\\/?p=4346\"},\"wordCount\":825,\"commentCount\":1,\"publisher\":{\"@id\":\"https:\\\/\\\/infos-droitshumains.net\\\/#organization\"},\"image\":{\"@id\":\"https:\\\/\\\/infos-droitshumains.net\\\/?p=4346#primaryimage\"},\"thumbnailUrl\":\"https:\\\/\\\/i0.wp.com\\\/infos-droitshumains.net\\\/wp-content\\\/uploads\\\/2022\\\/06\\\/IMG_20220617_183550_757.jpg?fit=1040%2C622&ssl=1\",\"articleSection\":[\"Justice\"],\"inLanguage\":\"fr-FR\",\"potentialAction\":[{\"@type\":\"CommentAction\",\"name\":\"Comment\",\"target\":[\"https:\\\/\\\/infos-droitshumains.net\\\/?p=4346#respond\"]}]},{\"@type\":\"WebPage\",\"@id\":\"https:\\\/\\\/infos-droitshumains.net\\\/?p=4346\",\"url\":\"https:\\\/\\\/infos-droitshumains.net\\\/?p=4346\",\"name\":\"RDC: Le Magistrat du parquet est-il habilit\u00e9 \u00e0 suspendre les travaux ? - Infos Droits Humains\",\"isPartOf\":{\"@id\":\"https:\\\/\\\/infos-droitshumains.net\\\/#website\"},\"primaryImageOfPage\":{\"@id\":\"https:\\\/\\\/infos-droitshumains.net\\\/?p=4346#primaryimage\"},\"image\":{\"@id\":\"https:\\\/\\\/infos-droitshumains.net\\\/?p=4346#primaryimage\"},\"thumbnailUrl\":\"https:\\\/\\\/i0.wp.com\\\/infos-droitshumains.net\\\/wp-content\\\/uploads\\\/2022\\\/06\\\/IMG_20220617_183550_757.jpg?fit=1040%2C622&ssl=1\",\"datePublished\":\"2022-06-20T17:25:41+00:00\",\"dateModified\":\"2025-02-03T13:34:11+00:00\",\"breadcrumb\":{\"@id\":\"https:\\\/\\\/infos-droitshumains.net\\\/?p=4346#breadcrumb\"},\"inLanguage\":\"fr-FR\",\"potentialAction\":[{\"@type\":\"ReadAction\",\"target\":[\"https:\\\/\\\/infos-droitshumains.net\\\/?p=4346\"]}]},{\"@type\":\"ImageObject\",\"inLanguage\":\"fr-FR\",\"@id\":\"https:\\\/\\\/infos-droitshumains.net\\\/?p=4346#primaryimage\",\"url\":\"https:\\\/\\\/i0.wp.com\\\/infos-droitshumains.net\\\/wp-content\\\/uploads\\\/2022\\\/06\\\/IMG_20220617_183550_757.jpg?fit=1040%2C622&ssl=1\",\"contentUrl\":\"https:\\\/\\\/i0.wp.com\\\/infos-droitshumains.net\\\/wp-content\\\/uploads\\\/2022\\\/06\\\/IMG_20220617_183550_757.jpg?fit=1040%2C622&ssl=1\",\"width\":1040,\"height\":622},{\"@type\":\"BreadcrumbList\",\"@id\":\"https:\\\/\\\/infos-droitshumains.net\\\/?p=4346#breadcrumb\",\"itemListElement\":[{\"@type\":\"ListItem\",\"position\":1,\"name\":\"Accueil\",\"item\":\"https:\\\/\\\/infos-droitshumains.net\\\/\"},{\"@type\":\"ListItem\",\"position\":2,\"name\":\"RDC: Le Magistrat du parquet est-il habilit\u00e9 \u00e0 suspendre les travaux ?\"}]},{\"@type\":\"WebSite\",\"@id\":\"https:\\\/\\\/infos-droitshumains.net\\\/#website\",\"url\":\"https:\\\/\\\/infos-droitshumains.net\\\/\",\"name\":\"Infos Droits Humains\",\"description\":\"S&#039;informer est un droit\",\"publisher\":{\"@id\":\"https:\\\/\\\/infos-droitshumains.net\\\/#organization\"},\"potentialAction\":[{\"@type\":\"SearchAction\",\"target\":{\"@type\":\"EntryPoint\",\"urlTemplate\":\"https:\\\/\\\/infos-droitshumains.net\\\/?s={search_term_string}\"},\"query-input\":{\"@type\":\"PropertyValueSpecification\",\"valueRequired\":true,\"valueName\":\"search_term_string\"}}],\"inLanguage\":\"fr-FR\"},{\"@type\":\"Organization\",\"@id\":\"https:\\\/\\\/infos-droitshumains.net\\\/#organization\",\"name\":\"Infos Droits Humains\",\"url\":\"https:\\\/\\\/infos-droitshumains.net\\\/\",\"logo\":{\"@type\":\"ImageObject\",\"inLanguage\":\"fr-FR\",\"@id\":\"https:\\\/\\\/infos-droitshumains.net\\\/#\\\/schema\\\/logo\\\/image\\\/\",\"url\":\"https:\\\/\\\/i0.wp.com\\\/infos-droitshumains.net\\\/wp-content\\\/uploads\\\/2022\\\/05\\\/Logo.png?fit=333%2C129&ssl=1\",\"contentUrl\":\"https:\\\/\\\/i0.wp.com\\\/infos-droitshumains.net\\\/wp-content\\\/uploads\\\/2022\\\/05\\\/Logo.png?fit=333%2C129&ssl=1\",\"width\":333,\"height\":129,\"caption\":\"Infos Droits Humains\"},\"image\":{\"@id\":\"https:\\\/\\\/infos-droitshumains.net\\\/#\\\/schema\\\/logo\\\/image\\\/\"}},{\"@type\":\"Person\",\"@id\":\"https:\\\/\\\/infos-droitshumains.net\\\/#\\\/schema\\\/person\\\/3dc5e921c3302172e0ed4362f96faab7\",\"name\":\"Jo\u00ebl Diawa\",\"image\":{\"@type\":\"ImageObject\",\"inLanguage\":\"fr-FR\",\"@id\":\"https:\\\/\\\/secure.gravatar.com\\\/avatar\\\/729bea6ff4604c624417803c477363be8e3c7186deaa65713313f9b4b820f41c?s=96&d=mm&r=g\",\"url\":\"https:\\\/\\\/secure.gravatar.com\\\/avatar\\\/729bea6ff4604c624417803c477363be8e3c7186deaa65713313f9b4b820f41c?s=96&d=mm&r=g\",\"contentUrl\":\"https:\\\/\\\/secure.gravatar.com\\\/avatar\\\/729bea6ff4604c624417803c477363be8e3c7186deaa65713313f9b4b820f41c?s=96&d=mm&r=g\",\"caption\":\"Jo\u00ebl Diawa\"},\"sameAs\":[\"https:\\\/\\\/www.infos-droitshumains.net\"],\"url\":\"https:\\\/\\\/infos-droitshumains.net\\\/?author=2\"}]}<\/script>\n<!-- \/ Yoast SEO plugin. -->","yoast_head_json":{"title":"RDC: Le Magistrat du parquet est-il habilit\u00e9 \u00e0 suspendre les travaux ? - Infos Droits Humains","robots":{"index":"index","follow":"follow","max-snippet":"max-snippet:-1","max-image-preview":"max-image-preview:large","max-video-preview":"max-video-preview:-1"},"canonical":"https:\/\/infos-droitshumains.net\/?p=4346","og_locale":"fr_FR","og_type":"article","og_title":"RDC: Le Magistrat du parquet est-il habilit\u00e9 \u00e0 suspendre les travaux ? - Infos Droits Humains","og_description":"R\u00e9daction :+243817406088 A Kinshasa, actuellement on ne peut pas passer deux avenues sans apercevoir sur...","og_url":"https:\/\/infos-droitshumains.net\/?p=4346","og_site_name":"Infos Droits Humains","article_published_time":"2022-06-20T17:25:41+00:00","article_modified_time":"2025-02-03T13:34:11+00:00","og_image":[{"width":1040,"height":622,"url":"https:\/\/infos-droitshumains.net\/wp-content\/uploads\/2022\/06\/IMG_20220617_183550_757.jpg","type":"image\/jpeg"}],"author":"Jo\u00ebl Diawa","twitter_card":"summary_large_image","twitter_misc":{"\u00c9crit par":"Jo\u00ebl Diawa","Dur\u00e9e de lecture estim\u00e9e":"5 minutes"},"schema":{"@context":"https:\/\/schema.org","@graph":[{"@type":"Article","@id":"https:\/\/infos-droitshumains.net\/?p=4346#article","isPartOf":{"@id":"https:\/\/infos-droitshumains.net\/?p=4346"},"author":{"name":"Jo\u00ebl Diawa","@id":"https:\/\/infos-droitshumains.net\/#\/schema\/person\/3dc5e921c3302172e0ed4362f96faab7"},"headline":"RDC: Le Magistrat du parquet est-il habilit\u00e9 \u00e0 suspendre les travaux ?","datePublished":"2022-06-20T17:25:41+00:00","dateModified":"2025-02-03T13:34:11+00:00","mainEntityOfPage":{"@id":"https:\/\/infos-droitshumains.net\/?p=4346"},"wordCount":825,"commentCount":1,"publisher":{"@id":"https:\/\/infos-droitshumains.net\/#organization"},"image":{"@id":"https:\/\/infos-droitshumains.net\/?p=4346#primaryimage"},"thumbnailUrl":"https:\/\/i0.wp.com\/infos-droitshumains.net\/wp-content\/uploads\/2022\/06\/IMG_20220617_183550_757.jpg?fit=1040%2C622&ssl=1","articleSection":["Justice"],"inLanguage":"fr-FR","potentialAction":[{"@type":"CommentAction","name":"Comment","target":["https:\/\/infos-droitshumains.net\/?p=4346#respond"]}]},{"@type":"WebPage","@id":"https:\/\/infos-droitshumains.net\/?p=4346","url":"https:\/\/infos-droitshumains.net\/?p=4346","name":"RDC: Le Magistrat du parquet est-il habilit\u00e9 \u00e0 suspendre les travaux ? - Infos Droits Humains","isPartOf":{"@id":"https:\/\/infos-droitshumains.net\/#website"},"primaryImageOfPage":{"@id":"https:\/\/infos-droitshumains.net\/?p=4346#primaryimage"},"image":{"@id":"https:\/\/infos-droitshumains.net\/?p=4346#primaryimage"},"thumbnailUrl":"https:\/\/i0.wp.com\/infos-droitshumains.net\/wp-content\/uploads\/2022\/06\/IMG_20220617_183550_757.jpg?fit=1040%2C622&ssl=1","datePublished":"2022-06-20T17:25:41+00:00","dateModified":"2025-02-03T13:34:11+00:00","breadcrumb":{"@id":"https:\/\/infos-droitshumains.net\/?p=4346#breadcrumb"},"inLanguage":"fr-FR","potentialAction":[{"@type":"ReadAction","target":["https:\/\/infos-droitshumains.net\/?p=4346"]}]},{"@type":"ImageObject","inLanguage":"fr-FR","@id":"https:\/\/infos-droitshumains.net\/?p=4346#primaryimage","url":"https:\/\/i0.wp.com\/infos-droitshumains.net\/wp-content\/uploads\/2022\/06\/IMG_20220617_183550_757.jpg?fit=1040%2C622&ssl=1","contentUrl":"https:\/\/i0.wp.com\/infos-droitshumains.net\/wp-content\/uploads\/2022\/06\/IMG_20220617_183550_757.jpg?fit=1040%2C622&ssl=1","width":1040,"height":622},{"@type":"BreadcrumbList","@id":"https:\/\/infos-droitshumains.net\/?p=4346#breadcrumb","itemListElement":[{"@type":"ListItem","position":1,"name":"Accueil","item":"https:\/\/infos-droitshumains.net\/"},{"@type":"ListItem","position":2,"name":"RDC: Le Magistrat du parquet est-il habilit\u00e9 \u00e0 suspendre les travaux ?"}]},{"@type":"WebSite","@id":"https:\/\/infos-droitshumains.net\/#website","url":"https:\/\/infos-droitshumains.net\/","name":"Infos Droits Humains","description":"S&#039;informer est un droit","publisher":{"@id":"https:\/\/infos-droitshumains.net\/#organization"},"potentialAction":[{"@type":"SearchAction","target":{"@type":"EntryPoint","urlTemplate":"https:\/\/infos-droitshumains.net\/?s={search_term_string}"},"query-input":{"@type":"PropertyValueSpecification","valueRequired":true,"valueName":"search_term_string"}}],"inLanguage":"fr-FR"},{"@type":"Organization","@id":"https:\/\/infos-droitshumains.net\/#organization","name":"Infos Droits Humains","url":"https:\/\/infos-droitshumains.net\/","logo":{"@type":"ImageObject","inLanguage":"fr-FR","@id":"https:\/\/infos-droitshumains.net\/#\/schema\/logo\/image\/","url":"https:\/\/i0.wp.com\/infos-droitshumains.net\/wp-content\/uploads\/2022\/05\/Logo.png?fit=333%2C129&ssl=1","contentUrl":"https:\/\/i0.wp.com\/infos-droitshumains.net\/wp-content\/uploads\/2022\/05\/Logo.png?fit=333%2C129&ssl=1","width":333,"height":129,"caption":"Infos Droits Humains"},"image":{"@id":"https:\/\/infos-droitshumains.net\/#\/schema\/logo\/image\/"}},{"@type":"Person","@id":"https:\/\/infos-droitshumains.net\/#\/schema\/person\/3dc5e921c3302172e0ed4362f96faab7","name":"Jo\u00ebl Diawa","image":{"@type":"ImageObject","inLanguage":"fr-FR","@id":"https:\/\/secure.gravatar.com\/avatar\/729bea6ff4604c624417803c477363be8e3c7186deaa65713313f9b4b820f41c?s=96&d=mm&r=g","url":"https:\/\/secure.gravatar.com\/avatar\/729bea6ff4604c624417803c477363be8e3c7186deaa65713313f9b4b820f41c?s=96&d=mm&r=g","contentUrl":"https:\/\/secure.gravatar.com\/avatar\/729bea6ff4604c624417803c477363be8e3c7186deaa65713313f9b4b820f41c?s=96&d=mm&r=g","caption":"Jo\u00ebl Diawa"},"sameAs":["https:\/\/www.infos-droitshumains.net"],"url":"https:\/\/infos-droitshumains.net\/?author=2"}]}},"featured_image_urls":{"full":["https:\/\/i0.wp.com\/infos-droitshumains.net\/wp-content\/uploads\/2022\/06\/IMG_20220617_183550_757.jpg?fit=1040%2C622&ssl=1",1040,622,false],"thumbnail":["https:\/\/i0.wp.com\/infos-droitshumains.net\/wp-content\/uploads\/2022\/06\/IMG_20220617_183550_757.jpg?resize=150%2C150&ssl=1",150,150,true],"medium":["https:\/\/i0.wp.com\/infos-droitshumains.net\/wp-content\/uploads\/2022\/06\/IMG_20220617_183550_757.jpg?fit=300%2C179&ssl=1",300,179,true],"medium_large":["https:\/\/i0.wp.com\/infos-droitshumains.net\/wp-content\/uploads\/2022\/06\/IMG_20220617_183550_757.jpg?fit=640%2C383&ssl=1",640,383,true],"large":["https:\/\/i0.wp.com\/infos-droitshumains.net\/wp-content\/uploads\/2022\/06\/IMG_20220617_183550_757.jpg?fit=640%2C383&ssl=1",640,383,true],"1536x1536":["https:\/\/i0.wp.com\/infos-droitshumains.net\/wp-content\/uploads\/2022\/06\/IMG_20220617_183550_757.jpg?fit=1040%2C622&ssl=1",1040,622,true],"2048x2048":["https:\/\/i0.wp.com\/infos-droitshumains.net\/wp-content\/uploads\/2022\/06\/IMG_20220617_183550_757.jpg?fit=1040%2C622&ssl=1",1040,622,true],"covernews-slider-full":["https:\/\/i0.wp.com\/infos-droitshumains.net\/wp-content\/uploads\/2022\/06\/IMG_20220617_183550_757.jpg?resize=1040%2C622&ssl=1",1040,622,true],"covernews-slider-center":["https:\/\/i0.wp.com\/infos-droitshumains.net\/wp-content\/uploads\/2022\/06\/IMG_20220617_183550_757.jpg?resize=800%2C500&ssl=1",800,500,true],"covernews-featured":["https:\/\/i0.wp.com\/infos-droitshumains.net\/wp-content\/uploads\/2022\/06\/IMG_20220617_183550_757.jpg?fit=1024%2C612&ssl=1",1024,612,true],"covernews-medium":["https:\/\/i0.wp.com\/infos-droitshumains.net\/wp-content\/uploads\/2022\/06\/IMG_20220617_183550_757.jpg?resize=540%2C340&ssl=1",540,340,true],"covernews-medium-square":["https:\/\/i0.wp.com\/infos-droitshumains.net\/wp-content\/uploads\/2022\/06\/IMG_20220617_183550_757.jpg?resize=400%2C250&ssl=1",400,250,true]},"author_info":{"display_name":"Jo\u00ebl Diawa","author_link":"https:\/\/infos-droitshumains.net\/?author=2"},"category_info":"<a href=\"https:\/\/infos-droitshumains.net\/?cat=6\" rel=\"category\">Justice<\/a>","tag_info":"Justice","comment_count":"1","jetpack_featured_media_url":"https:\/\/i0.wp.com\/infos-droitshumains.net\/wp-content\/uploads\/2022\/06\/IMG_20220617_183550_757.jpg?fit=1040%2C622&ssl=1","jetpack-related-posts":[],"jetpack_sharing_enabled":true,"_links":{"self":[{"href":"https:\/\/infos-droitshumains.net\/index.php?rest_route=\/wp\/v2\/posts\/4346","targetHints":{"allow":["GET"]}}],"collection":[{"href":"https:\/\/infos-droitshumains.net\/index.php?rest_route=\/wp\/v2\/posts"}],"about":[{"href":"https:\/\/infos-droitshumains.net\/index.php?rest_route=\/wp\/v2\/types\/post"}],"author":[{"embeddable":true,"href":"https:\/\/infos-droitshumains.net\/index.php?rest_route=\/wp\/v2\/users\/2"}],"replies":[{"embeddable":true,"href":"https:\/\/infos-droitshumains.net\/index.php?rest_route=%2Fwp%2Fv2%2Fcomments&post=4346"}],"version-history":[{"count":15,"href":"https:\/\/infos-droitshumains.net\/index.php?rest_route=\/wp\/v2\/posts\/4346\/revisions"}],"predecessor-version":[{"id":12538,"href":"https:\/\/infos-droitshumains.net\/index.php?rest_route=\/wp\/v2\/posts\/4346\/revisions\/12538"}],"wp:featuredmedia":[{"embeddable":true,"href":"https:\/\/infos-droitshumains.net\/index.php?rest_route=\/wp\/v2\/media\/4350"}],"wp:attachment":[{"href":"https:\/\/infos-droitshumains.net\/index.php?rest_route=%2Fwp%2Fv2%2Fmedia&parent=4346"}],"wp:term":[{"taxonomy":"category","embeddable":true,"href":"https:\/\/infos-droitshumains.net\/index.php?rest_route=%2Fwp%2Fv2%2Fcategories&post=4346"},{"taxonomy":"post_tag","embeddable":true,"href":"https:\/\/infos-droitshumains.net\/index.php?rest_route=%2Fwp%2Fv2%2Ftags&post=4346"}],"curies":[{"name":"wp","href":"https:\/\/api.w.org\/{rel}","templated":true}]}}