{"id":4295,"date":"2022-06-14T14:58:49","date_gmt":"2022-06-14T12:58:49","guid":{"rendered":"https:\/\/infos-droitshumains.net\/?p=4295"},"modified":"2022-06-14T15:14:02","modified_gmt":"2022-06-14T13:14:02","slug":"rdc-le-gardien-de-la-bonne-gouvernance-projette-des-actions-de-grande-envergure-pour-dire-non-a-lacharnement-politique-contre-augustin-matata-ponyo","status":"publish","type":"post","link":"https:\/\/infos-droitshumains.net\/?p=4295","title":{"rendered":"RDC: Le gardien de la bonne gouvernance projette des actions de grande envergure pour dire non \u00e0 l&rsquo;acharnement politique contre Augustin Matata Ponyo"},"content":{"rendered":"\n<p><strong>R\u00e9daction :+243817406088<\/strong><\/p>\n\n\n\n<p>Dans une d\u00e9claration faite \u00e0 Kinshasa, le gardien de la bonne gouvernance est mont\u00e9 au cr\u00e9neau pour fustiger les man\u0153uvres politiciennes visant \u00e0 \u00e9carter Augustin Matata Ponyo Mapon de la course \u00e0 la pr\u00e9sidentielle de 2023.<\/p>\n\n\n\n<p><em>\u00abPour n&rsquo;avoir pas \u00e9t\u00e9 dans le m\u00eame registre que ceux qui ont choisi le populisme en lieu et place des actions visibles et palpables au b\u00e9n\u00e9fice de la population congolaise, Matata Ponyo devient la cible dans le viseur de ceux qui n&rsquo;ont rien \u00e0 dire pour le peuple congolais lors du rendez-vous \u00e9lectoral de 2023 \u00bb<\/em>, lit-on dans cette d\u00e9claration.<\/p>\n\n\n\n<p>Cette nouvelle dynamique des jeunes cadres du parti politique Leadership et Gouvernance pour le D\u00e9veloppement (LGD) dit constater l&rsquo;acharnement accru dont fait l&rsquo;objet le s\u00e9nateur Augustin Matata Ponyo Mapon pour s\u2019\u00eatre d\u00e9clar\u00e9 candidat pr\u00e9sident \u00e0 la prochaine \u00e9lection pr\u00e9sidentielle.<\/p>\n\n\n\n<p><em>\u00ab Tous les moyens sont et continuent a \u00eatre utilis\u00e9s pour \u00e9carter le candidat du LGD de la course \u00e9lectoral\u2026Certains se sont permis de porter atteinte \u00e0 ses droits et libert\u00e9s fondamentaux, aux privil\u00e8ges reconnus \u00e0 tout s\u00e9nateur jusqu&rsquo;aux points de m\u00e9conna\u00eetre les effets ex\u00e9cutoires de l&rsquo;arr\u00eat rendu par les juges de la cour constitutionnelle. D&rsquo;autres ont us\u00e9 de leur v\u00e9to politique afin d&rsquo;instrumentaliser la justice et d&rsquo;inventer les possibilit\u00e9s judiciaires non pr\u00e9vues dans le droit positif congolais\u00bb<\/em>, a regrett\u00e9 Manix Iyenda, pr\u00e9sident de le gardien de la bonne gouvernance et cadre du LGD.<\/p>\n\n\n\n<p>Devant une telle situation, cette structure qui milite pour la bonne gouvernance appelle \u00e0 l&rsquo;implication de la communaut\u00e9 internationale pour mettre fin \u00e0 cet acharnement dont est victime l\u2019ancien Premier-Ministre.<\/p>\n\n\n\n<p><em>\u00ab Nous mettons \u00e0 t\u00e9moin le peuple congolais et nous invitons la communaut\u00e9 internationale \u00e0 une attention particuli\u00e8re en vue d&rsquo;arr\u00eater cette h\u00e9morragie de la r\u00e9bellion constitutionnelle et de la catastrophe intentionnelle, de l&rsquo;acharnement politique et de tout complot contre le pr\u00e9sident national du LGD \u00bb<\/em>.<\/p>\n\n\n\n<p>Ici au pays, le gardien de la bonne gouvernance projette des actions pour s&rsquo;opposer au traitement injuste qu&rsquo;il qualifie de r\u00e8glement des comptes.<\/p>\n\n\n\n<p><em>\u00abNous promettons d&rsquo;organiser dans les jours qui suivent une s\u00e9rie d&rsquo;activit\u00e9s sur terrain dans le but de dire non \u00e0 l&rsquo;arbitraire et \u00e0 toutes les formes de justice fond\u00e9es sur la vengeance priv\u00e9e\u00bb<\/em>, a conclu Manix Iyenda.<\/p>\n\n\n\n<p>Le gardien de la bonne gouvernance est une plate-forme des jeunes au sein du parti politique Leadership et Gouvernance pour le D\u00e9veloppement. Cette structure soutient le leadership manag\u00e9rial du s\u00e9nateur Matata Ponyo Mapon.<\/p>\n\n\n\n<p>AM<\/p>\n","protected":false},"excerpt":{"rendered":"<p>R\u00e9daction :+243817406088 Dans une d\u00e9claration faite \u00e0 Kinshasa, le gardien de la bonne gouvernance est&#8230;<\/p>\n","protected":false},"author":2,"featured_media":4297,"comment_status":"open","ping_status":"open","sticky":false,"template":"","format":"standard","meta":{"_jetpack_memberships_contains_paid_content":false,"footnotes":""},"categories":[3],"tags":[],"class_list":["post-4295","post","type-post","status-publish","format-standard","has-post-thumbnail","hentry","category-politique"],"yoast_head":"<!-- This site is optimized with the Yoast SEO plugin v27.5 - https:\/\/yoast.com\/product\/yoast-seo-wordpress\/ -->\n<title>RDC: Le gardien de la bonne gouvernance projette des actions de grande envergure pour dire non \u00e0 l&#039;acharnement politique contre Augustin Matata Ponyo - Infos Droits Humains<\/title>\n<meta name=\"robots\" content=\"index, follow, max-snippet:-1, max-image-preview:large, max-video-preview:-1\" \/>\n<link rel=\"canonical\" href=\"https:\/\/infos-droitshumains.net\/?p=4295\" \/>\n<meta property=\"og:locale\" content=\"fr_FR\" \/>\n<meta property=\"og:type\" content=\"article\" \/>\n<meta property=\"og:title\" content=\"RDC: Le gardien de la bonne gouvernance projette des actions de grande envergure pour dire non \u00e0 l&#039;acharnement politique contre Augustin Matata Ponyo - Infos Droits Humains\" \/>\n<meta property=\"og:description\" content=\"R\u00e9daction :+243817406088 Dans une d\u00e9claration faite \u00e0 Kinshasa, le gardien de la bonne gouvernance est...\" \/>\n<meta property=\"og:url\" content=\"https:\/\/infos-droitshumains.net\/?p=4295\" \/>\n<meta property=\"og:site_name\" content=\"Infos Droits Humains\" \/>\n<meta property=\"article:published_time\" content=\"2022-06-14T12:58:49+00:00\" \/>\n<meta property=\"article:modified_time\" content=\"2022-06-14T13:14:02+00:00\" \/>\n<meta property=\"og:image\" content=\"https:\/\/i0.wp.com\/infos-droitshumains.net\/wp-content\/uploads\/2022\/06\/IMG-20220614-WA0021_1.jpg?fit=486%2C263&ssl=1\" \/>\n\t<meta property=\"og:image:width\" content=\"486\" \/>\n\t<meta property=\"og:image:height\" content=\"263\" \/>\n\t<meta property=\"og:image:type\" content=\"image\/jpeg\" \/>\n<meta name=\"author\" content=\"Jo\u00ebl Diawa\" \/>\n<meta name=\"twitter:card\" content=\"summary_large_image\" \/>\n<meta name=\"twitter:label1\" content=\"\u00c9crit par\" \/>\n\t<meta name=\"twitter:data1\" content=\"Jo\u00ebl Diawa\" \/>\n\t<meta name=\"twitter:label2\" content=\"Dur\u00e9e de lecture estim\u00e9e\" \/>\n\t<meta name=\"twitter:data2\" content=\"2 minutes\" \/>\n<script type=\"application\/ld+json\" class=\"yoast-schema-graph\">{\"@context\":\"https:\\\/\\\/schema.org\",\"@graph\":[{\"@type\":\"Article\",\"@id\":\"https:\\\/\\\/infos-droitshumains.net\\\/?p=4295#article\",\"isPartOf\":{\"@id\":\"https:\\\/\\\/infos-droitshumains.net\\\/?p=4295\"},\"author\":{\"name\":\"Jo\u00ebl Diawa\",\"@id\":\"https:\\\/\\\/infos-droitshumains.net\\\/#\\\/schema\\\/person\\\/3dc5e921c3302172e0ed4362f96faab7\"},\"headline\":\"RDC: Le gardien de la bonne gouvernance projette des actions de grande envergure pour dire non \u00e0 l&rsquo;acharnement politique contre Augustin Matata Ponyo\",\"datePublished\":\"2022-06-14T12:58:49+00:00\",\"dateModified\":\"2022-06-14T13:14:02+00:00\",\"mainEntityOfPage\":{\"@id\":\"https:\\\/\\\/infos-droitshumains.net\\\/?p=4295\"},\"wordCount\":446,\"commentCount\":0,\"publisher\":{\"@id\":\"https:\\\/\\\/infos-droitshumains.net\\\/#organization\"},\"image\":{\"@id\":\"https:\\\/\\\/infos-droitshumains.net\\\/?p=4295#primaryimage\"},\"thumbnailUrl\":\"https:\\\/\\\/i0.wp.com\\\/infos-droitshumains.net\\\/wp-content\\\/uploads\\\/2022\\\/06\\\/IMG-20220614-WA0021_1.jpg?fit=486%2C263&ssl=1\",\"articleSection\":[\"Politique\"],\"inLanguage\":\"fr-FR\",\"potentialAction\":[{\"@type\":\"CommentAction\",\"name\":\"Comment\",\"target\":[\"https:\\\/\\\/infos-droitshumains.net\\\/?p=4295#respond\"]}]},{\"@type\":\"WebPage\",\"@id\":\"https:\\\/\\\/infos-droitshumains.net\\\/?p=4295\",\"url\":\"https:\\\/\\\/infos-droitshumains.net\\\/?p=4295\",\"name\":\"RDC: Le gardien de la bonne gouvernance projette des actions de grande envergure pour dire non \u00e0 l'acharnement politique contre Augustin Matata Ponyo - Infos Droits Humains\",\"isPartOf\":{\"@id\":\"https:\\\/\\\/infos-droitshumains.net\\\/#website\"},\"primaryImageOfPage\":{\"@id\":\"https:\\\/\\\/infos-droitshumains.net\\\/?p=4295#primaryimage\"},\"image\":{\"@id\":\"https:\\\/\\\/infos-droitshumains.net\\\/?p=4295#primaryimage\"},\"thumbnailUrl\":\"https:\\\/\\\/i0.wp.com\\\/infos-droitshumains.net\\\/wp-content\\\/uploads\\\/2022\\\/06\\\/IMG-20220614-WA0021_1.jpg?fit=486%2C263&ssl=1\",\"datePublished\":\"2022-06-14T12:58:49+00:00\",\"dateModified\":\"2022-06-14T13:14:02+00:00\",\"breadcrumb\":{\"@id\":\"https:\\\/\\\/infos-droitshumains.net\\\/?p=4295#breadcrumb\"},\"inLanguage\":\"fr-FR\",\"potentialAction\":[{\"@type\":\"ReadAction\",\"target\":[\"https:\\\/\\\/infos-droitshumains.net\\\/?p=4295\"]}]},{\"@type\":\"ImageObject\",\"inLanguage\":\"fr-FR\",\"@id\":\"https:\\\/\\\/infos-droitshumains.net\\\/?p=4295#primaryimage\",\"url\":\"https:\\\/\\\/i0.wp.com\\\/infos-droitshumains.net\\\/wp-content\\\/uploads\\\/2022\\\/06\\\/IMG-20220614-WA0021_1.jpg?fit=486%2C263&ssl=1\",\"contentUrl\":\"https:\\\/\\\/i0.wp.com\\\/infos-droitshumains.net\\\/wp-content\\\/uploads\\\/2022\\\/06\\\/IMG-20220614-WA0021_1.jpg?fit=486%2C263&ssl=1\",\"width\":486,\"height\":263},{\"@type\":\"BreadcrumbList\",\"@id\":\"https:\\\/\\\/infos-droitshumains.net\\\/?p=4295#breadcrumb\",\"itemListElement\":[{\"@type\":\"ListItem\",\"position\":1,\"name\":\"Accueil\",\"item\":\"https:\\\/\\\/infos-droitshumains.net\\\/\"},{\"@type\":\"ListItem\",\"position\":2,\"name\":\"RDC: Le gardien de la bonne gouvernance projette des actions de grande envergure pour dire non \u00e0 l&rsquo;acharnement politique contre Augustin Matata Ponyo\"}]},{\"@type\":\"WebSite\",\"@id\":\"https:\\\/\\\/infos-droitshumains.net\\\/#website\",\"url\":\"https:\\\/\\\/infos-droitshumains.net\\\/\",\"name\":\"Infos Droits Humains\",\"description\":\"S&#039;informer est un droit\",\"publisher\":{\"@id\":\"https:\\\/\\\/infos-droitshumains.net\\\/#organization\"},\"potentialAction\":[{\"@type\":\"SearchAction\",\"target\":{\"@type\":\"EntryPoint\",\"urlTemplate\":\"https:\\\/\\\/infos-droitshumains.net\\\/?s={search_term_string}\"},\"query-input\":{\"@type\":\"PropertyValueSpecification\",\"valueRequired\":true,\"valueName\":\"search_term_string\"}}],\"inLanguage\":\"fr-FR\"},{\"@type\":\"Organization\",\"@id\":\"https:\\\/\\\/infos-droitshumains.net\\\/#organization\",\"name\":\"Infos Droits Humains\",\"url\":\"https:\\\/\\\/infos-droitshumains.net\\\/\",\"logo\":{\"@type\":\"ImageObject\",\"inLanguage\":\"fr-FR\",\"@id\":\"https:\\\/\\\/infos-droitshumains.net\\\/#\\\/schema\\\/logo\\\/image\\\/\",\"url\":\"https:\\\/\\\/i0.wp.com\\\/infos-droitshumains.net\\\/wp-content\\\/uploads\\\/2022\\\/05\\\/Logo.png?fit=333%2C129&ssl=1\",\"contentUrl\":\"https:\\\/\\\/i0.wp.com\\\/infos-droitshumains.net\\\/wp-content\\\/uploads\\\/2022\\\/05\\\/Logo.png?fit=333%2C129&ssl=1\",\"width\":333,\"height\":129,\"caption\":\"Infos Droits Humains\"},\"image\":{\"@id\":\"https:\\\/\\\/infos-droitshumains.net\\\/#\\\/schema\\\/logo\\\/image\\\/\"}},{\"@type\":\"Person\",\"@id\":\"https:\\\/\\\/infos-droitshumains.net\\\/#\\\/schema\\\/person\\\/3dc5e921c3302172e0ed4362f96faab7\",\"name\":\"Jo\u00ebl Diawa\",\"image\":{\"@type\":\"ImageObject\",\"inLanguage\":\"fr-FR\",\"@id\":\"https:\\\/\\\/secure.gravatar.com\\\/avatar\\\/729bea6ff4604c624417803c477363be8e3c7186deaa65713313f9b4b820f41c?s=96&d=mm&r=g\",\"url\":\"https:\\\/\\\/secure.gravatar.com\\\/avatar\\\/729bea6ff4604c624417803c477363be8e3c7186deaa65713313f9b4b820f41c?s=96&d=mm&r=g\",\"contentUrl\":\"https:\\\/\\\/secure.gravatar.com\\\/avatar\\\/729bea6ff4604c624417803c477363be8e3c7186deaa65713313f9b4b820f41c?s=96&d=mm&r=g\",\"caption\":\"Jo\u00ebl Diawa\"},\"sameAs\":[\"https:\\\/\\\/www.infos-droitshumains.net\"],\"url\":\"https:\\\/\\\/infos-droitshumains.net\\\/?author=2\"}]}<\/script>\n<!-- \/ Yoast SEO plugin. -->","yoast_head_json":{"title":"RDC: Le gardien de la bonne gouvernance projette des actions de grande envergure pour dire non \u00e0 l'acharnement politique contre Augustin Matata Ponyo - Infos Droits Humains","robots":{"index":"index","follow":"follow","max-snippet":"max-snippet:-1","max-image-preview":"max-image-preview:large","max-video-preview":"max-video-preview:-1"},"canonical":"https:\/\/infos-droitshumains.net\/?p=4295","og_locale":"fr_FR","og_type":"article","og_title":"RDC: Le gardien de la bonne gouvernance projette des actions de grande envergure pour dire non \u00e0 l'acharnement politique contre Augustin Matata Ponyo - Infos Droits Humains","og_description":"R\u00e9daction :+243817406088 Dans une d\u00e9claration faite \u00e0 Kinshasa, le gardien de la bonne gouvernance est...","og_url":"https:\/\/infos-droitshumains.net\/?p=4295","og_site_name":"Infos Droits Humains","article_published_time":"2022-06-14T12:58:49+00:00","article_modified_time":"2022-06-14T13:14:02+00:00","og_image":[{"width":486,"height":263,"url":"https:\/\/i0.wp.com\/infos-droitshumains.net\/wp-content\/uploads\/2022\/06\/IMG-20220614-WA0021_1.jpg?fit=486%2C263&ssl=1","type":"image\/jpeg"}],"author":"Jo\u00ebl Diawa","twitter_card":"summary_large_image","twitter_misc":{"\u00c9crit par":"Jo\u00ebl Diawa","Dur\u00e9e de lecture estim\u00e9e":"2 minutes"},"schema":{"@context":"https:\/\/schema.org","@graph":[{"@type":"Article","@id":"https:\/\/infos-droitshumains.net\/?p=4295#article","isPartOf":{"@id":"https:\/\/infos-droitshumains.net\/?p=4295"},"author":{"name":"Jo\u00ebl Diawa","@id":"https:\/\/infos-droitshumains.net\/#\/schema\/person\/3dc5e921c3302172e0ed4362f96faab7"},"headline":"RDC: Le gardien de la bonne gouvernance projette des actions de grande envergure pour dire non \u00e0 l&rsquo;acharnement politique contre Augustin Matata Ponyo","datePublished":"2022-06-14T12:58:49+00:00","dateModified":"2022-06-14T13:14:02+00:00","mainEntityOfPage":{"@id":"https:\/\/infos-droitshumains.net\/?p=4295"},"wordCount":446,"commentCount":0,"publisher":{"@id":"https:\/\/infos-droitshumains.net\/#organization"},"image":{"@id":"https:\/\/infos-droitshumains.net\/?p=4295#primaryimage"},"thumbnailUrl":"https:\/\/i0.wp.com\/infos-droitshumains.net\/wp-content\/uploads\/2022\/06\/IMG-20220614-WA0021_1.jpg?fit=486%2C263&ssl=1","articleSection":["Politique"],"inLanguage":"fr-FR","potentialAction":[{"@type":"CommentAction","name":"Comment","target":["https:\/\/infos-droitshumains.net\/?p=4295#respond"]}]},{"@type":"WebPage","@id":"https:\/\/infos-droitshumains.net\/?p=4295","url":"https:\/\/infos-droitshumains.net\/?p=4295","name":"RDC: Le gardien de la bonne gouvernance projette des actions de grande envergure pour dire non \u00e0 l'acharnement politique contre Augustin Matata Ponyo - Infos Droits Humains","isPartOf":{"@id":"https:\/\/infos-droitshumains.net\/#website"},"primaryImageOfPage":{"@id":"https:\/\/infos-droitshumains.net\/?p=4295#primaryimage"},"image":{"@id":"https:\/\/infos-droitshumains.net\/?p=4295#primaryimage"},"thumbnailUrl":"https:\/\/i0.wp.com\/infos-droitshumains.net\/wp-content\/uploads\/2022\/06\/IMG-20220614-WA0021_1.jpg?fit=486%2C263&ssl=1","datePublished":"2022-06-14T12:58:49+00:00","dateModified":"2022-06-14T13:14:02+00:00","breadcrumb":{"@id":"https:\/\/infos-droitshumains.net\/?p=4295#breadcrumb"},"inLanguage":"fr-FR","potentialAction":[{"@type":"ReadAction","target":["https:\/\/infos-droitshumains.net\/?p=4295"]}]},{"@type":"ImageObject","inLanguage":"fr-FR","@id":"https:\/\/infos-droitshumains.net\/?p=4295#primaryimage","url":"https:\/\/i0.wp.com\/infos-droitshumains.net\/wp-content\/uploads\/2022\/06\/IMG-20220614-WA0021_1.jpg?fit=486%2C263&ssl=1","contentUrl":"https:\/\/i0.wp.com\/infos-droitshumains.net\/wp-content\/uploads\/2022\/06\/IMG-20220614-WA0021_1.jpg?fit=486%2C263&ssl=1","width":486,"height":263},{"@type":"BreadcrumbList","@id":"https:\/\/infos-droitshumains.net\/?p=4295#breadcrumb","itemListElement":[{"@type":"ListItem","position":1,"name":"Accueil","item":"https:\/\/infos-droitshumains.net\/"},{"@type":"ListItem","position":2,"name":"RDC: Le gardien de la bonne gouvernance projette des actions de grande envergure pour dire non \u00e0 l&rsquo;acharnement politique contre Augustin Matata Ponyo"}]},{"@type":"WebSite","@id":"https:\/\/infos-droitshumains.net\/#website","url":"https:\/\/infos-droitshumains.net\/","name":"Infos Droits Humains","description":"S&#039;informer est un droit","publisher":{"@id":"https:\/\/infos-droitshumains.net\/#organization"},"potentialAction":[{"@type":"SearchAction","target":{"@type":"EntryPoint","urlTemplate":"https:\/\/infos-droitshumains.net\/?s={search_term_string}"},"query-input":{"@type":"PropertyValueSpecification","valueRequired":true,"valueName":"search_term_string"}}],"inLanguage":"fr-FR"},{"@type":"Organization","@id":"https:\/\/infos-droitshumains.net\/#organization","name":"Infos Droits Humains","url":"https:\/\/infos-droitshumains.net\/","logo":{"@type":"ImageObject","inLanguage":"fr-FR","@id":"https:\/\/infos-droitshumains.net\/#\/schema\/logo\/image\/","url":"https:\/\/i0.wp.com\/infos-droitshumains.net\/wp-content\/uploads\/2022\/05\/Logo.png?fit=333%2C129&ssl=1","contentUrl":"https:\/\/i0.wp.com\/infos-droitshumains.net\/wp-content\/uploads\/2022\/05\/Logo.png?fit=333%2C129&ssl=1","width":333,"height":129,"caption":"Infos Droits Humains"},"image":{"@id":"https:\/\/infos-droitshumains.net\/#\/schema\/logo\/image\/"}},{"@type":"Person","@id":"https:\/\/infos-droitshumains.net\/#\/schema\/person\/3dc5e921c3302172e0ed4362f96faab7","name":"Jo\u00ebl Diawa","image":{"@type":"ImageObject","inLanguage":"fr-FR","@id":"https:\/\/secure.gravatar.com\/avatar\/729bea6ff4604c624417803c477363be8e3c7186deaa65713313f9b4b820f41c?s=96&d=mm&r=g","url":"https:\/\/secure.gravatar.com\/avatar\/729bea6ff4604c624417803c477363be8e3c7186deaa65713313f9b4b820f41c?s=96&d=mm&r=g","contentUrl":"https:\/\/secure.gravatar.com\/avatar\/729bea6ff4604c624417803c477363be8e3c7186deaa65713313f9b4b820f41c?s=96&d=mm&r=g","caption":"Jo\u00ebl Diawa"},"sameAs":["https:\/\/www.infos-droitshumains.net"],"url":"https:\/\/infos-droitshumains.net\/?author=2"}]}},"featured_image_urls":{"full":["https:\/\/i0.wp.com\/infos-droitshumains.net\/wp-content\/uploads\/2022\/06\/IMG-20220614-WA0021_1.jpg?fit=486%2C263&ssl=1",486,263,false],"thumbnail":["https:\/\/i0.wp.com\/infos-droitshumains.net\/wp-content\/uploads\/2022\/06\/IMG-20220614-WA0021_1.jpg?resize=150%2C150&ssl=1",150,150,true],"medium":["https:\/\/i0.wp.com\/infos-droitshumains.net\/wp-content\/uploads\/2022\/06\/IMG-20220614-WA0021_1.jpg?fit=300%2C162&ssl=1",300,162,true],"medium_large":["https:\/\/i0.wp.com\/infos-droitshumains.net\/wp-content\/uploads\/2022\/06\/IMG-20220614-WA0021_1.jpg?fit=486%2C263&ssl=1",486,263,true],"large":["https:\/\/i0.wp.com\/infos-droitshumains.net\/wp-content\/uploads\/2022\/06\/IMG-20220614-WA0021_1.jpg?fit=486%2C263&ssl=1",486,263,true],"1536x1536":["https:\/\/i0.wp.com\/infos-droitshumains.net\/wp-content\/uploads\/2022\/06\/IMG-20220614-WA0021_1.jpg?fit=486%2C263&ssl=1",486,263,true],"2048x2048":["https:\/\/i0.wp.com\/infos-droitshumains.net\/wp-content\/uploads\/2022\/06\/IMG-20220614-WA0021_1.jpg?fit=486%2C263&ssl=1",486,263,true],"covernews-slider-full":["https:\/\/i0.wp.com\/infos-droitshumains.net\/wp-content\/uploads\/2022\/06\/IMG-20220614-WA0021_1.jpg?resize=486%2C263&ssl=1",486,263,true],"covernews-slider-center":["https:\/\/i0.wp.com\/infos-droitshumains.net\/wp-content\/uploads\/2022\/06\/IMG-20220614-WA0021_1.jpg?resize=486%2C263&ssl=1",486,263,true],"covernews-featured":["https:\/\/i0.wp.com\/infos-droitshumains.net\/wp-content\/uploads\/2022\/06\/IMG-20220614-WA0021_1.jpg?fit=486%2C263&ssl=1",486,263,true],"covernews-medium":["https:\/\/i0.wp.com\/infos-droitshumains.net\/wp-content\/uploads\/2022\/06\/IMG-20220614-WA0021_1.jpg?resize=486%2C263&ssl=1",486,263,true],"covernews-medium-square":["https:\/\/i0.wp.com\/infos-droitshumains.net\/wp-content\/uploads\/2022\/06\/IMG-20220614-WA0021_1.jpg?resize=400%2C250&ssl=1",400,250,true]},"author_info":{"display_name":"Jo\u00ebl Diawa","author_link":"https:\/\/infos-droitshumains.net\/?author=2"},"category_info":"<a href=\"https:\/\/infos-droitshumains.net\/?cat=3\" rel=\"category\">Politique<\/a>","tag_info":"Politique","comment_count":"0","jetpack_featured_media_url":"https:\/\/i0.wp.com\/infos-droitshumains.net\/wp-content\/uploads\/2022\/06\/IMG-20220614-WA0021_1.jpg?fit=486%2C263&ssl=1","jetpack-related-posts":[],"jetpack_sharing_enabled":true,"_links":{"self":[{"href":"https:\/\/infos-droitshumains.net\/index.php?rest_route=\/wp\/v2\/posts\/4295","targetHints":{"allow":["GET"]}}],"collection":[{"href":"https:\/\/infos-droitshumains.net\/index.php?rest_route=\/wp\/v2\/posts"}],"about":[{"href":"https:\/\/infos-droitshumains.net\/index.php?rest_route=\/wp\/v2\/types\/post"}],"author":[{"embeddable":true,"href":"https:\/\/infos-droitshumains.net\/index.php?rest_route=\/wp\/v2\/users\/2"}],"replies":[{"embeddable":true,"href":"https:\/\/infos-droitshumains.net\/index.php?rest_route=%2Fwp%2Fv2%2Fcomments&post=4295"}],"version-history":[{"count":3,"href":"https:\/\/infos-droitshumains.net\/index.php?rest_route=\/wp\/v2\/posts\/4295\/revisions"}],"predecessor-version":[{"id":4300,"href":"https:\/\/infos-droitshumains.net\/index.php?rest_route=\/wp\/v2\/posts\/4295\/revisions\/4300"}],"wp:featuredmedia":[{"embeddable":true,"href":"https:\/\/infos-droitshumains.net\/index.php?rest_route=\/wp\/v2\/media\/4297"}],"wp:attachment":[{"href":"https:\/\/infos-droitshumains.net\/index.php?rest_route=%2Fwp%2Fv2%2Fmedia&parent=4295"}],"wp:term":[{"taxonomy":"category","embeddable":true,"href":"https:\/\/infos-droitshumains.net\/index.php?rest_route=%2Fwp%2Fv2%2Fcategories&post=4295"},{"taxonomy":"post_tag","embeddable":true,"href":"https:\/\/infos-droitshumains.net\/index.php?rest_route=%2Fwp%2Fv2%2Ftags&post=4295"}],"curies":[{"name":"wp","href":"https:\/\/api.w.org\/{rel}","templated":true}]}}